{"id":31002,"date":"2012-06-08T09:36:32","date_gmt":"2012-06-08T14:36:32","guid":{"rendered":"https:\/\/latamjournalismreview.org\/?p=31002"},"modified":"2021-09-10T09:37:35","modified_gmt":"2021-09-10T14:37:35","slug":"en-brasil-periodista-condenado-por-danos-morales-despues-de-denunciar-la-apropiacion-ilegal-de-tierras-recibe-premio-a-su-labor","status":"publish","type":"post","link":"https:\/\/latamjournalismreview.org\/es\/articles\/en-brasil-periodista-condenado-por-danos-morales-despues-de-denunciar-la-apropiacion-ilegal-de-tierras-recibe-premio-a-su-labor\/","title":{"rendered":"En Brasil, periodista condenado por da\u00f1os morales despu\u00e9s de denunciar la apropiaci\u00f3n ilegal de tierras recibe premio a su labor"},"content":{"rendered":"<p>El mismo trabajo que llev\u00f3 al periodista\u00a0<a href=\"https:\/\/knightcenter.utexas.edu\/es\/blog\/00-9055-tribunal-superior-de-justicia-de-brasil-rechaza-apelacion-de-periodista-que-denuncio-ap\" target=\"_blank\" rel=\"noopener\">L\u00facio Fl\u00e1vio Pinto a ser condenado por la Justicia del estado de Par\u00e1<\/a>, lo consagr\u00f3\u00a0<a href=\"http:\/\/ambienteja.info\/ver_cliente.asp?id=176257\" target=\"_blank\" rel=\"noopener\">ganador de la 34\u00aa edici\u00f3n del Premio Vladimir Herzog de \u200b\u200bAmnist\u00eda y Derechos Humanos<\/a>, inform\u00f3 el sitio web Ambiente J\u00e1. Su\u00a0<a href=\"https:\/\/knightcenter.utexas.edu\/es\/blog\/reporteros-medioambientales-enfrentan-censura-y-amenazas-en-america-latina\" target=\"_blank\" rel=\"noopener\">labor period\u00edstica en la Amazon\u00eda le ha dejado m\u00e1s de 33 procesos judiciales<\/a>, al igual que varios galardones, entre ellos cuatro premios\u00a0<a href=\"http:\/\/www.premioesso.com.br\/site\/historia\/index.aspx\" target=\"_blank\" rel=\"noopener\">Esso<\/a>, el m\u00e1s importante de periodismo en Brasil.<\/p>\n<p>Este nuevo galard\u00f3n, que ser\u00e1 entregado el 23 de octubre en S\u00e3o Paulo, es otorgado por el\u00a0<a href=\"http:\/\/www.sjsp.org.br\/\" target=\"_blank\" rel=\"noopener\">Sindicato de Periodistas Profesionales de S\u00e3o Paulo<\/a>\u00a0desde 1979 a profesionales de los medios que se destaquen por la\u00a0<a href=\"http:\/\/www.premiovladimirherzog.org.br\/o-premio.asp\" target=\"_blank\" rel=\"noopener\">defensa de la ciudadan\u00eda y de los derechos humanos y sociales<\/a>.<\/p>\n<p>Pinto, editor del peri\u00f3dico\u00a0<a href=\"http:\/\/www.lucioflaviopinto.com.br\/\" target=\"_blank\" rel=\"noopener\">Jornal Pessoal<\/a>\u00a0desde hace 25 a\u00f1os, es uno de los\u00a0<a href=\"https:\/\/knightcenter.utexas.edu\/es\/blog\/periodista-es-amenazado-por-empresario-luego-de-denunciar-esquema-de-fraude-en-para-brasil\" target=\"_blank\" rel=\"noopener\">reporteros m\u00e1s perseguidos y amenazados en la regi\u00f3n Amaz\u00f3nica<\/a>\u00a0debido a sus denuncias. El pasado mi\u00e9rcoles 6 de junio, el periodista inform\u00f3 que pagar\u00e1 por adelantado una\u00a0<a href=\"http:\/\/www1.folha.uol.com.br\/poder\/1100895-jornalista-condenado-por-danos-morais-no-pa-arrecada-doacoes.shtml\" target=\"_blank\" rel=\"noopener\">indemnizaci\u00f3n por da\u00f1os morales impuesta en su contra debido a uno de sus art\u00edculos publicados<\/a>, seg\u00fan el diario Folha de S. Paulo. El monto de la indemnizaci\u00f3n es de aproximadamente $13.000 d\u00f3lares, los cuales ser\u00e1n pagados con\u00a0<a href=\"http:\/\/noticias.r7.com\/blogs\/ricardo-kotscho\/2012\/02\/14\/jornalista-ameacado-somos-todos-lucio-flavio\/\" target=\"_blank\" rel=\"noopener\">los recursos recaudados a trav\u00e9s de donaciones de amigos y lectores<\/a>.<\/p>\n<p>En febrero de este a\u00f1o, despu\u00e9s de un rev\u00e9s judicial en primera instancia y su confirmaci\u00f3n en el Tribunal Superior de Justicia,\u00a0<a href=\"https:\/\/knightcenter.utexas.edu\/es\/blog\/00-9135-periodista-que-denuncio-apropiacion-ilegal-de-tierras-en-brasil-no-apelara-sancion-y-de\" target=\"_blank\" rel=\"noopener\">Pinto decidi\u00f3 no apelar la sentencia judicial por la que fue condenado despu\u00e9s<\/a>\u00a0denunciar la apropiaci\u00f3n ilegal de tierras en Par\u00e1 por parte del empresario Cec\u00edlio do Rego Monteiro, propietario de una de las empresas m\u00e1s grandes del pa\u00eds. La Polic\u00eda Federal confirm\u00f3 la apropiaci\u00f3n ilegal, pero el empresario no fue detenido porque el delito ya hab\u00eda prescrito.<\/p>\n<p><em>Nota del editor: Esta historia fue publicada originalmente en el blog Periodismo en las Am\u00e9ricas del Centro Knight, el predecesor de LatAm Journalism Review.<\/em><\/p>\n","protected":false},"excerpt":{"rendered":"<p>El mismo trabajo que llev\u00f3 al periodista\u00a0L\u00facio Fl\u00e1vio Pinto a ser condenado por la Justicia del estado de Par\u00e1, lo consagr\u00f3\u00a0ganador de la 34\u00aa edici\u00f3n del Premio Vladimir Herzog de \u200b\u200bAmnist\u00eda y Derechos Humanos, inform\u00f3 el sitio web Ambiente J\u00e1. Su\u00a0labor period\u00edstica en la Amazon\u00eda le ha dejado m\u00e1s de 33 procesos judiciales, al igual que varios galardones, entre ellos cuatro premios\u00a0Esso, el m\u00e1s importante de periodismo en Brasil.<\/p>\n","protected":false},"author":42,"featured_media":0,"comment_status":"closed","ping_status":"closed","sticky":false,"template":"","format":"standard","meta":{"inline_featured_image":false,"footnotes":""},"categories":[1354],"tags":[1438,1532,1428],"coauthors":[],"class_list":["post-31002","post","type-post","status-publish","format-standard","hentry","category-premios-y-oportunidades-es","tag-difamacion-es","tag-periodismo-ambiental-es","tag-premios-es"],"acf":[],"yoast_head":"<!-- This site is optimized with the Yoast SEO Premium plugin v22.6 (Yoast SEO v27.4) - https:\/\/yoast.com\/product\/yoast-seo-premium-wordpress\/ -->\n<title>En Brasil, periodista condenado por da\u00f1os morales despu\u00e9s de denunciar la apropiaci\u00f3n ilegal de tierras recibe premio a su labor - LatAm Journalism Review<\/title>\n<meta name=\"description\" content=\"En Brasil, periodista condenado por da\u00f1os morales despu\u00e9s de denunciar la apropiaci\u00f3n ilegal de tierras recibe premio a su labor Premios y oportunidades. Latin American Journalism Review by The Knight Center at The University of Texas at Austin.\" \/>\n<meta name=\"robots\" content=\"index, follow, max-snippet:-1, max-image-preview:large, max-video-preview:-1\" \/>\n<link rel=\"canonical\" href=\"https:\/\/latamjournalismreview.org\/es\/articles\/en-brasil-periodista-condenado-por-danos-morales-despues-de-denunciar-la-apropiacion-ilegal-de-tierras-recibe-premio-a-su-labor\/\" \/>\n<meta property=\"og:locale\" content=\"es_ES\" \/>\n<meta property=\"og:type\" content=\"article\" \/>\n<meta property=\"og:title\" content=\"En Brasil, periodista condenado por da\u00f1os morales despu\u00e9s de denunciar la apropiaci\u00f3n ilegal de tierras recibe premio a su labor\" \/>\n<meta property=\"og:description\" content=\"En Brasil, periodista condenado por da\u00f1os morales despu\u00e9s de denunciar la apropiaci\u00f3n ilegal de tierras recibe premio a su labor Premios y oportunidades. Latin American Journalism Review by The Knight Center at The University of Texas at Austin.\" \/>\n<meta property=\"og:url\" content=\"https:\/\/latamjournalismreview.org\/es\/articles\/en-brasil-periodista-condenado-por-danos-morales-despues-de-denunciar-la-apropiacion-ilegal-de-tierras-recibe-premio-a-su-labor\/\" \/>\n<meta property=\"og:site_name\" content=\"LatAm Journalism Review\" \/>\n<meta property=\"article:published_time\" content=\"2012-06-08T14:36:32+00:00\" \/>\n<meta property=\"article:modified_time\" content=\"2021-09-10T14:37:35+00:00\" \/>\n<meta name=\"author\" content=\"Natalia Mazotte\" \/>\n<meta name=\"twitter:card\" content=\"summary_large_image\" \/>\n<meta name=\"twitter:creator\" content=\"@LatAmJournalism\" \/>\n<meta name=\"twitter:site\" content=\"@LatAmJournalism\" \/>\n<meta name=\"twitter:label1\" content=\"Written by\" \/>\n\t<meta name=\"twitter:data1\" content=\"Natalia Mazotte\" \/>\n\t<meta name=\"twitter:label2\" content=\"Est. reading time\" \/>\n\t<meta name=\"twitter:data2\" content=\"2 minutos\" \/>\n<script type=\"application\/ld+json\" class=\"yoast-schema-graph\">{\"@context\":\"https:\\\/\\\/schema.org\",\"@graph\":[{\"@type\":\"Article\",\"@id\":\"https:\\\/\\\/latamjournalismreview.org\\\/es\\\/articles\\\/en-brasil-periodista-condenado-por-danos-morales-despues-de-denunciar-la-apropiacion-ilegal-de-tierras-recibe-premio-a-su-labor\\\/#article\",\"isPartOf\":{\"@id\":\"https:\\\/\\\/latamjournalismreview.org\\\/es\\\/articles\\\/en-brasil-periodista-condenado-por-danos-morales-despues-de-denunciar-la-apropiacion-ilegal-de-tierras-recibe-premio-a-su-labor\\\/\"},\"author\":{\"name\":\"Natalia Mazotte\",\"@id\":\"https:\\\/\\\/latamjournalismreview.org\\\/es\\\/#\\\/schema\\\/person\\\/747457e530d741a9d192f00c32c7f884\"},\"headline\":\"En Brasil, periodista condenado por da\u00f1os morales despu\u00e9s de denunciar la apropiaci\u00f3n ilegal de tierras recibe premio a su labor\",\"datePublished\":\"2012-06-08T14:36:32+00:00\",\"dateModified\":\"2021-09-10T14:37:35+00:00\",\"mainEntityOfPage\":{\"@id\":\"https:\\\/\\\/latamjournalismreview.org\\\/es\\\/articles\\\/en-brasil-periodista-condenado-por-danos-morales-despues-de-denunciar-la-apropiacion-ilegal-de-tierras-recibe-premio-a-su-labor\\\/\"},\"wordCount\":368,\"publisher\":{\"@id\":\"https:\\\/\\\/latamjournalismreview.org\\\/es\\\/#organization\"},\"keywords\":[\"Difamaci\u00f3n\",\"Periodismo ambiental\",\"Premios\"],\"articleSection\":[\"Premios y oportunidades\"],\"inLanguage\":\"es\"},{\"@type\":\"WebPage\",\"@id\":\"https:\\\/\\\/latamjournalismreview.org\\\/es\\\/articles\\\/en-brasil-periodista-condenado-por-danos-morales-despues-de-denunciar-la-apropiacion-ilegal-de-tierras-recibe-premio-a-su-labor\\\/\",\"url\":\"https:\\\/\\\/latamjournalismreview.org\\\/es\\\/articles\\\/en-brasil-periodista-condenado-por-danos-morales-despues-de-denunciar-la-apropiacion-ilegal-de-tierras-recibe-premio-a-su-labor\\\/\",\"name\":\"En Brasil, periodista condenado por da\u00f1os morales despu\u00e9s de denunciar la apropiaci\u00f3n ilegal de tierras recibe premio a su labor - LatAm Journalism Review\",\"isPartOf\":{\"@id\":\"https:\\\/\\\/latamjournalismreview.org\\\/es\\\/#website\"},\"datePublished\":\"2012-06-08T14:36:32+00:00\",\"dateModified\":\"2021-09-10T14:37:35+00:00\",\"description\":\"En Brasil, periodista condenado por da\u00f1os morales despu\u00e9s de denunciar la apropiaci\u00f3n ilegal de tierras recibe premio a su labor Premios y oportunidades. Latin American Journalism Review by The Knight Center at The University of Texas at Austin.\",\"breadcrumb\":{\"@id\":\"https:\\\/\\\/latamjournalismreview.org\\\/es\\\/articles\\\/en-brasil-periodista-condenado-por-danos-morales-despues-de-denunciar-la-apropiacion-ilegal-de-tierras-recibe-premio-a-su-labor\\\/#breadcrumb\"},\"inLanguage\":\"es\",\"potentialAction\":[{\"@type\":\"ReadAction\",\"target\":[\"https:\\\/\\\/latamjournalismreview.org\\\/es\\\/articles\\\/en-brasil-periodista-condenado-por-danos-morales-despues-de-denunciar-la-apropiacion-ilegal-de-tierras-recibe-premio-a-su-labor\\\/\"]}]},{\"@type\":\"BreadcrumbList\",\"@id\":\"https:\\\/\\\/latamjournalismreview.org\\\/es\\\/articles\\\/en-brasil-periodista-condenado-por-danos-morales-despues-de-denunciar-la-apropiacion-ilegal-de-tierras-recibe-premio-a-su-labor\\\/#breadcrumb\",\"itemListElement\":[{\"@type\":\"ListItem\",\"position\":1,\"name\":\"Home\",\"item\":\"https:\\\/\\\/latamjournalismreview.org\\\/es\\\/\"},{\"@type\":\"ListItem\",\"position\":2,\"name\":\"En Brasil, periodista condenado por da\u00f1os morales despu\u00e9s de denunciar la apropiaci\u00f3n ilegal de tierras recibe premio a su labor\"}]},{\"@type\":\"WebSite\",\"@id\":\"https:\\\/\\\/latamjournalismreview.org\\\/es\\\/#website\",\"url\":\"https:\\\/\\\/latamjournalismreview.org\\\/es\\\/\",\"name\":\"LatAm Journalism Review\",\"description\":\"Knight Center at The University of Texas\",\"publisher\":{\"@id\":\"https:\\\/\\\/latamjournalismreview.org\\\/es\\\/#organization\"},\"potentialAction\":[{\"@type\":\"SearchAction\",\"target\":{\"@type\":\"EntryPoint\",\"urlTemplate\":\"https:\\\/\\\/latamjournalismreview.org\\\/es\\\/?s={search_term_string}\"},\"query-input\":{\"@type\":\"PropertyValueSpecification\",\"valueRequired\":true,\"valueName\":\"search_term_string\"}}],\"inLanguage\":\"es\"},{\"@type\":\"Organization\",\"@id\":\"https:\\\/\\\/latamjournalismreview.org\\\/es\\\/#organization\",\"name\":\"LatAm Journalism Review\",\"url\":\"https:\\\/\\\/latamjournalismreview.org\\\/es\\\/\",\"logo\":{\"@type\":\"ImageObject\",\"inLanguage\":\"es\",\"@id\":\"https:\\\/\\\/latamjournalismreview.org\\\/es\\\/#\\\/schema\\\/logo\\\/image\\\/\",\"url\":\"https:\\\/\\\/latamjournalismreview.org\\\/wp-content\\\/uploads\\\/2020\\\/05\\\/knight-latAm-review-logo.svg\",\"contentUrl\":\"https:\\\/\\\/latamjournalismreview.org\\\/wp-content\\\/uploads\\\/2020\\\/05\\\/knight-latAm-review-logo.svg\",\"width\":\"1024\",\"height\":\"1024\",\"caption\":\"LatAm Journalism Review\"},\"image\":{\"@id\":\"https:\\\/\\\/latamjournalismreview.org\\\/es\\\/#\\\/schema\\\/logo\\\/image\\\/\"},\"sameAs\":[\"https:\\\/\\\/x.com\\\/LatAmJournalism\"]},{\"@type\":\"Person\",\"@id\":\"https:\\\/\\\/latamjournalismreview.org\\\/es\\\/#\\\/schema\\\/person\\\/747457e530d741a9d192f00c32c7f884\",\"name\":\"Natalia Mazotte\",\"url\":\"https:\\\/\\\/latamjournalismreview.org\\\/es\\\/articles\\\/author\\\/natalia-mazotte\\\/\"}]}<\/script>\n<!-- \/ Yoast SEO Premium plugin. -->","yoast_head_json":{"title":"En Brasil, periodista condenado por da\u00f1os morales despu\u00e9s de denunciar la apropiaci\u00f3n ilegal de tierras recibe premio a su labor - LatAm Journalism Review","description":"En Brasil, periodista condenado por da\u00f1os morales despu\u00e9s de denunciar la apropiaci\u00f3n ilegal de tierras recibe premio a su labor Premios y oportunidades. Latin American Journalism Review by The Knight Center at The University of Texas at Austin.","robots":{"index":"index","follow":"follow","max-snippet":"max-snippet:-1","max-image-preview":"max-image-preview:large","max-video-preview":"max-video-preview:-1"},"canonical":"https:\/\/latamjournalismreview.org\/es\/articles\/en-brasil-periodista-condenado-por-danos-morales-despues-de-denunciar-la-apropiacion-ilegal-de-tierras-recibe-premio-a-su-labor\/","og_locale":"es_ES","og_type":"article","og_title":"En Brasil, periodista condenado por da\u00f1os morales despu\u00e9s de denunciar la apropiaci\u00f3n ilegal de tierras recibe premio a su labor","og_description":"En Brasil, periodista condenado por da\u00f1os morales despu\u00e9s de denunciar la apropiaci\u00f3n ilegal de tierras recibe premio a su labor Premios y oportunidades. Latin American Journalism Review by The Knight Center at The University of Texas at Austin.","og_url":"https:\/\/latamjournalismreview.org\/es\/articles\/en-brasil-periodista-condenado-por-danos-morales-despues-de-denunciar-la-apropiacion-ilegal-de-tierras-recibe-premio-a-su-labor\/","og_site_name":"LatAm Journalism Review","article_published_time":"2012-06-08T14:36:32+00:00","article_modified_time":"2021-09-10T14:37:35+00:00","author":"Natalia Mazotte","twitter_card":"summary_large_image","twitter_creator":"@LatAmJournalism","twitter_site":"@LatAmJournalism","twitter_misc":{"Written by":"Natalia Mazotte","Est. reading time":"2 minutos"},"schema":{"@context":"https:\/\/schema.org","@graph":[{"@type":"Article","@id":"https:\/\/latamjournalismreview.org\/es\/articles\/en-brasil-periodista-condenado-por-danos-morales-despues-de-denunciar-la-apropiacion-ilegal-de-tierras-recibe-premio-a-su-labor\/#article","isPartOf":{"@id":"https:\/\/latamjournalismreview.org\/es\/articles\/en-brasil-periodista-condenado-por-danos-morales-despues-de-denunciar-la-apropiacion-ilegal-de-tierras-recibe-premio-a-su-labor\/"},"author":{"name":"Natalia Mazotte","@id":"https:\/\/latamjournalismreview.org\/es\/#\/schema\/person\/747457e530d741a9d192f00c32c7f884"},"headline":"En Brasil, periodista condenado por da\u00f1os morales despu\u00e9s de denunciar la apropiaci\u00f3n ilegal de tierras recibe premio a su labor","datePublished":"2012-06-08T14:36:32+00:00","dateModified":"2021-09-10T14:37:35+00:00","mainEntityOfPage":{"@id":"https:\/\/latamjournalismreview.org\/es\/articles\/en-brasil-periodista-condenado-por-danos-morales-despues-de-denunciar-la-apropiacion-ilegal-de-tierras-recibe-premio-a-su-labor\/"},"wordCount":368,"publisher":{"@id":"https:\/\/latamjournalismreview.org\/es\/#organization"},"keywords":["Difamaci\u00f3n","Periodismo ambiental","Premios"],"articleSection":["Premios y oportunidades"],"inLanguage":"es"},{"@type":"WebPage","@id":"https:\/\/latamjournalismreview.org\/es\/articles\/en-brasil-periodista-condenado-por-danos-morales-despues-de-denunciar-la-apropiacion-ilegal-de-tierras-recibe-premio-a-su-labor\/","url":"https:\/\/latamjournalismreview.org\/es\/articles\/en-brasil-periodista-condenado-por-danos-morales-despues-de-denunciar-la-apropiacion-ilegal-de-tierras-recibe-premio-a-su-labor\/","name":"En Brasil, periodista condenado por da\u00f1os morales despu\u00e9s de denunciar la apropiaci\u00f3n ilegal de tierras recibe premio a su labor - LatAm Journalism Review","isPartOf":{"@id":"https:\/\/latamjournalismreview.org\/es\/#website"},"datePublished":"2012-06-08T14:36:32+00:00","dateModified":"2021-09-10T14:37:35+00:00","description":"En Brasil, periodista condenado por da\u00f1os morales despu\u00e9s de denunciar la apropiaci\u00f3n ilegal de tierras recibe premio a su labor Premios y oportunidades. Latin American Journalism Review by The Knight Center at The University of Texas at Austin.","breadcrumb":{"@id":"https:\/\/latamjournalismreview.org\/es\/articles\/en-brasil-periodista-condenado-por-danos-morales-despues-de-denunciar-la-apropiacion-ilegal-de-tierras-recibe-premio-a-su-labor\/#breadcrumb"},"inLanguage":"es","potentialAction":[{"@type":"ReadAction","target":["https:\/\/latamjournalismreview.org\/es\/articles\/en-brasil-periodista-condenado-por-danos-morales-despues-de-denunciar-la-apropiacion-ilegal-de-tierras-recibe-premio-a-su-labor\/"]}]},{"@type":"BreadcrumbList","@id":"https:\/\/latamjournalismreview.org\/es\/articles\/en-brasil-periodista-condenado-por-danos-morales-despues-de-denunciar-la-apropiacion-ilegal-de-tierras-recibe-premio-a-su-labor\/#breadcrumb","itemListElement":[{"@type":"ListItem","position":1,"name":"Home","item":"https:\/\/latamjournalismreview.org\/es\/"},{"@type":"ListItem","position":2,"name":"En Brasil, periodista condenado por da\u00f1os morales despu\u00e9s de denunciar la apropiaci\u00f3n ilegal de tierras recibe premio a su labor"}]},{"@type":"WebSite","@id":"https:\/\/latamjournalismreview.org\/es\/#website","url":"https:\/\/latamjournalismreview.org\/es\/","name":"LatAm Journalism Review","description":"Knight Center at The University of Texas","publisher":{"@id":"https:\/\/latamjournalismreview.org\/es\/#organization"},"potentialAction":[{"@type":"SearchAction","target":{"@type":"EntryPoint","urlTemplate":"https:\/\/latamjournalismreview.org\/es\/?s={search_term_string}"},"query-input":{"@type":"PropertyValueSpecification","valueRequired":true,"valueName":"search_term_string"}}],"inLanguage":"es"},{"@type":"Organization","@id":"https:\/\/latamjournalismreview.org\/es\/#organization","name":"LatAm Journalism Review","url":"https:\/\/latamjournalismreview.org\/es\/","logo":{"@type":"ImageObject","inLanguage":"es","@id":"https:\/\/latamjournalismreview.org\/es\/#\/schema\/logo\/image\/","url":"https:\/\/latamjournalismreview.org\/wp-content\/uploads\/2020\/05\/knight-latAm-review-logo.svg","contentUrl":"https:\/\/latamjournalismreview.org\/wp-content\/uploads\/2020\/05\/knight-latAm-review-logo.svg","width":"1024","height":"1024","caption":"LatAm Journalism Review"},"image":{"@id":"https:\/\/latamjournalismreview.org\/es\/#\/schema\/logo\/image\/"},"sameAs":["https:\/\/x.com\/LatAmJournalism"]},{"@type":"Person","@id":"https:\/\/latamjournalismreview.org\/es\/#\/schema\/person\/747457e530d741a9d192f00c32c7f884","name":"Natalia Mazotte","url":"https:\/\/latamjournalismreview.org\/es\/articles\/author\/natalia-mazotte\/"}]}},"_links":{"self":[{"href":"https:\/\/latamjournalismreview.org\/es\/wp-json\/wp\/v2\/posts\/31002","targetHints":{"allow":["GET"]}}],"collection":[{"href":"https:\/\/latamjournalismreview.org\/es\/wp-json\/wp\/v2\/posts"}],"about":[{"href":"https:\/\/latamjournalismreview.org\/es\/wp-json\/wp\/v2\/types\/post"}],"author":[{"embeddable":true,"href":"https:\/\/latamjournalismreview.org\/es\/wp-json\/wp\/v2\/users\/42"}],"replies":[{"embeddable":true,"href":"https:\/\/latamjournalismreview.org\/es\/wp-json\/wp\/v2\/comments?post=31002"}],"version-history":[{"count":1,"href":"https:\/\/latamjournalismreview.org\/es\/wp-json\/wp\/v2\/posts\/31002\/revisions"}],"predecessor-version":[{"id":31005,"href":"https:\/\/latamjournalismreview.org\/es\/wp-json\/wp\/v2\/posts\/31002\/revisions\/31005"}],"wp:attachment":[{"href":"https:\/\/latamjournalismreview.org\/es\/wp-json\/wp\/v2\/media?parent=31002"}],"wp:term":[{"taxonomy":"category","embeddable":true,"href":"https:\/\/latamjournalismreview.org\/es\/wp-json\/wp\/v2\/categories?post=31002"},{"taxonomy":"post_tag","embeddable":true,"href":"https:\/\/latamjournalismreview.org\/es\/wp-json\/wp\/v2\/tags?post=31002"},{"taxonomy":"author","embeddable":true,"href":"https:\/\/latamjournalismreview.org\/es\/wp-json\/wp\/v2\/coauthors?post=31002"}],"curies":[{"name":"wp","href":"https:\/\/api.w.org\/{rel}","templated":true}]}}