{"id":31097,"date":"2012-06-05T13:06:18","date_gmt":"2012-06-05T18:06:18","guid":{"rendered":"https:\/\/latamjournalismreview.org\/?p=31097"},"modified":"2021-09-10T13:07:38","modified_gmt":"2021-09-10T18:07:38","slug":"denuncian-amenazas-de-muerte-contra-periodista-de-television-en-republica-dominicana","status":"publish","type":"post","link":"https:\/\/latamjournalismreview.org\/es\/articles\/denuncian-amenazas-de-muerte-contra-periodista-de-television-en-republica-dominicana\/","title":{"rendered":"Denuncian amenazas de muerte contra periodista de televisi\u00f3n en Rep\u00fablica Dominicana"},"content":{"rendered":"<p>La\u00a0<a href=\"http:\/\/www.miamiherald.com\/2012\/06\/03\/2831446\/dominican-journalist-gets-death.html\" target=\"_blank\" rel=\"noopener\">periodista dominicana Nuria Piera denunci\u00f3 amenazas de muerte<\/a>\u00a0en su contra despu\u00e9s de reportar que un senador de ese pa\u00eds\u00a0<a href=\"https:\/\/knightcenter.utexas.edu\/es\/blog\/00-9650-periodista-denuncia-persecucion-tras-revelar-que-senador-dominicano-dono-campana-de-pre\" target=\"_blank\" rel=\"noopener\">don\u00f3 millones de d\u00f3lares<\/a>\u00a0a la candidatura del actual presidente de Hait\u00ed, Michel Martelly, report\u00f3 el diario Miami Herald. Desde entonces, la periodista y su familia estuvieron resguardadas por guardaespaldas.<\/p>\n<p>En abril, el Instituto Internacional de Prensa (IPI) denunci\u00f3\u00a0<a href=\"https:\/\/knightcenter.utexas.edu\/es\/blog\/00-9781-gobierno-de-republica-dominicana-acosa-periodistas-durante-contienda-electoral-advierte\" target=\"_blank\" rel=\"noopener\">acoso contra la prensa dominicana<\/a>\u00a0que ha revelado casos de corrupci\u00f3n antes de las elecciones presidenciales que se realizaron el 20 de mayo.<\/p>\n<p><em>Nota del editor: Esta historia fue publicada originalmente en el blog Periodismo en las Am\u00e9ricas del Centro Knight, el predecesor de LatAm Journalism Review.<\/em><\/p>\n","protected":false},"excerpt":{"rendered":"<p>La\u00a0periodista dominicana Nuria Piera denunci\u00f3 amenazas de muerte\u00a0en su contra despu\u00e9s de reportar que un senador de ese pa\u00eds\u00a0don\u00f3 millones de d\u00f3lares\u00a0a la candidatura del actual presidente de Hait\u00ed, Michel Martelly, report\u00f3 el diario Miami Herald. Desde entonces, la periodista y su familia estuvieron resguardadas por guardaespaldas.<\/p>\n","protected":false},"author":40,"featured_media":0,"comment_status":"closed","ping_status":"closed","sticky":false,"template":"","format":"standard","meta":{"inline_featured_image":false,"footnotes":""},"categories":[1222],"tags":[1522,1431],"coauthors":[],"class_list":["post-31097","post","type-post","status-publish","format-standard","hentry","category-violencia-contra-periodistas-es","tag-amenazas-contra-periodistas-es","tag-radio-y-tv-es"],"acf":[],"yoast_head":"<!-- This site is optimized with the Yoast SEO Premium plugin v22.6 (Yoast SEO v27.4) - https:\/\/yoast.com\/product\/yoast-seo-premium-wordpress\/ -->\n<title>Denuncian amenazas de muerte contra periodista de televisi\u00f3n en Rep\u00fablica Dominicana - LatAm Journalism Review<\/title>\n<meta name=\"description\" content=\"Denuncian amenazas de muerte contra periodista de televisi\u00f3n en Rep\u00fablica Dominicana Violencia contra periodistas. Latin American Journalism Review by The Knight Center at The University of Texas at Austin.\" \/>\n<meta name=\"robots\" content=\"index, follow, max-snippet:-1, max-image-preview:large, max-video-preview:-1\" \/>\n<link rel=\"canonical\" href=\"https:\/\/latamjournalismreview.org\/es\/articles\/denuncian-amenazas-de-muerte-contra-periodista-de-television-en-republica-dominicana\/\" \/>\n<meta property=\"og:locale\" content=\"es_ES\" \/>\n<meta property=\"og:type\" content=\"article\" \/>\n<meta property=\"og:title\" content=\"Denuncian amenazas de muerte contra periodista de televisi\u00f3n en Rep\u00fablica Dominicana\" \/>\n<meta property=\"og:description\" content=\"Denuncian amenazas de muerte contra periodista de televisi\u00f3n en Rep\u00fablica Dominicana Violencia contra periodistas. Latin American Journalism Review by The Knight Center at The University of Texas at Austin.\" \/>\n<meta property=\"og:url\" content=\"https:\/\/latamjournalismreview.org\/es\/articles\/denuncian-amenazas-de-muerte-contra-periodista-de-television-en-republica-dominicana\/\" \/>\n<meta property=\"og:site_name\" content=\"LatAm Journalism Review\" \/>\n<meta property=\"article:published_time\" content=\"2012-06-05T18:06:18+00:00\" \/>\n<meta property=\"article:modified_time\" content=\"2021-09-10T18:07:38+00:00\" \/>\n<meta name=\"author\" content=\"Tania Lara\" \/>\n<meta name=\"twitter:card\" content=\"summary_large_image\" \/>\n<meta name=\"twitter:creator\" content=\"@LatAmJournalism\" \/>\n<meta name=\"twitter:site\" content=\"@LatAmJournalism\" \/>\n<meta name=\"twitter:label1\" content=\"Written by\" \/>\n\t<meta name=\"twitter:data1\" content=\"Tania Lara\" \/>\n\t<meta name=\"twitter:label2\" content=\"Est. reading time\" \/>\n\t<meta name=\"twitter:data2\" content=\"1 minuto\" \/>\n<script type=\"application\/ld+json\" class=\"yoast-schema-graph\">{\"@context\":\"https:\\\/\\\/schema.org\",\"@graph\":[{\"@type\":\"Article\",\"@id\":\"https:\\\/\\\/latamjournalismreview.org\\\/es\\\/articles\\\/denuncian-amenazas-de-muerte-contra-periodista-de-television-en-republica-dominicana\\\/#article\",\"isPartOf\":{\"@id\":\"https:\\\/\\\/latamjournalismreview.org\\\/es\\\/articles\\\/denuncian-amenazas-de-muerte-contra-periodista-de-television-en-republica-dominicana\\\/\"},\"author\":{\"name\":\"Tania Lara\",\"@id\":\"https:\\\/\\\/latamjournalismreview.org\\\/es\\\/#\\\/schema\\\/person\\\/51558925140f21242c6ed2d20b8260c5\"},\"headline\":\"Denuncian amenazas de muerte contra periodista de televisi\u00f3n en Rep\u00fablica Dominicana\",\"datePublished\":\"2012-06-05T18:06:18+00:00\",\"dateModified\":\"2021-09-10T18:07:38+00:00\",\"mainEntityOfPage\":{\"@id\":\"https:\\\/\\\/latamjournalismreview.org\\\/es\\\/articles\\\/denuncian-amenazas-de-muerte-contra-periodista-de-television-en-republica-dominicana\\\/\"},\"wordCount\":124,\"publisher\":{\"@id\":\"https:\\\/\\\/latamjournalismreview.org\\\/es\\\/#organization\"},\"keywords\":[\"Amenazas contra periodistas\",\"Radio y TV\"],\"articleSection\":[\"Violencia contra periodistas\"],\"inLanguage\":\"es\"},{\"@type\":\"WebPage\",\"@id\":\"https:\\\/\\\/latamjournalismreview.org\\\/es\\\/articles\\\/denuncian-amenazas-de-muerte-contra-periodista-de-television-en-republica-dominicana\\\/\",\"url\":\"https:\\\/\\\/latamjournalismreview.org\\\/es\\\/articles\\\/denuncian-amenazas-de-muerte-contra-periodista-de-television-en-republica-dominicana\\\/\",\"name\":\"Denuncian amenazas de muerte contra periodista de televisi\u00f3n en Rep\u00fablica Dominicana - LatAm Journalism Review\",\"isPartOf\":{\"@id\":\"https:\\\/\\\/latamjournalismreview.org\\\/es\\\/#website\"},\"datePublished\":\"2012-06-05T18:06:18+00:00\",\"dateModified\":\"2021-09-10T18:07:38+00:00\",\"description\":\"Denuncian amenazas de muerte contra periodista de televisi\u00f3n en Rep\u00fablica Dominicana Violencia contra periodistas. Latin American Journalism Review by The Knight Center at The University of Texas at Austin.\",\"breadcrumb\":{\"@id\":\"https:\\\/\\\/latamjournalismreview.org\\\/es\\\/articles\\\/denuncian-amenazas-de-muerte-contra-periodista-de-television-en-republica-dominicana\\\/#breadcrumb\"},\"inLanguage\":\"es\",\"potentialAction\":[{\"@type\":\"ReadAction\",\"target\":[\"https:\\\/\\\/latamjournalismreview.org\\\/es\\\/articles\\\/denuncian-amenazas-de-muerte-contra-periodista-de-television-en-republica-dominicana\\\/\"]}]},{\"@type\":\"BreadcrumbList\",\"@id\":\"https:\\\/\\\/latamjournalismreview.org\\\/es\\\/articles\\\/denuncian-amenazas-de-muerte-contra-periodista-de-television-en-republica-dominicana\\\/#breadcrumb\",\"itemListElement\":[{\"@type\":\"ListItem\",\"position\":1,\"name\":\"Home\",\"item\":\"https:\\\/\\\/latamjournalismreview.org\\\/es\\\/\"},{\"@type\":\"ListItem\",\"position\":2,\"name\":\"Denuncian amenazas de muerte contra periodista de televisi\u00f3n en Rep\u00fablica Dominicana\"}]},{\"@type\":\"WebSite\",\"@id\":\"https:\\\/\\\/latamjournalismreview.org\\\/es\\\/#website\",\"url\":\"https:\\\/\\\/latamjournalismreview.org\\\/es\\\/\",\"name\":\"LatAm Journalism Review\",\"description\":\"Knight Center at The University of Texas\",\"publisher\":{\"@id\":\"https:\\\/\\\/latamjournalismreview.org\\\/es\\\/#organization\"},\"potentialAction\":[{\"@type\":\"SearchAction\",\"target\":{\"@type\":\"EntryPoint\",\"urlTemplate\":\"https:\\\/\\\/latamjournalismreview.org\\\/es\\\/?s={search_term_string}\"},\"query-input\":{\"@type\":\"PropertyValueSpecification\",\"valueRequired\":true,\"valueName\":\"search_term_string\"}}],\"inLanguage\":\"es\"},{\"@type\":\"Organization\",\"@id\":\"https:\\\/\\\/latamjournalismreview.org\\\/es\\\/#organization\",\"name\":\"LatAm Journalism Review\",\"url\":\"https:\\\/\\\/latamjournalismreview.org\\\/es\\\/\",\"logo\":{\"@type\":\"ImageObject\",\"inLanguage\":\"es\",\"@id\":\"https:\\\/\\\/latamjournalismreview.org\\\/es\\\/#\\\/schema\\\/logo\\\/image\\\/\",\"url\":\"https:\\\/\\\/latamjournalismreview.org\\\/wp-content\\\/uploads\\\/2020\\\/05\\\/knight-latAm-review-logo.svg\",\"contentUrl\":\"https:\\\/\\\/latamjournalismreview.org\\\/wp-content\\\/uploads\\\/2020\\\/05\\\/knight-latAm-review-logo.svg\",\"width\":\"1024\",\"height\":\"1024\",\"caption\":\"LatAm Journalism Review\"},\"image\":{\"@id\":\"https:\\\/\\\/latamjournalismreview.org\\\/es\\\/#\\\/schema\\\/logo\\\/image\\\/\"},\"sameAs\":[\"https:\\\/\\\/x.com\\\/LatAmJournalism\"]},{\"@type\":\"Person\",\"@id\":\"https:\\\/\\\/latamjournalismreview.org\\\/es\\\/#\\\/schema\\\/person\\\/51558925140f21242c6ed2d20b8260c5\",\"name\":\"Tania Lara\",\"url\":\"https:\\\/\\\/latamjournalismreview.org\\\/es\\\/articles\\\/author\\\/tania-lara\\\/\"}]}<\/script>\n<!-- \/ Yoast SEO Premium plugin. -->","yoast_head_json":{"title":"Denuncian amenazas de muerte contra periodista de televisi\u00f3n en Rep\u00fablica Dominicana - LatAm Journalism Review","description":"Denuncian amenazas de muerte contra periodista de televisi\u00f3n en Rep\u00fablica Dominicana Violencia contra periodistas. Latin American Journalism Review by The Knight Center at The University of Texas at Austin.","robots":{"index":"index","follow":"follow","max-snippet":"max-snippet:-1","max-image-preview":"max-image-preview:large","max-video-preview":"max-video-preview:-1"},"canonical":"https:\/\/latamjournalismreview.org\/es\/articles\/denuncian-amenazas-de-muerte-contra-periodista-de-television-en-republica-dominicana\/","og_locale":"es_ES","og_type":"article","og_title":"Denuncian amenazas de muerte contra periodista de televisi\u00f3n en Rep\u00fablica Dominicana","og_description":"Denuncian amenazas de muerte contra periodista de televisi\u00f3n en Rep\u00fablica Dominicana Violencia contra periodistas. Latin American Journalism Review by The Knight Center at The University of Texas at Austin.","og_url":"https:\/\/latamjournalismreview.org\/es\/articles\/denuncian-amenazas-de-muerte-contra-periodista-de-television-en-republica-dominicana\/","og_site_name":"LatAm Journalism Review","article_published_time":"2012-06-05T18:06:18+00:00","article_modified_time":"2021-09-10T18:07:38+00:00","author":"Tania Lara","twitter_card":"summary_large_image","twitter_creator":"@LatAmJournalism","twitter_site":"@LatAmJournalism","twitter_misc":{"Written by":"Tania Lara","Est. reading time":"1 minuto"},"schema":{"@context":"https:\/\/schema.org","@graph":[{"@type":"Article","@id":"https:\/\/latamjournalismreview.org\/es\/articles\/denuncian-amenazas-de-muerte-contra-periodista-de-television-en-republica-dominicana\/#article","isPartOf":{"@id":"https:\/\/latamjournalismreview.org\/es\/articles\/denuncian-amenazas-de-muerte-contra-periodista-de-television-en-republica-dominicana\/"},"author":{"name":"Tania Lara","@id":"https:\/\/latamjournalismreview.org\/es\/#\/schema\/person\/51558925140f21242c6ed2d20b8260c5"},"headline":"Denuncian amenazas de muerte contra periodista de televisi\u00f3n en Rep\u00fablica Dominicana","datePublished":"2012-06-05T18:06:18+00:00","dateModified":"2021-09-10T18:07:38+00:00","mainEntityOfPage":{"@id":"https:\/\/latamjournalismreview.org\/es\/articles\/denuncian-amenazas-de-muerte-contra-periodista-de-television-en-republica-dominicana\/"},"wordCount":124,"publisher":{"@id":"https:\/\/latamjournalismreview.org\/es\/#organization"},"keywords":["Amenazas contra periodistas","Radio y TV"],"articleSection":["Violencia contra periodistas"],"inLanguage":"es"},{"@type":"WebPage","@id":"https:\/\/latamjournalismreview.org\/es\/articles\/denuncian-amenazas-de-muerte-contra-periodista-de-television-en-republica-dominicana\/","url":"https:\/\/latamjournalismreview.org\/es\/articles\/denuncian-amenazas-de-muerte-contra-periodista-de-television-en-republica-dominicana\/","name":"Denuncian amenazas de muerte contra periodista de televisi\u00f3n en Rep\u00fablica Dominicana - LatAm Journalism Review","isPartOf":{"@id":"https:\/\/latamjournalismreview.org\/es\/#website"},"datePublished":"2012-06-05T18:06:18+00:00","dateModified":"2021-09-10T18:07:38+00:00","description":"Denuncian amenazas de muerte contra periodista de televisi\u00f3n en Rep\u00fablica Dominicana Violencia contra periodistas. Latin American Journalism Review by The Knight Center at The University of Texas at Austin.","breadcrumb":{"@id":"https:\/\/latamjournalismreview.org\/es\/articles\/denuncian-amenazas-de-muerte-contra-periodista-de-television-en-republica-dominicana\/#breadcrumb"},"inLanguage":"es","potentialAction":[{"@type":"ReadAction","target":["https:\/\/latamjournalismreview.org\/es\/articles\/denuncian-amenazas-de-muerte-contra-periodista-de-television-en-republica-dominicana\/"]}]},{"@type":"BreadcrumbList","@id":"https:\/\/latamjournalismreview.org\/es\/articles\/denuncian-amenazas-de-muerte-contra-periodista-de-television-en-republica-dominicana\/#breadcrumb","itemListElement":[{"@type":"ListItem","position":1,"name":"Home","item":"https:\/\/latamjournalismreview.org\/es\/"},{"@type":"ListItem","position":2,"name":"Denuncian amenazas de muerte contra periodista de televisi\u00f3n en Rep\u00fablica Dominicana"}]},{"@type":"WebSite","@id":"https:\/\/latamjournalismreview.org\/es\/#website","url":"https:\/\/latamjournalismreview.org\/es\/","name":"LatAm Journalism Review","description":"Knight Center at The University of Texas","publisher":{"@id":"https:\/\/latamjournalismreview.org\/es\/#organization"},"potentialAction":[{"@type":"SearchAction","target":{"@type":"EntryPoint","urlTemplate":"https:\/\/latamjournalismreview.org\/es\/?s={search_term_string}"},"query-input":{"@type":"PropertyValueSpecification","valueRequired":true,"valueName":"search_term_string"}}],"inLanguage":"es"},{"@type":"Organization","@id":"https:\/\/latamjournalismreview.org\/es\/#organization","name":"LatAm Journalism Review","url":"https:\/\/latamjournalismreview.org\/es\/","logo":{"@type":"ImageObject","inLanguage":"es","@id":"https:\/\/latamjournalismreview.org\/es\/#\/schema\/logo\/image\/","url":"https:\/\/latamjournalismreview.org\/wp-content\/uploads\/2020\/05\/knight-latAm-review-logo.svg","contentUrl":"https:\/\/latamjournalismreview.org\/wp-content\/uploads\/2020\/05\/knight-latAm-review-logo.svg","width":"1024","height":"1024","caption":"LatAm Journalism Review"},"image":{"@id":"https:\/\/latamjournalismreview.org\/es\/#\/schema\/logo\/image\/"},"sameAs":["https:\/\/x.com\/LatAmJournalism"]},{"@type":"Person","@id":"https:\/\/latamjournalismreview.org\/es\/#\/schema\/person\/51558925140f21242c6ed2d20b8260c5","name":"Tania Lara","url":"https:\/\/latamjournalismreview.org\/es\/articles\/author\/tania-lara\/"}]}},"_links":{"self":[{"href":"https:\/\/latamjournalismreview.org\/es\/wp-json\/wp\/v2\/posts\/31097","targetHints":{"allow":["GET"]}}],"collection":[{"href":"https:\/\/latamjournalismreview.org\/es\/wp-json\/wp\/v2\/posts"}],"about":[{"href":"https:\/\/latamjournalismreview.org\/es\/wp-json\/wp\/v2\/types\/post"}],"author":[{"embeddable":true,"href":"https:\/\/latamjournalismreview.org\/es\/wp-json\/wp\/v2\/users\/40"}],"replies":[{"embeddable":true,"href":"https:\/\/latamjournalismreview.org\/es\/wp-json\/wp\/v2\/comments?post=31097"}],"version-history":[{"count":1,"href":"https:\/\/latamjournalismreview.org\/es\/wp-json\/wp\/v2\/posts\/31097\/revisions"}],"predecessor-version":[{"id":31098,"href":"https:\/\/latamjournalismreview.org\/es\/wp-json\/wp\/v2\/posts\/31097\/revisions\/31098"}],"wp:attachment":[{"href":"https:\/\/latamjournalismreview.org\/es\/wp-json\/wp\/v2\/media?parent=31097"}],"wp:term":[{"taxonomy":"category","embeddable":true,"href":"https:\/\/latamjournalismreview.org\/es\/wp-json\/wp\/v2\/categories?post=31097"},{"taxonomy":"post_tag","embeddable":true,"href":"https:\/\/latamjournalismreview.org\/es\/wp-json\/wp\/v2\/tags?post=31097"},{"taxonomy":"author","embeddable":true,"href":"https:\/\/latamjournalismreview.org\/es\/wp-json\/wp\/v2\/coauthors?post=31097"}],"curies":[{"name":"wp","href":"https:\/\/api.w.org\/{rel}","templated":true}]}}