{"id":31686,"date":"2014-01-24T17:31:18","date_gmt":"2014-01-24T22:31:18","guid":{"rendered":"https:\/\/latamjournalismreview.org\/?p=31686"},"modified":"2021-09-15T11:36:23","modified_gmt":"2021-09-15T16:36:23","slug":"caricaturista-es-el-primer-comunicador-en-ecuador-llamado-a-rendir-cuentas-bajo-controversial-ley-de-comunicacion","status":"publish","type":"post","link":"https:\/\/latamjournalismreview.org\/es\/articles\/caricaturista-es-el-primer-comunicador-en-ecuador-llamado-a-rendir-cuentas-bajo-controversial-ley-de-comunicacion\/","title":{"rendered":"Caricaturista es el primer comunicador en Ecuador llamado a rendir cuentas bajo controversial Ley de Comunicaci\u00f3n"},"content":{"rendered":"<div id=\"attachment_31689\" style=\"width: 600px\" class=\"wp-caption aligncenter\"><img loading=\"lazy\" decoding=\"async\" aria-describedby=\"caption-attachment-31689\" class=\"wp-image-31689 size-full\" src=\"https:\/\/latamjournalismreview.org\/wp-content\/uploads\/2021\/09\/Caricatura-Bonil-Dic-2018-Supercom.jpg\" alt=\"Caricatura de Xavier Bonilla publicada el 28 de diciembre de 2013 en el diario ecuatoriano El Universo.\" width=\"590\" height=\"469\" srcset=\"https:\/\/latamjournalismreview.org\/wp-content\/uploads\/2021\/09\/Caricatura-Bonil-Dic-2018-Supercom.jpg 590w, https:\/\/latamjournalismreview.org\/wp-content\/uploads\/2021\/09\/Caricatura-Bonil-Dic-2018-Supercom-300x238.jpg 300w\" sizes=\"auto, (max-width: 590px) 100vw, 590px\" \/><p id=\"caption-attachment-31689\" class=\"wp-caption-text\">Caricatura de Xavier Bonilla publicada el 28 de diciembre de 2013 en el diario ecuatoriano El Universo.<\/p><\/div>\n<p>&nbsp;<\/p>\n<p>&nbsp;<\/p>\n<p>Por: Norma Garza<\/p>\n<p>Un cart\u00f3n humor\u00edstico sobre el allanamiento a la casa de un periodista con el argumento de buscar supuestas denuncias de corrupci\u00f3n llev\u00f3 al caricaturista\u00a0Xavier\u00a0Bonilla, quien firma como\u00a0Bonil, a convertirse en\u00a0<a href=\"http:\/\/internacional.elpais.com\/internacional\/2014\/01\/23\/actualidad\/1390452426_870042.html\" target=\"_blank\" rel=\"noopener\">el primer\u00a0comunicador\u00a0llamado a comparecer ante la\u00a0Superintendencia de Informaci\u00f3n y Comunicaci\u00f3n<\/a>,\u00a0a siete meses\u00a0de que\u00a0la Ley de Comunicaci\u00f3n en Ecuador crear\u00e1 la nueva agencia.<\/p>\n<p>El llamado al caricaturista para rendir cuentas ante la Ley se bas\u00f3 en <a href=\"https:\/\/www.dropbox.com\/s\/q0c65gp1svq0jnx\/Informe%20Interno%20Secom.pdf\" target=\"_blank\" rel=\"noopener\">un informe de la Superintendencia<\/a>\u00a0que acusa a Bonil de tergiversar la verdad y promover la agitaci\u00f3n social con el cart\u00f3n publicado en El Universo el pasado 28 de diciembre en alusi\u00f3n al caso de Fernando Villavicencio, periodista y asesor de un asamble\u00edsta de la oposici\u00f3n.<\/p>\n<p>La caricatura, junto a la leyenda: \u201cPolic\u00eda y Fiscal\u00eda allanan domicilio de Fernando Villavicencio y se llevan documentaci\u00f3n de denuncias de corrupci\u00f3n\u201d, criticaba lo que pas\u00f3 la noche del 26 y la madrugada del 27 de diciembre, seg\u00fan como lo describieron los afectados y varios medios de comunicaci\u00f3n.<\/p>\n<p>Bonil respondi\u00f3 con <a href=\"https:\/\/www.dropbox.com\/sh\/f78k7zplo0w4z1p\/Noy5C0Yut3\" target=\"_blank\" rel=\"noopener\">un escrito de siete p\u00e1ginas<\/a> en el que <a href=\"http:\/\/www.hoy.com.ec\/noticias-ecuador\/bonil-explica-a-la-supercom-que-es-una-caricatura-599433.html\" target=\"_blank\" rel=\"noopener\">explica los fundamentos de su trabajo<\/a> y se\u00f1ala que \u201cuna caricatura como creaci\u00f3n humor\u00edstica no puede considerarse o exigirse bajo las formas de representaci\u00f3n fidedigna e imparcial de la realidad. Constituye una forma de opini\u00f3n humor\u00edstica gr\u00e1fica, por tanto sujeta a la perspectiva tanto de quien la realiza, como de quien la observa\".<\/p>\n<p>Jos\u00e9 Hern\u00e1ndez, director adjunto del sitio de noticias Hoy, critic\u00f3 la acci\u00f3n gubernamental contra Bonil al aseverar en su art\u00edculo <a href=\"http:\/\/www.hoy.com.ec\/noticias-ecuador\/hay-que-reirse-con-abogado-al-lado-599469.html\" target=\"_blank\" rel=\"noopener\">\u201c\u00bfHay que re\u00edrse con abogado al lado?\u201d<\/a> que \u201ccuando el poder quiere volver pol\u00edticamente correctos a los humoristas, irremediablemente construye piezas risibles de antolog\u00eda\u201d.<\/p>\n<p>El presidente ecuatoriano\u00a0Rafael Correa\u00a0se ha referido a Bonil como un \u201csicario de tinta y enfermo\u201d y se congratul\u00f3 de tener \u201cuna Ley de Comunicaci\u00f3n que nos defiende. Por m\u00e1s que se disfracen de caricaturistas jocosos para destilar su odio\u201d.<\/p>\n<p>Este no es el primer conflicto entre el mandatario y el caricaturista, ya que hace un a\u00f1o, durante la campa\u00f1a que lo llev\u00f3 a la Presidencia, Correa se quej\u00f3 ante la Comisi\u00f3n Nacional Electoral por la publicaci\u00f3n de una caricatura que consider\u00f3 da\u00f1aba su imagen y <a href=\"https:\/\/knightcenter.utexas.edu\/es\/blog\/00-12780-presidente-de-ecuador-pide-replica-y-disculpa-por-caricatura-de-diario\" target=\"_blank\" rel=\"noopener\">exigi\u00f3 a El Universo una r\u00e9plica y una disculpa<\/a>. El diario no se disculp\u00f3 pero public\u00f3 la queja del entonces candidato, quien un a\u00f1o antes hab\u00eda ganado una demanda por injuria contra el medio, la cual conden\u00f3 a tres directivos y un ex-editorialista a tres a\u00f1os de c\u00e1rcel y el pago de $40 millones de d\u00f3lares. Despu\u00e9s, Correa pidi\u00f3 anular la sentencia.<\/p>\n<p>C\u00e9sar Ricaurte, director de la <a href=\"http:\/\/www.fundamedios.org.ec\" target=\"_blank\" rel=\"noopener\">Fundaci\u00f3n Andina para la Observaci\u00f3n y Estudio de Medios<\/a> (Fundamedios), que lleva desde 2008 una bit\u00e1cora de las restricciones a la libertad de prensa, se\u00f1al\u00f3 que el principal agresor de la prensa es Correa. \u201cEl Presidente mantiene un constante y sistem\u00e1tico discurso estigmatizante contra periodistas y medios de comunicaci\u00f3n. Ha calificado con los m\u00e1s duros adjetivos a los periodistas, en su programa sabatino los identifica con sus nombres y apellidos y exhibe sus fotograf\u00edas. Eso lo hace cuando no le ha gustado alguna cr\u00edtica o alguna columna de opini\u00f3n\u201d.<\/p>\n<p>El siguiente paso en el caso Bonil es una audiencia en la que las partes presentar\u00e1n sus pruebas, evidencias y documentos pertinentes. Al t\u00e9rmino de una semana, la Superintendencia deber\u00e1 emitir la sanci\u00f3n o el archivo de la causa.<\/p>\n<p>La Superintendencia de la Informaci\u00f3n y Comunicaci\u00f3n es\u00a0un \u201corganismo t\u00e9cnico de vigilancia, auditoria, intervenci\u00f3n y control\u201d con capacidad sancionatoria\u00a0con la tarea de investigar denuncias y supervisar\u00a0el cumplimento de la Ley de Comunicaci\u00f3n.\u200b<\/p>\n<p>La <a href=\"https:\/\/knightcenter.utexas.edu\/es\/blog\/00-14066-8-puntos-para-entender-la-controversial-ley-de-comunicacion-en-ecuador\" target=\"_blank\" rel=\"noopener\">controversial\u00a0ley<\/a> fue aprobada el a\u00f1o pasado y ha sido ampliamente criticada por organizaciones internacionales desde entonces. Human Rights Watch asegur\u00f3 que la ley <a href=\"http:\/\/www.hrw.org\/americas\/ecuador\" target=\"_blank\" rel=\"noopener\">cercena la libertad de prensa <\/a>y, de acuerdo con una\u00a0<a href=\"http:\/\/internacional.elpais.com\/internacional\/2013\/06\/28\/actualidad\/1372455080_852611.html\" target=\"_blank\" rel=\"noopener\">alerta de la\u00a0OEA<\/a>, cre\u00f3 un efecto intimidatorio al haber instalado la figura jur\u00eddica del \u201clinchamiento medi\u00e1tico\u201d.<\/p>\n","protected":false},"excerpt":{"rendered":"<p>El caricaturista\u00a0Xavier\u00a0Bonilla,\u00a0Bonil, se convierte en el primer\u00a0comunicador\u00a0llamado a comparecer ante la\u00a0Superintendencia de la Informaci\u00f3n y Comunicaci\u00f3n,\u00a0a siete meses\u00a0de que\u00a0la Ley de Comunicaci\u00f3n en Ecuador crear\u00e1 la nueva agencia.<\/p>\n","protected":false},"author":22,"featured_media":0,"comment_status":"closed","ping_status":"closed","sticky":false,"template":"","format":"standard","meta":{"inline_featured_image":false,"footnotes":""},"categories":[1220],"tags":[1443],"coauthors":[],"class_list":["post-31686","post","type-post","status-publish","format-standard","hentry","category-libertad-de-prensa-es","tag-ecuador-es"],"acf":[],"yoast_head":"<!-- This site is optimized with the Yoast SEO Premium plugin v22.6 (Yoast SEO v27.4) - https:\/\/yoast.com\/product\/yoast-seo-premium-wordpress\/ -->\n<title>Caricaturista es el primer comunicador en Ecuador llamado a rendir cuentas bajo controversial Ley de Comunicaci\u00f3n - LatAm Journalism Review<\/title>\n<meta name=\"description\" content=\"Caricaturista es el primer comunicador en Ecuador llamado a rendir cuentas bajo controversial Ley de Comunicaci\u00f3n Libertad de prensa. Latin American Journalism Review by The Knight Center at The University of Texas at Austin.\" \/>\n<meta name=\"robots\" content=\"index, follow, max-snippet:-1, max-image-preview:large, max-video-preview:-1\" \/>\n<link rel=\"canonical\" href=\"https:\/\/latamjournalismreview.org\/es\/articles\/caricaturista-es-el-primer-comunicador-en-ecuador-llamado-a-rendir-cuentas-bajo-controversial-ley-de-comunicacion\/\" \/>\n<meta property=\"og:locale\" content=\"es_ES\" \/>\n<meta property=\"og:type\" content=\"article\" \/>\n<meta property=\"og:title\" content=\"Caricaturista es el primer comunicador en Ecuador llamado a rendir cuentas bajo controversial Ley de Comunicaci\u00f3n\" \/>\n<meta property=\"og:description\" content=\"Caricaturista es el primer comunicador en Ecuador llamado a rendir cuentas bajo controversial Ley de Comunicaci\u00f3n Libertad de prensa. Latin American Journalism Review by The Knight Center at The University of Texas at Austin.\" \/>\n<meta property=\"og:url\" content=\"https:\/\/latamjournalismreview.org\/es\/articles\/caricaturista-es-el-primer-comunicador-en-ecuador-llamado-a-rendir-cuentas-bajo-controversial-ley-de-comunicacion\/\" \/>\n<meta property=\"og:site_name\" content=\"LatAm Journalism Review\" \/>\n<meta property=\"article:published_time\" content=\"2014-01-24T22:31:18+00:00\" \/>\n<meta property=\"article:modified_time\" content=\"2021-09-15T16:36:23+00:00\" \/>\n<meta property=\"og:image\" content=\"https:\/\/latamjournalismreview.org\/wp-content\/uploads\/2021\/09\/Caricatura-Bonil-Dic-2018-Supercom.jpg\" \/>\n<meta name=\"author\" content=\"Knight Center\" \/>\n<meta name=\"twitter:card\" content=\"summary_large_image\" \/>\n<meta name=\"twitter:creator\" content=\"@LatAmJournalism\" \/>\n<meta name=\"twitter:site\" content=\"@LatAmJournalism\" \/>\n<meta name=\"twitter:label1\" content=\"Written by\" \/>\n\t<meta name=\"twitter:data1\" content=\"Knight Center\" \/>\n\t<meta name=\"twitter:label2\" content=\"Est. reading time\" \/>\n\t<meta name=\"twitter:data2\" content=\"4 minutos\" \/>\n<script type=\"application\/ld+json\" class=\"yoast-schema-graph\">{\"@context\":\"https:\\\/\\\/schema.org\",\"@graph\":[{\"@type\":\"Article\",\"@id\":\"https:\\\/\\\/latamjournalismreview.org\\\/es\\\/articles\\\/caricaturista-es-el-primer-comunicador-en-ecuador-llamado-a-rendir-cuentas-bajo-controversial-ley-de-comunicacion\\\/#article\",\"isPartOf\":{\"@id\":\"https:\\\/\\\/latamjournalismreview.org\\\/es\\\/articles\\\/caricaturista-es-el-primer-comunicador-en-ecuador-llamado-a-rendir-cuentas-bajo-controversial-ley-de-comunicacion\\\/\"},\"author\":{\"name\":\"Knight Center\",\"@id\":\"https:\\\/\\\/latamjournalismreview.org\\\/es\\\/#\\\/schema\\\/person\\\/6c325fd0fef0cd167424c683e6577e19\"},\"headline\":\"Caricaturista es el primer comunicador en Ecuador llamado a rendir cuentas bajo controversial Ley de Comunicaci\u00f3n\",\"datePublished\":\"2014-01-24T22:31:18+00:00\",\"dateModified\":\"2021-09-15T16:36:23+00:00\",\"mainEntityOfPage\":{\"@id\":\"https:\\\/\\\/latamjournalismreview.org\\\/es\\\/articles\\\/caricaturista-es-el-primer-comunicador-en-ecuador-llamado-a-rendir-cuentas-bajo-controversial-ley-de-comunicacion\\\/\"},\"wordCount\":751,\"publisher\":{\"@id\":\"https:\\\/\\\/latamjournalismreview.org\\\/es\\\/#organization\"},\"image\":{\"@id\":\"https:\\\/\\\/latamjournalismreview.org\\\/es\\\/articles\\\/caricaturista-es-el-primer-comunicador-en-ecuador-llamado-a-rendir-cuentas-bajo-controversial-ley-de-comunicacion\\\/#primaryimage\"},\"thumbnailUrl\":\"https:\\\/\\\/latamjournalismreview.org\\\/wp-content\\\/uploads\\\/2021\\\/09\\\/Caricatura-Bonil-Dic-2018-Supercom.jpg\",\"keywords\":[\"Ecuador\"],\"articleSection\":[\"Libertad de prensa\"],\"inLanguage\":\"es\"},{\"@type\":\"WebPage\",\"@id\":\"https:\\\/\\\/latamjournalismreview.org\\\/es\\\/articles\\\/caricaturista-es-el-primer-comunicador-en-ecuador-llamado-a-rendir-cuentas-bajo-controversial-ley-de-comunicacion\\\/\",\"url\":\"https:\\\/\\\/latamjournalismreview.org\\\/es\\\/articles\\\/caricaturista-es-el-primer-comunicador-en-ecuador-llamado-a-rendir-cuentas-bajo-controversial-ley-de-comunicacion\\\/\",\"name\":\"Caricaturista es el primer comunicador en Ecuador llamado a rendir cuentas bajo controversial Ley de Comunicaci\u00f3n - LatAm Journalism Review\",\"isPartOf\":{\"@id\":\"https:\\\/\\\/latamjournalismreview.org\\\/es\\\/#website\"},\"primaryImageOfPage\":{\"@id\":\"https:\\\/\\\/latamjournalismreview.org\\\/es\\\/articles\\\/caricaturista-es-el-primer-comunicador-en-ecuador-llamado-a-rendir-cuentas-bajo-controversial-ley-de-comunicacion\\\/#primaryimage\"},\"image\":{\"@id\":\"https:\\\/\\\/latamjournalismreview.org\\\/es\\\/articles\\\/caricaturista-es-el-primer-comunicador-en-ecuador-llamado-a-rendir-cuentas-bajo-controversial-ley-de-comunicacion\\\/#primaryimage\"},\"thumbnailUrl\":\"https:\\\/\\\/latamjournalismreview.org\\\/wp-content\\\/uploads\\\/2021\\\/09\\\/Caricatura-Bonil-Dic-2018-Supercom.jpg\",\"datePublished\":\"2014-01-24T22:31:18+00:00\",\"dateModified\":\"2021-09-15T16:36:23+00:00\",\"description\":\"Caricaturista es el primer comunicador en Ecuador llamado a rendir cuentas bajo controversial Ley de Comunicaci\u00f3n Libertad de prensa. Latin American Journalism Review by The Knight Center at The University of Texas at Austin.\",\"breadcrumb\":{\"@id\":\"https:\\\/\\\/latamjournalismreview.org\\\/es\\\/articles\\\/caricaturista-es-el-primer-comunicador-en-ecuador-llamado-a-rendir-cuentas-bajo-controversial-ley-de-comunicacion\\\/#breadcrumb\"},\"inLanguage\":\"es\",\"potentialAction\":[{\"@type\":\"ReadAction\",\"target\":[\"https:\\\/\\\/latamjournalismreview.org\\\/es\\\/articles\\\/caricaturista-es-el-primer-comunicador-en-ecuador-llamado-a-rendir-cuentas-bajo-controversial-ley-de-comunicacion\\\/\"]}]},{\"@type\":\"ImageObject\",\"inLanguage\":\"es\",\"@id\":\"https:\\\/\\\/latamjournalismreview.org\\\/es\\\/articles\\\/caricaturista-es-el-primer-comunicador-en-ecuador-llamado-a-rendir-cuentas-bajo-controversial-ley-de-comunicacion\\\/#primaryimage\",\"url\":\"https:\\\/\\\/latamjournalismreview.org\\\/wp-content\\\/uploads\\\/2021\\\/09\\\/Caricatura-Bonil-Dic-2018-Supercom.jpg\",\"contentUrl\":\"https:\\\/\\\/latamjournalismreview.org\\\/wp-content\\\/uploads\\\/2021\\\/09\\\/Caricatura-Bonil-Dic-2018-Supercom.jpg\"},{\"@type\":\"BreadcrumbList\",\"@id\":\"https:\\\/\\\/latamjournalismreview.org\\\/es\\\/articles\\\/caricaturista-es-el-primer-comunicador-en-ecuador-llamado-a-rendir-cuentas-bajo-controversial-ley-de-comunicacion\\\/#breadcrumb\",\"itemListElement\":[{\"@type\":\"ListItem\",\"position\":1,\"name\":\"Home\",\"item\":\"https:\\\/\\\/latamjournalismreview.org\\\/es\\\/\"},{\"@type\":\"ListItem\",\"position\":2,\"name\":\"Caricaturista es el primer comunicador en Ecuador llamado a rendir cuentas bajo controversial Ley de Comunicaci\u00f3n\"}]},{\"@type\":\"WebSite\",\"@id\":\"https:\\\/\\\/latamjournalismreview.org\\\/es\\\/#website\",\"url\":\"https:\\\/\\\/latamjournalismreview.org\\\/es\\\/\",\"name\":\"LatAm Journalism Review\",\"description\":\"Knight Center at The University of Texas\",\"publisher\":{\"@id\":\"https:\\\/\\\/latamjournalismreview.org\\\/es\\\/#organization\"},\"potentialAction\":[{\"@type\":\"SearchAction\",\"target\":{\"@type\":\"EntryPoint\",\"urlTemplate\":\"https:\\\/\\\/latamjournalismreview.org\\\/es\\\/?s={search_term_string}\"},\"query-input\":{\"@type\":\"PropertyValueSpecification\",\"valueRequired\":true,\"valueName\":\"search_term_string\"}}],\"inLanguage\":\"es\"},{\"@type\":\"Organization\",\"@id\":\"https:\\\/\\\/latamjournalismreview.org\\\/es\\\/#organization\",\"name\":\"LatAm Journalism Review\",\"url\":\"https:\\\/\\\/latamjournalismreview.org\\\/es\\\/\",\"logo\":{\"@type\":\"ImageObject\",\"inLanguage\":\"es\",\"@id\":\"https:\\\/\\\/latamjournalismreview.org\\\/es\\\/#\\\/schema\\\/logo\\\/image\\\/\",\"url\":\"https:\\\/\\\/latamjournalismreview.org\\\/wp-content\\\/uploads\\\/2020\\\/05\\\/knight-latAm-review-logo.svg\",\"contentUrl\":\"https:\\\/\\\/latamjournalismreview.org\\\/wp-content\\\/uploads\\\/2020\\\/05\\\/knight-latAm-review-logo.svg\",\"width\":\"1024\",\"height\":\"1024\",\"caption\":\"LatAm Journalism Review\"},\"image\":{\"@id\":\"https:\\\/\\\/latamjournalismreview.org\\\/es\\\/#\\\/schema\\\/logo\\\/image\\\/\"},\"sameAs\":[\"https:\\\/\\\/x.com\\\/LatAmJournalism\"]},{\"@type\":\"Person\",\"@id\":\"https:\\\/\\\/latamjournalismreview.org\\\/es\\\/#\\\/schema\\\/person\\\/6c325fd0fef0cd167424c683e6577e19\",\"name\":\"Knight Center\",\"url\":\"https:\\\/\\\/latamjournalismreview.org\\\/es\\\/articles\\\/author\\\/knight-center\\\/\"}]}<\/script>\n<!-- \/ Yoast SEO Premium plugin. -->","yoast_head_json":{"title":"Caricaturista es el primer comunicador en Ecuador llamado a rendir cuentas bajo controversial Ley de Comunicaci\u00f3n - LatAm Journalism Review","description":"Caricaturista es el primer comunicador en Ecuador llamado a rendir cuentas bajo controversial Ley de Comunicaci\u00f3n Libertad de prensa. Latin American Journalism Review by The Knight Center at The University of Texas at Austin.","robots":{"index":"index","follow":"follow","max-snippet":"max-snippet:-1","max-image-preview":"max-image-preview:large","max-video-preview":"max-video-preview:-1"},"canonical":"https:\/\/latamjournalismreview.org\/es\/articles\/caricaturista-es-el-primer-comunicador-en-ecuador-llamado-a-rendir-cuentas-bajo-controversial-ley-de-comunicacion\/","og_locale":"es_ES","og_type":"article","og_title":"Caricaturista es el primer comunicador en Ecuador llamado a rendir cuentas bajo controversial Ley de Comunicaci\u00f3n","og_description":"Caricaturista es el primer comunicador en Ecuador llamado a rendir cuentas bajo controversial Ley de Comunicaci\u00f3n Libertad de prensa. Latin American Journalism Review by The Knight Center at The University of Texas at Austin.","og_url":"https:\/\/latamjournalismreview.org\/es\/articles\/caricaturista-es-el-primer-comunicador-en-ecuador-llamado-a-rendir-cuentas-bajo-controversial-ley-de-comunicacion\/","og_site_name":"LatAm Journalism Review","article_published_time":"2014-01-24T22:31:18+00:00","article_modified_time":"2021-09-15T16:36:23+00:00","og_image":[{"url":"https:\/\/latamjournalismreview.org\/wp-content\/uploads\/2021\/09\/Caricatura-Bonil-Dic-2018-Supercom.jpg","type":"","width":"","height":""}],"author":"Knight Center","twitter_card":"summary_large_image","twitter_creator":"@LatAmJournalism","twitter_site":"@LatAmJournalism","twitter_misc":{"Written by":"Knight Center","Est. reading time":"4 minutos"},"schema":{"@context":"https:\/\/schema.org","@graph":[{"@type":"Article","@id":"https:\/\/latamjournalismreview.org\/es\/articles\/caricaturista-es-el-primer-comunicador-en-ecuador-llamado-a-rendir-cuentas-bajo-controversial-ley-de-comunicacion\/#article","isPartOf":{"@id":"https:\/\/latamjournalismreview.org\/es\/articles\/caricaturista-es-el-primer-comunicador-en-ecuador-llamado-a-rendir-cuentas-bajo-controversial-ley-de-comunicacion\/"},"author":{"name":"Knight Center","@id":"https:\/\/latamjournalismreview.org\/es\/#\/schema\/person\/6c325fd0fef0cd167424c683e6577e19"},"headline":"Caricaturista es el primer comunicador en Ecuador llamado a rendir cuentas bajo controversial Ley de Comunicaci\u00f3n","datePublished":"2014-01-24T22:31:18+00:00","dateModified":"2021-09-15T16:36:23+00:00","mainEntityOfPage":{"@id":"https:\/\/latamjournalismreview.org\/es\/articles\/caricaturista-es-el-primer-comunicador-en-ecuador-llamado-a-rendir-cuentas-bajo-controversial-ley-de-comunicacion\/"},"wordCount":751,"publisher":{"@id":"https:\/\/latamjournalismreview.org\/es\/#organization"},"image":{"@id":"https:\/\/latamjournalismreview.org\/es\/articles\/caricaturista-es-el-primer-comunicador-en-ecuador-llamado-a-rendir-cuentas-bajo-controversial-ley-de-comunicacion\/#primaryimage"},"thumbnailUrl":"https:\/\/latamjournalismreview.org\/wp-content\/uploads\/2021\/09\/Caricatura-Bonil-Dic-2018-Supercom.jpg","keywords":["Ecuador"],"articleSection":["Libertad de prensa"],"inLanguage":"es"},{"@type":"WebPage","@id":"https:\/\/latamjournalismreview.org\/es\/articles\/caricaturista-es-el-primer-comunicador-en-ecuador-llamado-a-rendir-cuentas-bajo-controversial-ley-de-comunicacion\/","url":"https:\/\/latamjournalismreview.org\/es\/articles\/caricaturista-es-el-primer-comunicador-en-ecuador-llamado-a-rendir-cuentas-bajo-controversial-ley-de-comunicacion\/","name":"Caricaturista es el primer comunicador en Ecuador llamado a rendir cuentas bajo controversial Ley de Comunicaci\u00f3n - LatAm Journalism Review","isPartOf":{"@id":"https:\/\/latamjournalismreview.org\/es\/#website"},"primaryImageOfPage":{"@id":"https:\/\/latamjournalismreview.org\/es\/articles\/caricaturista-es-el-primer-comunicador-en-ecuador-llamado-a-rendir-cuentas-bajo-controversial-ley-de-comunicacion\/#primaryimage"},"image":{"@id":"https:\/\/latamjournalismreview.org\/es\/articles\/caricaturista-es-el-primer-comunicador-en-ecuador-llamado-a-rendir-cuentas-bajo-controversial-ley-de-comunicacion\/#primaryimage"},"thumbnailUrl":"https:\/\/latamjournalismreview.org\/wp-content\/uploads\/2021\/09\/Caricatura-Bonil-Dic-2018-Supercom.jpg","datePublished":"2014-01-24T22:31:18+00:00","dateModified":"2021-09-15T16:36:23+00:00","description":"Caricaturista es el primer comunicador en Ecuador llamado a rendir cuentas bajo controversial Ley de Comunicaci\u00f3n Libertad de prensa. Latin American Journalism Review by The Knight Center at The University of Texas at Austin.","breadcrumb":{"@id":"https:\/\/latamjournalismreview.org\/es\/articles\/caricaturista-es-el-primer-comunicador-en-ecuador-llamado-a-rendir-cuentas-bajo-controversial-ley-de-comunicacion\/#breadcrumb"},"inLanguage":"es","potentialAction":[{"@type":"ReadAction","target":["https:\/\/latamjournalismreview.org\/es\/articles\/caricaturista-es-el-primer-comunicador-en-ecuador-llamado-a-rendir-cuentas-bajo-controversial-ley-de-comunicacion\/"]}]},{"@type":"ImageObject","inLanguage":"es","@id":"https:\/\/latamjournalismreview.org\/es\/articles\/caricaturista-es-el-primer-comunicador-en-ecuador-llamado-a-rendir-cuentas-bajo-controversial-ley-de-comunicacion\/#primaryimage","url":"https:\/\/latamjournalismreview.org\/wp-content\/uploads\/2021\/09\/Caricatura-Bonil-Dic-2018-Supercom.jpg","contentUrl":"https:\/\/latamjournalismreview.org\/wp-content\/uploads\/2021\/09\/Caricatura-Bonil-Dic-2018-Supercom.jpg"},{"@type":"BreadcrumbList","@id":"https:\/\/latamjournalismreview.org\/es\/articles\/caricaturista-es-el-primer-comunicador-en-ecuador-llamado-a-rendir-cuentas-bajo-controversial-ley-de-comunicacion\/#breadcrumb","itemListElement":[{"@type":"ListItem","position":1,"name":"Home","item":"https:\/\/latamjournalismreview.org\/es\/"},{"@type":"ListItem","position":2,"name":"Caricaturista es el primer comunicador en Ecuador llamado a rendir cuentas bajo controversial Ley de Comunicaci\u00f3n"}]},{"@type":"WebSite","@id":"https:\/\/latamjournalismreview.org\/es\/#website","url":"https:\/\/latamjournalismreview.org\/es\/","name":"LatAm Journalism Review","description":"Knight Center at The University of Texas","publisher":{"@id":"https:\/\/latamjournalismreview.org\/es\/#organization"},"potentialAction":[{"@type":"SearchAction","target":{"@type":"EntryPoint","urlTemplate":"https:\/\/latamjournalismreview.org\/es\/?s={search_term_string}"},"query-input":{"@type":"PropertyValueSpecification","valueRequired":true,"valueName":"search_term_string"}}],"inLanguage":"es"},{"@type":"Organization","@id":"https:\/\/latamjournalismreview.org\/es\/#organization","name":"LatAm Journalism Review","url":"https:\/\/latamjournalismreview.org\/es\/","logo":{"@type":"ImageObject","inLanguage":"es","@id":"https:\/\/latamjournalismreview.org\/es\/#\/schema\/logo\/image\/","url":"https:\/\/latamjournalismreview.org\/wp-content\/uploads\/2020\/05\/knight-latAm-review-logo.svg","contentUrl":"https:\/\/latamjournalismreview.org\/wp-content\/uploads\/2020\/05\/knight-latAm-review-logo.svg","width":"1024","height":"1024","caption":"LatAm Journalism Review"},"image":{"@id":"https:\/\/latamjournalismreview.org\/es\/#\/schema\/logo\/image\/"},"sameAs":["https:\/\/x.com\/LatAmJournalism"]},{"@type":"Person","@id":"https:\/\/latamjournalismreview.org\/es\/#\/schema\/person\/6c325fd0fef0cd167424c683e6577e19","name":"Knight Center","url":"https:\/\/latamjournalismreview.org\/es\/articles\/author\/knight-center\/"}]}},"_links":{"self":[{"href":"https:\/\/latamjournalismreview.org\/es\/wp-json\/wp\/v2\/posts\/31686","targetHints":{"allow":["GET"]}}],"collection":[{"href":"https:\/\/latamjournalismreview.org\/es\/wp-json\/wp\/v2\/posts"}],"about":[{"href":"https:\/\/latamjournalismreview.org\/es\/wp-json\/wp\/v2\/types\/post"}],"author":[{"embeddable":true,"href":"https:\/\/latamjournalismreview.org\/es\/wp-json\/wp\/v2\/users\/22"}],"replies":[{"embeddable":true,"href":"https:\/\/latamjournalismreview.org\/es\/wp-json\/wp\/v2\/comments?post=31686"}],"version-history":[{"count":7,"href":"https:\/\/latamjournalismreview.org\/es\/wp-json\/wp\/v2\/posts\/31686\/revisions"}],"predecessor-version":[{"id":31688,"href":"https:\/\/latamjournalismreview.org\/es\/wp-json\/wp\/v2\/posts\/31686\/revisions\/31688"}],"wp:attachment":[{"href":"https:\/\/latamjournalismreview.org\/es\/wp-json\/wp\/v2\/media?parent=31686"}],"wp:term":[{"taxonomy":"category","embeddable":true,"href":"https:\/\/latamjournalismreview.org\/es\/wp-json\/wp\/v2\/categories?post=31686"},{"taxonomy":"post_tag","embeddable":true,"href":"https:\/\/latamjournalismreview.org\/es\/wp-json\/wp\/v2\/tags?post=31686"},{"taxonomy":"author","embeddable":true,"href":"https:\/\/latamjournalismreview.org\/es\/wp-json\/wp\/v2\/coauthors?post=31686"}],"curies":[{"name":"wp","href":"https:\/\/api.w.org\/{rel}","templated":true}]}}