{"id":31819,"date":"2012-08-30T20:47:02","date_gmt":"2012-08-31T01:47:02","guid":{"rendered":"https:\/\/latamjournalismreview.org\/?p=31819"},"modified":"2021-09-16T13:07:38","modified_gmt":"2021-09-16T18:07:38","slug":"por-agresiones-a-una-periodista-condenan-a-miembro-de-comite-de-seguridad-en-guatemala","status":"publish","type":"post","link":"https:\/\/latamjournalismreview.org\/es\/articles\/por-agresiones-a-una-periodista-condenan-a-miembro-de-comite-de-seguridad-en-guatemala\/","title":{"rendered":"Por agresiones a una periodista, condenan a miembro de comit\u00e9 de seguridad en Guatemala"},"content":{"rendered":"<p>Por los delitos de\u00a0<a href=\"http:\/\/cerigua.org\/1520\/index.php?option=com_content&amp;view=article&amp;id=10126:condenan-a-miembro-de-comite-de-seguridad-por-agresiones-a-periodista&amp;catid=48:libertad-de-expresion&amp;Itemid=10\" target=\"_blank\" rel=\"noopener\">discriminaci\u00f3n y amenazas contra una periodista en Guatemala,\u00a0<\/a>un juez conden\u00f3 a tres a\u00f1os y ocho meses de prisi\u00f3n al vicepresidente de la Comisi\u00f3n de Seguridad de\u00a0<a href=\"http:\/\/es.wikipedia.org\/wiki\/Panajachel\" target=\"_blank\" rel=\"noopener\">Panajachel,\u00a0<\/a><a href=\"http:\/\/es.wikipedia.org\/wiki\/Solol%C3%A1\" target=\"_blank\" rel=\"noopener\">Solol\u00e1\u00a0<\/a>(sur occidente del pa\u00eds), seg\u00fan inform\u00f3 el Centro de Reportes Informativos de Guatemala (Cerigua).<\/p>\n<p>Los hechos se presentaron el pasado 27 de octubre de 2011 cuando Juan Manuel Ral\u00f3n, vicepresidente condenado,\u00a0<a href=\"http:\/\/knightcenter.utexas.edu\/es\/blog\/columnista-de-guatemala-es-amenazada-tras-denunciar-abusos-de-fuerzas-de-seguridad\" target=\"_blank\" rel=\"noopener\">pronunci\u00f3 comentarios y amenazas en contra de la periodista Luc\u00eda Escobar.\u00a0<\/a>D\u00edas antes la comunicadora hab\u00eda publicado la existencia de denuncias contra este comit\u00e9 de seguridad por delitos como abuso de autoridad, tortura, secuestro, asesinato, entre otros.<\/p>\n<p>Seg\u00fan el diario elPeriodico,\u00a0<a href=\"http:\/\/www.elperiodico.com.gt\/es\/20120829\/pais\/217138\/\" target=\"_blank\" rel=\"noopener\">la Unidad de Delitos contra Periodistas del Ministerio P\u00fablico (MP) logr\u00f3 demostrar que Ral\u00f3n cometi\u00f3 los delitos<\/a>\u00a0por los que fue condenado cuando se refiri\u00f3 a la periodista de la siguiente manera: \u201cEse lago\u00a0<a href=\"http:\/\/es.wikipedia.org\/wiki\/Lago_Atitl%C3%A1n\" target=\"_blank\" rel=\"noopener\">(Atitl\u00e1n)\u00a0<\/a>no merece tener escorias como usted, usted merece ir a parar, pero a donde va este papel, a la basura\u201d.<\/p>\n<p><em>Nota del editor: Esta historia fue publicada originalmente en el blog Periodismo en las Am\u00e9ricas del Centro Knight, el predecesor de LatAm Journalism Review.<\/em><\/p>\n","protected":false},"excerpt":{"rendered":"<p>Por los delitos de\u00a0discriminaci\u00f3n y amenazas contra una periodista en Guatemala,\u00a0un juez conden\u00f3 a tres a\u00f1os y ocho meses de prisi\u00f3n al vicepresidente de la Comisi\u00f3n de Seguridad de\u00a0Panajachel,\u00a0Solol\u00e1\u00a0(sur occidente del pa\u00eds), seg\u00fan inform\u00f3 el Centro de Reportes Informativos de Guatemala (Cerigua).<\/p>\n","protected":false},"author":13,"featured_media":0,"comment_status":"closed","ping_status":"closed","sticky":false,"template":"","format":"standard","meta":{"inline_featured_image":false,"footnotes":""},"categories":[1222],"tags":[],"coauthors":[],"class_list":["post-31819","post","type-post","status-publish","format-standard","hentry","category-violencia-contra-periodistas-es"],"acf":[],"yoast_head":"<!-- This site is optimized with the Yoast SEO Premium plugin v22.6 (Yoast SEO v27.4) - https:\/\/yoast.com\/product\/yoast-seo-premium-wordpress\/ -->\n<title>Por agresiones a una periodista, condenan a miembro de comit\u00e9 de seguridad en Guatemala - LatAm Journalism Review<\/title>\n<meta name=\"description\" content=\"Por agresiones a una periodista, condenan a miembro de comit\u00e9 de seguridad en Guatemala Violencia contra periodistas. Latin American Journalism Review by The Knight Center at The University of Texas at Austin.\" \/>\n<meta name=\"robots\" content=\"index, follow, max-snippet:-1, max-image-preview:large, max-video-preview:-1\" \/>\n<link rel=\"canonical\" href=\"https:\/\/latamjournalismreview.org\/es\/articles\/por-agresiones-a-una-periodista-condenan-a-miembro-de-comite-de-seguridad-en-guatemala\/\" \/>\n<meta property=\"og:locale\" content=\"es_ES\" \/>\n<meta property=\"og:type\" content=\"article\" \/>\n<meta property=\"og:title\" content=\"Por agresiones a una periodista, condenan a miembro de comit\u00e9 de seguridad en Guatemala\" \/>\n<meta property=\"og:description\" content=\"Por agresiones a una periodista, condenan a miembro de comit\u00e9 de seguridad en Guatemala Violencia contra periodistas. Latin American Journalism Review by The Knight Center at The University of Texas at Austin.\" \/>\n<meta property=\"og:url\" content=\"https:\/\/latamjournalismreview.org\/es\/articles\/por-agresiones-a-una-periodista-condenan-a-miembro-de-comite-de-seguridad-en-guatemala\/\" \/>\n<meta property=\"og:site_name\" content=\"LatAm Journalism Review\" \/>\n<meta property=\"article:published_time\" content=\"2012-08-31T01:47:02+00:00\" \/>\n<meta property=\"article:modified_time\" content=\"2021-09-16T18:07:38+00:00\" \/>\n<meta name=\"author\" content=\"Silvia Higuera\" \/>\n<meta name=\"twitter:card\" content=\"summary_large_image\" \/>\n<meta name=\"twitter:creator\" content=\"@shiguerita\" \/>\n<meta name=\"twitter:site\" content=\"@LatAmJournalism\" \/>\n<meta name=\"twitter:label1\" content=\"Written by\" \/>\n\t<meta name=\"twitter:data1\" content=\"Silvia Higuera\" \/>\n\t<meta name=\"twitter:label2\" content=\"Est. reading time\" \/>\n\t<meta name=\"twitter:data2\" content=\"1 minuto\" \/>\n<script type=\"application\/ld+json\" class=\"yoast-schema-graph\">{\"@context\":\"https:\\\/\\\/schema.org\",\"@graph\":[{\"@type\":\"Article\",\"@id\":\"https:\\\/\\\/latamjournalismreview.org\\\/es\\\/articles\\\/por-agresiones-a-una-periodista-condenan-a-miembro-de-comite-de-seguridad-en-guatemala\\\/#article\",\"isPartOf\":{\"@id\":\"https:\\\/\\\/latamjournalismreview.org\\\/es\\\/articles\\\/por-agresiones-a-una-periodista-condenan-a-miembro-de-comite-de-seguridad-en-guatemala\\\/\"},\"author\":{\"name\":\"Silvia Higuera\",\"@id\":\"https:\\\/\\\/latamjournalismreview.org\\\/es\\\/#\\\/schema\\\/person\\\/eac7baa6afada0957e047be9fc15703a\"},\"headline\":\"Por agresiones a una periodista, condenan a miembro de comit\u00e9 de seguridad en Guatemala\",\"datePublished\":\"2012-08-31T01:47:02+00:00\",\"dateModified\":\"2021-09-16T18:07:38+00:00\",\"mainEntityOfPage\":{\"@id\":\"https:\\\/\\\/latamjournalismreview.org\\\/es\\\/articles\\\/por-agresiones-a-una-periodista-condenan-a-miembro-de-comite-de-seguridad-en-guatemala\\\/\"},\"wordCount\":211,\"publisher\":{\"@id\":\"https:\\\/\\\/latamjournalismreview.org\\\/es\\\/#organization\"},\"articleSection\":[\"Violencia contra periodistas\"],\"inLanguage\":\"es\"},{\"@type\":\"WebPage\",\"@id\":\"https:\\\/\\\/latamjournalismreview.org\\\/es\\\/articles\\\/por-agresiones-a-una-periodista-condenan-a-miembro-de-comite-de-seguridad-en-guatemala\\\/\",\"url\":\"https:\\\/\\\/latamjournalismreview.org\\\/es\\\/articles\\\/por-agresiones-a-una-periodista-condenan-a-miembro-de-comite-de-seguridad-en-guatemala\\\/\",\"name\":\"Por agresiones a una periodista, condenan a miembro de comit\u00e9 de seguridad en Guatemala - LatAm Journalism Review\",\"isPartOf\":{\"@id\":\"https:\\\/\\\/latamjournalismreview.org\\\/es\\\/#website\"},\"datePublished\":\"2012-08-31T01:47:02+00:00\",\"dateModified\":\"2021-09-16T18:07:38+00:00\",\"description\":\"Por agresiones a una periodista, condenan a miembro de comit\u00e9 de seguridad en Guatemala Violencia contra periodistas. Latin American Journalism Review by The Knight Center at The University of Texas at Austin.\",\"breadcrumb\":{\"@id\":\"https:\\\/\\\/latamjournalismreview.org\\\/es\\\/articles\\\/por-agresiones-a-una-periodista-condenan-a-miembro-de-comite-de-seguridad-en-guatemala\\\/#breadcrumb\"},\"inLanguage\":\"es\",\"potentialAction\":[{\"@type\":\"ReadAction\",\"target\":[\"https:\\\/\\\/latamjournalismreview.org\\\/es\\\/articles\\\/por-agresiones-a-una-periodista-condenan-a-miembro-de-comite-de-seguridad-en-guatemala\\\/\"]}]},{\"@type\":\"BreadcrumbList\",\"@id\":\"https:\\\/\\\/latamjournalismreview.org\\\/es\\\/articles\\\/por-agresiones-a-una-periodista-condenan-a-miembro-de-comite-de-seguridad-en-guatemala\\\/#breadcrumb\",\"itemListElement\":[{\"@type\":\"ListItem\",\"position\":1,\"name\":\"Home\",\"item\":\"https:\\\/\\\/latamjournalismreview.org\\\/es\\\/\"},{\"@type\":\"ListItem\",\"position\":2,\"name\":\"Por agresiones a una periodista, condenan a miembro de comit\u00e9 de seguridad en Guatemala\"}]},{\"@type\":\"WebSite\",\"@id\":\"https:\\\/\\\/latamjournalismreview.org\\\/es\\\/#website\",\"url\":\"https:\\\/\\\/latamjournalismreview.org\\\/es\\\/\",\"name\":\"LatAm Journalism Review\",\"description\":\"Knight Center at The University of Texas\",\"publisher\":{\"@id\":\"https:\\\/\\\/latamjournalismreview.org\\\/es\\\/#organization\"},\"potentialAction\":[{\"@type\":\"SearchAction\",\"target\":{\"@type\":\"EntryPoint\",\"urlTemplate\":\"https:\\\/\\\/latamjournalismreview.org\\\/es\\\/?s={search_term_string}\"},\"query-input\":{\"@type\":\"PropertyValueSpecification\",\"valueRequired\":true,\"valueName\":\"search_term_string\"}}],\"inLanguage\":\"es\"},{\"@type\":\"Organization\",\"@id\":\"https:\\\/\\\/latamjournalismreview.org\\\/es\\\/#organization\",\"name\":\"LatAm Journalism Review\",\"url\":\"https:\\\/\\\/latamjournalismreview.org\\\/es\\\/\",\"logo\":{\"@type\":\"ImageObject\",\"inLanguage\":\"es\",\"@id\":\"https:\\\/\\\/latamjournalismreview.org\\\/es\\\/#\\\/schema\\\/logo\\\/image\\\/\",\"url\":\"https:\\\/\\\/latamjournalismreview.org\\\/wp-content\\\/uploads\\\/2020\\\/05\\\/knight-latAm-review-logo.svg\",\"contentUrl\":\"https:\\\/\\\/latamjournalismreview.org\\\/wp-content\\\/uploads\\\/2020\\\/05\\\/knight-latAm-review-logo.svg\",\"width\":\"1024\",\"height\":\"1024\",\"caption\":\"LatAm Journalism Review\"},\"image\":{\"@id\":\"https:\\\/\\\/latamjournalismreview.org\\\/es\\\/#\\\/schema\\\/logo\\\/image\\\/\"},\"sameAs\":[\"https:\\\/\\\/x.com\\\/LatAmJournalism\"]},{\"@type\":\"Person\",\"@id\":\"https:\\\/\\\/latamjournalismreview.org\\\/es\\\/#\\\/schema\\\/person\\\/eac7baa6afada0957e047be9fc15703a\",\"name\":\"Silvia Higuera\",\"description\":\"Silvia A. Higuera Fl\u00f3rez is a Colombian journalist interested in covering Latin American issues and human rights, especially the right to freedom of expression, and investigative journalism. She studied Social Communication and Journalism at Universidad Pontificia Bolivariana in Bucaramanga (Colombia), and received her Master's of Arts in Journalism from the University of Texas at Austin in 2015. She worked with the Office of the Special Rapporteur for Freedom of Expression of the Inter-American Commission on Human Rights (IACHR) under the Orlando Sierra fellowship during 2014. She also worked for the Colombian newspaper Vanguardia Liberal and wrote for different magazines about local, economic and public order issues. Her work has also appeared in The Miami Herald and El Nuevo Herald of Miami. Email: silvia.knightcenter@gmail.com Silvia A. Higuera Fl\u00f3rez es una periodista colombiana con inter\u00e9s period\u00edstico es Am\u00e9rica Latina y los derechos humanos, particularmente el derecho a la libertad de expresi\u00f3n, as\u00ed como el periodismo de investigaci\u00f3n. Estudi\u00f3 Comunicaci\u00f3n Social \u2013 Periodismo en la Universidad Pontificia Bolivariana de Bucaramanga (Colombia), y recibi\u00f3 su maestr\u00eda en Periodismo en la Universidad de Texas, en Austin en 2015. Trabaj\u00f3 para la Relator\u00eda Especial para la Libertad de Expresi\u00f3n de la Comisi\u00f3n Interamericana de Derechos Humanos (CIDH) en el marco de la beca Orlando Sierra, durante 2014. Tambi\u00e9n hizo parte del diario Vanguardia Liberal y escribi\u00f3 para otras revistas colombianas cubriendo fuentes locales, econ\u00f3micas y judiciales. Algunos de sus trabajos han aparecido en The Miami Herald y El Nuevo Herald de Miami. Silvia A. Higuera Fl\u00f3rez \u00e9 uma jornalista colombiana e seu interesse jornal\u00edstico \u00e9 a Am\u00e9rica Latina e os direitos humanos, nomeadamente o direito \u00e0 liberdade de express\u00e3o. Estudou Comunica\u00e7\u00e3o Social \u2013 Jornalismo na Universidade Pontif\u00edcia Bolivariana de Bucaramanga, na Col\u00f4mbia e completou seu mestrado em jornalismo na Universidade do Texas em Austin. Silvia trabalhou na Relatoria para a Liberdade de Express\u00e3o da CIDH pela bolsa Orlando Sierra, em 2014. Trabalhou para o jornal Vanguardia Liberal e escreveu para outras revistas colombianas cobrindo temas locais, econ\u00f4micas e judici\u00e1rias. Alguns de seus trabalhos apareceram no The Miami Herald e no El Nuevo Herald de Miami.\",\"sameAs\":[\"https:\\\/\\\/x.com\\\/shiguerita\"],\"url\":\"https:\\\/\\\/latamjournalismreview.org\\\/es\\\/articles\\\/author\\\/silvia-higuera\\\/\"}]}<\/script>\n<!-- \/ Yoast SEO Premium plugin. -->","yoast_head_json":{"title":"Por agresiones a una periodista, condenan a miembro de comit\u00e9 de seguridad en Guatemala - LatAm Journalism Review","description":"Por agresiones a una periodista, condenan a miembro de comit\u00e9 de seguridad en Guatemala Violencia contra periodistas. Latin American Journalism Review by The Knight Center at The University of Texas at Austin.","robots":{"index":"index","follow":"follow","max-snippet":"max-snippet:-1","max-image-preview":"max-image-preview:large","max-video-preview":"max-video-preview:-1"},"canonical":"https:\/\/latamjournalismreview.org\/es\/articles\/por-agresiones-a-una-periodista-condenan-a-miembro-de-comite-de-seguridad-en-guatemala\/","og_locale":"es_ES","og_type":"article","og_title":"Por agresiones a una periodista, condenan a miembro de comit\u00e9 de seguridad en Guatemala","og_description":"Por agresiones a una periodista, condenan a miembro de comit\u00e9 de seguridad en Guatemala Violencia contra periodistas. Latin American Journalism Review by The Knight Center at The University of Texas at Austin.","og_url":"https:\/\/latamjournalismreview.org\/es\/articles\/por-agresiones-a-una-periodista-condenan-a-miembro-de-comite-de-seguridad-en-guatemala\/","og_site_name":"LatAm Journalism Review","article_published_time":"2012-08-31T01:47:02+00:00","article_modified_time":"2021-09-16T18:07:38+00:00","author":"Silvia Higuera","twitter_card":"summary_large_image","twitter_creator":"@shiguerita","twitter_site":"@LatAmJournalism","twitter_misc":{"Written by":"Silvia Higuera","Est. reading time":"1 minuto"},"schema":{"@context":"https:\/\/schema.org","@graph":[{"@type":"Article","@id":"https:\/\/latamjournalismreview.org\/es\/articles\/por-agresiones-a-una-periodista-condenan-a-miembro-de-comite-de-seguridad-en-guatemala\/#article","isPartOf":{"@id":"https:\/\/latamjournalismreview.org\/es\/articles\/por-agresiones-a-una-periodista-condenan-a-miembro-de-comite-de-seguridad-en-guatemala\/"},"author":{"name":"Silvia Higuera","@id":"https:\/\/latamjournalismreview.org\/es\/#\/schema\/person\/eac7baa6afada0957e047be9fc15703a"},"headline":"Por agresiones a una periodista, condenan a miembro de comit\u00e9 de seguridad en Guatemala","datePublished":"2012-08-31T01:47:02+00:00","dateModified":"2021-09-16T18:07:38+00:00","mainEntityOfPage":{"@id":"https:\/\/latamjournalismreview.org\/es\/articles\/por-agresiones-a-una-periodista-condenan-a-miembro-de-comite-de-seguridad-en-guatemala\/"},"wordCount":211,"publisher":{"@id":"https:\/\/latamjournalismreview.org\/es\/#organization"},"articleSection":["Violencia contra periodistas"],"inLanguage":"es"},{"@type":"WebPage","@id":"https:\/\/latamjournalismreview.org\/es\/articles\/por-agresiones-a-una-periodista-condenan-a-miembro-de-comite-de-seguridad-en-guatemala\/","url":"https:\/\/latamjournalismreview.org\/es\/articles\/por-agresiones-a-una-periodista-condenan-a-miembro-de-comite-de-seguridad-en-guatemala\/","name":"Por agresiones a una periodista, condenan a miembro de comit\u00e9 de seguridad en Guatemala - LatAm Journalism Review","isPartOf":{"@id":"https:\/\/latamjournalismreview.org\/es\/#website"},"datePublished":"2012-08-31T01:47:02+00:00","dateModified":"2021-09-16T18:07:38+00:00","description":"Por agresiones a una periodista, condenan a miembro de comit\u00e9 de seguridad en Guatemala Violencia contra periodistas. Latin American Journalism Review by The Knight Center at The University of Texas at Austin.","breadcrumb":{"@id":"https:\/\/latamjournalismreview.org\/es\/articles\/por-agresiones-a-una-periodista-condenan-a-miembro-de-comite-de-seguridad-en-guatemala\/#breadcrumb"},"inLanguage":"es","potentialAction":[{"@type":"ReadAction","target":["https:\/\/latamjournalismreview.org\/es\/articles\/por-agresiones-a-una-periodista-condenan-a-miembro-de-comite-de-seguridad-en-guatemala\/"]}]},{"@type":"BreadcrumbList","@id":"https:\/\/latamjournalismreview.org\/es\/articles\/por-agresiones-a-una-periodista-condenan-a-miembro-de-comite-de-seguridad-en-guatemala\/#breadcrumb","itemListElement":[{"@type":"ListItem","position":1,"name":"Home","item":"https:\/\/latamjournalismreview.org\/es\/"},{"@type":"ListItem","position":2,"name":"Por agresiones a una periodista, condenan a miembro de comit\u00e9 de seguridad en Guatemala"}]},{"@type":"WebSite","@id":"https:\/\/latamjournalismreview.org\/es\/#website","url":"https:\/\/latamjournalismreview.org\/es\/","name":"LatAm Journalism Review","description":"Knight Center at The University of Texas","publisher":{"@id":"https:\/\/latamjournalismreview.org\/es\/#organization"},"potentialAction":[{"@type":"SearchAction","target":{"@type":"EntryPoint","urlTemplate":"https:\/\/latamjournalismreview.org\/es\/?s={search_term_string}"},"query-input":{"@type":"PropertyValueSpecification","valueRequired":true,"valueName":"search_term_string"}}],"inLanguage":"es"},{"@type":"Organization","@id":"https:\/\/latamjournalismreview.org\/es\/#organization","name":"LatAm Journalism Review","url":"https:\/\/latamjournalismreview.org\/es\/","logo":{"@type":"ImageObject","inLanguage":"es","@id":"https:\/\/latamjournalismreview.org\/es\/#\/schema\/logo\/image\/","url":"https:\/\/latamjournalismreview.org\/wp-content\/uploads\/2020\/05\/knight-latAm-review-logo.svg","contentUrl":"https:\/\/latamjournalismreview.org\/wp-content\/uploads\/2020\/05\/knight-latAm-review-logo.svg","width":"1024","height":"1024","caption":"LatAm Journalism Review"},"image":{"@id":"https:\/\/latamjournalismreview.org\/es\/#\/schema\/logo\/image\/"},"sameAs":["https:\/\/x.com\/LatAmJournalism"]},{"@type":"Person","@id":"https:\/\/latamjournalismreview.org\/es\/#\/schema\/person\/eac7baa6afada0957e047be9fc15703a","name":"Silvia Higuera","description":"Silvia A. Higuera Fl\u00f3rez is a Colombian journalist interested in covering Latin American issues and human rights, especially the right to freedom of expression, and investigative journalism. She studied Social Communication and Journalism at Universidad Pontificia Bolivariana in Bucaramanga (Colombia), and received her Master's of Arts in Journalism from the University of Texas at Austin in 2015. She worked with the Office of the Special Rapporteur for Freedom of Expression of the Inter-American Commission on Human Rights (IACHR) under the Orlando Sierra fellowship during 2014. She also worked for the Colombian newspaper Vanguardia Liberal and wrote for different magazines about local, economic and public order issues. Her work has also appeared in The Miami Herald and El Nuevo Herald of Miami. Email: silvia.knightcenter@gmail.com Silvia A. Higuera Fl\u00f3rez es una periodista colombiana con inter\u00e9s period\u00edstico es Am\u00e9rica Latina y los derechos humanos, particularmente el derecho a la libertad de expresi\u00f3n, as\u00ed como el periodismo de investigaci\u00f3n. Estudi\u00f3 Comunicaci\u00f3n Social \u2013 Periodismo en la Universidad Pontificia Bolivariana de Bucaramanga (Colombia), y recibi\u00f3 su maestr\u00eda en Periodismo en la Universidad de Texas, en Austin en 2015. Trabaj\u00f3 para la Relator\u00eda Especial para la Libertad de Expresi\u00f3n de la Comisi\u00f3n Interamericana de Derechos Humanos (CIDH) en el marco de la beca Orlando Sierra, durante 2014. Tambi\u00e9n hizo parte del diario Vanguardia Liberal y escribi\u00f3 para otras revistas colombianas cubriendo fuentes locales, econ\u00f3micas y judiciales. Algunos de sus trabajos han aparecido en The Miami Herald y El Nuevo Herald de Miami. Silvia A. Higuera Fl\u00f3rez \u00e9 uma jornalista colombiana e seu interesse jornal\u00edstico \u00e9 a Am\u00e9rica Latina e os direitos humanos, nomeadamente o direito \u00e0 liberdade de express\u00e3o. Estudou Comunica\u00e7\u00e3o Social \u2013 Jornalismo na Universidade Pontif\u00edcia Bolivariana de Bucaramanga, na Col\u00f4mbia e completou seu mestrado em jornalismo na Universidade do Texas em Austin. Silvia trabalhou na Relatoria para a Liberdade de Express\u00e3o da CIDH pela bolsa Orlando Sierra, em 2014. Trabalhou para o jornal Vanguardia Liberal e escreveu para outras revistas colombianas cobrindo temas locais, econ\u00f4micas e judici\u00e1rias. Alguns de seus trabalhos apareceram no The Miami Herald e no El Nuevo Herald de Miami.","sameAs":["https:\/\/x.com\/shiguerita"],"url":"https:\/\/latamjournalismreview.org\/es\/articles\/author\/silvia-higuera\/"}]}},"_links":{"self":[{"href":"https:\/\/latamjournalismreview.org\/es\/wp-json\/wp\/v2\/posts\/31819","targetHints":{"allow":["GET"]}}],"collection":[{"href":"https:\/\/latamjournalismreview.org\/es\/wp-json\/wp\/v2\/posts"}],"about":[{"href":"https:\/\/latamjournalismreview.org\/es\/wp-json\/wp\/v2\/types\/post"}],"author":[{"embeddable":true,"href":"https:\/\/latamjournalismreview.org\/es\/wp-json\/wp\/v2\/users\/13"}],"replies":[{"embeddable":true,"href":"https:\/\/latamjournalismreview.org\/es\/wp-json\/wp\/v2\/comments?post=31819"}],"version-history":[{"count":3,"href":"https:\/\/latamjournalismreview.org\/es\/wp-json\/wp\/v2\/posts\/31819\/revisions"}],"predecessor-version":[{"id":31831,"href":"https:\/\/latamjournalismreview.org\/es\/wp-json\/wp\/v2\/posts\/31819\/revisions\/31831"}],"wp:attachment":[{"href":"https:\/\/latamjournalismreview.org\/es\/wp-json\/wp\/v2\/media?parent=31819"}],"wp:term":[{"taxonomy":"category","embeddable":true,"href":"https:\/\/latamjournalismreview.org\/es\/wp-json\/wp\/v2\/categories?post=31819"},{"taxonomy":"post_tag","embeddable":true,"href":"https:\/\/latamjournalismreview.org\/es\/wp-json\/wp\/v2\/tags?post=31819"},{"taxonomy":"author","embeddable":true,"href":"https:\/\/latamjournalismreview.org\/es\/wp-json\/wp\/v2\/coauthors?post=31819"}],"curies":[{"name":"wp","href":"https:\/\/api.w.org\/{rel}","templated":true}]}}