{"id":31858,"date":"2012-08-30T13:31:02","date_gmt":"2012-08-30T18:31:02","guid":{"rendered":"https:\/\/latamjournalismreview.org\/?p=31858"},"modified":"2021-09-16T13:32:00","modified_gmt":"2021-09-16T18:32:00","slug":"periodistas-y-emisoras-de-radio-en-venezuela-sufren-restricciones-en-cobertura-de-incendio-en-refineria","status":"publish","type":"post","link":"https:\/\/latamjournalismreview.org\/es\/articles\/periodistas-y-emisoras-de-radio-en-venezuela-sufren-restricciones-en-cobertura-de-incendio-en-refineria\/","title":{"rendered":"Periodistas y emisoras de radio en Venezuela sufren restricciones en cobertura de incendio en refiner\u00eda"},"content":{"rendered":"<p>El pasado martes 28 de agosto, un\u00a0<a href=\"http:\/\/www.el-nacional.com\/noticia\/49428\/16\/gn-retuvo-a-periodistas-de-el-nacional-que-cubrian-sucesos-en-amuay.html\" target=\"_blank\" rel=\"noopener\">equipo de reporteros del diario El Nacional fue detenido por agentes de la Guardia Nacional Venezolana<\/a>\u00a0mientras se dirig\u00edan a realizar la cobertura de un\u00a0<a href=\"http:\/\/globovision.com\/news.php?nid=244751\" target=\"_blank\" rel=\"noopener\">incendio de grandes proporciones<\/a>\u00a0en el\u00a0<a href=\"http:\/\/es.wikipedia.org\/wiki\/Complejo_Refinador_de_Amuay\" target=\"_blank\" rel=\"noopener\">Complejo Refinador de Amuay<\/a>, ubicado en el estado\u00a0<a href=\"http:\/\/es.wikipedia.org\/wiki\/Falc%C3%B3n\" target=\"_blank\" rel=\"noopener\">Falc\u00f3n<\/a>, inform\u00f3 el propio diario.<\/p>\n<p>La periodista Adriana Rivera dijo que agentes de la Guardia Nacional detuvieron el autom\u00f3vil en el que viajaban, les retuvieron los documentos de identidad y los iban a\u00a0<a href=\"http:\/\/www.espaciopublico.org\/index.php\/noticias\/1-libertad-de-expresi\/2444-detenido-equipo-de-el-nacional-que-realizaba-cobertura-en-amuay\" target=\"_blank\" rel=\"noopener\">trasladar a un punto de control militar<\/a>\u00a0cuando otro grupo de periodistas apareci\u00f3 en el sitio, de acuerdo con la organizaci\u00f3n Espacio P\u00fablico.<\/p>\n<p>El comunicador social\u00a0<a href=\"http:\/\/twitter.com\/juanchoperaza\" target=\"_blank\" rel=\"noopener\">Juan Eduardo Peraza<\/a>\u00a0tambi\u00e9n denunci\u00f3 en su cuenta de Twitter el\u00a0<a href=\"http:\/\/www.espaciopublico.org\/index.php\/noticias\/1-libertad-de-expresi\/2442-denuncian-sabotaje-de-emisoras-en-falcon\" target=\"_blank\" rel=\"noopener\">sospechoso corte de los cables de energ\u00eda el\u00e9ctrica que alimentan las emisoras J98.5 FM y Festiva 101 FM<\/a>. Ambas hab\u00edan sido catalogadas en las redes sociales de \"alarmista\" y \"generadoras de p\u00e1nico colectivo\" por la cobertura del desastre en la refiner\u00eda, inform\u00f3 Espacio Publico.<\/p>\n<p>Seg\u00fan Peraza, a pesar de las numerosos llamados a la \u00fanica entidad autorizada para restaurar la conexi\u00f3n el\u00e9ctrica de las emisoras, no fue posible contar de nuevo con el servicio.<\/p>\n<p><em>Nota del editor: Esta historia fue publicada originalmente en el blog Periodismo en las Am\u00e9ricas del Centro Knight, el predecesor de LatAm Journalism Review.<\/em><\/p>\n","protected":false},"excerpt":{"rendered":"<p>El pasado martes 28 de agosto, un\u00a0equipo de reporteros del diario El Nacional fue detenido por agentes de la Guardia Nacional Venezolana\u00a0mientras se dirig\u00edan a realizar la cobertura de un\u00a0incendio de grandes proporciones\u00a0en el\u00a0Complejo Refinador de Amuay, ubicado en el estado\u00a0Falc\u00f3n, inform\u00f3 el propio diario.<\/p>\n","protected":false},"author":42,"featured_media":0,"comment_status":"closed","ping_status":"closed","sticky":false,"template":"","format":"standard","meta":{"inline_featured_image":false,"footnotes":""},"categories":[1227],"tags":[1422,1404,1532,1405],"coauthors":[],"class_list":["post-31858","post","type-post","status-publish","format-standard","hentry","category-acceso-a-la-informacion-es","tag-acceso-a-la-informacion-es","tag-censura-es","tag-periodismo-ambiental-es","tag-venezuela-es-2"],"acf":[],"yoast_head":"<!-- This site is optimized with the Yoast SEO Premium plugin v22.6 (Yoast SEO v27.4) - https:\/\/yoast.com\/product\/yoast-seo-premium-wordpress\/ -->\n<title>Periodistas y emisoras de radio en Venezuela sufren restricciones en cobertura de incendio en refiner\u00eda - LatAm Journalism Review<\/title>\n<meta name=\"description\" content=\"Periodistas y emisoras de radio en Venezuela sufren restricciones en cobertura de incendio en refiner\u00eda Acceso a la Informaci\u00f3n. Latin American Journalism Review by The Knight Center at The University of Texas at Austin.\" \/>\n<meta name=\"robots\" content=\"index, follow, max-snippet:-1, max-image-preview:large, max-video-preview:-1\" \/>\n<link rel=\"canonical\" href=\"https:\/\/latamjournalismreview.org\/es\/articles\/periodistas-y-emisoras-de-radio-en-venezuela-sufren-restricciones-en-cobertura-de-incendio-en-refineria\/\" \/>\n<meta property=\"og:locale\" content=\"es_ES\" \/>\n<meta property=\"og:type\" content=\"article\" \/>\n<meta property=\"og:title\" content=\"Periodistas y emisoras de radio en Venezuela sufren restricciones en cobertura de incendio en refiner\u00eda\" \/>\n<meta property=\"og:description\" content=\"Periodistas y emisoras de radio en Venezuela sufren restricciones en cobertura de incendio en refiner\u00eda Acceso a la Informaci\u00f3n. Latin American Journalism Review by The Knight Center at The University of Texas at Austin.\" \/>\n<meta property=\"og:url\" content=\"https:\/\/latamjournalismreview.org\/es\/articles\/periodistas-y-emisoras-de-radio-en-venezuela-sufren-restricciones-en-cobertura-de-incendio-en-refineria\/\" \/>\n<meta property=\"og:site_name\" content=\"LatAm Journalism Review\" \/>\n<meta property=\"article:published_time\" content=\"2012-08-30T18:31:02+00:00\" \/>\n<meta property=\"article:modified_time\" content=\"2021-09-16T18:32:00+00:00\" \/>\n<meta name=\"author\" content=\"Natalia Mazotte\" \/>\n<meta name=\"twitter:card\" content=\"summary_large_image\" \/>\n<meta name=\"twitter:creator\" content=\"@LatAmJournalism\" \/>\n<meta name=\"twitter:site\" content=\"@LatAmJournalism\" \/>\n<meta name=\"twitter:label1\" content=\"Written by\" \/>\n\t<meta name=\"twitter:data1\" content=\"Natalia Mazotte\" \/>\n\t<meta name=\"twitter:label2\" content=\"Est. reading time\" \/>\n\t<meta name=\"twitter:data2\" content=\"1 minuto\" \/>\n<script type=\"application\/ld+json\" class=\"yoast-schema-graph\">{\"@context\":\"https:\\\/\\\/schema.org\",\"@graph\":[{\"@type\":\"Article\",\"@id\":\"https:\\\/\\\/latamjournalismreview.org\\\/es\\\/articles\\\/periodistas-y-emisoras-de-radio-en-venezuela-sufren-restricciones-en-cobertura-de-incendio-en-refineria\\\/#article\",\"isPartOf\":{\"@id\":\"https:\\\/\\\/latamjournalismreview.org\\\/es\\\/articles\\\/periodistas-y-emisoras-de-radio-en-venezuela-sufren-restricciones-en-cobertura-de-incendio-en-refineria\\\/\"},\"author\":{\"name\":\"Natalia Mazotte\",\"@id\":\"https:\\\/\\\/latamjournalismreview.org\\\/es\\\/#\\\/schema\\\/person\\\/747457e530d741a9d192f00c32c7f884\"},\"headline\":\"Periodistas y emisoras de radio en Venezuela sufren restricciones en cobertura de incendio en refiner\u00eda\",\"datePublished\":\"2012-08-30T18:31:02+00:00\",\"dateModified\":\"2021-09-16T18:32:00+00:00\",\"mainEntityOfPage\":{\"@id\":\"https:\\\/\\\/latamjournalismreview.org\\\/es\\\/articles\\\/periodistas-y-emisoras-de-radio-en-venezuela-sufren-restricciones-en-cobertura-de-incendio-en-refineria\\\/\"},\"wordCount\":243,\"publisher\":{\"@id\":\"https:\\\/\\\/latamjournalismreview.org\\\/es\\\/#organization\"},\"keywords\":[\"Acceso a la informaci\u00f3n\",\"Censura\",\"Periodismo ambiental\",\"Venezuela\"],\"articleSection\":[\"Acceso a la Informaci\u00f3n\"],\"inLanguage\":\"es\"},{\"@type\":\"WebPage\",\"@id\":\"https:\\\/\\\/latamjournalismreview.org\\\/es\\\/articles\\\/periodistas-y-emisoras-de-radio-en-venezuela-sufren-restricciones-en-cobertura-de-incendio-en-refineria\\\/\",\"url\":\"https:\\\/\\\/latamjournalismreview.org\\\/es\\\/articles\\\/periodistas-y-emisoras-de-radio-en-venezuela-sufren-restricciones-en-cobertura-de-incendio-en-refineria\\\/\",\"name\":\"Periodistas y emisoras de radio en Venezuela sufren restricciones en cobertura de incendio en refiner\u00eda - LatAm Journalism Review\",\"isPartOf\":{\"@id\":\"https:\\\/\\\/latamjournalismreview.org\\\/es\\\/#website\"},\"datePublished\":\"2012-08-30T18:31:02+00:00\",\"dateModified\":\"2021-09-16T18:32:00+00:00\",\"description\":\"Periodistas y emisoras de radio en Venezuela sufren restricciones en cobertura de incendio en refiner\u00eda Acceso a la Informaci\u00f3n. Latin American Journalism Review by The Knight Center at The University of Texas at Austin.\",\"breadcrumb\":{\"@id\":\"https:\\\/\\\/latamjournalismreview.org\\\/es\\\/articles\\\/periodistas-y-emisoras-de-radio-en-venezuela-sufren-restricciones-en-cobertura-de-incendio-en-refineria\\\/#breadcrumb\"},\"inLanguage\":\"es\",\"potentialAction\":[{\"@type\":\"ReadAction\",\"target\":[\"https:\\\/\\\/latamjournalismreview.org\\\/es\\\/articles\\\/periodistas-y-emisoras-de-radio-en-venezuela-sufren-restricciones-en-cobertura-de-incendio-en-refineria\\\/\"]}]},{\"@type\":\"BreadcrumbList\",\"@id\":\"https:\\\/\\\/latamjournalismreview.org\\\/es\\\/articles\\\/periodistas-y-emisoras-de-radio-en-venezuela-sufren-restricciones-en-cobertura-de-incendio-en-refineria\\\/#breadcrumb\",\"itemListElement\":[{\"@type\":\"ListItem\",\"position\":1,\"name\":\"Home\",\"item\":\"https:\\\/\\\/latamjournalismreview.org\\\/es\\\/\"},{\"@type\":\"ListItem\",\"position\":2,\"name\":\"Periodistas y emisoras de radio en Venezuela sufren restricciones en cobertura de incendio en refiner\u00eda\"}]},{\"@type\":\"WebSite\",\"@id\":\"https:\\\/\\\/latamjournalismreview.org\\\/es\\\/#website\",\"url\":\"https:\\\/\\\/latamjournalismreview.org\\\/es\\\/\",\"name\":\"LatAm Journalism Review\",\"description\":\"Knight Center at The University of Texas\",\"publisher\":{\"@id\":\"https:\\\/\\\/latamjournalismreview.org\\\/es\\\/#organization\"},\"potentialAction\":[{\"@type\":\"SearchAction\",\"target\":{\"@type\":\"EntryPoint\",\"urlTemplate\":\"https:\\\/\\\/latamjournalismreview.org\\\/es\\\/?s={search_term_string}\"},\"query-input\":{\"@type\":\"PropertyValueSpecification\",\"valueRequired\":true,\"valueName\":\"search_term_string\"}}],\"inLanguage\":\"es\"},{\"@type\":\"Organization\",\"@id\":\"https:\\\/\\\/latamjournalismreview.org\\\/es\\\/#organization\",\"name\":\"LatAm Journalism Review\",\"url\":\"https:\\\/\\\/latamjournalismreview.org\\\/es\\\/\",\"logo\":{\"@type\":\"ImageObject\",\"inLanguage\":\"es\",\"@id\":\"https:\\\/\\\/latamjournalismreview.org\\\/es\\\/#\\\/schema\\\/logo\\\/image\\\/\",\"url\":\"https:\\\/\\\/latamjournalismreview.org\\\/wp-content\\\/uploads\\\/2020\\\/05\\\/knight-latAm-review-logo.svg\",\"contentUrl\":\"https:\\\/\\\/latamjournalismreview.org\\\/wp-content\\\/uploads\\\/2020\\\/05\\\/knight-latAm-review-logo.svg\",\"width\":\"1024\",\"height\":\"1024\",\"caption\":\"LatAm Journalism Review\"},\"image\":{\"@id\":\"https:\\\/\\\/latamjournalismreview.org\\\/es\\\/#\\\/schema\\\/logo\\\/image\\\/\"},\"sameAs\":[\"https:\\\/\\\/x.com\\\/LatAmJournalism\"]},{\"@type\":\"Person\",\"@id\":\"https:\\\/\\\/latamjournalismreview.org\\\/es\\\/#\\\/schema\\\/person\\\/747457e530d741a9d192f00c32c7f884\",\"name\":\"Natalia Mazotte\",\"url\":\"https:\\\/\\\/latamjournalismreview.org\\\/es\\\/articles\\\/author\\\/natalia-mazotte\\\/\"}]}<\/script>\n<!-- \/ Yoast SEO Premium plugin. -->","yoast_head_json":{"title":"Periodistas y emisoras de radio en Venezuela sufren restricciones en cobertura de incendio en refiner\u00eda - LatAm Journalism Review","description":"Periodistas y emisoras de radio en Venezuela sufren restricciones en cobertura de incendio en refiner\u00eda Acceso a la Informaci\u00f3n. Latin American Journalism Review by The Knight Center at The University of Texas at Austin.","robots":{"index":"index","follow":"follow","max-snippet":"max-snippet:-1","max-image-preview":"max-image-preview:large","max-video-preview":"max-video-preview:-1"},"canonical":"https:\/\/latamjournalismreview.org\/es\/articles\/periodistas-y-emisoras-de-radio-en-venezuela-sufren-restricciones-en-cobertura-de-incendio-en-refineria\/","og_locale":"es_ES","og_type":"article","og_title":"Periodistas y emisoras de radio en Venezuela sufren restricciones en cobertura de incendio en refiner\u00eda","og_description":"Periodistas y emisoras de radio en Venezuela sufren restricciones en cobertura de incendio en refiner\u00eda Acceso a la Informaci\u00f3n. Latin American Journalism Review by The Knight Center at The University of Texas at Austin.","og_url":"https:\/\/latamjournalismreview.org\/es\/articles\/periodistas-y-emisoras-de-radio-en-venezuela-sufren-restricciones-en-cobertura-de-incendio-en-refineria\/","og_site_name":"LatAm Journalism Review","article_published_time":"2012-08-30T18:31:02+00:00","article_modified_time":"2021-09-16T18:32:00+00:00","author":"Natalia Mazotte","twitter_card":"summary_large_image","twitter_creator":"@LatAmJournalism","twitter_site":"@LatAmJournalism","twitter_misc":{"Written by":"Natalia Mazotte","Est. reading time":"1 minuto"},"schema":{"@context":"https:\/\/schema.org","@graph":[{"@type":"Article","@id":"https:\/\/latamjournalismreview.org\/es\/articles\/periodistas-y-emisoras-de-radio-en-venezuela-sufren-restricciones-en-cobertura-de-incendio-en-refineria\/#article","isPartOf":{"@id":"https:\/\/latamjournalismreview.org\/es\/articles\/periodistas-y-emisoras-de-radio-en-venezuela-sufren-restricciones-en-cobertura-de-incendio-en-refineria\/"},"author":{"name":"Natalia Mazotte","@id":"https:\/\/latamjournalismreview.org\/es\/#\/schema\/person\/747457e530d741a9d192f00c32c7f884"},"headline":"Periodistas y emisoras de radio en Venezuela sufren restricciones en cobertura de incendio en refiner\u00eda","datePublished":"2012-08-30T18:31:02+00:00","dateModified":"2021-09-16T18:32:00+00:00","mainEntityOfPage":{"@id":"https:\/\/latamjournalismreview.org\/es\/articles\/periodistas-y-emisoras-de-radio-en-venezuela-sufren-restricciones-en-cobertura-de-incendio-en-refineria\/"},"wordCount":243,"publisher":{"@id":"https:\/\/latamjournalismreview.org\/es\/#organization"},"keywords":["Acceso a la informaci\u00f3n","Censura","Periodismo ambiental","Venezuela"],"articleSection":["Acceso a la Informaci\u00f3n"],"inLanguage":"es"},{"@type":"WebPage","@id":"https:\/\/latamjournalismreview.org\/es\/articles\/periodistas-y-emisoras-de-radio-en-venezuela-sufren-restricciones-en-cobertura-de-incendio-en-refineria\/","url":"https:\/\/latamjournalismreview.org\/es\/articles\/periodistas-y-emisoras-de-radio-en-venezuela-sufren-restricciones-en-cobertura-de-incendio-en-refineria\/","name":"Periodistas y emisoras de radio en Venezuela sufren restricciones en cobertura de incendio en refiner\u00eda - LatAm Journalism Review","isPartOf":{"@id":"https:\/\/latamjournalismreview.org\/es\/#website"},"datePublished":"2012-08-30T18:31:02+00:00","dateModified":"2021-09-16T18:32:00+00:00","description":"Periodistas y emisoras de radio en Venezuela sufren restricciones en cobertura de incendio en refiner\u00eda Acceso a la Informaci\u00f3n. Latin American Journalism Review by The Knight Center at The University of Texas at Austin.","breadcrumb":{"@id":"https:\/\/latamjournalismreview.org\/es\/articles\/periodistas-y-emisoras-de-radio-en-venezuela-sufren-restricciones-en-cobertura-de-incendio-en-refineria\/#breadcrumb"},"inLanguage":"es","potentialAction":[{"@type":"ReadAction","target":["https:\/\/latamjournalismreview.org\/es\/articles\/periodistas-y-emisoras-de-radio-en-venezuela-sufren-restricciones-en-cobertura-de-incendio-en-refineria\/"]}]},{"@type":"BreadcrumbList","@id":"https:\/\/latamjournalismreview.org\/es\/articles\/periodistas-y-emisoras-de-radio-en-venezuela-sufren-restricciones-en-cobertura-de-incendio-en-refineria\/#breadcrumb","itemListElement":[{"@type":"ListItem","position":1,"name":"Home","item":"https:\/\/latamjournalismreview.org\/es\/"},{"@type":"ListItem","position":2,"name":"Periodistas y emisoras de radio en Venezuela sufren restricciones en cobertura de incendio en refiner\u00eda"}]},{"@type":"WebSite","@id":"https:\/\/latamjournalismreview.org\/es\/#website","url":"https:\/\/latamjournalismreview.org\/es\/","name":"LatAm Journalism Review","description":"Knight Center at The University of Texas","publisher":{"@id":"https:\/\/latamjournalismreview.org\/es\/#organization"},"potentialAction":[{"@type":"SearchAction","target":{"@type":"EntryPoint","urlTemplate":"https:\/\/latamjournalismreview.org\/es\/?s={search_term_string}"},"query-input":{"@type":"PropertyValueSpecification","valueRequired":true,"valueName":"search_term_string"}}],"inLanguage":"es"},{"@type":"Organization","@id":"https:\/\/latamjournalismreview.org\/es\/#organization","name":"LatAm Journalism Review","url":"https:\/\/latamjournalismreview.org\/es\/","logo":{"@type":"ImageObject","inLanguage":"es","@id":"https:\/\/latamjournalismreview.org\/es\/#\/schema\/logo\/image\/","url":"https:\/\/latamjournalismreview.org\/wp-content\/uploads\/2020\/05\/knight-latAm-review-logo.svg","contentUrl":"https:\/\/latamjournalismreview.org\/wp-content\/uploads\/2020\/05\/knight-latAm-review-logo.svg","width":"1024","height":"1024","caption":"LatAm Journalism Review"},"image":{"@id":"https:\/\/latamjournalismreview.org\/es\/#\/schema\/logo\/image\/"},"sameAs":["https:\/\/x.com\/LatAmJournalism"]},{"@type":"Person","@id":"https:\/\/latamjournalismreview.org\/es\/#\/schema\/person\/747457e530d741a9d192f00c32c7f884","name":"Natalia Mazotte","url":"https:\/\/latamjournalismreview.org\/es\/articles\/author\/natalia-mazotte\/"}]}},"_links":{"self":[{"href":"https:\/\/latamjournalismreview.org\/es\/wp-json\/wp\/v2\/posts\/31858","targetHints":{"allow":["GET"]}}],"collection":[{"href":"https:\/\/latamjournalismreview.org\/es\/wp-json\/wp\/v2\/posts"}],"about":[{"href":"https:\/\/latamjournalismreview.org\/es\/wp-json\/wp\/v2\/types\/post"}],"author":[{"embeddable":true,"href":"https:\/\/latamjournalismreview.org\/es\/wp-json\/wp\/v2\/users\/42"}],"replies":[{"embeddable":true,"href":"https:\/\/latamjournalismreview.org\/es\/wp-json\/wp\/v2\/comments?post=31858"}],"version-history":[{"count":1,"href":"https:\/\/latamjournalismreview.org\/es\/wp-json\/wp\/v2\/posts\/31858\/revisions"}],"predecessor-version":[{"id":31859,"href":"https:\/\/latamjournalismreview.org\/es\/wp-json\/wp\/v2\/posts\/31858\/revisions\/31859"}],"wp:attachment":[{"href":"https:\/\/latamjournalismreview.org\/es\/wp-json\/wp\/v2\/media?parent=31858"}],"wp:term":[{"taxonomy":"category","embeddable":true,"href":"https:\/\/latamjournalismreview.org\/es\/wp-json\/wp\/v2\/categories?post=31858"},{"taxonomy":"post_tag","embeddable":true,"href":"https:\/\/latamjournalismreview.org\/es\/wp-json\/wp\/v2\/tags?post=31858"},{"taxonomy":"author","embeddable":true,"href":"https:\/\/latamjournalismreview.org\/es\/wp-json\/wp\/v2\/coauthors?post=31858"}],"curies":[{"name":"wp","href":"https:\/\/api.w.org\/{rel}","templated":true}]}}