{"id":3241,"date":"2019-09-27T18:39:34","date_gmt":"2019-09-27T23:39:34","guid":{"rendered":"https:\/\/live-lajr.pantheonsite.io\/?p=3241"},"modified":"2020-06-02T21:23:08","modified_gmt":"2020-06-03T02:23:08","slug":"grupo-editorial-nicaraguense-cierra-el-nuevo-diario-y-otros-dos-periodicos-debido-a-dificultades-economicas","status":"publish","type":"post","link":"https:\/\/latamjournalismreview.org\/es\/articles\/grupo-editorial-nicaraguense-cierra-el-nuevo-diario-y-otros-dos-periodicos-debido-a-dificultades-economicas\/","title":{"rendered":"Grupo editorial nicarag\u00fcense cierra El Nuevo Diario y otros dos peri\u00f3dicos debido a dificultades econ\u00f3micas"},"content":{"rendered":"<p>En un comunicado, la junta directiva de El Nuevo Diario inform\u00f3 que decidi\u00f3\u00a0<a href=\"https:\/\/twitter.com\/elnuevodiario\/status\/1177465402693046277?s=20\" target=\"_blank\" rel=\"noopener noreferrer\">descontinuar su publicaci\u00f3n<\/a>\u00a0digital e impresa debido a dificultades econ\u00f3micas, t\u00e9cnicas y log\u00edsticas que hacen \u201cinsostenible su funcionamiento\u201d, tras cuatro d\u00e9cadas de circulaci\u00f3n.<\/p>\n<blockquote class=\"twitter-tweet\">\n<p dir=\"ltr\" lang=\"es\">El Nuevo Diario sale de circulaci\u00f3n.<a href=\"https:\/\/t.co\/gH1CbRbA7l\">https:\/\/t.co\/gH1CbRbA7l<\/a> <a href=\"https:\/\/t.co\/kwPUofD61a\">pic.twitter.com\/kwPUofD61a<\/a><\/p>\n<p>\u2014 El Nuevo Diario (@elnuevodiario) <a href=\"https:\/\/twitter.com\/elnuevodiario\/status\/1177465402693046277?ref_src=twsrc%5Etfw\">September 27, 2019<\/a><\/p><\/blockquote>\n<p><script async src=\"https:\/\/platform.twitter.com\/widgets.js\" charset=\"utf-8\"><\/script><\/p>\n<p>&nbsp;<\/p>\n<p>\u201cEstamos conscientes de la importancia de El Nuevo Diario como medio de comunicaci\u00f3n\u00a0<a href=\"https:\/\/www.elnuevodiario.com.ni\/editorial\/502114-nuevo-diario-suspende-publicacion\/\" target=\"_blank\" rel=\"noopener noreferrer\">clave en la cobertura period\u00edstica<\/a>\u00a0de varias etapas relevantes en la historia reciente de Nicaragua, desde su fundaci\u00f3n en mayo de 1980 hasta hoy\u201d, se\u00f1al\u00f3 el diario en su editorial del viernes 27 de septiembre. Asimismo, agradeci\u00f3 a todo su equipo de profesionales, a sus lectores y a los suscriptores del diario, para quienes anunci\u00f3 el reembolso de su membres\u00eda.<\/p>\n<p>El grupo Editorial Nuevo Mundo\u00a0<a href=\"https:\/\/twitter.com\/elnuevodiario\/status\/1177465402693046277?s=20\" target=\"_blank\" rel=\"noopener noreferrer\">cerr\u00f3 adem\u00e1s la versi\u00f3n digital e impresa<\/a>\u00a0de sus otros dos diarios, Metro y Maje, inform\u00f3 EFE. En diciembre de 2018 ya se hab\u00eda visto obligado a\u00a0<a href=\"https:\/\/knightcenter.utexas.edu\/es\/blog\/00-20503-diarios-nicaragueenses-cambian-formato-debido-retencion-de-insumos-de-imprenta-en-adua\" target=\"_blank\" rel=\"noopener noreferrer\">cerrar su diario popular Q\u2019hubo<\/a>, tambi\u00e9n por falta de insumos.<\/p>\n<p>De acuerdo con la agencia espa\u00f1ola, el gobierno de Daniel Ortega mantiene\u00a0<a href=\"https:\/\/www.diariolibre.com\/actualidad\/internacional\/el-nuevo-diario-metro-y-maje-dejan-de-circular-por-crisis-en-nicaragua-JO14389000\" target=\"_blank\" rel=\"noopener noreferrer\">retenidos los insumos de impresi\u00f3n<\/a>\u00a0a trav\u00e9s de la Direcci\u00f3n General de Servicios Aduaneros (DGA), tanto del El Nuevo Diario y La Prensa, los principales diarios independientes del pa\u00eds, desde septiembre de 2018.<\/p>\n<p>Desde mediados de enero, El Nuevo Diario, debido a la falta de insumos,\u00a0<a href=\"https:\/\/knightcenter.utexas.edu\/es\/blog\/00-20503-diarios-nicaragueenses-cambian-formato-debido-retencion-de-insumos-de-imprenta-en-adua\" target=\"_blank\" rel=\"noopener noreferrer\">dej\u00f3 de circular a nivel nacional los fines de semana<\/a>.<\/p>\n<p>En agosto de este a\u00f1o, debido al desabastecimiento de materias primas, El Nuevo Diario\u00a0<a href=\"https:\/\/cnnespanol.cnn.com\/2019\/09\/27\/alerta-nicaragua-cierra-el-periodico-el-nuevo-diario\/\" target=\"_blank\" rel=\"noopener noreferrer\">disminuy\u00f3 su publicaci\u00f3n de p\u00e1ginas<\/a>\u00a0de 38 a 8 p\u00e1ginas, seg\u00fan inform\u00f3 CNN en Espa\u00f1ol. Y desde julio de 2019 se hab\u00eda visto obligado a\u00a0<a href=\"https:\/\/knightcenter.utexas.edu\/es\/blog\/00-21200-periodistas-independientes-en-nicaragua-exigen-libertad-de-prensa-incluido-la-entrega-\" target=\"_blank\" rel=\"noopener noreferrer\">cambiar su formato<\/a>\u00a0de est\u00e1ndar a tabloide.<\/p>\n<p>A principios de septiembre, el Tribunal Aduanero y Tributario Administrativo de Nicaragua orden\u00f3 a la DGA mediante dos resoluciones\u00a0<a href=\"https:\/\/www.elnuevodiario.com.ni\/nacionales\/500330-crisis-nicaragua-papel-nuevo-diario\/\" target=\"_blank\" rel=\"noopener noreferrer\">entregar los insumos de imprenta<\/a>\u00a0a El Nuevo Diario. El DGA solo liber\u00f3 el 20% del papel y el 37% de la tinta, inform\u00f3 El Nuevo Diario.<\/p>\n<p>El Relator Especial para la Libertad de Expresi\u00f3n de la Comisi\u00f3n Interamericana de Derechos Humanos (CIDH), Edison Lanza, dijo v\u00eda Twitter sobre el cierre de El Nuevo diario: \u201cEntramos en una\u00a0<a href=\"https:\/\/twitter.com\/EdisonLanza\/status\/1177589184934154240?s=20\" target=\"_blank\" rel=\"noopener noreferrer\">etapa m\u00e1s sofisticada de represi\u00f3n a medios<\/a>\u00a0en Nicaragua con acoso de agencia de impuestos, inspecciones laborales, restricciones a la importaci\u00f3n de insumos (papel y otros)\u201d.<\/p>\n<p>\u201cLa suspensi\u00f3n de la publicaci\u00f3n de El Nuevo Diario es una consecuencia del\u00a0<a href=\"https:\/\/twitter.com\/cefeche\/status\/1177525273085956096?s=20\" target=\"_blank\" rel=\"noopener noreferrer\">bloqueo aduanero del estado contra los peri\u00f3dicos<\/a>, que durante m\u00e1s de un a\u00f1o les ha impedido importar papel e insumos, en una censura administrativa\u201d, dijo v\u00eda Twitter Carlos Fernando Chamorro, periodista nicarag\u00fcense director del sitio Confidencial, quien est\u00e1 exiliado en Costa Rica. \u201cCondenamos esta agresi\u00f3n contra la libertad de expresi\u00f3n\u201d, public\u00f3.<\/p>\n<p>Durante las conversaciones de marzo de este a\u00f1o, entre el gobierno y la Alianza C\u00edvica por la Justicia y la Democracia, para negociar una soluci\u00f3n pac\u00edfica a la crisis social, pol\u00edtica y econ\u00f3mica que vive el pa\u00eds desde abril de 2018, el gobierno de\u00a0<a href=\"https:\/\/www.diariolibre.com\/actualidad\/internacional\/el-nuevo-diario-metro-y-maje-dejan-de-circular-por-crisis-en-nicaragua-JO14389000\" target=\"_blank\" rel=\"noopener noreferrer\">Ortega se comprometi\u00f3 a entregar los insumos de imprenta retenidos<\/a>\u00a0en aduanas, public\u00f3 EFE.<\/p>\n<p>Sin embargo, Ortega\u00a0<a href=\"https:\/\/www.dw.com\/es\/nicaragua-gobierno-da-por-finalizado-di%C3%A1logo-con-opositores\/a-49857688\" target=\"_blank\" rel=\"noopener noreferrer\">anunci\u00f3 el fin de las negociaciones<\/a>\u00a0con la oposici\u00f3n a principios de agosto acusando a la oposici\u00f3n de haberse ausentado a la mesa de negociaciones, reportaron EFE y AFP.<\/p>\n<p>Desde que empezaron las protestas sociales contra las medidas sobre seguridad social del actual gobierno nicarag\u00fcense en abril de 2018, la prensa independiente y cr\u00edtica con el r\u00e9gimen ha sido duramente reprimida.<\/p>\n<p>Los principales diarios cr\u00edticos con el gobierno se han visto afectados por la falta de insumos de imprenta, como La Prensa y El Nuevo Diario, vi\u00e9ndose obligados a reducir su tiraje desde fines del a\u00f1o pasado.<\/p>\n<p>Comunicadores y periodistas han sido encarcelados,\u00a0entre ellos el director de 100% Noticias,\u00a0<a href=\"https:\/\/knightcenter.utexas.edu\/es\/blog\/00-20954-periodistas-nicaragueenses-miguel-mora-y-lucia-pineda-fueron-liberados-gracias-polemic\" target=\"_blank\" rel=\"noopener noreferrer\">Miguel Mora, y su jefe de informaci\u00f3n Luc\u00eda Pineda, quienes estuvieron en prisi\u00f3n durante seis meses\u00a0<\/a>sin tener una sentencia. Muchos otros periodistas, como\u00a0<a href=\"https:\/\/knightcenter.utexas.edu\/es\/blog\/00-20520-periodista-nicaragueense-carlos-chamorro-se-exilia-en-costa-rica-tras-escalamiento-de\" target=\"_blank\" rel=\"noopener noreferrer\">Carlos Fernando Chamorro<\/a>, de Confidencial, tuvieron que ir al exilio para continuar informando sobre lo que sucede en Nicaragua. Hasta la fecha, las instalaciones de 100% Noticias y Confidencial contin\u00faan tomadas por agentes policiales.<\/p>\n","protected":false},"excerpt":{"rendered":"<p>En un comunicado, la junta directiva de El Nuevo Diario inform\u00f3 que decidi\u00f3\u00a0descontinuar su publicaci\u00f3n\u00a0digital e impresa debido a dificultades econ\u00f3micas, t\u00e9cnicas y log\u00edsticas que hacen \u201cinsostenible su funcionamiento\u201d, tras cuatro d\u00e9cadas de circulaci\u00f3n.<\/p>\n","protected":false},"author":4,"featured_media":1746,"comment_status":"closed","ping_status":"closed","sticky":false,"template":"","format":"standard","meta":{"inline_featured_image":false,"footnotes":""},"categories":[1211],"tags":[1491,1497],"coauthors":[],"class_list":["post-3241","post","type-post","status-publish","format-standard","has-post-thumbnail","hentry","category-modelo-de-negocio-es","tag-cierre-de-medios-es","tag-nicaragua-es"],"acf":[],"yoast_head":"<!-- This site is optimized with the Yoast SEO Premium plugin v22.6 (Yoast SEO v27.4) - https:\/\/yoast.com\/product\/yoast-seo-premium-wordpress\/ -->\n<title>Grupo editorial nicarag\u00fcense cierra El Nuevo Diario y otros dos peri\u00f3dicos debido a dificultades econ\u00f3micas - LatAm Journalism Review<\/title>\n<meta name=\"description\" content=\"Grupo editorial nicarag\u00fcense cierra El Nuevo Diario y otros dos peri\u00f3dicos debido a dificultades econ\u00f3micas . Latin American Journalism Review by The Knight Center at The University of Texas at Austin.\" \/>\n<meta name=\"robots\" content=\"index, follow, max-snippet:-1, max-image-preview:large, max-video-preview:-1\" \/>\n<link rel=\"canonical\" href=\"https:\/\/latamjournalismreview.org\/es\/articles\/grupo-editorial-nicaraguense-cierra-el-nuevo-diario-y-otros-dos-periodicos-debido-a-dificultades-economicas\/\" \/>\n<meta property=\"og:locale\" content=\"es_ES\" \/>\n<meta property=\"og:type\" content=\"article\" \/>\n<meta property=\"og:title\" content=\"Grupo editorial nicarag\u00fcense cierra El Nuevo Diario y otros dos peri\u00f3dicos debido a dificultades econ\u00f3micas\" \/>\n<meta property=\"og:description\" content=\"Grupo editorial nicarag\u00fcense cierra El Nuevo Diario y otros dos peri\u00f3dicos debido a dificultades econ\u00f3micas . Latin American Journalism Review by The Knight Center at The University of Texas at Austin.\" \/>\n<meta property=\"og:url\" content=\"https:\/\/latamjournalismreview.org\/es\/articles\/grupo-editorial-nicaraguense-cierra-el-nuevo-diario-y-otros-dos-periodicos-debido-a-dificultades-economicas\/\" \/>\n<meta property=\"og:site_name\" content=\"LatAm Journalism Review\" \/>\n<meta property=\"article:published_time\" content=\"2019-09-27T23:39:34+00:00\" \/>\n<meta property=\"article:modified_time\" content=\"2020-06-03T02:23:08+00:00\" \/>\n<meta property=\"og:image\" content=\"https:\/\/latamjournalismreview.org\/wp-content\/uploads\/2020\/05\/freedom_of_expression1-e1590537730789.png\" \/>\n\t<meta property=\"og:image:width\" content=\"507\" \/>\n\t<meta property=\"og:image:height\" content=\"254\" \/>\n\t<meta property=\"og:image:type\" content=\"image\/png\" \/>\n<meta name=\"author\" content=\"Paola Nalvarte\" \/>\n<meta name=\"twitter:card\" content=\"summary_large_image\" \/>\n<meta name=\"twitter:creator\" content=\"@paolanalvarte\" \/>\n<meta name=\"twitter:site\" content=\"@LatAmJournalism\" \/>\n<meta name=\"twitter:label1\" content=\"Written by\" \/>\n\t<meta name=\"twitter:data1\" content=\"Paola Nalvarte\" \/>\n\t<meta name=\"twitter:label2\" content=\"Est. reading time\" \/>\n\t<meta name=\"twitter:data2\" content=\"4 minutos\" \/>\n<script type=\"application\/ld+json\" class=\"yoast-schema-graph\">{\"@context\":\"https:\\\/\\\/schema.org\",\"@graph\":[{\"@type\":\"Article\",\"@id\":\"https:\\\/\\\/latamjournalismreview.org\\\/es\\\/articles\\\/grupo-editorial-nicaraguense-cierra-el-nuevo-diario-y-otros-dos-periodicos-debido-a-dificultades-economicas\\\/#article\",\"isPartOf\":{\"@id\":\"https:\\\/\\\/latamjournalismreview.org\\\/es\\\/articles\\\/grupo-editorial-nicaraguense-cierra-el-nuevo-diario-y-otros-dos-periodicos-debido-a-dificultades-economicas\\\/\"},\"author\":{\"name\":\"Paola Nalvarte\",\"@id\":\"https:\\\/\\\/latamjournalismreview.org\\\/es\\\/#\\\/schema\\\/person\\\/d0b9fa850ef1b6f56bb445e52f29f63f\"},\"headline\":\"Grupo editorial nicarag\u00fcense cierra El Nuevo Diario y otros dos peri\u00f3dicos debido a dificultades econ\u00f3micas\",\"datePublished\":\"2019-09-27T23:39:34+00:00\",\"dateModified\":\"2020-06-03T02:23:08+00:00\",\"mainEntityOfPage\":{\"@id\":\"https:\\\/\\\/latamjournalismreview.org\\\/es\\\/articles\\\/grupo-editorial-nicaraguense-cierra-el-nuevo-diario-y-otros-dos-periodicos-debido-a-dificultades-economicas\\\/\"},\"wordCount\":753,\"publisher\":{\"@id\":\"https:\\\/\\\/latamjournalismreview.org\\\/es\\\/#organization\"},\"image\":{\"@id\":\"https:\\\/\\\/latamjournalismreview.org\\\/es\\\/articles\\\/grupo-editorial-nicaraguense-cierra-el-nuevo-diario-y-otros-dos-periodicos-debido-a-dificultades-economicas\\\/#primaryimage\"},\"thumbnailUrl\":\"https:\\\/\\\/latamjournalismreview.org\\\/wp-content\\\/uploads\\\/2020\\\/05\\\/freedom_of_expression1-e1590537730789.png\",\"keywords\":[\"Cierre de medios\",\"Nicaragua\"],\"articleSection\":[\"Modelo de Negocio\"],\"inLanguage\":\"es\"},{\"@type\":\"WebPage\",\"@id\":\"https:\\\/\\\/latamjournalismreview.org\\\/es\\\/articles\\\/grupo-editorial-nicaraguense-cierra-el-nuevo-diario-y-otros-dos-periodicos-debido-a-dificultades-economicas\\\/\",\"url\":\"https:\\\/\\\/latamjournalismreview.org\\\/es\\\/articles\\\/grupo-editorial-nicaraguense-cierra-el-nuevo-diario-y-otros-dos-periodicos-debido-a-dificultades-economicas\\\/\",\"name\":\"Grupo editorial nicarag\u00fcense cierra El Nuevo Diario y otros dos peri\u00f3dicos debido a dificultades econ\u00f3micas - LatAm Journalism Review\",\"isPartOf\":{\"@id\":\"https:\\\/\\\/latamjournalismreview.org\\\/es\\\/#website\"},\"primaryImageOfPage\":{\"@id\":\"https:\\\/\\\/latamjournalismreview.org\\\/es\\\/articles\\\/grupo-editorial-nicaraguense-cierra-el-nuevo-diario-y-otros-dos-periodicos-debido-a-dificultades-economicas\\\/#primaryimage\"},\"image\":{\"@id\":\"https:\\\/\\\/latamjournalismreview.org\\\/es\\\/articles\\\/grupo-editorial-nicaraguense-cierra-el-nuevo-diario-y-otros-dos-periodicos-debido-a-dificultades-economicas\\\/#primaryimage\"},\"thumbnailUrl\":\"https:\\\/\\\/latamjournalismreview.org\\\/wp-content\\\/uploads\\\/2020\\\/05\\\/freedom_of_expression1-e1590537730789.png\",\"datePublished\":\"2019-09-27T23:39:34+00:00\",\"dateModified\":\"2020-06-03T02:23:08+00:00\",\"description\":\"Grupo editorial nicarag\u00fcense cierra El Nuevo Diario y otros dos peri\u00f3dicos debido a dificultades econ\u00f3micas . Latin American Journalism Review by The Knight Center at The University of Texas at Austin.\",\"breadcrumb\":{\"@id\":\"https:\\\/\\\/latamjournalismreview.org\\\/es\\\/articles\\\/grupo-editorial-nicaraguense-cierra-el-nuevo-diario-y-otros-dos-periodicos-debido-a-dificultades-economicas\\\/#breadcrumb\"},\"inLanguage\":\"es\",\"potentialAction\":[{\"@type\":\"ReadAction\",\"target\":[\"https:\\\/\\\/latamjournalismreview.org\\\/es\\\/articles\\\/grupo-editorial-nicaraguense-cierra-el-nuevo-diario-y-otros-dos-periodicos-debido-a-dificultades-economicas\\\/\"]}]},{\"@type\":\"ImageObject\",\"inLanguage\":\"es\",\"@id\":\"https:\\\/\\\/latamjournalismreview.org\\\/es\\\/articles\\\/grupo-editorial-nicaraguense-cierra-el-nuevo-diario-y-otros-dos-periodicos-debido-a-dificultades-economicas\\\/#primaryimage\",\"url\":\"https:\\\/\\\/latamjournalismreview.org\\\/wp-content\\\/uploads\\\/2020\\\/05\\\/freedom_of_expression1-e1590537730789.png\",\"contentUrl\":\"https:\\\/\\\/latamjournalismreview.org\\\/wp-content\\\/uploads\\\/2020\\\/05\\\/freedom_of_expression1-e1590537730789.png\",\"width\":507,\"height\":254,\"caption\":\"Freedom of Expression Stock\"},{\"@type\":\"BreadcrumbList\",\"@id\":\"https:\\\/\\\/latamjournalismreview.org\\\/es\\\/articles\\\/grupo-editorial-nicaraguense-cierra-el-nuevo-diario-y-otros-dos-periodicos-debido-a-dificultades-economicas\\\/#breadcrumb\",\"itemListElement\":[{\"@type\":\"ListItem\",\"position\":1,\"name\":\"Home\",\"item\":\"https:\\\/\\\/latamjournalismreview.org\\\/es\\\/\"},{\"@type\":\"ListItem\",\"position\":2,\"name\":\"Grupo editorial nicarag\u00fcense cierra El Nuevo Diario y otros dos peri\u00f3dicos debido a dificultades econ\u00f3micas\"}]},{\"@type\":\"WebSite\",\"@id\":\"https:\\\/\\\/latamjournalismreview.org\\\/es\\\/#website\",\"url\":\"https:\\\/\\\/latamjournalismreview.org\\\/es\\\/\",\"name\":\"LatAm Journalism Review\",\"description\":\"Knight Center at The University of Texas\",\"publisher\":{\"@id\":\"https:\\\/\\\/latamjournalismreview.org\\\/es\\\/#organization\"},\"potentialAction\":[{\"@type\":\"SearchAction\",\"target\":{\"@type\":\"EntryPoint\",\"urlTemplate\":\"https:\\\/\\\/latamjournalismreview.org\\\/es\\\/?s={search_term_string}\"},\"query-input\":{\"@type\":\"PropertyValueSpecification\",\"valueRequired\":true,\"valueName\":\"search_term_string\"}}],\"inLanguage\":\"es\"},{\"@type\":\"Organization\",\"@id\":\"https:\\\/\\\/latamjournalismreview.org\\\/es\\\/#organization\",\"name\":\"LatAm Journalism Review\",\"url\":\"https:\\\/\\\/latamjournalismreview.org\\\/es\\\/\",\"logo\":{\"@type\":\"ImageObject\",\"inLanguage\":\"es\",\"@id\":\"https:\\\/\\\/latamjournalismreview.org\\\/es\\\/#\\\/schema\\\/logo\\\/image\\\/\",\"url\":\"https:\\\/\\\/latamjournalismreview.org\\\/wp-content\\\/uploads\\\/2020\\\/05\\\/knight-latAm-review-logo.svg\",\"contentUrl\":\"https:\\\/\\\/latamjournalismreview.org\\\/wp-content\\\/uploads\\\/2020\\\/05\\\/knight-latAm-review-logo.svg\",\"width\":\"1024\",\"height\":\"1024\",\"caption\":\"LatAm Journalism Review\"},\"image\":{\"@id\":\"https:\\\/\\\/latamjournalismreview.org\\\/es\\\/#\\\/schema\\\/logo\\\/image\\\/\"},\"sameAs\":[\"https:\\\/\\\/x.com\\\/LatAmJournalism\"]},{\"@type\":\"Person\",\"@id\":\"https:\\\/\\\/latamjournalismreview.org\\\/es\\\/#\\\/schema\\\/person\\\/d0b9fa850ef1b6f56bb445e52f29f63f\",\"name\":\"Paola Nalvarte\",\"description\":\"Paola Nalvarte is a Peruvian journalist and documentary photographer living in Austin, Texas. She focuses on covering and writing about the Andes region. In Peru, Paola worked in the Lima office of the Italian news agency ANSA, on the economic news desk of the daily Expreso, and for ten years she has been working on different editorial projects doing picture editing and research for one of the oldest Spanish-language papers in the world, the Peruvian newspaper El Comercio. She also enjoyed writing for the newspaper weekly magazine Somos. Paola Nalvarte es una periodista y fot\u00f3grafa documental peruana que vive en Austin, Texas. El foco de inter\u00e9s de su cobertura noticiosa es la regi\u00f3n andina. En Per\u00fa, Paola trabaj\u00f3 en la oficina de Lima de la agencia italiana de noticias ANSA, en la secci\u00f3n de econom\u00eda del diario Expreso y por diez a\u00f1os hizo investigaci\u00f3n fotogr\u00e1fica y edici\u00f3n de fotograf\u00eda editorial en el diario decano de la prensa peruana, El Comercio. Tambi\u00e9n escribi\u00f3 para Somos, la revista semanal del mismo diario\u200b, art\u00edculos sobre medio ambiente y cultura. Paola Nalvarte \u00e9 uma jornalista peruana e fot\u00f3grafa documentarista que vive em Austin, Texas. O foco de interesse da sua cobertura jornal\u00edstica \u00e9 a regi\u00e3o andina. No Peru, Paola trabalhou no escrit\u00f3rio de Lima da ag\u00eancia de not\u00edcias italiana ANSA, na se\u00e7\u00e3o de economia do jornal Expreso e, por dez anos, fez pesquisa fotogr\u00e1fica e edi\u00e7\u00e3o de fotografia editorial para um dos jornais em espanhol mais antigos do mundo, o jornal peruano El Comercio. Ela tamb\u00e9m escreveu artigos de meio ambiente e cultura para a Somos, a revista semanal do mesmo jornal.\",\"sameAs\":[\"https:\\\/\\\/x.com\\\/paolanalvarte\"],\"url\":\"https:\\\/\\\/latamjournalismreview.org\\\/es\\\/articles\\\/author\\\/paola-nalvarte\\\/\"}]}<\/script>\n<!-- \/ Yoast SEO Premium plugin. -->","yoast_head_json":{"title":"Grupo editorial nicarag\u00fcense cierra El Nuevo Diario y otros dos peri\u00f3dicos debido a dificultades econ\u00f3micas - LatAm Journalism Review","description":"Grupo editorial nicarag\u00fcense cierra El Nuevo Diario y otros dos peri\u00f3dicos debido a dificultades econ\u00f3micas . Latin American Journalism Review by The Knight Center at The University of Texas at Austin.","robots":{"index":"index","follow":"follow","max-snippet":"max-snippet:-1","max-image-preview":"max-image-preview:large","max-video-preview":"max-video-preview:-1"},"canonical":"https:\/\/latamjournalismreview.org\/es\/articles\/grupo-editorial-nicaraguense-cierra-el-nuevo-diario-y-otros-dos-periodicos-debido-a-dificultades-economicas\/","og_locale":"es_ES","og_type":"article","og_title":"Grupo editorial nicarag\u00fcense cierra El Nuevo Diario y otros dos peri\u00f3dicos debido a dificultades econ\u00f3micas","og_description":"Grupo editorial nicarag\u00fcense cierra El Nuevo Diario y otros dos peri\u00f3dicos debido a dificultades econ\u00f3micas . Latin American Journalism Review by The Knight Center at The University of Texas at Austin.","og_url":"https:\/\/latamjournalismreview.org\/es\/articles\/grupo-editorial-nicaraguense-cierra-el-nuevo-diario-y-otros-dos-periodicos-debido-a-dificultades-economicas\/","og_site_name":"LatAm Journalism Review","article_published_time":"2019-09-27T23:39:34+00:00","article_modified_time":"2020-06-03T02:23:08+00:00","og_image":[{"width":507,"height":254,"url":"https:\/\/latamjournalismreview.org\/wp-content\/uploads\/2020\/05\/freedom_of_expression1-e1590537730789.png","type":"image\/png"}],"author":"Paola Nalvarte","twitter_card":"summary_large_image","twitter_creator":"@paolanalvarte","twitter_site":"@LatAmJournalism","twitter_misc":{"Written by":"Paola Nalvarte","Est. reading time":"4 minutos"},"schema":{"@context":"https:\/\/schema.org","@graph":[{"@type":"Article","@id":"https:\/\/latamjournalismreview.org\/es\/articles\/grupo-editorial-nicaraguense-cierra-el-nuevo-diario-y-otros-dos-periodicos-debido-a-dificultades-economicas\/#article","isPartOf":{"@id":"https:\/\/latamjournalismreview.org\/es\/articles\/grupo-editorial-nicaraguense-cierra-el-nuevo-diario-y-otros-dos-periodicos-debido-a-dificultades-economicas\/"},"author":{"name":"Paola Nalvarte","@id":"https:\/\/latamjournalismreview.org\/es\/#\/schema\/person\/d0b9fa850ef1b6f56bb445e52f29f63f"},"headline":"Grupo editorial nicarag\u00fcense cierra El Nuevo Diario y otros dos peri\u00f3dicos debido a dificultades econ\u00f3micas","datePublished":"2019-09-27T23:39:34+00:00","dateModified":"2020-06-03T02:23:08+00:00","mainEntityOfPage":{"@id":"https:\/\/latamjournalismreview.org\/es\/articles\/grupo-editorial-nicaraguense-cierra-el-nuevo-diario-y-otros-dos-periodicos-debido-a-dificultades-economicas\/"},"wordCount":753,"publisher":{"@id":"https:\/\/latamjournalismreview.org\/es\/#organization"},"image":{"@id":"https:\/\/latamjournalismreview.org\/es\/articles\/grupo-editorial-nicaraguense-cierra-el-nuevo-diario-y-otros-dos-periodicos-debido-a-dificultades-economicas\/#primaryimage"},"thumbnailUrl":"https:\/\/latamjournalismreview.org\/wp-content\/uploads\/2020\/05\/freedom_of_expression1-e1590537730789.png","keywords":["Cierre de medios","Nicaragua"],"articleSection":["Modelo de Negocio"],"inLanguage":"es"},{"@type":"WebPage","@id":"https:\/\/latamjournalismreview.org\/es\/articles\/grupo-editorial-nicaraguense-cierra-el-nuevo-diario-y-otros-dos-periodicos-debido-a-dificultades-economicas\/","url":"https:\/\/latamjournalismreview.org\/es\/articles\/grupo-editorial-nicaraguense-cierra-el-nuevo-diario-y-otros-dos-periodicos-debido-a-dificultades-economicas\/","name":"Grupo editorial nicarag\u00fcense cierra El Nuevo Diario y otros dos peri\u00f3dicos debido a dificultades econ\u00f3micas - LatAm Journalism Review","isPartOf":{"@id":"https:\/\/latamjournalismreview.org\/es\/#website"},"primaryImageOfPage":{"@id":"https:\/\/latamjournalismreview.org\/es\/articles\/grupo-editorial-nicaraguense-cierra-el-nuevo-diario-y-otros-dos-periodicos-debido-a-dificultades-economicas\/#primaryimage"},"image":{"@id":"https:\/\/latamjournalismreview.org\/es\/articles\/grupo-editorial-nicaraguense-cierra-el-nuevo-diario-y-otros-dos-periodicos-debido-a-dificultades-economicas\/#primaryimage"},"thumbnailUrl":"https:\/\/latamjournalismreview.org\/wp-content\/uploads\/2020\/05\/freedom_of_expression1-e1590537730789.png","datePublished":"2019-09-27T23:39:34+00:00","dateModified":"2020-06-03T02:23:08+00:00","description":"Grupo editorial nicarag\u00fcense cierra El Nuevo Diario y otros dos peri\u00f3dicos debido a dificultades econ\u00f3micas . Latin American Journalism Review by The Knight Center at The University of Texas at Austin.","breadcrumb":{"@id":"https:\/\/latamjournalismreview.org\/es\/articles\/grupo-editorial-nicaraguense-cierra-el-nuevo-diario-y-otros-dos-periodicos-debido-a-dificultades-economicas\/#breadcrumb"},"inLanguage":"es","potentialAction":[{"@type":"ReadAction","target":["https:\/\/latamjournalismreview.org\/es\/articles\/grupo-editorial-nicaraguense-cierra-el-nuevo-diario-y-otros-dos-periodicos-debido-a-dificultades-economicas\/"]}]},{"@type":"ImageObject","inLanguage":"es","@id":"https:\/\/latamjournalismreview.org\/es\/articles\/grupo-editorial-nicaraguense-cierra-el-nuevo-diario-y-otros-dos-periodicos-debido-a-dificultades-economicas\/#primaryimage","url":"https:\/\/latamjournalismreview.org\/wp-content\/uploads\/2020\/05\/freedom_of_expression1-e1590537730789.png","contentUrl":"https:\/\/latamjournalismreview.org\/wp-content\/uploads\/2020\/05\/freedom_of_expression1-e1590537730789.png","width":507,"height":254,"caption":"Freedom of Expression Stock"},{"@type":"BreadcrumbList","@id":"https:\/\/latamjournalismreview.org\/es\/articles\/grupo-editorial-nicaraguense-cierra-el-nuevo-diario-y-otros-dos-periodicos-debido-a-dificultades-economicas\/#breadcrumb","itemListElement":[{"@type":"ListItem","position":1,"name":"Home","item":"https:\/\/latamjournalismreview.org\/es\/"},{"@type":"ListItem","position":2,"name":"Grupo editorial nicarag\u00fcense cierra El Nuevo Diario y otros dos peri\u00f3dicos debido a dificultades econ\u00f3micas"}]},{"@type":"WebSite","@id":"https:\/\/latamjournalismreview.org\/es\/#website","url":"https:\/\/latamjournalismreview.org\/es\/","name":"LatAm Journalism Review","description":"Knight Center at The University of Texas","publisher":{"@id":"https:\/\/latamjournalismreview.org\/es\/#organization"},"potentialAction":[{"@type":"SearchAction","target":{"@type":"EntryPoint","urlTemplate":"https:\/\/latamjournalismreview.org\/es\/?s={search_term_string}"},"query-input":{"@type":"PropertyValueSpecification","valueRequired":true,"valueName":"search_term_string"}}],"inLanguage":"es"},{"@type":"Organization","@id":"https:\/\/latamjournalismreview.org\/es\/#organization","name":"LatAm Journalism Review","url":"https:\/\/latamjournalismreview.org\/es\/","logo":{"@type":"ImageObject","inLanguage":"es","@id":"https:\/\/latamjournalismreview.org\/es\/#\/schema\/logo\/image\/","url":"https:\/\/latamjournalismreview.org\/wp-content\/uploads\/2020\/05\/knight-latAm-review-logo.svg","contentUrl":"https:\/\/latamjournalismreview.org\/wp-content\/uploads\/2020\/05\/knight-latAm-review-logo.svg","width":"1024","height":"1024","caption":"LatAm Journalism Review"},"image":{"@id":"https:\/\/latamjournalismreview.org\/es\/#\/schema\/logo\/image\/"},"sameAs":["https:\/\/x.com\/LatAmJournalism"]},{"@type":"Person","@id":"https:\/\/latamjournalismreview.org\/es\/#\/schema\/person\/d0b9fa850ef1b6f56bb445e52f29f63f","name":"Paola Nalvarte","description":"Paola Nalvarte is a Peruvian journalist and documentary photographer living in Austin, Texas. She focuses on covering and writing about the Andes region. In Peru, Paola worked in the Lima office of the Italian news agency ANSA, on the economic news desk of the daily Expreso, and for ten years she has been working on different editorial projects doing picture editing and research for one of the oldest Spanish-language papers in the world, the Peruvian newspaper El Comercio. She also enjoyed writing for the newspaper weekly magazine Somos. Paola Nalvarte es una periodista y fot\u00f3grafa documental peruana que vive en Austin, Texas. El foco de inter\u00e9s de su cobertura noticiosa es la regi\u00f3n andina. En Per\u00fa, Paola trabaj\u00f3 en la oficina de Lima de la agencia italiana de noticias ANSA, en la secci\u00f3n de econom\u00eda del diario Expreso y por diez a\u00f1os hizo investigaci\u00f3n fotogr\u00e1fica y edici\u00f3n de fotograf\u00eda editorial en el diario decano de la prensa peruana, El Comercio. Tambi\u00e9n escribi\u00f3 para Somos, la revista semanal del mismo diario\u200b, art\u00edculos sobre medio ambiente y cultura. Paola Nalvarte \u00e9 uma jornalista peruana e fot\u00f3grafa documentarista que vive em Austin, Texas. O foco de interesse da sua cobertura jornal\u00edstica \u00e9 a regi\u00e3o andina. No Peru, Paola trabalhou no escrit\u00f3rio de Lima da ag\u00eancia de not\u00edcias italiana ANSA, na se\u00e7\u00e3o de economia do jornal Expreso e, por dez anos, fez pesquisa fotogr\u00e1fica e edi\u00e7\u00e3o de fotografia editorial para um dos jornais em espanhol mais antigos do mundo, o jornal peruano El Comercio. Ela tamb\u00e9m escreveu artigos de meio ambiente e cultura para a Somos, a revista semanal do mesmo jornal.","sameAs":["https:\/\/x.com\/paolanalvarte"],"url":"https:\/\/latamjournalismreview.org\/es\/articles\/author\/paola-nalvarte\/"}]}},"_links":{"self":[{"href":"https:\/\/latamjournalismreview.org\/es\/wp-json\/wp\/v2\/posts\/3241","targetHints":{"allow":["GET"]}}],"collection":[{"href":"https:\/\/latamjournalismreview.org\/es\/wp-json\/wp\/v2\/posts"}],"about":[{"href":"https:\/\/latamjournalismreview.org\/es\/wp-json\/wp\/v2\/types\/post"}],"author":[{"embeddable":true,"href":"https:\/\/latamjournalismreview.org\/es\/wp-json\/wp\/v2\/users\/4"}],"replies":[{"embeddable":true,"href":"https:\/\/latamjournalismreview.org\/es\/wp-json\/wp\/v2\/comments?post=3241"}],"version-history":[{"count":1,"href":"https:\/\/latamjournalismreview.org\/es\/wp-json\/wp\/v2\/posts\/3241\/revisions"}],"predecessor-version":[{"id":3242,"href":"https:\/\/latamjournalismreview.org\/es\/wp-json\/wp\/v2\/posts\/3241\/revisions\/3242"}],"wp:featuredmedia":[{"embeddable":true,"href":"https:\/\/latamjournalismreview.org\/es\/wp-json\/wp\/v2\/media\/1746"}],"wp:attachment":[{"href":"https:\/\/latamjournalismreview.org\/es\/wp-json\/wp\/v2\/media?parent=3241"}],"wp:term":[{"taxonomy":"category","embeddable":true,"href":"https:\/\/latamjournalismreview.org\/es\/wp-json\/wp\/v2\/categories?post=3241"},{"taxonomy":"post_tag","embeddable":true,"href":"https:\/\/latamjournalismreview.org\/es\/wp-json\/wp\/v2\/tags?post=3241"},{"taxonomy":"author","embeddable":true,"href":"https:\/\/latamjournalismreview.org\/es\/wp-json\/wp\/v2\/coauthors?post=3241"}],"curies":[{"name":"wp","href":"https:\/\/api.w.org\/{rel}","templated":true}]}}