{"id":32570,"date":"2012-09-12T23:22:25","date_gmt":"2012-09-13T04:22:25","guid":{"rendered":"https:\/\/latamjournalismreview.org\/?p=32570"},"modified":"2021-09-19T19:15:17","modified_gmt":"2021-09-20T00:15:17","slug":"ejemplares-de-diario-brasileno-desaparecen-de-puntos-de-venta","status":"publish","type":"post","link":"https:\/\/latamjournalismreview.org\/es\/articles\/ejemplares-de-diario-brasileno-desaparecen-de-puntos-de-venta\/","title":{"rendered":"Ejemplares de diario brasile\u00f1o desaparecen de puntos de venta"},"content":{"rendered":"<p><em>Por Isabela Fraga<\/em><\/p>\n<p>Durante los d\u00edas 4 y 5 de septiembre, los residentes de la ciudad de <a href=\"http:\/\/es.wikipedia.org\/wiki\/Itabora%C3%AD\" target=\"_blank\" rel=\"noopener\">Itabora\u00ed<\/a>, en el estado de R\u00edo de Janeiro, se quedaron sin acceso al diario O Dia, el cual inclu\u00eda denuncias contra el candidato a la alcald\u00eda de la ciudad, Altineu C\u00f4rtes. <a href=\"http:\/\/www.brasil247.com\/pt\/247\/rio247\/79467\/%E2%80%9CO-pessoal-do-Altineu-levou-tudo%E2%80%9D.htm\" target=\"_blank\" rel=\"noopener\">Los ejemplares desaparecieron de los puntos de venta<\/a>, inform\u00f3 el sitio web Brasil 247.<\/p>\n<p>Seg\u00fan el propio diario, los vendedores de la publicaci\u00f3n contaron que todos los ejemplares de esa edici\u00f3n <a href=\"http:\/\/odia.ig.com.br\/portal\/brasil\/eleicoes2012\/jornais-com-den%C3%BAncias-desaparecem-em-itabora%C3%AD-1.486335\" target=\"_blank\" rel=\"noopener\">fueron comprados por personas que manifestaron ser simpatizantes del candidato C\u00f4rtes<\/a>. Adem\u00e1s, de acuerdo con O Dia, las ediciones del 4 y 5 de septiembre inclu\u00edan informes sobre documentos incautados a un comit\u00e9 del candidato, <a href=\"http:\/\/odia.ig.com.br\/portal\/brasil\/eleicoes2012\/altineu-c%C3%B4rtes-pode-ficar-fora-de-elei%C3%A7%C3%A3o-em-itabora%C3%AD-1.485916\" target=\"_blank\" rel=\"noopener\">seg\u00fan los cuales C\u00f4rtes puede estar inhabilitado para presentarse a las elecciones<\/a>.<\/p>\n<p>En un video publicado por Brasil 247, una vendedora afirma que \"<a href=\"http:\/\/youtu.be\/smMXRua5TxY\" target=\"_blank\" rel=\"noopener\">el personal de Altino est\u00e1 comprando todo<\/a>\", al referirse a los ejemplares del peri\u00f3dico. En un comunicado oficial, la <a href=\"http:\/\/portal.comunique-se.com.br\/index.php\/editorias\/28-carreira\/69699-exemplares-do-jornal-o-dia-com-denuncias-contra-candidato-desaparecem-em-itaborai.html\" target=\"_blank\" rel=\"noopener\">portavoz del candidato neg\u00f3 cualquier implicaci\u00f3n con la situaci\u00f3n<\/a>, inform\u00f3 O Dia.<\/p>\n<p><em>Nota del editor: Esta historia fue publicada originalmente en el blog Periodismo en las Am\u00e9ricas del Centro Knight, el predecesor de LatAm Journalism Review.<\/em><\/p>\n","protected":false},"excerpt":{"rendered":"<p>Durante los d\u00edas 4 y 5 de septiembre, los residentes de la ciudad de Itabora\u00ed, en el estado de R\u00edo de Janeiro, se quedaron sin acceso al diario O Dia, el cual inclu\u00eda denuncias contra el candidato a la alcald\u00eda de la ciudad, Altineu C\u00f4rtes. <\/p>\n","protected":false},"author":22,"featured_media":0,"comment_status":"closed","ping_status":"closed","sticky":false,"template":"","format":"standard","meta":{"inline_featured_image":false,"footnotes":""},"categories":[1220],"tags":[1422,1404,1545,1510],"coauthors":[],"class_list":["post-32570","post","type-post","status-publish","format-standard","hentry","category-libertad-de-prensa-es","tag-acceso-a-la-informacion-es","tag-censura-es","tag-elecciones-es","tag-medios-impresos-es"],"acf":[],"yoast_head":"<!-- This site is optimized with the Yoast SEO Premium plugin v22.6 (Yoast SEO v27.4) - https:\/\/yoast.com\/product\/yoast-seo-premium-wordpress\/ -->\n<title>Ejemplares de diario brasile\u00f1o desaparecen de puntos de venta - LatAm Journalism Review<\/title>\n<meta name=\"description\" content=\"Ejemplares de diario brasile\u00f1o desaparecen de puntos de venta Libertad de prensa. Latin American Journalism Review by The Knight Center at The University of Texas at Austin.\" \/>\n<meta name=\"robots\" content=\"index, follow, max-snippet:-1, max-image-preview:large, max-video-preview:-1\" \/>\n<link rel=\"canonical\" href=\"https:\/\/latamjournalismreview.org\/es\/articles\/ejemplares-de-diario-brasileno-desaparecen-de-puntos-de-venta\/\" \/>\n<meta property=\"og:locale\" content=\"es_ES\" \/>\n<meta property=\"og:type\" content=\"article\" \/>\n<meta property=\"og:title\" content=\"Ejemplares de diario brasile\u00f1o desaparecen de puntos de venta\" \/>\n<meta property=\"og:description\" content=\"Ejemplares de diario brasile\u00f1o desaparecen de puntos de venta Libertad de prensa. Latin American Journalism Review by The Knight Center at The University of Texas at Austin.\" \/>\n<meta property=\"og:url\" content=\"https:\/\/latamjournalismreview.org\/es\/articles\/ejemplares-de-diario-brasileno-desaparecen-de-puntos-de-venta\/\" \/>\n<meta property=\"og:site_name\" content=\"LatAm Journalism Review\" \/>\n<meta property=\"article:published_time\" content=\"2012-09-13T04:22:25+00:00\" \/>\n<meta property=\"article:modified_time\" content=\"2021-09-20T00:15:17+00:00\" \/>\n<meta name=\"author\" content=\"Knight Center\" \/>\n<meta name=\"twitter:card\" content=\"summary_large_image\" \/>\n<meta name=\"twitter:creator\" content=\"@LatAmJournalism\" \/>\n<meta name=\"twitter:site\" content=\"@LatAmJournalism\" \/>\n<meta name=\"twitter:label1\" content=\"Written by\" \/>\n\t<meta name=\"twitter:data1\" content=\"Knight Center\" \/>\n\t<meta name=\"twitter:label2\" content=\"Est. reading time\" \/>\n\t<meta name=\"twitter:data2\" content=\"1 minuto\" \/>\n<script type=\"application\/ld+json\" class=\"yoast-schema-graph\">{\"@context\":\"https:\\\/\\\/schema.org\",\"@graph\":[{\"@type\":\"Article\",\"@id\":\"https:\\\/\\\/latamjournalismreview.org\\\/es\\\/articles\\\/ejemplares-de-diario-brasileno-desaparecen-de-puntos-de-venta\\\/#article\",\"isPartOf\":{\"@id\":\"https:\\\/\\\/latamjournalismreview.org\\\/es\\\/articles\\\/ejemplares-de-diario-brasileno-desaparecen-de-puntos-de-venta\\\/\"},\"author\":{\"name\":\"Knight Center\",\"@id\":\"https:\\\/\\\/latamjournalismreview.org\\\/es\\\/#\\\/schema\\\/person\\\/6c325fd0fef0cd167424c683e6577e19\"},\"headline\":\"Ejemplares de diario brasile\u00f1o desaparecen de puntos de venta\",\"datePublished\":\"2012-09-13T04:22:25+00:00\",\"dateModified\":\"2021-09-20T00:15:17+00:00\",\"mainEntityOfPage\":{\"@id\":\"https:\\\/\\\/latamjournalismreview.org\\\/es\\\/articles\\\/ejemplares-de-diario-brasileno-desaparecen-de-puntos-de-venta\\\/\"},\"wordCount\":213,\"publisher\":{\"@id\":\"https:\\\/\\\/latamjournalismreview.org\\\/es\\\/#organization\"},\"keywords\":[\"Acceso a la informaci\u00f3n\",\"Censura\",\"Elecciones\",\"Medios impresos\"],\"articleSection\":[\"Libertad de prensa\"],\"inLanguage\":\"es\"},{\"@type\":\"WebPage\",\"@id\":\"https:\\\/\\\/latamjournalismreview.org\\\/es\\\/articles\\\/ejemplares-de-diario-brasileno-desaparecen-de-puntos-de-venta\\\/\",\"url\":\"https:\\\/\\\/latamjournalismreview.org\\\/es\\\/articles\\\/ejemplares-de-diario-brasileno-desaparecen-de-puntos-de-venta\\\/\",\"name\":\"Ejemplares de diario brasile\u00f1o desaparecen de puntos de venta - LatAm Journalism Review\",\"isPartOf\":{\"@id\":\"https:\\\/\\\/latamjournalismreview.org\\\/es\\\/#website\"},\"datePublished\":\"2012-09-13T04:22:25+00:00\",\"dateModified\":\"2021-09-20T00:15:17+00:00\",\"description\":\"Ejemplares de diario brasile\u00f1o desaparecen de puntos de venta Libertad de prensa. Latin American Journalism Review by The Knight Center at The University of Texas at Austin.\",\"breadcrumb\":{\"@id\":\"https:\\\/\\\/latamjournalismreview.org\\\/es\\\/articles\\\/ejemplares-de-diario-brasileno-desaparecen-de-puntos-de-venta\\\/#breadcrumb\"},\"inLanguage\":\"es\",\"potentialAction\":[{\"@type\":\"ReadAction\",\"target\":[\"https:\\\/\\\/latamjournalismreview.org\\\/es\\\/articles\\\/ejemplares-de-diario-brasileno-desaparecen-de-puntos-de-venta\\\/\"]}]},{\"@type\":\"BreadcrumbList\",\"@id\":\"https:\\\/\\\/latamjournalismreview.org\\\/es\\\/articles\\\/ejemplares-de-diario-brasileno-desaparecen-de-puntos-de-venta\\\/#breadcrumb\",\"itemListElement\":[{\"@type\":\"ListItem\",\"position\":1,\"name\":\"Home\",\"item\":\"https:\\\/\\\/latamjournalismreview.org\\\/es\\\/\"},{\"@type\":\"ListItem\",\"position\":2,\"name\":\"Ejemplares de diario brasile\u00f1o desaparecen de puntos de venta\"}]},{\"@type\":\"WebSite\",\"@id\":\"https:\\\/\\\/latamjournalismreview.org\\\/es\\\/#website\",\"url\":\"https:\\\/\\\/latamjournalismreview.org\\\/es\\\/\",\"name\":\"LatAm Journalism Review\",\"description\":\"Knight Center at The University of Texas\",\"publisher\":{\"@id\":\"https:\\\/\\\/latamjournalismreview.org\\\/es\\\/#organization\"},\"potentialAction\":[{\"@type\":\"SearchAction\",\"target\":{\"@type\":\"EntryPoint\",\"urlTemplate\":\"https:\\\/\\\/latamjournalismreview.org\\\/es\\\/?s={search_term_string}\"},\"query-input\":{\"@type\":\"PropertyValueSpecification\",\"valueRequired\":true,\"valueName\":\"search_term_string\"}}],\"inLanguage\":\"es\"},{\"@type\":\"Organization\",\"@id\":\"https:\\\/\\\/latamjournalismreview.org\\\/es\\\/#organization\",\"name\":\"LatAm Journalism Review\",\"url\":\"https:\\\/\\\/latamjournalismreview.org\\\/es\\\/\",\"logo\":{\"@type\":\"ImageObject\",\"inLanguage\":\"es\",\"@id\":\"https:\\\/\\\/latamjournalismreview.org\\\/es\\\/#\\\/schema\\\/logo\\\/image\\\/\",\"url\":\"https:\\\/\\\/latamjournalismreview.org\\\/wp-content\\\/uploads\\\/2020\\\/05\\\/knight-latAm-review-logo.svg\",\"contentUrl\":\"https:\\\/\\\/latamjournalismreview.org\\\/wp-content\\\/uploads\\\/2020\\\/05\\\/knight-latAm-review-logo.svg\",\"width\":\"1024\",\"height\":\"1024\",\"caption\":\"LatAm Journalism Review\"},\"image\":{\"@id\":\"https:\\\/\\\/latamjournalismreview.org\\\/es\\\/#\\\/schema\\\/logo\\\/image\\\/\"},\"sameAs\":[\"https:\\\/\\\/x.com\\\/LatAmJournalism\"]},{\"@type\":\"Person\",\"@id\":\"https:\\\/\\\/latamjournalismreview.org\\\/es\\\/#\\\/schema\\\/person\\\/6c325fd0fef0cd167424c683e6577e19\",\"name\":\"Knight Center\",\"url\":\"https:\\\/\\\/latamjournalismreview.org\\\/es\\\/articles\\\/author\\\/knight-center\\\/\"}]}<\/script>\n<!-- \/ Yoast SEO Premium plugin. -->","yoast_head_json":{"title":"Ejemplares de diario brasile\u00f1o desaparecen de puntos de venta - LatAm Journalism Review","description":"Ejemplares de diario brasile\u00f1o desaparecen de puntos de venta Libertad de prensa. Latin American Journalism Review by The Knight Center at The University of Texas at Austin.","robots":{"index":"index","follow":"follow","max-snippet":"max-snippet:-1","max-image-preview":"max-image-preview:large","max-video-preview":"max-video-preview:-1"},"canonical":"https:\/\/latamjournalismreview.org\/es\/articles\/ejemplares-de-diario-brasileno-desaparecen-de-puntos-de-venta\/","og_locale":"es_ES","og_type":"article","og_title":"Ejemplares de diario brasile\u00f1o desaparecen de puntos de venta","og_description":"Ejemplares de diario brasile\u00f1o desaparecen de puntos de venta Libertad de prensa. Latin American Journalism Review by The Knight Center at The University of Texas at Austin.","og_url":"https:\/\/latamjournalismreview.org\/es\/articles\/ejemplares-de-diario-brasileno-desaparecen-de-puntos-de-venta\/","og_site_name":"LatAm Journalism Review","article_published_time":"2012-09-13T04:22:25+00:00","article_modified_time":"2021-09-20T00:15:17+00:00","author":"Knight Center","twitter_card":"summary_large_image","twitter_creator":"@LatAmJournalism","twitter_site":"@LatAmJournalism","twitter_misc":{"Written by":"Knight Center","Est. reading time":"1 minuto"},"schema":{"@context":"https:\/\/schema.org","@graph":[{"@type":"Article","@id":"https:\/\/latamjournalismreview.org\/es\/articles\/ejemplares-de-diario-brasileno-desaparecen-de-puntos-de-venta\/#article","isPartOf":{"@id":"https:\/\/latamjournalismreview.org\/es\/articles\/ejemplares-de-diario-brasileno-desaparecen-de-puntos-de-venta\/"},"author":{"name":"Knight Center","@id":"https:\/\/latamjournalismreview.org\/es\/#\/schema\/person\/6c325fd0fef0cd167424c683e6577e19"},"headline":"Ejemplares de diario brasile\u00f1o desaparecen de puntos de venta","datePublished":"2012-09-13T04:22:25+00:00","dateModified":"2021-09-20T00:15:17+00:00","mainEntityOfPage":{"@id":"https:\/\/latamjournalismreview.org\/es\/articles\/ejemplares-de-diario-brasileno-desaparecen-de-puntos-de-venta\/"},"wordCount":213,"publisher":{"@id":"https:\/\/latamjournalismreview.org\/es\/#organization"},"keywords":["Acceso a la informaci\u00f3n","Censura","Elecciones","Medios impresos"],"articleSection":["Libertad de prensa"],"inLanguage":"es"},{"@type":"WebPage","@id":"https:\/\/latamjournalismreview.org\/es\/articles\/ejemplares-de-diario-brasileno-desaparecen-de-puntos-de-venta\/","url":"https:\/\/latamjournalismreview.org\/es\/articles\/ejemplares-de-diario-brasileno-desaparecen-de-puntos-de-venta\/","name":"Ejemplares de diario brasile\u00f1o desaparecen de puntos de venta - LatAm Journalism Review","isPartOf":{"@id":"https:\/\/latamjournalismreview.org\/es\/#website"},"datePublished":"2012-09-13T04:22:25+00:00","dateModified":"2021-09-20T00:15:17+00:00","description":"Ejemplares de diario brasile\u00f1o desaparecen de puntos de venta Libertad de prensa. Latin American Journalism Review by The Knight Center at The University of Texas at Austin.","breadcrumb":{"@id":"https:\/\/latamjournalismreview.org\/es\/articles\/ejemplares-de-diario-brasileno-desaparecen-de-puntos-de-venta\/#breadcrumb"},"inLanguage":"es","potentialAction":[{"@type":"ReadAction","target":["https:\/\/latamjournalismreview.org\/es\/articles\/ejemplares-de-diario-brasileno-desaparecen-de-puntos-de-venta\/"]}]},{"@type":"BreadcrumbList","@id":"https:\/\/latamjournalismreview.org\/es\/articles\/ejemplares-de-diario-brasileno-desaparecen-de-puntos-de-venta\/#breadcrumb","itemListElement":[{"@type":"ListItem","position":1,"name":"Home","item":"https:\/\/latamjournalismreview.org\/es\/"},{"@type":"ListItem","position":2,"name":"Ejemplares de diario brasile\u00f1o desaparecen de puntos de venta"}]},{"@type":"WebSite","@id":"https:\/\/latamjournalismreview.org\/es\/#website","url":"https:\/\/latamjournalismreview.org\/es\/","name":"LatAm Journalism Review","description":"Knight Center at The University of Texas","publisher":{"@id":"https:\/\/latamjournalismreview.org\/es\/#organization"},"potentialAction":[{"@type":"SearchAction","target":{"@type":"EntryPoint","urlTemplate":"https:\/\/latamjournalismreview.org\/es\/?s={search_term_string}"},"query-input":{"@type":"PropertyValueSpecification","valueRequired":true,"valueName":"search_term_string"}}],"inLanguage":"es"},{"@type":"Organization","@id":"https:\/\/latamjournalismreview.org\/es\/#organization","name":"LatAm Journalism Review","url":"https:\/\/latamjournalismreview.org\/es\/","logo":{"@type":"ImageObject","inLanguage":"es","@id":"https:\/\/latamjournalismreview.org\/es\/#\/schema\/logo\/image\/","url":"https:\/\/latamjournalismreview.org\/wp-content\/uploads\/2020\/05\/knight-latAm-review-logo.svg","contentUrl":"https:\/\/latamjournalismreview.org\/wp-content\/uploads\/2020\/05\/knight-latAm-review-logo.svg","width":"1024","height":"1024","caption":"LatAm Journalism Review"},"image":{"@id":"https:\/\/latamjournalismreview.org\/es\/#\/schema\/logo\/image\/"},"sameAs":["https:\/\/x.com\/LatAmJournalism"]},{"@type":"Person","@id":"https:\/\/latamjournalismreview.org\/es\/#\/schema\/person\/6c325fd0fef0cd167424c683e6577e19","name":"Knight Center","url":"https:\/\/latamjournalismreview.org\/es\/articles\/author\/knight-center\/"}]}},"_links":{"self":[{"href":"https:\/\/latamjournalismreview.org\/es\/wp-json\/wp\/v2\/posts\/32570","targetHints":{"allow":["GET"]}}],"collection":[{"href":"https:\/\/latamjournalismreview.org\/es\/wp-json\/wp\/v2\/posts"}],"about":[{"href":"https:\/\/latamjournalismreview.org\/es\/wp-json\/wp\/v2\/types\/post"}],"author":[{"embeddable":true,"href":"https:\/\/latamjournalismreview.org\/es\/wp-json\/wp\/v2\/users\/22"}],"replies":[{"embeddable":true,"href":"https:\/\/latamjournalismreview.org\/es\/wp-json\/wp\/v2\/comments?post=32570"}],"version-history":[{"count":1,"href":"https:\/\/latamjournalismreview.org\/es\/wp-json\/wp\/v2\/posts\/32570\/revisions"}],"predecessor-version":[{"id":32571,"href":"https:\/\/latamjournalismreview.org\/es\/wp-json\/wp\/v2\/posts\/32570\/revisions\/32571"}],"wp:attachment":[{"href":"https:\/\/latamjournalismreview.org\/es\/wp-json\/wp\/v2\/media?parent=32570"}],"wp:term":[{"taxonomy":"category","embeddable":true,"href":"https:\/\/latamjournalismreview.org\/es\/wp-json\/wp\/v2\/categories?post=32570"},{"taxonomy":"post_tag","embeddable":true,"href":"https:\/\/latamjournalismreview.org\/es\/wp-json\/wp\/v2\/tags?post=32570"},{"taxonomy":"author","embeddable":true,"href":"https:\/\/latamjournalismreview.org\/es\/wp-json\/wp\/v2\/coauthors?post=32570"}],"curies":[{"name":"wp","href":"https:\/\/api.w.org\/{rel}","templated":true}]}}