{"id":32938,"date":"2012-08-09T09:27:50","date_gmt":"2012-08-09T14:27:50","guid":{"rendered":"https:\/\/latamjournalismreview.org\/?p=32938"},"modified":"2021-09-21T09:29:13","modified_gmt":"2021-09-21T14:29:13","slug":"ministro-brasileno-solicita-a-policia-federal-investigacion-contra-wikipedia","status":"publish","type":"post","link":"https:\/\/latamjournalismreview.org\/es\/articles\/ministro-brasileno-solicita-a-policia-federal-investigacion-contra-wikipedia\/","title":{"rendered":"Ministro brasile\u00f1o solicita a Polic\u00eda Federal investigaci\u00f3n contra Wikipedia"},"content":{"rendered":"<p>Por Isabela Fraga<\/p>\n<p>El ministro brasile\u00f1o Gilmar Mendes, del Supremo Tribunal Federal (STF),\u00a0<a href=\"http:\/\/blogs.estadao.com.br\/joao-bosco\/gilmar-mendes-pede-a-pf-investigacao-da-wikipedia-no-brasil\/\" target=\"_blank\" rel=\"noopener\">pidi\u00f3 a la Polic\u00eda Federal una investigaci\u00f3n contra Wikipedia, por considerar que una entrada sobre su biograf\u00eda es distorsionada e \"ideol\u00f3gica\"<\/a>, inform\u00f3 Estado de S\u00e3o Paulo.<\/p>\n<p>Mendes\u00a0<a href=\"http:\/\/www1.folha.uol.com.br\/colunas\/monicabergamo\/1118585-ministro-gilmar-mendes-procurou-a-wikipedia-para-reclamar-da-edicao-de-seu-perfil.shtml\" target=\"_blank\" rel=\"noopener\">anteriormente hab\u00eda solicitado modificaciones a los editores<\/a>\u00a0de Wikipedia, pero no tuvo \u00e9xito. De acuerdo con el sitio web Olhar Digital, el argumento del ministro es que el art\u00edculo \"Gilmar Mendes\" tiene\u00a0<a href=\"http:\/\/pt.wikipedia.org\/wiki\/Gilmar_Mendes#Den.C3.BAncias_veiculadas_na_Carta_Capital\" target=\"_blank\" rel=\"noopener\">seis p\u00e1rrafos con denuncias<\/a>\u00a0impugnadas judicialmente,\u00a0<a href=\"http:\/\/olhardigital.uol.com.br\/negocios\/digital_news\/noticias\/gilmar-mendes-pede-a-pf-para-investigar-wikipedia-brasileira\" target=\"_blank\" rel=\"noopener\">un texto que parece demasiado grande en comparaci\u00f3n con los otros p\u00e1rrafos sobre su carrera pol\u00edtica<\/a>.<\/p>\n<p>La pelea del ministro Mendes con Wikipedia est\u00e1 dirigida principalmente contra uno de los editores voluntarios,\u00a0<a href=\"http:\/\/pt.wikipedia.org\/wiki\/Usu%C3%A1rio:Chicocvenancio\" target=\"_blank\" rel=\"noopener\">Chico Ven\u00e2ncio<\/a>. En su blog, Ven\u00e2ncio\u00a0<a href=\"http:\/\/www.chicocvenancio.com\/2012\/07\/artigo-do-gilmar-mendes-1-ou-mamae-sai.html\" target=\"_blank\" rel=\"noopener\">argumenta sobre su historial de ediciones<\/a>\u00a0en dicho art\u00edculo y\u00a0<a href=\"http:\/\/www.chicocvenancio.com\/2012\/07\/assessores-de-gilmar-mendes-pediram-por.html\" target=\"_blank\" rel=\"noopener\">critica el hecho de que el ministro haya buscado a la prensa<\/a>\u00a0para resolver un problema que, seg\u00fan \u00e9l, podr\u00eda ser resuelto por los propios mecanismos de la Wikipedia.<\/p>\n<p>Hasta la tarde del jueves 9 de agosto, la\u00a0<a href=\"http:\/\/vs.aka-online.de\/cgi-bin\/wppagehiststat.pl?lang=pt.wikipedia&amp;page=Gilmar_Mendes\" target=\"_blank\" rel=\"noopener\">entrada sobre Gilmar Mendes hab\u00eda sido editado 609 veces<\/a>. No es de extra\u00f1ar que, hasta ahora, la p\u00e1gina con m\u00e1s ediciones sea la del ministro, con 203 cambios (32% del total de ediciones), incluyendo los solicitados por el propio ministro. En\u00a0<a href=\"http:\/\/pt.wikipedia.org\/wiki\/Discuss%C3%A3o%3AGilmar_Mendes\" target=\"_blank\" rel=\"noopener\">la p\u00e1gina de discusi\u00f3n sobre las entradas de Mendes<\/a>, parece haber un choque entre aquellos que consideran que las entradas son favorables para el ministro y los que piensan que el texto es demasiado cr\u00edtico.<\/p>\n<p>Aunque los art\u00edculos de Wikipedia pueden ser modificados por cualquier persona interesada, las\u00a0<a href=\"http:\/\/revistapiaui.estadao.com.br\/edicao-70\/questoes-enciclopedicas\/cooperacao-conturbada\" target=\"_blank\" rel=\"noopener\">decisiones editoriales son negociadas entre los editores voluntarios<\/a>, seg\u00fan un informe publicado en la revista Piau\u00ed sobre Wikipedia en Brasil.<\/p>\n<p><em>Nota del editor: Esta historia fue publicada originalmente en el blog Periodismo en las Am\u00e9ricas del Centro Knight, el predecesor de LatAm Journalism Review.<\/em><\/p>\n","protected":false},"excerpt":{"rendered":"<p>El ministro brasile\u00f1o Gilmar Mendes, del Supremo Tribunal Federal (STF),\u00a0pidi\u00f3 a la Polic\u00eda Federal una investigaci\u00f3n contra Wikipedia, por considerar que una entrada sobre su biograf\u00eda es distorsionada e \"ideol\u00f3gica\", inform\u00f3 Estado de S\u00e3o Paulo.<\/p>\n","protected":false},"author":17,"featured_media":0,"comment_status":"closed","ping_status":"closed","sticky":false,"template":"","format":"standard","meta":{"inline_featured_image":false,"footnotes":""},"categories":[1227],"tags":[1499],"coauthors":[],"class_list":["post-32938","post","type-post","status-publish","format-standard","hentry","category-acceso-a-la-informacion-es","tag-periodismo-digital-es"],"acf":[],"yoast_head":"<!-- This site is optimized with the Yoast SEO Premium plugin v22.6 (Yoast SEO v27.4) - https:\/\/yoast.com\/product\/yoast-seo-premium-wordpress\/ -->\n<title>Ministro brasile\u00f1o solicita a Polic\u00eda Federal investigaci\u00f3n contra Wikipedia - LatAm Journalism Review<\/title>\n<meta name=\"description\" content=\"Ministro brasile\u00f1o solicita a Polic\u00eda Federal investigaci\u00f3n contra Wikipedia Acceso a la Informaci\u00f3n. Latin American Journalism Review by The Knight Center at The University of Texas at Austin.\" \/>\n<meta name=\"robots\" content=\"index, follow, max-snippet:-1, max-image-preview:large, max-video-preview:-1\" \/>\n<link rel=\"canonical\" href=\"https:\/\/latamjournalismreview.org\/es\/articles\/ministro-brasileno-solicita-a-policia-federal-investigacion-contra-wikipedia\/\" \/>\n<meta property=\"og:locale\" content=\"es_ES\" \/>\n<meta property=\"og:type\" content=\"article\" \/>\n<meta property=\"og:title\" content=\"Ministro brasile\u00f1o solicita a Polic\u00eda Federal investigaci\u00f3n contra Wikipedia\" \/>\n<meta property=\"og:description\" content=\"Ministro brasile\u00f1o solicita a Polic\u00eda Federal investigaci\u00f3n contra Wikipedia Acceso a la Informaci\u00f3n. Latin American Journalism Review by The Knight Center at The University of Texas at Austin.\" \/>\n<meta property=\"og:url\" content=\"https:\/\/latamjournalismreview.org\/es\/articles\/ministro-brasileno-solicita-a-policia-federal-investigacion-contra-wikipedia\/\" \/>\n<meta property=\"og:site_name\" content=\"LatAm Journalism Review\" \/>\n<meta property=\"article:published_time\" content=\"2012-08-09T14:27:50+00:00\" \/>\n<meta property=\"article:modified_time\" content=\"2021-09-21T14:29:13+00:00\" \/>\n<meta name=\"author\" content=\"Guest\" \/>\n<meta name=\"twitter:card\" content=\"summary_large_image\" \/>\n<meta name=\"twitter:creator\" content=\"@LatAmJournalism\" \/>\n<meta name=\"twitter:site\" content=\"@LatAmJournalism\" \/>\n<meta name=\"twitter:label1\" content=\"Written by\" \/>\n\t<meta name=\"twitter:data1\" content=\"Guest\" \/>\n\t<meta name=\"twitter:label2\" content=\"Est. reading time\" \/>\n\t<meta name=\"twitter:data2\" content=\"2 minutos\" \/>\n<script type=\"application\/ld+json\" class=\"yoast-schema-graph\">{\"@context\":\"https:\\\/\\\/schema.org\",\"@graph\":[{\"@type\":\"Article\",\"@id\":\"https:\\\/\\\/latamjournalismreview.org\\\/es\\\/articles\\\/ministro-brasileno-solicita-a-policia-federal-investigacion-contra-wikipedia\\\/#article\",\"isPartOf\":{\"@id\":\"https:\\\/\\\/latamjournalismreview.org\\\/es\\\/articles\\\/ministro-brasileno-solicita-a-policia-federal-investigacion-contra-wikipedia\\\/\"},\"author\":{\"name\":\"Guest\",\"@id\":\"https:\\\/\\\/latamjournalismreview.org\\\/es\\\/#\\\/schema\\\/person\\\/0315202e0b3c0963a2440f1c3012c360\"},\"headline\":\"Ministro brasile\u00f1o solicita a Polic\u00eda Federal investigaci\u00f3n contra Wikipedia\",\"datePublished\":\"2012-08-09T14:27:50+00:00\",\"dateModified\":\"2021-09-21T14:29:13+00:00\",\"mainEntityOfPage\":{\"@id\":\"https:\\\/\\\/latamjournalismreview.org\\\/es\\\/articles\\\/ministro-brasileno-solicita-a-policia-federal-investigacion-contra-wikipedia\\\/\"},\"wordCount\":332,\"publisher\":{\"@id\":\"https:\\\/\\\/latamjournalismreview.org\\\/es\\\/#organization\"},\"keywords\":[\"Periodismo digital\"],\"articleSection\":[\"Acceso a la Informaci\u00f3n\"],\"inLanguage\":\"es\"},{\"@type\":\"WebPage\",\"@id\":\"https:\\\/\\\/latamjournalismreview.org\\\/es\\\/articles\\\/ministro-brasileno-solicita-a-policia-federal-investigacion-contra-wikipedia\\\/\",\"url\":\"https:\\\/\\\/latamjournalismreview.org\\\/es\\\/articles\\\/ministro-brasileno-solicita-a-policia-federal-investigacion-contra-wikipedia\\\/\",\"name\":\"Ministro brasile\u00f1o solicita a Polic\u00eda Federal investigaci\u00f3n contra Wikipedia - LatAm Journalism Review\",\"isPartOf\":{\"@id\":\"https:\\\/\\\/latamjournalismreview.org\\\/es\\\/#website\"},\"datePublished\":\"2012-08-09T14:27:50+00:00\",\"dateModified\":\"2021-09-21T14:29:13+00:00\",\"description\":\"Ministro brasile\u00f1o solicita a Polic\u00eda Federal investigaci\u00f3n contra Wikipedia Acceso a la Informaci\u00f3n. Latin American Journalism Review by The Knight Center at The University of Texas at Austin.\",\"breadcrumb\":{\"@id\":\"https:\\\/\\\/latamjournalismreview.org\\\/es\\\/articles\\\/ministro-brasileno-solicita-a-policia-federal-investigacion-contra-wikipedia\\\/#breadcrumb\"},\"inLanguage\":\"es\",\"potentialAction\":[{\"@type\":\"ReadAction\",\"target\":[\"https:\\\/\\\/latamjournalismreview.org\\\/es\\\/articles\\\/ministro-brasileno-solicita-a-policia-federal-investigacion-contra-wikipedia\\\/\"]}]},{\"@type\":\"BreadcrumbList\",\"@id\":\"https:\\\/\\\/latamjournalismreview.org\\\/es\\\/articles\\\/ministro-brasileno-solicita-a-policia-federal-investigacion-contra-wikipedia\\\/#breadcrumb\",\"itemListElement\":[{\"@type\":\"ListItem\",\"position\":1,\"name\":\"Home\",\"item\":\"https:\\\/\\\/latamjournalismreview.org\\\/es\\\/\"},{\"@type\":\"ListItem\",\"position\":2,\"name\":\"Ministro brasile\u00f1o solicita a Polic\u00eda Federal investigaci\u00f3n contra Wikipedia\"}]},{\"@type\":\"WebSite\",\"@id\":\"https:\\\/\\\/latamjournalismreview.org\\\/es\\\/#website\",\"url\":\"https:\\\/\\\/latamjournalismreview.org\\\/es\\\/\",\"name\":\"LatAm Journalism Review\",\"description\":\"Knight Center at The University of Texas\",\"publisher\":{\"@id\":\"https:\\\/\\\/latamjournalismreview.org\\\/es\\\/#organization\"},\"potentialAction\":[{\"@type\":\"SearchAction\",\"target\":{\"@type\":\"EntryPoint\",\"urlTemplate\":\"https:\\\/\\\/latamjournalismreview.org\\\/es\\\/?s={search_term_string}\"},\"query-input\":{\"@type\":\"PropertyValueSpecification\",\"valueRequired\":true,\"valueName\":\"search_term_string\"}}],\"inLanguage\":\"es\"},{\"@type\":\"Organization\",\"@id\":\"https:\\\/\\\/latamjournalismreview.org\\\/es\\\/#organization\",\"name\":\"LatAm Journalism Review\",\"url\":\"https:\\\/\\\/latamjournalismreview.org\\\/es\\\/\",\"logo\":{\"@type\":\"ImageObject\",\"inLanguage\":\"es\",\"@id\":\"https:\\\/\\\/latamjournalismreview.org\\\/es\\\/#\\\/schema\\\/logo\\\/image\\\/\",\"url\":\"https:\\\/\\\/latamjournalismreview.org\\\/wp-content\\\/uploads\\\/2020\\\/05\\\/knight-latAm-review-logo.svg\",\"contentUrl\":\"https:\\\/\\\/latamjournalismreview.org\\\/wp-content\\\/uploads\\\/2020\\\/05\\\/knight-latAm-review-logo.svg\",\"width\":\"1024\",\"height\":\"1024\",\"caption\":\"LatAm Journalism Review\"},\"image\":{\"@id\":\"https:\\\/\\\/latamjournalismreview.org\\\/es\\\/#\\\/schema\\\/logo\\\/image\\\/\"},\"sameAs\":[\"https:\\\/\\\/x.com\\\/LatAmJournalism\"]},{\"@type\":\"Person\",\"@id\":\"https:\\\/\\\/latamjournalismreview.org\\\/es\\\/#\\\/schema\\\/person\\\/0315202e0b3c0963a2440f1c3012c360\",\"name\":\"Guest\",\"url\":\"https:\\\/\\\/latamjournalismreview.org\\\/es\\\/articles\\\/author\\\/guest\\\/\"}]}<\/script>\n<!-- \/ Yoast SEO Premium plugin. -->","yoast_head_json":{"title":"Ministro brasile\u00f1o solicita a Polic\u00eda Federal investigaci\u00f3n contra Wikipedia - LatAm Journalism Review","description":"Ministro brasile\u00f1o solicita a Polic\u00eda Federal investigaci\u00f3n contra Wikipedia Acceso a la Informaci\u00f3n. Latin American Journalism Review by The Knight Center at The University of Texas at Austin.","robots":{"index":"index","follow":"follow","max-snippet":"max-snippet:-1","max-image-preview":"max-image-preview:large","max-video-preview":"max-video-preview:-1"},"canonical":"https:\/\/latamjournalismreview.org\/es\/articles\/ministro-brasileno-solicita-a-policia-federal-investigacion-contra-wikipedia\/","og_locale":"es_ES","og_type":"article","og_title":"Ministro brasile\u00f1o solicita a Polic\u00eda Federal investigaci\u00f3n contra Wikipedia","og_description":"Ministro brasile\u00f1o solicita a Polic\u00eda Federal investigaci\u00f3n contra Wikipedia Acceso a la Informaci\u00f3n. Latin American Journalism Review by The Knight Center at The University of Texas at Austin.","og_url":"https:\/\/latamjournalismreview.org\/es\/articles\/ministro-brasileno-solicita-a-policia-federal-investigacion-contra-wikipedia\/","og_site_name":"LatAm Journalism Review","article_published_time":"2012-08-09T14:27:50+00:00","article_modified_time":"2021-09-21T14:29:13+00:00","author":"Guest","twitter_card":"summary_large_image","twitter_creator":"@LatAmJournalism","twitter_site":"@LatAmJournalism","twitter_misc":{"Written by":"Guest","Est. reading time":"2 minutos"},"schema":{"@context":"https:\/\/schema.org","@graph":[{"@type":"Article","@id":"https:\/\/latamjournalismreview.org\/es\/articles\/ministro-brasileno-solicita-a-policia-federal-investigacion-contra-wikipedia\/#article","isPartOf":{"@id":"https:\/\/latamjournalismreview.org\/es\/articles\/ministro-brasileno-solicita-a-policia-federal-investigacion-contra-wikipedia\/"},"author":{"name":"Guest","@id":"https:\/\/latamjournalismreview.org\/es\/#\/schema\/person\/0315202e0b3c0963a2440f1c3012c360"},"headline":"Ministro brasile\u00f1o solicita a Polic\u00eda Federal investigaci\u00f3n contra Wikipedia","datePublished":"2012-08-09T14:27:50+00:00","dateModified":"2021-09-21T14:29:13+00:00","mainEntityOfPage":{"@id":"https:\/\/latamjournalismreview.org\/es\/articles\/ministro-brasileno-solicita-a-policia-federal-investigacion-contra-wikipedia\/"},"wordCount":332,"publisher":{"@id":"https:\/\/latamjournalismreview.org\/es\/#organization"},"keywords":["Periodismo digital"],"articleSection":["Acceso a la Informaci\u00f3n"],"inLanguage":"es"},{"@type":"WebPage","@id":"https:\/\/latamjournalismreview.org\/es\/articles\/ministro-brasileno-solicita-a-policia-federal-investigacion-contra-wikipedia\/","url":"https:\/\/latamjournalismreview.org\/es\/articles\/ministro-brasileno-solicita-a-policia-federal-investigacion-contra-wikipedia\/","name":"Ministro brasile\u00f1o solicita a Polic\u00eda Federal investigaci\u00f3n contra Wikipedia - LatAm Journalism Review","isPartOf":{"@id":"https:\/\/latamjournalismreview.org\/es\/#website"},"datePublished":"2012-08-09T14:27:50+00:00","dateModified":"2021-09-21T14:29:13+00:00","description":"Ministro brasile\u00f1o solicita a Polic\u00eda Federal investigaci\u00f3n contra Wikipedia Acceso a la Informaci\u00f3n. Latin American Journalism Review by The Knight Center at The University of Texas at Austin.","breadcrumb":{"@id":"https:\/\/latamjournalismreview.org\/es\/articles\/ministro-brasileno-solicita-a-policia-federal-investigacion-contra-wikipedia\/#breadcrumb"},"inLanguage":"es","potentialAction":[{"@type":"ReadAction","target":["https:\/\/latamjournalismreview.org\/es\/articles\/ministro-brasileno-solicita-a-policia-federal-investigacion-contra-wikipedia\/"]}]},{"@type":"BreadcrumbList","@id":"https:\/\/latamjournalismreview.org\/es\/articles\/ministro-brasileno-solicita-a-policia-federal-investigacion-contra-wikipedia\/#breadcrumb","itemListElement":[{"@type":"ListItem","position":1,"name":"Home","item":"https:\/\/latamjournalismreview.org\/es\/"},{"@type":"ListItem","position":2,"name":"Ministro brasile\u00f1o solicita a Polic\u00eda Federal investigaci\u00f3n contra Wikipedia"}]},{"@type":"WebSite","@id":"https:\/\/latamjournalismreview.org\/es\/#website","url":"https:\/\/latamjournalismreview.org\/es\/","name":"LatAm Journalism Review","description":"Knight Center at The University of Texas","publisher":{"@id":"https:\/\/latamjournalismreview.org\/es\/#organization"},"potentialAction":[{"@type":"SearchAction","target":{"@type":"EntryPoint","urlTemplate":"https:\/\/latamjournalismreview.org\/es\/?s={search_term_string}"},"query-input":{"@type":"PropertyValueSpecification","valueRequired":true,"valueName":"search_term_string"}}],"inLanguage":"es"},{"@type":"Organization","@id":"https:\/\/latamjournalismreview.org\/es\/#organization","name":"LatAm Journalism Review","url":"https:\/\/latamjournalismreview.org\/es\/","logo":{"@type":"ImageObject","inLanguage":"es","@id":"https:\/\/latamjournalismreview.org\/es\/#\/schema\/logo\/image\/","url":"https:\/\/latamjournalismreview.org\/wp-content\/uploads\/2020\/05\/knight-latAm-review-logo.svg","contentUrl":"https:\/\/latamjournalismreview.org\/wp-content\/uploads\/2020\/05\/knight-latAm-review-logo.svg","width":"1024","height":"1024","caption":"LatAm Journalism Review"},"image":{"@id":"https:\/\/latamjournalismreview.org\/es\/#\/schema\/logo\/image\/"},"sameAs":["https:\/\/x.com\/LatAmJournalism"]},{"@type":"Person","@id":"https:\/\/latamjournalismreview.org\/es\/#\/schema\/person\/0315202e0b3c0963a2440f1c3012c360","name":"Guest","url":"https:\/\/latamjournalismreview.org\/es\/articles\/author\/guest\/"}]}},"_links":{"self":[{"href":"https:\/\/latamjournalismreview.org\/es\/wp-json\/wp\/v2\/posts\/32938","targetHints":{"allow":["GET"]}}],"collection":[{"href":"https:\/\/latamjournalismreview.org\/es\/wp-json\/wp\/v2\/posts"}],"about":[{"href":"https:\/\/latamjournalismreview.org\/es\/wp-json\/wp\/v2\/types\/post"}],"author":[{"embeddable":true,"href":"https:\/\/latamjournalismreview.org\/es\/wp-json\/wp\/v2\/users\/17"}],"replies":[{"embeddable":true,"href":"https:\/\/latamjournalismreview.org\/es\/wp-json\/wp\/v2\/comments?post=32938"}],"version-history":[{"count":1,"href":"https:\/\/latamjournalismreview.org\/es\/wp-json\/wp\/v2\/posts\/32938\/revisions"}],"predecessor-version":[{"id":32940,"href":"https:\/\/latamjournalismreview.org\/es\/wp-json\/wp\/v2\/posts\/32938\/revisions\/32940"}],"wp:attachment":[{"href":"https:\/\/latamjournalismreview.org\/es\/wp-json\/wp\/v2\/media?parent=32938"}],"wp:term":[{"taxonomy":"category","embeddable":true,"href":"https:\/\/latamjournalismreview.org\/es\/wp-json\/wp\/v2\/categories?post=32938"},{"taxonomy":"post_tag","embeddable":true,"href":"https:\/\/latamjournalismreview.org\/es\/wp-json\/wp\/v2\/tags?post=32938"},{"taxonomy":"author","embeddable":true,"href":"https:\/\/latamjournalismreview.org\/es\/wp-json\/wp\/v2\/coauthors?post=32938"}],"curies":[{"name":"wp","href":"https:\/\/api.w.org\/{rel}","templated":true}]}}