{"id":33470,"date":"2012-10-22T16:07:40","date_gmt":"2012-10-22T21:07:40","guid":{"rendered":"https:\/\/latamjournalismreview.org\/?p=33470"},"modified":"2021-09-23T16:08:48","modified_gmt":"2021-09-23T21:08:48","slug":"policias-intentaron-incendiar-automovil-de-fotografo-mexicano-durante-protestas-estudiantiles","status":"publish","type":"post","link":"https:\/\/latamjournalismreview.org\/es\/articles\/policias-intentaron-incendiar-automovil-de-fotografo-mexicano-durante-protestas-estudiantiles\/","title":{"rendered":"Polic\u00edas intentaron incendiar autom\u00f3vil de fot\u00f3grafo mexicano durante protestas estudiantiles"},"content":{"rendered":"<p><a href=\"http:\/\/articulo19.org\/posicionamiento-michoacan\/\" target=\"_blank\" rel=\"noopener\">Periodistas mexicanos denunciaron agresiones de la polic\u00eda<\/a>\u00a0que interfirieron con su cobertura de las\u00a0<a href=\"http:\/\/mexico.cnn.com\/nacional\/2012\/10\/15\/unos-200-estudiantes-son-detenidos-en-operativos-en-normales-de-michoacan\" target=\"_blank\" rel=\"noopener\">protestas estudiantiles en el municipio de Cher\u00e1n<\/a>, en el estado occidental de\u00a0<a href=\"http:\/\/michoacan.gob.mx\/\" target=\"_blank\" rel=\"noopener\">Michoac\u00e1n<\/a>, de acuerdo con la organizaci\u00f3n Art\u00edculo 19.<\/p>\n<p>Alan Ortega, fot\u00f3grafo de las agencias Cuartoscuro y Reuters en Michoac\u00e1n, denunci\u00f3 que los\u00a0<a href=\"http:\/\/aristeguinoticias.com\/1610\/mexico\/senalan-a-policias-por-presunta-participacion-en-ataques-a-coches-en-cheran\/\" target=\"_blank\" rel=\"noopener\">polic\u00edas destrozaron los vidrios de su veh\u00edculo e intentaron prenderle fuego<\/a>\u00a0as\u00ed como despojarlo de su equipo de trabajo, de acuerdo con el sitio Aristegui Noticias.<\/p>\n<p>De acuerdo con un informe de la organizaci\u00f3n Art\u00edculo 19, la mayor\u00eda de los\u00a0<a href=\"https:\/\/knightcenter.utexas.edu\/es\/blog\/00-9370-policias-y-ejercito-en-mexico-cometen-la-mayoria-de-agresiones-contra-la-prensa-adelant\" target=\"_blank\" rel=\"noopener\">ataques contra la prensa en M\u00e9xico provienen de las fuerzas de seguridad p\u00fablica.<\/a><\/p>\n<p><em>Nota del editor: Esta historia fue publicada originalmente en el blog Periodismo en las Am\u00e9ricas del Centro Knight, el predecesor de LatAm Journalism Review.<\/em><\/p>\n","protected":false},"excerpt":{"rendered":"<p>Periodistas mexicanos denunciaron agresiones de la polic\u00eda\u00a0que interfirieron con su cobertura de las\u00a0protestas estudiantiles en el municipio de Cher\u00e1n, en el estado occidental de\u00a0Michoac\u00e1n, de acuerdo con la organizaci\u00f3n Art\u00edculo 19.<\/p>\n","protected":false},"author":40,"featured_media":0,"comment_status":"closed","ping_status":"closed","sticky":false,"template":"","format":"standard","meta":{"inline_featured_image":false,"footnotes":""},"categories":[1222],"tags":[1506,1393],"coauthors":[],"class_list":["post-33470","post","type-post","status-publish","format-standard","hentry","category-violencia-contra-periodistas-es","tag-fotoperiodismo-es","tag-mexico-es"],"acf":[],"yoast_head":"<!-- This site is optimized with the Yoast SEO Premium plugin v22.6 (Yoast SEO v27.4) - https:\/\/yoast.com\/product\/yoast-seo-premium-wordpress\/ -->\n<title>Polic\u00edas intentaron incendiar autom\u00f3vil de fot\u00f3grafo mexicano durante protestas estudiantiles - LatAm Journalism Review<\/title>\n<meta name=\"description\" content=\"Polic\u00edas intentaron incendiar autom\u00f3vil de fot\u00f3grafo mexicano durante protestas estudiantiles Violencia contra periodistas. Latin American Journalism Review by The Knight Center at The University of Texas at Austin.\" \/>\n<meta name=\"robots\" content=\"index, follow, max-snippet:-1, max-image-preview:large, max-video-preview:-1\" \/>\n<link rel=\"canonical\" href=\"https:\/\/latamjournalismreview.org\/es\/articles\/policias-intentaron-incendiar-automovil-de-fotografo-mexicano-durante-protestas-estudiantiles\/\" \/>\n<meta property=\"og:locale\" content=\"es_ES\" \/>\n<meta property=\"og:type\" content=\"article\" \/>\n<meta property=\"og:title\" content=\"Polic\u00edas intentaron incendiar autom\u00f3vil de fot\u00f3grafo mexicano durante protestas estudiantiles\" \/>\n<meta property=\"og:description\" content=\"Polic\u00edas intentaron incendiar autom\u00f3vil de fot\u00f3grafo mexicano durante protestas estudiantiles Violencia contra periodistas. Latin American Journalism Review by The Knight Center at The University of Texas at Austin.\" \/>\n<meta property=\"og:url\" content=\"https:\/\/latamjournalismreview.org\/es\/articles\/policias-intentaron-incendiar-automovil-de-fotografo-mexicano-durante-protestas-estudiantiles\/\" \/>\n<meta property=\"og:site_name\" content=\"LatAm Journalism Review\" \/>\n<meta property=\"article:published_time\" content=\"2012-10-22T21:07:40+00:00\" \/>\n<meta property=\"article:modified_time\" content=\"2021-09-23T21:08:48+00:00\" \/>\n<meta name=\"author\" content=\"Tania Lara\" \/>\n<meta name=\"twitter:card\" content=\"summary_large_image\" \/>\n<meta name=\"twitter:creator\" content=\"@LatAmJournalism\" \/>\n<meta name=\"twitter:site\" content=\"@LatAmJournalism\" \/>\n<meta name=\"twitter:label1\" content=\"Written by\" \/>\n\t<meta name=\"twitter:data1\" content=\"Tania Lara\" \/>\n\t<meta name=\"twitter:label2\" content=\"Est. reading time\" \/>\n\t<meta name=\"twitter:data2\" content=\"1 minuto\" \/>\n<script type=\"application\/ld+json\" class=\"yoast-schema-graph\">{\"@context\":\"https:\\\/\\\/schema.org\",\"@graph\":[{\"@type\":\"Article\",\"@id\":\"https:\\\/\\\/latamjournalismreview.org\\\/es\\\/articles\\\/policias-intentaron-incendiar-automovil-de-fotografo-mexicano-durante-protestas-estudiantiles\\\/#article\",\"isPartOf\":{\"@id\":\"https:\\\/\\\/latamjournalismreview.org\\\/es\\\/articles\\\/policias-intentaron-incendiar-automovil-de-fotografo-mexicano-durante-protestas-estudiantiles\\\/\"},\"author\":{\"name\":\"Tania Lara\",\"@id\":\"https:\\\/\\\/latamjournalismreview.org\\\/es\\\/#\\\/schema\\\/person\\\/51558925140f21242c6ed2d20b8260c5\"},\"headline\":\"Polic\u00edas intentaron incendiar autom\u00f3vil de fot\u00f3grafo mexicano durante protestas estudiantiles\",\"datePublished\":\"2012-10-22T21:07:40+00:00\",\"dateModified\":\"2021-09-23T21:08:48+00:00\",\"mainEntityOfPage\":{\"@id\":\"https:\\\/\\\/latamjournalismreview.org\\\/es\\\/articles\\\/policias-intentaron-incendiar-automovil-de-fotografo-mexicano-durante-protestas-estudiantiles\\\/\"},\"wordCount\":151,\"publisher\":{\"@id\":\"https:\\\/\\\/latamjournalismreview.org\\\/es\\\/#organization\"},\"keywords\":[\"Fotoperiodismo\",\"M\u00e9xico\"],\"articleSection\":[\"Violencia contra periodistas\"],\"inLanguage\":\"es\"},{\"@type\":\"WebPage\",\"@id\":\"https:\\\/\\\/latamjournalismreview.org\\\/es\\\/articles\\\/policias-intentaron-incendiar-automovil-de-fotografo-mexicano-durante-protestas-estudiantiles\\\/\",\"url\":\"https:\\\/\\\/latamjournalismreview.org\\\/es\\\/articles\\\/policias-intentaron-incendiar-automovil-de-fotografo-mexicano-durante-protestas-estudiantiles\\\/\",\"name\":\"Polic\u00edas intentaron incendiar autom\u00f3vil de fot\u00f3grafo mexicano durante protestas estudiantiles - LatAm Journalism Review\",\"isPartOf\":{\"@id\":\"https:\\\/\\\/latamjournalismreview.org\\\/es\\\/#website\"},\"datePublished\":\"2012-10-22T21:07:40+00:00\",\"dateModified\":\"2021-09-23T21:08:48+00:00\",\"description\":\"Polic\u00edas intentaron incendiar autom\u00f3vil de fot\u00f3grafo mexicano durante protestas estudiantiles Violencia contra periodistas. Latin American Journalism Review by The Knight Center at The University of Texas at Austin.\",\"breadcrumb\":{\"@id\":\"https:\\\/\\\/latamjournalismreview.org\\\/es\\\/articles\\\/policias-intentaron-incendiar-automovil-de-fotografo-mexicano-durante-protestas-estudiantiles\\\/#breadcrumb\"},\"inLanguage\":\"es\",\"potentialAction\":[{\"@type\":\"ReadAction\",\"target\":[\"https:\\\/\\\/latamjournalismreview.org\\\/es\\\/articles\\\/policias-intentaron-incendiar-automovil-de-fotografo-mexicano-durante-protestas-estudiantiles\\\/\"]}]},{\"@type\":\"BreadcrumbList\",\"@id\":\"https:\\\/\\\/latamjournalismreview.org\\\/es\\\/articles\\\/policias-intentaron-incendiar-automovil-de-fotografo-mexicano-durante-protestas-estudiantiles\\\/#breadcrumb\",\"itemListElement\":[{\"@type\":\"ListItem\",\"position\":1,\"name\":\"Home\",\"item\":\"https:\\\/\\\/latamjournalismreview.org\\\/es\\\/\"},{\"@type\":\"ListItem\",\"position\":2,\"name\":\"Polic\u00edas intentaron incendiar autom\u00f3vil de fot\u00f3grafo mexicano durante protestas estudiantiles\"}]},{\"@type\":\"WebSite\",\"@id\":\"https:\\\/\\\/latamjournalismreview.org\\\/es\\\/#website\",\"url\":\"https:\\\/\\\/latamjournalismreview.org\\\/es\\\/\",\"name\":\"LatAm Journalism Review\",\"description\":\"Knight Center at The University of Texas\",\"publisher\":{\"@id\":\"https:\\\/\\\/latamjournalismreview.org\\\/es\\\/#organization\"},\"potentialAction\":[{\"@type\":\"SearchAction\",\"target\":{\"@type\":\"EntryPoint\",\"urlTemplate\":\"https:\\\/\\\/latamjournalismreview.org\\\/es\\\/?s={search_term_string}\"},\"query-input\":{\"@type\":\"PropertyValueSpecification\",\"valueRequired\":true,\"valueName\":\"search_term_string\"}}],\"inLanguage\":\"es\"},{\"@type\":\"Organization\",\"@id\":\"https:\\\/\\\/latamjournalismreview.org\\\/es\\\/#organization\",\"name\":\"LatAm Journalism Review\",\"url\":\"https:\\\/\\\/latamjournalismreview.org\\\/es\\\/\",\"logo\":{\"@type\":\"ImageObject\",\"inLanguage\":\"es\",\"@id\":\"https:\\\/\\\/latamjournalismreview.org\\\/es\\\/#\\\/schema\\\/logo\\\/image\\\/\",\"url\":\"https:\\\/\\\/latamjournalismreview.org\\\/wp-content\\\/uploads\\\/2020\\\/05\\\/knight-latAm-review-logo.svg\",\"contentUrl\":\"https:\\\/\\\/latamjournalismreview.org\\\/wp-content\\\/uploads\\\/2020\\\/05\\\/knight-latAm-review-logo.svg\",\"width\":\"1024\",\"height\":\"1024\",\"caption\":\"LatAm Journalism Review\"},\"image\":{\"@id\":\"https:\\\/\\\/latamjournalismreview.org\\\/es\\\/#\\\/schema\\\/logo\\\/image\\\/\"},\"sameAs\":[\"https:\\\/\\\/x.com\\\/LatAmJournalism\"]},{\"@type\":\"Person\",\"@id\":\"https:\\\/\\\/latamjournalismreview.org\\\/es\\\/#\\\/schema\\\/person\\\/51558925140f21242c6ed2d20b8260c5\",\"name\":\"Tania Lara\",\"url\":\"https:\\\/\\\/latamjournalismreview.org\\\/es\\\/articles\\\/author\\\/tania-lara\\\/\"}]}<\/script>\n<!-- \/ Yoast SEO Premium plugin. -->","yoast_head_json":{"title":"Polic\u00edas intentaron incendiar autom\u00f3vil de fot\u00f3grafo mexicano durante protestas estudiantiles - LatAm Journalism Review","description":"Polic\u00edas intentaron incendiar autom\u00f3vil de fot\u00f3grafo mexicano durante protestas estudiantiles Violencia contra periodistas. Latin American Journalism Review by The Knight Center at The University of Texas at Austin.","robots":{"index":"index","follow":"follow","max-snippet":"max-snippet:-1","max-image-preview":"max-image-preview:large","max-video-preview":"max-video-preview:-1"},"canonical":"https:\/\/latamjournalismreview.org\/es\/articles\/policias-intentaron-incendiar-automovil-de-fotografo-mexicano-durante-protestas-estudiantiles\/","og_locale":"es_ES","og_type":"article","og_title":"Polic\u00edas intentaron incendiar autom\u00f3vil de fot\u00f3grafo mexicano durante protestas estudiantiles","og_description":"Polic\u00edas intentaron incendiar autom\u00f3vil de fot\u00f3grafo mexicano durante protestas estudiantiles Violencia contra periodistas. Latin American Journalism Review by The Knight Center at The University of Texas at Austin.","og_url":"https:\/\/latamjournalismreview.org\/es\/articles\/policias-intentaron-incendiar-automovil-de-fotografo-mexicano-durante-protestas-estudiantiles\/","og_site_name":"LatAm Journalism Review","article_published_time":"2012-10-22T21:07:40+00:00","article_modified_time":"2021-09-23T21:08:48+00:00","author":"Tania Lara","twitter_card":"summary_large_image","twitter_creator":"@LatAmJournalism","twitter_site":"@LatAmJournalism","twitter_misc":{"Written by":"Tania Lara","Est. reading time":"1 minuto"},"schema":{"@context":"https:\/\/schema.org","@graph":[{"@type":"Article","@id":"https:\/\/latamjournalismreview.org\/es\/articles\/policias-intentaron-incendiar-automovil-de-fotografo-mexicano-durante-protestas-estudiantiles\/#article","isPartOf":{"@id":"https:\/\/latamjournalismreview.org\/es\/articles\/policias-intentaron-incendiar-automovil-de-fotografo-mexicano-durante-protestas-estudiantiles\/"},"author":{"name":"Tania Lara","@id":"https:\/\/latamjournalismreview.org\/es\/#\/schema\/person\/51558925140f21242c6ed2d20b8260c5"},"headline":"Polic\u00edas intentaron incendiar autom\u00f3vil de fot\u00f3grafo mexicano durante protestas estudiantiles","datePublished":"2012-10-22T21:07:40+00:00","dateModified":"2021-09-23T21:08:48+00:00","mainEntityOfPage":{"@id":"https:\/\/latamjournalismreview.org\/es\/articles\/policias-intentaron-incendiar-automovil-de-fotografo-mexicano-durante-protestas-estudiantiles\/"},"wordCount":151,"publisher":{"@id":"https:\/\/latamjournalismreview.org\/es\/#organization"},"keywords":["Fotoperiodismo","M\u00e9xico"],"articleSection":["Violencia contra periodistas"],"inLanguage":"es"},{"@type":"WebPage","@id":"https:\/\/latamjournalismreview.org\/es\/articles\/policias-intentaron-incendiar-automovil-de-fotografo-mexicano-durante-protestas-estudiantiles\/","url":"https:\/\/latamjournalismreview.org\/es\/articles\/policias-intentaron-incendiar-automovil-de-fotografo-mexicano-durante-protestas-estudiantiles\/","name":"Polic\u00edas intentaron incendiar autom\u00f3vil de fot\u00f3grafo mexicano durante protestas estudiantiles - LatAm Journalism Review","isPartOf":{"@id":"https:\/\/latamjournalismreview.org\/es\/#website"},"datePublished":"2012-10-22T21:07:40+00:00","dateModified":"2021-09-23T21:08:48+00:00","description":"Polic\u00edas intentaron incendiar autom\u00f3vil de fot\u00f3grafo mexicano durante protestas estudiantiles Violencia contra periodistas. Latin American Journalism Review by The Knight Center at The University of Texas at Austin.","breadcrumb":{"@id":"https:\/\/latamjournalismreview.org\/es\/articles\/policias-intentaron-incendiar-automovil-de-fotografo-mexicano-durante-protestas-estudiantiles\/#breadcrumb"},"inLanguage":"es","potentialAction":[{"@type":"ReadAction","target":["https:\/\/latamjournalismreview.org\/es\/articles\/policias-intentaron-incendiar-automovil-de-fotografo-mexicano-durante-protestas-estudiantiles\/"]}]},{"@type":"BreadcrumbList","@id":"https:\/\/latamjournalismreview.org\/es\/articles\/policias-intentaron-incendiar-automovil-de-fotografo-mexicano-durante-protestas-estudiantiles\/#breadcrumb","itemListElement":[{"@type":"ListItem","position":1,"name":"Home","item":"https:\/\/latamjournalismreview.org\/es\/"},{"@type":"ListItem","position":2,"name":"Polic\u00edas intentaron incendiar autom\u00f3vil de fot\u00f3grafo mexicano durante protestas estudiantiles"}]},{"@type":"WebSite","@id":"https:\/\/latamjournalismreview.org\/es\/#website","url":"https:\/\/latamjournalismreview.org\/es\/","name":"LatAm Journalism Review","description":"Knight Center at The University of Texas","publisher":{"@id":"https:\/\/latamjournalismreview.org\/es\/#organization"},"potentialAction":[{"@type":"SearchAction","target":{"@type":"EntryPoint","urlTemplate":"https:\/\/latamjournalismreview.org\/es\/?s={search_term_string}"},"query-input":{"@type":"PropertyValueSpecification","valueRequired":true,"valueName":"search_term_string"}}],"inLanguage":"es"},{"@type":"Organization","@id":"https:\/\/latamjournalismreview.org\/es\/#organization","name":"LatAm Journalism Review","url":"https:\/\/latamjournalismreview.org\/es\/","logo":{"@type":"ImageObject","inLanguage":"es","@id":"https:\/\/latamjournalismreview.org\/es\/#\/schema\/logo\/image\/","url":"https:\/\/latamjournalismreview.org\/wp-content\/uploads\/2020\/05\/knight-latAm-review-logo.svg","contentUrl":"https:\/\/latamjournalismreview.org\/wp-content\/uploads\/2020\/05\/knight-latAm-review-logo.svg","width":"1024","height":"1024","caption":"LatAm Journalism Review"},"image":{"@id":"https:\/\/latamjournalismreview.org\/es\/#\/schema\/logo\/image\/"},"sameAs":["https:\/\/x.com\/LatAmJournalism"]},{"@type":"Person","@id":"https:\/\/latamjournalismreview.org\/es\/#\/schema\/person\/51558925140f21242c6ed2d20b8260c5","name":"Tania Lara","url":"https:\/\/latamjournalismreview.org\/es\/articles\/author\/tania-lara\/"}]}},"_links":{"self":[{"href":"https:\/\/latamjournalismreview.org\/es\/wp-json\/wp\/v2\/posts\/33470","targetHints":{"allow":["GET"]}}],"collection":[{"href":"https:\/\/latamjournalismreview.org\/es\/wp-json\/wp\/v2\/posts"}],"about":[{"href":"https:\/\/latamjournalismreview.org\/es\/wp-json\/wp\/v2\/types\/post"}],"author":[{"embeddable":true,"href":"https:\/\/latamjournalismreview.org\/es\/wp-json\/wp\/v2\/users\/40"}],"replies":[{"embeddable":true,"href":"https:\/\/latamjournalismreview.org\/es\/wp-json\/wp\/v2\/comments?post=33470"}],"version-history":[{"count":1,"href":"https:\/\/latamjournalismreview.org\/es\/wp-json\/wp\/v2\/posts\/33470\/revisions"}],"predecessor-version":[{"id":33471,"href":"https:\/\/latamjournalismreview.org\/es\/wp-json\/wp\/v2\/posts\/33470\/revisions\/33471"}],"wp:attachment":[{"href":"https:\/\/latamjournalismreview.org\/es\/wp-json\/wp\/v2\/media?parent=33470"}],"wp:term":[{"taxonomy":"category","embeddable":true,"href":"https:\/\/latamjournalismreview.org\/es\/wp-json\/wp\/v2\/categories?post=33470"},{"taxonomy":"post_tag","embeddable":true,"href":"https:\/\/latamjournalismreview.org\/es\/wp-json\/wp\/v2\/tags?post=33470"},{"taxonomy":"author","embeddable":true,"href":"https:\/\/latamjournalismreview.org\/es\/wp-json\/wp\/v2\/coauthors?post=33470"}],"curies":[{"name":"wp","href":"https:\/\/api.w.org\/{rel}","templated":true}]}}