{"id":33547,"date":"2012-10-18T17:31:44","date_gmt":"2012-10-18T22:31:44","guid":{"rendered":"https:\/\/latamjournalismreview.org\/?p=33547"},"modified":"2021-09-23T17:33:40","modified_gmt":"2021-09-23T22:33:40","slug":"chile-pedira-a-estados-unidos-extradicion-de-ex-militar-por-la-muerte-de-dos-periodistas","status":"publish","type":"post","link":"https:\/\/latamjournalismreview.org\/es\/articles\/chile-pedira-a-estados-unidos-extradicion-de-ex-militar-por-la-muerte-de-dos-periodistas\/","title":{"rendered":"Chile pedir\u00e1 a Estados Unidos extradici\u00f3n de ex militar por la muerte de dos periodistas"},"content":{"rendered":"<p>La Corte Suprema de Chile autoriz\u00f3\u00a0<a href=\"http:\/\/www.la-razon.com\/mundo\/Chile-extradicion-exmilitar-EEUU-periodistas_0_1708029241.html\" target=\"_blank\" rel=\"noopener\">pedir a Estados Unidos la extradici\u00f3n de un ex militar acusado del asesinato de dos periodistas estadounidenses en Chile<\/a>, inform\u00f3 la agencia AFP. Ambos murieron en 1973 a inicios de la\u00a0<a href=\"http:\/\/es.wikipedia.org\/wiki\/Augusto_Pinochet\" target=\"_blank\" rel=\"noopener\">dictadura de Augusto Pinochet<\/a>.<\/p>\n<p>Ray E. Davis era el comandante del Grupo de la Misi\u00f3n Militar de Estados Unidos en Chile y de acuerdo con la justicia de este pa\u00eds fue el que aprob\u00f3 las ejecuciones de los periodistas Charles Horman y Frank Teruggi, quienes fueron capturados d\u00edas despu\u00e9s del\u00a0<a href=\"http:\/\/es.wikipedia.org\/wiki\/Golpe_de_Estado_en_Chile_de_1973\" target=\"_blank\" rel=\"noopener\">golpe de estado de Chile de 1973<\/a>. Eran considerados \u201csubversivos\u201d por parte de la inteligencia estadounidense debido a su labor period\u00edstica, agreg\u00f3 la agencia AFP.<\/p>\n<p><a href=\"http:\/\/es.wikipedia.org\/wiki\/Charles_Horman\" target=\"_blank\" rel=\"noopener\">Charles Horman,\u00a0<\/a>de 31 a\u00f1os, era guionista de Chilefilms y\u00a0<a href=\"http:\/\/www.lanacion.cl\/caso-missing-suprema-pide-extradicion-de-ex-agente-de-eeuu\/noticias\/2012-10-18\/103317.html\" target=\"_blank\" rel=\"noopener\">realizaba una investigaci\u00f3n sobre los v\u00ednculos de la CIA con militares chilenos,\u00a0<\/a>documentos que desaparecieron de su casa luego de su captura, public\u00f3 el diario la Naci\u00f3n. Sin embargo, Horman alcanz\u00f3 a denunciar actividades de la CIA contra la administraci\u00f3n de\u00a0<a href=\"http:\/\/es.wikipedia.org\/wiki\/Salvador_Allende\" target=\"_blank\" rel=\"noopener\">Salvador Allende.<\/a>\u00a0Su desaparaci\u00f3n inspir\u00f3 la pel\u00edcula\u00a0<a href=\"http:\/\/es.wikipedia.org\/wiki\/Desaparecido_(pel%C3%ADcula)\" target=\"_blank\" rel=\"noopener\">\u201cMissing\u201d<\/a>\u00a0en 1982, agreg\u00f3 el diario.<\/p>\n<p>Por su parte, Frank Teruggi, estudiante de la Universidad de Chile de 24 a\u00f1os, integraba el grupo de prensa de izquierda Fuente de Investigaci\u00f3n Norteamericana (FNI) distribuido en Estados Unidos, a\u00f1adi\u00f3 el diario La Naci\u00f3n.<\/p>\n<p>Aunque en diferentes fechas, luego de sus capturas,\u00a0<a href=\"http:\/\/noticias.terra.cl\/nacional\/politica\/chile-pedira-la-extradicion-de-exmilitar-de-eeuu-por-muerte-de-2-periodistas,536f1135c1f6a310VgnCLD2000000dc6eb0aRCRD.html\" target=\"_blank\" rel=\"noopener\">los periodistas fueron trasladados al Estadio Nacional de Santiago, convertido en esta \u00e9poca en un centro de torturas, donde fueron ejecutados,\u00a0<\/a>afirm\u00f3 AFP.<\/p>\n<p>Seg\u00fan la agencia Associated Press,\u00a0<a href=\"http:\/\/www.emol.com\/noticias\/nacional\/2012\/10\/17\/565218\/chile-pedira-extradicion-de-ex-militar-de-eeuu.html\" target=\"_blank\" rel=\"noopener\">la Corte Suprema estim\u00f3 que los asesinatos de los periodistas estadounidenses son cr\u00edmenes de lesa humanidad\u00a0<\/a>lo que los hace imprescriptibles -- es decir, que los casos permanecer\u00e1n abiertos indefinidamente hasta ser resueltos. De ser hallado culpable, Davis podr\u00eda enfrentar una pena que va desde los 10 a\u00f1os hasta cadena perpetua, a\u00f1adi\u00f3 la AP.<\/p>\n<p><em>Nota del editor: Esta historia fue publicada originalmente en el blog Periodismo en las Am\u00e9ricas del Centro Knight, el predecesor de LatAm Journalism Review.<\/em><\/p>\n","protected":false},"excerpt":{"rendered":"<p>La Corte Suprema de Chile autoriz\u00f3\u00a0pedir a Estados Unidos la extradici\u00f3n de un ex militar acusado del asesinato de dos periodistas estadounidenses en Chile, inform\u00f3 la agencia AFP. Ambos murieron en 1973 a inicios de la\u00a0dictadura de Augusto Pinochet.<\/p>\n","protected":false},"author":13,"featured_media":0,"comment_status":"closed","ping_status":"closed","sticky":false,"template":"","format":"standard","meta":{"inline_featured_image":false,"footnotes":""},"categories":[1222],"tags":[1479,1434],"coauthors":[],"class_list":["post-33547","post","type-post","status-publish","format-standard","hentry","category-violencia-contra-periodistas-es","tag-asesinato-de-periodistas-es","tag-chile-es"],"acf":[],"yoast_head":"<!-- This site is optimized with the Yoast SEO Premium plugin v22.6 (Yoast SEO v27.4) - https:\/\/yoast.com\/product\/yoast-seo-premium-wordpress\/ -->\n<title>Chile pedir\u00e1 a Estados Unidos extradici\u00f3n de ex militar por la muerte de dos periodistas - LatAm Journalism Review<\/title>\n<meta name=\"description\" content=\"Chile pedir\u00e1 a Estados Unidos extradici\u00f3n de ex militar por la muerte de dos periodistas Violencia contra periodistas. Latin American Journalism Review by The Knight Center at The University of Texas at Austin.\" \/>\n<meta name=\"robots\" content=\"index, follow, max-snippet:-1, max-image-preview:large, max-video-preview:-1\" \/>\n<link rel=\"canonical\" href=\"https:\/\/latamjournalismreview.org\/es\/articles\/chile-pedira-a-estados-unidos-extradicion-de-ex-militar-por-la-muerte-de-dos-periodistas\/\" \/>\n<meta property=\"og:locale\" content=\"es_ES\" \/>\n<meta property=\"og:type\" content=\"article\" \/>\n<meta property=\"og:title\" content=\"Chile pedir\u00e1 a Estados Unidos extradici\u00f3n de ex militar por la muerte de dos periodistas\" \/>\n<meta property=\"og:description\" content=\"Chile pedir\u00e1 a Estados Unidos extradici\u00f3n de ex militar por la muerte de dos periodistas Violencia contra periodistas. Latin American Journalism Review by The Knight Center at The University of Texas at Austin.\" \/>\n<meta property=\"og:url\" content=\"https:\/\/latamjournalismreview.org\/es\/articles\/chile-pedira-a-estados-unidos-extradicion-de-ex-militar-por-la-muerte-de-dos-periodistas\/\" \/>\n<meta property=\"og:site_name\" content=\"LatAm Journalism Review\" \/>\n<meta property=\"article:published_time\" content=\"2012-10-18T22:31:44+00:00\" \/>\n<meta property=\"article:modified_time\" content=\"2021-09-23T22:33:40+00:00\" \/>\n<meta name=\"author\" content=\"Silvia Higuera\" \/>\n<meta name=\"twitter:card\" content=\"summary_large_image\" \/>\n<meta name=\"twitter:creator\" content=\"@shiguerita\" \/>\n<meta name=\"twitter:site\" content=\"@LatAmJournalism\" \/>\n<meta name=\"twitter:label1\" content=\"Written by\" \/>\n\t<meta name=\"twitter:data1\" content=\"Silvia Higuera\" \/>\n\t<meta name=\"twitter:label2\" content=\"Est. reading time\" \/>\n\t<meta name=\"twitter:data2\" content=\"2 minutos\" \/>\n<script type=\"application\/ld+json\" class=\"yoast-schema-graph\">{\"@context\":\"https:\\\/\\\/schema.org\",\"@graph\":[{\"@type\":\"Article\",\"@id\":\"https:\\\/\\\/latamjournalismreview.org\\\/es\\\/articles\\\/chile-pedira-a-estados-unidos-extradicion-de-ex-militar-por-la-muerte-de-dos-periodistas\\\/#article\",\"isPartOf\":{\"@id\":\"https:\\\/\\\/latamjournalismreview.org\\\/es\\\/articles\\\/chile-pedira-a-estados-unidos-extradicion-de-ex-militar-por-la-muerte-de-dos-periodistas\\\/\"},\"author\":{\"name\":\"Silvia Higuera\",\"@id\":\"https:\\\/\\\/latamjournalismreview.org\\\/es\\\/#\\\/schema\\\/person\\\/eac7baa6afada0957e047be9fc15703a\"},\"headline\":\"Chile pedir\u00e1 a Estados Unidos extradici\u00f3n de ex militar por la muerte de dos periodistas\",\"datePublished\":\"2012-10-18T22:31:44+00:00\",\"dateModified\":\"2021-09-23T22:33:40+00:00\",\"mainEntityOfPage\":{\"@id\":\"https:\\\/\\\/latamjournalismreview.org\\\/es\\\/articles\\\/chile-pedira-a-estados-unidos-extradicion-de-ex-militar-por-la-muerte-de-dos-periodistas\\\/\"},\"wordCount\":359,\"publisher\":{\"@id\":\"https:\\\/\\\/latamjournalismreview.org\\\/es\\\/#organization\"},\"keywords\":[\"Asesinato de periodista\",\"Chile\"],\"articleSection\":[\"Violencia contra periodistas\"],\"inLanguage\":\"es\"},{\"@type\":\"WebPage\",\"@id\":\"https:\\\/\\\/latamjournalismreview.org\\\/es\\\/articles\\\/chile-pedira-a-estados-unidos-extradicion-de-ex-militar-por-la-muerte-de-dos-periodistas\\\/\",\"url\":\"https:\\\/\\\/latamjournalismreview.org\\\/es\\\/articles\\\/chile-pedira-a-estados-unidos-extradicion-de-ex-militar-por-la-muerte-de-dos-periodistas\\\/\",\"name\":\"Chile pedir\u00e1 a Estados Unidos extradici\u00f3n de ex militar por la muerte de dos periodistas - LatAm Journalism Review\",\"isPartOf\":{\"@id\":\"https:\\\/\\\/latamjournalismreview.org\\\/es\\\/#website\"},\"datePublished\":\"2012-10-18T22:31:44+00:00\",\"dateModified\":\"2021-09-23T22:33:40+00:00\",\"description\":\"Chile pedir\u00e1 a Estados Unidos extradici\u00f3n de ex militar por la muerte de dos periodistas Violencia contra periodistas. Latin American Journalism Review by The Knight Center at The University of Texas at Austin.\",\"breadcrumb\":{\"@id\":\"https:\\\/\\\/latamjournalismreview.org\\\/es\\\/articles\\\/chile-pedira-a-estados-unidos-extradicion-de-ex-militar-por-la-muerte-de-dos-periodistas\\\/#breadcrumb\"},\"inLanguage\":\"es\",\"potentialAction\":[{\"@type\":\"ReadAction\",\"target\":[\"https:\\\/\\\/latamjournalismreview.org\\\/es\\\/articles\\\/chile-pedira-a-estados-unidos-extradicion-de-ex-militar-por-la-muerte-de-dos-periodistas\\\/\"]}]},{\"@type\":\"BreadcrumbList\",\"@id\":\"https:\\\/\\\/latamjournalismreview.org\\\/es\\\/articles\\\/chile-pedira-a-estados-unidos-extradicion-de-ex-militar-por-la-muerte-de-dos-periodistas\\\/#breadcrumb\",\"itemListElement\":[{\"@type\":\"ListItem\",\"position\":1,\"name\":\"Home\",\"item\":\"https:\\\/\\\/latamjournalismreview.org\\\/es\\\/\"},{\"@type\":\"ListItem\",\"position\":2,\"name\":\"Chile pedir\u00e1 a Estados Unidos extradici\u00f3n de ex militar por la muerte de dos periodistas\"}]},{\"@type\":\"WebSite\",\"@id\":\"https:\\\/\\\/latamjournalismreview.org\\\/es\\\/#website\",\"url\":\"https:\\\/\\\/latamjournalismreview.org\\\/es\\\/\",\"name\":\"LatAm Journalism Review\",\"description\":\"Knight Center at The University of Texas\",\"publisher\":{\"@id\":\"https:\\\/\\\/latamjournalismreview.org\\\/es\\\/#organization\"},\"potentialAction\":[{\"@type\":\"SearchAction\",\"target\":{\"@type\":\"EntryPoint\",\"urlTemplate\":\"https:\\\/\\\/latamjournalismreview.org\\\/es\\\/?s={search_term_string}\"},\"query-input\":{\"@type\":\"PropertyValueSpecification\",\"valueRequired\":true,\"valueName\":\"search_term_string\"}}],\"inLanguage\":\"es\"},{\"@type\":\"Organization\",\"@id\":\"https:\\\/\\\/latamjournalismreview.org\\\/es\\\/#organization\",\"name\":\"LatAm Journalism Review\",\"url\":\"https:\\\/\\\/latamjournalismreview.org\\\/es\\\/\",\"logo\":{\"@type\":\"ImageObject\",\"inLanguage\":\"es\",\"@id\":\"https:\\\/\\\/latamjournalismreview.org\\\/es\\\/#\\\/schema\\\/logo\\\/image\\\/\",\"url\":\"https:\\\/\\\/latamjournalismreview.org\\\/wp-content\\\/uploads\\\/2020\\\/05\\\/knight-latAm-review-logo.svg\",\"contentUrl\":\"https:\\\/\\\/latamjournalismreview.org\\\/wp-content\\\/uploads\\\/2020\\\/05\\\/knight-latAm-review-logo.svg\",\"width\":\"1024\",\"height\":\"1024\",\"caption\":\"LatAm Journalism Review\"},\"image\":{\"@id\":\"https:\\\/\\\/latamjournalismreview.org\\\/es\\\/#\\\/schema\\\/logo\\\/image\\\/\"},\"sameAs\":[\"https:\\\/\\\/x.com\\\/LatAmJournalism\"]},{\"@type\":\"Person\",\"@id\":\"https:\\\/\\\/latamjournalismreview.org\\\/es\\\/#\\\/schema\\\/person\\\/eac7baa6afada0957e047be9fc15703a\",\"name\":\"Silvia Higuera\",\"description\":\"Silvia A. Higuera Fl\u00f3rez is a Colombian journalist interested in covering Latin American issues and human rights, especially the right to freedom of expression, and investigative journalism. She studied Social Communication and Journalism at Universidad Pontificia Bolivariana in Bucaramanga (Colombia), and received her Master's of Arts in Journalism from the University of Texas at Austin in 2015. She worked with the Office of the Special Rapporteur for Freedom of Expression of the Inter-American Commission on Human Rights (IACHR) under the Orlando Sierra fellowship during 2014. She also worked for the Colombian newspaper Vanguardia Liberal and wrote for different magazines about local, economic and public order issues. Her work has also appeared in The Miami Herald and El Nuevo Herald of Miami. Email: silvia.knightcenter@gmail.com Silvia A. Higuera Fl\u00f3rez es una periodista colombiana con inter\u00e9s period\u00edstico es Am\u00e9rica Latina y los derechos humanos, particularmente el derecho a la libertad de expresi\u00f3n, as\u00ed como el periodismo de investigaci\u00f3n. Estudi\u00f3 Comunicaci\u00f3n Social \u2013 Periodismo en la Universidad Pontificia Bolivariana de Bucaramanga (Colombia), y recibi\u00f3 su maestr\u00eda en Periodismo en la Universidad de Texas, en Austin en 2015. Trabaj\u00f3 para la Relator\u00eda Especial para la Libertad de Expresi\u00f3n de la Comisi\u00f3n Interamericana de Derechos Humanos (CIDH) en el marco de la beca Orlando Sierra, durante 2014. Tambi\u00e9n hizo parte del diario Vanguardia Liberal y escribi\u00f3 para otras revistas colombianas cubriendo fuentes locales, econ\u00f3micas y judiciales. Algunos de sus trabajos han aparecido en The Miami Herald y El Nuevo Herald de Miami. Silvia A. Higuera Fl\u00f3rez \u00e9 uma jornalista colombiana e seu interesse jornal\u00edstico \u00e9 a Am\u00e9rica Latina e os direitos humanos, nomeadamente o direito \u00e0 liberdade de express\u00e3o. Estudou Comunica\u00e7\u00e3o Social \u2013 Jornalismo na Universidade Pontif\u00edcia Bolivariana de Bucaramanga, na Col\u00f4mbia e completou seu mestrado em jornalismo na Universidade do Texas em Austin. Silvia trabalhou na Relatoria para a Liberdade de Express\u00e3o da CIDH pela bolsa Orlando Sierra, em 2014. Trabalhou para o jornal Vanguardia Liberal e escreveu para outras revistas colombianas cobrindo temas locais, econ\u00f4micas e judici\u00e1rias. Alguns de seus trabalhos apareceram no The Miami Herald e no El Nuevo Herald de Miami.\",\"sameAs\":[\"https:\\\/\\\/x.com\\\/shiguerita\"],\"url\":\"https:\\\/\\\/latamjournalismreview.org\\\/es\\\/articles\\\/author\\\/silvia-higuera\\\/\"}]}<\/script>\n<!-- \/ Yoast SEO Premium plugin. -->","yoast_head_json":{"title":"Chile pedir\u00e1 a Estados Unidos extradici\u00f3n de ex militar por la muerte de dos periodistas - LatAm Journalism Review","description":"Chile pedir\u00e1 a Estados Unidos extradici\u00f3n de ex militar por la muerte de dos periodistas Violencia contra periodistas. Latin American Journalism Review by The Knight Center at The University of Texas at Austin.","robots":{"index":"index","follow":"follow","max-snippet":"max-snippet:-1","max-image-preview":"max-image-preview:large","max-video-preview":"max-video-preview:-1"},"canonical":"https:\/\/latamjournalismreview.org\/es\/articles\/chile-pedira-a-estados-unidos-extradicion-de-ex-militar-por-la-muerte-de-dos-periodistas\/","og_locale":"es_ES","og_type":"article","og_title":"Chile pedir\u00e1 a Estados Unidos extradici\u00f3n de ex militar por la muerte de dos periodistas","og_description":"Chile pedir\u00e1 a Estados Unidos extradici\u00f3n de ex militar por la muerte de dos periodistas Violencia contra periodistas. Latin American Journalism Review by The Knight Center at The University of Texas at Austin.","og_url":"https:\/\/latamjournalismreview.org\/es\/articles\/chile-pedira-a-estados-unidos-extradicion-de-ex-militar-por-la-muerte-de-dos-periodistas\/","og_site_name":"LatAm Journalism Review","article_published_time":"2012-10-18T22:31:44+00:00","article_modified_time":"2021-09-23T22:33:40+00:00","author":"Silvia Higuera","twitter_card":"summary_large_image","twitter_creator":"@shiguerita","twitter_site":"@LatAmJournalism","twitter_misc":{"Written by":"Silvia Higuera","Est. reading time":"2 minutos"},"schema":{"@context":"https:\/\/schema.org","@graph":[{"@type":"Article","@id":"https:\/\/latamjournalismreview.org\/es\/articles\/chile-pedira-a-estados-unidos-extradicion-de-ex-militar-por-la-muerte-de-dos-periodistas\/#article","isPartOf":{"@id":"https:\/\/latamjournalismreview.org\/es\/articles\/chile-pedira-a-estados-unidos-extradicion-de-ex-militar-por-la-muerte-de-dos-periodistas\/"},"author":{"name":"Silvia Higuera","@id":"https:\/\/latamjournalismreview.org\/es\/#\/schema\/person\/eac7baa6afada0957e047be9fc15703a"},"headline":"Chile pedir\u00e1 a Estados Unidos extradici\u00f3n de ex militar por la muerte de dos periodistas","datePublished":"2012-10-18T22:31:44+00:00","dateModified":"2021-09-23T22:33:40+00:00","mainEntityOfPage":{"@id":"https:\/\/latamjournalismreview.org\/es\/articles\/chile-pedira-a-estados-unidos-extradicion-de-ex-militar-por-la-muerte-de-dos-periodistas\/"},"wordCount":359,"publisher":{"@id":"https:\/\/latamjournalismreview.org\/es\/#organization"},"keywords":["Asesinato de periodista","Chile"],"articleSection":["Violencia contra periodistas"],"inLanguage":"es"},{"@type":"WebPage","@id":"https:\/\/latamjournalismreview.org\/es\/articles\/chile-pedira-a-estados-unidos-extradicion-de-ex-militar-por-la-muerte-de-dos-periodistas\/","url":"https:\/\/latamjournalismreview.org\/es\/articles\/chile-pedira-a-estados-unidos-extradicion-de-ex-militar-por-la-muerte-de-dos-periodistas\/","name":"Chile pedir\u00e1 a Estados Unidos extradici\u00f3n de ex militar por la muerte de dos periodistas - LatAm Journalism Review","isPartOf":{"@id":"https:\/\/latamjournalismreview.org\/es\/#website"},"datePublished":"2012-10-18T22:31:44+00:00","dateModified":"2021-09-23T22:33:40+00:00","description":"Chile pedir\u00e1 a Estados Unidos extradici\u00f3n de ex militar por la muerte de dos periodistas Violencia contra periodistas. Latin American Journalism Review by The Knight Center at The University of Texas at Austin.","breadcrumb":{"@id":"https:\/\/latamjournalismreview.org\/es\/articles\/chile-pedira-a-estados-unidos-extradicion-de-ex-militar-por-la-muerte-de-dos-periodistas\/#breadcrumb"},"inLanguage":"es","potentialAction":[{"@type":"ReadAction","target":["https:\/\/latamjournalismreview.org\/es\/articles\/chile-pedira-a-estados-unidos-extradicion-de-ex-militar-por-la-muerte-de-dos-periodistas\/"]}]},{"@type":"BreadcrumbList","@id":"https:\/\/latamjournalismreview.org\/es\/articles\/chile-pedira-a-estados-unidos-extradicion-de-ex-militar-por-la-muerte-de-dos-periodistas\/#breadcrumb","itemListElement":[{"@type":"ListItem","position":1,"name":"Home","item":"https:\/\/latamjournalismreview.org\/es\/"},{"@type":"ListItem","position":2,"name":"Chile pedir\u00e1 a Estados Unidos extradici\u00f3n de ex militar por la muerte de dos periodistas"}]},{"@type":"WebSite","@id":"https:\/\/latamjournalismreview.org\/es\/#website","url":"https:\/\/latamjournalismreview.org\/es\/","name":"LatAm Journalism Review","description":"Knight Center at The University of Texas","publisher":{"@id":"https:\/\/latamjournalismreview.org\/es\/#organization"},"potentialAction":[{"@type":"SearchAction","target":{"@type":"EntryPoint","urlTemplate":"https:\/\/latamjournalismreview.org\/es\/?s={search_term_string}"},"query-input":{"@type":"PropertyValueSpecification","valueRequired":true,"valueName":"search_term_string"}}],"inLanguage":"es"},{"@type":"Organization","@id":"https:\/\/latamjournalismreview.org\/es\/#organization","name":"LatAm Journalism Review","url":"https:\/\/latamjournalismreview.org\/es\/","logo":{"@type":"ImageObject","inLanguage":"es","@id":"https:\/\/latamjournalismreview.org\/es\/#\/schema\/logo\/image\/","url":"https:\/\/latamjournalismreview.org\/wp-content\/uploads\/2020\/05\/knight-latAm-review-logo.svg","contentUrl":"https:\/\/latamjournalismreview.org\/wp-content\/uploads\/2020\/05\/knight-latAm-review-logo.svg","width":"1024","height":"1024","caption":"LatAm Journalism Review"},"image":{"@id":"https:\/\/latamjournalismreview.org\/es\/#\/schema\/logo\/image\/"},"sameAs":["https:\/\/x.com\/LatAmJournalism"]},{"@type":"Person","@id":"https:\/\/latamjournalismreview.org\/es\/#\/schema\/person\/eac7baa6afada0957e047be9fc15703a","name":"Silvia Higuera","description":"Silvia A. Higuera Fl\u00f3rez is a Colombian journalist interested in covering Latin American issues and human rights, especially the right to freedom of expression, and investigative journalism. She studied Social Communication and Journalism at Universidad Pontificia Bolivariana in Bucaramanga (Colombia), and received her Master's of Arts in Journalism from the University of Texas at Austin in 2015. She worked with the Office of the Special Rapporteur for Freedom of Expression of the Inter-American Commission on Human Rights (IACHR) under the Orlando Sierra fellowship during 2014. She also worked for the Colombian newspaper Vanguardia Liberal and wrote for different magazines about local, economic and public order issues. Her work has also appeared in The Miami Herald and El Nuevo Herald of Miami. Email: silvia.knightcenter@gmail.com Silvia A. Higuera Fl\u00f3rez es una periodista colombiana con inter\u00e9s period\u00edstico es Am\u00e9rica Latina y los derechos humanos, particularmente el derecho a la libertad de expresi\u00f3n, as\u00ed como el periodismo de investigaci\u00f3n. Estudi\u00f3 Comunicaci\u00f3n Social \u2013 Periodismo en la Universidad Pontificia Bolivariana de Bucaramanga (Colombia), y recibi\u00f3 su maestr\u00eda en Periodismo en la Universidad de Texas, en Austin en 2015. Trabaj\u00f3 para la Relator\u00eda Especial para la Libertad de Expresi\u00f3n de la Comisi\u00f3n Interamericana de Derechos Humanos (CIDH) en el marco de la beca Orlando Sierra, durante 2014. Tambi\u00e9n hizo parte del diario Vanguardia Liberal y escribi\u00f3 para otras revistas colombianas cubriendo fuentes locales, econ\u00f3micas y judiciales. Algunos de sus trabajos han aparecido en The Miami Herald y El Nuevo Herald de Miami. Silvia A. Higuera Fl\u00f3rez \u00e9 uma jornalista colombiana e seu interesse jornal\u00edstico \u00e9 a Am\u00e9rica Latina e os direitos humanos, nomeadamente o direito \u00e0 liberdade de express\u00e3o. Estudou Comunica\u00e7\u00e3o Social \u2013 Jornalismo na Universidade Pontif\u00edcia Bolivariana de Bucaramanga, na Col\u00f4mbia e completou seu mestrado em jornalismo na Universidade do Texas em Austin. Silvia trabalhou na Relatoria para a Liberdade de Express\u00e3o da CIDH pela bolsa Orlando Sierra, em 2014. Trabalhou para o jornal Vanguardia Liberal e escreveu para outras revistas colombianas cobrindo temas locais, econ\u00f4micas e judici\u00e1rias. Alguns de seus trabalhos apareceram no The Miami Herald e no El Nuevo Herald de Miami.","sameAs":["https:\/\/x.com\/shiguerita"],"url":"https:\/\/latamjournalismreview.org\/es\/articles\/author\/silvia-higuera\/"}]}},"_links":{"self":[{"href":"https:\/\/latamjournalismreview.org\/es\/wp-json\/wp\/v2\/posts\/33547","targetHints":{"allow":["GET"]}}],"collection":[{"href":"https:\/\/latamjournalismreview.org\/es\/wp-json\/wp\/v2\/posts"}],"about":[{"href":"https:\/\/latamjournalismreview.org\/es\/wp-json\/wp\/v2\/types\/post"}],"author":[{"embeddable":true,"href":"https:\/\/latamjournalismreview.org\/es\/wp-json\/wp\/v2\/users\/13"}],"replies":[{"embeddable":true,"href":"https:\/\/latamjournalismreview.org\/es\/wp-json\/wp\/v2\/comments?post=33547"}],"version-history":[{"count":1,"href":"https:\/\/latamjournalismreview.org\/es\/wp-json\/wp\/v2\/posts\/33547\/revisions"}],"predecessor-version":[{"id":33551,"href":"https:\/\/latamjournalismreview.org\/es\/wp-json\/wp\/v2\/posts\/33547\/revisions\/33551"}],"wp:attachment":[{"href":"https:\/\/latamjournalismreview.org\/es\/wp-json\/wp\/v2\/media?parent=33547"}],"wp:term":[{"taxonomy":"category","embeddable":true,"href":"https:\/\/latamjournalismreview.org\/es\/wp-json\/wp\/v2\/categories?post=33547"},{"taxonomy":"post_tag","embeddable":true,"href":"https:\/\/latamjournalismreview.org\/es\/wp-json\/wp\/v2\/tags?post=33547"},{"taxonomy":"author","embeddable":true,"href":"https:\/\/latamjournalismreview.org\/es\/wp-json\/wp\/v2\/coauthors?post=33547"}],"curies":[{"name":"wp","href":"https:\/\/api.w.org\/{rel}","templated":true}]}}