{"id":34059,"date":"2012-11-18T19:05:10","date_gmt":"2012-11-19T00:05:10","guid":{"rendered":"https:\/\/latamjournalismreview.org\/?p=34059"},"modified":"2021-09-27T18:53:12","modified_gmt":"2021-09-27T23:53:12","slug":"tras-protesta-publica-universidad-estadounidense-reversa-decision-de-suspender-a-estudiante-de-periodismo","status":"publish","type":"post","link":"https:\/\/latamjournalismreview.org\/es\/articles\/tras-protesta-publica-universidad-estadounidense-reversa-decision-de-suspender-a-estudiante-de-periodismo\/","title":{"rendered":"Tras protesta p\u00fablica, universidad estadounidense reversa decisi\u00f3n de suspender a estudiante de periodismo"},"content":{"rendered":"<p><em>Por Alejandro Mart\u00ednez<\/em><\/p>\n<p>La <a href=\"http:\/\/www.oswego.edu\/\" target=\"_blank\" rel=\"noopener\">Universidad Estatal de Nueva York (SUNY) en Oswego<\/a> fue objeto de criticas despu\u00e9s de <a href=\"http:\/\/www.poynter.org\/how-tos\/journalism-education\/195680\/university-sanctions-journalism-student-for-disruptive-interview-request\/\" target=\"_blank\" rel=\"noopener\">suspender - aunque posteriormente fue readmitido - a un estudiante de pregrado del programa de Periodismo por no identificarse apropiadamente<\/a> al momento de contactar fuentes para un trabajo acad\u00e9mico, report\u00f3 Poynter. Muchos analistas consideran que la decisi\u00f3n de la universidad fue exagerada.<\/p>\n<p>El mes pasado, Alex Myers, un estudiante australiano de intercambio, se comunic\u00f3, v\u00eda correo electr\u00f3nico, con varios entrenadores de hockey para un reportaje sobre Ed Gosek, entrenador del equipo de SUNY Oswego. En sus correos, Myers se identific\u00f3 como miembro de la oficina de asuntos p\u00fablicos de la universidad, donde hab\u00eda realizado una pasant\u00eda recientemente. Seg\u00fan la Fundaci\u00f3n para los Derechos Individuales en la Educaci\u00f3n (FIRE por sus siglas en ingl\u00e9s), <a href=\"http:\/\/thefire.org\/article\/15096.html\" target=\"_blank\" rel=\"noopener\"> Myers envi\u00f3 el siguiente e-mail: <\/a><\/p>\n<blockquote><p><em>Mi nombre es Alex Myers, trabajo para la Oficina de Asuntos P\u00fablicos de SUNY Oswego.<\/em><\/p>\n<p><em>Actualmente estoy escribiendo un perfil sobre Ed Gosek, entrenador del Oswego State Hockey y me gustar\u00eda conocer la opini\u00f3n de entrenadores rivales sobre el se\u00f1or Gosek.<\/em><\/p>\n<p><em>Si tiene tiempo, podr\u00eda responder las siguientes preguntas?.<\/em><\/p>\n<p><em>1. \u00bfC\u00f3mo le pareci\u00f3 competir contra el Sr. Gosek?<\/em><\/p>\n<p><em>2. \u00bfHa tenido alguna interacci\u00f3n con el Sr. Gosek fuera del campo deportivo? Si es as\u00ed, \u00bfc\u00f3mo le pareci\u00f3 \u00e9l?<\/em><\/p>\n<p><em>3. \u00bfQu\u00e9 opina de la rivalidad entre su Universidad y Oswego State?<\/em><\/p>\n<p><em>Sea lo m\u00e1s sincero posible, su opini\u00f3n sobre el Sr. Gosek no tiene que ser positiva.<\/em><\/p><\/blockquote>\n<p><a href=\"http:\/\/thefire.org\/article\/15096.html\" target=\"_blank\" rel=\"noopener\">Uno de los destinatarios del e-mail, el entrenador de Cornell, Michael Schafer, respondi\u00f3 la encuesta y <\/a><a href=\"http:\/\/www.huffingtonpost.com\/will-creeley\/suny-oswego-journalism-alex-myer_b_2121906.html\" target=\"_blank\" rel=\"noopener\">catalog\u00f3 la \u00faltima frase como \"ofensiva\"<\/a>, dijo Will Creely, de la organizaci\u00f3n FIRE, en una columna para The Huffington Post. Al d\u00eda siguiente, Deborah Stanley, presidente de SUNY Oswego, <a href=\"http:\/\/thefire.org\/public\/pdfs\/d886642756e206eaabe4a4cc9789ecc9.pdf?direct\">envi\u00f3 una carta a Myers<\/a> inform\u00e1ndole que hab\u00eda sido suspendido temporalmente de la universidad y que ten\u00eda que abandonar su dormitorio esa misma tarde. Fue acusado de \"deshonestidad\" y \"comportamiento inadecuado\", el cual incluye difamaci\u00f3n, acoso, intimidaci\u00f3n y amenazas.<\/p>\n<p>Myers busc\u00f3 la ayuda de la organizaci\u00f3n FIRE, <a href=\"http:\/\/thefire.org\/public\/pdfs\/9e9f15d6fdb0173eec391950a3b5a2e6.pdf?direct\">la cual escribi\u00f3 una carta a la presidente de SUNY Oswego<\/a> cuestionando las acusaciones de la universidad en contra de Myers.<\/p>\n<p>\"Para ser claros: los argumentos de SUNY Oswego de que los correos electr\u00f3nicos de Myers podr\u00edan constituir difamaci\u00f3n, amenazas, intimidaci\u00f3n o acoso no tienen validez, y todas las acusaciones derivadas de dicha argumentaci\u00f3n deben ser desestimadas\", dice la carta de FIRE.<\/p>\n<p>Seg\u00fan Poynter, posteriormente la universidad readmiti\u00f3 a Myers y, como castigo alterno, le pidi\u00f3 que le escribiera una disculpa al entrenador Gosek y que escogiera entre un art\u00edculo para el peri\u00f3dico de la escuela o un ensayo para uno de sus cursos explicando lo que hab\u00eda aprendido de la experiencia.<\/p>\n<p>En su columna del Huffington Post, Creely defendi\u00f3 a Myers diciendo que como cualquier otro profesional del periodismo, Alex Myers solo estaba buscando obtener buenas citas.<\/p>\n<p>Nick Graziano, director del peri\u00f3dico estudiantil de SUNY, <a href=\"http:\/\/www.oswegonian.com\/news\/9006\/charges-against-exchange-student-spark-national-outcry\/\" target=\"_blank\" rel=\"noopener\">The Oswegonian<\/a>, le dijo a Poynter: \"Muchas personas, especialmente yo, creemos que fue una reacci\u00f3n exagerada de parte de la universidad. \u00c9l cometi\u00f3 un error al decir que trabajaba para la Oficina de Relaciones P\u00fablicas. Creo que he visto peores casos que este. He visto a personas alterar citas, y todo lo que han tenido que hacer despu\u00e9s de ellos es escribir una carta de disculpa\".<\/p>\n<p>De acuerdo con FIRE, en los \u00faltimos a\u00f1os las universidades alrededor del pa\u00eds han mostrado una <a href=\"http:\/\/thefire.org\/article\/15096.html\" target=\"_blank\" rel=\"noopener\">tendencia peligrosa al confundir la libertad de expresi\u00f3n, protegida por la ley,<\/a> con amenazas reales.<\/p>\n<p><em>Nota del editor: Esta historia fue publicada originalmente en el blog Periodismo en las Am\u00e9ricas del Centro Knight, el predecesor de LatAm Journalism Review.<\/em><\/p>\n","protected":false},"excerpt":{"rendered":"<p>La Universidad Estatal de Nueva York (SUNY) en Oswego fue objeto de criticas despu\u00e9s de suspender - aunque posteriormente fue readmitido - a un estudiante de pregrado del programa de Periodismo por no identificarse apropiadamente al momento de contactar fuentes para un trabajo acad\u00e9mico, report\u00f3 Poynter.<\/p>\n","protected":false},"author":22,"featured_media":0,"comment_status":"closed","ping_status":"closed","sticky":false,"template":"","format":"standard","meta":{"inline_featured_image":false,"footnotes":""},"categories":[2074],"tags":[],"coauthors":[],"class_list":["post-34059","post","type-post","status-publish","format-standard","hentry","category-reportajes-especiales"],"acf":[],"yoast_head":"<!-- This site is optimized with the Yoast SEO Premium plugin v22.6 (Yoast SEO v27.4) - https:\/\/yoast.com\/product\/yoast-seo-premium-wordpress\/ -->\n<title>Tras protesta p\u00fablica, universidad estadounidense reversa decisi\u00f3n de suspender a estudiante de periodismo - LatAm Journalism Review<\/title>\n<meta name=\"description\" content=\"Tras protesta p\u00fablica, universidad estadounidense reversa decisi\u00f3n de suspender a estudiante de periodismo Reportajes especiales. Latin American Journalism Review by The Knight Center at The University of Texas at Austin.\" \/>\n<meta name=\"robots\" content=\"index, follow, max-snippet:-1, max-image-preview:large, max-video-preview:-1\" \/>\n<link rel=\"canonical\" href=\"https:\/\/latamjournalismreview.org\/es\/articles\/tras-protesta-publica-universidad-estadounidense-reversa-decision-de-suspender-a-estudiante-de-periodismo\/\" \/>\n<meta property=\"og:locale\" content=\"es_ES\" \/>\n<meta property=\"og:type\" content=\"article\" \/>\n<meta property=\"og:title\" content=\"Tras protesta p\u00fablica, universidad estadounidense reversa decisi\u00f3n de suspender a estudiante de periodismo\" \/>\n<meta property=\"og:description\" content=\"Tras protesta p\u00fablica, universidad estadounidense reversa decisi\u00f3n de suspender a estudiante de periodismo Reportajes especiales. Latin American Journalism Review by The Knight Center at The University of Texas at Austin.\" \/>\n<meta property=\"og:url\" content=\"https:\/\/latamjournalismreview.org\/es\/articles\/tras-protesta-publica-universidad-estadounidense-reversa-decision-de-suspender-a-estudiante-de-periodismo\/\" \/>\n<meta property=\"og:site_name\" content=\"LatAm Journalism Review\" \/>\n<meta property=\"article:published_time\" content=\"2012-11-19T00:05:10+00:00\" \/>\n<meta property=\"article:modified_time\" content=\"2021-09-27T23:53:12+00:00\" \/>\n<meta name=\"author\" content=\"Knight Center\" \/>\n<meta name=\"twitter:card\" content=\"summary_large_image\" \/>\n<meta name=\"twitter:creator\" content=\"@LatAmJournalism\" \/>\n<meta name=\"twitter:site\" content=\"@LatAmJournalism\" \/>\n<meta name=\"twitter:label1\" content=\"Written by\" \/>\n\t<meta name=\"twitter:data1\" content=\"Knight Center\" \/>\n\t<meta name=\"twitter:label2\" content=\"Est. reading time\" \/>\n\t<meta name=\"twitter:data2\" content=\"3 minutos\" \/>\n<script type=\"application\/ld+json\" class=\"yoast-schema-graph\">{\"@context\":\"https:\\\/\\\/schema.org\",\"@graph\":[{\"@type\":\"Article\",\"@id\":\"https:\\\/\\\/latamjournalismreview.org\\\/es\\\/articles\\\/tras-protesta-publica-universidad-estadounidense-reversa-decision-de-suspender-a-estudiante-de-periodismo\\\/#article\",\"isPartOf\":{\"@id\":\"https:\\\/\\\/latamjournalismreview.org\\\/es\\\/articles\\\/tras-protesta-publica-universidad-estadounidense-reversa-decision-de-suspender-a-estudiante-de-periodismo\\\/\"},\"author\":{\"name\":\"Knight Center\",\"@id\":\"https:\\\/\\\/latamjournalismreview.org\\\/es\\\/#\\\/schema\\\/person\\\/6c325fd0fef0cd167424c683e6577e19\"},\"headline\":\"Tras protesta p\u00fablica, universidad estadounidense reversa decisi\u00f3n de suspender a estudiante de periodismo\",\"datePublished\":\"2012-11-19T00:05:10+00:00\",\"dateModified\":\"2021-09-27T23:53:12+00:00\",\"mainEntityOfPage\":{\"@id\":\"https:\\\/\\\/latamjournalismreview.org\\\/es\\\/articles\\\/tras-protesta-publica-universidad-estadounidense-reversa-decision-de-suspender-a-estudiante-de-periodismo\\\/\"},\"wordCount\":661,\"publisher\":{\"@id\":\"https:\\\/\\\/latamjournalismreview.org\\\/es\\\/#organization\"},\"articleSection\":[\"Reportajes especiales\"],\"inLanguage\":\"es\"},{\"@type\":\"WebPage\",\"@id\":\"https:\\\/\\\/latamjournalismreview.org\\\/es\\\/articles\\\/tras-protesta-publica-universidad-estadounidense-reversa-decision-de-suspender-a-estudiante-de-periodismo\\\/\",\"url\":\"https:\\\/\\\/latamjournalismreview.org\\\/es\\\/articles\\\/tras-protesta-publica-universidad-estadounidense-reversa-decision-de-suspender-a-estudiante-de-periodismo\\\/\",\"name\":\"Tras protesta p\u00fablica, universidad estadounidense reversa decisi\u00f3n de suspender a estudiante de periodismo - LatAm Journalism Review\",\"isPartOf\":{\"@id\":\"https:\\\/\\\/latamjournalismreview.org\\\/es\\\/#website\"},\"datePublished\":\"2012-11-19T00:05:10+00:00\",\"dateModified\":\"2021-09-27T23:53:12+00:00\",\"description\":\"Tras protesta p\u00fablica, universidad estadounidense reversa decisi\u00f3n de suspender a estudiante de periodismo Reportajes especiales. Latin American Journalism Review by The Knight Center at The University of Texas at Austin.\",\"breadcrumb\":{\"@id\":\"https:\\\/\\\/latamjournalismreview.org\\\/es\\\/articles\\\/tras-protesta-publica-universidad-estadounidense-reversa-decision-de-suspender-a-estudiante-de-periodismo\\\/#breadcrumb\"},\"inLanguage\":\"es\",\"potentialAction\":[{\"@type\":\"ReadAction\",\"target\":[\"https:\\\/\\\/latamjournalismreview.org\\\/es\\\/articles\\\/tras-protesta-publica-universidad-estadounidense-reversa-decision-de-suspender-a-estudiante-de-periodismo\\\/\"]}]},{\"@type\":\"BreadcrumbList\",\"@id\":\"https:\\\/\\\/latamjournalismreview.org\\\/es\\\/articles\\\/tras-protesta-publica-universidad-estadounidense-reversa-decision-de-suspender-a-estudiante-de-periodismo\\\/#breadcrumb\",\"itemListElement\":[{\"@type\":\"ListItem\",\"position\":1,\"name\":\"Home\",\"item\":\"https:\\\/\\\/latamjournalismreview.org\\\/es\\\/\"},{\"@type\":\"ListItem\",\"position\":2,\"name\":\"Tras protesta p\u00fablica, universidad estadounidense reversa decisi\u00f3n de suspender a estudiante de periodismo\"}]},{\"@type\":\"WebSite\",\"@id\":\"https:\\\/\\\/latamjournalismreview.org\\\/es\\\/#website\",\"url\":\"https:\\\/\\\/latamjournalismreview.org\\\/es\\\/\",\"name\":\"LatAm Journalism Review\",\"description\":\"Knight Center at The University of Texas\",\"publisher\":{\"@id\":\"https:\\\/\\\/latamjournalismreview.org\\\/es\\\/#organization\"},\"potentialAction\":[{\"@type\":\"SearchAction\",\"target\":{\"@type\":\"EntryPoint\",\"urlTemplate\":\"https:\\\/\\\/latamjournalismreview.org\\\/es\\\/?s={search_term_string}\"},\"query-input\":{\"@type\":\"PropertyValueSpecification\",\"valueRequired\":true,\"valueName\":\"search_term_string\"}}],\"inLanguage\":\"es\"},{\"@type\":\"Organization\",\"@id\":\"https:\\\/\\\/latamjournalismreview.org\\\/es\\\/#organization\",\"name\":\"LatAm Journalism Review\",\"url\":\"https:\\\/\\\/latamjournalismreview.org\\\/es\\\/\",\"logo\":{\"@type\":\"ImageObject\",\"inLanguage\":\"es\",\"@id\":\"https:\\\/\\\/latamjournalismreview.org\\\/es\\\/#\\\/schema\\\/logo\\\/image\\\/\",\"url\":\"https:\\\/\\\/latamjournalismreview.org\\\/wp-content\\\/uploads\\\/2020\\\/05\\\/knight-latAm-review-logo.svg\",\"contentUrl\":\"https:\\\/\\\/latamjournalismreview.org\\\/wp-content\\\/uploads\\\/2020\\\/05\\\/knight-latAm-review-logo.svg\",\"width\":\"1024\",\"height\":\"1024\",\"caption\":\"LatAm Journalism Review\"},\"image\":{\"@id\":\"https:\\\/\\\/latamjournalismreview.org\\\/es\\\/#\\\/schema\\\/logo\\\/image\\\/\"},\"sameAs\":[\"https:\\\/\\\/x.com\\\/LatAmJournalism\"]},{\"@type\":\"Person\",\"@id\":\"https:\\\/\\\/latamjournalismreview.org\\\/es\\\/#\\\/schema\\\/person\\\/6c325fd0fef0cd167424c683e6577e19\",\"name\":\"Knight Center\",\"url\":\"https:\\\/\\\/latamjournalismreview.org\\\/es\\\/articles\\\/author\\\/knight-center\\\/\"}]}<\/script>\n<!-- \/ Yoast SEO Premium plugin. -->","yoast_head_json":{"title":"Tras protesta p\u00fablica, universidad estadounidense reversa decisi\u00f3n de suspender a estudiante de periodismo - LatAm Journalism Review","description":"Tras protesta p\u00fablica, universidad estadounidense reversa decisi\u00f3n de suspender a estudiante de periodismo Reportajes especiales. Latin American Journalism Review by The Knight Center at The University of Texas at Austin.","robots":{"index":"index","follow":"follow","max-snippet":"max-snippet:-1","max-image-preview":"max-image-preview:large","max-video-preview":"max-video-preview:-1"},"canonical":"https:\/\/latamjournalismreview.org\/es\/articles\/tras-protesta-publica-universidad-estadounidense-reversa-decision-de-suspender-a-estudiante-de-periodismo\/","og_locale":"es_ES","og_type":"article","og_title":"Tras protesta p\u00fablica, universidad estadounidense reversa decisi\u00f3n de suspender a estudiante de periodismo","og_description":"Tras protesta p\u00fablica, universidad estadounidense reversa decisi\u00f3n de suspender a estudiante de periodismo Reportajes especiales. Latin American Journalism Review by The Knight Center at The University of Texas at Austin.","og_url":"https:\/\/latamjournalismreview.org\/es\/articles\/tras-protesta-publica-universidad-estadounidense-reversa-decision-de-suspender-a-estudiante-de-periodismo\/","og_site_name":"LatAm Journalism Review","article_published_time":"2012-11-19T00:05:10+00:00","article_modified_time":"2021-09-27T23:53:12+00:00","author":"Knight Center","twitter_card":"summary_large_image","twitter_creator":"@LatAmJournalism","twitter_site":"@LatAmJournalism","twitter_misc":{"Written by":"Knight Center","Est. reading time":"3 minutos"},"schema":{"@context":"https:\/\/schema.org","@graph":[{"@type":"Article","@id":"https:\/\/latamjournalismreview.org\/es\/articles\/tras-protesta-publica-universidad-estadounidense-reversa-decision-de-suspender-a-estudiante-de-periodismo\/#article","isPartOf":{"@id":"https:\/\/latamjournalismreview.org\/es\/articles\/tras-protesta-publica-universidad-estadounidense-reversa-decision-de-suspender-a-estudiante-de-periodismo\/"},"author":{"name":"Knight Center","@id":"https:\/\/latamjournalismreview.org\/es\/#\/schema\/person\/6c325fd0fef0cd167424c683e6577e19"},"headline":"Tras protesta p\u00fablica, universidad estadounidense reversa decisi\u00f3n de suspender a estudiante de periodismo","datePublished":"2012-11-19T00:05:10+00:00","dateModified":"2021-09-27T23:53:12+00:00","mainEntityOfPage":{"@id":"https:\/\/latamjournalismreview.org\/es\/articles\/tras-protesta-publica-universidad-estadounidense-reversa-decision-de-suspender-a-estudiante-de-periodismo\/"},"wordCount":661,"publisher":{"@id":"https:\/\/latamjournalismreview.org\/es\/#organization"},"articleSection":["Reportajes especiales"],"inLanguage":"es"},{"@type":"WebPage","@id":"https:\/\/latamjournalismreview.org\/es\/articles\/tras-protesta-publica-universidad-estadounidense-reversa-decision-de-suspender-a-estudiante-de-periodismo\/","url":"https:\/\/latamjournalismreview.org\/es\/articles\/tras-protesta-publica-universidad-estadounidense-reversa-decision-de-suspender-a-estudiante-de-periodismo\/","name":"Tras protesta p\u00fablica, universidad estadounidense reversa decisi\u00f3n de suspender a estudiante de periodismo - LatAm Journalism Review","isPartOf":{"@id":"https:\/\/latamjournalismreview.org\/es\/#website"},"datePublished":"2012-11-19T00:05:10+00:00","dateModified":"2021-09-27T23:53:12+00:00","description":"Tras protesta p\u00fablica, universidad estadounidense reversa decisi\u00f3n de suspender a estudiante de periodismo Reportajes especiales. Latin American Journalism Review by The Knight Center at The University of Texas at Austin.","breadcrumb":{"@id":"https:\/\/latamjournalismreview.org\/es\/articles\/tras-protesta-publica-universidad-estadounidense-reversa-decision-de-suspender-a-estudiante-de-periodismo\/#breadcrumb"},"inLanguage":"es","potentialAction":[{"@type":"ReadAction","target":["https:\/\/latamjournalismreview.org\/es\/articles\/tras-protesta-publica-universidad-estadounidense-reversa-decision-de-suspender-a-estudiante-de-periodismo\/"]}]},{"@type":"BreadcrumbList","@id":"https:\/\/latamjournalismreview.org\/es\/articles\/tras-protesta-publica-universidad-estadounidense-reversa-decision-de-suspender-a-estudiante-de-periodismo\/#breadcrumb","itemListElement":[{"@type":"ListItem","position":1,"name":"Home","item":"https:\/\/latamjournalismreview.org\/es\/"},{"@type":"ListItem","position":2,"name":"Tras protesta p\u00fablica, universidad estadounidense reversa decisi\u00f3n de suspender a estudiante de periodismo"}]},{"@type":"WebSite","@id":"https:\/\/latamjournalismreview.org\/es\/#website","url":"https:\/\/latamjournalismreview.org\/es\/","name":"LatAm Journalism Review","description":"Knight Center at The University of Texas","publisher":{"@id":"https:\/\/latamjournalismreview.org\/es\/#organization"},"potentialAction":[{"@type":"SearchAction","target":{"@type":"EntryPoint","urlTemplate":"https:\/\/latamjournalismreview.org\/es\/?s={search_term_string}"},"query-input":{"@type":"PropertyValueSpecification","valueRequired":true,"valueName":"search_term_string"}}],"inLanguage":"es"},{"@type":"Organization","@id":"https:\/\/latamjournalismreview.org\/es\/#organization","name":"LatAm Journalism Review","url":"https:\/\/latamjournalismreview.org\/es\/","logo":{"@type":"ImageObject","inLanguage":"es","@id":"https:\/\/latamjournalismreview.org\/es\/#\/schema\/logo\/image\/","url":"https:\/\/latamjournalismreview.org\/wp-content\/uploads\/2020\/05\/knight-latAm-review-logo.svg","contentUrl":"https:\/\/latamjournalismreview.org\/wp-content\/uploads\/2020\/05\/knight-latAm-review-logo.svg","width":"1024","height":"1024","caption":"LatAm Journalism Review"},"image":{"@id":"https:\/\/latamjournalismreview.org\/es\/#\/schema\/logo\/image\/"},"sameAs":["https:\/\/x.com\/LatAmJournalism"]},{"@type":"Person","@id":"https:\/\/latamjournalismreview.org\/es\/#\/schema\/person\/6c325fd0fef0cd167424c683e6577e19","name":"Knight Center","url":"https:\/\/latamjournalismreview.org\/es\/articles\/author\/knight-center\/"}]}},"_links":{"self":[{"href":"https:\/\/latamjournalismreview.org\/es\/wp-json\/wp\/v2\/posts\/34059","targetHints":{"allow":["GET"]}}],"collection":[{"href":"https:\/\/latamjournalismreview.org\/es\/wp-json\/wp\/v2\/posts"}],"about":[{"href":"https:\/\/latamjournalismreview.org\/es\/wp-json\/wp\/v2\/types\/post"}],"author":[{"embeddable":true,"href":"https:\/\/latamjournalismreview.org\/es\/wp-json\/wp\/v2\/users\/22"}],"replies":[{"embeddable":true,"href":"https:\/\/latamjournalismreview.org\/es\/wp-json\/wp\/v2\/comments?post=34059"}],"version-history":[{"count":1,"href":"https:\/\/latamjournalismreview.org\/es\/wp-json\/wp\/v2\/posts\/34059\/revisions"}],"predecessor-version":[{"id":34060,"href":"https:\/\/latamjournalismreview.org\/es\/wp-json\/wp\/v2\/posts\/34059\/revisions\/34060"}],"wp:attachment":[{"href":"https:\/\/latamjournalismreview.org\/es\/wp-json\/wp\/v2\/media?parent=34059"}],"wp:term":[{"taxonomy":"category","embeddable":true,"href":"https:\/\/latamjournalismreview.org\/es\/wp-json\/wp\/v2\/categories?post=34059"},{"taxonomy":"post_tag","embeddable":true,"href":"https:\/\/latamjournalismreview.org\/es\/wp-json\/wp\/v2\/tags?post=34059"},{"taxonomy":"author","embeddable":true,"href":"https:\/\/latamjournalismreview.org\/es\/wp-json\/wp\/v2\/coauthors?post=34059"}],"curies":[{"name":"wp","href":"https:\/\/api.w.org\/{rel}","templated":true}]}}