{"id":34113,"date":"2012-11-14T17:43:19","date_gmt":"2012-11-14T22:43:19","guid":{"rendered":"https:\/\/latamjournalismreview.org\/?p=34113"},"modified":"2021-09-27T19:55:06","modified_gmt":"2021-09-28T00:55:06","slug":"periodistas-reflexionan-sobre-cobertura-de-tragedia-en-ciudad-de-argentina","status":"publish","type":"post","link":"https:\/\/latamjournalismreview.org\/es\/articles\/periodistas-reflexionan-sobre-cobertura-de-tragedia-en-ciudad-de-argentina\/","title":{"rendered":"Periodistas reflexionan sobre cobertura de tragedia en ciudad de Argentina"},"content":{"rendered":"<p>Para los periodistas de la ciudad de <a href=\"http:\/\/es.wikipedia.org\/wiki\/Neuqu\u00e9n_(Capital)\" target=\"_blank\" rel=\"noopener\">Neuqu\u00e9n <\/a>(sur de Argentina \u2013 1000 kilom\u00e9tros de Buenos Aires) <a href=\"http:\/\/www.lanacion.com.ar\/1520698-neuquen-al-menos-15-heridos-al-caerse-un-techo-en-un-supermercado\" target=\"_blank\" rel=\"noopener\">el desplome de una obra de diez departamentos sobre el interior de un supermercado <\/a>el pasado 25 de octubre se convirti\u00f3 en un reto en t\u00e9rminos de cubrimiento period\u00edstico.<\/p>\n<p>Por lo menos fue as\u00ed como lo vio el periodista <a href=\"https:\/\/twitter.com\/elblogdeberto\" target=\"_blank\" rel=\"noopener\">Guillermo Berto <\/a>para quien la magnitud de la cat\u00e1strofe \u2013 siete muertos, al menos 17 personas heridas y la detenci\u00f3n de presuntos responsables \u2013 el horario en el que se produjo \u2013 19:45 hora local \u2013 y la incertidumbre \u201cque gobern\u00f3 las primeras horas posteriores al hecho\u201d hizo del evento uno inusual para cubrir.<\/p>\n<p>\u201cLa cobertura period\u00edstica fue intensa, demand\u00f3 mucho esfuerzo, muchas horas y nos puso al l\u00edmite de nuestra capacidad professional\u201d, asegur\u00f3 Berto en comunicaci\u00f3n con el Centro Knight.<\/p>\n<p>Por tal motivo, y consciente del los pocos espacios que se abren para reflexionar sobre el trabajo, invit\u00f3 a un grupo de periodistas de diferentes medios para reflexionar sobre lo hecho durante estas horas horas. Desde su blog, <a href=\"http:\/\/guillermoberto.wordpress.com\/2012\/11\/08\/periodistas-opinan-sobre-la-cobertura-de-la-tragedia-del-supermercado-de-neuquen-videos\/\">Fuera del Expediente<\/a>, y con la colaboraci\u00f3n de los periodistas <a href=\"https:\/\/twitter.com\/mafito11\" target=\"_blank\" rel=\"noopener\">Laura Loncopa<\/a>, del portal <a href=\"http:\/\/www.8300.com.ar\/\" target=\"_blank\" rel=\"noopener\"> 8300 Web<\/a>, y de <a href=\"http:\/\/twitter.com\/soundpeach\/following\" target=\"_blank\" rel=\"noopener\">Federico Ar\u00edngoli<\/a>, de <a href=\"http:\/\/neuquenalinstante.com.ar\/\" target=\"_blank\" rel=\"noopener\">Neuqu\u00e9n al Instante<\/a>, se construy\u00f3 este <a href=\"http:\/\/neuquenalinstante.wix.com\/consultaperiodistas#!home\/mainPage\" target=\"_blank\" rel=\"noopener\">espacio de reflexi\u00f3n.<\/a><\/p>\n<p>\u201cSalvo muy pocas excepciones, la cobertura fue responsable y prudente. Lo que s\u00ed existi\u00f3 fue una fuerte demanda para se\u00f1alar a los responsables de la tragedia. Sentimos ese reclamo de buscar y contar la historia de qui\u00e9nes eran los encargados de esa obra\u201d, agreg\u00f3 Berto.<\/p>\n<p>Para <a href=\"https:\/\/twitter.com\/achicaelvolumen\" target=\"_blank\" rel=\"noopener\">Virginia Pirola<\/a>, periodista radial, uno de los problemas m\u00e1s grandes fue la falta de colaboraci\u00f3n de las voces oficiales quienes no quer\u00edan suminitrar informaci\u00f3n, lo que hizo el trabajo mucho m\u00e1s dif\u00edcil.<\/p>\n<p><a href=\"https:\/\/twitter.com\/sebalafon\" target=\"_blank\" rel=\"noopener\">Sebasti\u00e1n Laf\u00f3n<\/a>, reportero gr\u00e1fico, llam\u00f3 la atenci\u00f3n en lo poco que quieren invertir las empresas period\u00edsticas para mejorar el cubrimiento de una noticia y consider\u00f3 importante tener un manual que ayude en el cubrimiento de estas situaciones.<\/p>\n<p>Para Federico Ar\u00edngoli, periodista digital, el mayor reto desde el portal que transmiti\u00f3 en vivo desde el lugar de los hechos, era poder comunicar lo que realmente estaba pasando a pesar del mal manejo de la informaci\u00f3n oficial. Subraya, que a pesar de esta ventaja de estar en vivo debe haber un l\u00edmite sobre lo que se debe y no se debe mostrar.<\/p>\n<p>Finalmente, el periodista y docente universitario <a href=\"https:\/\/twitter.com\/beter3\" target=\"_blank\" rel=\"noopener\">Fabi\u00e1n Bergero<\/a>, destac\u00f3 que la funci\u00f3n del periodista debe ser reducir los niveles de angustia de la comunidad mediante la informaci\u00f3n adecuada. Por tal motivo, es vital evauar la informaci\u00f3n que se suministra, a qui\u00e9nes se est\u00e1 entrevistando y tener cuidado en el manejo de las redes sociales.<\/p>\n<p>\"A partir del trabajo publicado surgieron comentarios internos sobre propiciar nuevos espacios de intercambio que nos permitan pensarnos en nuestro rol y los l\u00edmites profesionales que estamos dispuestos a reelaborar en la actualidad. Creo que muchos tenemos ganas de decir qu\u00e9 nos pareci\u00f3 mal, qu\u00e9 bien, c\u00f3mo actuamos, qu\u00e9 vimos, entre otras cosas\", a\u00f1adi\u00f3 Federico Ar\u00edngoli.<\/p>\n<p><em>Nota del editor: Esta historia fue publicada originalmente en el blog Periodismo en las Am\u00e9ricas del Centro Knight, el predecesor de LatAm Journalism Review.<\/em><\/p>\n","protected":false},"excerpt":{"rendered":"<p>Para los periodistas de la ciudad de Neuqu\u00e9n (sur de Argentina \u2013 1000 kilom\u00e9tros de Buenos Aires) el desplome de una obra de diez departamentos sobre el interior de un supermercado el pasado 25 de octubre se convirti\u00f3 en un reto en t\u00e9rminos de cubrimiento period\u00edstico.<\/p>\n","protected":false},"author":13,"featured_media":0,"comment_status":"closed","ping_status":"closed","sticky":false,"template":"","format":"standard","meta":{"inline_featured_image":false,"footnotes":""},"categories":[2074],"tags":[1422,1426],"coauthors":[],"class_list":["post-34113","post","type-post","status-publish","format-standard","hentry","category-reportajes-especiales","tag-acceso-a-la-informacion-es","tag-argentina-es"],"acf":[],"yoast_head":"<!-- This site is optimized with the Yoast SEO Premium plugin v22.6 (Yoast SEO v27.4) - https:\/\/yoast.com\/product\/yoast-seo-premium-wordpress\/ -->\n<title>Periodistas reflexionan sobre cobertura de tragedia en ciudad de Argentina - LatAm Journalism Review<\/title>\n<meta name=\"description\" content=\"Periodistas reflexionan sobre cobertura de tragedia en ciudad de Argentina Reportajes especiales. Latin American Journalism Review by The Knight Center at The University of Texas at Austin.\" \/>\n<meta name=\"robots\" content=\"index, follow, max-snippet:-1, max-image-preview:large, max-video-preview:-1\" \/>\n<link rel=\"canonical\" href=\"https:\/\/latamjournalismreview.org\/es\/articles\/periodistas-reflexionan-sobre-cobertura-de-tragedia-en-ciudad-de-argentina\/\" \/>\n<meta property=\"og:locale\" content=\"es_ES\" \/>\n<meta property=\"og:type\" content=\"article\" \/>\n<meta property=\"og:title\" content=\"Periodistas reflexionan sobre cobertura de tragedia en ciudad de Argentina\" \/>\n<meta property=\"og:description\" content=\"Periodistas reflexionan sobre cobertura de tragedia en ciudad de Argentina Reportajes especiales. Latin American Journalism Review by The Knight Center at The University of Texas at Austin.\" \/>\n<meta property=\"og:url\" content=\"https:\/\/latamjournalismreview.org\/es\/articles\/periodistas-reflexionan-sobre-cobertura-de-tragedia-en-ciudad-de-argentina\/\" \/>\n<meta property=\"og:site_name\" content=\"LatAm Journalism Review\" \/>\n<meta property=\"article:published_time\" content=\"2012-11-14T22:43:19+00:00\" \/>\n<meta property=\"article:modified_time\" content=\"2021-09-28T00:55:06+00:00\" \/>\n<meta name=\"author\" content=\"Silvia Higuera\" \/>\n<meta name=\"twitter:card\" content=\"summary_large_image\" \/>\n<meta name=\"twitter:creator\" content=\"@shiguerita\" \/>\n<meta name=\"twitter:site\" content=\"@LatAmJournalism\" \/>\n<meta name=\"twitter:label1\" content=\"Written by\" \/>\n\t<meta name=\"twitter:data1\" content=\"Silvia Higuera\" \/>\n\t<meta name=\"twitter:label2\" content=\"Est. reading time\" \/>\n\t<meta name=\"twitter:data2\" content=\"3 minutos\" \/>\n<script type=\"application\/ld+json\" class=\"yoast-schema-graph\">{\"@context\":\"https:\\\/\\\/schema.org\",\"@graph\":[{\"@type\":\"Article\",\"@id\":\"https:\\\/\\\/latamjournalismreview.org\\\/es\\\/articles\\\/periodistas-reflexionan-sobre-cobertura-de-tragedia-en-ciudad-de-argentina\\\/#article\",\"isPartOf\":{\"@id\":\"https:\\\/\\\/latamjournalismreview.org\\\/es\\\/articles\\\/periodistas-reflexionan-sobre-cobertura-de-tragedia-en-ciudad-de-argentina\\\/\"},\"author\":{\"name\":\"Silvia Higuera\",\"@id\":\"https:\\\/\\\/latamjournalismreview.org\\\/es\\\/#\\\/schema\\\/person\\\/eac7baa6afada0957e047be9fc15703a\"},\"headline\":\"Periodistas reflexionan sobre cobertura de tragedia en ciudad de Argentina\",\"datePublished\":\"2012-11-14T22:43:19+00:00\",\"dateModified\":\"2021-09-28T00:55:06+00:00\",\"mainEntityOfPage\":{\"@id\":\"https:\\\/\\\/latamjournalismreview.org\\\/es\\\/articles\\\/periodistas-reflexionan-sobre-cobertura-de-tragedia-en-ciudad-de-argentina\\\/\"},\"wordCount\":556,\"publisher\":{\"@id\":\"https:\\\/\\\/latamjournalismreview.org\\\/es\\\/#organization\"},\"keywords\":[\"Acceso a la informaci\u00f3n\",\"Argentina\"],\"articleSection\":[\"Reportajes especiales\"],\"inLanguage\":\"es\"},{\"@type\":\"WebPage\",\"@id\":\"https:\\\/\\\/latamjournalismreview.org\\\/es\\\/articles\\\/periodistas-reflexionan-sobre-cobertura-de-tragedia-en-ciudad-de-argentina\\\/\",\"url\":\"https:\\\/\\\/latamjournalismreview.org\\\/es\\\/articles\\\/periodistas-reflexionan-sobre-cobertura-de-tragedia-en-ciudad-de-argentina\\\/\",\"name\":\"Periodistas reflexionan sobre cobertura de tragedia en ciudad de Argentina - LatAm Journalism Review\",\"isPartOf\":{\"@id\":\"https:\\\/\\\/latamjournalismreview.org\\\/es\\\/#website\"},\"datePublished\":\"2012-11-14T22:43:19+00:00\",\"dateModified\":\"2021-09-28T00:55:06+00:00\",\"description\":\"Periodistas reflexionan sobre cobertura de tragedia en ciudad de Argentina Reportajes especiales. Latin American Journalism Review by The Knight Center at The University of Texas at Austin.\",\"breadcrumb\":{\"@id\":\"https:\\\/\\\/latamjournalismreview.org\\\/es\\\/articles\\\/periodistas-reflexionan-sobre-cobertura-de-tragedia-en-ciudad-de-argentina\\\/#breadcrumb\"},\"inLanguage\":\"es\",\"potentialAction\":[{\"@type\":\"ReadAction\",\"target\":[\"https:\\\/\\\/latamjournalismreview.org\\\/es\\\/articles\\\/periodistas-reflexionan-sobre-cobertura-de-tragedia-en-ciudad-de-argentina\\\/\"]}]},{\"@type\":\"BreadcrumbList\",\"@id\":\"https:\\\/\\\/latamjournalismreview.org\\\/es\\\/articles\\\/periodistas-reflexionan-sobre-cobertura-de-tragedia-en-ciudad-de-argentina\\\/#breadcrumb\",\"itemListElement\":[{\"@type\":\"ListItem\",\"position\":1,\"name\":\"Home\",\"item\":\"https:\\\/\\\/latamjournalismreview.org\\\/es\\\/\"},{\"@type\":\"ListItem\",\"position\":2,\"name\":\"Periodistas reflexionan sobre cobertura de tragedia en ciudad de Argentina\"}]},{\"@type\":\"WebSite\",\"@id\":\"https:\\\/\\\/latamjournalismreview.org\\\/es\\\/#website\",\"url\":\"https:\\\/\\\/latamjournalismreview.org\\\/es\\\/\",\"name\":\"LatAm Journalism Review\",\"description\":\"Knight Center at The University of Texas\",\"publisher\":{\"@id\":\"https:\\\/\\\/latamjournalismreview.org\\\/es\\\/#organization\"},\"potentialAction\":[{\"@type\":\"SearchAction\",\"target\":{\"@type\":\"EntryPoint\",\"urlTemplate\":\"https:\\\/\\\/latamjournalismreview.org\\\/es\\\/?s={search_term_string}\"},\"query-input\":{\"@type\":\"PropertyValueSpecification\",\"valueRequired\":true,\"valueName\":\"search_term_string\"}}],\"inLanguage\":\"es\"},{\"@type\":\"Organization\",\"@id\":\"https:\\\/\\\/latamjournalismreview.org\\\/es\\\/#organization\",\"name\":\"LatAm Journalism Review\",\"url\":\"https:\\\/\\\/latamjournalismreview.org\\\/es\\\/\",\"logo\":{\"@type\":\"ImageObject\",\"inLanguage\":\"es\",\"@id\":\"https:\\\/\\\/latamjournalismreview.org\\\/es\\\/#\\\/schema\\\/logo\\\/image\\\/\",\"url\":\"https:\\\/\\\/latamjournalismreview.org\\\/wp-content\\\/uploads\\\/2020\\\/05\\\/knight-latAm-review-logo.svg\",\"contentUrl\":\"https:\\\/\\\/latamjournalismreview.org\\\/wp-content\\\/uploads\\\/2020\\\/05\\\/knight-latAm-review-logo.svg\",\"width\":\"1024\",\"height\":\"1024\",\"caption\":\"LatAm Journalism Review\"},\"image\":{\"@id\":\"https:\\\/\\\/latamjournalismreview.org\\\/es\\\/#\\\/schema\\\/logo\\\/image\\\/\"},\"sameAs\":[\"https:\\\/\\\/x.com\\\/LatAmJournalism\"]},{\"@type\":\"Person\",\"@id\":\"https:\\\/\\\/latamjournalismreview.org\\\/es\\\/#\\\/schema\\\/person\\\/eac7baa6afada0957e047be9fc15703a\",\"name\":\"Silvia Higuera\",\"description\":\"Silvia A. Higuera Fl\u00f3rez is a Colombian journalist interested in covering Latin American issues and human rights, especially the right to freedom of expression, and investigative journalism. She studied Social Communication and Journalism at Universidad Pontificia Bolivariana in Bucaramanga (Colombia), and received her Master's of Arts in Journalism from the University of Texas at Austin in 2015. She worked with the Office of the Special Rapporteur for Freedom of Expression of the Inter-American Commission on Human Rights (IACHR) under the Orlando Sierra fellowship during 2014. She also worked for the Colombian newspaper Vanguardia Liberal and wrote for different magazines about local, economic and public order issues. Her work has also appeared in The Miami Herald and El Nuevo Herald of Miami. Email: silvia.knightcenter@gmail.com Silvia A. Higuera Fl\u00f3rez es una periodista colombiana con inter\u00e9s period\u00edstico es Am\u00e9rica Latina y los derechos humanos, particularmente el derecho a la libertad de expresi\u00f3n, as\u00ed como el periodismo de investigaci\u00f3n. Estudi\u00f3 Comunicaci\u00f3n Social \u2013 Periodismo en la Universidad Pontificia Bolivariana de Bucaramanga (Colombia), y recibi\u00f3 su maestr\u00eda en Periodismo en la Universidad de Texas, en Austin en 2015. Trabaj\u00f3 para la Relator\u00eda Especial para la Libertad de Expresi\u00f3n de la Comisi\u00f3n Interamericana de Derechos Humanos (CIDH) en el marco de la beca Orlando Sierra, durante 2014. Tambi\u00e9n hizo parte del diario Vanguardia Liberal y escribi\u00f3 para otras revistas colombianas cubriendo fuentes locales, econ\u00f3micas y judiciales. Algunos de sus trabajos han aparecido en The Miami Herald y El Nuevo Herald de Miami. Silvia A. Higuera Fl\u00f3rez \u00e9 uma jornalista colombiana e seu interesse jornal\u00edstico \u00e9 a Am\u00e9rica Latina e os direitos humanos, nomeadamente o direito \u00e0 liberdade de express\u00e3o. Estudou Comunica\u00e7\u00e3o Social \u2013 Jornalismo na Universidade Pontif\u00edcia Bolivariana de Bucaramanga, na Col\u00f4mbia e completou seu mestrado em jornalismo na Universidade do Texas em Austin. Silvia trabalhou na Relatoria para a Liberdade de Express\u00e3o da CIDH pela bolsa Orlando Sierra, em 2014. Trabalhou para o jornal Vanguardia Liberal e escreveu para outras revistas colombianas cobrindo temas locais, econ\u00f4micas e judici\u00e1rias. Alguns de seus trabalhos apareceram no The Miami Herald e no El Nuevo Herald de Miami.\",\"sameAs\":[\"https:\\\/\\\/x.com\\\/shiguerita\"],\"url\":\"https:\\\/\\\/latamjournalismreview.org\\\/es\\\/articles\\\/author\\\/silvia-higuera\\\/\"}]}<\/script>\n<!-- \/ Yoast SEO Premium plugin. -->","yoast_head_json":{"title":"Periodistas reflexionan sobre cobertura de tragedia en ciudad de Argentina - LatAm Journalism Review","description":"Periodistas reflexionan sobre cobertura de tragedia en ciudad de Argentina Reportajes especiales. Latin American Journalism Review by The Knight Center at The University of Texas at Austin.","robots":{"index":"index","follow":"follow","max-snippet":"max-snippet:-1","max-image-preview":"max-image-preview:large","max-video-preview":"max-video-preview:-1"},"canonical":"https:\/\/latamjournalismreview.org\/es\/articles\/periodistas-reflexionan-sobre-cobertura-de-tragedia-en-ciudad-de-argentina\/","og_locale":"es_ES","og_type":"article","og_title":"Periodistas reflexionan sobre cobertura de tragedia en ciudad de Argentina","og_description":"Periodistas reflexionan sobre cobertura de tragedia en ciudad de Argentina Reportajes especiales. Latin American Journalism Review by The Knight Center at The University of Texas at Austin.","og_url":"https:\/\/latamjournalismreview.org\/es\/articles\/periodistas-reflexionan-sobre-cobertura-de-tragedia-en-ciudad-de-argentina\/","og_site_name":"LatAm Journalism Review","article_published_time":"2012-11-14T22:43:19+00:00","article_modified_time":"2021-09-28T00:55:06+00:00","author":"Silvia Higuera","twitter_card":"summary_large_image","twitter_creator":"@shiguerita","twitter_site":"@LatAmJournalism","twitter_misc":{"Written by":"Silvia Higuera","Est. reading time":"3 minutos"},"schema":{"@context":"https:\/\/schema.org","@graph":[{"@type":"Article","@id":"https:\/\/latamjournalismreview.org\/es\/articles\/periodistas-reflexionan-sobre-cobertura-de-tragedia-en-ciudad-de-argentina\/#article","isPartOf":{"@id":"https:\/\/latamjournalismreview.org\/es\/articles\/periodistas-reflexionan-sobre-cobertura-de-tragedia-en-ciudad-de-argentina\/"},"author":{"name":"Silvia Higuera","@id":"https:\/\/latamjournalismreview.org\/es\/#\/schema\/person\/eac7baa6afada0957e047be9fc15703a"},"headline":"Periodistas reflexionan sobre cobertura de tragedia en ciudad de Argentina","datePublished":"2012-11-14T22:43:19+00:00","dateModified":"2021-09-28T00:55:06+00:00","mainEntityOfPage":{"@id":"https:\/\/latamjournalismreview.org\/es\/articles\/periodistas-reflexionan-sobre-cobertura-de-tragedia-en-ciudad-de-argentina\/"},"wordCount":556,"publisher":{"@id":"https:\/\/latamjournalismreview.org\/es\/#organization"},"keywords":["Acceso a la informaci\u00f3n","Argentina"],"articleSection":["Reportajes especiales"],"inLanguage":"es"},{"@type":"WebPage","@id":"https:\/\/latamjournalismreview.org\/es\/articles\/periodistas-reflexionan-sobre-cobertura-de-tragedia-en-ciudad-de-argentina\/","url":"https:\/\/latamjournalismreview.org\/es\/articles\/periodistas-reflexionan-sobre-cobertura-de-tragedia-en-ciudad-de-argentina\/","name":"Periodistas reflexionan sobre cobertura de tragedia en ciudad de Argentina - LatAm Journalism Review","isPartOf":{"@id":"https:\/\/latamjournalismreview.org\/es\/#website"},"datePublished":"2012-11-14T22:43:19+00:00","dateModified":"2021-09-28T00:55:06+00:00","description":"Periodistas reflexionan sobre cobertura de tragedia en ciudad de Argentina Reportajes especiales. Latin American Journalism Review by The Knight Center at The University of Texas at Austin.","breadcrumb":{"@id":"https:\/\/latamjournalismreview.org\/es\/articles\/periodistas-reflexionan-sobre-cobertura-de-tragedia-en-ciudad-de-argentina\/#breadcrumb"},"inLanguage":"es","potentialAction":[{"@type":"ReadAction","target":["https:\/\/latamjournalismreview.org\/es\/articles\/periodistas-reflexionan-sobre-cobertura-de-tragedia-en-ciudad-de-argentina\/"]}]},{"@type":"BreadcrumbList","@id":"https:\/\/latamjournalismreview.org\/es\/articles\/periodistas-reflexionan-sobre-cobertura-de-tragedia-en-ciudad-de-argentina\/#breadcrumb","itemListElement":[{"@type":"ListItem","position":1,"name":"Home","item":"https:\/\/latamjournalismreview.org\/es\/"},{"@type":"ListItem","position":2,"name":"Periodistas reflexionan sobre cobertura de tragedia en ciudad de Argentina"}]},{"@type":"WebSite","@id":"https:\/\/latamjournalismreview.org\/es\/#website","url":"https:\/\/latamjournalismreview.org\/es\/","name":"LatAm Journalism Review","description":"Knight Center at The University of Texas","publisher":{"@id":"https:\/\/latamjournalismreview.org\/es\/#organization"},"potentialAction":[{"@type":"SearchAction","target":{"@type":"EntryPoint","urlTemplate":"https:\/\/latamjournalismreview.org\/es\/?s={search_term_string}"},"query-input":{"@type":"PropertyValueSpecification","valueRequired":true,"valueName":"search_term_string"}}],"inLanguage":"es"},{"@type":"Organization","@id":"https:\/\/latamjournalismreview.org\/es\/#organization","name":"LatAm Journalism Review","url":"https:\/\/latamjournalismreview.org\/es\/","logo":{"@type":"ImageObject","inLanguage":"es","@id":"https:\/\/latamjournalismreview.org\/es\/#\/schema\/logo\/image\/","url":"https:\/\/latamjournalismreview.org\/wp-content\/uploads\/2020\/05\/knight-latAm-review-logo.svg","contentUrl":"https:\/\/latamjournalismreview.org\/wp-content\/uploads\/2020\/05\/knight-latAm-review-logo.svg","width":"1024","height":"1024","caption":"LatAm Journalism Review"},"image":{"@id":"https:\/\/latamjournalismreview.org\/es\/#\/schema\/logo\/image\/"},"sameAs":["https:\/\/x.com\/LatAmJournalism"]},{"@type":"Person","@id":"https:\/\/latamjournalismreview.org\/es\/#\/schema\/person\/eac7baa6afada0957e047be9fc15703a","name":"Silvia Higuera","description":"Silvia A. Higuera Fl\u00f3rez is a Colombian journalist interested in covering Latin American issues and human rights, especially the right to freedom of expression, and investigative journalism. She studied Social Communication and Journalism at Universidad Pontificia Bolivariana in Bucaramanga (Colombia), and received her Master's of Arts in Journalism from the University of Texas at Austin in 2015. She worked with the Office of the Special Rapporteur for Freedom of Expression of the Inter-American Commission on Human Rights (IACHR) under the Orlando Sierra fellowship during 2014. She also worked for the Colombian newspaper Vanguardia Liberal and wrote for different magazines about local, economic and public order issues. Her work has also appeared in The Miami Herald and El Nuevo Herald of Miami. Email: silvia.knightcenter@gmail.com Silvia A. Higuera Fl\u00f3rez es una periodista colombiana con inter\u00e9s period\u00edstico es Am\u00e9rica Latina y los derechos humanos, particularmente el derecho a la libertad de expresi\u00f3n, as\u00ed como el periodismo de investigaci\u00f3n. Estudi\u00f3 Comunicaci\u00f3n Social \u2013 Periodismo en la Universidad Pontificia Bolivariana de Bucaramanga (Colombia), y recibi\u00f3 su maestr\u00eda en Periodismo en la Universidad de Texas, en Austin en 2015. Trabaj\u00f3 para la Relator\u00eda Especial para la Libertad de Expresi\u00f3n de la Comisi\u00f3n Interamericana de Derechos Humanos (CIDH) en el marco de la beca Orlando Sierra, durante 2014. Tambi\u00e9n hizo parte del diario Vanguardia Liberal y escribi\u00f3 para otras revistas colombianas cubriendo fuentes locales, econ\u00f3micas y judiciales. Algunos de sus trabajos han aparecido en The Miami Herald y El Nuevo Herald de Miami. Silvia A. Higuera Fl\u00f3rez \u00e9 uma jornalista colombiana e seu interesse jornal\u00edstico \u00e9 a Am\u00e9rica Latina e os direitos humanos, nomeadamente o direito \u00e0 liberdade de express\u00e3o. Estudou Comunica\u00e7\u00e3o Social \u2013 Jornalismo na Universidade Pontif\u00edcia Bolivariana de Bucaramanga, na Col\u00f4mbia e completou seu mestrado em jornalismo na Universidade do Texas em Austin. Silvia trabalhou na Relatoria para a Liberdade de Express\u00e3o da CIDH pela bolsa Orlando Sierra, em 2014. Trabalhou para o jornal Vanguardia Liberal e escreveu para outras revistas colombianas cobrindo temas locais, econ\u00f4micas e judici\u00e1rias. Alguns de seus trabalhos apareceram no The Miami Herald e no El Nuevo Herald de Miami.","sameAs":["https:\/\/x.com\/shiguerita"],"url":"https:\/\/latamjournalismreview.org\/es\/articles\/author\/silvia-higuera\/"}]}},"_links":{"self":[{"href":"https:\/\/latamjournalismreview.org\/es\/wp-json\/wp\/v2\/posts\/34113","targetHints":{"allow":["GET"]}}],"collection":[{"href":"https:\/\/latamjournalismreview.org\/es\/wp-json\/wp\/v2\/posts"}],"about":[{"href":"https:\/\/latamjournalismreview.org\/es\/wp-json\/wp\/v2\/types\/post"}],"author":[{"embeddable":true,"href":"https:\/\/latamjournalismreview.org\/es\/wp-json\/wp\/v2\/users\/13"}],"replies":[{"embeddable":true,"href":"https:\/\/latamjournalismreview.org\/es\/wp-json\/wp\/v2\/comments?post=34113"}],"version-history":[{"count":1,"href":"https:\/\/latamjournalismreview.org\/es\/wp-json\/wp\/v2\/posts\/34113\/revisions"}],"predecessor-version":[{"id":34114,"href":"https:\/\/latamjournalismreview.org\/es\/wp-json\/wp\/v2\/posts\/34113\/revisions\/34114"}],"wp:attachment":[{"href":"https:\/\/latamjournalismreview.org\/es\/wp-json\/wp\/v2\/media?parent=34113"}],"wp:term":[{"taxonomy":"category","embeddable":true,"href":"https:\/\/latamjournalismreview.org\/es\/wp-json\/wp\/v2\/categories?post=34113"},{"taxonomy":"post_tag","embeddable":true,"href":"https:\/\/latamjournalismreview.org\/es\/wp-json\/wp\/v2\/tags?post=34113"},{"taxonomy":"author","embeddable":true,"href":"https:\/\/latamjournalismreview.org\/es\/wp-json\/wp\/v2\/coauthors?post=34113"}],"curies":[{"name":"wp","href":"https:\/\/api.w.org\/{rel}","templated":true}]}}