{"id":34291,"date":"2021-09-28T14:56:53","date_gmt":"2021-09-28T19:56:53","guid":{"rendered":"https:\/\/latamjournalismreview.org\/?p=34291"},"modified":"2021-09-28T20:33:52","modified_gmt":"2021-09-29T01:33:52","slug":"perfiles-automatizados-representan-el-20-de-los-ataques-a-periodistas-en-twitter-en-brasil-segun-estudio","status":"publish","type":"post","link":"https:\/\/latamjournalismreview.org\/es\/articles\/perfiles-automatizados-representan-el-20-de-los-ataques-a-periodistas-en-twitter-en-brasil-segun-estudio\/","title":{"rendered":"Perfiles automatizados representan el 20% de los ataques a periodistas en Twitter en Brasil, seg\u00fan estudio"},"content":{"rendered":"<p><span style=\"font-weight: 400;\">Despu\u00e9s de salir de un mitin de simpatizantes del presidente de Brasil, Jair Bolsonaro, <\/span><a href=\"https:\/\/www.cnnbrasil.com.br\/nacional\/equipe-da-cnn-e-hostilizada-em-manifestacao-no-rj\/\" target=\"_blank\" rel=\"noopener\"><span style=\"font-weight: 400;\">con escolta policial<\/span><\/a><span style=\"font-weight: 400;\">, el reportero de CNN Pedro Duran pens\u00f3 que lo peor hab\u00eda pasado. Despu\u00e9s de todo, los manifestantes lo hab\u00edan atacado y maldecido y, sin la protecci\u00f3n de la polic\u00eda, la violencia podr\u00eda haber aumentado a\u00fan m\u00e1s.<\/span><\/p>\n<p><span style=\"font-weight: 400;\">Sin embargo, con <\/span><a href=\"https:\/\/oglobo.globo.com\/politica\/associacao-de-jornalismo-repudia-ataques-imprensa-em-ato-favor-do-governo-bolsonaro-no-rio-1-25030804\" target=\"_blank\" rel=\"noopener\"><span style=\"font-weight: 400;\">las repercusiones del caso<\/span><\/a><span style=\"font-weight: 400;\"> en los d\u00edas siguientes al 24 de mayo, el periodista comenz\u00f3 a sufrir un segundo tipo de ataque: el digital.<\/span><\/p>\n<p><span style=\"font-weight: 400;\">\u201cAlgunas personas me persiguieron en otras redes sociales como Instagram y Facebook. Si el ataque f\u00edsico no fue suficiente, tambi\u00e9n estaba el virtual. Hab\u00eda sucedido antes en otras ocasiones. Cuando el ataque se produce por estos medios siento que han violado mi privacidad porque son entornos que, especialmente en la pandemia, he utilizado para mantenerme en contacto con mi familia y amigos\u201d, dijo Duran a <strong>LatAm Journalism Review (LJR)<\/strong>. \u201cNo hubo amenaza porque si eso pasaba ir\u00eda a la polic\u00eda de inmediato, pero s\u00ed maldiciones e insultos, la mayor\u00eda de perfiles ap\u00f3crifos\u201d.<\/span><\/p>\n<p><span style=\"font-weight: 400;\">Una encuesta de la ONG Reporteros Sin Fronteras (RSF) y el Instituto de Tecnolog\u00eda y Sociedad de R\u00edo (ITS-R\u00edo) muestra que <\/span><a href=\"https:\/\/rsf.org\/es\/noticias\/brasil-los-ataques-al-periodismo-se-propagan-por-las-redes-rsf-e-its-registran-en-apenas-tres-meses\" target=\"_blank\" rel=\"noopener\"><span style=\"font-weight: 400;\">las redes sociales se han convertido en un territorio hostil para la prensa<\/span><\/a><span style=\"font-weight: 400;\"> en Brasil. En un periodo de tres meses, entre el 14 de marzo y el 13 de junio de 2021, los investigadores identificaron 498.693 ataques a periodistas y prensa en general en el pa\u00eds. Una quinta parte del total de ataques provino de cuentas con una alta probabilidad de comportamiento automatizado, es decir, robots.<\/span><\/p>\n<p><span style=\"font-weight: 400;\">\u201cSi tienes un usuario que no tiene una foto de perfil, es solo un avatar. Eso tiene una serie de n\u00fameros en su cuenta de Twitter. Si el nombre del perfil no coincide con este identificador y si ese usuario comparte 200 veces en 60 segundos. Todas estas son caracter\u00edsticas que mejorar\u00e1n la calificaci\u00f3n final de este usuario. Cuanto m\u00e1s cerca de 100, mayor es la probabilidad de que se identifique a este usuario con una alta probabilidad de automatizaci\u00f3n\u201d, explic\u00f3 a <strong>LJR<\/strong> Thayane Guimar\u00e3es, investigadora s\u00e9nior de ITS. \u201cLa frecuencia pesa mucho para esta cuenta de <\/span><a href=\"https:\/\/pegabot.com.br\/\" target=\"_blank\" rel=\"noopener\"><span style=\"font-weight: 400;\">Pegabot<\/span><\/a><span style=\"font-weight: 400;\"> [que mide la probabilidad de automatizaci\u00f3n], precisamente porque es imposible que est\u00e9 vinculada a una actividad humana aut\u00e9ntica\".<\/span><\/p>\n<div id=\"attachment_33418\" style=\"width: 1930px\" class=\"wp-caption aligncenter\"><img loading=\"lazy\" decoding=\"async\" aria-describedby=\"caption-attachment-33418\" class=\"wp-image-33420 size-full\" src=\"https:\/\/latamjournalismreview.org\/wp-content\/uploads\/2021\/09\/Pesquisa-RSF_Ataques-Redes-Sociais_picos_1.png\" alt=\"Mais da metade (51%) dos tweets est\u00e3o concentrados em 13 dias de pico, o que representa 14% do total do per\u00edodo de tr\u00eas meses. Clique para ampliar a imagem. Cr\u00e9dito: RSF e ITS\" width=\"1920\" height=\"1080\" srcset=\"https:\/\/latamjournalismreview.org\/wp-content\/uploads\/2021\/09\/Pesquisa-RSF_Ataques-Redes-Sociais_picos_1.png 1920w, https:\/\/latamjournalismreview.org\/wp-content\/uploads\/2021\/09\/Pesquisa-RSF_Ataques-Redes-Sociais_picos_1-300x169.png 300w, https:\/\/latamjournalismreview.org\/wp-content\/uploads\/2021\/09\/Pesquisa-RSF_Ataques-Redes-Sociais_picos_1-1024x576.png 1024w, https:\/\/latamjournalismreview.org\/wp-content\/uploads\/2021\/09\/Pesquisa-RSF_Ataques-Redes-Sociais_picos_1-768x432.png 768w, https:\/\/latamjournalismreview.org\/wp-content\/uploads\/2021\/09\/Pesquisa-RSF_Ataques-Redes-Sociais_picos_1-1536x864.png 1536w\" sizes=\"auto, (max-width: 1920px) 100vw, 1920px\" \/><p id=\"caption-attachment-33418\" class=\"wp-caption-text\"><span style=\"font-weight: 400;\">M\u00e1s de la mitad (51%) de los tuits se concentran en 13 d\u00edas pico, lo que representa el 14% del total para el periodo de tres meses. Haga <a href=\"http:\/\/&quot;https:\/\/rsf.org\/sites\/default\/files\/graficos_abertos-01.pdf\" target=\"_blank\" rel=\"noopener\">clic aqu\u00ed<\/a>\u00a0para ampliar la imagen. (Cr\u00e9dito: RSF e ITS)<\/span><\/p><\/div>\n<p>&nbsp;<\/p>\n<p><span style=\"font-weight: 400;\">Seg\u00fan el informe, esta automatizaci\u00f3n levanta la sospecha de que los ataques a periodistas se planifican y coordinan sistem\u00e1ticamente. En el estudio, se recopilaron datos de tuits que mencionaban un conjunto de cinco etiquetas, algunos dirigidos a medios de noticias espec\u00edficos: #imprensalixo (prensa basura), #extremaimprensa, #globolixo (Globo basura), #cnnlixo (CNN basura), y #estadaofake (Estad\u00e3o falso). Fueron utilizadas por 94.195 usuarios de Twitter. De estos, el 3,9% son posiblemente perfiles automatizados; sin embargo, representan el 20% del volumen de ataques.<\/span><\/p>\n<p><span style=\"font-weight: 400;\">\u201cNo quiere decir que el movimiento org\u00e1nico no exista, pero cuando hay un incentivo v\u00eda robots para estos mensajes, para que este tema realmente est\u00e9 en la agenda, tambi\u00e9n terminan echando le\u00f1a al fuego para que aparezcan m\u00e1s mensajes en la red desde los perfiles reales, hay este impulso, este trampol\u00edn a trav\u00e9s de perfiles automatizados\u201d, dijo Guimar\u00e3es.<\/span><\/p>\n<p><span style=\"font-weight: 400;\">El estudio tambi\u00e9n identific\u00f3 momentos pico del <\/span><i><span style=\"font-weight: 400;\">engagement<\/span><\/i><span style=\"font-weight: 400;\"> con etiquetas monitoreadas asociadas a episodios de acoso digital contra los perfiles de algunos periodistas, como Maju Coutinho (TV Globo), Daniela Lima y Pedro Duran (CNN Brasil), Mariliz Pereira Jorge (Folha de S. Paulo) y Rodrigo Menegat (DW News).<\/span><\/p>\n<p><span style=\"font-weight: 400;\">El d\u00eda con mayor n\u00famero de publicaciones fue el 10 de mayo, con 36.791 registros, tras la publicaci\u00f3n del informe \u201c<\/span><a href=\"https:\/\/politica.estadao.com.br\/noticias\/geral,bolsonaro-cria-orcamento-secreto-em-troca-de-apoio-do-congresso,70003708713\" target=\"_blank\" rel=\"noopener\"><span style=\"font-weight: 400;\">Or\u00e7amento secreto bilion\u00e1rio de Bolsonaro<\/span><\/a><span style=\"font-weight: 400;\">\u201d (El presupuesto billonario secreto de Bolsonaro), en Estad\u00e3o, sobre un esquema presupuestario paralelo, utilizado para liberar fondos para enmiendas parlamentarias.<\/span><\/p>\n<p><span style=\"font-weight: 400;\">\u201cLos ataques sistem\u00e1ticos a la credibilidad de la prensa est\u00e1n directamente vinculados a la estrategia de desinformaci\u00f3n movilizada por el gobierno. Al desmoralizar a los periodistas y a los medios identificados como cr\u00edticos, el gobierno esencialmente busca expandir su control sobre el debate p\u00fablico\u201d, dijo a <strong>LJR<\/strong> Emmanuel Colombi\u00e9, jefe de la secci\u00f3n de Am\u00e9rica Latina de Reporteros Sin Fronteras.<\/span><\/p>\n<p><span style=\"font-weight: 400;\">Colombi\u00e9 tambi\u00e9n dijo que las campa\u00f1as digitales de ataques a la prensa promueven el estigma de los periodistas como enemigos, lo que puede convertir la violencia digital en violencia f\u00edsica.<\/span><\/p>\n<p><span style=\"font-weight: 400;\">\u201cEn un contexto pol\u00edtico de intensa polarizaci\u00f3n, esta idea moviliza el odio de ciertos grupos, trasciende la esfera digital y se materializa en otros tipos de violencia, burla, expulsi\u00f3n de manifestaciones, ofensas en ambientes p\u00fablicos y potencialmente agresiones f\u00edsicas\u201d, dijo.<\/span><\/p>\n<div id=\"attachment_33415\" style=\"width: 1930px\" class=\"wp-caption aligncenter\"><img loading=\"lazy\" decoding=\"async\" aria-describedby=\"caption-attachment-33415\" class=\"wp-image-33417 size-full\" src=\"https:\/\/latamjournalismreview.org\/wp-content\/uploads\/2021\/09\/Pesquisa-RSF_Ataques-Redes-Sociais_picos_2.png\" alt=\"Os picos de engajamento com as hashtags monitoradas tamb\u00e9m coincidem em grande parte dos casos com um forte movimento de ataques direcionados a jornalistas. Clique para ampliar a imagem. Cr\u00e9dito: RSF e ITS\" width=\"1920\" height=\"1080\" srcset=\"https:\/\/latamjournalismreview.org\/wp-content\/uploads\/2021\/09\/Pesquisa-RSF_Ataques-Redes-Sociais_picos_2.png 1920w, https:\/\/latamjournalismreview.org\/wp-content\/uploads\/2021\/09\/Pesquisa-RSF_Ataques-Redes-Sociais_picos_2-300x169.png 300w, https:\/\/latamjournalismreview.org\/wp-content\/uploads\/2021\/09\/Pesquisa-RSF_Ataques-Redes-Sociais_picos_2-1024x576.png 1024w, https:\/\/latamjournalismreview.org\/wp-content\/uploads\/2021\/09\/Pesquisa-RSF_Ataques-Redes-Sociais_picos_2-768x432.png 768w, https:\/\/latamjournalismreview.org\/wp-content\/uploads\/2021\/09\/Pesquisa-RSF_Ataques-Redes-Sociais_picos_2-1536x864.png 1536w\" sizes=\"auto, (max-width: 1920px) 100vw, 1920px\" \/><p id=\"caption-attachment-33415\" class=\"wp-caption-text\"><span style=\"font-weight: 400;\">Los picos del <\/span><i><span style=\"font-weight: 400;\">engagement<\/span><\/i><span style=\"font-weight: 400;\"> con etiquetas monitoreadas tambi\u00e9n coinciden en la mayor\u00eda de los casos con un fuerte movimiento de ataques dirigidos contra periodistas. Haga <a href=\"https:\/\/rsf.org\/sites\/default\/files\/graficos_abertos-02.pdf\" target=\"_blank\" rel=\"noopener\">clic aqu\u00ed<\/a> para ampliar la imagen. (Cr\u00e9dito: RSF e ITS)<\/span><\/p><\/div>\n<p>&nbsp;<\/p>\n<p><span style=\"font-weight: 400;\">El estudio tambi\u00e9n identific\u00f3 un elemento de g\u00e9nero importante en el universo de los ataques monitoreados: el n\u00famero total de tuits que mencionan a mujeres periodistas fue 13 veces mayor que el de sus hom\u00f3logos masculinos.<\/span><\/p>\n<p><span style=\"font-weight: 400;\">\u201cUna cosa que he notado es que estos ataques est\u00e1n cada vez m\u00e1s organizados. Antes parec\u00edan org\u00e1nicos, pero ahora veo un movimiento articulado, y adquiere una proporci\u00f3n muy grande\u201d, dijo a los investigadores la columnista de Folha de S. Paulo, Mariliz Pereira Jorge.<\/span><\/p>\n<p><span style=\"font-weight: 400;\">\u201cUn punto muy relevante del informe es precisamente esta expresi\u00f3n de misoginia y violencia de g\u00e9nero en l\u00ednea. Esto es algo que hemos estado tratando de monitorear durante mucho tiempo. Esta relaci\u00f3n de libertad de expresi\u00f3n, y espec\u00edficamente, en relaci\u00f3n a las mujeres periodistas, y este movimiento bot. Esto es central para nuestra investigaci\u00f3n, darnos cuenta de c\u00f3mo no solo la prensa, en general, es considerada enemiga del gobierno federal, hasta el punto de motivar estas movilizaciones, sino tambi\u00e9n las mujeres en ese lugar de poder del discurso, en la construcci\u00f3n de an\u00e1lisis pol\u00edtico, etc.\u201d, dijo Guimar\u00e3es.<\/span><\/p>\n<p><span style=\"font-weight: 400;\">Seg\u00fan Colombi\u00e9, por la propia naturaleza de su actividad, los periodistas trabajan con un alto grado de exposici\u00f3n, aunque la gran mayor\u00eda no tiene la condici\u00f3n de figura p\u00fablica. Y, seg\u00fan \u00e9l, esta exposici\u00f3n puede ser utilizada f\u00e1cilmente por grupos para promover alg\u00fan tipo de represalia o intimidaci\u00f3n:<\/span><\/p>\n<p><span style=\"font-weight: 400;\">\u201cCuando son blanco de un ataque, los periodistas pueden y deben buscar todo tipo de apoyo, comenzando por el propio medio de comunicaci\u00f3n, sus editores, colegas; pero tambi\u00e9n de abogados, sindicatos y toda la comunidad de organizaciones de la sociedad civil que se movilizan en defensa de la libertad de prensa. La construcci\u00f3n de una red de apoyo capaz de aportar formas de superar este tipo de situaciones es una de las principales estrategias para superar estas situaciones\u201d.<\/span><\/p>\n","protected":false},"excerpt":{"rendered":"<p>Un estudio de Reporteros Sin Fronteras (RSF) y el Instituto de Tecnolog\u00eda y Sociedad de R\u00edo (ITS-Rio) muestra que las redes sociales se han convertido en un territorio hostil para la prensa en Brasil. En tres meses, los investigadores identificaron 498.693 ataques contra periodistas y la prensa en general en Brasil. Una quinta parte del total de ataques provino de cuentas con una alta probabilidad de comportamiento automatizado, es decir, robots.<\/p>\n","protected":false},"author":5,"featured_media":33425,"comment_status":"closed","ping_status":"closed","sticky":false,"template":"","format":"standard","meta":{"inline_featured_image":false,"footnotes":""},"categories":[1222],"tags":[],"coauthors":[],"class_list":["post-34291","post","type-post","status-publish","format-standard","has-post-thumbnail","hentry","category-violencia-contra-periodistas-es"],"acf":[],"yoast_head":"<!-- This site is optimized with the Yoast SEO Premium plugin v22.6 (Yoast SEO v27.4) - https:\/\/yoast.com\/product\/yoast-seo-premium-wordpress\/ -->\n<title>Perfiles automatizados representan el 20% de los ataques a periodistas en Twitter en Brasil, seg\u00fan estudio - LatAm Journalism Review<\/title>\n<meta name=\"description\" content=\"Perfiles automatizados representan el 20% de los ataques a periodistas en Twitter en Brasil, seg\u00fan estudio Violencia contra periodistas. Latin American Journalism Review by The Knight Center at The University of Texas at Austin.\" \/>\n<meta name=\"robots\" content=\"index, follow, max-snippet:-1, max-image-preview:large, max-video-preview:-1\" \/>\n<link rel=\"canonical\" href=\"https:\/\/latamjournalismreview.org\/es\/articles\/perfiles-automatizados-representan-el-20-de-los-ataques-a-periodistas-en-twitter-en-brasil-segun-estudio\/\" \/>\n<meta property=\"og:locale\" content=\"es_ES\" \/>\n<meta property=\"og:type\" content=\"article\" \/>\n<meta property=\"og:title\" content=\"Perfiles automatizados representan el 20% de los ataques a periodistas en Twitter en Brasil, seg\u00fan estudio\" \/>\n<meta property=\"og:description\" content=\"Perfiles automatizados representan el 20% de los ataques a periodistas en Twitter en Brasil, seg\u00fan estudio Violencia contra periodistas. Latin American Journalism Review by The Knight Center at The University of Texas at Austin.\" \/>\n<meta property=\"og:url\" content=\"https:\/\/latamjournalismreview.org\/es\/articles\/perfiles-automatizados-representan-el-20-de-los-ataques-a-periodistas-en-twitter-en-brasil-segun-estudio\/\" \/>\n<meta property=\"og:site_name\" content=\"LatAm Journalism Review\" \/>\n<meta property=\"article:published_time\" content=\"2021-09-28T19:56:53+00:00\" \/>\n<meta property=\"article:modified_time\" content=\"2021-09-29T01:33:52+00:00\" \/>\n<meta property=\"og:image\" content=\"https:\/\/latamjournalismreview.org\/wp-content\/uploads\/2021\/09\/Featured-500000-tweets-targeting-journalists.png\" \/>\n\t<meta property=\"og:image:width\" content=\"507\" \/>\n\t<meta property=\"og:image:height\" content=\"340\" \/>\n\t<meta property=\"og:image:type\" content=\"image\/png\" \/>\n<meta name=\"author\" content=\"J\u00falio Lubianco\" \/>\n<meta name=\"twitter:card\" content=\"summary_large_image\" \/>\n<meta name=\"twitter:creator\" content=\"@jlubianco\" \/>\n<meta name=\"twitter:site\" content=\"@LatAmJournalism\" \/>\n<meta name=\"twitter:label1\" content=\"Written by\" \/>\n\t<meta name=\"twitter:data1\" content=\"J\u00falio Lubianco\" \/>\n\t<meta name=\"twitter:label2\" content=\"Est. reading time\" \/>\n\t<meta name=\"twitter:data2\" content=\"6 minutos\" \/>\n<script type=\"application\/ld+json\" class=\"yoast-schema-graph\">{\"@context\":\"https:\\\/\\\/schema.org\",\"@graph\":[{\"@type\":\"Article\",\"@id\":\"https:\\\/\\\/latamjournalismreview.org\\\/es\\\/articles\\\/perfiles-automatizados-representan-el-20-de-los-ataques-a-periodistas-en-twitter-en-brasil-segun-estudio\\\/#article\",\"isPartOf\":{\"@id\":\"https:\\\/\\\/latamjournalismreview.org\\\/es\\\/articles\\\/perfiles-automatizados-representan-el-20-de-los-ataques-a-periodistas-en-twitter-en-brasil-segun-estudio\\\/\"},\"author\":{\"name\":\"J\u00falio Lubianco\",\"@id\":\"https:\\\/\\\/latamjournalismreview.org\\\/es\\\/#\\\/schema\\\/person\\\/d9517de765982788cd8378b5a229e3dd\"},\"headline\":\"Perfiles automatizados representan el 20% de los ataques a periodistas en Twitter en Brasil, seg\u00fan estudio\",\"datePublished\":\"2021-09-28T19:56:53+00:00\",\"dateModified\":\"2021-09-29T01:33:52+00:00\",\"mainEntityOfPage\":{\"@id\":\"https:\\\/\\\/latamjournalismreview.org\\\/es\\\/articles\\\/perfiles-automatizados-representan-el-20-de-los-ataques-a-periodistas-en-twitter-en-brasil-segun-estudio\\\/\"},\"wordCount\":1233,\"publisher\":{\"@id\":\"https:\\\/\\\/latamjournalismreview.org\\\/es\\\/#organization\"},\"image\":{\"@id\":\"https:\\\/\\\/latamjournalismreview.org\\\/es\\\/articles\\\/perfiles-automatizados-representan-el-20-de-los-ataques-a-periodistas-en-twitter-en-brasil-segun-estudio\\\/#primaryimage\"},\"thumbnailUrl\":\"https:\\\/\\\/latamjournalismreview.org\\\/wp-content\\\/uploads\\\/2021\\\/09\\\/Featured-500000-tweets-targeting-journalists.png\",\"articleSection\":[\"Violencia contra periodistas\"],\"inLanguage\":\"es\"},{\"@type\":\"WebPage\",\"@id\":\"https:\\\/\\\/latamjournalismreview.org\\\/es\\\/articles\\\/perfiles-automatizados-representan-el-20-de-los-ataques-a-periodistas-en-twitter-en-brasil-segun-estudio\\\/\",\"url\":\"https:\\\/\\\/latamjournalismreview.org\\\/es\\\/articles\\\/perfiles-automatizados-representan-el-20-de-los-ataques-a-periodistas-en-twitter-en-brasil-segun-estudio\\\/\",\"name\":\"Perfiles automatizados representan el 20% de los ataques a periodistas en Twitter en Brasil, seg\u00fan estudio - LatAm Journalism Review\",\"isPartOf\":{\"@id\":\"https:\\\/\\\/latamjournalismreview.org\\\/es\\\/#website\"},\"primaryImageOfPage\":{\"@id\":\"https:\\\/\\\/latamjournalismreview.org\\\/es\\\/articles\\\/perfiles-automatizados-representan-el-20-de-los-ataques-a-periodistas-en-twitter-en-brasil-segun-estudio\\\/#primaryimage\"},\"image\":{\"@id\":\"https:\\\/\\\/latamjournalismreview.org\\\/es\\\/articles\\\/perfiles-automatizados-representan-el-20-de-los-ataques-a-periodistas-en-twitter-en-brasil-segun-estudio\\\/#primaryimage\"},\"thumbnailUrl\":\"https:\\\/\\\/latamjournalismreview.org\\\/wp-content\\\/uploads\\\/2021\\\/09\\\/Featured-500000-tweets-targeting-journalists.png\",\"datePublished\":\"2021-09-28T19:56:53+00:00\",\"dateModified\":\"2021-09-29T01:33:52+00:00\",\"description\":\"Perfiles automatizados representan el 20% de los ataques a periodistas en Twitter en Brasil, seg\u00fan estudio Violencia contra periodistas. Latin American Journalism Review by The Knight Center at The University of Texas at Austin.\",\"breadcrumb\":{\"@id\":\"https:\\\/\\\/latamjournalismreview.org\\\/es\\\/articles\\\/perfiles-automatizados-representan-el-20-de-los-ataques-a-periodistas-en-twitter-en-brasil-segun-estudio\\\/#breadcrumb\"},\"inLanguage\":\"es\",\"potentialAction\":[{\"@type\":\"ReadAction\",\"target\":[\"https:\\\/\\\/latamjournalismreview.org\\\/es\\\/articles\\\/perfiles-automatizados-representan-el-20-de-los-ataques-a-periodistas-en-twitter-en-brasil-segun-estudio\\\/\"]}]},{\"@type\":\"ImageObject\",\"inLanguage\":\"es\",\"@id\":\"https:\\\/\\\/latamjournalismreview.org\\\/es\\\/articles\\\/perfiles-automatizados-representan-el-20-de-los-ataques-a-periodistas-en-twitter-en-brasil-segun-estudio\\\/#primaryimage\",\"url\":\"https:\\\/\\\/latamjournalismreview.org\\\/wp-content\\\/uploads\\\/2021\\\/09\\\/Featured-500000-tweets-targeting-journalists.png\",\"contentUrl\":\"https:\\\/\\\/latamjournalismreview.org\\\/wp-content\\\/uploads\\\/2021\\\/09\\\/Featured-500000-tweets-targeting-journalists.png\",\"width\":507,\"height\":340,\"caption\":\"illustration of a hacker\"},{\"@type\":\"BreadcrumbList\",\"@id\":\"https:\\\/\\\/latamjournalismreview.org\\\/es\\\/articles\\\/perfiles-automatizados-representan-el-20-de-los-ataques-a-periodistas-en-twitter-en-brasil-segun-estudio\\\/#breadcrumb\",\"itemListElement\":[{\"@type\":\"ListItem\",\"position\":1,\"name\":\"Home\",\"item\":\"https:\\\/\\\/latamjournalismreview.org\\\/es\\\/\"},{\"@type\":\"ListItem\",\"position\":2,\"name\":\"Perfiles automatizados representan el 20% de los ataques a periodistas en Twitter en Brasil, seg\u00fan estudio\"}]},{\"@type\":\"WebSite\",\"@id\":\"https:\\\/\\\/latamjournalismreview.org\\\/es\\\/#website\",\"url\":\"https:\\\/\\\/latamjournalismreview.org\\\/es\\\/\",\"name\":\"LatAm Journalism Review\",\"description\":\"Knight Center at The University of Texas\",\"publisher\":{\"@id\":\"https:\\\/\\\/latamjournalismreview.org\\\/es\\\/#organization\"},\"potentialAction\":[{\"@type\":\"SearchAction\",\"target\":{\"@type\":\"EntryPoint\",\"urlTemplate\":\"https:\\\/\\\/latamjournalismreview.org\\\/es\\\/?s={search_term_string}\"},\"query-input\":{\"@type\":\"PropertyValueSpecification\",\"valueRequired\":true,\"valueName\":\"search_term_string\"}}],\"inLanguage\":\"es\"},{\"@type\":\"Organization\",\"@id\":\"https:\\\/\\\/latamjournalismreview.org\\\/es\\\/#organization\",\"name\":\"LatAm Journalism Review\",\"url\":\"https:\\\/\\\/latamjournalismreview.org\\\/es\\\/\",\"logo\":{\"@type\":\"ImageObject\",\"inLanguage\":\"es\",\"@id\":\"https:\\\/\\\/latamjournalismreview.org\\\/es\\\/#\\\/schema\\\/logo\\\/image\\\/\",\"url\":\"https:\\\/\\\/latamjournalismreview.org\\\/wp-content\\\/uploads\\\/2020\\\/05\\\/knight-latAm-review-logo.svg\",\"contentUrl\":\"https:\\\/\\\/latamjournalismreview.org\\\/wp-content\\\/uploads\\\/2020\\\/05\\\/knight-latAm-review-logo.svg\",\"width\":\"1024\",\"height\":\"1024\",\"caption\":\"LatAm Journalism Review\"},\"image\":{\"@id\":\"https:\\\/\\\/latamjournalismreview.org\\\/es\\\/#\\\/schema\\\/logo\\\/image\\\/\"},\"sameAs\":[\"https:\\\/\\\/x.com\\\/LatAmJournalism\"]},{\"@type\":\"Person\",\"@id\":\"https:\\\/\\\/latamjournalismreview.org\\\/es\\\/#\\\/schema\\\/person\\\/d9517de765982788cd8378b5a229e3dd\",\"name\":\"J\u00falio Lubianco\",\"description\":\"J\u00falio Lubianco studied journalism at Universidade Federal Fluminense (UFF). He began his career on the local desk at Jornal do Brasil, in 2003. He was a reporter, assignment editor and managing editor at R\u00e1dio CBN. He has a Master\u2019s degree in media and communication from the London School of Economics (LSE), with a scholarship from the Journalists of Vision program. He is a professor of journalism at PUC-Rio. He won the Imprensa Embratel award in 2007, the Alexandre Adler award in 2008, and is a two-time winner of the Tim Lopes Award for Investigative Journalism, in 2009 and 2014. J\u00falio Lubianco estudi\u00f3 periodismo en la Universidad Federal Fluminense (UFF). Comenz\u00f3 la carrera en 2003, en el diario Jornal do Brasil. Fue reportero, editor y editor ejecutivo en R\u00e1dio CBN. Hizo su maestr\u00eda en medios de comunicaci\u00f3n en London School of Economics (LSE), becado por el programa Jornalistas de Vis\u00e3o. Es profesor del curso de periodismo de PUC-Rio y es presentador del podcast de BRIO, que trata sobre periodismo, carrera, mercado y tecnolog\u00eda. Gan\u00f3 los premios Imprensa Embratel (2007), Alexandre Adler (2008), y en dos oportunidades el Tim Lopes de Periodismo Investigativo (2009 y 2014). J\u00falio Lubianco estudou jornalismo na Universidade Federal Fluminense (UFF). Come\u00e7ou a carreira em 2003, no caderno Cidade do Jornal do Brasil. Foi rep\u00f3rter, chefe de reportagem e gerente de jornalismo na R\u00e1dio CBN. Fez mestrado em m\u00eddia e comunica\u00e7\u00e3o na London School of Economics (LSE), com bolsa do programa Jornalistas de Vis\u00e3o. \u00c9 professor do curso de jornalismo da PUC-Rio e apresenta o podcast do BRIO, que discute jornalismo, carreira, mercado e tecnologia. Venceu os pr\u00eamios Imprensa Embratel, em 2007, o Alexandre Adler, em 2008, e duas vezes o Tim Lopes de Jornalismo Investigativo, em 2009 e 2014.\",\"sameAs\":[\"https:\\\/\\\/www.linkedin.com\\\/in\\\/julio-lubianco\\\/\",\"https:\\\/\\\/x.com\\\/jlubianco\"],\"url\":\"https:\\\/\\\/latamjournalismreview.org\\\/es\\\/articles\\\/author\\\/julio-lubianco\\\/\"}]}<\/script>\n<!-- \/ Yoast SEO Premium plugin. -->","yoast_head_json":{"title":"Perfiles automatizados representan el 20% de los ataques a periodistas en Twitter en Brasil, seg\u00fan estudio - LatAm Journalism Review","description":"Perfiles automatizados representan el 20% de los ataques a periodistas en Twitter en Brasil, seg\u00fan estudio Violencia contra periodistas. Latin American Journalism Review by The Knight Center at The University of Texas at Austin.","robots":{"index":"index","follow":"follow","max-snippet":"max-snippet:-1","max-image-preview":"max-image-preview:large","max-video-preview":"max-video-preview:-1"},"canonical":"https:\/\/latamjournalismreview.org\/es\/articles\/perfiles-automatizados-representan-el-20-de-los-ataques-a-periodistas-en-twitter-en-brasil-segun-estudio\/","og_locale":"es_ES","og_type":"article","og_title":"Perfiles automatizados representan el 20% de los ataques a periodistas en Twitter en Brasil, seg\u00fan estudio","og_description":"Perfiles automatizados representan el 20% de los ataques a periodistas en Twitter en Brasil, seg\u00fan estudio Violencia contra periodistas. Latin American Journalism Review by The Knight Center at The University of Texas at Austin.","og_url":"https:\/\/latamjournalismreview.org\/es\/articles\/perfiles-automatizados-representan-el-20-de-los-ataques-a-periodistas-en-twitter-en-brasil-segun-estudio\/","og_site_name":"LatAm Journalism Review","article_published_time":"2021-09-28T19:56:53+00:00","article_modified_time":"2021-09-29T01:33:52+00:00","og_image":[{"width":507,"height":340,"url":"https:\/\/latamjournalismreview.org\/wp-content\/uploads\/2021\/09\/Featured-500000-tweets-targeting-journalists.png","type":"image\/png"}],"author":"J\u00falio Lubianco","twitter_card":"summary_large_image","twitter_creator":"@jlubianco","twitter_site":"@LatAmJournalism","twitter_misc":{"Written by":"J\u00falio Lubianco","Est. reading time":"6 minutos"},"schema":{"@context":"https:\/\/schema.org","@graph":[{"@type":"Article","@id":"https:\/\/latamjournalismreview.org\/es\/articles\/perfiles-automatizados-representan-el-20-de-los-ataques-a-periodistas-en-twitter-en-brasil-segun-estudio\/#article","isPartOf":{"@id":"https:\/\/latamjournalismreview.org\/es\/articles\/perfiles-automatizados-representan-el-20-de-los-ataques-a-periodistas-en-twitter-en-brasil-segun-estudio\/"},"author":{"name":"J\u00falio Lubianco","@id":"https:\/\/latamjournalismreview.org\/es\/#\/schema\/person\/d9517de765982788cd8378b5a229e3dd"},"headline":"Perfiles automatizados representan el 20% de los ataques a periodistas en Twitter en Brasil, seg\u00fan estudio","datePublished":"2021-09-28T19:56:53+00:00","dateModified":"2021-09-29T01:33:52+00:00","mainEntityOfPage":{"@id":"https:\/\/latamjournalismreview.org\/es\/articles\/perfiles-automatizados-representan-el-20-de-los-ataques-a-periodistas-en-twitter-en-brasil-segun-estudio\/"},"wordCount":1233,"publisher":{"@id":"https:\/\/latamjournalismreview.org\/es\/#organization"},"image":{"@id":"https:\/\/latamjournalismreview.org\/es\/articles\/perfiles-automatizados-representan-el-20-de-los-ataques-a-periodistas-en-twitter-en-brasil-segun-estudio\/#primaryimage"},"thumbnailUrl":"https:\/\/latamjournalismreview.org\/wp-content\/uploads\/2021\/09\/Featured-500000-tweets-targeting-journalists.png","articleSection":["Violencia contra periodistas"],"inLanguage":"es"},{"@type":"WebPage","@id":"https:\/\/latamjournalismreview.org\/es\/articles\/perfiles-automatizados-representan-el-20-de-los-ataques-a-periodistas-en-twitter-en-brasil-segun-estudio\/","url":"https:\/\/latamjournalismreview.org\/es\/articles\/perfiles-automatizados-representan-el-20-de-los-ataques-a-periodistas-en-twitter-en-brasil-segun-estudio\/","name":"Perfiles automatizados representan el 20% de los ataques a periodistas en Twitter en Brasil, seg\u00fan estudio - LatAm Journalism Review","isPartOf":{"@id":"https:\/\/latamjournalismreview.org\/es\/#website"},"primaryImageOfPage":{"@id":"https:\/\/latamjournalismreview.org\/es\/articles\/perfiles-automatizados-representan-el-20-de-los-ataques-a-periodistas-en-twitter-en-brasil-segun-estudio\/#primaryimage"},"image":{"@id":"https:\/\/latamjournalismreview.org\/es\/articles\/perfiles-automatizados-representan-el-20-de-los-ataques-a-periodistas-en-twitter-en-brasil-segun-estudio\/#primaryimage"},"thumbnailUrl":"https:\/\/latamjournalismreview.org\/wp-content\/uploads\/2021\/09\/Featured-500000-tweets-targeting-journalists.png","datePublished":"2021-09-28T19:56:53+00:00","dateModified":"2021-09-29T01:33:52+00:00","description":"Perfiles automatizados representan el 20% de los ataques a periodistas en Twitter en Brasil, seg\u00fan estudio Violencia contra periodistas. Latin American Journalism Review by The Knight Center at The University of Texas at Austin.","breadcrumb":{"@id":"https:\/\/latamjournalismreview.org\/es\/articles\/perfiles-automatizados-representan-el-20-de-los-ataques-a-periodistas-en-twitter-en-brasil-segun-estudio\/#breadcrumb"},"inLanguage":"es","potentialAction":[{"@type":"ReadAction","target":["https:\/\/latamjournalismreview.org\/es\/articles\/perfiles-automatizados-representan-el-20-de-los-ataques-a-periodistas-en-twitter-en-brasil-segun-estudio\/"]}]},{"@type":"ImageObject","inLanguage":"es","@id":"https:\/\/latamjournalismreview.org\/es\/articles\/perfiles-automatizados-representan-el-20-de-los-ataques-a-periodistas-en-twitter-en-brasil-segun-estudio\/#primaryimage","url":"https:\/\/latamjournalismreview.org\/wp-content\/uploads\/2021\/09\/Featured-500000-tweets-targeting-journalists.png","contentUrl":"https:\/\/latamjournalismreview.org\/wp-content\/uploads\/2021\/09\/Featured-500000-tweets-targeting-journalists.png","width":507,"height":340,"caption":"illustration of a hacker"},{"@type":"BreadcrumbList","@id":"https:\/\/latamjournalismreview.org\/es\/articles\/perfiles-automatizados-representan-el-20-de-los-ataques-a-periodistas-en-twitter-en-brasil-segun-estudio\/#breadcrumb","itemListElement":[{"@type":"ListItem","position":1,"name":"Home","item":"https:\/\/latamjournalismreview.org\/es\/"},{"@type":"ListItem","position":2,"name":"Perfiles automatizados representan el 20% de los ataques a periodistas en Twitter en Brasil, seg\u00fan estudio"}]},{"@type":"WebSite","@id":"https:\/\/latamjournalismreview.org\/es\/#website","url":"https:\/\/latamjournalismreview.org\/es\/","name":"LatAm Journalism Review","description":"Knight Center at The University of Texas","publisher":{"@id":"https:\/\/latamjournalismreview.org\/es\/#organization"},"potentialAction":[{"@type":"SearchAction","target":{"@type":"EntryPoint","urlTemplate":"https:\/\/latamjournalismreview.org\/es\/?s={search_term_string}"},"query-input":{"@type":"PropertyValueSpecification","valueRequired":true,"valueName":"search_term_string"}}],"inLanguage":"es"},{"@type":"Organization","@id":"https:\/\/latamjournalismreview.org\/es\/#organization","name":"LatAm Journalism Review","url":"https:\/\/latamjournalismreview.org\/es\/","logo":{"@type":"ImageObject","inLanguage":"es","@id":"https:\/\/latamjournalismreview.org\/es\/#\/schema\/logo\/image\/","url":"https:\/\/latamjournalismreview.org\/wp-content\/uploads\/2020\/05\/knight-latAm-review-logo.svg","contentUrl":"https:\/\/latamjournalismreview.org\/wp-content\/uploads\/2020\/05\/knight-latAm-review-logo.svg","width":"1024","height":"1024","caption":"LatAm Journalism Review"},"image":{"@id":"https:\/\/latamjournalismreview.org\/es\/#\/schema\/logo\/image\/"},"sameAs":["https:\/\/x.com\/LatAmJournalism"]},{"@type":"Person","@id":"https:\/\/latamjournalismreview.org\/es\/#\/schema\/person\/d9517de765982788cd8378b5a229e3dd","name":"J\u00falio Lubianco","description":"J\u00falio Lubianco studied journalism at Universidade Federal Fluminense (UFF). He began his career on the local desk at Jornal do Brasil, in 2003. He was a reporter, assignment editor and managing editor at R\u00e1dio CBN. He has a Master\u2019s degree in media and communication from the London School of Economics (LSE), with a scholarship from the Journalists of Vision program. He is a professor of journalism at PUC-Rio. He won the Imprensa Embratel award in 2007, the Alexandre Adler award in 2008, and is a two-time winner of the Tim Lopes Award for Investigative Journalism, in 2009 and 2014. J\u00falio Lubianco estudi\u00f3 periodismo en la Universidad Federal Fluminense (UFF). Comenz\u00f3 la carrera en 2003, en el diario Jornal do Brasil. Fue reportero, editor y editor ejecutivo en R\u00e1dio CBN. Hizo su maestr\u00eda en medios de comunicaci\u00f3n en London School of Economics (LSE), becado por el programa Jornalistas de Vis\u00e3o. Es profesor del curso de periodismo de PUC-Rio y es presentador del podcast de BRIO, que trata sobre periodismo, carrera, mercado y tecnolog\u00eda. Gan\u00f3 los premios Imprensa Embratel (2007), Alexandre Adler (2008), y en dos oportunidades el Tim Lopes de Periodismo Investigativo (2009 y 2014). J\u00falio Lubianco estudou jornalismo na Universidade Federal Fluminense (UFF). Come\u00e7ou a carreira em 2003, no caderno Cidade do Jornal do Brasil. Foi rep\u00f3rter, chefe de reportagem e gerente de jornalismo na R\u00e1dio CBN. Fez mestrado em m\u00eddia e comunica\u00e7\u00e3o na London School of Economics (LSE), com bolsa do programa Jornalistas de Vis\u00e3o. \u00c9 professor do curso de jornalismo da PUC-Rio e apresenta o podcast do BRIO, que discute jornalismo, carreira, mercado e tecnologia. Venceu os pr\u00eamios Imprensa Embratel, em 2007, o Alexandre Adler, em 2008, e duas vezes o Tim Lopes de Jornalismo Investigativo, em 2009 e 2014.","sameAs":["https:\/\/www.linkedin.com\/in\/julio-lubianco\/","https:\/\/x.com\/jlubianco"],"url":"https:\/\/latamjournalismreview.org\/es\/articles\/author\/julio-lubianco\/"}]}},"_links":{"self":[{"href":"https:\/\/latamjournalismreview.org\/es\/wp-json\/wp\/v2\/posts\/34291","targetHints":{"allow":["GET"]}}],"collection":[{"href":"https:\/\/latamjournalismreview.org\/es\/wp-json\/wp\/v2\/posts"}],"about":[{"href":"https:\/\/latamjournalismreview.org\/es\/wp-json\/wp\/v2\/types\/post"}],"author":[{"embeddable":true,"href":"https:\/\/latamjournalismreview.org\/es\/wp-json\/wp\/v2\/users\/5"}],"replies":[{"embeddable":true,"href":"https:\/\/latamjournalismreview.org\/es\/wp-json\/wp\/v2\/comments?post=34291"}],"version-history":[{"count":8,"href":"https:\/\/latamjournalismreview.org\/es\/wp-json\/wp\/v2\/posts\/34291\/revisions"}],"predecessor-version":[{"id":34481,"href":"https:\/\/latamjournalismreview.org\/es\/wp-json\/wp\/v2\/posts\/34291\/revisions\/34481"}],"wp:featuredmedia":[{"embeddable":true,"href":"https:\/\/latamjournalismreview.org\/es\/wp-json\/wp\/v2\/media\/33425"}],"wp:attachment":[{"href":"https:\/\/latamjournalismreview.org\/es\/wp-json\/wp\/v2\/media?parent=34291"}],"wp:term":[{"taxonomy":"category","embeddable":true,"href":"https:\/\/latamjournalismreview.org\/es\/wp-json\/wp\/v2\/categories?post=34291"},{"taxonomy":"post_tag","embeddable":true,"href":"https:\/\/latamjournalismreview.org\/es\/wp-json\/wp\/v2\/tags?post=34291"},{"taxonomy":"author","embeddable":true,"href":"https:\/\/latamjournalismreview.org\/es\/wp-json\/wp\/v2\/coauthors?post=34291"}],"curies":[{"name":"wp","href":"https:\/\/api.w.org\/{rel}","templated":true}]}}