{"id":34496,"date":"2012-11-08T13:09:29","date_gmt":"2012-11-08T18:09:29","guid":{"rendered":"https:\/\/latamjournalismreview.org\/?p=34496"},"modified":"2021-09-28T20:47:18","modified_gmt":"2021-09-29T01:47:18","slug":"entra-en-vigor-ley-en-costa-rica-que-castiga-con-carcel-la-publicacion-de-secretos-politicos","status":"publish","type":"post","link":"https:\/\/latamjournalismreview.org\/es\/articles\/entra-en-vigor-ley-en-costa-rica-que-castiga-con-carcel-la-publicacion-de-secretos-politicos\/","title":{"rendered":"Entra en vigor ley en Costa Rica que castiga con c\u00e1rcel la publicaci\u00f3n de 'secretos pol\u00edticos'"},"content":{"rendered":"<p>A pesar de la <a href=\"http:\/\/knightcenter.utexas.edu\/es\/blog\/00-10768-nueva-ley-en-costa-rica-impone-carcel-periodistas-que-revelen-secretos-politicos\" target=\"_blank\" rel=\"noopener\">oposici\u00f3n de organizaciones period\u00edsticas<\/a>, la Presidencia de <a href=\"http:\/\/www.elpais.cr\/frontend\/noticia_detalle\/1\/74648\" target=\"_blank\" rel=\"noopener\">Costa Rica public\u00f3 la entrada en vigor de una ley que castiga con hasta 10 a\u00f1os de prisi\u00f3n a periodistas y ciudadanos que difundan \u201csecretos pol\u00edticos\u201d<\/a>, seg\u00fan inform\u00f3 el diario El Pa\u00eds de Costa Rica el mi\u00e9rcoles 7 de noviembre.<\/p>\n<p>La nueva ley reforma varios art\u00edculos del C\u00f3digo Penal sobre delitos inform\u00e1ticos para <a href=\"http:\/\/noticias.lainformacion.com\/politica\/gobierno\/la-prensa-de-costa-rica-critica-la-vigencia-de-una-ley-mordaza_Y6wJElY3DWkNTyJB46uCR6\/\" target=\"_blank\" rel=\"noopener\">castigar la obtenci\u00f3n indebida de \u201cinformaci\u00f3n secreta\u201d<\/a>, seg\u00fan inform\u00f3 la agencia EFE. De acuerdo con el diario TicoVisi\u00f3n, varios <a href=\"http:\/\/www.ticovision.com\/cgi-bin\/index.cgi?action=viewnews&amp;id=11334\" target=\"_blank\" rel=\"noopener\">esc\u00e1ndalos de corrupci\u00f3n han sido descubiertos a trav\u00e9s del uso de c\u00e1maras ocultas<\/a>.<\/p>\n<p>El <a href=\"http:\/\/www.nacion.com\/2012-11-08\/ElPais\/Colegio-de-Periodistas-anuncia-batalla-contra-ley-que-restringe-acceso-a--informacion-secreta-politica-.aspx?utm_source=dlvr.it&amp;utm_medium=twitter&amp;utm_campaign=RSS_Syndication\" target=\"_blank\" rel=\"noopener\">Colegio de Periodistas de Costa Rica solicit\u00f3 interponer un recurso de inconstitucionalidad<\/a> contra la reforma penal que supone la <a href=\"http:\/\/www.colper.or.cr\/app\/cms\/www\/index.php?id_menu=172\" target=\"_blank\" rel=\"noopener\">Ley de Delitos Inform\u00e1ticos<\/a>, report\u00f3 el diario La Naci\u00f3n.<\/p>\n<p><em>Nota del editor: Esta historia fue publicada originalmente en el blog Periodismo en las Am\u00e9ricas del Centro Knight, el predecesor de LatAm Journalism Review.<\/em><\/p>\n","protected":false},"excerpt":{"rendered":"<p>A pesar de la oposici\u00f3n de organizaciones period\u00edsticas, la Presidencia de Costa Rica public\u00f3 la entrada en vigor de una ley que castiga con hasta 10 a\u00f1os de prisi\u00f3n a periodistas y ciudadanos que difundan \u201csecretos pol\u00edticos\u201d.<\/p>\n","protected":false},"author":40,"featured_media":0,"comment_status":"closed","ping_status":"closed","sticky":false,"template":"","format":"standard","meta":{"inline_featured_image":false,"footnotes":""},"categories":[1220],"tags":[1422,1543,2039,1483],"coauthors":[],"class_list":["post-34496","post","type-post","status-publish","format-standard","hentry","category-libertad-de-prensa-es","tag-acceso-a-la-informacion-es","tag-corrupcion-es","tag-costa-rica-es","tag-legislacion-es"],"acf":[],"yoast_head":"<!-- This site is optimized with the Yoast SEO Premium plugin v22.6 (Yoast SEO v27.4) - https:\/\/yoast.com\/product\/yoast-seo-premium-wordpress\/ -->\n<title>Entra en vigor ley en Costa Rica que castiga con c\u00e1rcel la publicaci\u00f3n de &#039;secretos pol\u00edticos&#039; - LatAm Journalism Review<\/title>\n<meta name=\"description\" content=\"Entra en vigor ley en Costa Rica que castiga con c\u00e1rcel la publicaci\u00f3n de &#039;secretos pol\u00edticos&#039; Libertad de prensa. Latin American Journalism Review by The Knight Center at The University of Texas at Austin.\" \/>\n<meta name=\"robots\" content=\"index, follow, max-snippet:-1, max-image-preview:large, max-video-preview:-1\" \/>\n<link rel=\"canonical\" href=\"https:\/\/latamjournalismreview.org\/es\/articles\/entra-en-vigor-ley-en-costa-rica-que-castiga-con-carcel-la-publicacion-de-secretos-politicos\/\" \/>\n<meta property=\"og:locale\" content=\"es_ES\" \/>\n<meta property=\"og:type\" content=\"article\" \/>\n<meta property=\"og:title\" content=\"Entra en vigor ley en Costa Rica que castiga con c\u00e1rcel la publicaci\u00f3n de &#039;secretos pol\u00edticos&#039;\" \/>\n<meta property=\"og:description\" content=\"Entra en vigor ley en Costa Rica que castiga con c\u00e1rcel la publicaci\u00f3n de &#039;secretos pol\u00edticos&#039; Libertad de prensa. Latin American Journalism Review by The Knight Center at The University of Texas at Austin.\" \/>\n<meta property=\"og:url\" content=\"https:\/\/latamjournalismreview.org\/es\/articles\/entra-en-vigor-ley-en-costa-rica-que-castiga-con-carcel-la-publicacion-de-secretos-politicos\/\" \/>\n<meta property=\"og:site_name\" content=\"LatAm Journalism Review\" \/>\n<meta property=\"article:published_time\" content=\"2012-11-08T18:09:29+00:00\" \/>\n<meta property=\"article:modified_time\" content=\"2021-09-29T01:47:18+00:00\" \/>\n<meta name=\"author\" content=\"Tania Lara\" \/>\n<meta name=\"twitter:card\" content=\"summary_large_image\" \/>\n<meta name=\"twitter:creator\" content=\"@LatAmJournalism\" \/>\n<meta name=\"twitter:site\" content=\"@LatAmJournalism\" \/>\n<meta name=\"twitter:label1\" content=\"Written by\" \/>\n\t<meta name=\"twitter:data1\" content=\"Tania Lara\" \/>\n\t<meta name=\"twitter:label2\" content=\"Est. reading time\" \/>\n\t<meta name=\"twitter:data2\" content=\"1 minuto\" \/>\n<script type=\"application\/ld+json\" class=\"yoast-schema-graph\">{\"@context\":\"https:\\\/\\\/schema.org\",\"@graph\":[{\"@type\":\"Article\",\"@id\":\"https:\\\/\\\/latamjournalismreview.org\\\/es\\\/articles\\\/entra-en-vigor-ley-en-costa-rica-que-castiga-con-carcel-la-publicacion-de-secretos-politicos\\\/#article\",\"isPartOf\":{\"@id\":\"https:\\\/\\\/latamjournalismreview.org\\\/es\\\/articles\\\/entra-en-vigor-ley-en-costa-rica-que-castiga-con-carcel-la-publicacion-de-secretos-politicos\\\/\"},\"author\":{\"name\":\"Tania Lara\",\"@id\":\"https:\\\/\\\/latamjournalismreview.org\\\/es\\\/#\\\/schema\\\/person\\\/51558925140f21242c6ed2d20b8260c5\"},\"headline\":\"Entra en vigor ley en Costa Rica que castiga con c\u00e1rcel la publicaci\u00f3n de 'secretos pol\u00edticos'\",\"datePublished\":\"2012-11-08T18:09:29+00:00\",\"dateModified\":\"2021-09-29T01:47:18+00:00\",\"mainEntityOfPage\":{\"@id\":\"https:\\\/\\\/latamjournalismreview.org\\\/es\\\/articles\\\/entra-en-vigor-ley-en-costa-rica-que-castiga-con-carcel-la-publicacion-de-secretos-politicos\\\/\"},\"wordCount\":188,\"publisher\":{\"@id\":\"https:\\\/\\\/latamjournalismreview.org\\\/es\\\/#organization\"},\"keywords\":[\"Acceso a la informaci\u00f3n\",\"Corrupci\u00f3n\",\"Costa Rica\",\"Legislaci\u00f3n\"],\"articleSection\":[\"Libertad de prensa\"],\"inLanguage\":\"es\"},{\"@type\":\"WebPage\",\"@id\":\"https:\\\/\\\/latamjournalismreview.org\\\/es\\\/articles\\\/entra-en-vigor-ley-en-costa-rica-que-castiga-con-carcel-la-publicacion-de-secretos-politicos\\\/\",\"url\":\"https:\\\/\\\/latamjournalismreview.org\\\/es\\\/articles\\\/entra-en-vigor-ley-en-costa-rica-que-castiga-con-carcel-la-publicacion-de-secretos-politicos\\\/\",\"name\":\"Entra en vigor ley en Costa Rica que castiga con c\u00e1rcel la publicaci\u00f3n de 'secretos pol\u00edticos' - LatAm Journalism Review\",\"isPartOf\":{\"@id\":\"https:\\\/\\\/latamjournalismreview.org\\\/es\\\/#website\"},\"datePublished\":\"2012-11-08T18:09:29+00:00\",\"dateModified\":\"2021-09-29T01:47:18+00:00\",\"description\":\"Entra en vigor ley en Costa Rica que castiga con c\u00e1rcel la publicaci\u00f3n de 'secretos pol\u00edticos' Libertad de prensa. Latin American Journalism Review by The Knight Center at The University of Texas at Austin.\",\"breadcrumb\":{\"@id\":\"https:\\\/\\\/latamjournalismreview.org\\\/es\\\/articles\\\/entra-en-vigor-ley-en-costa-rica-que-castiga-con-carcel-la-publicacion-de-secretos-politicos\\\/#breadcrumb\"},\"inLanguage\":\"es\",\"potentialAction\":[{\"@type\":\"ReadAction\",\"target\":[\"https:\\\/\\\/latamjournalismreview.org\\\/es\\\/articles\\\/entra-en-vigor-ley-en-costa-rica-que-castiga-con-carcel-la-publicacion-de-secretos-politicos\\\/\"]}]},{\"@type\":\"BreadcrumbList\",\"@id\":\"https:\\\/\\\/latamjournalismreview.org\\\/es\\\/articles\\\/entra-en-vigor-ley-en-costa-rica-que-castiga-con-carcel-la-publicacion-de-secretos-politicos\\\/#breadcrumb\",\"itemListElement\":[{\"@type\":\"ListItem\",\"position\":1,\"name\":\"Home\",\"item\":\"https:\\\/\\\/latamjournalismreview.org\\\/es\\\/\"},{\"@type\":\"ListItem\",\"position\":2,\"name\":\"Entra en vigor ley en Costa Rica que castiga con c\u00e1rcel la publicaci\u00f3n de 'secretos pol\u00edticos'\"}]},{\"@type\":\"WebSite\",\"@id\":\"https:\\\/\\\/latamjournalismreview.org\\\/es\\\/#website\",\"url\":\"https:\\\/\\\/latamjournalismreview.org\\\/es\\\/\",\"name\":\"LatAm Journalism Review\",\"description\":\"Knight Center at The University of Texas\",\"publisher\":{\"@id\":\"https:\\\/\\\/latamjournalismreview.org\\\/es\\\/#organization\"},\"potentialAction\":[{\"@type\":\"SearchAction\",\"target\":{\"@type\":\"EntryPoint\",\"urlTemplate\":\"https:\\\/\\\/latamjournalismreview.org\\\/es\\\/?s={search_term_string}\"},\"query-input\":{\"@type\":\"PropertyValueSpecification\",\"valueRequired\":true,\"valueName\":\"search_term_string\"}}],\"inLanguage\":\"es\"},{\"@type\":\"Organization\",\"@id\":\"https:\\\/\\\/latamjournalismreview.org\\\/es\\\/#organization\",\"name\":\"LatAm Journalism Review\",\"url\":\"https:\\\/\\\/latamjournalismreview.org\\\/es\\\/\",\"logo\":{\"@type\":\"ImageObject\",\"inLanguage\":\"es\",\"@id\":\"https:\\\/\\\/latamjournalismreview.org\\\/es\\\/#\\\/schema\\\/logo\\\/image\\\/\",\"url\":\"https:\\\/\\\/latamjournalismreview.org\\\/wp-content\\\/uploads\\\/2020\\\/05\\\/knight-latAm-review-logo.svg\",\"contentUrl\":\"https:\\\/\\\/latamjournalismreview.org\\\/wp-content\\\/uploads\\\/2020\\\/05\\\/knight-latAm-review-logo.svg\",\"width\":\"1024\",\"height\":\"1024\",\"caption\":\"LatAm Journalism Review\"},\"image\":{\"@id\":\"https:\\\/\\\/latamjournalismreview.org\\\/es\\\/#\\\/schema\\\/logo\\\/image\\\/\"},\"sameAs\":[\"https:\\\/\\\/x.com\\\/LatAmJournalism\"]},{\"@type\":\"Person\",\"@id\":\"https:\\\/\\\/latamjournalismreview.org\\\/es\\\/#\\\/schema\\\/person\\\/51558925140f21242c6ed2d20b8260c5\",\"name\":\"Tania Lara\",\"url\":\"https:\\\/\\\/latamjournalismreview.org\\\/es\\\/articles\\\/author\\\/tania-lara\\\/\"}]}<\/script>\n<!-- \/ Yoast SEO Premium plugin. -->","yoast_head_json":{"title":"Entra en vigor ley en Costa Rica que castiga con c\u00e1rcel la publicaci\u00f3n de 'secretos pol\u00edticos' - LatAm Journalism Review","description":"Entra en vigor ley en Costa Rica que castiga con c\u00e1rcel la publicaci\u00f3n de 'secretos pol\u00edticos' Libertad de prensa. Latin American Journalism Review by The Knight Center at The University of Texas at Austin.","robots":{"index":"index","follow":"follow","max-snippet":"max-snippet:-1","max-image-preview":"max-image-preview:large","max-video-preview":"max-video-preview:-1"},"canonical":"https:\/\/latamjournalismreview.org\/es\/articles\/entra-en-vigor-ley-en-costa-rica-que-castiga-con-carcel-la-publicacion-de-secretos-politicos\/","og_locale":"es_ES","og_type":"article","og_title":"Entra en vigor ley en Costa Rica que castiga con c\u00e1rcel la publicaci\u00f3n de 'secretos pol\u00edticos'","og_description":"Entra en vigor ley en Costa Rica que castiga con c\u00e1rcel la publicaci\u00f3n de 'secretos pol\u00edticos' Libertad de prensa. Latin American Journalism Review by The Knight Center at The University of Texas at Austin.","og_url":"https:\/\/latamjournalismreview.org\/es\/articles\/entra-en-vigor-ley-en-costa-rica-que-castiga-con-carcel-la-publicacion-de-secretos-politicos\/","og_site_name":"LatAm Journalism Review","article_published_time":"2012-11-08T18:09:29+00:00","article_modified_time":"2021-09-29T01:47:18+00:00","author":"Tania Lara","twitter_card":"summary_large_image","twitter_creator":"@LatAmJournalism","twitter_site":"@LatAmJournalism","twitter_misc":{"Written by":"Tania Lara","Est. reading time":"1 minuto"},"schema":{"@context":"https:\/\/schema.org","@graph":[{"@type":"Article","@id":"https:\/\/latamjournalismreview.org\/es\/articles\/entra-en-vigor-ley-en-costa-rica-que-castiga-con-carcel-la-publicacion-de-secretos-politicos\/#article","isPartOf":{"@id":"https:\/\/latamjournalismreview.org\/es\/articles\/entra-en-vigor-ley-en-costa-rica-que-castiga-con-carcel-la-publicacion-de-secretos-politicos\/"},"author":{"name":"Tania Lara","@id":"https:\/\/latamjournalismreview.org\/es\/#\/schema\/person\/51558925140f21242c6ed2d20b8260c5"},"headline":"Entra en vigor ley en Costa Rica que castiga con c\u00e1rcel la publicaci\u00f3n de 'secretos pol\u00edticos'","datePublished":"2012-11-08T18:09:29+00:00","dateModified":"2021-09-29T01:47:18+00:00","mainEntityOfPage":{"@id":"https:\/\/latamjournalismreview.org\/es\/articles\/entra-en-vigor-ley-en-costa-rica-que-castiga-con-carcel-la-publicacion-de-secretos-politicos\/"},"wordCount":188,"publisher":{"@id":"https:\/\/latamjournalismreview.org\/es\/#organization"},"keywords":["Acceso a la informaci\u00f3n","Corrupci\u00f3n","Costa Rica","Legislaci\u00f3n"],"articleSection":["Libertad de prensa"],"inLanguage":"es"},{"@type":"WebPage","@id":"https:\/\/latamjournalismreview.org\/es\/articles\/entra-en-vigor-ley-en-costa-rica-que-castiga-con-carcel-la-publicacion-de-secretos-politicos\/","url":"https:\/\/latamjournalismreview.org\/es\/articles\/entra-en-vigor-ley-en-costa-rica-que-castiga-con-carcel-la-publicacion-de-secretos-politicos\/","name":"Entra en vigor ley en Costa Rica que castiga con c\u00e1rcel la publicaci\u00f3n de 'secretos pol\u00edticos' - LatAm Journalism Review","isPartOf":{"@id":"https:\/\/latamjournalismreview.org\/es\/#website"},"datePublished":"2012-11-08T18:09:29+00:00","dateModified":"2021-09-29T01:47:18+00:00","description":"Entra en vigor ley en Costa Rica que castiga con c\u00e1rcel la publicaci\u00f3n de 'secretos pol\u00edticos' Libertad de prensa. Latin American Journalism Review by The Knight Center at The University of Texas at Austin.","breadcrumb":{"@id":"https:\/\/latamjournalismreview.org\/es\/articles\/entra-en-vigor-ley-en-costa-rica-que-castiga-con-carcel-la-publicacion-de-secretos-politicos\/#breadcrumb"},"inLanguage":"es","potentialAction":[{"@type":"ReadAction","target":["https:\/\/latamjournalismreview.org\/es\/articles\/entra-en-vigor-ley-en-costa-rica-que-castiga-con-carcel-la-publicacion-de-secretos-politicos\/"]}]},{"@type":"BreadcrumbList","@id":"https:\/\/latamjournalismreview.org\/es\/articles\/entra-en-vigor-ley-en-costa-rica-que-castiga-con-carcel-la-publicacion-de-secretos-politicos\/#breadcrumb","itemListElement":[{"@type":"ListItem","position":1,"name":"Home","item":"https:\/\/latamjournalismreview.org\/es\/"},{"@type":"ListItem","position":2,"name":"Entra en vigor ley en Costa Rica que castiga con c\u00e1rcel la publicaci\u00f3n de 'secretos pol\u00edticos'"}]},{"@type":"WebSite","@id":"https:\/\/latamjournalismreview.org\/es\/#website","url":"https:\/\/latamjournalismreview.org\/es\/","name":"LatAm Journalism Review","description":"Knight Center at The University of Texas","publisher":{"@id":"https:\/\/latamjournalismreview.org\/es\/#organization"},"potentialAction":[{"@type":"SearchAction","target":{"@type":"EntryPoint","urlTemplate":"https:\/\/latamjournalismreview.org\/es\/?s={search_term_string}"},"query-input":{"@type":"PropertyValueSpecification","valueRequired":true,"valueName":"search_term_string"}}],"inLanguage":"es"},{"@type":"Organization","@id":"https:\/\/latamjournalismreview.org\/es\/#organization","name":"LatAm Journalism Review","url":"https:\/\/latamjournalismreview.org\/es\/","logo":{"@type":"ImageObject","inLanguage":"es","@id":"https:\/\/latamjournalismreview.org\/es\/#\/schema\/logo\/image\/","url":"https:\/\/latamjournalismreview.org\/wp-content\/uploads\/2020\/05\/knight-latAm-review-logo.svg","contentUrl":"https:\/\/latamjournalismreview.org\/wp-content\/uploads\/2020\/05\/knight-latAm-review-logo.svg","width":"1024","height":"1024","caption":"LatAm Journalism Review"},"image":{"@id":"https:\/\/latamjournalismreview.org\/es\/#\/schema\/logo\/image\/"},"sameAs":["https:\/\/x.com\/LatAmJournalism"]},{"@type":"Person","@id":"https:\/\/latamjournalismreview.org\/es\/#\/schema\/person\/51558925140f21242c6ed2d20b8260c5","name":"Tania Lara","url":"https:\/\/latamjournalismreview.org\/es\/articles\/author\/tania-lara\/"}]}},"_links":{"self":[{"href":"https:\/\/latamjournalismreview.org\/es\/wp-json\/wp\/v2\/posts\/34496","targetHints":{"allow":["GET"]}}],"collection":[{"href":"https:\/\/latamjournalismreview.org\/es\/wp-json\/wp\/v2\/posts"}],"about":[{"href":"https:\/\/latamjournalismreview.org\/es\/wp-json\/wp\/v2\/types\/post"}],"author":[{"embeddable":true,"href":"https:\/\/latamjournalismreview.org\/es\/wp-json\/wp\/v2\/users\/40"}],"replies":[{"embeddable":true,"href":"https:\/\/latamjournalismreview.org\/es\/wp-json\/wp\/v2\/comments?post=34496"}],"version-history":[{"count":1,"href":"https:\/\/latamjournalismreview.org\/es\/wp-json\/wp\/v2\/posts\/34496\/revisions"}],"predecessor-version":[{"id":34497,"href":"https:\/\/latamjournalismreview.org\/es\/wp-json\/wp\/v2\/posts\/34496\/revisions\/34497"}],"wp:attachment":[{"href":"https:\/\/latamjournalismreview.org\/es\/wp-json\/wp\/v2\/media?parent=34496"}],"wp:term":[{"taxonomy":"category","embeddable":true,"href":"https:\/\/latamjournalismreview.org\/es\/wp-json\/wp\/v2\/categories?post=34496"},{"taxonomy":"post_tag","embeddable":true,"href":"https:\/\/latamjournalismreview.org\/es\/wp-json\/wp\/v2\/tags?post=34496"},{"taxonomy":"author","embeddable":true,"href":"https:\/\/latamjournalismreview.org\/es\/wp-json\/wp\/v2\/coauthors?post=34496"}],"curies":[{"name":"wp","href":"https:\/\/api.w.org\/{rel}","templated":true}]}}