{"id":34645,"date":"2012-12-12T14:44:14","date_gmt":"2012-12-12T19:44:14","guid":{"rendered":"https:\/\/latamjournalismreview.org\/?p=34645"},"modified":"2021-09-29T14:45:21","modified_gmt":"2021-09-29T19:45:21","slug":"organizacion-periodistica-de-honduras-denuncia-censura-de-spot-radial-sobre-diversidad-en-espectro-radioelectrico","status":"publish","type":"post","link":"https:\/\/latamjournalismreview.org\/es\/articles\/organizacion-periodistica-de-honduras-denuncia-censura-de-spot-radial-sobre-diversidad-en-espectro-radioelectrico\/","title":{"rendered":"Organizaci\u00f3n period\u00edstica de Honduras denuncia \"censura\" de spot radial sobre diversidad en espectro radioel\u00e9ctrico"},"content":{"rendered":"<p><em>Por Alejandro Mart\u00ednez<\/em><\/p>\n<p>El Comit\u00e9 por la Libre Expresi\u00f3n, o C-Libre, denunci\u00f3 el martes que una empresa radial de Honduras\u00a0<a href=\"http:\/\/clibrehonduras.com\/main\/noticias\/audio-video-censura-pauta-publicitaria-por-la-democratizaci%C3%B3n-del-espectro-radioel%C3%A9ctrico\">censur\u00f3 sin explicaci\u00f3n<\/a>\u00a0un spot que la organizaci\u00f3n hab\u00eda contratado para instar a la democratizaci\u00f3n del espectro radioel\u00e9ctrico.<\/p>\n<p>Seg\u00fan Conexihon, la empresa Audio Video \u2013 la cual opera alrededor de 60 frecuencias de radio, seg\u00fan el medio \u2013 le inform\u00f3 a C-Libre por correo electr\u00f3nico la decisi\u00f3n de\u00a0<a href=\"http:\/\/conexihon.info\/site\/rss\/ultimas-noticias\">no difundir el spot<\/a>\u00a0en su estaci\u00f3n m\u00e1s importante,\u00a0<a href=\"http:\/\/radioamericahn.net\/\">Radio Am\u00e9rica<\/a>. C-Libre dijo que el documento no expon\u00eda los motivos de la decisi\u00f3n pero agreg\u00f3 que \u00a0fue tomada por un productor del grupo radial \u201cen un acto claro de censura a la libertad de expresi\u00f3n e informaci\u00f3n\u201d.<\/p>\n<p>El mensaje en cuesti\u00f3n hac\u00eda un llamado a distribuir de manera m\u00e1s equitativa las concesiones del espectro del pa\u00eds, las cuales pertenecen en su mayor\u00eda a grupos empresariales, dijo C-Libre.<\/p>\n<p>\u201cEllo ha provocado que diversos sectores sociales sin \u00e1nimos de lucro tengan que rentar espacios informativos dentro de dichos medios de comunicaci\u00f3n y soportar todo tipo de agresiones a la libertad de expresi\u00f3n como los ocurridos durante el golpe de Estado de 2009,\u201d dijo la organizaci\u00f3n.<\/p>\n<p>C-Libre pidi\u00f3 que la asignaci\u00f3n de frecuencias de radio y televisi\u00f3n sea m\u00e1s inclusiva con los medios comunitarios y p\u00fablicos y subray\u00f3 la urgencia de una nueva ley de comunicaciones.<\/p>\n<p><em>Nota del editor: Esta historia fue publicada originalmente en el blog Periodismo en las Am\u00e9ricas del Centro Knight, el predecesor de LatAm Journalism Review.<\/em><\/p>\n","protected":false},"excerpt":{"rendered":"<p>El Comit\u00e9 por la Libre Expresi\u00f3n, o C-Libre, denunci\u00f3 el martes que una empresa radial de Honduras\u00a0censur\u00f3 sin explicaci\u00f3n\u00a0un spot que la organizaci\u00f3n hab\u00eda contratado para instar a la democratizaci\u00f3n del espectro radioel\u00e9ctrico.<\/p>\n","protected":false},"author":17,"featured_media":0,"comment_status":"closed","ping_status":"closed","sticky":false,"template":"","format":"standard","meta":{"inline_featured_image":false,"footnotes":""},"categories":[1227],"tags":[1404,1462,1431],"coauthors":[],"class_list":["post-34645","post","type-post","status-publish","format-standard","hentry","category-acceso-a-la-informacion-es","tag-censura-es","tag-honduras-es","tag-radio-y-tv-es"],"acf":[],"yoast_head":"<!-- This site is optimized with the Yoast SEO Premium plugin v22.6 (Yoast SEO v27.4) - https:\/\/yoast.com\/product\/yoast-seo-premium-wordpress\/ -->\n<title>Organizaci\u00f3n period\u00edstica de Honduras denuncia &quot;censura&quot; de spot radial sobre diversidad en espectro radioel\u00e9ctrico - LatAm Journalism Review<\/title>\n<meta name=\"description\" content=\"Organizaci\u00f3n period\u00edstica de Honduras denuncia &quot;censura&quot; de spot radial sobre diversidad en espectro radioel\u00e9ctrico Acceso a la Informaci\u00f3n. Latin American Journalism Review by The Knight Center at The University of Texas at Austin.\" \/>\n<meta name=\"robots\" content=\"index, follow, max-snippet:-1, max-image-preview:large, max-video-preview:-1\" \/>\n<link rel=\"canonical\" href=\"https:\/\/latamjournalismreview.org\/es\/articles\/organizacion-periodistica-de-honduras-denuncia-censura-de-spot-radial-sobre-diversidad-en-espectro-radioelectrico\/\" \/>\n<meta property=\"og:locale\" content=\"es_ES\" \/>\n<meta property=\"og:type\" content=\"article\" \/>\n<meta property=\"og:title\" content=\"Organizaci\u00f3n period\u00edstica de Honduras denuncia &quot;censura&quot; de spot radial sobre diversidad en espectro radioel\u00e9ctrico\" \/>\n<meta property=\"og:description\" content=\"Organizaci\u00f3n period\u00edstica de Honduras denuncia &quot;censura&quot; de spot radial sobre diversidad en espectro radioel\u00e9ctrico Acceso a la Informaci\u00f3n. Latin American Journalism Review by The Knight Center at The University of Texas at Austin.\" \/>\n<meta property=\"og:url\" content=\"https:\/\/latamjournalismreview.org\/es\/articles\/organizacion-periodistica-de-honduras-denuncia-censura-de-spot-radial-sobre-diversidad-en-espectro-radioelectrico\/\" \/>\n<meta property=\"og:site_name\" content=\"LatAm Journalism Review\" \/>\n<meta property=\"article:published_time\" content=\"2012-12-12T19:44:14+00:00\" \/>\n<meta property=\"article:modified_time\" content=\"2021-09-29T19:45:21+00:00\" \/>\n<meta name=\"author\" content=\"Guest\" \/>\n<meta name=\"twitter:card\" content=\"summary_large_image\" \/>\n<meta name=\"twitter:creator\" content=\"@LatAmJournalism\" \/>\n<meta name=\"twitter:site\" content=\"@LatAmJournalism\" \/>\n<meta name=\"twitter:label1\" content=\"Written by\" \/>\n\t<meta name=\"twitter:data1\" content=\"Guest\" \/>\n\t<meta name=\"twitter:label2\" content=\"Est. reading time\" \/>\n\t<meta name=\"twitter:data2\" content=\"1 minuto\" \/>\n<script type=\"application\/ld+json\" class=\"yoast-schema-graph\">{\"@context\":\"https:\\\/\\\/schema.org\",\"@graph\":[{\"@type\":\"Article\",\"@id\":\"https:\\\/\\\/latamjournalismreview.org\\\/es\\\/articles\\\/organizacion-periodistica-de-honduras-denuncia-censura-de-spot-radial-sobre-diversidad-en-espectro-radioelectrico\\\/#article\",\"isPartOf\":{\"@id\":\"https:\\\/\\\/latamjournalismreview.org\\\/es\\\/articles\\\/organizacion-periodistica-de-honduras-denuncia-censura-de-spot-radial-sobre-diversidad-en-espectro-radioelectrico\\\/\"},\"author\":{\"name\":\"Guest\",\"@id\":\"https:\\\/\\\/latamjournalismreview.org\\\/es\\\/#\\\/schema\\\/person\\\/0315202e0b3c0963a2440f1c3012c360\"},\"headline\":\"Organizaci\u00f3n period\u00edstica de Honduras denuncia \\\"censura\\\" de spot radial sobre diversidad en espectro radioel\u00e9ctrico\",\"datePublished\":\"2012-12-12T19:44:14+00:00\",\"dateModified\":\"2021-09-29T19:45:21+00:00\",\"mainEntityOfPage\":{\"@id\":\"https:\\\/\\\/latamjournalismreview.org\\\/es\\\/articles\\\/organizacion-periodistica-de-honduras-denuncia-censura-de-spot-radial-sobre-diversidad-en-espectro-radioelectrico\\\/\"},\"wordCount\":289,\"publisher\":{\"@id\":\"https:\\\/\\\/latamjournalismreview.org\\\/es\\\/#organization\"},\"keywords\":[\"Censura\",\"Honduras\",\"Radio y TV\"],\"articleSection\":[\"Acceso a la Informaci\u00f3n\"],\"inLanguage\":\"es\"},{\"@type\":\"WebPage\",\"@id\":\"https:\\\/\\\/latamjournalismreview.org\\\/es\\\/articles\\\/organizacion-periodistica-de-honduras-denuncia-censura-de-spot-radial-sobre-diversidad-en-espectro-radioelectrico\\\/\",\"url\":\"https:\\\/\\\/latamjournalismreview.org\\\/es\\\/articles\\\/organizacion-periodistica-de-honduras-denuncia-censura-de-spot-radial-sobre-diversidad-en-espectro-radioelectrico\\\/\",\"name\":\"Organizaci\u00f3n period\u00edstica de Honduras denuncia \\\"censura\\\" de spot radial sobre diversidad en espectro radioel\u00e9ctrico - LatAm Journalism Review\",\"isPartOf\":{\"@id\":\"https:\\\/\\\/latamjournalismreview.org\\\/es\\\/#website\"},\"datePublished\":\"2012-12-12T19:44:14+00:00\",\"dateModified\":\"2021-09-29T19:45:21+00:00\",\"description\":\"Organizaci\u00f3n period\u00edstica de Honduras denuncia \\\"censura\\\" de spot radial sobre diversidad en espectro radioel\u00e9ctrico Acceso a la Informaci\u00f3n. Latin American Journalism Review by The Knight Center at The University of Texas at Austin.\",\"breadcrumb\":{\"@id\":\"https:\\\/\\\/latamjournalismreview.org\\\/es\\\/articles\\\/organizacion-periodistica-de-honduras-denuncia-censura-de-spot-radial-sobre-diversidad-en-espectro-radioelectrico\\\/#breadcrumb\"},\"inLanguage\":\"es\",\"potentialAction\":[{\"@type\":\"ReadAction\",\"target\":[\"https:\\\/\\\/latamjournalismreview.org\\\/es\\\/articles\\\/organizacion-periodistica-de-honduras-denuncia-censura-de-spot-radial-sobre-diversidad-en-espectro-radioelectrico\\\/\"]}]},{\"@type\":\"BreadcrumbList\",\"@id\":\"https:\\\/\\\/latamjournalismreview.org\\\/es\\\/articles\\\/organizacion-periodistica-de-honduras-denuncia-censura-de-spot-radial-sobre-diversidad-en-espectro-radioelectrico\\\/#breadcrumb\",\"itemListElement\":[{\"@type\":\"ListItem\",\"position\":1,\"name\":\"Home\",\"item\":\"https:\\\/\\\/latamjournalismreview.org\\\/es\\\/\"},{\"@type\":\"ListItem\",\"position\":2,\"name\":\"Organizaci\u00f3n period\u00edstica de Honduras denuncia \\\"censura\\\" de spot radial sobre diversidad en espectro radioel\u00e9ctrico\"}]},{\"@type\":\"WebSite\",\"@id\":\"https:\\\/\\\/latamjournalismreview.org\\\/es\\\/#website\",\"url\":\"https:\\\/\\\/latamjournalismreview.org\\\/es\\\/\",\"name\":\"LatAm Journalism Review\",\"description\":\"Knight Center at The University of Texas\",\"publisher\":{\"@id\":\"https:\\\/\\\/latamjournalismreview.org\\\/es\\\/#organization\"},\"potentialAction\":[{\"@type\":\"SearchAction\",\"target\":{\"@type\":\"EntryPoint\",\"urlTemplate\":\"https:\\\/\\\/latamjournalismreview.org\\\/es\\\/?s={search_term_string}\"},\"query-input\":{\"@type\":\"PropertyValueSpecification\",\"valueRequired\":true,\"valueName\":\"search_term_string\"}}],\"inLanguage\":\"es\"},{\"@type\":\"Organization\",\"@id\":\"https:\\\/\\\/latamjournalismreview.org\\\/es\\\/#organization\",\"name\":\"LatAm Journalism Review\",\"url\":\"https:\\\/\\\/latamjournalismreview.org\\\/es\\\/\",\"logo\":{\"@type\":\"ImageObject\",\"inLanguage\":\"es\",\"@id\":\"https:\\\/\\\/latamjournalismreview.org\\\/es\\\/#\\\/schema\\\/logo\\\/image\\\/\",\"url\":\"https:\\\/\\\/latamjournalismreview.org\\\/wp-content\\\/uploads\\\/2020\\\/05\\\/knight-latAm-review-logo.svg\",\"contentUrl\":\"https:\\\/\\\/latamjournalismreview.org\\\/wp-content\\\/uploads\\\/2020\\\/05\\\/knight-latAm-review-logo.svg\",\"width\":\"1024\",\"height\":\"1024\",\"caption\":\"LatAm Journalism Review\"},\"image\":{\"@id\":\"https:\\\/\\\/latamjournalismreview.org\\\/es\\\/#\\\/schema\\\/logo\\\/image\\\/\"},\"sameAs\":[\"https:\\\/\\\/x.com\\\/LatAmJournalism\"]},{\"@type\":\"Person\",\"@id\":\"https:\\\/\\\/latamjournalismreview.org\\\/es\\\/#\\\/schema\\\/person\\\/0315202e0b3c0963a2440f1c3012c360\",\"name\":\"Guest\",\"url\":\"https:\\\/\\\/latamjournalismreview.org\\\/es\\\/articles\\\/author\\\/guest\\\/\"}]}<\/script>\n<!-- \/ Yoast SEO Premium plugin. -->","yoast_head_json":{"title":"Organizaci\u00f3n period\u00edstica de Honduras denuncia \"censura\" de spot radial sobre diversidad en espectro radioel\u00e9ctrico - LatAm Journalism Review","description":"Organizaci\u00f3n period\u00edstica de Honduras denuncia \"censura\" de spot radial sobre diversidad en espectro radioel\u00e9ctrico Acceso a la Informaci\u00f3n. Latin American Journalism Review by The Knight Center at The University of Texas at Austin.","robots":{"index":"index","follow":"follow","max-snippet":"max-snippet:-1","max-image-preview":"max-image-preview:large","max-video-preview":"max-video-preview:-1"},"canonical":"https:\/\/latamjournalismreview.org\/es\/articles\/organizacion-periodistica-de-honduras-denuncia-censura-de-spot-radial-sobre-diversidad-en-espectro-radioelectrico\/","og_locale":"es_ES","og_type":"article","og_title":"Organizaci\u00f3n period\u00edstica de Honduras denuncia \"censura\" de spot radial sobre diversidad en espectro radioel\u00e9ctrico","og_description":"Organizaci\u00f3n period\u00edstica de Honduras denuncia \"censura\" de spot radial sobre diversidad en espectro radioel\u00e9ctrico Acceso a la Informaci\u00f3n. Latin American Journalism Review by The Knight Center at The University of Texas at Austin.","og_url":"https:\/\/latamjournalismreview.org\/es\/articles\/organizacion-periodistica-de-honduras-denuncia-censura-de-spot-radial-sobre-diversidad-en-espectro-radioelectrico\/","og_site_name":"LatAm Journalism Review","article_published_time":"2012-12-12T19:44:14+00:00","article_modified_time":"2021-09-29T19:45:21+00:00","author":"Guest","twitter_card":"summary_large_image","twitter_creator":"@LatAmJournalism","twitter_site":"@LatAmJournalism","twitter_misc":{"Written by":"Guest","Est. reading time":"1 minuto"},"schema":{"@context":"https:\/\/schema.org","@graph":[{"@type":"Article","@id":"https:\/\/latamjournalismreview.org\/es\/articles\/organizacion-periodistica-de-honduras-denuncia-censura-de-spot-radial-sobre-diversidad-en-espectro-radioelectrico\/#article","isPartOf":{"@id":"https:\/\/latamjournalismreview.org\/es\/articles\/organizacion-periodistica-de-honduras-denuncia-censura-de-spot-radial-sobre-diversidad-en-espectro-radioelectrico\/"},"author":{"name":"Guest","@id":"https:\/\/latamjournalismreview.org\/es\/#\/schema\/person\/0315202e0b3c0963a2440f1c3012c360"},"headline":"Organizaci\u00f3n period\u00edstica de Honduras denuncia \"censura\" de spot radial sobre diversidad en espectro radioel\u00e9ctrico","datePublished":"2012-12-12T19:44:14+00:00","dateModified":"2021-09-29T19:45:21+00:00","mainEntityOfPage":{"@id":"https:\/\/latamjournalismreview.org\/es\/articles\/organizacion-periodistica-de-honduras-denuncia-censura-de-spot-radial-sobre-diversidad-en-espectro-radioelectrico\/"},"wordCount":289,"publisher":{"@id":"https:\/\/latamjournalismreview.org\/es\/#organization"},"keywords":["Censura","Honduras","Radio y TV"],"articleSection":["Acceso a la Informaci\u00f3n"],"inLanguage":"es"},{"@type":"WebPage","@id":"https:\/\/latamjournalismreview.org\/es\/articles\/organizacion-periodistica-de-honduras-denuncia-censura-de-spot-radial-sobre-diversidad-en-espectro-radioelectrico\/","url":"https:\/\/latamjournalismreview.org\/es\/articles\/organizacion-periodistica-de-honduras-denuncia-censura-de-spot-radial-sobre-diversidad-en-espectro-radioelectrico\/","name":"Organizaci\u00f3n period\u00edstica de Honduras denuncia \"censura\" de spot radial sobre diversidad en espectro radioel\u00e9ctrico - LatAm Journalism Review","isPartOf":{"@id":"https:\/\/latamjournalismreview.org\/es\/#website"},"datePublished":"2012-12-12T19:44:14+00:00","dateModified":"2021-09-29T19:45:21+00:00","description":"Organizaci\u00f3n period\u00edstica de Honduras denuncia \"censura\" de spot radial sobre diversidad en espectro radioel\u00e9ctrico Acceso a la Informaci\u00f3n. Latin American Journalism Review by The Knight Center at The University of Texas at Austin.","breadcrumb":{"@id":"https:\/\/latamjournalismreview.org\/es\/articles\/organizacion-periodistica-de-honduras-denuncia-censura-de-spot-radial-sobre-diversidad-en-espectro-radioelectrico\/#breadcrumb"},"inLanguage":"es","potentialAction":[{"@type":"ReadAction","target":["https:\/\/latamjournalismreview.org\/es\/articles\/organizacion-periodistica-de-honduras-denuncia-censura-de-spot-radial-sobre-diversidad-en-espectro-radioelectrico\/"]}]},{"@type":"BreadcrumbList","@id":"https:\/\/latamjournalismreview.org\/es\/articles\/organizacion-periodistica-de-honduras-denuncia-censura-de-spot-radial-sobre-diversidad-en-espectro-radioelectrico\/#breadcrumb","itemListElement":[{"@type":"ListItem","position":1,"name":"Home","item":"https:\/\/latamjournalismreview.org\/es\/"},{"@type":"ListItem","position":2,"name":"Organizaci\u00f3n period\u00edstica de Honduras denuncia \"censura\" de spot radial sobre diversidad en espectro radioel\u00e9ctrico"}]},{"@type":"WebSite","@id":"https:\/\/latamjournalismreview.org\/es\/#website","url":"https:\/\/latamjournalismreview.org\/es\/","name":"LatAm Journalism Review","description":"Knight Center at The University of Texas","publisher":{"@id":"https:\/\/latamjournalismreview.org\/es\/#organization"},"potentialAction":[{"@type":"SearchAction","target":{"@type":"EntryPoint","urlTemplate":"https:\/\/latamjournalismreview.org\/es\/?s={search_term_string}"},"query-input":{"@type":"PropertyValueSpecification","valueRequired":true,"valueName":"search_term_string"}}],"inLanguage":"es"},{"@type":"Organization","@id":"https:\/\/latamjournalismreview.org\/es\/#organization","name":"LatAm Journalism Review","url":"https:\/\/latamjournalismreview.org\/es\/","logo":{"@type":"ImageObject","inLanguage":"es","@id":"https:\/\/latamjournalismreview.org\/es\/#\/schema\/logo\/image\/","url":"https:\/\/latamjournalismreview.org\/wp-content\/uploads\/2020\/05\/knight-latAm-review-logo.svg","contentUrl":"https:\/\/latamjournalismreview.org\/wp-content\/uploads\/2020\/05\/knight-latAm-review-logo.svg","width":"1024","height":"1024","caption":"LatAm Journalism Review"},"image":{"@id":"https:\/\/latamjournalismreview.org\/es\/#\/schema\/logo\/image\/"},"sameAs":["https:\/\/x.com\/LatAmJournalism"]},{"@type":"Person","@id":"https:\/\/latamjournalismreview.org\/es\/#\/schema\/person\/0315202e0b3c0963a2440f1c3012c360","name":"Guest","url":"https:\/\/latamjournalismreview.org\/es\/articles\/author\/guest\/"}]}},"_links":{"self":[{"href":"https:\/\/latamjournalismreview.org\/es\/wp-json\/wp\/v2\/posts\/34645","targetHints":{"allow":["GET"]}}],"collection":[{"href":"https:\/\/latamjournalismreview.org\/es\/wp-json\/wp\/v2\/posts"}],"about":[{"href":"https:\/\/latamjournalismreview.org\/es\/wp-json\/wp\/v2\/types\/post"}],"author":[{"embeddable":true,"href":"https:\/\/latamjournalismreview.org\/es\/wp-json\/wp\/v2\/users\/17"}],"replies":[{"embeddable":true,"href":"https:\/\/latamjournalismreview.org\/es\/wp-json\/wp\/v2\/comments?post=34645"}],"version-history":[{"count":1,"href":"https:\/\/latamjournalismreview.org\/es\/wp-json\/wp\/v2\/posts\/34645\/revisions"}],"predecessor-version":[{"id":34646,"href":"https:\/\/latamjournalismreview.org\/es\/wp-json\/wp\/v2\/posts\/34645\/revisions\/34646"}],"wp:attachment":[{"href":"https:\/\/latamjournalismreview.org\/es\/wp-json\/wp\/v2\/media?parent=34645"}],"wp:term":[{"taxonomy":"category","embeddable":true,"href":"https:\/\/latamjournalismreview.org\/es\/wp-json\/wp\/v2\/categories?post=34645"},{"taxonomy":"post_tag","embeddable":true,"href":"https:\/\/latamjournalismreview.org\/es\/wp-json\/wp\/v2\/tags?post=34645"},{"taxonomy":"author","embeddable":true,"href":"https:\/\/latamjournalismreview.org\/es\/wp-json\/wp\/v2\/coauthors?post=34645"}],"curies":[{"name":"wp","href":"https:\/\/api.w.org\/{rel}","templated":true}]}}