{"id":34805,"date":"2012-12-07T12:33:51","date_gmt":"2012-12-07T17:33:51","guid":{"rendered":"https:\/\/latamjournalismreview.org\/?p=34805"},"modified":"2021-09-30T12:35:02","modified_gmt":"2021-09-30T17:35:02","slug":"corte-de-el-salvador-declara-inconstitucional-intento-del-presidente-para-restringir-acceso-a-informacion-publica","status":"publish","type":"post","link":"https:\/\/latamjournalismreview.org\/es\/articles\/corte-de-el-salvador-declara-inconstitucional-intento-del-presidente-para-restringir-acceso-a-informacion-publica\/","title":{"rendered":"Corte de El Salvador declara inconstitucional intento del presidente para restringir acceso a informaci\u00f3n p\u00fablica"},"content":{"rendered":"<p>La\u00a0<a href=\"http:\/\/www.elfaro.net\/es\/201212\/noticias\/10418\/\" target=\"_blank\" rel=\"noopener\">Corte Suprema de Justicia de El Salvador declar\u00f3 inconstitucionales los art\u00edculos del reglamento para la Ley de Acceso a la Informaci\u00f3n P\u00fablica<\/a>\u00a0que el\u00a0<a href=\"http:\/\/knightcenter.utexas.edu\/es\/blog\/presidente-salvadoreno-pide-cambios-la-ley-de-transparencia-aprobada-por-el-parlamento\" target=\"_blank\" rel=\"noopener\">presidente Mauricio Funes<\/a>\u00a0emiti\u00f3 en septiembre de 2011, seg\u00fan inform\u00f3 El Faro.<\/p>\n<p>Los magistrados declararon que el presidente salvadore\u00f1o invadi\u00f3 las competencias de la Asamblea Legilativa al restringir informaci\u00f3n que no fue declarada como reservada por los legisladores y al otorgarse el derecho de vetar a los candidatos del Instituto de Acceso a la Informaci\u00f3n. El presidente us\u00f3 ese derecho para\u00a0<a href=\"http:\/\/www.elsalvador.com\/mwedh\/nota\/nota_completa.asp?idCat=47673&amp;idArt=7474017\" target=\"_blank\" rel=\"noopener\">vetar todas las candidaturas<\/a>\u00a0impidiendo la creaci\u00f3n de dicho instituto, seg\u00fan report\u00f3 el sitio ElSalvador.com<\/p>\n<p>Recientemente, el sitio El Faro tambi\u00e9n denunci\u00f3 que la Corte de Cuentas\u00a0<a href=\"http:\/\/www.elfaro.net\/es\/201212\/noticias\/10086\/\" target=\"_blank\" rel=\"noopener\">neg\u00f3 dos solicitudes de informaci\u00f3n p\u00fablica<\/a>\u00a0hechas por esa publicaci\u00f3n con el argumento de que s\u00f3lo se pueden pedir documentos posteriores al mes de mayo, citando de manera incorrecta la fecha en la que\u00a0<a href=\"http:\/\/knightcenter.utexas.edu\/es\/blog\/congreso-ratifica-ley-de-acceso-la-informacion-en-el-salvador\" target=\"_blank\" rel=\"noopener\">entr\u00f3 en vigor la Ley de Acceso a la Informaci\u00f3n P\u00fablica en El Salvador<\/a>. De acuerdo con El Faro, el art\u00edculo 10 establece que dicha ley se aplicar\u00e1 a toda la informaci\u00f3n que se encuentre en poder de los entes obligados y la ley entr\u00f3 en vigor en mayo de 2011 y no de 2012 como expres\u00f3 la autoridad contralora del pa\u00eds.<\/p>\n<p><em>Nota del editor: Esta historia fue publicada originalmente en el blog Periodismo en las Am\u00e9ricas del Centro Knight, el predecesor de LatAm Journalism Review.<\/em><\/p>\n","protected":false},"excerpt":{"rendered":"<p>La\u00a0Corte Suprema de Justicia de El Salvador declar\u00f3 inconstitucionales los art\u00edculos del reglamento para la Ley de Acceso a la Informaci\u00f3n P\u00fablica\u00a0que el\u00a0presidente Mauricio Funes\u00a0emiti\u00f3 en septiembre de 2011, seg\u00fan inform\u00f3 El Faro.<\/p>\n","protected":false},"author":40,"featured_media":0,"comment_status":"closed","ping_status":"closed","sticky":false,"template":"","format":"standard","meta":{"inline_featured_image":false,"footnotes":""},"categories":[1227],"tags":[1422,1444],"coauthors":[],"class_list":["post-34805","post","type-post","status-publish","format-standard","hentry","category-acceso-a-la-informacion-es","tag-acceso-a-la-informacion-es","tag-el-salvador-es"],"acf":[],"yoast_head":"<!-- This site is optimized with the Yoast SEO Premium plugin v22.6 (Yoast SEO v27.4) - https:\/\/yoast.com\/product\/yoast-seo-premium-wordpress\/ -->\n<title>Corte de El Salvador declara inconstitucional intento del presidente para restringir acceso a informaci\u00f3n p\u00fablica - LatAm Journalism Review<\/title>\n<meta name=\"description\" content=\"Corte de El Salvador declara inconstitucional intento del presidente para restringir acceso a informaci\u00f3n p\u00fablica Acceso a la Informaci\u00f3n. Latin American Journalism Review by The Knight Center at The University of Texas at Austin.\" \/>\n<meta name=\"robots\" content=\"index, follow, max-snippet:-1, max-image-preview:large, max-video-preview:-1\" \/>\n<link rel=\"canonical\" href=\"https:\/\/latamjournalismreview.org\/es\/articles\/corte-de-el-salvador-declara-inconstitucional-intento-del-presidente-para-restringir-acceso-a-informacion-publica\/\" \/>\n<meta property=\"og:locale\" content=\"es_ES\" \/>\n<meta property=\"og:type\" content=\"article\" \/>\n<meta property=\"og:title\" content=\"Corte de El Salvador declara inconstitucional intento del presidente para restringir acceso a informaci\u00f3n p\u00fablica\" \/>\n<meta property=\"og:description\" content=\"Corte de El Salvador declara inconstitucional intento del presidente para restringir acceso a informaci\u00f3n p\u00fablica Acceso a la Informaci\u00f3n. Latin American Journalism Review by The Knight Center at The University of Texas at Austin.\" \/>\n<meta property=\"og:url\" content=\"https:\/\/latamjournalismreview.org\/es\/articles\/corte-de-el-salvador-declara-inconstitucional-intento-del-presidente-para-restringir-acceso-a-informacion-publica\/\" \/>\n<meta property=\"og:site_name\" content=\"LatAm Journalism Review\" \/>\n<meta property=\"article:published_time\" content=\"2012-12-07T17:33:51+00:00\" \/>\n<meta property=\"article:modified_time\" content=\"2021-09-30T17:35:02+00:00\" \/>\n<meta name=\"author\" content=\"Tania Lara\" \/>\n<meta name=\"twitter:card\" content=\"summary_large_image\" \/>\n<meta name=\"twitter:creator\" content=\"@LatAmJournalism\" \/>\n<meta name=\"twitter:site\" content=\"@LatAmJournalism\" \/>\n<meta name=\"twitter:label1\" content=\"Written by\" \/>\n\t<meta name=\"twitter:data1\" content=\"Tania Lara\" \/>\n\t<meta name=\"twitter:label2\" content=\"Est. reading time\" \/>\n\t<meta name=\"twitter:data2\" content=\"1 minuto\" \/>\n<script type=\"application\/ld+json\" class=\"yoast-schema-graph\">{\"@context\":\"https:\\\/\\\/schema.org\",\"@graph\":[{\"@type\":\"Article\",\"@id\":\"https:\\\/\\\/latamjournalismreview.org\\\/es\\\/articles\\\/corte-de-el-salvador-declara-inconstitucional-intento-del-presidente-para-restringir-acceso-a-informacion-publica\\\/#article\",\"isPartOf\":{\"@id\":\"https:\\\/\\\/latamjournalismreview.org\\\/es\\\/articles\\\/corte-de-el-salvador-declara-inconstitucional-intento-del-presidente-para-restringir-acceso-a-informacion-publica\\\/\"},\"author\":{\"name\":\"Tania Lara\",\"@id\":\"https:\\\/\\\/latamjournalismreview.org\\\/es\\\/#\\\/schema\\\/person\\\/51558925140f21242c6ed2d20b8260c5\"},\"headline\":\"Corte de El Salvador declara inconstitucional intento del presidente para restringir acceso a informaci\u00f3n p\u00fablica\",\"datePublished\":\"2012-12-07T17:33:51+00:00\",\"dateModified\":\"2021-09-30T17:35:02+00:00\",\"mainEntityOfPage\":{\"@id\":\"https:\\\/\\\/latamjournalismreview.org\\\/es\\\/articles\\\/corte-de-el-salvador-declara-inconstitucional-intento-del-presidente-para-restringir-acceso-a-informacion-publica\\\/\"},\"wordCount\":267,\"publisher\":{\"@id\":\"https:\\\/\\\/latamjournalismreview.org\\\/es\\\/#organization\"},\"keywords\":[\"Acceso a la informaci\u00f3n\",\"El Salvador\"],\"articleSection\":[\"Acceso a la Informaci\u00f3n\"],\"inLanguage\":\"es\"},{\"@type\":\"WebPage\",\"@id\":\"https:\\\/\\\/latamjournalismreview.org\\\/es\\\/articles\\\/corte-de-el-salvador-declara-inconstitucional-intento-del-presidente-para-restringir-acceso-a-informacion-publica\\\/\",\"url\":\"https:\\\/\\\/latamjournalismreview.org\\\/es\\\/articles\\\/corte-de-el-salvador-declara-inconstitucional-intento-del-presidente-para-restringir-acceso-a-informacion-publica\\\/\",\"name\":\"Corte de El Salvador declara inconstitucional intento del presidente para restringir acceso a informaci\u00f3n p\u00fablica - LatAm Journalism Review\",\"isPartOf\":{\"@id\":\"https:\\\/\\\/latamjournalismreview.org\\\/es\\\/#website\"},\"datePublished\":\"2012-12-07T17:33:51+00:00\",\"dateModified\":\"2021-09-30T17:35:02+00:00\",\"description\":\"Corte de El Salvador declara inconstitucional intento del presidente para restringir acceso a informaci\u00f3n p\u00fablica Acceso a la Informaci\u00f3n. Latin American Journalism Review by The Knight Center at The University of Texas at Austin.\",\"breadcrumb\":{\"@id\":\"https:\\\/\\\/latamjournalismreview.org\\\/es\\\/articles\\\/corte-de-el-salvador-declara-inconstitucional-intento-del-presidente-para-restringir-acceso-a-informacion-publica\\\/#breadcrumb\"},\"inLanguage\":\"es\",\"potentialAction\":[{\"@type\":\"ReadAction\",\"target\":[\"https:\\\/\\\/latamjournalismreview.org\\\/es\\\/articles\\\/corte-de-el-salvador-declara-inconstitucional-intento-del-presidente-para-restringir-acceso-a-informacion-publica\\\/\"]}]},{\"@type\":\"BreadcrumbList\",\"@id\":\"https:\\\/\\\/latamjournalismreview.org\\\/es\\\/articles\\\/corte-de-el-salvador-declara-inconstitucional-intento-del-presidente-para-restringir-acceso-a-informacion-publica\\\/#breadcrumb\",\"itemListElement\":[{\"@type\":\"ListItem\",\"position\":1,\"name\":\"Home\",\"item\":\"https:\\\/\\\/latamjournalismreview.org\\\/es\\\/\"},{\"@type\":\"ListItem\",\"position\":2,\"name\":\"Corte de El Salvador declara inconstitucional intento del presidente para restringir acceso a informaci\u00f3n p\u00fablica\"}]},{\"@type\":\"WebSite\",\"@id\":\"https:\\\/\\\/latamjournalismreview.org\\\/es\\\/#website\",\"url\":\"https:\\\/\\\/latamjournalismreview.org\\\/es\\\/\",\"name\":\"LatAm Journalism Review\",\"description\":\"Knight Center at The University of Texas\",\"publisher\":{\"@id\":\"https:\\\/\\\/latamjournalismreview.org\\\/es\\\/#organization\"},\"potentialAction\":[{\"@type\":\"SearchAction\",\"target\":{\"@type\":\"EntryPoint\",\"urlTemplate\":\"https:\\\/\\\/latamjournalismreview.org\\\/es\\\/?s={search_term_string}\"},\"query-input\":{\"@type\":\"PropertyValueSpecification\",\"valueRequired\":true,\"valueName\":\"search_term_string\"}}],\"inLanguage\":\"es\"},{\"@type\":\"Organization\",\"@id\":\"https:\\\/\\\/latamjournalismreview.org\\\/es\\\/#organization\",\"name\":\"LatAm Journalism Review\",\"url\":\"https:\\\/\\\/latamjournalismreview.org\\\/es\\\/\",\"logo\":{\"@type\":\"ImageObject\",\"inLanguage\":\"es\",\"@id\":\"https:\\\/\\\/latamjournalismreview.org\\\/es\\\/#\\\/schema\\\/logo\\\/image\\\/\",\"url\":\"https:\\\/\\\/latamjournalismreview.org\\\/wp-content\\\/uploads\\\/2020\\\/05\\\/knight-latAm-review-logo.svg\",\"contentUrl\":\"https:\\\/\\\/latamjournalismreview.org\\\/wp-content\\\/uploads\\\/2020\\\/05\\\/knight-latAm-review-logo.svg\",\"width\":\"1024\",\"height\":\"1024\",\"caption\":\"LatAm Journalism Review\"},\"image\":{\"@id\":\"https:\\\/\\\/latamjournalismreview.org\\\/es\\\/#\\\/schema\\\/logo\\\/image\\\/\"},\"sameAs\":[\"https:\\\/\\\/x.com\\\/LatAmJournalism\"]},{\"@type\":\"Person\",\"@id\":\"https:\\\/\\\/latamjournalismreview.org\\\/es\\\/#\\\/schema\\\/person\\\/51558925140f21242c6ed2d20b8260c5\",\"name\":\"Tania Lara\",\"url\":\"https:\\\/\\\/latamjournalismreview.org\\\/es\\\/articles\\\/author\\\/tania-lara\\\/\"}]}<\/script>\n<!-- \/ Yoast SEO Premium plugin. -->","yoast_head_json":{"title":"Corte de El Salvador declara inconstitucional intento del presidente para restringir acceso a informaci\u00f3n p\u00fablica - LatAm Journalism Review","description":"Corte de El Salvador declara inconstitucional intento del presidente para restringir acceso a informaci\u00f3n p\u00fablica Acceso a la Informaci\u00f3n. Latin American Journalism Review by The Knight Center at The University of Texas at Austin.","robots":{"index":"index","follow":"follow","max-snippet":"max-snippet:-1","max-image-preview":"max-image-preview:large","max-video-preview":"max-video-preview:-1"},"canonical":"https:\/\/latamjournalismreview.org\/es\/articles\/corte-de-el-salvador-declara-inconstitucional-intento-del-presidente-para-restringir-acceso-a-informacion-publica\/","og_locale":"es_ES","og_type":"article","og_title":"Corte de El Salvador declara inconstitucional intento del presidente para restringir acceso a informaci\u00f3n p\u00fablica","og_description":"Corte de El Salvador declara inconstitucional intento del presidente para restringir acceso a informaci\u00f3n p\u00fablica Acceso a la Informaci\u00f3n. Latin American Journalism Review by The Knight Center at The University of Texas at Austin.","og_url":"https:\/\/latamjournalismreview.org\/es\/articles\/corte-de-el-salvador-declara-inconstitucional-intento-del-presidente-para-restringir-acceso-a-informacion-publica\/","og_site_name":"LatAm Journalism Review","article_published_time":"2012-12-07T17:33:51+00:00","article_modified_time":"2021-09-30T17:35:02+00:00","author":"Tania Lara","twitter_card":"summary_large_image","twitter_creator":"@LatAmJournalism","twitter_site":"@LatAmJournalism","twitter_misc":{"Written by":"Tania Lara","Est. reading time":"1 minuto"},"schema":{"@context":"https:\/\/schema.org","@graph":[{"@type":"Article","@id":"https:\/\/latamjournalismreview.org\/es\/articles\/corte-de-el-salvador-declara-inconstitucional-intento-del-presidente-para-restringir-acceso-a-informacion-publica\/#article","isPartOf":{"@id":"https:\/\/latamjournalismreview.org\/es\/articles\/corte-de-el-salvador-declara-inconstitucional-intento-del-presidente-para-restringir-acceso-a-informacion-publica\/"},"author":{"name":"Tania Lara","@id":"https:\/\/latamjournalismreview.org\/es\/#\/schema\/person\/51558925140f21242c6ed2d20b8260c5"},"headline":"Corte de El Salvador declara inconstitucional intento del presidente para restringir acceso a informaci\u00f3n p\u00fablica","datePublished":"2012-12-07T17:33:51+00:00","dateModified":"2021-09-30T17:35:02+00:00","mainEntityOfPage":{"@id":"https:\/\/latamjournalismreview.org\/es\/articles\/corte-de-el-salvador-declara-inconstitucional-intento-del-presidente-para-restringir-acceso-a-informacion-publica\/"},"wordCount":267,"publisher":{"@id":"https:\/\/latamjournalismreview.org\/es\/#organization"},"keywords":["Acceso a la informaci\u00f3n","El Salvador"],"articleSection":["Acceso a la Informaci\u00f3n"],"inLanguage":"es"},{"@type":"WebPage","@id":"https:\/\/latamjournalismreview.org\/es\/articles\/corte-de-el-salvador-declara-inconstitucional-intento-del-presidente-para-restringir-acceso-a-informacion-publica\/","url":"https:\/\/latamjournalismreview.org\/es\/articles\/corte-de-el-salvador-declara-inconstitucional-intento-del-presidente-para-restringir-acceso-a-informacion-publica\/","name":"Corte de El Salvador declara inconstitucional intento del presidente para restringir acceso a informaci\u00f3n p\u00fablica - LatAm Journalism Review","isPartOf":{"@id":"https:\/\/latamjournalismreview.org\/es\/#website"},"datePublished":"2012-12-07T17:33:51+00:00","dateModified":"2021-09-30T17:35:02+00:00","description":"Corte de El Salvador declara inconstitucional intento del presidente para restringir acceso a informaci\u00f3n p\u00fablica Acceso a la Informaci\u00f3n. Latin American Journalism Review by The Knight Center at The University of Texas at Austin.","breadcrumb":{"@id":"https:\/\/latamjournalismreview.org\/es\/articles\/corte-de-el-salvador-declara-inconstitucional-intento-del-presidente-para-restringir-acceso-a-informacion-publica\/#breadcrumb"},"inLanguage":"es","potentialAction":[{"@type":"ReadAction","target":["https:\/\/latamjournalismreview.org\/es\/articles\/corte-de-el-salvador-declara-inconstitucional-intento-del-presidente-para-restringir-acceso-a-informacion-publica\/"]}]},{"@type":"BreadcrumbList","@id":"https:\/\/latamjournalismreview.org\/es\/articles\/corte-de-el-salvador-declara-inconstitucional-intento-del-presidente-para-restringir-acceso-a-informacion-publica\/#breadcrumb","itemListElement":[{"@type":"ListItem","position":1,"name":"Home","item":"https:\/\/latamjournalismreview.org\/es\/"},{"@type":"ListItem","position":2,"name":"Corte de El Salvador declara inconstitucional intento del presidente para restringir acceso a informaci\u00f3n p\u00fablica"}]},{"@type":"WebSite","@id":"https:\/\/latamjournalismreview.org\/es\/#website","url":"https:\/\/latamjournalismreview.org\/es\/","name":"LatAm Journalism Review","description":"Knight Center at The University of Texas","publisher":{"@id":"https:\/\/latamjournalismreview.org\/es\/#organization"},"potentialAction":[{"@type":"SearchAction","target":{"@type":"EntryPoint","urlTemplate":"https:\/\/latamjournalismreview.org\/es\/?s={search_term_string}"},"query-input":{"@type":"PropertyValueSpecification","valueRequired":true,"valueName":"search_term_string"}}],"inLanguage":"es"},{"@type":"Organization","@id":"https:\/\/latamjournalismreview.org\/es\/#organization","name":"LatAm Journalism Review","url":"https:\/\/latamjournalismreview.org\/es\/","logo":{"@type":"ImageObject","inLanguage":"es","@id":"https:\/\/latamjournalismreview.org\/es\/#\/schema\/logo\/image\/","url":"https:\/\/latamjournalismreview.org\/wp-content\/uploads\/2020\/05\/knight-latAm-review-logo.svg","contentUrl":"https:\/\/latamjournalismreview.org\/wp-content\/uploads\/2020\/05\/knight-latAm-review-logo.svg","width":"1024","height":"1024","caption":"LatAm Journalism Review"},"image":{"@id":"https:\/\/latamjournalismreview.org\/es\/#\/schema\/logo\/image\/"},"sameAs":["https:\/\/x.com\/LatAmJournalism"]},{"@type":"Person","@id":"https:\/\/latamjournalismreview.org\/es\/#\/schema\/person\/51558925140f21242c6ed2d20b8260c5","name":"Tania Lara","url":"https:\/\/latamjournalismreview.org\/es\/articles\/author\/tania-lara\/"}]}},"_links":{"self":[{"href":"https:\/\/latamjournalismreview.org\/es\/wp-json\/wp\/v2\/posts\/34805","targetHints":{"allow":["GET"]}}],"collection":[{"href":"https:\/\/latamjournalismreview.org\/es\/wp-json\/wp\/v2\/posts"}],"about":[{"href":"https:\/\/latamjournalismreview.org\/es\/wp-json\/wp\/v2\/types\/post"}],"author":[{"embeddable":true,"href":"https:\/\/latamjournalismreview.org\/es\/wp-json\/wp\/v2\/users\/40"}],"replies":[{"embeddable":true,"href":"https:\/\/latamjournalismreview.org\/es\/wp-json\/wp\/v2\/comments?post=34805"}],"version-history":[{"count":1,"href":"https:\/\/latamjournalismreview.org\/es\/wp-json\/wp\/v2\/posts\/34805\/revisions"}],"predecessor-version":[{"id":34808,"href":"https:\/\/latamjournalismreview.org\/es\/wp-json\/wp\/v2\/posts\/34805\/revisions\/34808"}],"wp:attachment":[{"href":"https:\/\/latamjournalismreview.org\/es\/wp-json\/wp\/v2\/media?parent=34805"}],"wp:term":[{"taxonomy":"category","embeddable":true,"href":"https:\/\/latamjournalismreview.org\/es\/wp-json\/wp\/v2\/categories?post=34805"},{"taxonomy":"post_tag","embeddable":true,"href":"https:\/\/latamjournalismreview.org\/es\/wp-json\/wp\/v2\/tags?post=34805"},{"taxonomy":"author","embeddable":true,"href":"https:\/\/latamjournalismreview.org\/es\/wp-json\/wp\/v2\/coauthors?post=34805"}],"curies":[{"name":"wp","href":"https:\/\/api.w.org\/{rel}","templated":true}]}}