{"id":34807,"date":"2012-12-07T12:34:26","date_gmt":"2012-12-07T17:34:26","guid":{"rendered":"https:\/\/latamjournalismreview.org\/?p=34807"},"modified":"2021-09-30T12:35:35","modified_gmt":"2021-09-30T17:35:35","slug":"diferentes-reacciones-ante-fallo-que-postergo-entrada-en-vigencia-de-ley-de-medios-en-argentina","status":"publish","type":"post","link":"https:\/\/latamjournalismreview.org\/es\/articles\/diferentes-reacciones-ante-fallo-que-postergo-entrada-en-vigencia-de-ley-de-medios-en-argentina\/","title":{"rendered":"Diferentes reacciones ante fallo que posterg\u00f3 entrada en vigencia de Ley de Medios en Argentina"},"content":{"rendered":"<p>Aunque el 7D \u2013 como se populariz\u00f3 el d\u00eda en que entraba en vigencia la Ley de Medios en Argentina \u2013 no se vivi\u00f3 como se esperaba tras\u00a0<a href=\"https:\/\/knightcenter.utexas.edu\/es\/blog\/00-12298-expectativa-en-argentina-por-el-7d-y-la-entrada-en-vigencia-de-la-ley-de-medios\" target=\"_blank\" rel=\"noopener\">la decisi\u00f3n de la C\u00e1mara Civil y Comercial Federal de prorrogar la medida pedida por el Grupo Clar\u00edn<\/a>\u00a0que suspende la cesi\u00f3n de licencias, las reacciones no se hicieron esperar.<\/p>\n<p>Con el objetivo de revocar este fallo,\u00a0<a href=\"http:\/\/www.ultimasnoticias.com.ve\/noticias\/actualidad\/mundo\/gobierno-argentino-apela-fallo-que-favorece-a-grup.aspx\" target=\"_blank\" rel=\"noopener\">el Gobierno \u201cpresent\u00f3 hoy (viernes) ante la Corte Suprema de Justicia el recurso extaordinario de \u2018per saltum\u2019\u201d<\/a>\u00a0(acceso directo para casos sensibles), seg\u00fan public\u00f3 en su portal oficial inform\u00f3 la agencia AFP.\u00a0 De manera paralela present\u00f3 ante el m\u00e1ximo tribunal otro recurso a trav\u00e9s de AFSCA (autoridad que aplica esta ley) para que se ratifique el 7 de diciembre como la fecha en la que comienza a aplicarse la norma de desinversi\u00f3n de medios, agreg\u00f3 la agencia.<\/p>\n<p>Desde Brasil y en el marco de la XLIV Cumbre de jefes de Estado del Mercosur, la presidenta del pa\u00eds,\u00a0<a href=\"http:\/\/www.lanacion.com.ar\/1534626-cristina-kirchner-desestimo-el-fallo-sobre-la-ley-de-medios-es-mas-de-lo-mismo\" target=\"_blank\" rel=\"noopener\">Cristina Fern\u00e1ndez,\u00a0se l\u00edmit\u00f3 a responder que el fallo \u201ces m\u00e1s de lo mismo\u201d\u00a0<\/a>ante una pregunta del diario La Naci\u00f3n, inform\u00f3 este medio. No obstante, este diario se\u00f1al\u00f3 que cuando la mandataria\u00a0conoci\u00f3 el fallo\u00a0<a href=\"http:\/\/www.lanacion.com.ar\/1534298-cristina-cree-que-el-fallo-fue-a-la-medida-de-clarin\" target=\"_blank\" rel=\"noopener\">se\u00f1al\u00f3 que estaba redactado \u201ca la medida de lo que quiere Clar\u00edn\u201d<\/a>.<\/p>\n<p>La organizaci\u00f3n\u00a0<a href=\"http:\/\/http\/\/es.rsf.org\/argentina-pluralismo-de-los-medios-de-06-12-2012,43768.html\" target=\"_blank\" rel=\"noopener\">Reporteros Sin Fronteras (RSF) calific\u00f3 este nuevo fallo como un \u201crev\u00e9s sorprendente\u201d<\/a>\u00a0debido a que contradice una decisi\u00f3n de la Corte de Suprema\u00a0Justicia donde negaba una petici\u00f3n similar de este grupo el pasado 28 de noviembre. \u201cEste golpe de efecto no cambia en nada nuestra posici\u00f3n de fondo a favor de la ley, a pesar del riesgo de que se agrave una situaci\u00f3n de tensi\u00f3n, perjudicial para todos los periodistas y productores de informaci\u00f3n\u201d, se\u00f1al\u00f3 en un comunicado.<\/p>\n<p>Por su parte, la comisi\u00f3n de la Sociedad Interamericana de Prensa (SIP) que viaj\u00f3 a Argentina para \u201cverificar que no se restrinja la libertad de expresi\u00f3n y prensa en el pa\u00eds\u201d,\u00a0<a href=\"http:\/\/diariohoy.net\/politica\/senadores-opositores-ante-la-sip-en-argentina-no-hay-libertad-de-expresion-3455\" target=\"_blank\" rel=\"noopener\">se reuni\u00f3 con legisladores y representantes de la prensa en el Congreso Nacional<\/a>, inform\u00f3 el portal Hoy. Algunos senadores advirtieron ante la SIP que \u201cla Argentina camina peligrosamente hacia el control del Estado de los medios de comunicaci\u00f3n\u201d, agreg\u00f3 el portal.<\/p>\n<p><em>Nota del editor: Esta historia fue publicada originalmente en el blog Periodismo en las Am\u00e9ricas del Centro Knight, el predecesor de LatAm Journalism Review.<\/em><\/p>\n","protected":false},"excerpt":{"rendered":"<p>Aunque el 7D \u2013 como se populariz\u00f3 el d\u00eda en que entraba en vigencia la Ley de Medios en Argentina \u2013 no se vivi\u00f3 como se esperaba tras\u00a0la decisi\u00f3n de la C\u00e1mara Civil y Comercial Federal de prorrogar la medida pedida por el Grupo Clar\u00edn\u00a0que suspende la cesi\u00f3n de licencias, las reacciones no se hicieron esperar.<\/p>\n","protected":false},"author":13,"featured_media":0,"comment_status":"closed","ping_status":"closed","sticky":false,"template":"","format":"standard","meta":{"inline_featured_image":false,"footnotes":""},"categories":[1227],"tags":[1426,1484,1483,1431],"coauthors":[],"class_list":["post-34807","post","type-post","status-publish","format-standard","hentry","category-acceso-a-la-informacion-es","tag-argentina-es","tag-concesiones-de-radio-y-tv-es","tag-legislacion-es","tag-radio-y-tv-es"],"acf":[],"yoast_head":"<!-- This site is optimized with the Yoast SEO Premium plugin v22.6 (Yoast SEO v27.4) - https:\/\/yoast.com\/product\/yoast-seo-premium-wordpress\/ -->\n<title>Diferentes reacciones ante fallo que posterg\u00f3 entrada en vigencia de Ley de Medios en Argentina - LatAm Journalism Review<\/title>\n<meta name=\"description\" content=\"Diferentes reacciones ante fallo que posterg\u00f3 entrada en vigencia de Ley de Medios en Argentina Acceso a la Informaci\u00f3n. Latin American Journalism Review by The Knight Center at The University of Texas at Austin.\" \/>\n<meta name=\"robots\" content=\"index, follow, max-snippet:-1, max-image-preview:large, max-video-preview:-1\" \/>\n<link rel=\"canonical\" href=\"https:\/\/latamjournalismreview.org\/es\/articles\/diferentes-reacciones-ante-fallo-que-postergo-entrada-en-vigencia-de-ley-de-medios-en-argentina\/\" \/>\n<meta property=\"og:locale\" content=\"es_ES\" \/>\n<meta property=\"og:type\" content=\"article\" \/>\n<meta property=\"og:title\" content=\"Diferentes reacciones ante fallo que posterg\u00f3 entrada en vigencia de Ley de Medios en Argentina\" \/>\n<meta property=\"og:description\" content=\"Diferentes reacciones ante fallo que posterg\u00f3 entrada en vigencia de Ley de Medios en Argentina Acceso a la Informaci\u00f3n. Latin American Journalism Review by The Knight Center at The University of Texas at Austin.\" \/>\n<meta property=\"og:url\" content=\"https:\/\/latamjournalismreview.org\/es\/articles\/diferentes-reacciones-ante-fallo-que-postergo-entrada-en-vigencia-de-ley-de-medios-en-argentina\/\" \/>\n<meta property=\"og:site_name\" content=\"LatAm Journalism Review\" \/>\n<meta property=\"article:published_time\" content=\"2012-12-07T17:34:26+00:00\" \/>\n<meta property=\"article:modified_time\" content=\"2021-09-30T17:35:35+00:00\" \/>\n<meta name=\"author\" content=\"Silvia Higuera\" \/>\n<meta name=\"twitter:card\" content=\"summary_large_image\" \/>\n<meta name=\"twitter:creator\" content=\"@shiguerita\" \/>\n<meta name=\"twitter:site\" content=\"@LatAmJournalism\" \/>\n<meta name=\"twitter:label1\" content=\"Written by\" \/>\n\t<meta name=\"twitter:data1\" content=\"Silvia Higuera\" \/>\n\t<meta name=\"twitter:label2\" content=\"Est. reading time\" \/>\n\t<meta name=\"twitter:data2\" content=\"2 minutos\" \/>\n<script type=\"application\/ld+json\" class=\"yoast-schema-graph\">{\"@context\":\"https:\\\/\\\/schema.org\",\"@graph\":[{\"@type\":\"Article\",\"@id\":\"https:\\\/\\\/latamjournalismreview.org\\\/es\\\/articles\\\/diferentes-reacciones-ante-fallo-que-postergo-entrada-en-vigencia-de-ley-de-medios-en-argentina\\\/#article\",\"isPartOf\":{\"@id\":\"https:\\\/\\\/latamjournalismreview.org\\\/es\\\/articles\\\/diferentes-reacciones-ante-fallo-que-postergo-entrada-en-vigencia-de-ley-de-medios-en-argentina\\\/\"},\"author\":{\"name\":\"Silvia Higuera\",\"@id\":\"https:\\\/\\\/latamjournalismreview.org\\\/es\\\/#\\\/schema\\\/person\\\/eac7baa6afada0957e047be9fc15703a\"},\"headline\":\"Diferentes reacciones ante fallo que posterg\u00f3 entrada en vigencia de Ley de Medios en Argentina\",\"datePublished\":\"2012-12-07T17:34:26+00:00\",\"dateModified\":\"2021-09-30T17:35:35+00:00\",\"mainEntityOfPage\":{\"@id\":\"https:\\\/\\\/latamjournalismreview.org\\\/es\\\/articles\\\/diferentes-reacciones-ante-fallo-que-postergo-entrada-en-vigencia-de-ley-de-medios-en-argentina\\\/\"},\"wordCount\":429,\"publisher\":{\"@id\":\"https:\\\/\\\/latamjournalismreview.org\\\/es\\\/#organization\"},\"keywords\":[\"Argentina\",\"Concesiones de radio y TV\",\"Legislaci\u00f3n\",\"Radio y TV\"],\"articleSection\":[\"Acceso a la Informaci\u00f3n\"],\"inLanguage\":\"es\"},{\"@type\":\"WebPage\",\"@id\":\"https:\\\/\\\/latamjournalismreview.org\\\/es\\\/articles\\\/diferentes-reacciones-ante-fallo-que-postergo-entrada-en-vigencia-de-ley-de-medios-en-argentina\\\/\",\"url\":\"https:\\\/\\\/latamjournalismreview.org\\\/es\\\/articles\\\/diferentes-reacciones-ante-fallo-que-postergo-entrada-en-vigencia-de-ley-de-medios-en-argentina\\\/\",\"name\":\"Diferentes reacciones ante fallo que posterg\u00f3 entrada en vigencia de Ley de Medios en Argentina - LatAm Journalism Review\",\"isPartOf\":{\"@id\":\"https:\\\/\\\/latamjournalismreview.org\\\/es\\\/#website\"},\"datePublished\":\"2012-12-07T17:34:26+00:00\",\"dateModified\":\"2021-09-30T17:35:35+00:00\",\"description\":\"Diferentes reacciones ante fallo que posterg\u00f3 entrada en vigencia de Ley de Medios en Argentina Acceso a la Informaci\u00f3n. Latin American Journalism Review by The Knight Center at The University of Texas at Austin.\",\"breadcrumb\":{\"@id\":\"https:\\\/\\\/latamjournalismreview.org\\\/es\\\/articles\\\/diferentes-reacciones-ante-fallo-que-postergo-entrada-en-vigencia-de-ley-de-medios-en-argentina\\\/#breadcrumb\"},\"inLanguage\":\"es\",\"potentialAction\":[{\"@type\":\"ReadAction\",\"target\":[\"https:\\\/\\\/latamjournalismreview.org\\\/es\\\/articles\\\/diferentes-reacciones-ante-fallo-que-postergo-entrada-en-vigencia-de-ley-de-medios-en-argentina\\\/\"]}]},{\"@type\":\"BreadcrumbList\",\"@id\":\"https:\\\/\\\/latamjournalismreview.org\\\/es\\\/articles\\\/diferentes-reacciones-ante-fallo-que-postergo-entrada-en-vigencia-de-ley-de-medios-en-argentina\\\/#breadcrumb\",\"itemListElement\":[{\"@type\":\"ListItem\",\"position\":1,\"name\":\"Home\",\"item\":\"https:\\\/\\\/latamjournalismreview.org\\\/es\\\/\"},{\"@type\":\"ListItem\",\"position\":2,\"name\":\"Diferentes reacciones ante fallo que posterg\u00f3 entrada en vigencia de Ley de Medios en Argentina\"}]},{\"@type\":\"WebSite\",\"@id\":\"https:\\\/\\\/latamjournalismreview.org\\\/es\\\/#website\",\"url\":\"https:\\\/\\\/latamjournalismreview.org\\\/es\\\/\",\"name\":\"LatAm Journalism Review\",\"description\":\"Knight Center at The University of Texas\",\"publisher\":{\"@id\":\"https:\\\/\\\/latamjournalismreview.org\\\/es\\\/#organization\"},\"potentialAction\":[{\"@type\":\"SearchAction\",\"target\":{\"@type\":\"EntryPoint\",\"urlTemplate\":\"https:\\\/\\\/latamjournalismreview.org\\\/es\\\/?s={search_term_string}\"},\"query-input\":{\"@type\":\"PropertyValueSpecification\",\"valueRequired\":true,\"valueName\":\"search_term_string\"}}],\"inLanguage\":\"es\"},{\"@type\":\"Organization\",\"@id\":\"https:\\\/\\\/latamjournalismreview.org\\\/es\\\/#organization\",\"name\":\"LatAm Journalism Review\",\"url\":\"https:\\\/\\\/latamjournalismreview.org\\\/es\\\/\",\"logo\":{\"@type\":\"ImageObject\",\"inLanguage\":\"es\",\"@id\":\"https:\\\/\\\/latamjournalismreview.org\\\/es\\\/#\\\/schema\\\/logo\\\/image\\\/\",\"url\":\"https:\\\/\\\/latamjournalismreview.org\\\/wp-content\\\/uploads\\\/2020\\\/05\\\/knight-latAm-review-logo.svg\",\"contentUrl\":\"https:\\\/\\\/latamjournalismreview.org\\\/wp-content\\\/uploads\\\/2020\\\/05\\\/knight-latAm-review-logo.svg\",\"width\":\"1024\",\"height\":\"1024\",\"caption\":\"LatAm Journalism Review\"},\"image\":{\"@id\":\"https:\\\/\\\/latamjournalismreview.org\\\/es\\\/#\\\/schema\\\/logo\\\/image\\\/\"},\"sameAs\":[\"https:\\\/\\\/x.com\\\/LatAmJournalism\"]},{\"@type\":\"Person\",\"@id\":\"https:\\\/\\\/latamjournalismreview.org\\\/es\\\/#\\\/schema\\\/person\\\/eac7baa6afada0957e047be9fc15703a\",\"name\":\"Silvia Higuera\",\"description\":\"Silvia A. Higuera Fl\u00f3rez is a Colombian journalist interested in covering Latin American issues and human rights, especially the right to freedom of expression, and investigative journalism. She studied Social Communication and Journalism at Universidad Pontificia Bolivariana in Bucaramanga (Colombia), and received her Master's of Arts in Journalism from the University of Texas at Austin in 2015. She worked with the Office of the Special Rapporteur for Freedom of Expression of the Inter-American Commission on Human Rights (IACHR) under the Orlando Sierra fellowship during 2014. She also worked for the Colombian newspaper Vanguardia Liberal and wrote for different magazines about local, economic and public order issues. Her work has also appeared in The Miami Herald and El Nuevo Herald of Miami. Email: silvia.knightcenter@gmail.com Silvia A. Higuera Fl\u00f3rez es una periodista colombiana con inter\u00e9s period\u00edstico es Am\u00e9rica Latina y los derechos humanos, particularmente el derecho a la libertad de expresi\u00f3n, as\u00ed como el periodismo de investigaci\u00f3n. Estudi\u00f3 Comunicaci\u00f3n Social \u2013 Periodismo en la Universidad Pontificia Bolivariana de Bucaramanga (Colombia), y recibi\u00f3 su maestr\u00eda en Periodismo en la Universidad de Texas, en Austin en 2015. Trabaj\u00f3 para la Relator\u00eda Especial para la Libertad de Expresi\u00f3n de la Comisi\u00f3n Interamericana de Derechos Humanos (CIDH) en el marco de la beca Orlando Sierra, durante 2014. Tambi\u00e9n hizo parte del diario Vanguardia Liberal y escribi\u00f3 para otras revistas colombianas cubriendo fuentes locales, econ\u00f3micas y judiciales. Algunos de sus trabajos han aparecido en The Miami Herald y El Nuevo Herald de Miami. Silvia A. Higuera Fl\u00f3rez \u00e9 uma jornalista colombiana e seu interesse jornal\u00edstico \u00e9 a Am\u00e9rica Latina e os direitos humanos, nomeadamente o direito \u00e0 liberdade de express\u00e3o. Estudou Comunica\u00e7\u00e3o Social \u2013 Jornalismo na Universidade Pontif\u00edcia Bolivariana de Bucaramanga, na Col\u00f4mbia e completou seu mestrado em jornalismo na Universidade do Texas em Austin. Silvia trabalhou na Relatoria para a Liberdade de Express\u00e3o da CIDH pela bolsa Orlando Sierra, em 2014. Trabalhou para o jornal Vanguardia Liberal e escreveu para outras revistas colombianas cobrindo temas locais, econ\u00f4micas e judici\u00e1rias. Alguns de seus trabalhos apareceram no The Miami Herald e no El Nuevo Herald de Miami.\",\"sameAs\":[\"https:\\\/\\\/x.com\\\/shiguerita\"],\"url\":\"https:\\\/\\\/latamjournalismreview.org\\\/es\\\/articles\\\/author\\\/silvia-higuera\\\/\"}]}<\/script>\n<!-- \/ Yoast SEO Premium plugin. -->","yoast_head_json":{"title":"Diferentes reacciones ante fallo que posterg\u00f3 entrada en vigencia de Ley de Medios en Argentina - LatAm Journalism Review","description":"Diferentes reacciones ante fallo que posterg\u00f3 entrada en vigencia de Ley de Medios en Argentina Acceso a la Informaci\u00f3n. Latin American Journalism Review by The Knight Center at The University of Texas at Austin.","robots":{"index":"index","follow":"follow","max-snippet":"max-snippet:-1","max-image-preview":"max-image-preview:large","max-video-preview":"max-video-preview:-1"},"canonical":"https:\/\/latamjournalismreview.org\/es\/articles\/diferentes-reacciones-ante-fallo-que-postergo-entrada-en-vigencia-de-ley-de-medios-en-argentina\/","og_locale":"es_ES","og_type":"article","og_title":"Diferentes reacciones ante fallo que posterg\u00f3 entrada en vigencia de Ley de Medios en Argentina","og_description":"Diferentes reacciones ante fallo que posterg\u00f3 entrada en vigencia de Ley de Medios en Argentina Acceso a la Informaci\u00f3n. Latin American Journalism Review by The Knight Center at The University of Texas at Austin.","og_url":"https:\/\/latamjournalismreview.org\/es\/articles\/diferentes-reacciones-ante-fallo-que-postergo-entrada-en-vigencia-de-ley-de-medios-en-argentina\/","og_site_name":"LatAm Journalism Review","article_published_time":"2012-12-07T17:34:26+00:00","article_modified_time":"2021-09-30T17:35:35+00:00","author":"Silvia Higuera","twitter_card":"summary_large_image","twitter_creator":"@shiguerita","twitter_site":"@LatAmJournalism","twitter_misc":{"Written by":"Silvia Higuera","Est. reading time":"2 minutos"},"schema":{"@context":"https:\/\/schema.org","@graph":[{"@type":"Article","@id":"https:\/\/latamjournalismreview.org\/es\/articles\/diferentes-reacciones-ante-fallo-que-postergo-entrada-en-vigencia-de-ley-de-medios-en-argentina\/#article","isPartOf":{"@id":"https:\/\/latamjournalismreview.org\/es\/articles\/diferentes-reacciones-ante-fallo-que-postergo-entrada-en-vigencia-de-ley-de-medios-en-argentina\/"},"author":{"name":"Silvia Higuera","@id":"https:\/\/latamjournalismreview.org\/es\/#\/schema\/person\/eac7baa6afada0957e047be9fc15703a"},"headline":"Diferentes reacciones ante fallo que posterg\u00f3 entrada en vigencia de Ley de Medios en Argentina","datePublished":"2012-12-07T17:34:26+00:00","dateModified":"2021-09-30T17:35:35+00:00","mainEntityOfPage":{"@id":"https:\/\/latamjournalismreview.org\/es\/articles\/diferentes-reacciones-ante-fallo-que-postergo-entrada-en-vigencia-de-ley-de-medios-en-argentina\/"},"wordCount":429,"publisher":{"@id":"https:\/\/latamjournalismreview.org\/es\/#organization"},"keywords":["Argentina","Concesiones de radio y TV","Legislaci\u00f3n","Radio y TV"],"articleSection":["Acceso a la Informaci\u00f3n"],"inLanguage":"es"},{"@type":"WebPage","@id":"https:\/\/latamjournalismreview.org\/es\/articles\/diferentes-reacciones-ante-fallo-que-postergo-entrada-en-vigencia-de-ley-de-medios-en-argentina\/","url":"https:\/\/latamjournalismreview.org\/es\/articles\/diferentes-reacciones-ante-fallo-que-postergo-entrada-en-vigencia-de-ley-de-medios-en-argentina\/","name":"Diferentes reacciones ante fallo que posterg\u00f3 entrada en vigencia de Ley de Medios en Argentina - LatAm Journalism Review","isPartOf":{"@id":"https:\/\/latamjournalismreview.org\/es\/#website"},"datePublished":"2012-12-07T17:34:26+00:00","dateModified":"2021-09-30T17:35:35+00:00","description":"Diferentes reacciones ante fallo que posterg\u00f3 entrada en vigencia de Ley de Medios en Argentina Acceso a la Informaci\u00f3n. Latin American Journalism Review by The Knight Center at The University of Texas at Austin.","breadcrumb":{"@id":"https:\/\/latamjournalismreview.org\/es\/articles\/diferentes-reacciones-ante-fallo-que-postergo-entrada-en-vigencia-de-ley-de-medios-en-argentina\/#breadcrumb"},"inLanguage":"es","potentialAction":[{"@type":"ReadAction","target":["https:\/\/latamjournalismreview.org\/es\/articles\/diferentes-reacciones-ante-fallo-que-postergo-entrada-en-vigencia-de-ley-de-medios-en-argentina\/"]}]},{"@type":"BreadcrumbList","@id":"https:\/\/latamjournalismreview.org\/es\/articles\/diferentes-reacciones-ante-fallo-que-postergo-entrada-en-vigencia-de-ley-de-medios-en-argentina\/#breadcrumb","itemListElement":[{"@type":"ListItem","position":1,"name":"Home","item":"https:\/\/latamjournalismreview.org\/es\/"},{"@type":"ListItem","position":2,"name":"Diferentes reacciones ante fallo que posterg\u00f3 entrada en vigencia de Ley de Medios en Argentina"}]},{"@type":"WebSite","@id":"https:\/\/latamjournalismreview.org\/es\/#website","url":"https:\/\/latamjournalismreview.org\/es\/","name":"LatAm Journalism Review","description":"Knight Center at The University of Texas","publisher":{"@id":"https:\/\/latamjournalismreview.org\/es\/#organization"},"potentialAction":[{"@type":"SearchAction","target":{"@type":"EntryPoint","urlTemplate":"https:\/\/latamjournalismreview.org\/es\/?s={search_term_string}"},"query-input":{"@type":"PropertyValueSpecification","valueRequired":true,"valueName":"search_term_string"}}],"inLanguage":"es"},{"@type":"Organization","@id":"https:\/\/latamjournalismreview.org\/es\/#organization","name":"LatAm Journalism Review","url":"https:\/\/latamjournalismreview.org\/es\/","logo":{"@type":"ImageObject","inLanguage":"es","@id":"https:\/\/latamjournalismreview.org\/es\/#\/schema\/logo\/image\/","url":"https:\/\/latamjournalismreview.org\/wp-content\/uploads\/2020\/05\/knight-latAm-review-logo.svg","contentUrl":"https:\/\/latamjournalismreview.org\/wp-content\/uploads\/2020\/05\/knight-latAm-review-logo.svg","width":"1024","height":"1024","caption":"LatAm Journalism Review"},"image":{"@id":"https:\/\/latamjournalismreview.org\/es\/#\/schema\/logo\/image\/"},"sameAs":["https:\/\/x.com\/LatAmJournalism"]},{"@type":"Person","@id":"https:\/\/latamjournalismreview.org\/es\/#\/schema\/person\/eac7baa6afada0957e047be9fc15703a","name":"Silvia Higuera","description":"Silvia A. Higuera Fl\u00f3rez is a Colombian journalist interested in covering Latin American issues and human rights, especially the right to freedom of expression, and investigative journalism. She studied Social Communication and Journalism at Universidad Pontificia Bolivariana in Bucaramanga (Colombia), and received her Master's of Arts in Journalism from the University of Texas at Austin in 2015. She worked with the Office of the Special Rapporteur for Freedom of Expression of the Inter-American Commission on Human Rights (IACHR) under the Orlando Sierra fellowship during 2014. She also worked for the Colombian newspaper Vanguardia Liberal and wrote for different magazines about local, economic and public order issues. Her work has also appeared in The Miami Herald and El Nuevo Herald of Miami. Email: silvia.knightcenter@gmail.com Silvia A. Higuera Fl\u00f3rez es una periodista colombiana con inter\u00e9s period\u00edstico es Am\u00e9rica Latina y los derechos humanos, particularmente el derecho a la libertad de expresi\u00f3n, as\u00ed como el periodismo de investigaci\u00f3n. Estudi\u00f3 Comunicaci\u00f3n Social \u2013 Periodismo en la Universidad Pontificia Bolivariana de Bucaramanga (Colombia), y recibi\u00f3 su maestr\u00eda en Periodismo en la Universidad de Texas, en Austin en 2015. Trabaj\u00f3 para la Relator\u00eda Especial para la Libertad de Expresi\u00f3n de la Comisi\u00f3n Interamericana de Derechos Humanos (CIDH) en el marco de la beca Orlando Sierra, durante 2014. Tambi\u00e9n hizo parte del diario Vanguardia Liberal y escribi\u00f3 para otras revistas colombianas cubriendo fuentes locales, econ\u00f3micas y judiciales. Algunos de sus trabajos han aparecido en The Miami Herald y El Nuevo Herald de Miami. Silvia A. Higuera Fl\u00f3rez \u00e9 uma jornalista colombiana e seu interesse jornal\u00edstico \u00e9 a Am\u00e9rica Latina e os direitos humanos, nomeadamente o direito \u00e0 liberdade de express\u00e3o. Estudou Comunica\u00e7\u00e3o Social \u2013 Jornalismo na Universidade Pontif\u00edcia Bolivariana de Bucaramanga, na Col\u00f4mbia e completou seu mestrado em jornalismo na Universidade do Texas em Austin. Silvia trabalhou na Relatoria para a Liberdade de Express\u00e3o da CIDH pela bolsa Orlando Sierra, em 2014. Trabalhou para o jornal Vanguardia Liberal e escreveu para outras revistas colombianas cobrindo temas locais, econ\u00f4micas e judici\u00e1rias. Alguns de seus trabalhos apareceram no The Miami Herald e no El Nuevo Herald de Miami.","sameAs":["https:\/\/x.com\/shiguerita"],"url":"https:\/\/latamjournalismreview.org\/es\/articles\/author\/silvia-higuera\/"}]}},"_links":{"self":[{"href":"https:\/\/latamjournalismreview.org\/es\/wp-json\/wp\/v2\/posts\/34807","targetHints":{"allow":["GET"]}}],"collection":[{"href":"https:\/\/latamjournalismreview.org\/es\/wp-json\/wp\/v2\/posts"}],"about":[{"href":"https:\/\/latamjournalismreview.org\/es\/wp-json\/wp\/v2\/types\/post"}],"author":[{"embeddable":true,"href":"https:\/\/latamjournalismreview.org\/es\/wp-json\/wp\/v2\/users\/13"}],"replies":[{"embeddable":true,"href":"https:\/\/latamjournalismreview.org\/es\/wp-json\/wp\/v2\/comments?post=34807"}],"version-history":[{"count":2,"href":"https:\/\/latamjournalismreview.org\/es\/wp-json\/wp\/v2\/posts\/34807\/revisions"}],"predecessor-version":[{"id":34811,"href":"https:\/\/latamjournalismreview.org\/es\/wp-json\/wp\/v2\/posts\/34807\/revisions\/34811"}],"wp:attachment":[{"href":"https:\/\/latamjournalismreview.org\/es\/wp-json\/wp\/v2\/media?parent=34807"}],"wp:term":[{"taxonomy":"category","embeddable":true,"href":"https:\/\/latamjournalismreview.org\/es\/wp-json\/wp\/v2\/categories?post=34807"},{"taxonomy":"post_tag","embeddable":true,"href":"https:\/\/latamjournalismreview.org\/es\/wp-json\/wp\/v2\/tags?post=34807"},{"taxonomy":"author","embeddable":true,"href":"https:\/\/latamjournalismreview.org\/es\/wp-json\/wp\/v2\/coauthors?post=34807"}],"curies":[{"name":"wp","href":"https:\/\/api.w.org\/{rel}","templated":true}]}}