{"id":34894,"date":"2012-12-05T13:56:59","date_gmt":"2012-12-05T18:56:59","guid":{"rendered":"https:\/\/latamjournalismreview.org\/?p=34894"},"modified":"2021-09-30T13:58:28","modified_gmt":"2021-09-30T18:58:28","slug":"escoltas-de-procurador-golpean-a-reportero-en-coahuila-mexico","status":"publish","type":"post","link":"https:\/\/latamjournalismreview.org\/es\/articles\/escoltas-de-procurador-golpean-a-reportero-en-coahuila-mexico\/","title":{"rendered":"Escoltas de procurador golpean a reportero en Coahuila, M\u00e9xico"},"content":{"rendered":"<p>Un escolta del procurador del estado de\u00a0<a href=\"http:\/\/www.coahuila.gob.mx\/\" target=\"_blank\" rel=\"noopener\">Coahuila<\/a>\u00a0en M\u00e9xico\u00a0<a href=\"http:\/\/www.animalpolitico.com\/2012\/12\/escolta-de-procurador-de-coahuila-agrede-a-reportero\/#ixzz2EDFFwc9X\" target=\"_blank\" rel=\"noopener\">golpe\u00f3 brutalmente al corresponsal de Televisa<\/a>, Milton Andr\u00e9s Mart\u00ednez, de acuerdo con el sitio Animal Pol\u00edtico.<\/p>\n<p>El conductor de radio de\u00a0<a href=\"http:\/\/www.envivoradio.tv\/\" target=\"_blank\" rel=\"noopener\">En Vivo Radio<\/a>\u00a0y\u00a0<a href=\"http:\/\/noticierostelevisa.esmas.com\/estados\/533491\/agreden-camarografo-televisa-coahuila\/\" target=\"_blank\" rel=\"noopener\">reportero de televisi\u00f3n fue dado de alta del hospital<\/a>\u00a0en el que estuvo internado por unas horas debido a los golpes que recibi\u00f3 en el cr\u00e1neo, seg\u00fan inform\u00f3 Noticieros Televisa.<\/p>\n<p>El escolta Jorge Ricardo Torres Nery, quien trabaja para el procurador estatal, confes\u00f3 que \u00e9l y otros dos de sus colegas\u00a0<a href=\"http:\/\/www.radioformula.com.mx\/notas.asp?Idn=288676\" target=\"_blank\" rel=\"noopener\">agredieron al reportero<\/a>\u00a0el martes 4 de diciembre debido a un conflicto vehicular, de acuerdo con la agencia Notimex.<\/p>\n<p>El\u00a0<a href=\"http:\/\/articulo19.org\/alerta-mexico-agreden-a-periodista-en-saltillo-coahuila-tres-semanas-despues-de-ser-amenazado\/\" target=\"_blank\" rel=\"noopener\">reportero denunci\u00f3 que antes hab\u00eda recibido cuatro amenazas an\u00f3nimas<\/a>\u00a0el pasado 12 de noviembre para exigirle que dejara de hablar de la Procuradur\u00eda estatal, de acuerdo con la organizaci\u00f3n Art\u00edculo 19.<\/p>\n<p>Hace m\u00e1s de un a\u00f1o, el periodista tambi\u00e9n fue privado de su libertad y recibi\u00f3 amenazas de muerte por parte de elementos de la Fiscal\u00eda Estatal por haber realizado una cobertura de enfrentamientos entre polic\u00edas y delincuentes, seg\u00fan la misma organizaci\u00f3n.<\/p>\n<p><span class=\"hps\"><em>Nota del editor: Esta historia fue publicada originalmente en el blog Periodismo en las Am\u00e9ricas del Centro Knight, el predecesor de LatAm Journalism Review.<\/em><\/span><\/p>\n","protected":false},"excerpt":{"rendered":"<p>Un escolta del procurador del estado de\u00a0Coahuila\u00a0en M\u00e9xico\u00a0golpe\u00f3 brutalmente al corresponsal de Televisa, Milton Andr\u00e9s Mart\u00ednez, de acuerdo con el sitio Animal Pol\u00edtico.<\/p>\n","protected":false},"author":40,"featured_media":0,"comment_status":"closed","ping_status":"closed","sticky":false,"template":"","format":"standard","meta":{"inline_featured_image":false,"footnotes":""},"categories":[1222],"tags":[1393],"coauthors":[],"class_list":["post-34894","post","type-post","status-publish","format-standard","hentry","category-violencia-contra-periodistas-es","tag-mexico-es"],"acf":[],"yoast_head":"<!-- This site is optimized with the Yoast SEO Premium plugin v22.6 (Yoast SEO v27.4) - https:\/\/yoast.com\/product\/yoast-seo-premium-wordpress\/ -->\n<title>Escoltas de procurador golpean a reportero en Coahuila, M\u00e9xico - LatAm Journalism Review<\/title>\n<meta name=\"description\" content=\"Escoltas de procurador golpean a reportero en Coahuila, M\u00e9xico Violencia contra periodistas. Latin American Journalism Review by The Knight Center at The University of Texas at Austin.\" \/>\n<meta name=\"robots\" content=\"index, follow, max-snippet:-1, max-image-preview:large, max-video-preview:-1\" \/>\n<link rel=\"canonical\" href=\"https:\/\/latamjournalismreview.org\/es\/articles\/escoltas-de-procurador-golpean-a-reportero-en-coahuila-mexico\/\" \/>\n<meta property=\"og:locale\" content=\"es_ES\" \/>\n<meta property=\"og:type\" content=\"article\" \/>\n<meta property=\"og:title\" content=\"Escoltas de procurador golpean a reportero en Coahuila, M\u00e9xico\" \/>\n<meta property=\"og:description\" content=\"Escoltas de procurador golpean a reportero en Coahuila, M\u00e9xico Violencia contra periodistas. Latin American Journalism Review by The Knight Center at The University of Texas at Austin.\" \/>\n<meta property=\"og:url\" content=\"https:\/\/latamjournalismreview.org\/es\/articles\/escoltas-de-procurador-golpean-a-reportero-en-coahuila-mexico\/\" \/>\n<meta property=\"og:site_name\" content=\"LatAm Journalism Review\" \/>\n<meta property=\"article:published_time\" content=\"2012-12-05T18:56:59+00:00\" \/>\n<meta property=\"article:modified_time\" content=\"2021-09-30T18:58:28+00:00\" \/>\n<meta name=\"author\" content=\"Tania Lara\" \/>\n<meta name=\"twitter:card\" content=\"summary_large_image\" \/>\n<meta name=\"twitter:creator\" content=\"@LatAmJournalism\" \/>\n<meta name=\"twitter:site\" content=\"@LatAmJournalism\" \/>\n<meta name=\"twitter:label1\" content=\"Written by\" \/>\n\t<meta name=\"twitter:data1\" content=\"Tania Lara\" \/>\n\t<meta name=\"twitter:label2\" content=\"Est. reading time\" \/>\n\t<meta name=\"twitter:data2\" content=\"1 minuto\" \/>\n<script type=\"application\/ld+json\" class=\"yoast-schema-graph\">{\"@context\":\"https:\\\/\\\/schema.org\",\"@graph\":[{\"@type\":\"Article\",\"@id\":\"https:\\\/\\\/latamjournalismreview.org\\\/es\\\/articles\\\/escoltas-de-procurador-golpean-a-reportero-en-coahuila-mexico\\\/#article\",\"isPartOf\":{\"@id\":\"https:\\\/\\\/latamjournalismreview.org\\\/es\\\/articles\\\/escoltas-de-procurador-golpean-a-reportero-en-coahuila-mexico\\\/\"},\"author\":{\"name\":\"Tania Lara\",\"@id\":\"https:\\\/\\\/latamjournalismreview.org\\\/es\\\/#\\\/schema\\\/person\\\/51558925140f21242c6ed2d20b8260c5\"},\"headline\":\"Escoltas de procurador golpean a reportero en Coahuila, M\u00e9xico\",\"datePublished\":\"2012-12-05T18:56:59+00:00\",\"dateModified\":\"2021-09-30T18:58:28+00:00\",\"mainEntityOfPage\":{\"@id\":\"https:\\\/\\\/latamjournalismreview.org\\\/es\\\/articles\\\/escoltas-de-procurador-golpean-a-reportero-en-coahuila-mexico\\\/\"},\"wordCount\":229,\"publisher\":{\"@id\":\"https:\\\/\\\/latamjournalismreview.org\\\/es\\\/#organization\"},\"keywords\":[\"M\u00e9xico\"],\"articleSection\":[\"Violencia contra periodistas\"],\"inLanguage\":\"es\"},{\"@type\":\"WebPage\",\"@id\":\"https:\\\/\\\/latamjournalismreview.org\\\/es\\\/articles\\\/escoltas-de-procurador-golpean-a-reportero-en-coahuila-mexico\\\/\",\"url\":\"https:\\\/\\\/latamjournalismreview.org\\\/es\\\/articles\\\/escoltas-de-procurador-golpean-a-reportero-en-coahuila-mexico\\\/\",\"name\":\"Escoltas de procurador golpean a reportero en Coahuila, M\u00e9xico - LatAm Journalism Review\",\"isPartOf\":{\"@id\":\"https:\\\/\\\/latamjournalismreview.org\\\/es\\\/#website\"},\"datePublished\":\"2012-12-05T18:56:59+00:00\",\"dateModified\":\"2021-09-30T18:58:28+00:00\",\"description\":\"Escoltas de procurador golpean a reportero en Coahuila, M\u00e9xico Violencia contra periodistas. Latin American Journalism Review by The Knight Center at The University of Texas at Austin.\",\"breadcrumb\":{\"@id\":\"https:\\\/\\\/latamjournalismreview.org\\\/es\\\/articles\\\/escoltas-de-procurador-golpean-a-reportero-en-coahuila-mexico\\\/#breadcrumb\"},\"inLanguage\":\"es\",\"potentialAction\":[{\"@type\":\"ReadAction\",\"target\":[\"https:\\\/\\\/latamjournalismreview.org\\\/es\\\/articles\\\/escoltas-de-procurador-golpean-a-reportero-en-coahuila-mexico\\\/\"]}]},{\"@type\":\"BreadcrumbList\",\"@id\":\"https:\\\/\\\/latamjournalismreview.org\\\/es\\\/articles\\\/escoltas-de-procurador-golpean-a-reportero-en-coahuila-mexico\\\/#breadcrumb\",\"itemListElement\":[{\"@type\":\"ListItem\",\"position\":1,\"name\":\"Home\",\"item\":\"https:\\\/\\\/latamjournalismreview.org\\\/es\\\/\"},{\"@type\":\"ListItem\",\"position\":2,\"name\":\"Escoltas de procurador golpean a reportero en Coahuila, M\u00e9xico\"}]},{\"@type\":\"WebSite\",\"@id\":\"https:\\\/\\\/latamjournalismreview.org\\\/es\\\/#website\",\"url\":\"https:\\\/\\\/latamjournalismreview.org\\\/es\\\/\",\"name\":\"LatAm Journalism Review\",\"description\":\"Knight Center at The University of Texas\",\"publisher\":{\"@id\":\"https:\\\/\\\/latamjournalismreview.org\\\/es\\\/#organization\"},\"potentialAction\":[{\"@type\":\"SearchAction\",\"target\":{\"@type\":\"EntryPoint\",\"urlTemplate\":\"https:\\\/\\\/latamjournalismreview.org\\\/es\\\/?s={search_term_string}\"},\"query-input\":{\"@type\":\"PropertyValueSpecification\",\"valueRequired\":true,\"valueName\":\"search_term_string\"}}],\"inLanguage\":\"es\"},{\"@type\":\"Organization\",\"@id\":\"https:\\\/\\\/latamjournalismreview.org\\\/es\\\/#organization\",\"name\":\"LatAm Journalism Review\",\"url\":\"https:\\\/\\\/latamjournalismreview.org\\\/es\\\/\",\"logo\":{\"@type\":\"ImageObject\",\"inLanguage\":\"es\",\"@id\":\"https:\\\/\\\/latamjournalismreview.org\\\/es\\\/#\\\/schema\\\/logo\\\/image\\\/\",\"url\":\"https:\\\/\\\/latamjournalismreview.org\\\/wp-content\\\/uploads\\\/2020\\\/05\\\/knight-latAm-review-logo.svg\",\"contentUrl\":\"https:\\\/\\\/latamjournalismreview.org\\\/wp-content\\\/uploads\\\/2020\\\/05\\\/knight-latAm-review-logo.svg\",\"width\":\"1024\",\"height\":\"1024\",\"caption\":\"LatAm Journalism Review\"},\"image\":{\"@id\":\"https:\\\/\\\/latamjournalismreview.org\\\/es\\\/#\\\/schema\\\/logo\\\/image\\\/\"},\"sameAs\":[\"https:\\\/\\\/x.com\\\/LatAmJournalism\"]},{\"@type\":\"Person\",\"@id\":\"https:\\\/\\\/latamjournalismreview.org\\\/es\\\/#\\\/schema\\\/person\\\/51558925140f21242c6ed2d20b8260c5\",\"name\":\"Tania Lara\",\"url\":\"https:\\\/\\\/latamjournalismreview.org\\\/es\\\/articles\\\/author\\\/tania-lara\\\/\"}]}<\/script>\n<!-- \/ Yoast SEO Premium plugin. -->","yoast_head_json":{"title":"Escoltas de procurador golpean a reportero en Coahuila, M\u00e9xico - LatAm Journalism Review","description":"Escoltas de procurador golpean a reportero en Coahuila, M\u00e9xico Violencia contra periodistas. Latin American Journalism Review by The Knight Center at The University of Texas at Austin.","robots":{"index":"index","follow":"follow","max-snippet":"max-snippet:-1","max-image-preview":"max-image-preview:large","max-video-preview":"max-video-preview:-1"},"canonical":"https:\/\/latamjournalismreview.org\/es\/articles\/escoltas-de-procurador-golpean-a-reportero-en-coahuila-mexico\/","og_locale":"es_ES","og_type":"article","og_title":"Escoltas de procurador golpean a reportero en Coahuila, M\u00e9xico","og_description":"Escoltas de procurador golpean a reportero en Coahuila, M\u00e9xico Violencia contra periodistas. Latin American Journalism Review by The Knight Center at The University of Texas at Austin.","og_url":"https:\/\/latamjournalismreview.org\/es\/articles\/escoltas-de-procurador-golpean-a-reportero-en-coahuila-mexico\/","og_site_name":"LatAm Journalism Review","article_published_time":"2012-12-05T18:56:59+00:00","article_modified_time":"2021-09-30T18:58:28+00:00","author":"Tania Lara","twitter_card":"summary_large_image","twitter_creator":"@LatAmJournalism","twitter_site":"@LatAmJournalism","twitter_misc":{"Written by":"Tania Lara","Est. reading time":"1 minuto"},"schema":{"@context":"https:\/\/schema.org","@graph":[{"@type":"Article","@id":"https:\/\/latamjournalismreview.org\/es\/articles\/escoltas-de-procurador-golpean-a-reportero-en-coahuila-mexico\/#article","isPartOf":{"@id":"https:\/\/latamjournalismreview.org\/es\/articles\/escoltas-de-procurador-golpean-a-reportero-en-coahuila-mexico\/"},"author":{"name":"Tania Lara","@id":"https:\/\/latamjournalismreview.org\/es\/#\/schema\/person\/51558925140f21242c6ed2d20b8260c5"},"headline":"Escoltas de procurador golpean a reportero en Coahuila, M\u00e9xico","datePublished":"2012-12-05T18:56:59+00:00","dateModified":"2021-09-30T18:58:28+00:00","mainEntityOfPage":{"@id":"https:\/\/latamjournalismreview.org\/es\/articles\/escoltas-de-procurador-golpean-a-reportero-en-coahuila-mexico\/"},"wordCount":229,"publisher":{"@id":"https:\/\/latamjournalismreview.org\/es\/#organization"},"keywords":["M\u00e9xico"],"articleSection":["Violencia contra periodistas"],"inLanguage":"es"},{"@type":"WebPage","@id":"https:\/\/latamjournalismreview.org\/es\/articles\/escoltas-de-procurador-golpean-a-reportero-en-coahuila-mexico\/","url":"https:\/\/latamjournalismreview.org\/es\/articles\/escoltas-de-procurador-golpean-a-reportero-en-coahuila-mexico\/","name":"Escoltas de procurador golpean a reportero en Coahuila, M\u00e9xico - LatAm Journalism Review","isPartOf":{"@id":"https:\/\/latamjournalismreview.org\/es\/#website"},"datePublished":"2012-12-05T18:56:59+00:00","dateModified":"2021-09-30T18:58:28+00:00","description":"Escoltas de procurador golpean a reportero en Coahuila, M\u00e9xico Violencia contra periodistas. Latin American Journalism Review by The Knight Center at The University of Texas at Austin.","breadcrumb":{"@id":"https:\/\/latamjournalismreview.org\/es\/articles\/escoltas-de-procurador-golpean-a-reportero-en-coahuila-mexico\/#breadcrumb"},"inLanguage":"es","potentialAction":[{"@type":"ReadAction","target":["https:\/\/latamjournalismreview.org\/es\/articles\/escoltas-de-procurador-golpean-a-reportero-en-coahuila-mexico\/"]}]},{"@type":"BreadcrumbList","@id":"https:\/\/latamjournalismreview.org\/es\/articles\/escoltas-de-procurador-golpean-a-reportero-en-coahuila-mexico\/#breadcrumb","itemListElement":[{"@type":"ListItem","position":1,"name":"Home","item":"https:\/\/latamjournalismreview.org\/es\/"},{"@type":"ListItem","position":2,"name":"Escoltas de procurador golpean a reportero en Coahuila, M\u00e9xico"}]},{"@type":"WebSite","@id":"https:\/\/latamjournalismreview.org\/es\/#website","url":"https:\/\/latamjournalismreview.org\/es\/","name":"LatAm Journalism Review","description":"Knight Center at The University of Texas","publisher":{"@id":"https:\/\/latamjournalismreview.org\/es\/#organization"},"potentialAction":[{"@type":"SearchAction","target":{"@type":"EntryPoint","urlTemplate":"https:\/\/latamjournalismreview.org\/es\/?s={search_term_string}"},"query-input":{"@type":"PropertyValueSpecification","valueRequired":true,"valueName":"search_term_string"}}],"inLanguage":"es"},{"@type":"Organization","@id":"https:\/\/latamjournalismreview.org\/es\/#organization","name":"LatAm Journalism Review","url":"https:\/\/latamjournalismreview.org\/es\/","logo":{"@type":"ImageObject","inLanguage":"es","@id":"https:\/\/latamjournalismreview.org\/es\/#\/schema\/logo\/image\/","url":"https:\/\/latamjournalismreview.org\/wp-content\/uploads\/2020\/05\/knight-latAm-review-logo.svg","contentUrl":"https:\/\/latamjournalismreview.org\/wp-content\/uploads\/2020\/05\/knight-latAm-review-logo.svg","width":"1024","height":"1024","caption":"LatAm Journalism Review"},"image":{"@id":"https:\/\/latamjournalismreview.org\/es\/#\/schema\/logo\/image\/"},"sameAs":["https:\/\/x.com\/LatAmJournalism"]},{"@type":"Person","@id":"https:\/\/latamjournalismreview.org\/es\/#\/schema\/person\/51558925140f21242c6ed2d20b8260c5","name":"Tania Lara","url":"https:\/\/latamjournalismreview.org\/es\/articles\/author\/tania-lara\/"}]}},"_links":{"self":[{"href":"https:\/\/latamjournalismreview.org\/es\/wp-json\/wp\/v2\/posts\/34894","targetHints":{"allow":["GET"]}}],"collection":[{"href":"https:\/\/latamjournalismreview.org\/es\/wp-json\/wp\/v2\/posts"}],"about":[{"href":"https:\/\/latamjournalismreview.org\/es\/wp-json\/wp\/v2\/types\/post"}],"author":[{"embeddable":true,"href":"https:\/\/latamjournalismreview.org\/es\/wp-json\/wp\/v2\/users\/40"}],"replies":[{"embeddable":true,"href":"https:\/\/latamjournalismreview.org\/es\/wp-json\/wp\/v2\/comments?post=34894"}],"version-history":[{"count":1,"href":"https:\/\/latamjournalismreview.org\/es\/wp-json\/wp\/v2\/posts\/34894\/revisions"}],"predecessor-version":[{"id":34896,"href":"https:\/\/latamjournalismreview.org\/es\/wp-json\/wp\/v2\/posts\/34894\/revisions\/34896"}],"wp:attachment":[{"href":"https:\/\/latamjournalismreview.org\/es\/wp-json\/wp\/v2\/media?parent=34894"}],"wp:term":[{"taxonomy":"category","embeddable":true,"href":"https:\/\/latamjournalismreview.org\/es\/wp-json\/wp\/v2\/categories?post=34894"},{"taxonomy":"post_tag","embeddable":true,"href":"https:\/\/latamjournalismreview.org\/es\/wp-json\/wp\/v2\/tags?post=34894"},{"taxonomy":"author","embeddable":true,"href":"https:\/\/latamjournalismreview.org\/es\/wp-json\/wp\/v2\/coauthors?post=34894"}],"curies":[{"name":"wp","href":"https:\/\/api.w.org\/{rel}","templated":true}]}}