{"id":35139,"date":"2013-02-26T14:10:56","date_gmt":"2013-02-26T19:10:56","guid":{"rendered":"https:\/\/latamjournalismreview.org\/?p=35139"},"modified":"2021-10-01T14:12:57","modified_gmt":"2021-10-01T19:12:57","slug":"asesinado-locutor-brasileno-que-denunciaba-crimenes-cometidos-en-el-pais","status":"publish","type":"post","link":"https:\/\/latamjournalismreview.org\/es\/articles\/asesinado-locutor-brasileno-que-denunciaba-crimenes-cometidos-en-el-pais\/","title":{"rendered":"Asesinado locutor brasile\u00f1o que denunciaba cr\u00edmenes cometidos en el pa\u00eds"},"content":{"rendered":"<p>Un\u00a0<a href=\"http:\/\/www.estadao.com.br\/noticias\/nacional,radialista-e-morto-no-interior-do-ce,1000252,0.htm\" target=\"_blank\" rel=\"noopener\">locutor radial reconocido por informar sobre las acciones de grupos criminales fue asesinado a tiros<\/a>\u00a0en el municipio de\u00a0<a href=\"http:\/\/pt.wikipedia.org\/wiki\/Jaguaribe\" target=\"_blank\" rel=\"noopener\">Jaguaribe<\/a>, interior del estado de Cear\u00e1, el pasado viernes 22 de febrero, de acuerdo con el peri\u00f3dico Estado de S. Paulo. Este es el\u00a0<a href=\"http:\/\/knightcenter.utexas.edu\/es\/blog\/00-12514-director-de-radio-brasilena-asesinado-al-frente-de-su-casa-se-convierte-en-primer-peri\" target=\"_blank\" rel=\"noopener\">segundo comunicador brasile\u00f1o asesinado desde principios del 2013<\/a>. El primero tambi\u00e9n trabajaba para una estaci\u00f3n radial en un municipio localizado al norte de R\u00edo de Janeiro, lejos del \u00e1rea metropolitana del estado.<\/p>\n<p>Mafaldo Bezerra Gois, de 51 a\u00f1os de edad, fue asesinado cuando se dirig\u00eda a R\u00e1dio Jaguaribe FM, donde presentaba un programa radial sobre asuntos policiales. Dos\u00a0<a href=\"http:\/\/g1.globo.com\/ceara\/noticia\/2013\/02\/radialista-e-assassinado-tiros-em-jaguaribe-no-ceara.html\" target=\"_blank\" rel=\"noopener\">hombres armados que se transportaban en una motocicleta dispararon contra Gois<\/a>, propin\u00e1ndole cinco disparos, dos en la cabeza y tres en el pecho, seg\u00fan G1. El locutor le hab\u00eda informado a la polic\u00eda que estuvo recibiendo amenazas durante varios d\u00edas.<\/p>\n<p>La encargada de investigar el caso cree que el\u00a0<a href=\"http:\/\/app.folha.com\/m\/noticia\/215154\" target=\"_blank\" rel=\"noopener\">asesinato puede estar relacionado con las denuncias que hac\u00eda Gois sobre los cr\u00edmenes que ocurren en la regi\u00f3n<\/a>. \"\u00c9l muri\u00f3 por motivos relacionados con la profesi\u00f3n. Despert\u00f3 la rabia de mucha gente\", dijo la investigadora a Folha de S. Paulo.<\/p>\n<p>El domingo, 24 de febrero, la polic\u00eda afirm\u00f3 que hab\u00eda identificado a los posibles asesinos y que\u00a0<a href=\"http:\/\/www.iguatunoticias.com\/2013\/02\/policia-identifica-os-assassinos-do.html\" target=\"_blank\" rel=\"noopener\">sospechaba que el crimen hab\u00eda sido ordenado por un traficante de drogas<\/a>\u00a0preso en la ciudad de Fortaleza, pero que operaba en Jaguaribe, inform\u00f3 el sitio web Iguatu Not\u00edcias.<\/p>\n<p>El\u00a0<a href=\"http:\/\/www.cpj.org\/pt\/2013\/02\/radialista-do-interior-e-morto-a-tiros-no-brasil.php\" target=\"_blank\" rel=\"noopener\">Comit\u00e9 para la Protecci\u00f3n de los Periodistas (CPJ) conden\u00f3 el asesinato<\/a>\u00a0e inst\u00f3 a las autoridades a actuar con rapidez para capturar a los sospechosos y a reducir la violencia contra los periodistas en el pa\u00eds. \"Con una ola de violencia mortal extendi\u00e9ndose por todo Brasil, el gobierno de la presidenta Dilma Rousseff debe tomar medidas decisivas para garantizar que los periodistas puedan trabajar sin miedo a la intimidaci\u00f3n\", dijo el coordinador senior del programa para las Am\u00e9ricas del CPJ, Carlos Laur\u00eda.<\/p>\n<p>El pa\u00eds fue catalogado por la organizaci\u00f3n Reporteros Sin Fronteras como el\u00a0<a href=\"http:\/\/knightcenter.utexas.edu\/es\/blog\/00-12456-brasil-termina-el-2012-entre-los-paises-mas-peligrosos-del-mundo-para-los-periodistas\" target=\"_blank\" rel=\"noopener\">quinto m\u00e1s peligroso del mundo para los periodistas en el 2012<\/a>. El a\u00f1o pasado, cinco periodistas fueron asesinados en el pa\u00eds por motivos relacionados con su profesi\u00f3n, mientras que otros, como el reportero investigativo\u00a0<a href=\"http:\/\/knightcenter.utexas.edu\/es\/blog\/00-12497-periodista-brasileno-amenazado-sale-del-pais-y-afirma-que-seguira-al-servicio-del-peri\" target=\"_blank\" rel=\"noopener\">Mauro K\u00f6nig<\/a>\u00a0y el reportero de Folha de S\u00e3o Paulo\u00a0<a href=\"http:\/\/portalimprensa.uol.com.br\/noticias\/brasil\/55569\/jornalista+andre+caramante+da+folha+retorna+do+exilio+apos+tres+meses\" target=\"_blank\" rel=\"noopener\">Andr\u00e9 Caramante<\/a>, tuvieron que abandonar el pa\u00eds debido a las amenazas.<\/p>\n<p><em>Nota del editor: Esta historia fue publicada originalmente en el blog Periodismo en las Am\u00e9ricas del Centro Knight, el predecesor de LatAm Journalism Review.<\/em><\/p>\n","protected":false},"excerpt":{"rendered":"<p>Un\u00a0locutor radial reconocido por informar sobre las acciones de grupos criminales fue asesinado a tiros\u00a0en el municipio de\u00a0Jaguaribe, interior del estado de Cear\u00e1, el pasado viernes 22 de febrero, de acuerdo con el peri\u00f3dico Estado de S. Paulo. Este es el\u00a0segundo comunicador brasile\u00f1o asesinado desde principios del 2013. El primero tambi\u00e9n trabajaba para una estaci\u00f3n radial en un municipio localizado al norte de R\u00edo de Janeiro, lejos del \u00e1rea metropolitana del estado.<\/p>\n","protected":false},"author":42,"featured_media":0,"comment_status":"closed","ping_status":"closed","sticky":false,"template":"","format":"standard","meta":{"inline_featured_image":false,"footnotes":""},"categories":[1222],"tags":[1479,1431],"coauthors":[],"class_list":["post-35139","post","type-post","status-publish","format-standard","hentry","category-violencia-contra-periodistas-es","tag-asesinato-de-periodistas-es","tag-radio-y-tv-es"],"acf":[],"yoast_head":"<!-- This site is optimized with the Yoast SEO Premium plugin v22.6 (Yoast SEO v27.4) - https:\/\/yoast.com\/product\/yoast-seo-premium-wordpress\/ -->\n<title>Asesinado locutor brasile\u00f1o que denunciaba cr\u00edmenes cometidos en el pa\u00eds - LatAm Journalism Review<\/title>\n<meta name=\"description\" content=\"Asesinado locutor brasile\u00f1o que denunciaba cr\u00edmenes cometidos en el pa\u00eds Violencia contra periodistas. Latin American Journalism Review by The Knight Center at The University of Texas at Austin.\" \/>\n<meta name=\"robots\" content=\"index, follow, max-snippet:-1, max-image-preview:large, max-video-preview:-1\" \/>\n<link rel=\"canonical\" href=\"https:\/\/latamjournalismreview.org\/es\/articles\/asesinado-locutor-brasileno-que-denunciaba-crimenes-cometidos-en-el-pais\/\" \/>\n<meta property=\"og:locale\" content=\"es_ES\" \/>\n<meta property=\"og:type\" content=\"article\" \/>\n<meta property=\"og:title\" content=\"Asesinado locutor brasile\u00f1o que denunciaba cr\u00edmenes cometidos en el pa\u00eds\" \/>\n<meta property=\"og:description\" content=\"Asesinado locutor brasile\u00f1o que denunciaba cr\u00edmenes cometidos en el pa\u00eds Violencia contra periodistas. Latin American Journalism Review by The Knight Center at The University of Texas at Austin.\" \/>\n<meta property=\"og:url\" content=\"https:\/\/latamjournalismreview.org\/es\/articles\/asesinado-locutor-brasileno-que-denunciaba-crimenes-cometidos-en-el-pais\/\" \/>\n<meta property=\"og:site_name\" content=\"LatAm Journalism Review\" \/>\n<meta property=\"article:published_time\" content=\"2013-02-26T19:10:56+00:00\" \/>\n<meta property=\"article:modified_time\" content=\"2021-10-01T19:12:57+00:00\" \/>\n<meta name=\"author\" content=\"Natalia Mazotte\" \/>\n<meta name=\"twitter:card\" content=\"summary_large_image\" \/>\n<meta name=\"twitter:creator\" content=\"@LatAmJournalism\" \/>\n<meta name=\"twitter:site\" content=\"@LatAmJournalism\" \/>\n<meta name=\"twitter:label1\" content=\"Written by\" \/>\n\t<meta name=\"twitter:data1\" content=\"Natalia Mazotte\" \/>\n\t<meta name=\"twitter:label2\" content=\"Est. reading time\" \/>\n\t<meta name=\"twitter:data2\" content=\"2 minutos\" \/>\n<script type=\"application\/ld+json\" class=\"yoast-schema-graph\">{\"@context\":\"https:\\\/\\\/schema.org\",\"@graph\":[{\"@type\":\"Article\",\"@id\":\"https:\\\/\\\/latamjournalismreview.org\\\/es\\\/articles\\\/asesinado-locutor-brasileno-que-denunciaba-crimenes-cometidos-en-el-pais\\\/#article\",\"isPartOf\":{\"@id\":\"https:\\\/\\\/latamjournalismreview.org\\\/es\\\/articles\\\/asesinado-locutor-brasileno-que-denunciaba-crimenes-cometidos-en-el-pais\\\/\"},\"author\":{\"name\":\"Natalia Mazotte\",\"@id\":\"https:\\\/\\\/latamjournalismreview.org\\\/es\\\/#\\\/schema\\\/person\\\/747457e530d741a9d192f00c32c7f884\"},\"headline\":\"Asesinado locutor brasile\u00f1o que denunciaba cr\u00edmenes cometidos en el pa\u00eds\",\"datePublished\":\"2013-02-26T19:10:56+00:00\",\"dateModified\":\"2021-10-01T19:12:57+00:00\",\"mainEntityOfPage\":{\"@id\":\"https:\\\/\\\/latamjournalismreview.org\\\/es\\\/articles\\\/asesinado-locutor-brasileno-que-denunciaba-crimenes-cometidos-en-el-pais\\\/\"},\"wordCount\":456,\"publisher\":{\"@id\":\"https:\\\/\\\/latamjournalismreview.org\\\/es\\\/#organization\"},\"keywords\":[\"Asesinato de periodista\",\"Radio y TV\"],\"articleSection\":[\"Violencia contra periodistas\"],\"inLanguage\":\"es\"},{\"@type\":\"WebPage\",\"@id\":\"https:\\\/\\\/latamjournalismreview.org\\\/es\\\/articles\\\/asesinado-locutor-brasileno-que-denunciaba-crimenes-cometidos-en-el-pais\\\/\",\"url\":\"https:\\\/\\\/latamjournalismreview.org\\\/es\\\/articles\\\/asesinado-locutor-brasileno-que-denunciaba-crimenes-cometidos-en-el-pais\\\/\",\"name\":\"Asesinado locutor brasile\u00f1o que denunciaba cr\u00edmenes cometidos en el pa\u00eds - LatAm Journalism Review\",\"isPartOf\":{\"@id\":\"https:\\\/\\\/latamjournalismreview.org\\\/es\\\/#website\"},\"datePublished\":\"2013-02-26T19:10:56+00:00\",\"dateModified\":\"2021-10-01T19:12:57+00:00\",\"description\":\"Asesinado locutor brasile\u00f1o que denunciaba cr\u00edmenes cometidos en el pa\u00eds Violencia contra periodistas. Latin American Journalism Review by The Knight Center at The University of Texas at Austin.\",\"breadcrumb\":{\"@id\":\"https:\\\/\\\/latamjournalismreview.org\\\/es\\\/articles\\\/asesinado-locutor-brasileno-que-denunciaba-crimenes-cometidos-en-el-pais\\\/#breadcrumb\"},\"inLanguage\":\"es\",\"potentialAction\":[{\"@type\":\"ReadAction\",\"target\":[\"https:\\\/\\\/latamjournalismreview.org\\\/es\\\/articles\\\/asesinado-locutor-brasileno-que-denunciaba-crimenes-cometidos-en-el-pais\\\/\"]}]},{\"@type\":\"BreadcrumbList\",\"@id\":\"https:\\\/\\\/latamjournalismreview.org\\\/es\\\/articles\\\/asesinado-locutor-brasileno-que-denunciaba-crimenes-cometidos-en-el-pais\\\/#breadcrumb\",\"itemListElement\":[{\"@type\":\"ListItem\",\"position\":1,\"name\":\"Home\",\"item\":\"https:\\\/\\\/latamjournalismreview.org\\\/es\\\/\"},{\"@type\":\"ListItem\",\"position\":2,\"name\":\"Asesinado locutor brasile\u00f1o que denunciaba cr\u00edmenes cometidos en el pa\u00eds\"}]},{\"@type\":\"WebSite\",\"@id\":\"https:\\\/\\\/latamjournalismreview.org\\\/es\\\/#website\",\"url\":\"https:\\\/\\\/latamjournalismreview.org\\\/es\\\/\",\"name\":\"LatAm Journalism Review\",\"description\":\"Knight Center at The University of Texas\",\"publisher\":{\"@id\":\"https:\\\/\\\/latamjournalismreview.org\\\/es\\\/#organization\"},\"potentialAction\":[{\"@type\":\"SearchAction\",\"target\":{\"@type\":\"EntryPoint\",\"urlTemplate\":\"https:\\\/\\\/latamjournalismreview.org\\\/es\\\/?s={search_term_string}\"},\"query-input\":{\"@type\":\"PropertyValueSpecification\",\"valueRequired\":true,\"valueName\":\"search_term_string\"}}],\"inLanguage\":\"es\"},{\"@type\":\"Organization\",\"@id\":\"https:\\\/\\\/latamjournalismreview.org\\\/es\\\/#organization\",\"name\":\"LatAm Journalism Review\",\"url\":\"https:\\\/\\\/latamjournalismreview.org\\\/es\\\/\",\"logo\":{\"@type\":\"ImageObject\",\"inLanguage\":\"es\",\"@id\":\"https:\\\/\\\/latamjournalismreview.org\\\/es\\\/#\\\/schema\\\/logo\\\/image\\\/\",\"url\":\"https:\\\/\\\/latamjournalismreview.org\\\/wp-content\\\/uploads\\\/2020\\\/05\\\/knight-latAm-review-logo.svg\",\"contentUrl\":\"https:\\\/\\\/latamjournalismreview.org\\\/wp-content\\\/uploads\\\/2020\\\/05\\\/knight-latAm-review-logo.svg\",\"width\":\"1024\",\"height\":\"1024\",\"caption\":\"LatAm Journalism Review\"},\"image\":{\"@id\":\"https:\\\/\\\/latamjournalismreview.org\\\/es\\\/#\\\/schema\\\/logo\\\/image\\\/\"},\"sameAs\":[\"https:\\\/\\\/x.com\\\/LatAmJournalism\"]},{\"@type\":\"Person\",\"@id\":\"https:\\\/\\\/latamjournalismreview.org\\\/es\\\/#\\\/schema\\\/person\\\/747457e530d741a9d192f00c32c7f884\",\"name\":\"Natalia Mazotte\",\"url\":\"https:\\\/\\\/latamjournalismreview.org\\\/es\\\/articles\\\/author\\\/natalia-mazotte\\\/\"}]}<\/script>\n<!-- \/ Yoast SEO Premium plugin. -->","yoast_head_json":{"title":"Asesinado locutor brasile\u00f1o que denunciaba cr\u00edmenes cometidos en el pa\u00eds - LatAm Journalism Review","description":"Asesinado locutor brasile\u00f1o que denunciaba cr\u00edmenes cometidos en el pa\u00eds Violencia contra periodistas. Latin American Journalism Review by The Knight Center at The University of Texas at Austin.","robots":{"index":"index","follow":"follow","max-snippet":"max-snippet:-1","max-image-preview":"max-image-preview:large","max-video-preview":"max-video-preview:-1"},"canonical":"https:\/\/latamjournalismreview.org\/es\/articles\/asesinado-locutor-brasileno-que-denunciaba-crimenes-cometidos-en-el-pais\/","og_locale":"es_ES","og_type":"article","og_title":"Asesinado locutor brasile\u00f1o que denunciaba cr\u00edmenes cometidos en el pa\u00eds","og_description":"Asesinado locutor brasile\u00f1o que denunciaba cr\u00edmenes cometidos en el pa\u00eds Violencia contra periodistas. Latin American Journalism Review by The Knight Center at The University of Texas at Austin.","og_url":"https:\/\/latamjournalismreview.org\/es\/articles\/asesinado-locutor-brasileno-que-denunciaba-crimenes-cometidos-en-el-pais\/","og_site_name":"LatAm Journalism Review","article_published_time":"2013-02-26T19:10:56+00:00","article_modified_time":"2021-10-01T19:12:57+00:00","author":"Natalia Mazotte","twitter_card":"summary_large_image","twitter_creator":"@LatAmJournalism","twitter_site":"@LatAmJournalism","twitter_misc":{"Written by":"Natalia Mazotte","Est. reading time":"2 minutos"},"schema":{"@context":"https:\/\/schema.org","@graph":[{"@type":"Article","@id":"https:\/\/latamjournalismreview.org\/es\/articles\/asesinado-locutor-brasileno-que-denunciaba-crimenes-cometidos-en-el-pais\/#article","isPartOf":{"@id":"https:\/\/latamjournalismreview.org\/es\/articles\/asesinado-locutor-brasileno-que-denunciaba-crimenes-cometidos-en-el-pais\/"},"author":{"name":"Natalia Mazotte","@id":"https:\/\/latamjournalismreview.org\/es\/#\/schema\/person\/747457e530d741a9d192f00c32c7f884"},"headline":"Asesinado locutor brasile\u00f1o que denunciaba cr\u00edmenes cometidos en el pa\u00eds","datePublished":"2013-02-26T19:10:56+00:00","dateModified":"2021-10-01T19:12:57+00:00","mainEntityOfPage":{"@id":"https:\/\/latamjournalismreview.org\/es\/articles\/asesinado-locutor-brasileno-que-denunciaba-crimenes-cometidos-en-el-pais\/"},"wordCount":456,"publisher":{"@id":"https:\/\/latamjournalismreview.org\/es\/#organization"},"keywords":["Asesinato de periodista","Radio y TV"],"articleSection":["Violencia contra periodistas"],"inLanguage":"es"},{"@type":"WebPage","@id":"https:\/\/latamjournalismreview.org\/es\/articles\/asesinado-locutor-brasileno-que-denunciaba-crimenes-cometidos-en-el-pais\/","url":"https:\/\/latamjournalismreview.org\/es\/articles\/asesinado-locutor-brasileno-que-denunciaba-crimenes-cometidos-en-el-pais\/","name":"Asesinado locutor brasile\u00f1o que denunciaba cr\u00edmenes cometidos en el pa\u00eds - LatAm Journalism Review","isPartOf":{"@id":"https:\/\/latamjournalismreview.org\/es\/#website"},"datePublished":"2013-02-26T19:10:56+00:00","dateModified":"2021-10-01T19:12:57+00:00","description":"Asesinado locutor brasile\u00f1o que denunciaba cr\u00edmenes cometidos en el pa\u00eds Violencia contra periodistas. Latin American Journalism Review by The Knight Center at The University of Texas at Austin.","breadcrumb":{"@id":"https:\/\/latamjournalismreview.org\/es\/articles\/asesinado-locutor-brasileno-que-denunciaba-crimenes-cometidos-en-el-pais\/#breadcrumb"},"inLanguage":"es","potentialAction":[{"@type":"ReadAction","target":["https:\/\/latamjournalismreview.org\/es\/articles\/asesinado-locutor-brasileno-que-denunciaba-crimenes-cometidos-en-el-pais\/"]}]},{"@type":"BreadcrumbList","@id":"https:\/\/latamjournalismreview.org\/es\/articles\/asesinado-locutor-brasileno-que-denunciaba-crimenes-cometidos-en-el-pais\/#breadcrumb","itemListElement":[{"@type":"ListItem","position":1,"name":"Home","item":"https:\/\/latamjournalismreview.org\/es\/"},{"@type":"ListItem","position":2,"name":"Asesinado locutor brasile\u00f1o que denunciaba cr\u00edmenes cometidos en el pa\u00eds"}]},{"@type":"WebSite","@id":"https:\/\/latamjournalismreview.org\/es\/#website","url":"https:\/\/latamjournalismreview.org\/es\/","name":"LatAm Journalism Review","description":"Knight Center at The University of Texas","publisher":{"@id":"https:\/\/latamjournalismreview.org\/es\/#organization"},"potentialAction":[{"@type":"SearchAction","target":{"@type":"EntryPoint","urlTemplate":"https:\/\/latamjournalismreview.org\/es\/?s={search_term_string}"},"query-input":{"@type":"PropertyValueSpecification","valueRequired":true,"valueName":"search_term_string"}}],"inLanguage":"es"},{"@type":"Organization","@id":"https:\/\/latamjournalismreview.org\/es\/#organization","name":"LatAm Journalism Review","url":"https:\/\/latamjournalismreview.org\/es\/","logo":{"@type":"ImageObject","inLanguage":"es","@id":"https:\/\/latamjournalismreview.org\/es\/#\/schema\/logo\/image\/","url":"https:\/\/latamjournalismreview.org\/wp-content\/uploads\/2020\/05\/knight-latAm-review-logo.svg","contentUrl":"https:\/\/latamjournalismreview.org\/wp-content\/uploads\/2020\/05\/knight-latAm-review-logo.svg","width":"1024","height":"1024","caption":"LatAm Journalism Review"},"image":{"@id":"https:\/\/latamjournalismreview.org\/es\/#\/schema\/logo\/image\/"},"sameAs":["https:\/\/x.com\/LatAmJournalism"]},{"@type":"Person","@id":"https:\/\/latamjournalismreview.org\/es\/#\/schema\/person\/747457e530d741a9d192f00c32c7f884","name":"Natalia Mazotte","url":"https:\/\/latamjournalismreview.org\/es\/articles\/author\/natalia-mazotte\/"}]}},"_links":{"self":[{"href":"https:\/\/latamjournalismreview.org\/es\/wp-json\/wp\/v2\/posts\/35139","targetHints":{"allow":["GET"]}}],"collection":[{"href":"https:\/\/latamjournalismreview.org\/es\/wp-json\/wp\/v2\/posts"}],"about":[{"href":"https:\/\/latamjournalismreview.org\/es\/wp-json\/wp\/v2\/types\/post"}],"author":[{"embeddable":true,"href":"https:\/\/latamjournalismreview.org\/es\/wp-json\/wp\/v2\/users\/42"}],"replies":[{"embeddable":true,"href":"https:\/\/latamjournalismreview.org\/es\/wp-json\/wp\/v2\/comments?post=35139"}],"version-history":[{"count":1,"href":"https:\/\/latamjournalismreview.org\/es\/wp-json\/wp\/v2\/posts\/35139\/revisions"}],"predecessor-version":[{"id":35141,"href":"https:\/\/latamjournalismreview.org\/es\/wp-json\/wp\/v2\/posts\/35139\/revisions\/35141"}],"wp:attachment":[{"href":"https:\/\/latamjournalismreview.org\/es\/wp-json\/wp\/v2\/media?parent=35139"}],"wp:term":[{"taxonomy":"category","embeddable":true,"href":"https:\/\/latamjournalismreview.org\/es\/wp-json\/wp\/v2\/categories?post=35139"},{"taxonomy":"post_tag","embeddable":true,"href":"https:\/\/latamjournalismreview.org\/es\/wp-json\/wp\/v2\/tags?post=35139"},{"taxonomy":"author","embeddable":true,"href":"https:\/\/latamjournalismreview.org\/es\/wp-json\/wp\/v2\/coauthors?post=35139"}],"curies":[{"name":"wp","href":"https:\/\/api.w.org\/{rel}","templated":true}]}}