{"id":36285,"date":"2013-01-15T14:49:14","date_gmt":"2013-01-15T19:49:14","guid":{"rendered":"https:\/\/latamjournalismreview.org\/?p=36285"},"modified":"2021-10-06T19:10:08","modified_gmt":"2021-10-07T00:10:08","slug":"usuarios-de-twitter-en-mexico-fungen-como-corresponsales-de-guerra-frente-a-vacio-informativo-segun-reporte","status":"publish","type":"post","link":"https:\/\/latamjournalismreview.org\/es\/articles\/usuarios-de-twitter-en-mexico-fungen-como-corresponsales-de-guerra-frente-a-vacio-informativo-segun-reporte\/","title":{"rendered":"Usuarios de Twitter en M\u00e9xico fungen como corresponsales de guerra frente a vac\u00edo informativo, seg\u00fan reporte"},"content":{"rendered":"<p>Un nuevo reporte de Microsoft Research destaca el papel que tienen de los <a href=\"http:\/\/www.clasesdeperiodismo.com\/2013\/01\/14\/mexico-twitter-es-el-lugar-mas-seguro-para-el-periodismo-ciudadano\/\" target=\"_blank\" rel=\"noopener\">usuarios de Twitter en M\u00e9xico para informar sobre la violencia del crimen organizado<\/a> como una alternativa a la <a href=\"http:\/\/knightcenter.utexas.edu\/es\/blog\/00-10098-periodico-el-manana-refrenda-autocensura-en-mexico-y-legislador-propone-multar-medios-\" target=\"_blank\" rel=\"noopener\">censura que ejercen las organizaciones criminales en los medios de comunicaci\u00f3n tradicionales<\/a>.<\/p>\n<p>El reporte \u201c<a href=\"http:\/\/research.microsoft.com\/en-us\/people\/amh\/cscw2013-civic-media-warfare.pdf\" target=\"_blank\" rel=\"noopener\">The New War Correspondents: The Rise of Civic Media Curation in Urban Warfare<\/a>\u201d analiza en forma cuantitativa y cualitativa la popularidad de etiquetas (hashtags) y tuits que informan sobre tiroteos y hechos violentos en ciudades afectadas por el crimen organizado. Aunque es com\u00fan que los ciudadanos de cualquier pa\u00eds acudan a las redes sociales para reportar crisis como desastres naturales, ataques terroristas, protestas civiles y tiroteos, el reporte se\u00f1ala que todos esos casos son hechos extraordinarios mientras que la guerra contra el narcotr\u00e1fico en M\u00e9xico es parte de la rutina diaria en esas ciudades.<\/p>\n<p>Los autores del reporte tambi\u00e9n entrevistaron a ciudadanos convertidos en curadores de contenido que dedican hasta 15 horas diarias y sin recibir pago alguno para <a href=\"http:\/\/mashable.com\/2013\/01\/14\/twitter-mexico-violence\/\" target=\"_blank\" rel=\"noopener\">informar sobre el crimen organizado<\/a> en sus ciudades, de acuerdo el sitio Mashable. La hip\u00f3tesis de los autores es que estos curadores y usuarios de Twitter han surgido para cubrir el vac\u00edo informativo que han dejado los medios tradicionales.<\/p>\n<p>\u201cComo otros conflictos armados, la Guerra contra el Narcotr\u00e1fico en M\u00e9xico es tambi\u00e9n una guerra por el control de la informaci\u00f3n\u201d, asegura el reporte que describe c\u00f3mo los medios mexicanos est\u00e1n sujetos a amenazas y presiones extremas para no reportar los hechos violentos de sus comunidades. Actualmente, <a href=\"https:\/\/knightcenter.utexas.edu\/es\/blog\/00-12156-2012-es-el-ano-mas-violento-contra-la-prensa-ipi\" target=\"_blank\" rel=\"noopener\">M\u00e9xico es uno de los pa\u00edses m\u00e1s peligrosos del mundo para los periodistas<\/a>, de acuerdo con el Instituto Internacional de Prensa (IPI).<\/p>\n<p>En 2010, un art\u00edculo del Washington Post inform\u00f3 que los grupos del crimen organizado dictan lo que se puede publicar o decir al aire a trav\u00e9s de llamadas telef\u00f3nicas diarias, correos electr\u00f3nicos e incluso, comunicados de prensa.<\/p>\n<p>El reporte tambi\u00e9n destaca que es necesario desarrollar estrategias y plataformas para <a href=\"http:\/\/knightcenter.utexas.edu\/es\/blog\/15-consejos-para-proteger-periodistas-en-internet-y-redes-sociales\" target=\"_blank\" rel=\"noopener\">verificar la informaci\u00f3n sin revelar la identidad de los usuarios<\/a> de esas redes sociales. En 2011, una <a href=\"http:\/\/knightcenter.utexas.edu\/es\/blog\/periodista-decapitada-en-mexico-usaba-redes-sociales-para-denuncias-anonimas\" target=\"_blank\" rel=\"noopener\">periodista mexicana fue decapitada<\/a> por sus denuncias an\u00f3nimas en un sitio de internet y antes, <a href=\"http:\/\/knightcenter.utexas.edu\/es\/blog\/dos-jovenes-aparecen-colgados-en-mexico-en-represalia-por-el-uso-de-redes-sociales\" target=\"_blank\" rel=\"noopener\">dos cad\u00e1veres mutilados y colgados portaban letreros amenazantes en contra de blogs<\/a> que reportan sobre el crimen organizado en <a href=\"http:\/\/www.nuevolaredo.gob.mx\/\" target=\"_blank\" rel=\"noopener\">Nuevo Laredo<\/a>, ciudad fronteriza con Texas.<\/p>\n<p><em>Nota del editor: Esta historia fue publicada originalmente en el blog Periodismo en las Am\u00e9ricas del Centro Knight, el predecesor de LatAm Journalism Review.<\/em><\/p>\n","protected":false},"excerpt":{"rendered":"<p>Un nuevo reporte de Microsoft Research destaca el papel que tienen de los usuarios de Twitter en M\u00e9xico para informar sobre la violencia del crimen organizado como una alternativa a la censura que ejercen las organizaciones criminales en los medios de comunicaci\u00f3n tradicionales.<\/p>\n","protected":false},"author":40,"featured_media":0,"comment_status":"closed","ping_status":"closed","sticky":false,"template":"","format":"standard","meta":{"inline_featured_image":false,"footnotes":""},"categories":[2074],"tags":[1404,1393,1499],"coauthors":[],"class_list":["post-36285","post","type-post","status-publish","format-standard","hentry","category-reportajes-especiales","tag-censura-es","tag-mexico-es","tag-periodismo-digital-es"],"acf":[],"yoast_head":"<!-- This site is optimized with the Yoast SEO Premium plugin v22.6 (Yoast SEO v27.4) - https:\/\/yoast.com\/product\/yoast-seo-premium-wordpress\/ -->\n<title>Usuarios de Twitter en M\u00e9xico fungen como corresponsales de guerra frente a vac\u00edo informativo, seg\u00fan reporte - LatAm Journalism Review<\/title>\n<meta name=\"description\" content=\"Usuarios de Twitter en M\u00e9xico fungen como corresponsales de guerra frente a vac\u00edo informativo, seg\u00fan reporte Reportajes especiales. Latin American Journalism Review by The Knight Center at The University of Texas at Austin.\" \/>\n<meta name=\"robots\" content=\"index, follow, max-snippet:-1, max-image-preview:large, max-video-preview:-1\" \/>\n<link rel=\"canonical\" href=\"https:\/\/latamjournalismreview.org\/es\/articles\/usuarios-de-twitter-en-mexico-fungen-como-corresponsales-de-guerra-frente-a-vacio-informativo-segun-reporte\/\" \/>\n<meta property=\"og:locale\" content=\"es_ES\" \/>\n<meta property=\"og:type\" content=\"article\" \/>\n<meta property=\"og:title\" content=\"Usuarios de Twitter en M\u00e9xico fungen como corresponsales de guerra frente a vac\u00edo informativo, seg\u00fan reporte\" \/>\n<meta property=\"og:description\" content=\"Usuarios de Twitter en M\u00e9xico fungen como corresponsales de guerra frente a vac\u00edo informativo, seg\u00fan reporte Reportajes especiales. Latin American Journalism Review by The Knight Center at The University of Texas at Austin.\" \/>\n<meta property=\"og:url\" content=\"https:\/\/latamjournalismreview.org\/es\/articles\/usuarios-de-twitter-en-mexico-fungen-como-corresponsales-de-guerra-frente-a-vacio-informativo-segun-reporte\/\" \/>\n<meta property=\"og:site_name\" content=\"LatAm Journalism Review\" \/>\n<meta property=\"article:published_time\" content=\"2013-01-15T19:49:14+00:00\" \/>\n<meta property=\"article:modified_time\" content=\"2021-10-07T00:10:08+00:00\" \/>\n<meta name=\"author\" content=\"Tania Lara\" \/>\n<meta name=\"twitter:card\" content=\"summary_large_image\" \/>\n<meta name=\"twitter:creator\" content=\"@LatAmJournalism\" \/>\n<meta name=\"twitter:site\" content=\"@LatAmJournalism\" \/>\n<meta name=\"twitter:label1\" content=\"Written by\" \/>\n\t<meta name=\"twitter:data1\" content=\"Tania Lara\" \/>\n\t<meta name=\"twitter:label2\" content=\"Est. reading time\" \/>\n\t<meta name=\"twitter:data2\" content=\"2 minutos\" \/>\n<script type=\"application\/ld+json\" class=\"yoast-schema-graph\">{\"@context\":\"https:\\\/\\\/schema.org\",\"@graph\":[{\"@type\":\"Article\",\"@id\":\"https:\\\/\\\/latamjournalismreview.org\\\/es\\\/articles\\\/usuarios-de-twitter-en-mexico-fungen-como-corresponsales-de-guerra-frente-a-vacio-informativo-segun-reporte\\\/#article\",\"isPartOf\":{\"@id\":\"https:\\\/\\\/latamjournalismreview.org\\\/es\\\/articles\\\/usuarios-de-twitter-en-mexico-fungen-como-corresponsales-de-guerra-frente-a-vacio-informativo-segun-reporte\\\/\"},\"author\":{\"name\":\"Tania Lara\",\"@id\":\"https:\\\/\\\/latamjournalismreview.org\\\/es\\\/#\\\/schema\\\/person\\\/51558925140f21242c6ed2d20b8260c5\"},\"headline\":\"Usuarios de Twitter en M\u00e9xico fungen como corresponsales de guerra frente a vac\u00edo informativo, seg\u00fan reporte\",\"datePublished\":\"2013-01-15T19:49:14+00:00\",\"dateModified\":\"2021-10-07T00:10:08+00:00\",\"mainEntityOfPage\":{\"@id\":\"https:\\\/\\\/latamjournalismreview.org\\\/es\\\/articles\\\/usuarios-de-twitter-en-mexico-fungen-como-corresponsales-de-guerra-frente-a-vacio-informativo-segun-reporte\\\/\"},\"wordCount\":446,\"publisher\":{\"@id\":\"https:\\\/\\\/latamjournalismreview.org\\\/es\\\/#organization\"},\"keywords\":[\"Censura\",\"M\u00e9xico\",\"Periodismo digital\"],\"articleSection\":[\"Reportajes especiales\"],\"inLanguage\":\"es\"},{\"@type\":\"WebPage\",\"@id\":\"https:\\\/\\\/latamjournalismreview.org\\\/es\\\/articles\\\/usuarios-de-twitter-en-mexico-fungen-como-corresponsales-de-guerra-frente-a-vacio-informativo-segun-reporte\\\/\",\"url\":\"https:\\\/\\\/latamjournalismreview.org\\\/es\\\/articles\\\/usuarios-de-twitter-en-mexico-fungen-como-corresponsales-de-guerra-frente-a-vacio-informativo-segun-reporte\\\/\",\"name\":\"Usuarios de Twitter en M\u00e9xico fungen como corresponsales de guerra frente a vac\u00edo informativo, seg\u00fan reporte - LatAm Journalism Review\",\"isPartOf\":{\"@id\":\"https:\\\/\\\/latamjournalismreview.org\\\/es\\\/#website\"},\"datePublished\":\"2013-01-15T19:49:14+00:00\",\"dateModified\":\"2021-10-07T00:10:08+00:00\",\"description\":\"Usuarios de Twitter en M\u00e9xico fungen como corresponsales de guerra frente a vac\u00edo informativo, seg\u00fan reporte Reportajes especiales. Latin American Journalism Review by The Knight Center at The University of Texas at Austin.\",\"breadcrumb\":{\"@id\":\"https:\\\/\\\/latamjournalismreview.org\\\/es\\\/articles\\\/usuarios-de-twitter-en-mexico-fungen-como-corresponsales-de-guerra-frente-a-vacio-informativo-segun-reporte\\\/#breadcrumb\"},\"inLanguage\":\"es\",\"potentialAction\":[{\"@type\":\"ReadAction\",\"target\":[\"https:\\\/\\\/latamjournalismreview.org\\\/es\\\/articles\\\/usuarios-de-twitter-en-mexico-fungen-como-corresponsales-de-guerra-frente-a-vacio-informativo-segun-reporte\\\/\"]}]},{\"@type\":\"BreadcrumbList\",\"@id\":\"https:\\\/\\\/latamjournalismreview.org\\\/es\\\/articles\\\/usuarios-de-twitter-en-mexico-fungen-como-corresponsales-de-guerra-frente-a-vacio-informativo-segun-reporte\\\/#breadcrumb\",\"itemListElement\":[{\"@type\":\"ListItem\",\"position\":1,\"name\":\"Home\",\"item\":\"https:\\\/\\\/latamjournalismreview.org\\\/es\\\/\"},{\"@type\":\"ListItem\",\"position\":2,\"name\":\"Usuarios de Twitter en M\u00e9xico fungen como corresponsales de guerra frente a vac\u00edo informativo, seg\u00fan reporte\"}]},{\"@type\":\"WebSite\",\"@id\":\"https:\\\/\\\/latamjournalismreview.org\\\/es\\\/#website\",\"url\":\"https:\\\/\\\/latamjournalismreview.org\\\/es\\\/\",\"name\":\"LatAm Journalism Review\",\"description\":\"Knight Center at The University of Texas\",\"publisher\":{\"@id\":\"https:\\\/\\\/latamjournalismreview.org\\\/es\\\/#organization\"},\"potentialAction\":[{\"@type\":\"SearchAction\",\"target\":{\"@type\":\"EntryPoint\",\"urlTemplate\":\"https:\\\/\\\/latamjournalismreview.org\\\/es\\\/?s={search_term_string}\"},\"query-input\":{\"@type\":\"PropertyValueSpecification\",\"valueRequired\":true,\"valueName\":\"search_term_string\"}}],\"inLanguage\":\"es\"},{\"@type\":\"Organization\",\"@id\":\"https:\\\/\\\/latamjournalismreview.org\\\/es\\\/#organization\",\"name\":\"LatAm Journalism Review\",\"url\":\"https:\\\/\\\/latamjournalismreview.org\\\/es\\\/\",\"logo\":{\"@type\":\"ImageObject\",\"inLanguage\":\"es\",\"@id\":\"https:\\\/\\\/latamjournalismreview.org\\\/es\\\/#\\\/schema\\\/logo\\\/image\\\/\",\"url\":\"https:\\\/\\\/latamjournalismreview.org\\\/wp-content\\\/uploads\\\/2020\\\/05\\\/knight-latAm-review-logo.svg\",\"contentUrl\":\"https:\\\/\\\/latamjournalismreview.org\\\/wp-content\\\/uploads\\\/2020\\\/05\\\/knight-latAm-review-logo.svg\",\"width\":\"1024\",\"height\":\"1024\",\"caption\":\"LatAm Journalism Review\"},\"image\":{\"@id\":\"https:\\\/\\\/latamjournalismreview.org\\\/es\\\/#\\\/schema\\\/logo\\\/image\\\/\"},\"sameAs\":[\"https:\\\/\\\/x.com\\\/LatAmJournalism\"]},{\"@type\":\"Person\",\"@id\":\"https:\\\/\\\/latamjournalismreview.org\\\/es\\\/#\\\/schema\\\/person\\\/51558925140f21242c6ed2d20b8260c5\",\"name\":\"Tania Lara\",\"url\":\"https:\\\/\\\/latamjournalismreview.org\\\/es\\\/articles\\\/author\\\/tania-lara\\\/\"}]}<\/script>\n<!-- \/ Yoast SEO Premium plugin. -->","yoast_head_json":{"title":"Usuarios de Twitter en M\u00e9xico fungen como corresponsales de guerra frente a vac\u00edo informativo, seg\u00fan reporte - LatAm Journalism Review","description":"Usuarios de Twitter en M\u00e9xico fungen como corresponsales de guerra frente a vac\u00edo informativo, seg\u00fan reporte Reportajes especiales. Latin American Journalism Review by The Knight Center at The University of Texas at Austin.","robots":{"index":"index","follow":"follow","max-snippet":"max-snippet:-1","max-image-preview":"max-image-preview:large","max-video-preview":"max-video-preview:-1"},"canonical":"https:\/\/latamjournalismreview.org\/es\/articles\/usuarios-de-twitter-en-mexico-fungen-como-corresponsales-de-guerra-frente-a-vacio-informativo-segun-reporte\/","og_locale":"es_ES","og_type":"article","og_title":"Usuarios de Twitter en M\u00e9xico fungen como corresponsales de guerra frente a vac\u00edo informativo, seg\u00fan reporte","og_description":"Usuarios de Twitter en M\u00e9xico fungen como corresponsales de guerra frente a vac\u00edo informativo, seg\u00fan reporte Reportajes especiales. Latin American Journalism Review by The Knight Center at The University of Texas at Austin.","og_url":"https:\/\/latamjournalismreview.org\/es\/articles\/usuarios-de-twitter-en-mexico-fungen-como-corresponsales-de-guerra-frente-a-vacio-informativo-segun-reporte\/","og_site_name":"LatAm Journalism Review","article_published_time":"2013-01-15T19:49:14+00:00","article_modified_time":"2021-10-07T00:10:08+00:00","author":"Tania Lara","twitter_card":"summary_large_image","twitter_creator":"@LatAmJournalism","twitter_site":"@LatAmJournalism","twitter_misc":{"Written by":"Tania Lara","Est. reading time":"2 minutos"},"schema":{"@context":"https:\/\/schema.org","@graph":[{"@type":"Article","@id":"https:\/\/latamjournalismreview.org\/es\/articles\/usuarios-de-twitter-en-mexico-fungen-como-corresponsales-de-guerra-frente-a-vacio-informativo-segun-reporte\/#article","isPartOf":{"@id":"https:\/\/latamjournalismreview.org\/es\/articles\/usuarios-de-twitter-en-mexico-fungen-como-corresponsales-de-guerra-frente-a-vacio-informativo-segun-reporte\/"},"author":{"name":"Tania Lara","@id":"https:\/\/latamjournalismreview.org\/es\/#\/schema\/person\/51558925140f21242c6ed2d20b8260c5"},"headline":"Usuarios de Twitter en M\u00e9xico fungen como corresponsales de guerra frente a vac\u00edo informativo, seg\u00fan reporte","datePublished":"2013-01-15T19:49:14+00:00","dateModified":"2021-10-07T00:10:08+00:00","mainEntityOfPage":{"@id":"https:\/\/latamjournalismreview.org\/es\/articles\/usuarios-de-twitter-en-mexico-fungen-como-corresponsales-de-guerra-frente-a-vacio-informativo-segun-reporte\/"},"wordCount":446,"publisher":{"@id":"https:\/\/latamjournalismreview.org\/es\/#organization"},"keywords":["Censura","M\u00e9xico","Periodismo digital"],"articleSection":["Reportajes especiales"],"inLanguage":"es"},{"@type":"WebPage","@id":"https:\/\/latamjournalismreview.org\/es\/articles\/usuarios-de-twitter-en-mexico-fungen-como-corresponsales-de-guerra-frente-a-vacio-informativo-segun-reporte\/","url":"https:\/\/latamjournalismreview.org\/es\/articles\/usuarios-de-twitter-en-mexico-fungen-como-corresponsales-de-guerra-frente-a-vacio-informativo-segun-reporte\/","name":"Usuarios de Twitter en M\u00e9xico fungen como corresponsales de guerra frente a vac\u00edo informativo, seg\u00fan reporte - LatAm Journalism Review","isPartOf":{"@id":"https:\/\/latamjournalismreview.org\/es\/#website"},"datePublished":"2013-01-15T19:49:14+00:00","dateModified":"2021-10-07T00:10:08+00:00","description":"Usuarios de Twitter en M\u00e9xico fungen como corresponsales de guerra frente a vac\u00edo informativo, seg\u00fan reporte Reportajes especiales. Latin American Journalism Review by The Knight Center at The University of Texas at Austin.","breadcrumb":{"@id":"https:\/\/latamjournalismreview.org\/es\/articles\/usuarios-de-twitter-en-mexico-fungen-como-corresponsales-de-guerra-frente-a-vacio-informativo-segun-reporte\/#breadcrumb"},"inLanguage":"es","potentialAction":[{"@type":"ReadAction","target":["https:\/\/latamjournalismreview.org\/es\/articles\/usuarios-de-twitter-en-mexico-fungen-como-corresponsales-de-guerra-frente-a-vacio-informativo-segun-reporte\/"]}]},{"@type":"BreadcrumbList","@id":"https:\/\/latamjournalismreview.org\/es\/articles\/usuarios-de-twitter-en-mexico-fungen-como-corresponsales-de-guerra-frente-a-vacio-informativo-segun-reporte\/#breadcrumb","itemListElement":[{"@type":"ListItem","position":1,"name":"Home","item":"https:\/\/latamjournalismreview.org\/es\/"},{"@type":"ListItem","position":2,"name":"Usuarios de Twitter en M\u00e9xico fungen como corresponsales de guerra frente a vac\u00edo informativo, seg\u00fan reporte"}]},{"@type":"WebSite","@id":"https:\/\/latamjournalismreview.org\/es\/#website","url":"https:\/\/latamjournalismreview.org\/es\/","name":"LatAm Journalism Review","description":"Knight Center at The University of Texas","publisher":{"@id":"https:\/\/latamjournalismreview.org\/es\/#organization"},"potentialAction":[{"@type":"SearchAction","target":{"@type":"EntryPoint","urlTemplate":"https:\/\/latamjournalismreview.org\/es\/?s={search_term_string}"},"query-input":{"@type":"PropertyValueSpecification","valueRequired":true,"valueName":"search_term_string"}}],"inLanguage":"es"},{"@type":"Organization","@id":"https:\/\/latamjournalismreview.org\/es\/#organization","name":"LatAm Journalism Review","url":"https:\/\/latamjournalismreview.org\/es\/","logo":{"@type":"ImageObject","inLanguage":"es","@id":"https:\/\/latamjournalismreview.org\/es\/#\/schema\/logo\/image\/","url":"https:\/\/latamjournalismreview.org\/wp-content\/uploads\/2020\/05\/knight-latAm-review-logo.svg","contentUrl":"https:\/\/latamjournalismreview.org\/wp-content\/uploads\/2020\/05\/knight-latAm-review-logo.svg","width":"1024","height":"1024","caption":"LatAm Journalism Review"},"image":{"@id":"https:\/\/latamjournalismreview.org\/es\/#\/schema\/logo\/image\/"},"sameAs":["https:\/\/x.com\/LatAmJournalism"]},{"@type":"Person","@id":"https:\/\/latamjournalismreview.org\/es\/#\/schema\/person\/51558925140f21242c6ed2d20b8260c5","name":"Tania Lara","url":"https:\/\/latamjournalismreview.org\/es\/articles\/author\/tania-lara\/"}]}},"_links":{"self":[{"href":"https:\/\/latamjournalismreview.org\/es\/wp-json\/wp\/v2\/posts\/36285","targetHints":{"allow":["GET"]}}],"collection":[{"href":"https:\/\/latamjournalismreview.org\/es\/wp-json\/wp\/v2\/posts"}],"about":[{"href":"https:\/\/latamjournalismreview.org\/es\/wp-json\/wp\/v2\/types\/post"}],"author":[{"embeddable":true,"href":"https:\/\/latamjournalismreview.org\/es\/wp-json\/wp\/v2\/users\/40"}],"replies":[{"embeddable":true,"href":"https:\/\/latamjournalismreview.org\/es\/wp-json\/wp\/v2\/comments?post=36285"}],"version-history":[{"count":2,"href":"https:\/\/latamjournalismreview.org\/es\/wp-json\/wp\/v2\/posts\/36285\/revisions"}],"predecessor-version":[{"id":36287,"href":"https:\/\/latamjournalismreview.org\/es\/wp-json\/wp\/v2\/posts\/36285\/revisions\/36287"}],"wp:attachment":[{"href":"https:\/\/latamjournalismreview.org\/es\/wp-json\/wp\/v2\/media?parent=36285"}],"wp:term":[{"taxonomy":"category","embeddable":true,"href":"https:\/\/latamjournalismreview.org\/es\/wp-json\/wp\/v2\/categories?post=36285"},{"taxonomy":"post_tag","embeddable":true,"href":"https:\/\/latamjournalismreview.org\/es\/wp-json\/wp\/v2\/tags?post=36285"},{"taxonomy":"author","embeddable":true,"href":"https:\/\/latamjournalismreview.org\/es\/wp-json\/wp\/v2\/coauthors?post=36285"}],"curies":[{"name":"wp","href":"https:\/\/api.w.org\/{rel}","templated":true}]}}