{"id":36422,"date":"2013-12-17T19:54:46","date_gmt":"2013-12-18T00:54:46","guid":{"rendered":"https:\/\/latamjournalismreview.org\/?p=36422"},"modified":"2021-10-08T17:43:56","modified_gmt":"2021-10-08T22:43:56","slug":"la-principal-organizacion-de-periodistas-de-brasil-cumple-10-anos-vea-una-breve-historia-de-su-creacion","status":"publish","type":"post","link":"https:\/\/latamjournalismreview.org\/es\/articles\/la-principal-organizacion-de-periodistas-de-brasil-cumple-10-anos-vea-una-breve-historia-de-su-creacion\/","title":{"rendered":"La principal organizaci\u00f3n de periodistas de Brasil cumple 10 a\u00f1os: vea una breve historia de su creaci\u00f3n"},"content":{"rendered":"<p><i>Por Isabela Fraga y Nat\u00e1lia Mazotte<\/i><\/p>\n<p><span id=\"result_box\" lang=\"es\" tabindex=\"-1\"><span class=\"hps\">La historia comienza con<\/span> <span class=\"hps\">un<\/span> <span class=\"hps\">episodio<\/span> <span class=\"hps\">tr\u00e1gico:<\/span> <span class=\"hps\">el 2 de junio<\/span> <span class=\"hps\">de 2002, <a href=\"http:\/\/knightcenter.utexas.edu\/es\/blog\/00-12328-gobierno-brasileno-honra-con-premio-de-derechos-humanos-al-fallecido-periodista-tim-lo\">el reportero<\/a><\/span><a href=\"http:\/\/knightcenter.utexas.edu\/es\/blog\/00-12328-gobierno-brasileno-honra-con-premio-de-derechos-humanos-al-fallecido-periodista-tim-lo\"> <span class=\"hps\">Tim<\/span> <span class=\"hps\">Lopes<\/span>, <span class=\"hps\">de Rede<\/span> <span class=\"hps\">Globo,<\/span> <span class=\"hps\">es brutalmente<\/span> <span class=\"hps\">torturado<\/span> <span class=\"hps\">y asesinado<\/span><\/a> <span class=\"hps\">mientras investigaba<\/span> <span class=\"hps\">un caso de<\/span><span class=\"hps\"> explotaci\u00f3n<\/span> <span class=\"hps\">sexual<\/span> <span class=\"hps\">infantil<\/span> <span class=\"hps\">en la favela<\/span> <span class=\"hps\">Vila<\/span> <span class=\"hps\">Cruzeiro<\/span>, en R\u00edo de <span class=\"hps\">Janeiro<\/span> <span class=\"hps\">.<\/span> <span class=\"hps\">El crimen<\/span> <span class=\"hps\">conmocion\u00f3 al<\/span> <span class=\"hps\">pa\u00eds<\/span> <span class=\"hps\">y gener\u00f3 preocupaciones <\/span><span class=\"hps\">y reflexiones<\/span> como nunca antes en <span class=\"hps\">la prensa brasile\u00f1a<\/span>: los periodistas <span class=\"hps\">necesitan protegerse<\/span> <span class=\"hps\">y<\/span> <span class=\"hps\">unirse alrededor de<\/span> aquello<span class=\"hps\"> que apasionaba a<\/span> <span class=\"hps\">Tim<\/span> <span class=\"hps\">Lopes<\/span>, <span class=\"hps\">el periodismo investigativo.<\/span><\/span><\/p>\n<p><span class=\"hps\">El <strong>Centro Knight para<\/strong><\/span><strong> <span class=\"hps\">el Periodismo en<\/span> <\/strong><span class=\"hps\"><strong>las Am\u00e9ricas<\/strong>, que<\/span> <span class=\"hps\">naci\u00f3<\/span> <span class=\"hps\">precisamente<\/span> <span class=\"hps\">en aquella \u00e9poca,<\/span> <span class=\"hps\">se asoci\u00f3 con<\/span> <span class=\"hps\">los colegas<\/span> <span class=\"hps\">y amigos de<\/span> <span class=\"hps\">Lopes<\/span> <span class=\"hps\">para realizar su<\/span> <span class=\"hps\">primera actividad oficial<\/span>: el seminario <span class=\"hps atn\">internacional de \"<\/span>Periodismo Investigativo: <span class=\"hps\">T\u00e9cnicas,<\/span> <span class=\"hps\">\u00c9tica<\/span> <span class=\"hps\">y Peligros<\/span>\", en la sede <span class=\"hps\">del Sindicato <\/span><span class=\"hps\">de Periodistas<\/span> <span class=\"hps\">del Municipio<\/span> <span class=\"hps\">de R\u00edo de<\/span> <span class=\"hps\">Janeiro, en<\/span> <span class=\"hps\">agosto de 2002.<\/span> <span class=\"hps\">Varios expertos de<\/span> <span class=\"hps\">los Estados<\/span> <span class=\"hps\">Unidos y de Am\u00e9rica Latina<\/span> <span class=\"hps\">se unieron con sus<\/span> <span class=\"hps\">colegas brasile\u00f1os<\/span> <span class=\"hps\">para discutir<\/span> <span class=\"hps\">sobre <\/span><span class=\"hps\">periodismo de investigaci\u00f3n.<\/span><\/p>\n<p><span class=\"hps\">Despu\u00e9s del seminario<\/span>, reporteros <span class=\"hps\">y editores<\/span> <span class=\"hps\">continuaron<\/span> <span class=\"hps\">discutiendo a trav\u00e9s de<\/span><span class=\"hps\"> un mailing list <\/span><span class=\"hps\">manejado por el<\/span> <span class=\"hps\">Centro Knight<\/span>, <span class=\"hps\">en la Universidad<\/span> <span class=\"hps\">de Texas en<\/span> <span class=\"hps\">Austin.<\/span> Entre los participantes se encontraban varios<span class=\"hps\"> periodistas que<\/span> <span class=\"hps\">ya estaban<\/span> <span class=\"hps\">pensando en<\/span> <span class=\"hps\">la necesidad de crear<\/span>, <span class=\"hps\">en Brasil, algo<\/span> <span class=\"hps\">similar a<\/span> <span class=\"hps\">Investigative Reporters &amp;<\/span> <span class=\"hps\">Editors<\/span> <span class=\"hps atn\">(<\/span>IRE) de los Estados <span class=\"hps\">Unidos.<\/span> <span class=\"hps\">El resultado fue el<\/span> <span class=\"hps\">lanzamiento,<\/span> <span class=\"hps\">en diciembre de 2002<\/span>, de la <a href=\"http:\/\/abraji.org.br\/\">Asociaci\u00f3n Brasile\u00f1a<\/a><a href=\"http:\/\/abraji.org.br\/\"> <span class=\"hps\">de Periodismo<\/span> <span class=\"hps atn\">Investigativo (<\/span>Abraji)<\/a>, que r\u00e1pidamente se <span class=\"hps\">convirti\u00f3 en una de<\/span> <span class=\"hps\">las m\u00e1s\u00a0activas e<\/span><span lang=\"es\" tabindex=\"-1\"> <span class=\"hps\">importantes<\/span> <\/span><span id=\"result_box\" lang=\"es\" tabindex=\"-1\"><span class=\"hps\">organizaciones <\/span><\/span><span lang=\"es\" tabindex=\"-1\"><span class=\"hps\">de este tipo a nivel mundial.<\/span><\/span><\/p>\n<p><span id=\"result_box\" lang=\"es\" tabindex=\"-1\"><span class=\"hps\">El<\/span> <span class=\"hps\">10 de diciembre,<\/span> <span class=\"hps\">Abraji<\/span> cumpli\u00f3<span class=\"hps\"> 10<\/span> <span class=\"hps\">a\u00f1os de<\/span> <span class=\"hps\">existencia -<\/span>\u00a0 trabajando <span class=\"hps\">en diversas \u00e1reas del<\/span> <span class=\"hps\">periodismo<\/span>, en temas de seguridad, <a href=\"http:\/\/www.informacaopublica.org.br\/\"><span class=\"hps\">transparencia gubernamental<\/span><\/a> <span class=\"hps\">y capacitaci\u00f3n.<\/span> <span class=\"hps\">Con cerca de<\/span> <span class=\"hps\">4.000 miembros<\/span>, <a href=\"http:\/\/abraji.org.br\/?id=108\">5.000<\/a><a href=\"http:\/\/abraji.org.br\/?id=108\"> <span class=\"hps\">profesionales capacitados<\/span><\/a> <span class=\"hps\">y <a href=\"http:\/\/congressoabraji2012.wordpress.com\/\">siete<\/a><\/span><a href=\"http:\/\/congressoabraji2012.wordpress.com\/\"> <span class=\"hps\">congresos internacionales<\/span><\/a> <span class=\"hps\">en su curr\u00edculum<\/span>, la organizaci\u00f3n <span class=\"hps\">se prepara para realizar el<\/span><span class=\"hps\"> mayor <\/span><span class=\"hps\">encuentro de periodistas<\/span> <span class=\"hps\">en el mundo<\/span> <span class=\"hps\">en 2013,<\/span> <span class=\"hps\">en R\u00edo de<\/span> <span class=\"hps\">Janeiro.<\/span><\/span><\/p>\n<p><span class=\"hps\">Entre el<\/span> <span class=\"hps\">12 y el 15 de octubre de 2013<\/span>, <span class=\"hps\">se llevar\u00e1 a cabo <\/span><span class=\"hps\">junto con el<\/span> <span class=\"hps\">tradicional<\/span> <span class=\"hps\">Congreso Internacional<\/span> <span class=\"hps\">de Periodismo<\/span> <span class=\"hps\">Investigativo<\/span> <span class=\"hps\">de Abraji<\/span>, la Conferencia <span class=\"hps\">Mundial de<\/span> <span class=\"hps atn\">Periodismo Investigativo (<\/span>GIJC) y la Conferencia <span class=\"hps\">Latinoamericana<\/span> <span class=\"hps\">de Periodismo Investigativo<\/span> <span class=\"hps atn\">(<\/span>Colpin) realizada por <span class=\"hps\">el Instituto Prensa y<\/span> <span class=\"hps atn\">Sociedad (<\/span>IPYS <span class=\"hps\">), de Per\u00fa.<\/span> <span class=\"hps\">Como lo defini\u00f3 <\/span><span class=\"hps\">el<\/span> <span class=\"hps\">director<\/span> <span class=\"hps\">del <strong>Centro<\/strong><\/span> <span class=\"hps\"><strong>Knight para el Periodismo en las Am\u00e9ricas<\/strong>,<\/span> <span class=\"hps\">Rosental<\/span> <span class=\"hps\">Calmon<\/span> <span class=\"hps\">Alves<\/span>, el Congreso de <span class=\"hps\">2013 equivale a<\/span> <span class=\"hps\">la \"Copa<\/span> <span class=\"hps\">Mundo<\/span> <span class=\"hps\">de<\/span> <span class=\"hps\">Periodismo\".<\/span><\/p>\n<p><span class=\"hps\">Considerando que la historia<\/span> <span class=\"hps\">y los desaf\u00edos de<\/span> <span class=\"hps\">Abraji<\/span> <span class=\"hps\">merecen ser conocidos<\/span> <span class=\"hps\">y servir de inspiraci\u00f3n para todos,<\/span> <span class=\"hps\">el Centro Knight<\/span> <span class=\"hps\">realiz\u00f3 un<\/span> <span class=\"hps\">informe especial<\/span> con aquellos periodistas <span class=\"hps\">que <\/span>hicieron parte de <span class=\"hps\">su creaci\u00f3n,<\/span> <span class=\"hps\">en un esfuerzo voluntario para<\/span> <span class=\"hps\">mejorar<\/span> <span class=\"hps\">la calidad del periodismo<\/span> <span class=\"hps\">brasile\u00f1o.<\/span> <span class=\"hps\">Conversamos con<\/span> <span class=\"hps\">el actual presidente de<\/span> <span class=\"hps\">Abraji<\/span>, Marcelo <span class=\"hps\">Moreira<\/span> <span class=\"hps\">(TV<\/span> <span class=\"hps\">Globo),<\/span> <span class=\"hps\">con el vicepresidente<\/span> <span class=\"hps\">Jos\u00e9<\/span> <span class=\"hps\">Roberto de<\/span> <span class=\"hps atn\">Toledo (<\/span>O Estado de <span class=\"hps\">S.<\/span> <span class=\"hps\">Paulo),<\/span> <span class=\"hps\">y<\/span> <span class=\"hps\">con los directores<\/span> <span class=\"hps\">Marcelo<\/span> <span class=\"hps\">Beraba<\/span> <span class=\"hps\">(O<\/span> <span class=\"hps\">Estado de S.<\/span> <span class=\"hps\">Paulo)<\/span>, Angelina <span class=\"hps\">Nunes<\/span> <span class=\"hps\">(O<\/span> <span class=\"hps\">Globe)<\/span>, Fernando <span class=\"hps atn\">Rodrigues (<\/span>Folha de <span class=\"hps\">S.<\/span> <span class=\"hps\">Paulo)<\/span>, Claudio <span class=\"hps\">Tognolli<\/span> <span class=\"hps\">(ECA\/<\/span><span class=\"hps\">USP)<\/span> <span class=\"hps\">y<\/span> <span class=\"hps\">Rosental<\/span> <span class=\"hps\">Calmon<\/span> <span class=\"hps atn\">Alves (<\/span>Centro Knight).<\/p>\n<p><span class=\"hps\">Mire<\/span><span class=\"hps\"> a continuaci\u00f3n<\/span> el video <span class=\"hps\">y conozca<\/span><span class=\"hps\"> la historia de<\/span> <span class=\"hps\">Abraji<\/span>, lo que piensan <span class=\"hps\">sus fundadores<\/span> <span class=\"hps\">y los desaf\u00edos para<\/span> <span class=\"hps\">el periodismo<\/span> <span class=\"hps\">en<\/span> <span class=\"hps\">la pr\u00f3xima d\u00e9cada.<\/span><\/p>\n<p><iframe loading=\"lazy\" src=\"http:\/\/player.vimeo.com\/video\/55816146\" width=\"500\" height=\"281\" frameborder=\"0\" allowfullscreen=\"allowfullscreen\" data-mce-fragment=\"1\"><\/iframe><\/p>\n<p><em>Nota del editor: Esta historia fue publicada originalmente en el blog Periodismo en las Am\u00e9ricas del Centro Knight, el predecesor de LatAm Journalism Review.<\/em><\/p>\n","protected":false},"excerpt":{"rendered":"<p>La historia comienza con un episodio tr\u00e1gico: el 2 de junio de 2002, el reportero Tim Lopes, de Rede Globo, es brutalmente torturado y asesinado mientras investigaba un caso de explotaci\u00f3n sexual infantil en la favela Vila Cruzeiro, en R\u00edo de Janeiro.<\/p>\n","protected":false},"author":22,"featured_media":0,"comment_status":"closed","ping_status":"closed","sticky":false,"template":"","format":"standard","meta":{"inline_featured_image":false,"footnotes":""},"categories":[2074],"tags":[],"coauthors":[],"class_list":["post-36422","post","type-post","status-publish","format-standard","hentry","category-reportajes-especiales"],"acf":[],"yoast_head":"<!-- This site is optimized with the Yoast SEO Premium plugin v22.6 (Yoast SEO v27.4) - https:\/\/yoast.com\/product\/yoast-seo-premium-wordpress\/ -->\n<title>La principal organizaci\u00f3n de periodistas de Brasil cumple 10 a\u00f1os: vea una breve historia de su creaci\u00f3n - LatAm Journalism Review<\/title>\n<meta name=\"description\" content=\"La principal organizaci\u00f3n de periodistas de Brasil cumple 10 a\u00f1os: vea una breve historia de su creaci\u00f3n Reportajes especiales. Latin American Journalism Review by The Knight Center at The University of Texas at Austin.\" \/>\n<meta name=\"robots\" content=\"index, follow, max-snippet:-1, max-image-preview:large, max-video-preview:-1\" \/>\n<link rel=\"canonical\" href=\"https:\/\/latamjournalismreview.org\/es\/articles\/la-principal-organizacion-de-periodistas-de-brasil-cumple-10-anos-vea-una-breve-historia-de-su-creacion\/\" \/>\n<meta property=\"og:locale\" content=\"es_ES\" \/>\n<meta property=\"og:type\" content=\"article\" \/>\n<meta property=\"og:title\" content=\"La principal organizaci\u00f3n de periodistas de Brasil cumple 10 a\u00f1os: vea una breve historia de su creaci\u00f3n\" \/>\n<meta property=\"og:description\" content=\"La principal organizaci\u00f3n de periodistas de Brasil cumple 10 a\u00f1os: vea una breve historia de su creaci\u00f3n Reportajes especiales. Latin American Journalism Review by The Knight Center at The University of Texas at Austin.\" \/>\n<meta property=\"og:url\" content=\"https:\/\/latamjournalismreview.org\/es\/articles\/la-principal-organizacion-de-periodistas-de-brasil-cumple-10-anos-vea-una-breve-historia-de-su-creacion\/\" \/>\n<meta property=\"og:site_name\" content=\"LatAm Journalism Review\" \/>\n<meta property=\"article:published_time\" content=\"2013-12-18T00:54:46+00:00\" \/>\n<meta property=\"article:modified_time\" content=\"2021-10-08T22:43:56+00:00\" \/>\n<meta name=\"author\" content=\"Knight Center\" \/>\n<meta name=\"twitter:card\" content=\"summary_large_image\" \/>\n<meta name=\"twitter:creator\" content=\"@LatAmJournalism\" \/>\n<meta name=\"twitter:site\" content=\"@LatAmJournalism\" \/>\n<meta name=\"twitter:label1\" content=\"Written by\" \/>\n\t<meta name=\"twitter:data1\" content=\"Knight Center\" \/>\n\t<meta name=\"twitter:label2\" content=\"Est. reading time\" \/>\n\t<meta name=\"twitter:data2\" content=\"3 minutos\" \/>\n<script type=\"application\/ld+json\" class=\"yoast-schema-graph\">{\"@context\":\"https:\\\/\\\/schema.org\",\"@graph\":[{\"@type\":\"Article\",\"@id\":\"https:\\\/\\\/latamjournalismreview.org\\\/es\\\/articles\\\/la-principal-organizacion-de-periodistas-de-brasil-cumple-10-anos-vea-una-breve-historia-de-su-creacion\\\/#article\",\"isPartOf\":{\"@id\":\"https:\\\/\\\/latamjournalismreview.org\\\/es\\\/articles\\\/la-principal-organizacion-de-periodistas-de-brasil-cumple-10-anos-vea-una-breve-historia-de-su-creacion\\\/\"},\"author\":{\"name\":\"Knight Center\",\"@id\":\"https:\\\/\\\/latamjournalismreview.org\\\/es\\\/#\\\/schema\\\/person\\\/6c325fd0fef0cd167424c683e6577e19\"},\"headline\":\"La principal organizaci\u00f3n de periodistas de Brasil cumple 10 a\u00f1os: vea una breve historia de su creaci\u00f3n\",\"datePublished\":\"2013-12-18T00:54:46+00:00\",\"dateModified\":\"2021-10-08T22:43:56+00:00\",\"mainEntityOfPage\":{\"@id\":\"https:\\\/\\\/latamjournalismreview.org\\\/es\\\/articles\\\/la-principal-organizacion-de-periodistas-de-brasil-cumple-10-anos-vea-una-breve-historia-de-su-creacion\\\/\"},\"wordCount\":579,\"publisher\":{\"@id\":\"https:\\\/\\\/latamjournalismreview.org\\\/es\\\/#organization\"},\"articleSection\":[\"Reportajes especiales\"],\"inLanguage\":\"es\"},{\"@type\":\"WebPage\",\"@id\":\"https:\\\/\\\/latamjournalismreview.org\\\/es\\\/articles\\\/la-principal-organizacion-de-periodistas-de-brasil-cumple-10-anos-vea-una-breve-historia-de-su-creacion\\\/\",\"url\":\"https:\\\/\\\/latamjournalismreview.org\\\/es\\\/articles\\\/la-principal-organizacion-de-periodistas-de-brasil-cumple-10-anos-vea-una-breve-historia-de-su-creacion\\\/\",\"name\":\"La principal organizaci\u00f3n de periodistas de Brasil cumple 10 a\u00f1os: vea una breve historia de su creaci\u00f3n - LatAm Journalism Review\",\"isPartOf\":{\"@id\":\"https:\\\/\\\/latamjournalismreview.org\\\/es\\\/#website\"},\"datePublished\":\"2013-12-18T00:54:46+00:00\",\"dateModified\":\"2021-10-08T22:43:56+00:00\",\"description\":\"La principal organizaci\u00f3n de periodistas de Brasil cumple 10 a\u00f1os: vea una breve historia de su creaci\u00f3n Reportajes especiales. Latin American Journalism Review by The Knight Center at The University of Texas at Austin.\",\"breadcrumb\":{\"@id\":\"https:\\\/\\\/latamjournalismreview.org\\\/es\\\/articles\\\/la-principal-organizacion-de-periodistas-de-brasil-cumple-10-anos-vea-una-breve-historia-de-su-creacion\\\/#breadcrumb\"},\"inLanguage\":\"es\",\"potentialAction\":[{\"@type\":\"ReadAction\",\"target\":[\"https:\\\/\\\/latamjournalismreview.org\\\/es\\\/articles\\\/la-principal-organizacion-de-periodistas-de-brasil-cumple-10-anos-vea-una-breve-historia-de-su-creacion\\\/\"]}]},{\"@type\":\"BreadcrumbList\",\"@id\":\"https:\\\/\\\/latamjournalismreview.org\\\/es\\\/articles\\\/la-principal-organizacion-de-periodistas-de-brasil-cumple-10-anos-vea-una-breve-historia-de-su-creacion\\\/#breadcrumb\",\"itemListElement\":[{\"@type\":\"ListItem\",\"position\":1,\"name\":\"Home\",\"item\":\"https:\\\/\\\/latamjournalismreview.org\\\/es\\\/\"},{\"@type\":\"ListItem\",\"position\":2,\"name\":\"La principal organizaci\u00f3n de periodistas de Brasil cumple 10 a\u00f1os: vea una breve historia de su creaci\u00f3n\"}]},{\"@type\":\"WebSite\",\"@id\":\"https:\\\/\\\/latamjournalismreview.org\\\/es\\\/#website\",\"url\":\"https:\\\/\\\/latamjournalismreview.org\\\/es\\\/\",\"name\":\"LatAm Journalism Review\",\"description\":\"Knight Center at The University of Texas\",\"publisher\":{\"@id\":\"https:\\\/\\\/latamjournalismreview.org\\\/es\\\/#organization\"},\"potentialAction\":[{\"@type\":\"SearchAction\",\"target\":{\"@type\":\"EntryPoint\",\"urlTemplate\":\"https:\\\/\\\/latamjournalismreview.org\\\/es\\\/?s={search_term_string}\"},\"query-input\":{\"@type\":\"PropertyValueSpecification\",\"valueRequired\":true,\"valueName\":\"search_term_string\"}}],\"inLanguage\":\"es\"},{\"@type\":\"Organization\",\"@id\":\"https:\\\/\\\/latamjournalismreview.org\\\/es\\\/#organization\",\"name\":\"LatAm Journalism Review\",\"url\":\"https:\\\/\\\/latamjournalismreview.org\\\/es\\\/\",\"logo\":{\"@type\":\"ImageObject\",\"inLanguage\":\"es\",\"@id\":\"https:\\\/\\\/latamjournalismreview.org\\\/es\\\/#\\\/schema\\\/logo\\\/image\\\/\",\"url\":\"https:\\\/\\\/latamjournalismreview.org\\\/wp-content\\\/uploads\\\/2020\\\/05\\\/knight-latAm-review-logo.svg\",\"contentUrl\":\"https:\\\/\\\/latamjournalismreview.org\\\/wp-content\\\/uploads\\\/2020\\\/05\\\/knight-latAm-review-logo.svg\",\"width\":\"1024\",\"height\":\"1024\",\"caption\":\"LatAm Journalism Review\"},\"image\":{\"@id\":\"https:\\\/\\\/latamjournalismreview.org\\\/es\\\/#\\\/schema\\\/logo\\\/image\\\/\"},\"sameAs\":[\"https:\\\/\\\/x.com\\\/LatAmJournalism\"]},{\"@type\":\"Person\",\"@id\":\"https:\\\/\\\/latamjournalismreview.org\\\/es\\\/#\\\/schema\\\/person\\\/6c325fd0fef0cd167424c683e6577e19\",\"name\":\"Knight Center\",\"url\":\"https:\\\/\\\/latamjournalismreview.org\\\/es\\\/articles\\\/author\\\/knight-center\\\/\"}]}<\/script>\n<!-- \/ Yoast SEO Premium plugin. -->","yoast_head_json":{"title":"La principal organizaci\u00f3n de periodistas de Brasil cumple 10 a\u00f1os: vea una breve historia de su creaci\u00f3n - LatAm Journalism Review","description":"La principal organizaci\u00f3n de periodistas de Brasil cumple 10 a\u00f1os: vea una breve historia de su creaci\u00f3n Reportajes especiales. Latin American Journalism Review by The Knight Center at The University of Texas at Austin.","robots":{"index":"index","follow":"follow","max-snippet":"max-snippet:-1","max-image-preview":"max-image-preview:large","max-video-preview":"max-video-preview:-1"},"canonical":"https:\/\/latamjournalismreview.org\/es\/articles\/la-principal-organizacion-de-periodistas-de-brasil-cumple-10-anos-vea-una-breve-historia-de-su-creacion\/","og_locale":"es_ES","og_type":"article","og_title":"La principal organizaci\u00f3n de periodistas de Brasil cumple 10 a\u00f1os: vea una breve historia de su creaci\u00f3n","og_description":"La principal organizaci\u00f3n de periodistas de Brasil cumple 10 a\u00f1os: vea una breve historia de su creaci\u00f3n Reportajes especiales. Latin American Journalism Review by The Knight Center at The University of Texas at Austin.","og_url":"https:\/\/latamjournalismreview.org\/es\/articles\/la-principal-organizacion-de-periodistas-de-brasil-cumple-10-anos-vea-una-breve-historia-de-su-creacion\/","og_site_name":"LatAm Journalism Review","article_published_time":"2013-12-18T00:54:46+00:00","article_modified_time":"2021-10-08T22:43:56+00:00","author":"Knight Center","twitter_card":"summary_large_image","twitter_creator":"@LatAmJournalism","twitter_site":"@LatAmJournalism","twitter_misc":{"Written by":"Knight Center","Est. reading time":"3 minutos"},"schema":{"@context":"https:\/\/schema.org","@graph":[{"@type":"Article","@id":"https:\/\/latamjournalismreview.org\/es\/articles\/la-principal-organizacion-de-periodistas-de-brasil-cumple-10-anos-vea-una-breve-historia-de-su-creacion\/#article","isPartOf":{"@id":"https:\/\/latamjournalismreview.org\/es\/articles\/la-principal-organizacion-de-periodistas-de-brasil-cumple-10-anos-vea-una-breve-historia-de-su-creacion\/"},"author":{"name":"Knight Center","@id":"https:\/\/latamjournalismreview.org\/es\/#\/schema\/person\/6c325fd0fef0cd167424c683e6577e19"},"headline":"La principal organizaci\u00f3n de periodistas de Brasil cumple 10 a\u00f1os: vea una breve historia de su creaci\u00f3n","datePublished":"2013-12-18T00:54:46+00:00","dateModified":"2021-10-08T22:43:56+00:00","mainEntityOfPage":{"@id":"https:\/\/latamjournalismreview.org\/es\/articles\/la-principal-organizacion-de-periodistas-de-brasil-cumple-10-anos-vea-una-breve-historia-de-su-creacion\/"},"wordCount":579,"publisher":{"@id":"https:\/\/latamjournalismreview.org\/es\/#organization"},"articleSection":["Reportajes especiales"],"inLanguage":"es"},{"@type":"WebPage","@id":"https:\/\/latamjournalismreview.org\/es\/articles\/la-principal-organizacion-de-periodistas-de-brasil-cumple-10-anos-vea-una-breve-historia-de-su-creacion\/","url":"https:\/\/latamjournalismreview.org\/es\/articles\/la-principal-organizacion-de-periodistas-de-brasil-cumple-10-anos-vea-una-breve-historia-de-su-creacion\/","name":"La principal organizaci\u00f3n de periodistas de Brasil cumple 10 a\u00f1os: vea una breve historia de su creaci\u00f3n - LatAm Journalism Review","isPartOf":{"@id":"https:\/\/latamjournalismreview.org\/es\/#website"},"datePublished":"2013-12-18T00:54:46+00:00","dateModified":"2021-10-08T22:43:56+00:00","description":"La principal organizaci\u00f3n de periodistas de Brasil cumple 10 a\u00f1os: vea una breve historia de su creaci\u00f3n Reportajes especiales. Latin American Journalism Review by The Knight Center at The University of Texas at Austin.","breadcrumb":{"@id":"https:\/\/latamjournalismreview.org\/es\/articles\/la-principal-organizacion-de-periodistas-de-brasil-cumple-10-anos-vea-una-breve-historia-de-su-creacion\/#breadcrumb"},"inLanguage":"es","potentialAction":[{"@type":"ReadAction","target":["https:\/\/latamjournalismreview.org\/es\/articles\/la-principal-organizacion-de-periodistas-de-brasil-cumple-10-anos-vea-una-breve-historia-de-su-creacion\/"]}]},{"@type":"BreadcrumbList","@id":"https:\/\/latamjournalismreview.org\/es\/articles\/la-principal-organizacion-de-periodistas-de-brasil-cumple-10-anos-vea-una-breve-historia-de-su-creacion\/#breadcrumb","itemListElement":[{"@type":"ListItem","position":1,"name":"Home","item":"https:\/\/latamjournalismreview.org\/es\/"},{"@type":"ListItem","position":2,"name":"La principal organizaci\u00f3n de periodistas de Brasil cumple 10 a\u00f1os: vea una breve historia de su creaci\u00f3n"}]},{"@type":"WebSite","@id":"https:\/\/latamjournalismreview.org\/es\/#website","url":"https:\/\/latamjournalismreview.org\/es\/","name":"LatAm Journalism Review","description":"Knight Center at The University of Texas","publisher":{"@id":"https:\/\/latamjournalismreview.org\/es\/#organization"},"potentialAction":[{"@type":"SearchAction","target":{"@type":"EntryPoint","urlTemplate":"https:\/\/latamjournalismreview.org\/es\/?s={search_term_string}"},"query-input":{"@type":"PropertyValueSpecification","valueRequired":true,"valueName":"search_term_string"}}],"inLanguage":"es"},{"@type":"Organization","@id":"https:\/\/latamjournalismreview.org\/es\/#organization","name":"LatAm Journalism Review","url":"https:\/\/latamjournalismreview.org\/es\/","logo":{"@type":"ImageObject","inLanguage":"es","@id":"https:\/\/latamjournalismreview.org\/es\/#\/schema\/logo\/image\/","url":"https:\/\/latamjournalismreview.org\/wp-content\/uploads\/2020\/05\/knight-latAm-review-logo.svg","contentUrl":"https:\/\/latamjournalismreview.org\/wp-content\/uploads\/2020\/05\/knight-latAm-review-logo.svg","width":"1024","height":"1024","caption":"LatAm Journalism Review"},"image":{"@id":"https:\/\/latamjournalismreview.org\/es\/#\/schema\/logo\/image\/"},"sameAs":["https:\/\/x.com\/LatAmJournalism"]},{"@type":"Person","@id":"https:\/\/latamjournalismreview.org\/es\/#\/schema\/person\/6c325fd0fef0cd167424c683e6577e19","name":"Knight Center","url":"https:\/\/latamjournalismreview.org\/es\/articles\/author\/knight-center\/"}]}},"_links":{"self":[{"href":"https:\/\/latamjournalismreview.org\/es\/wp-json\/wp\/v2\/posts\/36422","targetHints":{"allow":["GET"]}}],"collection":[{"href":"https:\/\/latamjournalismreview.org\/es\/wp-json\/wp\/v2\/posts"}],"about":[{"href":"https:\/\/latamjournalismreview.org\/es\/wp-json\/wp\/v2\/types\/post"}],"author":[{"embeddable":true,"href":"https:\/\/latamjournalismreview.org\/es\/wp-json\/wp\/v2\/users\/22"}],"replies":[{"embeddable":true,"href":"https:\/\/latamjournalismreview.org\/es\/wp-json\/wp\/v2\/comments?post=36422"}],"version-history":[{"count":1,"href":"https:\/\/latamjournalismreview.org\/es\/wp-json\/wp\/v2\/posts\/36422\/revisions"}],"predecessor-version":[{"id":36423,"href":"https:\/\/latamjournalismreview.org\/es\/wp-json\/wp\/v2\/posts\/36422\/revisions\/36423"}],"wp:attachment":[{"href":"https:\/\/latamjournalismreview.org\/es\/wp-json\/wp\/v2\/media?parent=36422"}],"wp:term":[{"taxonomy":"category","embeddable":true,"href":"https:\/\/latamjournalismreview.org\/es\/wp-json\/wp\/v2\/categories?post=36422"},{"taxonomy":"post_tag","embeddable":true,"href":"https:\/\/latamjournalismreview.org\/es\/wp-json\/wp\/v2\/tags?post=36422"},{"taxonomy":"author","embeddable":true,"href":"https:\/\/latamjournalismreview.org\/es\/wp-json\/wp\/v2\/coauthors?post=36422"}],"curies":[{"name":"wp","href":"https:\/\/api.w.org\/{rel}","templated":true}]}}