{"id":36478,"date":"2013-01-08T14:44:36","date_gmt":"2013-01-08T19:44:36","guid":{"rendered":"https:\/\/latamjournalismreview.org\/?p=36478"},"modified":"2021-10-08T18:21:25","modified_gmt":"2021-10-08T23:21:25","slug":"informe-destaca-avances-y-desafios-en-la-libertad-de-prensa-de-el-salvador","status":"publish","type":"post","link":"https:\/\/latamjournalismreview.org\/es\/articles\/informe-destaca-avances-y-desafios-en-la-libertad-de-prensa-de-el-salvador\/","title":{"rendered":"Informe destaca avances y desaf\u00edos en la libertad de prensa de El Salvador"},"content":{"rendered":"<p>La <a href=\"http:\/\/www.estrategiaynegocios.net\/2012\/12\/28\/el-salvador-libertad-de-prensa-mejor-en-ranking-internacional\/\" target=\"_blank\" rel=\"noopener\">Asociaci\u00f3n de Periodistas de El Salvador (APES) present\u00f3 un informe anual sobre los avances y desaf\u00edos de libertad de prensa y de expresi\u00f3n<\/a> en este pa\u00eds centroamericano que ha mejorado su posici\u00f3n en los listados internacionales de Reporteros Sin Fronteras y de Freedom House.<\/p>\n<p>De acuerdo con Reporteros Sin Fronteras, El Salvador ocupa el lugar 37 de 179 pa\u00edses que aparecen en la <a href=\"http:\/\/es.rsf.org\/press-freedom-index-2011-2012,1043.html\" target=\"_blank\" rel=\"noopener\">Clasificaci\u00f3n Mundial de la Libertad de Prensa 2011-2012<\/a>, despu\u00e9s de que en 2009, este pa\u00eds ocup\u00f3 el sitio 79.<\/p>\n<p>En su informe, la APES destac\u00f3 puntos positivos como la <a href=\"http:\/\/www.diariocolatino.com\/es\/20121227\/nacionales\/111187\/APES-asegura-que-libertad-de-prensa--en-el-pa%C3%ADs-va-por-camino-correcto.htm\" target=\"_blank\" rel=\"noopener\">condena contra el asesino de un camar\u00f3grafo<\/a> que muri\u00f3 el 25 de abril de 2011, seg\u00fan publica el Diario CoLatino. Y como aspectos negativos, la APES record\u00f3 las <a href=\"http:\/\/knightcenter.utexas.edu\/es\/blog\/00-9378-articulo-de-diario-salvadoreno-acerca-del-gobierno-negociando-con-pandillas-crea-amenaz\" target=\"_blank\" rel=\"noopener\">amenazas a los periodistas de El Faro<\/a> por investigar sobre una tregua entre pandillas con el gobierno; restricciones a un periodistas del Diario Hoy para entrar a la Asamblea Legislativa; y el <a href=\"http:\/\/elmundo.com.sv\/sujetos-asaltan-radio-sonora-esta-madrugada\" target=\"_blank\" rel=\"noopener\">asalto armado a la estaci\u00f3n Radio Sonora<\/a>.<\/p>\n<p>Finalmente, el presidente de la APES, <a href=\"https:\/\/twitter.com\/joseluisbenitez\" target=\"_blank\" rel=\"noopener\">Jos\u00e9 Luis Ben\u00edtez<\/a> destac\u00f3 tambi\u00e9n la <a href=\"http:\/\/knightcenter.utexas.edu\/es\/blog\/00-12306-corte-de-el-salvador-declara-inconstitucional-intento-del-presidente-para-restringir-a\" target=\"_blank\" rel=\"noopener\">entrada en vigor de la Ley de Acceso a la Informaci\u00f3n P\u00fablica<\/a>. \u201cEs un avance importante; sin embargo hace falta que las instituciones p\u00fablicas establezcan <a href=\"http:\/\/www.lapagina.com.sv\/nacionales\/75756\/2012\/12\/28\/El-Salvador-%E2%80%9Cparcialmente-libre%E2%80%9D-para-el-ejercicio-periodistico-\" target=\"_blank\" rel=\"noopener\">pol\u00edticas de mayor apertura a los periodistas<\/a>, rendici\u00f3n de cuentas y transparencia de la gesti\u00f3n p\u00fablica\u201d, dijo Ben\u00edtez a La P\u00e1gina.<\/p>\n<p><em>Nota del editor: Esta historia fue publicada originalmente en el blog Periodismo en las Am\u00e9ricas del Centro Knight, el predecesor de LatAm Journalism Review.<\/em><\/p>\n","protected":false},"excerpt":{"rendered":"<p>La Asociaci\u00f3n de Periodistas de El Salvador (APES) present\u00f3 un informe anual sobre los avances y desaf\u00edos de libertad de prensa y de expresi\u00f3n en este pa\u00eds centroamericano que ha mejorado su posici\u00f3n en los listados internacionales de Reporteros Sin Fronteras y de Freedom House.<\/p>\n","protected":false},"author":40,"featured_media":0,"comment_status":"closed","ping_status":"closed","sticky":false,"template":"","format":"standard","meta":{"inline_featured_image":false,"footnotes":""},"categories":[1220],"tags":[1422,1522,1444,1483],"coauthors":[],"class_list":["post-36478","post","type-post","status-publish","format-standard","hentry","category-libertad-de-prensa-es","tag-acceso-a-la-informacion-es","tag-amenazas-contra-periodistas-es","tag-el-salvador-es","tag-legislacion-es"],"acf":[],"yoast_head":"<!-- This site is optimized with the Yoast SEO Premium plugin v22.6 (Yoast SEO v27.4) - https:\/\/yoast.com\/product\/yoast-seo-premium-wordpress\/ -->\n<title>Informe destaca avances y desaf\u00edos en la libertad de prensa de El Salvador - LatAm Journalism Review<\/title>\n<meta name=\"description\" content=\"Informe destaca avances y desaf\u00edos en la libertad de prensa de El Salvador Libertad de Prensa. Latin American Journalism Review by The Knight Center at The University of Texas at Austin.\" \/>\n<meta name=\"robots\" content=\"index, follow, max-snippet:-1, max-image-preview:large, max-video-preview:-1\" \/>\n<link rel=\"canonical\" href=\"https:\/\/latamjournalismreview.org\/es\/articles\/informe-destaca-avances-y-desafios-en-la-libertad-de-prensa-de-el-salvador\/\" \/>\n<meta property=\"og:locale\" content=\"es_ES\" \/>\n<meta property=\"og:type\" content=\"article\" \/>\n<meta property=\"og:title\" content=\"Informe destaca avances y desaf\u00edos en la libertad de prensa de El Salvador\" \/>\n<meta property=\"og:description\" content=\"Informe destaca avances y desaf\u00edos en la libertad de prensa de El Salvador Libertad de Prensa. Latin American Journalism Review by The Knight Center at The University of Texas at Austin.\" \/>\n<meta property=\"og:url\" content=\"https:\/\/latamjournalismreview.org\/es\/articles\/informe-destaca-avances-y-desafios-en-la-libertad-de-prensa-de-el-salvador\/\" \/>\n<meta property=\"og:site_name\" content=\"LatAm Journalism Review\" \/>\n<meta property=\"article:published_time\" content=\"2013-01-08T19:44:36+00:00\" \/>\n<meta property=\"article:modified_time\" content=\"2021-10-08T23:21:25+00:00\" \/>\n<meta name=\"author\" content=\"Tania Lara\" \/>\n<meta name=\"twitter:card\" content=\"summary_large_image\" \/>\n<meta name=\"twitter:creator\" content=\"@LatAmJournalism\" \/>\n<meta name=\"twitter:site\" content=\"@LatAmJournalism\" \/>\n<meta name=\"twitter:label1\" content=\"Written by\" \/>\n\t<meta name=\"twitter:data1\" content=\"Tania Lara\" \/>\n\t<meta name=\"twitter:label2\" content=\"Est. reading time\" \/>\n\t<meta name=\"twitter:data2\" content=\"1 minuto\" \/>\n<script type=\"application\/ld+json\" class=\"yoast-schema-graph\">{\"@context\":\"https:\\\/\\\/schema.org\",\"@graph\":[{\"@type\":\"Article\",\"@id\":\"https:\\\/\\\/latamjournalismreview.org\\\/es\\\/articles\\\/informe-destaca-avances-y-desafios-en-la-libertad-de-prensa-de-el-salvador\\\/#article\",\"isPartOf\":{\"@id\":\"https:\\\/\\\/latamjournalismreview.org\\\/es\\\/articles\\\/informe-destaca-avances-y-desafios-en-la-libertad-de-prensa-de-el-salvador\\\/\"},\"author\":{\"name\":\"Tania Lara\",\"@id\":\"https:\\\/\\\/latamjournalismreview.org\\\/es\\\/#\\\/schema\\\/person\\\/51558925140f21242c6ed2d20b8260c5\"},\"headline\":\"Informe destaca avances y desaf\u00edos en la libertad de prensa de El Salvador\",\"datePublished\":\"2013-01-08T19:44:36+00:00\",\"dateModified\":\"2021-10-08T23:21:25+00:00\",\"mainEntityOfPage\":{\"@id\":\"https:\\\/\\\/latamjournalismreview.org\\\/es\\\/articles\\\/informe-destaca-avances-y-desafios-en-la-libertad-de-prensa-de-el-salvador\\\/\"},\"wordCount\":274,\"publisher\":{\"@id\":\"https:\\\/\\\/latamjournalismreview.org\\\/es\\\/#organization\"},\"keywords\":[\"Acceso a la informaci\u00f3n\",\"Amenazas contra periodistas\",\"El Salvador\",\"Legislaci\u00f3n\"],\"articleSection\":[\"Libertad de Prensa\"],\"inLanguage\":\"es\"},{\"@type\":\"WebPage\",\"@id\":\"https:\\\/\\\/latamjournalismreview.org\\\/es\\\/articles\\\/informe-destaca-avances-y-desafios-en-la-libertad-de-prensa-de-el-salvador\\\/\",\"url\":\"https:\\\/\\\/latamjournalismreview.org\\\/es\\\/articles\\\/informe-destaca-avances-y-desafios-en-la-libertad-de-prensa-de-el-salvador\\\/\",\"name\":\"Informe destaca avances y desaf\u00edos en la libertad de prensa de El Salvador - LatAm Journalism Review\",\"isPartOf\":{\"@id\":\"https:\\\/\\\/latamjournalismreview.org\\\/es\\\/#website\"},\"datePublished\":\"2013-01-08T19:44:36+00:00\",\"dateModified\":\"2021-10-08T23:21:25+00:00\",\"description\":\"Informe destaca avances y desaf\u00edos en la libertad de prensa de El Salvador Libertad de Prensa. Latin American Journalism Review by The Knight Center at The University of Texas at Austin.\",\"breadcrumb\":{\"@id\":\"https:\\\/\\\/latamjournalismreview.org\\\/es\\\/articles\\\/informe-destaca-avances-y-desafios-en-la-libertad-de-prensa-de-el-salvador\\\/#breadcrumb\"},\"inLanguage\":\"es\",\"potentialAction\":[{\"@type\":\"ReadAction\",\"target\":[\"https:\\\/\\\/latamjournalismreview.org\\\/es\\\/articles\\\/informe-destaca-avances-y-desafios-en-la-libertad-de-prensa-de-el-salvador\\\/\"]}]},{\"@type\":\"BreadcrumbList\",\"@id\":\"https:\\\/\\\/latamjournalismreview.org\\\/es\\\/articles\\\/informe-destaca-avances-y-desafios-en-la-libertad-de-prensa-de-el-salvador\\\/#breadcrumb\",\"itemListElement\":[{\"@type\":\"ListItem\",\"position\":1,\"name\":\"Home\",\"item\":\"https:\\\/\\\/latamjournalismreview.org\\\/es\\\/\"},{\"@type\":\"ListItem\",\"position\":2,\"name\":\"Informe destaca avances y desaf\u00edos en la libertad de prensa de El Salvador\"}]},{\"@type\":\"WebSite\",\"@id\":\"https:\\\/\\\/latamjournalismreview.org\\\/es\\\/#website\",\"url\":\"https:\\\/\\\/latamjournalismreview.org\\\/es\\\/\",\"name\":\"LatAm Journalism Review\",\"description\":\"Knight Center at The University of Texas\",\"publisher\":{\"@id\":\"https:\\\/\\\/latamjournalismreview.org\\\/es\\\/#organization\"},\"potentialAction\":[{\"@type\":\"SearchAction\",\"target\":{\"@type\":\"EntryPoint\",\"urlTemplate\":\"https:\\\/\\\/latamjournalismreview.org\\\/es\\\/?s={search_term_string}\"},\"query-input\":{\"@type\":\"PropertyValueSpecification\",\"valueRequired\":true,\"valueName\":\"search_term_string\"}}],\"inLanguage\":\"es\"},{\"@type\":\"Organization\",\"@id\":\"https:\\\/\\\/latamjournalismreview.org\\\/es\\\/#organization\",\"name\":\"LatAm Journalism Review\",\"url\":\"https:\\\/\\\/latamjournalismreview.org\\\/es\\\/\",\"logo\":{\"@type\":\"ImageObject\",\"inLanguage\":\"es\",\"@id\":\"https:\\\/\\\/latamjournalismreview.org\\\/es\\\/#\\\/schema\\\/logo\\\/image\\\/\",\"url\":\"https:\\\/\\\/latamjournalismreview.org\\\/wp-content\\\/uploads\\\/2020\\\/05\\\/knight-latAm-review-logo.svg\",\"contentUrl\":\"https:\\\/\\\/latamjournalismreview.org\\\/wp-content\\\/uploads\\\/2020\\\/05\\\/knight-latAm-review-logo.svg\",\"width\":\"1024\",\"height\":\"1024\",\"caption\":\"LatAm Journalism Review\"},\"image\":{\"@id\":\"https:\\\/\\\/latamjournalismreview.org\\\/es\\\/#\\\/schema\\\/logo\\\/image\\\/\"},\"sameAs\":[\"https:\\\/\\\/x.com\\\/LatAmJournalism\"]},{\"@type\":\"Person\",\"@id\":\"https:\\\/\\\/latamjournalismreview.org\\\/es\\\/#\\\/schema\\\/person\\\/51558925140f21242c6ed2d20b8260c5\",\"name\":\"Tania Lara\",\"url\":\"https:\\\/\\\/latamjournalismreview.org\\\/es\\\/articles\\\/author\\\/tania-lara\\\/\"}]}<\/script>\n<!-- \/ Yoast SEO Premium plugin. -->","yoast_head_json":{"title":"Informe destaca avances y desaf\u00edos en la libertad de prensa de El Salvador - LatAm Journalism Review","description":"Informe destaca avances y desaf\u00edos en la libertad de prensa de El Salvador Libertad de Prensa. Latin American Journalism Review by The Knight Center at The University of Texas at Austin.","robots":{"index":"index","follow":"follow","max-snippet":"max-snippet:-1","max-image-preview":"max-image-preview:large","max-video-preview":"max-video-preview:-1"},"canonical":"https:\/\/latamjournalismreview.org\/es\/articles\/informe-destaca-avances-y-desafios-en-la-libertad-de-prensa-de-el-salvador\/","og_locale":"es_ES","og_type":"article","og_title":"Informe destaca avances y desaf\u00edos en la libertad de prensa de El Salvador","og_description":"Informe destaca avances y desaf\u00edos en la libertad de prensa de El Salvador Libertad de Prensa. Latin American Journalism Review by The Knight Center at The University of Texas at Austin.","og_url":"https:\/\/latamjournalismreview.org\/es\/articles\/informe-destaca-avances-y-desafios-en-la-libertad-de-prensa-de-el-salvador\/","og_site_name":"LatAm Journalism Review","article_published_time":"2013-01-08T19:44:36+00:00","article_modified_time":"2021-10-08T23:21:25+00:00","author":"Tania Lara","twitter_card":"summary_large_image","twitter_creator":"@LatAmJournalism","twitter_site":"@LatAmJournalism","twitter_misc":{"Written by":"Tania Lara","Est. reading time":"1 minuto"},"schema":{"@context":"https:\/\/schema.org","@graph":[{"@type":"Article","@id":"https:\/\/latamjournalismreview.org\/es\/articles\/informe-destaca-avances-y-desafios-en-la-libertad-de-prensa-de-el-salvador\/#article","isPartOf":{"@id":"https:\/\/latamjournalismreview.org\/es\/articles\/informe-destaca-avances-y-desafios-en-la-libertad-de-prensa-de-el-salvador\/"},"author":{"name":"Tania Lara","@id":"https:\/\/latamjournalismreview.org\/es\/#\/schema\/person\/51558925140f21242c6ed2d20b8260c5"},"headline":"Informe destaca avances y desaf\u00edos en la libertad de prensa de El Salvador","datePublished":"2013-01-08T19:44:36+00:00","dateModified":"2021-10-08T23:21:25+00:00","mainEntityOfPage":{"@id":"https:\/\/latamjournalismreview.org\/es\/articles\/informe-destaca-avances-y-desafios-en-la-libertad-de-prensa-de-el-salvador\/"},"wordCount":274,"publisher":{"@id":"https:\/\/latamjournalismreview.org\/es\/#organization"},"keywords":["Acceso a la informaci\u00f3n","Amenazas contra periodistas","El Salvador","Legislaci\u00f3n"],"articleSection":["Libertad de Prensa"],"inLanguage":"es"},{"@type":"WebPage","@id":"https:\/\/latamjournalismreview.org\/es\/articles\/informe-destaca-avances-y-desafios-en-la-libertad-de-prensa-de-el-salvador\/","url":"https:\/\/latamjournalismreview.org\/es\/articles\/informe-destaca-avances-y-desafios-en-la-libertad-de-prensa-de-el-salvador\/","name":"Informe destaca avances y desaf\u00edos en la libertad de prensa de El Salvador - LatAm Journalism Review","isPartOf":{"@id":"https:\/\/latamjournalismreview.org\/es\/#website"},"datePublished":"2013-01-08T19:44:36+00:00","dateModified":"2021-10-08T23:21:25+00:00","description":"Informe destaca avances y desaf\u00edos en la libertad de prensa de El Salvador Libertad de Prensa. Latin American Journalism Review by The Knight Center at The University of Texas at Austin.","breadcrumb":{"@id":"https:\/\/latamjournalismreview.org\/es\/articles\/informe-destaca-avances-y-desafios-en-la-libertad-de-prensa-de-el-salvador\/#breadcrumb"},"inLanguage":"es","potentialAction":[{"@type":"ReadAction","target":["https:\/\/latamjournalismreview.org\/es\/articles\/informe-destaca-avances-y-desafios-en-la-libertad-de-prensa-de-el-salvador\/"]}]},{"@type":"BreadcrumbList","@id":"https:\/\/latamjournalismreview.org\/es\/articles\/informe-destaca-avances-y-desafios-en-la-libertad-de-prensa-de-el-salvador\/#breadcrumb","itemListElement":[{"@type":"ListItem","position":1,"name":"Home","item":"https:\/\/latamjournalismreview.org\/es\/"},{"@type":"ListItem","position":2,"name":"Informe destaca avances y desaf\u00edos en la libertad de prensa de El Salvador"}]},{"@type":"WebSite","@id":"https:\/\/latamjournalismreview.org\/es\/#website","url":"https:\/\/latamjournalismreview.org\/es\/","name":"LatAm Journalism Review","description":"Knight Center at The University of Texas","publisher":{"@id":"https:\/\/latamjournalismreview.org\/es\/#organization"},"potentialAction":[{"@type":"SearchAction","target":{"@type":"EntryPoint","urlTemplate":"https:\/\/latamjournalismreview.org\/es\/?s={search_term_string}"},"query-input":{"@type":"PropertyValueSpecification","valueRequired":true,"valueName":"search_term_string"}}],"inLanguage":"es"},{"@type":"Organization","@id":"https:\/\/latamjournalismreview.org\/es\/#organization","name":"LatAm Journalism Review","url":"https:\/\/latamjournalismreview.org\/es\/","logo":{"@type":"ImageObject","inLanguage":"es","@id":"https:\/\/latamjournalismreview.org\/es\/#\/schema\/logo\/image\/","url":"https:\/\/latamjournalismreview.org\/wp-content\/uploads\/2020\/05\/knight-latAm-review-logo.svg","contentUrl":"https:\/\/latamjournalismreview.org\/wp-content\/uploads\/2020\/05\/knight-latAm-review-logo.svg","width":"1024","height":"1024","caption":"LatAm Journalism Review"},"image":{"@id":"https:\/\/latamjournalismreview.org\/es\/#\/schema\/logo\/image\/"},"sameAs":["https:\/\/x.com\/LatAmJournalism"]},{"@type":"Person","@id":"https:\/\/latamjournalismreview.org\/es\/#\/schema\/person\/51558925140f21242c6ed2d20b8260c5","name":"Tania Lara","url":"https:\/\/latamjournalismreview.org\/es\/articles\/author\/tania-lara\/"}]}},"_links":{"self":[{"href":"https:\/\/latamjournalismreview.org\/es\/wp-json\/wp\/v2\/posts\/36478","targetHints":{"allow":["GET"]}}],"collection":[{"href":"https:\/\/latamjournalismreview.org\/es\/wp-json\/wp\/v2\/posts"}],"about":[{"href":"https:\/\/latamjournalismreview.org\/es\/wp-json\/wp\/v2\/types\/post"}],"author":[{"embeddable":true,"href":"https:\/\/latamjournalismreview.org\/es\/wp-json\/wp\/v2\/users\/40"}],"replies":[{"embeddable":true,"href":"https:\/\/latamjournalismreview.org\/es\/wp-json\/wp\/v2\/comments?post=36478"}],"version-history":[{"count":1,"href":"https:\/\/latamjournalismreview.org\/es\/wp-json\/wp\/v2\/posts\/36478\/revisions"}],"predecessor-version":[{"id":36479,"href":"https:\/\/latamjournalismreview.org\/es\/wp-json\/wp\/v2\/posts\/36478\/revisions\/36479"}],"wp:attachment":[{"href":"https:\/\/latamjournalismreview.org\/es\/wp-json\/wp\/v2\/media?parent=36478"}],"wp:term":[{"taxonomy":"category","embeddable":true,"href":"https:\/\/latamjournalismreview.org\/es\/wp-json\/wp\/v2\/categories?post=36478"},{"taxonomy":"post_tag","embeddable":true,"href":"https:\/\/latamjournalismreview.org\/es\/wp-json\/wp\/v2\/tags?post=36478"},{"taxonomy":"author","embeddable":true,"href":"https:\/\/latamjournalismreview.org\/es\/wp-json\/wp\/v2\/coauthors?post=36478"}],"curies":[{"name":"wp","href":"https:\/\/api.w.org\/{rel}","templated":true}]}}