{"id":36630,"date":"2013-03-29T11:33:27","date_gmt":"2013-03-29T16:33:27","guid":{"rendered":"https:\/\/latamjournalismreview.org\/?p=36630"},"modified":"2021-10-09T11:00:26","modified_gmt":"2021-10-09T16:00:26","slug":"periodista-de-veracruz-mexico-vive-en-oficinas-de-diario-desde-hace-tres-anos-tras-sufrir-agresiones","status":"publish","type":"post","link":"https:\/\/latamjournalismreview.org\/es\/articles\/periodista-de-veracruz-mexico-vive-en-oficinas-de-diario-desde-hace-tres-anos-tras-sufrir-agresiones\/","title":{"rendered":"Periodista de Veracruz, M\u00e9xico, vive en oficinas de diario desde hace tres a\u00f1os tras sufrir agresiones"},"content":{"rendered":"<p>Una <a href=\"http:\/\/mexico.cnn.com\/nacional\/2013\/03\/28\/una-periodista-de-veracruz-vive-en-su-lugar-de-trabajo-tras-agresiones\" target=\"_blank\" rel=\"noopener\">periodista mexicana vive en su lugar de trabajo como una medida de seguridad tras ser v\u00edctima de tres agresiones<\/a>, inform\u00f3 el portal de CNN M\u00e9xico. Mar\u00eda Jos\u00e9 Gamboa vive en las instalaciones del diario <a href=\"http:\/\/www.notiver.com.mx\/index.php\/sucesos\/index.1.html\" target=\"_blank\" rel=\"noopener\">Notiver<\/a>, estado de <a href=\"http:\/\/es.wikipedia.org\/wiki\/Veracruz_de_Ignacio_de_la_Llave\" target=\"_blank\" rel=\"noopener\">Veracruz<\/a> (oriente del pa\u00eds) desde hace tres a\u00f1os, agreg\u00f3 el portal.<\/p>\n<p>Seg\u00fan la comunicadora, en la primera agresi\u00f3n le destrozaron los vidrios del auto mientras que en la segunda le reventaron las llantas. Sin embargo, la tercera fue la m\u00e1s preocupante porque desconocidos entraron a la casa de su ex esposo y solo dejaron regados los juguetes de su hija, uno de los cuales estaba enterrado en el suelo con un machete, public\u00f3 CNN. La periodista es conocida por sus cr\u00edticas hacia las autoridades, a quienes culp\u00f3 publicamente de las agresiones en su contra y de dos despidos que sufri\u00f3 anteriormente.<\/p>\n<p>La situaci\u00f3n de la periodista se dio a conocer luego de que se <a href=\"http:\/\/www.frontenet.com\/notas\/20130327\/de_periodista_a_candidata____mentirosa__del_pan\" target=\"_blank\" rel=\"noopener\">inscribiera como precandidata a diputada local para las elecciones de este a\u00f1o<\/a> donde deb\u00eda presentar documentos de su domicilio, inform\u00f3 el portal Frontenet. Para este portal, la periodista podr\u00eda estar incurriendo en un delito si se llega a comprobar que no lleva viviendo tres a\u00f1os en este lugar.<\/p>\n<p><em>Nota del editor: Esta historia fue publicada originalmente en el blog Periodismo en las Am\u00e9ricas del Centro Knight, el predecesor de LatAm Journalism Review.<\/em><\/p>\n","protected":false},"excerpt":{"rendered":"<p>Una periodista mexicana vive en su lugar de trabajo como una medida de seguridad tras ser v\u00edctima de tres agresiones, inform\u00f3 el portal de CNN M\u00e9xico.<\/p>\n","protected":false},"author":13,"featured_media":0,"comment_status":"closed","ping_status":"closed","sticky":false,"template":"","format":"standard","meta":{"inline_featured_image":false,"footnotes":""},"categories":[1222],"tags":[1522,1393],"coauthors":[],"class_list":["post-36630","post","type-post","status-publish","format-standard","hentry","category-violencia-contra-periodistas-es","tag-amenazas-contra-periodistas-es","tag-mexico-es"],"acf":[],"yoast_head":"<!-- This site is optimized with the Yoast SEO Premium plugin v22.6 (Yoast SEO v27.4) - https:\/\/yoast.com\/product\/yoast-seo-premium-wordpress\/ -->\n<title>Periodista de Veracruz, M\u00e9xico, vive en oficinas de diario desde hace tres a\u00f1os tras sufrir agresiones - LatAm Journalism Review<\/title>\n<meta name=\"description\" content=\"Periodista de Veracruz, M\u00e9xico, vive en oficinas de diario desde hace tres a\u00f1os tras sufrir agresiones Violencia contra periodistas. Latin American Journalism Review by The Knight Center at The University of Texas at Austin.\" \/>\n<meta name=\"robots\" content=\"index, follow, max-snippet:-1, max-image-preview:large, max-video-preview:-1\" \/>\n<link rel=\"canonical\" href=\"https:\/\/latamjournalismreview.org\/es\/articles\/periodista-de-veracruz-mexico-vive-en-oficinas-de-diario-desde-hace-tres-anos-tras-sufrir-agresiones\/\" \/>\n<meta property=\"og:locale\" content=\"es_ES\" \/>\n<meta property=\"og:type\" content=\"article\" \/>\n<meta property=\"og:title\" content=\"Periodista de Veracruz, M\u00e9xico, vive en oficinas de diario desde hace tres a\u00f1os tras sufrir agresiones\" \/>\n<meta property=\"og:description\" content=\"Periodista de Veracruz, M\u00e9xico, vive en oficinas de diario desde hace tres a\u00f1os tras sufrir agresiones Violencia contra periodistas. Latin American Journalism Review by The Knight Center at The University of Texas at Austin.\" \/>\n<meta property=\"og:url\" content=\"https:\/\/latamjournalismreview.org\/es\/articles\/periodista-de-veracruz-mexico-vive-en-oficinas-de-diario-desde-hace-tres-anos-tras-sufrir-agresiones\/\" \/>\n<meta property=\"og:site_name\" content=\"LatAm Journalism Review\" \/>\n<meta property=\"article:published_time\" content=\"2013-03-29T16:33:27+00:00\" \/>\n<meta property=\"article:modified_time\" content=\"2021-10-09T16:00:26+00:00\" \/>\n<meta name=\"author\" content=\"Silvia Higuera\" \/>\n<meta name=\"twitter:card\" content=\"summary_large_image\" \/>\n<meta name=\"twitter:creator\" content=\"@shiguerita\" \/>\n<meta name=\"twitter:site\" content=\"@LatAmJournalism\" \/>\n<meta name=\"twitter:label1\" content=\"Written by\" \/>\n\t<meta name=\"twitter:data1\" content=\"Silvia Higuera\" \/>\n\t<meta name=\"twitter:label2\" content=\"Est. reading time\" \/>\n\t<meta name=\"twitter:data2\" content=\"1 minuto\" \/>\n<script type=\"application\/ld+json\" class=\"yoast-schema-graph\">{\"@context\":\"https:\\\/\\\/schema.org\",\"@graph\":[{\"@type\":\"Article\",\"@id\":\"https:\\\/\\\/latamjournalismreview.org\\\/es\\\/articles\\\/periodista-de-veracruz-mexico-vive-en-oficinas-de-diario-desde-hace-tres-anos-tras-sufrir-agresiones\\\/#article\",\"isPartOf\":{\"@id\":\"https:\\\/\\\/latamjournalismreview.org\\\/es\\\/articles\\\/periodista-de-veracruz-mexico-vive-en-oficinas-de-diario-desde-hace-tres-anos-tras-sufrir-agresiones\\\/\"},\"author\":{\"name\":\"Silvia Higuera\",\"@id\":\"https:\\\/\\\/latamjournalismreview.org\\\/es\\\/#\\\/schema\\\/person\\\/eac7baa6afada0957e047be9fc15703a\"},\"headline\":\"Periodista de Veracruz, M\u00e9xico, vive en oficinas de diario desde hace tres a\u00f1os tras sufrir agresiones\",\"datePublished\":\"2013-03-29T16:33:27+00:00\",\"dateModified\":\"2021-10-09T16:00:26+00:00\",\"mainEntityOfPage\":{\"@id\":\"https:\\\/\\\/latamjournalismreview.org\\\/es\\\/articles\\\/periodista-de-veracruz-mexico-vive-en-oficinas-de-diario-desde-hace-tres-anos-tras-sufrir-agresiones\\\/\"},\"wordCount\":257,\"publisher\":{\"@id\":\"https:\\\/\\\/latamjournalismreview.org\\\/es\\\/#organization\"},\"keywords\":[\"Amenazas contra periodistas\",\"M\u00e9xico\"],\"articleSection\":[\"Violencia contra periodistas\"],\"inLanguage\":\"es\"},{\"@type\":\"WebPage\",\"@id\":\"https:\\\/\\\/latamjournalismreview.org\\\/es\\\/articles\\\/periodista-de-veracruz-mexico-vive-en-oficinas-de-diario-desde-hace-tres-anos-tras-sufrir-agresiones\\\/\",\"url\":\"https:\\\/\\\/latamjournalismreview.org\\\/es\\\/articles\\\/periodista-de-veracruz-mexico-vive-en-oficinas-de-diario-desde-hace-tres-anos-tras-sufrir-agresiones\\\/\",\"name\":\"Periodista de Veracruz, M\u00e9xico, vive en oficinas de diario desde hace tres a\u00f1os tras sufrir agresiones - LatAm Journalism Review\",\"isPartOf\":{\"@id\":\"https:\\\/\\\/latamjournalismreview.org\\\/es\\\/#website\"},\"datePublished\":\"2013-03-29T16:33:27+00:00\",\"dateModified\":\"2021-10-09T16:00:26+00:00\",\"description\":\"Periodista de Veracruz, M\u00e9xico, vive en oficinas de diario desde hace tres a\u00f1os tras sufrir agresiones Violencia contra periodistas. Latin American Journalism Review by The Knight Center at The University of Texas at Austin.\",\"breadcrumb\":{\"@id\":\"https:\\\/\\\/latamjournalismreview.org\\\/es\\\/articles\\\/periodista-de-veracruz-mexico-vive-en-oficinas-de-diario-desde-hace-tres-anos-tras-sufrir-agresiones\\\/#breadcrumb\"},\"inLanguage\":\"es\",\"potentialAction\":[{\"@type\":\"ReadAction\",\"target\":[\"https:\\\/\\\/latamjournalismreview.org\\\/es\\\/articles\\\/periodista-de-veracruz-mexico-vive-en-oficinas-de-diario-desde-hace-tres-anos-tras-sufrir-agresiones\\\/\"]}]},{\"@type\":\"BreadcrumbList\",\"@id\":\"https:\\\/\\\/latamjournalismreview.org\\\/es\\\/articles\\\/periodista-de-veracruz-mexico-vive-en-oficinas-de-diario-desde-hace-tres-anos-tras-sufrir-agresiones\\\/#breadcrumb\",\"itemListElement\":[{\"@type\":\"ListItem\",\"position\":1,\"name\":\"Home\",\"item\":\"https:\\\/\\\/latamjournalismreview.org\\\/es\\\/\"},{\"@type\":\"ListItem\",\"position\":2,\"name\":\"Periodista de Veracruz, M\u00e9xico, vive en oficinas de diario desde hace tres a\u00f1os tras sufrir agresiones\"}]},{\"@type\":\"WebSite\",\"@id\":\"https:\\\/\\\/latamjournalismreview.org\\\/es\\\/#website\",\"url\":\"https:\\\/\\\/latamjournalismreview.org\\\/es\\\/\",\"name\":\"LatAm Journalism Review\",\"description\":\"Knight Center at The University of Texas\",\"publisher\":{\"@id\":\"https:\\\/\\\/latamjournalismreview.org\\\/es\\\/#organization\"},\"potentialAction\":[{\"@type\":\"SearchAction\",\"target\":{\"@type\":\"EntryPoint\",\"urlTemplate\":\"https:\\\/\\\/latamjournalismreview.org\\\/es\\\/?s={search_term_string}\"},\"query-input\":{\"@type\":\"PropertyValueSpecification\",\"valueRequired\":true,\"valueName\":\"search_term_string\"}}],\"inLanguage\":\"es\"},{\"@type\":\"Organization\",\"@id\":\"https:\\\/\\\/latamjournalismreview.org\\\/es\\\/#organization\",\"name\":\"LatAm Journalism Review\",\"url\":\"https:\\\/\\\/latamjournalismreview.org\\\/es\\\/\",\"logo\":{\"@type\":\"ImageObject\",\"inLanguage\":\"es\",\"@id\":\"https:\\\/\\\/latamjournalismreview.org\\\/es\\\/#\\\/schema\\\/logo\\\/image\\\/\",\"url\":\"https:\\\/\\\/latamjournalismreview.org\\\/wp-content\\\/uploads\\\/2020\\\/05\\\/knight-latAm-review-logo.svg\",\"contentUrl\":\"https:\\\/\\\/latamjournalismreview.org\\\/wp-content\\\/uploads\\\/2020\\\/05\\\/knight-latAm-review-logo.svg\",\"width\":\"1024\",\"height\":\"1024\",\"caption\":\"LatAm Journalism Review\"},\"image\":{\"@id\":\"https:\\\/\\\/latamjournalismreview.org\\\/es\\\/#\\\/schema\\\/logo\\\/image\\\/\"},\"sameAs\":[\"https:\\\/\\\/x.com\\\/LatAmJournalism\"]},{\"@type\":\"Person\",\"@id\":\"https:\\\/\\\/latamjournalismreview.org\\\/es\\\/#\\\/schema\\\/person\\\/eac7baa6afada0957e047be9fc15703a\",\"name\":\"Silvia Higuera\",\"description\":\"Silvia A. Higuera Fl\u00f3rez is a Colombian journalist interested in covering Latin American issues and human rights, especially the right to freedom of expression, and investigative journalism. She studied Social Communication and Journalism at Universidad Pontificia Bolivariana in Bucaramanga (Colombia), and received her Master's of Arts in Journalism from the University of Texas at Austin in 2015. She worked with the Office of the Special Rapporteur for Freedom of Expression of the Inter-American Commission on Human Rights (IACHR) under the Orlando Sierra fellowship during 2014. She also worked for the Colombian newspaper Vanguardia Liberal and wrote for different magazines about local, economic and public order issues. Her work has also appeared in The Miami Herald and El Nuevo Herald of Miami. Email: silvia.knightcenter@gmail.com Silvia A. Higuera Fl\u00f3rez es una periodista colombiana con inter\u00e9s period\u00edstico es Am\u00e9rica Latina y los derechos humanos, particularmente el derecho a la libertad de expresi\u00f3n, as\u00ed como el periodismo de investigaci\u00f3n. Estudi\u00f3 Comunicaci\u00f3n Social \u2013 Periodismo en la Universidad Pontificia Bolivariana de Bucaramanga (Colombia), y recibi\u00f3 su maestr\u00eda en Periodismo en la Universidad de Texas, en Austin en 2015. Trabaj\u00f3 para la Relator\u00eda Especial para la Libertad de Expresi\u00f3n de la Comisi\u00f3n Interamericana de Derechos Humanos (CIDH) en el marco de la beca Orlando Sierra, durante 2014. Tambi\u00e9n hizo parte del diario Vanguardia Liberal y escribi\u00f3 para otras revistas colombianas cubriendo fuentes locales, econ\u00f3micas y judiciales. Algunos de sus trabajos han aparecido en The Miami Herald y El Nuevo Herald de Miami. Silvia A. Higuera Fl\u00f3rez \u00e9 uma jornalista colombiana e seu interesse jornal\u00edstico \u00e9 a Am\u00e9rica Latina e os direitos humanos, nomeadamente o direito \u00e0 liberdade de express\u00e3o. Estudou Comunica\u00e7\u00e3o Social \u2013 Jornalismo na Universidade Pontif\u00edcia Bolivariana de Bucaramanga, na Col\u00f4mbia e completou seu mestrado em jornalismo na Universidade do Texas em Austin. Silvia trabalhou na Relatoria para a Liberdade de Express\u00e3o da CIDH pela bolsa Orlando Sierra, em 2014. Trabalhou para o jornal Vanguardia Liberal e escreveu para outras revistas colombianas cobrindo temas locais, econ\u00f4micas e judici\u00e1rias. Alguns de seus trabalhos apareceram no The Miami Herald e no El Nuevo Herald de Miami.\",\"sameAs\":[\"https:\\\/\\\/x.com\\\/shiguerita\"],\"url\":\"https:\\\/\\\/latamjournalismreview.org\\\/es\\\/articles\\\/author\\\/silvia-higuera\\\/\"}]}<\/script>\n<!-- \/ Yoast SEO Premium plugin. -->","yoast_head_json":{"title":"Periodista de Veracruz, M\u00e9xico, vive en oficinas de diario desde hace tres a\u00f1os tras sufrir agresiones - LatAm Journalism Review","description":"Periodista de Veracruz, M\u00e9xico, vive en oficinas de diario desde hace tres a\u00f1os tras sufrir agresiones Violencia contra periodistas. Latin American Journalism Review by The Knight Center at The University of Texas at Austin.","robots":{"index":"index","follow":"follow","max-snippet":"max-snippet:-1","max-image-preview":"max-image-preview:large","max-video-preview":"max-video-preview:-1"},"canonical":"https:\/\/latamjournalismreview.org\/es\/articles\/periodista-de-veracruz-mexico-vive-en-oficinas-de-diario-desde-hace-tres-anos-tras-sufrir-agresiones\/","og_locale":"es_ES","og_type":"article","og_title":"Periodista de Veracruz, M\u00e9xico, vive en oficinas de diario desde hace tres a\u00f1os tras sufrir agresiones","og_description":"Periodista de Veracruz, M\u00e9xico, vive en oficinas de diario desde hace tres a\u00f1os tras sufrir agresiones Violencia contra periodistas. Latin American Journalism Review by The Knight Center at The University of Texas at Austin.","og_url":"https:\/\/latamjournalismreview.org\/es\/articles\/periodista-de-veracruz-mexico-vive-en-oficinas-de-diario-desde-hace-tres-anos-tras-sufrir-agresiones\/","og_site_name":"LatAm Journalism Review","article_published_time":"2013-03-29T16:33:27+00:00","article_modified_time":"2021-10-09T16:00:26+00:00","author":"Silvia Higuera","twitter_card":"summary_large_image","twitter_creator":"@shiguerita","twitter_site":"@LatAmJournalism","twitter_misc":{"Written by":"Silvia Higuera","Est. reading time":"1 minuto"},"schema":{"@context":"https:\/\/schema.org","@graph":[{"@type":"Article","@id":"https:\/\/latamjournalismreview.org\/es\/articles\/periodista-de-veracruz-mexico-vive-en-oficinas-de-diario-desde-hace-tres-anos-tras-sufrir-agresiones\/#article","isPartOf":{"@id":"https:\/\/latamjournalismreview.org\/es\/articles\/periodista-de-veracruz-mexico-vive-en-oficinas-de-diario-desde-hace-tres-anos-tras-sufrir-agresiones\/"},"author":{"name":"Silvia Higuera","@id":"https:\/\/latamjournalismreview.org\/es\/#\/schema\/person\/eac7baa6afada0957e047be9fc15703a"},"headline":"Periodista de Veracruz, M\u00e9xico, vive en oficinas de diario desde hace tres a\u00f1os tras sufrir agresiones","datePublished":"2013-03-29T16:33:27+00:00","dateModified":"2021-10-09T16:00:26+00:00","mainEntityOfPage":{"@id":"https:\/\/latamjournalismreview.org\/es\/articles\/periodista-de-veracruz-mexico-vive-en-oficinas-de-diario-desde-hace-tres-anos-tras-sufrir-agresiones\/"},"wordCount":257,"publisher":{"@id":"https:\/\/latamjournalismreview.org\/es\/#organization"},"keywords":["Amenazas contra periodistas","M\u00e9xico"],"articleSection":["Violencia contra periodistas"],"inLanguage":"es"},{"@type":"WebPage","@id":"https:\/\/latamjournalismreview.org\/es\/articles\/periodista-de-veracruz-mexico-vive-en-oficinas-de-diario-desde-hace-tres-anos-tras-sufrir-agresiones\/","url":"https:\/\/latamjournalismreview.org\/es\/articles\/periodista-de-veracruz-mexico-vive-en-oficinas-de-diario-desde-hace-tres-anos-tras-sufrir-agresiones\/","name":"Periodista de Veracruz, M\u00e9xico, vive en oficinas de diario desde hace tres a\u00f1os tras sufrir agresiones - LatAm Journalism Review","isPartOf":{"@id":"https:\/\/latamjournalismreview.org\/es\/#website"},"datePublished":"2013-03-29T16:33:27+00:00","dateModified":"2021-10-09T16:00:26+00:00","description":"Periodista de Veracruz, M\u00e9xico, vive en oficinas de diario desde hace tres a\u00f1os tras sufrir agresiones Violencia contra periodistas. Latin American Journalism Review by The Knight Center at The University of Texas at Austin.","breadcrumb":{"@id":"https:\/\/latamjournalismreview.org\/es\/articles\/periodista-de-veracruz-mexico-vive-en-oficinas-de-diario-desde-hace-tres-anos-tras-sufrir-agresiones\/#breadcrumb"},"inLanguage":"es","potentialAction":[{"@type":"ReadAction","target":["https:\/\/latamjournalismreview.org\/es\/articles\/periodista-de-veracruz-mexico-vive-en-oficinas-de-diario-desde-hace-tres-anos-tras-sufrir-agresiones\/"]}]},{"@type":"BreadcrumbList","@id":"https:\/\/latamjournalismreview.org\/es\/articles\/periodista-de-veracruz-mexico-vive-en-oficinas-de-diario-desde-hace-tres-anos-tras-sufrir-agresiones\/#breadcrumb","itemListElement":[{"@type":"ListItem","position":1,"name":"Home","item":"https:\/\/latamjournalismreview.org\/es\/"},{"@type":"ListItem","position":2,"name":"Periodista de Veracruz, M\u00e9xico, vive en oficinas de diario desde hace tres a\u00f1os tras sufrir agresiones"}]},{"@type":"WebSite","@id":"https:\/\/latamjournalismreview.org\/es\/#website","url":"https:\/\/latamjournalismreview.org\/es\/","name":"LatAm Journalism Review","description":"Knight Center at The University of Texas","publisher":{"@id":"https:\/\/latamjournalismreview.org\/es\/#organization"},"potentialAction":[{"@type":"SearchAction","target":{"@type":"EntryPoint","urlTemplate":"https:\/\/latamjournalismreview.org\/es\/?s={search_term_string}"},"query-input":{"@type":"PropertyValueSpecification","valueRequired":true,"valueName":"search_term_string"}}],"inLanguage":"es"},{"@type":"Organization","@id":"https:\/\/latamjournalismreview.org\/es\/#organization","name":"LatAm Journalism Review","url":"https:\/\/latamjournalismreview.org\/es\/","logo":{"@type":"ImageObject","inLanguage":"es","@id":"https:\/\/latamjournalismreview.org\/es\/#\/schema\/logo\/image\/","url":"https:\/\/latamjournalismreview.org\/wp-content\/uploads\/2020\/05\/knight-latAm-review-logo.svg","contentUrl":"https:\/\/latamjournalismreview.org\/wp-content\/uploads\/2020\/05\/knight-latAm-review-logo.svg","width":"1024","height":"1024","caption":"LatAm Journalism Review"},"image":{"@id":"https:\/\/latamjournalismreview.org\/es\/#\/schema\/logo\/image\/"},"sameAs":["https:\/\/x.com\/LatAmJournalism"]},{"@type":"Person","@id":"https:\/\/latamjournalismreview.org\/es\/#\/schema\/person\/eac7baa6afada0957e047be9fc15703a","name":"Silvia Higuera","description":"Silvia A. Higuera Fl\u00f3rez is a Colombian journalist interested in covering Latin American issues and human rights, especially the right to freedom of expression, and investigative journalism. She studied Social Communication and Journalism at Universidad Pontificia Bolivariana in Bucaramanga (Colombia), and received her Master's of Arts in Journalism from the University of Texas at Austin in 2015. She worked with the Office of the Special Rapporteur for Freedom of Expression of the Inter-American Commission on Human Rights (IACHR) under the Orlando Sierra fellowship during 2014. She also worked for the Colombian newspaper Vanguardia Liberal and wrote for different magazines about local, economic and public order issues. Her work has also appeared in The Miami Herald and El Nuevo Herald of Miami. Email: silvia.knightcenter@gmail.com Silvia A. Higuera Fl\u00f3rez es una periodista colombiana con inter\u00e9s period\u00edstico es Am\u00e9rica Latina y los derechos humanos, particularmente el derecho a la libertad de expresi\u00f3n, as\u00ed como el periodismo de investigaci\u00f3n. Estudi\u00f3 Comunicaci\u00f3n Social \u2013 Periodismo en la Universidad Pontificia Bolivariana de Bucaramanga (Colombia), y recibi\u00f3 su maestr\u00eda en Periodismo en la Universidad de Texas, en Austin en 2015. Trabaj\u00f3 para la Relator\u00eda Especial para la Libertad de Expresi\u00f3n de la Comisi\u00f3n Interamericana de Derechos Humanos (CIDH) en el marco de la beca Orlando Sierra, durante 2014. Tambi\u00e9n hizo parte del diario Vanguardia Liberal y escribi\u00f3 para otras revistas colombianas cubriendo fuentes locales, econ\u00f3micas y judiciales. Algunos de sus trabajos han aparecido en The Miami Herald y El Nuevo Herald de Miami. Silvia A. Higuera Fl\u00f3rez \u00e9 uma jornalista colombiana e seu interesse jornal\u00edstico \u00e9 a Am\u00e9rica Latina e os direitos humanos, nomeadamente o direito \u00e0 liberdade de express\u00e3o. Estudou Comunica\u00e7\u00e3o Social \u2013 Jornalismo na Universidade Pontif\u00edcia Bolivariana de Bucaramanga, na Col\u00f4mbia e completou seu mestrado em jornalismo na Universidade do Texas em Austin. Silvia trabalhou na Relatoria para a Liberdade de Express\u00e3o da CIDH pela bolsa Orlando Sierra, em 2014. Trabalhou para o jornal Vanguardia Liberal e escreveu para outras revistas colombianas cobrindo temas locais, econ\u00f4micas e judici\u00e1rias. Alguns de seus trabalhos apareceram no The Miami Herald e no El Nuevo Herald de Miami.","sameAs":["https:\/\/x.com\/shiguerita"],"url":"https:\/\/latamjournalismreview.org\/es\/articles\/author\/silvia-higuera\/"}]}},"_links":{"self":[{"href":"https:\/\/latamjournalismreview.org\/es\/wp-json\/wp\/v2\/posts\/36630","targetHints":{"allow":["GET"]}}],"collection":[{"href":"https:\/\/latamjournalismreview.org\/es\/wp-json\/wp\/v2\/posts"}],"about":[{"href":"https:\/\/latamjournalismreview.org\/es\/wp-json\/wp\/v2\/types\/post"}],"author":[{"embeddable":true,"href":"https:\/\/latamjournalismreview.org\/es\/wp-json\/wp\/v2\/users\/13"}],"replies":[{"embeddable":true,"href":"https:\/\/latamjournalismreview.org\/es\/wp-json\/wp\/v2\/comments?post=36630"}],"version-history":[{"count":1,"href":"https:\/\/latamjournalismreview.org\/es\/wp-json\/wp\/v2\/posts\/36630\/revisions"}],"predecessor-version":[{"id":36631,"href":"https:\/\/latamjournalismreview.org\/es\/wp-json\/wp\/v2\/posts\/36630\/revisions\/36631"}],"wp:attachment":[{"href":"https:\/\/latamjournalismreview.org\/es\/wp-json\/wp\/v2\/media?parent=36630"}],"wp:term":[{"taxonomy":"category","embeddable":true,"href":"https:\/\/latamjournalismreview.org\/es\/wp-json\/wp\/v2\/categories?post=36630"},{"taxonomy":"post_tag","embeddable":true,"href":"https:\/\/latamjournalismreview.org\/es\/wp-json\/wp\/v2\/tags?post=36630"},{"taxonomy":"author","embeddable":true,"href":"https:\/\/latamjournalismreview.org\/es\/wp-json\/wp\/v2\/coauthors?post=36630"}],"curies":[{"name":"wp","href":"https:\/\/api.w.org\/{rel}","templated":true}]}}