{"id":3746,"date":"2019-09-11T15:27:05","date_gmt":"2019-09-11T20:27:05","guid":{"rendered":"https:\/\/live-lajr.pantheonsite.io\/?p=3746"},"modified":"2020-06-02T20:31:29","modified_gmt":"2020-06-03T01:31:29","slug":"medios-latinoamericanos-participan-en-iniciativa-global-para-reforzar-cobertura-sobre-crisis-climatica","status":"publish","type":"post","link":"https:\/\/latamjournalismreview.org\/es\/articles\/medios-latinoamericanos-participan-en-iniciativa-global-para-reforzar-cobertura-sobre-crisis-climatica\/","title":{"rendered":"Medios latinoamericanos participan en iniciativa global para reforzar cobertura sobre crisis clim\u00e1tica"},"content":{"rendered":"<p>\u201cNuestra propia \u2018guerra falsa\u2019 contra el calentamiento global se acab\u00f3. La guerra caliente lleg\u00f3\u201d, dijo el\u00a0<a href=\"https:\/\/www.cjr.org\/watchdog\/bill-moyers-climate-change.php\" target=\"_blank\" rel=\"noopener noreferrer\">veterano periodista estadounidense Bill Moyers en una conferencia en abril<\/a>, cuando compar\u00f3 la importancia y la urgencia de la cobertura period\u00edstica sobre la crisis clim\u00e1tica con la cobertura de la Segunda Guerra Mundial.<\/p>\n<p>La<a href=\"https:\/\/www.thenation.com\/article\/covering-climate-change-cjr-live\/\" target=\"_blank\" rel=\"noopener noreferrer\">\u00a0conferencia realizada en Nueva York<\/a>, Estados Unidos, reuni\u00f3 a periodistas y representantes de medios de comunicaci\u00f3n para debatir sobre como cubrir el \u201ccambio clim\u00e1tico en un mundo de 1,5<sup>o<\/sup>\u00a0C\u201d.<\/p>\n<p>Esta medida es cu\u00e1nto se espera que la temperatura global suba entre 2030 y 2052 en relaci\u00f3n a la registrada antes de la era industrial, seg\u00fan un\u00a0<a href=\"https:\/\/www.ipcc.ch\/sr15\/\" target=\"_blank\" rel=\"noopener noreferrer\">informe presentado en octubre de 2018 por el Grupo Intergubernamental de Expertos sobre el Cambio Clim\u00e1tico de las Naciones Unidas<\/a>\u00a0(IPCC, por sus siglas en ingl\u00e9s). Se trata de un acontecimento global provocado por la actividad humana, cuyo impacto ya se est\u00e1 sintiendo en el aumento de la frecuencia e intensidad de eventos clim\u00e1ticos extremos alrededor del mundo, por ejemplo, dijo el informe.<\/p>\n<p>A partir de esa urgencia, una alianza global pretende colocar la crisis clim\u00e1tica en el centro de la cobertura period\u00edstica de m\u00e1s de 200 medios de comunicaci\u00f3n, entre peri\u00f3dicos, sitios, radios, canales de TV y podcasts en las pr\u00f3ximas semanas y dem\u00e1s.<\/p>\n<p dir=\"ltr\">La iniciativa\u00a0<a href=\"https:\/\/www.coveringclimatenow.org\/\" target=\"_blank\" rel=\"noopener noreferrer\">Covering Climate Now<\/a>, capitaneada por las revistas estadounidenses\u00a0<a href=\"https:\/\/www.thenation.com\/\" target=\"_blank\" rel=\"noopener noreferrer\">The Nation<\/a>\u00a0y\u00a0<a href=\"https:\/\/www.cjr.org\/\" target=\"_blank\" rel=\"noopener noreferrer\">Columbia Journalism Review<\/a>\u00a0(CJR), cuenta hasta el momento con seis socios latinoamericanos \u2013 y espera que otros medios de la regi\u00f3n quiera unirse a la alianza.<\/p>\n<div>\n<div style=\"width: 534px\" class=\"wp-caption alignright\"><a href=\"https:\/\/knightcenter.utexas.edu\/pt-br\/blog\/00-21209-meios-latino-americanos-participam-de-iniciativa-global-para-reforcar-cobertura-sobre-\" target=\"_blank\" rel=\"noopener noreferrer\"><img loading=\"lazy\" decoding=\"async\" src=\"https:\/\/live.staticflickr.com\/65535\/33869461068_d79aaa76fa_o.jpg\" alt=\"(Foto: Martin Snicer\/Flickr CC)\" width=\"524\" height=\"349\" \/><\/a><p class=\"wp-caption-text\">(Foto: Martin Snicer\/Flickr CC)<\/p><\/div>\n<p>\u201c<a href=\"https:\/\/www.thenation.com\/article\/climate-change-media-aoc-gnd-propaganda\/\" target=\"_blank\" rel=\"noopener noreferrer\">Cuando los cient\u00edficos de IPCC lanzaron su alerta para los pr\u00f3ximos 12 a\u00f1os<\/a>, dijeron que limitar el aumento de la temperatura a 1,5<sup>o<\/sup>\u00a0C demandar\u00eda transformar radicalmente la energ\u00eda, la agricultura, el transporte, la construcci\u00f3n y otros sectores esenciales de la econom\u00eda global\u201d, escribieron Mark Hertsgaard, corresponsal de medioambiente de The Nation, y Kyle Pope, editor en jefe de CJR, en un art\u00edculo publicado en abril en The Nation. \u201cNuestro proyecto se basa en la convicci\u00f3n de que el sector de noticias debe transformarse as\u00ed de radicalmente\u201d.<\/p>\n<p>La alianza que se est\u00e1 forjando desde entonces prev\u00e9 que todos los medios asociados se comprometan a publicar el equivalente a una semana de contenido sobre el cambio clim\u00e1tico en el contexto de la Cumbre sobre la Acci\u00f3n Clim\u00e1tica de la ONU, que ser\u00e1 realizada en Nueva York el 23 de septiembre.<\/p>\n<p>Hertsgaard, coordinador de la iniciativa, cont\u00f3 al\u00a0<strong>Centro Knight<\/strong>\u00a0que, al inicio del proyecto, el foco era la prensa estadounidense. \u201cNos quedamos gratamente sorprendidos cuando varios medios no estadounidenses empezaron a contactarnos y a decirnos \u2018oigan, queremos formar parte de esto tambi\u00e9n\u2019\u201d.<\/p>\n<p>Hasta el momento, el proyecto cuenta con cerca de 230 medios period\u00edsticos de todo el mundo, adem\u00e1s de los socios institucionales y periodistas independientes. En Am\u00e9rica Latina, participan los diarios\u00a0<a href=\"https:\/\/www.lanacion.com.ar\/\" target=\"_blank\" rel=\"noopener noreferrer\">La Naci\u00f3n<\/a>\u00a0(Argentina) y\u00a0<a href=\"https:\/\/www.latercera.com\/\" target=\"_blank\" rel=\"noopener noreferrer\">La Tercera<\/a>\u00a0(Chile), los sitios\u00a0<a href=\"https:\/\/ojoalclima.com\/\" target=\"_blank\" rel=\"noopener noreferrer\">Ojo al Clima<\/a>\u00a0(Costa Rica) y\u00a0<a href=\"https:\/\/www.redaccion.com.ar\/\" target=\"_blank\" rel=\"noopener noreferrer\">Red\/acci\u00f3n<\/a>\u00a0(Argentina), el canal\u00a0<a href=\"https:\/\/canalmynews.com.br\/\" target=\"_blank\" rel=\"noopener noreferrer\">My News<\/a>\u00a0(Brasil) y la instituci\u00f3n de educaci\u00f3n superior\u00a0<a href=\"https:\/\/www.insper.edu.br\/\" target=\"_blank\" rel=\"noopener noreferrer\">Insper<\/a>\u00a0(Brasil).<\/p>\n<p>\u201cNo es tan tarde para que los medios participen\u201d, dijo \u00e9l. Medios y profesionales interesados pueden ponerse en contacto a trav\u00e9s de los correos electr\u00f3nicos\u00a0<a href=\"mailto:editors@cjr.org\">editors@cjr.org<\/a>\u00a0o\u00a0<a href=\"mailto:coveringclimatenow@cjr.org\">coveringclimatenow@cjr.org<\/a>.<\/p>\n<p><strong>\u201cEl tema de nuestra era\u201d<br \/>\n<\/strong><br \/>\nTania Opazo, editora de narrativas interactivas del diario chileno La Tercera, dijo al\u00a0<strong>Centro Knight<\/strong>\u00a0que le impact\u00f3 el\u00a0<a href=\"https:\/\/www.cjr.org\/watchdog\/bill-moyers-climate-change.php\" target=\"_blank\" rel=\"noopener noreferrer\">discurso de Moyers<\/a>\u00a0y que luego contact\u00f3 a la organizaci\u00f3n del proyecto.<\/p>\n<p>Ella cont\u00f3 que ya ven\u00eda pensando en reforzar la cobertura del peri\u00f3dico sobre el clima tambi\u00e9n porque Chile va a ser la sede de la Conferencia sobre Cambio Clim\u00e1tico de las Naciones Unidas, a COP 25, en diciembre de este a\u00f1o \u2013 responsabilidad que el pa\u00eds asumi\u00f3 luego de que\u00a0<a href=\"https:\/\/www1.folha.uol.com.br\/ambiente\/2018\/11\/brasil-desiste-de-sediar-conferencia-do-clima-da-onu-em-2019.shtml\" target=\"_blank\" rel=\"noopener noreferrer\">Brasil desisti\u00f3 de albergar el evento<\/a>, tras la\u00a0<a href=\"https:\/\/www.dw.com\/pt-br\/ap%C3%B3s-desist%C3%AAncia-do-brasil-chile-vai-sediar-cop-25\/a-46752231\" target=\"_blank\" rel=\"noopener noreferrer\">orden del actual presidente, Jair Bolsonaro<\/a>.<\/p>\n<p>\u201cEs muy relevante, sobre todo en los tiempos actuales, que los medios de comunicaci\u00f3n seamos capaces de trabajar de manera coordinada, sin importar en qu\u00e9 lugar del mundo estemos\u201d, dijo Opazo sobre el proyecto. \u201cY este es el tema de nuestra era. Esta es la noticia de nuestro tiempo y tenemos que hacer el mejor trabajo posible para llev\u00e1rsela cada uno a nuestras audiencias en nuestros respectivos pa\u00edses. Y yo creo que ah\u00ed tenemos mucho que aprender unos de los otros\u201d.<\/p>\n<p>Adem\u00e1s de los reportajes en la revista en l\u00ednea\u00a0<a href=\"https:\/\/www.latercera.com\/canal\/que-pasa\/\" target=\"_blank\" rel=\"noopener noreferrer\">Qu\u00e9 Pasa<\/a>; que cubre medio ambiente, ciencia y sociedad en el sitio de La Tercera;\u00a0el diario pretende publicar en las pr\u00f3ximas semanas una edici\u00f3n completa del peri\u00f3dico impreso dedicada a la crisis clim\u00e1tica. En esta edici\u00f3n, todos los reportajes girar\u00e1n en torno al tema, a partir de las perspectivas de cada secci\u00f3n del peri\u00f3dico.<\/p>\n<p>\u201cYo creo que ese va a ser un punto de partida significativo tanto para los periodistas como para los editores, de hacer una toma de conciencia de que cada uno, desde sus propias \u00e1reas, puede aportar y hacer buenas coberturas respecto al tema de la crisis clim\u00e1tica. Es solamente que lo tengan presente, que lo est\u00e9n pensando, porque est\u00e1n pasando muchas cosas, desde la econom\u00eda, desde la pol\u00edtica, desde la educaci\u00f3n. Uno puede tomarlo desde todas las aristas posibles y la idea es un poco instalar esa semilla en toda la redacci\u00f3n\u201d, dijo ella.<\/p>\n<p>Otro socio de la iniciativa, Ojo al Clima de Costa Rica, se ha dedicado a abordar el cambio clim\u00e1tico desde varias perspectivas desde que fue fundado en noviembre de 2015, dijo al\u00a0<strong>Centro Knight<\/strong>\u00a0el periodista y cofundador del sitio Diego Arguedas Ortiz.<\/p>\n<p>\u201cYa en el 2015 era evidente que ese tema requer\u00eda m\u00e1s atenci\u00f3n en medios de la que ten\u00eda\u201d, dijo Arguedas. \u201cEst\u00e1bamos en la previa del\u00a0<a href=\"https:\/\/nacoesunidas.org\/acordodeparis\/\" target=\"_blank\" rel=\"noopener noreferrer\">acuerdo de Par\u00eds<\/a>\u00a0y la gente cubri\u00f3 mucho el tema y yo dec\u00eda \u2018\u00bfy qu\u00e9 pasa despu\u00e9s?\u2019 O sea, \u00bfqu\u00e9 pasa cuando ya esta cobertura disminuya?\u201d.<\/p>\n<p>Ortiz propuso entonces a sus jefes del\u00a0<a href=\"https:\/\/semanariouniversidad.com\/universitarias\/universidad-lanza-novedoso-portal-sobre-cambio-climatico\/\" target=\"_blank\" rel=\"noopener noreferrer\">Semanario Universidad<\/a>, de la Universidad de Costa Rica, crear un medio para concentrar y mejorar la cobertura clim\u00e1tica. \u201cSi ten\u00e9s una secci\u00f3n o un medio o un programa de radio sobre el cambio clim\u00e1tico, vas a tener que buscar el contenido para eso, porque esa es la estructura de los medios de comunicaci\u00f3n. Fue una manera de obligarnos a crear m\u00e1s contenido sobre cambio clim\u00e1tico\u201d.<\/p>\n<p>Sobre la participaci\u00f3n de Ojo al Clima en el proyecto Covering Climate Now, Ortiz coment\u00f3 que cualquier hasta podr\u00eda pensar que un medio que ya cubre el cambio clim\u00e1tico no necesitar\u00eda formar parte de una iniciativa cuyo foco es la cobertura sobre el tema. Sin embargo, \u201csolamente el hecho de saber que somos parte de una red global de medios de comunicaci\u00f3n que le est\u00e1 dando importancia al tema te hace sentir acompa\u00f1ado, te hace sentir que no est\u00e1s solo\u201d, afirm\u00f3.<\/p>\n<p>Otro punto positivo de formar parte de la red es que las personas que est\u00e1n en \u201cen Brasil, en Estados Unidos, en Europa, se den cuenta de que hay un medio en Costa Rica al que le interesa el tema, as\u00ed como yo me doy cuenta que hay un medio en Chile o en Argentina\u201d, dijo \u00e9l.<\/p>\n<p>En Argentina, uno de los diarios es La Naci\u00f3n, en donde la unidad de periodismo de datos, liderada por Momi Peralta, viene abordando la crisis clim\u00e1tica en conjunto con varias secciones del peri\u00f3dico.<\/p>\n<p>\u201cEmpezamos desde la \u00e1rea de periodismo de datos a buscar cu\u00e1les son las m\u00e9tricas y la manera de comunicar el sentido de la urgencia de la crisis clim\u00e1tica, muy en l\u00ednea con la\u00a0<a href=\"https:\/\/www.theguardian.com\/environment\/2019\/may\/17\/why-the-guardian-is-changing-the-language-it-uses-about-the-environment\" target=\"_blank\" rel=\"noopener noreferrer\">decisi\u00f3n que tom\u00f3 The Guardian de empezar a hablar de crisis clim\u00e1tica y no cambio clim\u00e1tico<\/a>. Nos dimos cuenta de que estaba muy sustentado en la evidencia en la comunidad cient\u00edfica y estaban todas las pruebas de la urgencia en las que hay que trabajar todos en ese sentido. Creo que tenemos la obligaci\u00f3n de salir a subir este tema en las agendas\u201d.<\/p>\n<p><a href=\"https:\/\/www.thenation.com\/article\/climate-change-media-aoc-gnd-propaganda\/\" target=\"_blank\" rel=\"noopener noreferrer\">Hay quienes dicen que el cambio clim\u00e1tico es un tema que no cautiva a la audiencia de los medios noticiosos<\/a>, como sostuvieron Hertsgaard y Pope en el art\u00edculo publicado en The Nation. Para Peralta, no obstante, este no debe ser el criterio de decisi\u00f3n para la cobertura.<\/p>\n<p>\u201cEstos son los temas que son importantes y no vamos por el rating, por los pageviews. El impacto que nos interesa es que se aumente la participaci\u00f3n ciudadana y tener impacto es el cambio\u201d, dijo Peralta. \u201cLos medios lo tienen que levantar. Es m\u00e1s, lo que nosotros queremos es que otros medios se sumen. Nos interesa que se sumen, que las cosas cambien. Ese es el resultado y el impacto\u201d, subray\u00f3.<\/p>\n<p><strong>Soluciones contra el fin del mundo<\/strong><\/p>\n<p>Uno de los objetivos del proyecto Covering Climate Now tambi\u00e9n es fomentar la creaci\u00f3n de nuevas estrategias para la cobertura period\u00edstica sobre la crisis clim\u00e1tica. Adem\u00e1s de la necesidad de basarse en los datos cient\u00edficos de organizaciones con trabajos s\u00f3lidos sobre el tema, la cobertura debe acercar el tema al p\u00fablico consumidor de noticias y movilizar a los actores civiles y pol\u00edticos para mitigar el acontecimiento global y lidiar con los efectos del cambio clim\u00e1tico.<\/p>\n<p>\u201cCreo que el nivel de transformaci\u00f3n que requiere el mundo los siguientes 10 a\u00f1os para llegar a un camino viable no est\u00e1 acorde con el nivel de prioridad pol\u00edtica que tiene ahora el tema. Y una manera para que los ciudadanos hagan m\u00e1s presi\u00f3n pol\u00edtica es poner el tema en agenda. Eso es lo que el periodismo puede hacer: poner el tema en la agenda y presionar a la gente que est\u00e1 tomando decisiones, preguntarles porque no lo est\u00e1n haciendo\u201d, dijo Ortiz.<\/p>\n<p>Para eso, es importante llevar las causas y las implicaciones del cambio clim\u00e1tico al d\u00eda a d\u00eda de quienes consumen noticias, volviendo concreto un tema que muchas veces parece abstracto, dijo \u00e9l. \u201cEl cambio clim\u00e1tico te va a impactar la vivienda, la salud, los alimentos, ya est\u00e1 impactando la migraci\u00f3n. Es super concreto. El problema es que nos ha costado mucho a los medios de comunicaci\u00f3n, por muchos motivos diferentes, hacer esa conexi\u00f3n\u201d.<\/p>\n<div>\n<div style=\"width: 475px\" class=\"wp-caption alignleft\"><a href=\"https:\/\/www.flickr.com\/photos\/un_photo\/15257223966\/in\/photolist-pfeg8C-mwATSo-aMUxFV-oZM51p-oZLXdg-bDWXTo-VkUr6m-VTq6a7-6AP9XW-UEsLjQ-5pV6m1-UMWxbo-3cBrvJ-231nRic-oZLiSC-24iF1CN-231nRdc-oZL4Sn-cPH8Jq-6UYBbJ-24nD61z-2dxr2YA-9WfkTi-24nD4Mn-hKxWT-GeNSwu-EHxpoD-VJppb-82wKc-2dxr395-8Y4GtC-PbqfqM-EHxpqH-8Y1Dz8-231nWdx-24nD5Zn-9ki2yZ-cjuFxY-23hNhqm-6GsZc1-23hNCeE-2cS8hdC-24nD9Ki-6GoCQz-6GowWx-6GoA52-EHxfsc-21BHadJ-7HrM6v-6GsiSG\" target=\"_blank\" rel=\"noopener noreferrer\"><img loading=\"lazy\" decoding=\"async\" class=\"\" src=\"https:\/\/live.staticflickr.com\/3842\/15257223966_06a30199b7_k.jpg\" alt=\"Icebergs in Ilulissat Icefjord, Greenland in 2014 (UN Photo\/Mark Garten)\" width=\"465\" height=\"310\" \/><\/a><p class=\"wp-caption-text\">Icebergs in Ilulissat Icefjord, Greenland in 2014 (UN Photo\/Mark Garten)<\/p><\/div>\n<p>Cuando se hace esta conexi\u00f3n, sin embargo, muchas veces se presenta un escenario catastr\u00f3fico e irreversible, poco invitante a las acciones que pueden transformarlo, reflexion\u00f3 Opazo.<\/p>\n<p>\u201cEl gran problema es como invitar a los lectores a la reflexi\u00f3n, mostrarles la situaci\u00f3n cr\u00edtica en la que nos encontramos, pero tambi\u00e9n presentarles panoramas esperanzadores\u201d, dijo ella, y agreg\u00f3 que la edici\u00f3n especial de La Tercera sobre la crisis clim\u00e1tica no pretende ser \u201cel diario del fin del mundo, sino el diario de como este es el momento en que tenemos que hacer algo\u201d.<\/p>\n<p>Al volver concretos los problemas, es imprescindible presentarles soluciones concretas, dijo Hertsgaard, que hace 30 a\u00f1os se dedica a la cobertura del cambio clim\u00e1tico. Y las soluciones abarcan m\u00e1s que innovaciones tecnol\u00f3gicas para la eficiencia energ\u00e9tica, por ejemplo.<\/p>\n<p dir=\"ltr\">\u201cMi consejo ser\u00eda: cubran las soluciones. Y las soluciones no son solo las tecnolog\u00edas, sino todos los movimientos pol\u00edticos y sociales que son necesarios para hacer que los gobiernos y las empresas realicen las acciones necesarias para promover estas tecnolog\u00edas\u201d, dijo \u00e9l. \u201cLo que muchas veces se olvida es que lo m\u00e1s importante no est\u00e1 en cambiar su bombilla, sino en cambiar a su presidente o a su gobernador, o cambiar a sus senadores y representantes pol\u00edticos. Eso es lo que se necesita si queremos revertir esta crisis\u201d.<\/p>\n<\/div>\n<\/div>\n","protected":false},"excerpt":{"rendered":"<p>\u201cNuestra propia \u2018guerra falsa\u2019 contra el calentamiento global se acab\u00f3. La guerra caliente lleg\u00f3\u201d, dijo el\u00a0veterano periodista estadounidense Bill Moyers, cuando compar\u00f3 la cobertura period\u00edstica sobre la crisis clim\u00e1tica con la cobertura de la Segunda Guerra<\/p>\n","protected":false},"author":16,"featured_media":3738,"comment_status":"closed","ping_status":"closed","sticky":false,"template":"","format":"standard","meta":{"inline_featured_image":false,"footnotes":""},"categories":[1213],"tags":[1532],"coauthors":[],"class_list":["post-3746","post","type-post","status-publish","format-standard","has-post-thumbnail","hentry","category-colaboracion-es","tag-periodismo-ambiental-es"],"acf":[],"yoast_head":"<!-- This site is optimized with the Yoast SEO Premium plugin v22.6 (Yoast SEO v27.4) - https:\/\/yoast.com\/product\/yoast-seo-premium-wordpress\/ -->\n<title>Medios latinoamericanos participan en iniciativa global para reforzar cobertura sobre crisis clim\u00e1tica - LatAm Journalism Review<\/title>\n<meta name=\"description\" content=\"Medios latinoamericanos participan en iniciativa global para reforzar cobertura sobre crisis clim\u00e1tica . Latin American Journalism Review by The Knight Center at The University of Texas at Austin.\" \/>\n<meta name=\"robots\" content=\"index, follow, max-snippet:-1, max-image-preview:large, max-video-preview:-1\" \/>\n<link rel=\"canonical\" href=\"https:\/\/latamjournalismreview.org\/es\/articles\/medios-latinoamericanos-participan-en-iniciativa-global-para-reforzar-cobertura-sobre-crisis-climatica\/\" \/>\n<meta property=\"og:locale\" content=\"es_ES\" \/>\n<meta property=\"og:type\" content=\"article\" \/>\n<meta property=\"og:title\" content=\"Medios latinoamericanos participan en iniciativa global para reforzar cobertura sobre crisis clim\u00e1tica\" \/>\n<meta property=\"og:description\" content=\"Medios latinoamericanos participan en iniciativa global para reforzar cobertura sobre crisis clim\u00e1tica . Latin American Journalism Review by The Knight Center at The University of Texas at Austin.\" \/>\n<meta property=\"og:url\" content=\"https:\/\/latamjournalismreview.org\/es\/articles\/medios-latinoamericanos-participan-en-iniciativa-global-para-reforzar-cobertura-sobre-crisis-climatica\/\" \/>\n<meta property=\"og:site_name\" content=\"LatAm Journalism Review\" \/>\n<meta property=\"article:published_time\" content=\"2019-09-11T20:27:05+00:00\" \/>\n<meta property=\"article:modified_time\" content=\"2020-06-03T01:31:29+00:00\" \/>\n<meta property=\"og:image\" content=\"https:\/\/latamjournalismreview.org\/wp-content\/uploads\/2020\/05\/Icebergs-Featured-Image.jpg\" \/>\n\t<meta property=\"og:image:width\" content=\"507\" \/>\n\t<meta property=\"og:image:height\" content=\"338\" \/>\n\t<meta property=\"og:image:type\" content=\"image\/jpeg\" \/>\n<meta name=\"author\" content=\"Carolina de Assis\" \/>\n<meta name=\"twitter:card\" content=\"summary_large_image\" \/>\n<meta name=\"twitter:creator\" content=\"@LatAmJournalism\" \/>\n<meta name=\"twitter:site\" content=\"@LatAmJournalism\" \/>\n<meta name=\"twitter:label1\" content=\"Written by\" \/>\n\t<meta name=\"twitter:data1\" content=\"Carolina de Assis\" \/>\n\t<meta name=\"twitter:label2\" content=\"Est. reading time\" \/>\n\t<meta name=\"twitter:data2\" content=\"10 minutos\" \/>\n<script type=\"application\/ld+json\" class=\"yoast-schema-graph\">{\"@context\":\"https:\\\/\\\/schema.org\",\"@graph\":[{\"@type\":\"Article\",\"@id\":\"https:\\\/\\\/latamjournalismreview.org\\\/es\\\/articles\\\/medios-latinoamericanos-participan-en-iniciativa-global-para-reforzar-cobertura-sobre-crisis-climatica\\\/#article\",\"isPartOf\":{\"@id\":\"https:\\\/\\\/latamjournalismreview.org\\\/es\\\/articles\\\/medios-latinoamericanos-participan-en-iniciativa-global-para-reforzar-cobertura-sobre-crisis-climatica\\\/\"},\"author\":{\"name\":\"Carolina de Assis\",\"@id\":\"https:\\\/\\\/latamjournalismreview.org\\\/es\\\/#\\\/schema\\\/person\\\/f98b544e2f231a237f39a56cc9a00a9a\"},\"headline\":\"Medios latinoamericanos participan en iniciativa global para reforzar cobertura sobre crisis clim\u00e1tica\",\"datePublished\":\"2019-09-11T20:27:05+00:00\",\"dateModified\":\"2020-06-03T01:31:29+00:00\",\"mainEntityOfPage\":{\"@id\":\"https:\\\/\\\/latamjournalismreview.org\\\/es\\\/articles\\\/medios-latinoamericanos-participan-en-iniciativa-global-para-reforzar-cobertura-sobre-crisis-climatica\\\/\"},\"wordCount\":2045,\"publisher\":{\"@id\":\"https:\\\/\\\/latamjournalismreview.org\\\/es\\\/#organization\"},\"image\":{\"@id\":\"https:\\\/\\\/latamjournalismreview.org\\\/es\\\/articles\\\/medios-latinoamericanos-participan-en-iniciativa-global-para-reforzar-cobertura-sobre-crisis-climatica\\\/#primaryimage\"},\"thumbnailUrl\":\"https:\\\/\\\/latamjournalismreview.org\\\/wp-content\\\/uploads\\\/2020\\\/05\\\/Icebergs-Featured-Image.jpg\",\"keywords\":[\"Periodismo ambiental\"],\"articleSection\":[\"Colaboraci\u00f3n\"],\"inLanguage\":\"es\"},{\"@type\":\"WebPage\",\"@id\":\"https:\\\/\\\/latamjournalismreview.org\\\/es\\\/articles\\\/medios-latinoamericanos-participan-en-iniciativa-global-para-reforzar-cobertura-sobre-crisis-climatica\\\/\",\"url\":\"https:\\\/\\\/latamjournalismreview.org\\\/es\\\/articles\\\/medios-latinoamericanos-participan-en-iniciativa-global-para-reforzar-cobertura-sobre-crisis-climatica\\\/\",\"name\":\"Medios latinoamericanos participan en iniciativa global para reforzar cobertura sobre crisis clim\u00e1tica - LatAm Journalism Review\",\"isPartOf\":{\"@id\":\"https:\\\/\\\/latamjournalismreview.org\\\/es\\\/#website\"},\"primaryImageOfPage\":{\"@id\":\"https:\\\/\\\/latamjournalismreview.org\\\/es\\\/articles\\\/medios-latinoamericanos-participan-en-iniciativa-global-para-reforzar-cobertura-sobre-crisis-climatica\\\/#primaryimage\"},\"image\":{\"@id\":\"https:\\\/\\\/latamjournalismreview.org\\\/es\\\/articles\\\/medios-latinoamericanos-participan-en-iniciativa-global-para-reforzar-cobertura-sobre-crisis-climatica\\\/#primaryimage\"},\"thumbnailUrl\":\"https:\\\/\\\/latamjournalismreview.org\\\/wp-content\\\/uploads\\\/2020\\\/05\\\/Icebergs-Featured-Image.jpg\",\"datePublished\":\"2019-09-11T20:27:05+00:00\",\"dateModified\":\"2020-06-03T01:31:29+00:00\",\"description\":\"Medios latinoamericanos participan en iniciativa global para reforzar cobertura sobre crisis clim\u00e1tica . Latin American Journalism Review by The Knight Center at The University of Texas at Austin.\",\"breadcrumb\":{\"@id\":\"https:\\\/\\\/latamjournalismreview.org\\\/es\\\/articles\\\/medios-latinoamericanos-participan-en-iniciativa-global-para-reforzar-cobertura-sobre-crisis-climatica\\\/#breadcrumb\"},\"inLanguage\":\"es\",\"potentialAction\":[{\"@type\":\"ReadAction\",\"target\":[\"https:\\\/\\\/latamjournalismreview.org\\\/es\\\/articles\\\/medios-latinoamericanos-participan-en-iniciativa-global-para-reforzar-cobertura-sobre-crisis-climatica\\\/\"]}]},{\"@type\":\"ImageObject\",\"inLanguage\":\"es\",\"@id\":\"https:\\\/\\\/latamjournalismreview.org\\\/es\\\/articles\\\/medios-latinoamericanos-participan-en-iniciativa-global-para-reforzar-cobertura-sobre-crisis-climatica\\\/#primaryimage\",\"url\":\"https:\\\/\\\/latamjournalismreview.org\\\/wp-content\\\/uploads\\\/2020\\\/05\\\/Icebergs-Featured-Image.jpg\",\"contentUrl\":\"https:\\\/\\\/latamjournalismreview.org\\\/wp-content\\\/uploads\\\/2020\\\/05\\\/Icebergs-Featured-Image.jpg\",\"width\":507,\"height\":338,\"caption\":\"Icebergs in Ilulissat Icefjord, Greenland in 2014 (UN Photo\\\/Mark Garten)\"},{\"@type\":\"BreadcrumbList\",\"@id\":\"https:\\\/\\\/latamjournalismreview.org\\\/es\\\/articles\\\/medios-latinoamericanos-participan-en-iniciativa-global-para-reforzar-cobertura-sobre-crisis-climatica\\\/#breadcrumb\",\"itemListElement\":[{\"@type\":\"ListItem\",\"position\":1,\"name\":\"Home\",\"item\":\"https:\\\/\\\/latamjournalismreview.org\\\/es\\\/\"},{\"@type\":\"ListItem\",\"position\":2,\"name\":\"Medios latinoamericanos participan en iniciativa global para reforzar cobertura sobre crisis clim\u00e1tica\"}]},{\"@type\":\"WebSite\",\"@id\":\"https:\\\/\\\/latamjournalismreview.org\\\/es\\\/#website\",\"url\":\"https:\\\/\\\/latamjournalismreview.org\\\/es\\\/\",\"name\":\"LatAm Journalism Review\",\"description\":\"Knight Center at The University of Texas\",\"publisher\":{\"@id\":\"https:\\\/\\\/latamjournalismreview.org\\\/es\\\/#organization\"},\"potentialAction\":[{\"@type\":\"SearchAction\",\"target\":{\"@type\":\"EntryPoint\",\"urlTemplate\":\"https:\\\/\\\/latamjournalismreview.org\\\/es\\\/?s={search_term_string}\"},\"query-input\":{\"@type\":\"PropertyValueSpecification\",\"valueRequired\":true,\"valueName\":\"search_term_string\"}}],\"inLanguage\":\"es\"},{\"@type\":\"Organization\",\"@id\":\"https:\\\/\\\/latamjournalismreview.org\\\/es\\\/#organization\",\"name\":\"LatAm Journalism Review\",\"url\":\"https:\\\/\\\/latamjournalismreview.org\\\/es\\\/\",\"logo\":{\"@type\":\"ImageObject\",\"inLanguage\":\"es\",\"@id\":\"https:\\\/\\\/latamjournalismreview.org\\\/es\\\/#\\\/schema\\\/logo\\\/image\\\/\",\"url\":\"https:\\\/\\\/latamjournalismreview.org\\\/wp-content\\\/uploads\\\/2020\\\/05\\\/knight-latAm-review-logo.svg\",\"contentUrl\":\"https:\\\/\\\/latamjournalismreview.org\\\/wp-content\\\/uploads\\\/2020\\\/05\\\/knight-latAm-review-logo.svg\",\"width\":\"1024\",\"height\":\"1024\",\"caption\":\"LatAm Journalism Review\"},\"image\":{\"@id\":\"https:\\\/\\\/latamjournalismreview.org\\\/es\\\/#\\\/schema\\\/logo\\\/image\\\/\"},\"sameAs\":[\"https:\\\/\\\/x.com\\\/LatAmJournalism\"]},{\"@type\":\"Person\",\"@id\":\"https:\\\/\\\/latamjournalismreview.org\\\/es\\\/#\\\/schema\\\/person\\\/f98b544e2f231a237f39a56cc9a00a9a\",\"name\":\"Carolina de Assis\",\"description\":\"Carolina de Assis is a Brazilian journalist and researcher who lives in Juiz de Fora, MG, Brazil. She holds a master's degree in Women\u2019s and Gender Studies from the GEMMA Programme \u2013 Universit\u00e0 di Bologna (Italy) \\\/ Universiteit Utrecht (The Netherlands) and has worked as an editor at G\u00eanero e N\u00famero, a Brazilian digital magazine focused on data journalism and gender issues. She is especially interested in journalistic initiatives aimed at promoting human rights and gender justice. You can find her on Twitter: @caroldeassis _________ Carolina de Assis es una periodista e investigadora brasile\u00f1a que vive en Juiz de Fora, MG, Brasil . Tiene una maestr\u00eda en Estudios de las Mujeres y de G\u00e9nero del programa GEMMA \u2013 Universit\u00e0 di Bologna (Italia) \\\/ Universiteit Utrecht (Holanda). Trabaj\u00f3 como editora en la revista digital brasile\u00f1a G\u00eanero e N\u00famero. Le interesan especialmente iniciativas period\u00edsticas que tienen el objetivo de promover los derechos humanos y la justicia de g\u00e9nero. Puedes encontrarla en Twitter: @caroldeassis. _______ Carolina de Assis \u00e9 uma jornalista e pesquisadora brasileira que vive em Juiz de Fora (MG). \u00c9 mestra em Estudos da Mulher e de G\u00eanero pelo programa GEMMA \u2013 Universit\u00e0 di Bologna (It\u00e1lia) \\\/ Universiteit Utrecht (Holanda). Trabalhou como editora na revista digital G\u00eanero e N\u00famero e se interessa especialmente por iniciativas jornal\u00edsticas que promovam os direitos humanos e a justi\u00e7a de g\u00eanero. Voc\u00ea pode encontr\u00e1-la no Twitter em @caroldeassis.\",\"url\":\"https:\\\/\\\/latamjournalismreview.org\\\/es\\\/articles\\\/author\\\/carolina-de-assis\\\/\"}]}<\/script>\n<!-- \/ Yoast SEO Premium plugin. -->","yoast_head_json":{"title":"Medios latinoamericanos participan en iniciativa global para reforzar cobertura sobre crisis clim\u00e1tica - LatAm Journalism Review","description":"Medios latinoamericanos participan en iniciativa global para reforzar cobertura sobre crisis clim\u00e1tica . Latin American Journalism Review by The Knight Center at The University of Texas at Austin.","robots":{"index":"index","follow":"follow","max-snippet":"max-snippet:-1","max-image-preview":"max-image-preview:large","max-video-preview":"max-video-preview:-1"},"canonical":"https:\/\/latamjournalismreview.org\/es\/articles\/medios-latinoamericanos-participan-en-iniciativa-global-para-reforzar-cobertura-sobre-crisis-climatica\/","og_locale":"es_ES","og_type":"article","og_title":"Medios latinoamericanos participan en iniciativa global para reforzar cobertura sobre crisis clim\u00e1tica","og_description":"Medios latinoamericanos participan en iniciativa global para reforzar cobertura sobre crisis clim\u00e1tica . Latin American Journalism Review by The Knight Center at The University of Texas at Austin.","og_url":"https:\/\/latamjournalismreview.org\/es\/articles\/medios-latinoamericanos-participan-en-iniciativa-global-para-reforzar-cobertura-sobre-crisis-climatica\/","og_site_name":"LatAm Journalism Review","article_published_time":"2019-09-11T20:27:05+00:00","article_modified_time":"2020-06-03T01:31:29+00:00","og_image":[{"width":507,"height":338,"url":"https:\/\/latamjournalismreview.org\/wp-content\/uploads\/2020\/05\/Icebergs-Featured-Image.jpg","type":"image\/jpeg"}],"author":"Carolina de Assis","twitter_card":"summary_large_image","twitter_creator":"@LatAmJournalism","twitter_site":"@LatAmJournalism","twitter_misc":{"Written by":"Carolina de Assis","Est. reading time":"10 minutos"},"schema":{"@context":"https:\/\/schema.org","@graph":[{"@type":"Article","@id":"https:\/\/latamjournalismreview.org\/es\/articles\/medios-latinoamericanos-participan-en-iniciativa-global-para-reforzar-cobertura-sobre-crisis-climatica\/#article","isPartOf":{"@id":"https:\/\/latamjournalismreview.org\/es\/articles\/medios-latinoamericanos-participan-en-iniciativa-global-para-reforzar-cobertura-sobre-crisis-climatica\/"},"author":{"name":"Carolina de Assis","@id":"https:\/\/latamjournalismreview.org\/es\/#\/schema\/person\/f98b544e2f231a237f39a56cc9a00a9a"},"headline":"Medios latinoamericanos participan en iniciativa global para reforzar cobertura sobre crisis clim\u00e1tica","datePublished":"2019-09-11T20:27:05+00:00","dateModified":"2020-06-03T01:31:29+00:00","mainEntityOfPage":{"@id":"https:\/\/latamjournalismreview.org\/es\/articles\/medios-latinoamericanos-participan-en-iniciativa-global-para-reforzar-cobertura-sobre-crisis-climatica\/"},"wordCount":2045,"publisher":{"@id":"https:\/\/latamjournalismreview.org\/es\/#organization"},"image":{"@id":"https:\/\/latamjournalismreview.org\/es\/articles\/medios-latinoamericanos-participan-en-iniciativa-global-para-reforzar-cobertura-sobre-crisis-climatica\/#primaryimage"},"thumbnailUrl":"https:\/\/latamjournalismreview.org\/wp-content\/uploads\/2020\/05\/Icebergs-Featured-Image.jpg","keywords":["Periodismo ambiental"],"articleSection":["Colaboraci\u00f3n"],"inLanguage":"es"},{"@type":"WebPage","@id":"https:\/\/latamjournalismreview.org\/es\/articles\/medios-latinoamericanos-participan-en-iniciativa-global-para-reforzar-cobertura-sobre-crisis-climatica\/","url":"https:\/\/latamjournalismreview.org\/es\/articles\/medios-latinoamericanos-participan-en-iniciativa-global-para-reforzar-cobertura-sobre-crisis-climatica\/","name":"Medios latinoamericanos participan en iniciativa global para reforzar cobertura sobre crisis clim\u00e1tica - LatAm Journalism Review","isPartOf":{"@id":"https:\/\/latamjournalismreview.org\/es\/#website"},"primaryImageOfPage":{"@id":"https:\/\/latamjournalismreview.org\/es\/articles\/medios-latinoamericanos-participan-en-iniciativa-global-para-reforzar-cobertura-sobre-crisis-climatica\/#primaryimage"},"image":{"@id":"https:\/\/latamjournalismreview.org\/es\/articles\/medios-latinoamericanos-participan-en-iniciativa-global-para-reforzar-cobertura-sobre-crisis-climatica\/#primaryimage"},"thumbnailUrl":"https:\/\/latamjournalismreview.org\/wp-content\/uploads\/2020\/05\/Icebergs-Featured-Image.jpg","datePublished":"2019-09-11T20:27:05+00:00","dateModified":"2020-06-03T01:31:29+00:00","description":"Medios latinoamericanos participan en iniciativa global para reforzar cobertura sobre crisis clim\u00e1tica . Latin American Journalism Review by The Knight Center at The University of Texas at Austin.","breadcrumb":{"@id":"https:\/\/latamjournalismreview.org\/es\/articles\/medios-latinoamericanos-participan-en-iniciativa-global-para-reforzar-cobertura-sobre-crisis-climatica\/#breadcrumb"},"inLanguage":"es","potentialAction":[{"@type":"ReadAction","target":["https:\/\/latamjournalismreview.org\/es\/articles\/medios-latinoamericanos-participan-en-iniciativa-global-para-reforzar-cobertura-sobre-crisis-climatica\/"]}]},{"@type":"ImageObject","inLanguage":"es","@id":"https:\/\/latamjournalismreview.org\/es\/articles\/medios-latinoamericanos-participan-en-iniciativa-global-para-reforzar-cobertura-sobre-crisis-climatica\/#primaryimage","url":"https:\/\/latamjournalismreview.org\/wp-content\/uploads\/2020\/05\/Icebergs-Featured-Image.jpg","contentUrl":"https:\/\/latamjournalismreview.org\/wp-content\/uploads\/2020\/05\/Icebergs-Featured-Image.jpg","width":507,"height":338,"caption":"Icebergs in Ilulissat Icefjord, Greenland in 2014 (UN Photo\/Mark Garten)"},{"@type":"BreadcrumbList","@id":"https:\/\/latamjournalismreview.org\/es\/articles\/medios-latinoamericanos-participan-en-iniciativa-global-para-reforzar-cobertura-sobre-crisis-climatica\/#breadcrumb","itemListElement":[{"@type":"ListItem","position":1,"name":"Home","item":"https:\/\/latamjournalismreview.org\/es\/"},{"@type":"ListItem","position":2,"name":"Medios latinoamericanos participan en iniciativa global para reforzar cobertura sobre crisis clim\u00e1tica"}]},{"@type":"WebSite","@id":"https:\/\/latamjournalismreview.org\/es\/#website","url":"https:\/\/latamjournalismreview.org\/es\/","name":"LatAm Journalism Review","description":"Knight Center at The University of Texas","publisher":{"@id":"https:\/\/latamjournalismreview.org\/es\/#organization"},"potentialAction":[{"@type":"SearchAction","target":{"@type":"EntryPoint","urlTemplate":"https:\/\/latamjournalismreview.org\/es\/?s={search_term_string}"},"query-input":{"@type":"PropertyValueSpecification","valueRequired":true,"valueName":"search_term_string"}}],"inLanguage":"es"},{"@type":"Organization","@id":"https:\/\/latamjournalismreview.org\/es\/#organization","name":"LatAm Journalism Review","url":"https:\/\/latamjournalismreview.org\/es\/","logo":{"@type":"ImageObject","inLanguage":"es","@id":"https:\/\/latamjournalismreview.org\/es\/#\/schema\/logo\/image\/","url":"https:\/\/latamjournalismreview.org\/wp-content\/uploads\/2020\/05\/knight-latAm-review-logo.svg","contentUrl":"https:\/\/latamjournalismreview.org\/wp-content\/uploads\/2020\/05\/knight-latAm-review-logo.svg","width":"1024","height":"1024","caption":"LatAm Journalism Review"},"image":{"@id":"https:\/\/latamjournalismreview.org\/es\/#\/schema\/logo\/image\/"},"sameAs":["https:\/\/x.com\/LatAmJournalism"]},{"@type":"Person","@id":"https:\/\/latamjournalismreview.org\/es\/#\/schema\/person\/f98b544e2f231a237f39a56cc9a00a9a","name":"Carolina de Assis","description":"Carolina de Assis is a Brazilian journalist and researcher who lives in Juiz de Fora, MG, Brazil. She holds a master's degree in Women\u2019s and Gender Studies from the GEMMA Programme \u2013 Universit\u00e0 di Bologna (Italy) \/ Universiteit Utrecht (The Netherlands) and has worked as an editor at G\u00eanero e N\u00famero, a Brazilian digital magazine focused on data journalism and gender issues. She is especially interested in journalistic initiatives aimed at promoting human rights and gender justice. You can find her on Twitter: @caroldeassis _________ Carolina de Assis es una periodista e investigadora brasile\u00f1a que vive en Juiz de Fora, MG, Brasil . Tiene una maestr\u00eda en Estudios de las Mujeres y de G\u00e9nero del programa GEMMA \u2013 Universit\u00e0 di Bologna (Italia) \/ Universiteit Utrecht (Holanda). Trabaj\u00f3 como editora en la revista digital brasile\u00f1a G\u00eanero e N\u00famero. Le interesan especialmente iniciativas period\u00edsticas que tienen el objetivo de promover los derechos humanos y la justicia de g\u00e9nero. Puedes encontrarla en Twitter: @caroldeassis. _______ Carolina de Assis \u00e9 uma jornalista e pesquisadora brasileira que vive em Juiz de Fora (MG). \u00c9 mestra em Estudos da Mulher e de G\u00eanero pelo programa GEMMA \u2013 Universit\u00e0 di Bologna (It\u00e1lia) \/ Universiteit Utrecht (Holanda). Trabalhou como editora na revista digital G\u00eanero e N\u00famero e se interessa especialmente por iniciativas jornal\u00edsticas que promovam os direitos humanos e a justi\u00e7a de g\u00eanero. Voc\u00ea pode encontr\u00e1-la no Twitter em @caroldeassis.","url":"https:\/\/latamjournalismreview.org\/es\/articles\/author\/carolina-de-assis\/"}]}},"_links":{"self":[{"href":"https:\/\/latamjournalismreview.org\/es\/wp-json\/wp\/v2\/posts\/3746","targetHints":{"allow":["GET"]}}],"collection":[{"href":"https:\/\/latamjournalismreview.org\/es\/wp-json\/wp\/v2\/posts"}],"about":[{"href":"https:\/\/latamjournalismreview.org\/es\/wp-json\/wp\/v2\/types\/post"}],"author":[{"embeddable":true,"href":"https:\/\/latamjournalismreview.org\/es\/wp-json\/wp\/v2\/users\/16"}],"replies":[{"embeddable":true,"href":"https:\/\/latamjournalismreview.org\/es\/wp-json\/wp\/v2\/comments?post=3746"}],"version-history":[{"count":3,"href":"https:\/\/latamjournalismreview.org\/es\/wp-json\/wp\/v2\/posts\/3746\/revisions"}],"predecessor-version":[{"id":3749,"href":"https:\/\/latamjournalismreview.org\/es\/wp-json\/wp\/v2\/posts\/3746\/revisions\/3749"}],"wp:featuredmedia":[{"embeddable":true,"href":"https:\/\/latamjournalismreview.org\/es\/wp-json\/wp\/v2\/media\/3738"}],"wp:attachment":[{"href":"https:\/\/latamjournalismreview.org\/es\/wp-json\/wp\/v2\/media?parent=3746"}],"wp:term":[{"taxonomy":"category","embeddable":true,"href":"https:\/\/latamjournalismreview.org\/es\/wp-json\/wp\/v2\/categories?post=3746"},{"taxonomy":"post_tag","embeddable":true,"href":"https:\/\/latamjournalismreview.org\/es\/wp-json\/wp\/v2\/tags?post=3746"},{"taxonomy":"author","embeddable":true,"href":"https:\/\/latamjournalismreview.org\/es\/wp-json\/wp\/v2\/coauthors?post=3746"}],"curies":[{"name":"wp","href":"https:\/\/api.w.org\/{rel}","templated":true}]}}