{"id":37532,"date":"2013-03-01T12:38:30","date_gmt":"2013-03-01T17:38:30","guid":{"rendered":"https:\/\/latamjournalismreview.org\/?p=37532"},"modified":"2021-10-14T16:46:09","modified_gmt":"2021-10-14T21:46:09","slug":"sospechan-que-desconocidos-impidieron-venta-de-diario-en-ecuador-para-evitar-difusion-de-noticia","status":"publish","type":"post","link":"https:\/\/latamjournalismreview.org\/es\/articles\/sospechan-que-desconocidos-impidieron-venta-de-diario-en-ecuador-para-evitar-difusion-de-noticia\/","title":{"rendered":"Sospechan que desconocidos impidieron venta de diario en Ecuador para evitar difusi\u00f3n de noticia"},"content":{"rendered":"<p>\u200bEl <a href=\"http:\/\/www.eldiario.com.ec\/noticias-manabi-ecuador\/255094-impiden-la-venta-de-periodicos\/\" target=\"_blank\" rel=\"noopener\">peri\u00f3dico ecuatoriano El Diario denunci\u00f3 que personas no identificadas impidieron la circulaci\u00f3n<\/a> de la edici\u00f3n del pasado 25 de febrero en los <a href=\"http:\/\/es.wikipedia.org\/wiki\/Anexo:Cantones_de_Ecuador\" target=\"_blank\" rel=\"noopener\">cantones<\/a> de <a href=\"http:\/\/es.wikipedia.org\/wiki\/Cant\u00f3n_Pedernales\" target=\"_blank\" rel=\"noopener\">Pedernales<\/a> y <a href=\"http:\/\/es.wikipedia.org\/wiki\/Cant\u00f3n_Jama\" target=\"_blank\" rel=\"noopener\">Jama<\/a>, provincia de <a href=\"http:\/\/es.wikipedia.org\/wiki\/Manab%C3%AD\" target=\"_blank\" rel=\"noopener\">Manab\u00ed<\/a> (noreste del pa\u00eds). De acuerdo con el peri\u00f3dico, el paquete que conten\u00eda los ejemplares fue retenido en la terminal de Pedernales y llevado en una camioneta, posteriormente, el costo de los ejemplares fue entregado al responsable de la circulaci\u00f3n de El Diario.<\/p>\n<p>En la edici\u00f3n del d\u00eda se encontraban dos noticias relacionadas con estas localidades. Una sobre estudiantes que viajaban a Cuba y otra sobre <a href=\"http:\/\/www.eluniverso.com\/2013\/02\/26\/1\/1422\/caso-quinta-chica-dejo-20-kilos-cocaina-incautados.html\" target=\"_blank\" rel=\"noopener\">la detenci\u00f3n de dos hombres con coca\u00edna por la zona<\/a>, agreg\u00f3 el peri\u00f3dico.<\/p>\n<p>Seg\u00fan la ONG Fundamedios, informaci\u00f3n del diario El Universo se\u00f1ala que <a href=\"http:\/\/www.fundamedios.org\/monitoreo-de-libertades\/alertas\/desconocidos-impiden-circulacion-de-diario\" target=\"_blank\" rel=\"noopener\">la Polic\u00eda sospechar\u00eda sobre una posible relaci\u00f3n entre el hecho y la familia de uno de los capturados<\/a>. Asimismo, el diario inform\u00f3 sobre algunos periodistas de radios de la zona que\u00a0recibieron llamadas amenazantes para que se abstuvieran de difundir esta noticia.<\/p>\n<p>Por su parte, <a href=\"http:\/\/www.hoy.com.ec\/noticias-ecuador\/la-fiscalia-indaga-compra-de-500-ejemplares-de-el-diario-575328.html\" target=\"_blank\" rel=\"noopener\">la Fiscal\u00eda ya adelatan las investigaciones correspondientes de la compra de los ejemplares<\/a> de\u00a0este diario que es el de mayor circulaci\u00f3n en la provincia y cuyos ejemplares del pasado lunes representan el 2.5 por ciento de su circulaci\u00f3n total, inform\u00f3 el diario Hoy.<\/p>\n<p><em>Nota del editor: Esta historia fue publicada originalmente en el blog Periodismo en las Am\u00e9ricas del Centro Knight, el predecesor de LatAm Journalism Review.<\/em><\/p>\n","protected":false},"excerpt":{"rendered":"<p>\u200bEl peri\u00f3dico ecuatoriano El Diario denunci\u00f3 que personas no identificadas impidieron la circulaci\u00f3n de la edici\u00f3n del pasado 25 de febrero en los cantones de Pedernales y Jama, provincia de Manab\u00ed (noreste del pa\u00eds).<\/p>\n","protected":false},"author":13,"featured_media":0,"comment_status":"closed","ping_status":"closed","sticky":false,"template":"","format":"standard","meta":{"inline_featured_image":false,"footnotes":""},"categories":[1220],"tags":[1404,1443,1510],"coauthors":[],"class_list":["post-37532","post","type-post","status-publish","format-standard","hentry","category-libertad-de-prensa-es","tag-censura-es","tag-ecuador-es","tag-medios-impresos-es"],"acf":[],"yoast_head":"<!-- This site is optimized with the Yoast SEO Premium plugin v22.6 (Yoast SEO v27.4) - https:\/\/yoast.com\/product\/yoast-seo-premium-wordpress\/ -->\n<title>Sospechan que desconocidos impidieron venta de diario en Ecuador para evitar difusi\u00f3n de noticia - LatAm Journalism Review<\/title>\n<meta name=\"description\" content=\"Sospechan que desconocidos impidieron venta de diario en Ecuador para evitar difusi\u00f3n de noticia Libertad de prensa. Latin American Journalism Review by The Knight Center at The University of Texas at Austin.\" \/>\n<meta name=\"robots\" content=\"index, follow, max-snippet:-1, max-image-preview:large, max-video-preview:-1\" \/>\n<link rel=\"canonical\" href=\"https:\/\/latamjournalismreview.org\/es\/articles\/sospechan-que-desconocidos-impidieron-venta-de-diario-en-ecuador-para-evitar-difusion-de-noticia\/\" \/>\n<meta property=\"og:locale\" content=\"es_ES\" \/>\n<meta property=\"og:type\" content=\"article\" \/>\n<meta property=\"og:title\" content=\"Sospechan que desconocidos impidieron venta de diario en Ecuador para evitar difusi\u00f3n de noticia\" \/>\n<meta property=\"og:description\" content=\"Sospechan que desconocidos impidieron venta de diario en Ecuador para evitar difusi\u00f3n de noticia Libertad de prensa. Latin American Journalism Review by The Knight Center at The University of Texas at Austin.\" \/>\n<meta property=\"og:url\" content=\"https:\/\/latamjournalismreview.org\/es\/articles\/sospechan-que-desconocidos-impidieron-venta-de-diario-en-ecuador-para-evitar-difusion-de-noticia\/\" \/>\n<meta property=\"og:site_name\" content=\"LatAm Journalism Review\" \/>\n<meta property=\"article:published_time\" content=\"2013-03-01T17:38:30+00:00\" \/>\n<meta property=\"article:modified_time\" content=\"2021-10-14T21:46:09+00:00\" \/>\n<meta name=\"author\" content=\"Silvia Higuera\" \/>\n<meta name=\"twitter:card\" content=\"summary_large_image\" \/>\n<meta name=\"twitter:creator\" content=\"@shiguerita\" \/>\n<meta name=\"twitter:site\" content=\"@LatAmJournalism\" \/>\n<meta name=\"twitter:label1\" content=\"Written by\" \/>\n\t<meta name=\"twitter:data1\" content=\"Silvia Higuera\" \/>\n\t<meta name=\"twitter:label2\" content=\"Est. reading time\" \/>\n\t<meta name=\"twitter:data2\" content=\"1 minuto\" \/>\n<script type=\"application\/ld+json\" class=\"yoast-schema-graph\">{\"@context\":\"https:\\\/\\\/schema.org\",\"@graph\":[{\"@type\":\"Article\",\"@id\":\"https:\\\/\\\/latamjournalismreview.org\\\/es\\\/articles\\\/sospechan-que-desconocidos-impidieron-venta-de-diario-en-ecuador-para-evitar-difusion-de-noticia\\\/#article\",\"isPartOf\":{\"@id\":\"https:\\\/\\\/latamjournalismreview.org\\\/es\\\/articles\\\/sospechan-que-desconocidos-impidieron-venta-de-diario-en-ecuador-para-evitar-difusion-de-noticia\\\/\"},\"author\":{\"name\":\"Silvia Higuera\",\"@id\":\"https:\\\/\\\/latamjournalismreview.org\\\/es\\\/#\\\/schema\\\/person\\\/eac7baa6afada0957e047be9fc15703a\"},\"headline\":\"Sospechan que desconocidos impidieron venta de diario en Ecuador para evitar difusi\u00f3n de noticia\",\"datePublished\":\"2013-03-01T17:38:30+00:00\",\"dateModified\":\"2021-10-14T21:46:09+00:00\",\"mainEntityOfPage\":{\"@id\":\"https:\\\/\\\/latamjournalismreview.org\\\/es\\\/articles\\\/sospechan-que-desconocidos-impidieron-venta-de-diario-en-ecuador-para-evitar-difusion-de-noticia\\\/\"},\"wordCount\":268,\"publisher\":{\"@id\":\"https:\\\/\\\/latamjournalismreview.org\\\/es\\\/#organization\"},\"keywords\":[\"Censura\",\"Ecuador\",\"Medios impresos\"],\"articleSection\":[\"Libertad de prensa\"],\"inLanguage\":\"es\"},{\"@type\":\"WebPage\",\"@id\":\"https:\\\/\\\/latamjournalismreview.org\\\/es\\\/articles\\\/sospechan-que-desconocidos-impidieron-venta-de-diario-en-ecuador-para-evitar-difusion-de-noticia\\\/\",\"url\":\"https:\\\/\\\/latamjournalismreview.org\\\/es\\\/articles\\\/sospechan-que-desconocidos-impidieron-venta-de-diario-en-ecuador-para-evitar-difusion-de-noticia\\\/\",\"name\":\"Sospechan que desconocidos impidieron venta de diario en Ecuador para evitar difusi\u00f3n de noticia - LatAm Journalism Review\",\"isPartOf\":{\"@id\":\"https:\\\/\\\/latamjournalismreview.org\\\/es\\\/#website\"},\"datePublished\":\"2013-03-01T17:38:30+00:00\",\"dateModified\":\"2021-10-14T21:46:09+00:00\",\"description\":\"Sospechan que desconocidos impidieron venta de diario en Ecuador para evitar difusi\u00f3n de noticia Libertad de prensa. Latin American Journalism Review by The Knight Center at The University of Texas at Austin.\",\"breadcrumb\":{\"@id\":\"https:\\\/\\\/latamjournalismreview.org\\\/es\\\/articles\\\/sospechan-que-desconocidos-impidieron-venta-de-diario-en-ecuador-para-evitar-difusion-de-noticia\\\/#breadcrumb\"},\"inLanguage\":\"es\",\"potentialAction\":[{\"@type\":\"ReadAction\",\"target\":[\"https:\\\/\\\/latamjournalismreview.org\\\/es\\\/articles\\\/sospechan-que-desconocidos-impidieron-venta-de-diario-en-ecuador-para-evitar-difusion-de-noticia\\\/\"]}]},{\"@type\":\"BreadcrumbList\",\"@id\":\"https:\\\/\\\/latamjournalismreview.org\\\/es\\\/articles\\\/sospechan-que-desconocidos-impidieron-venta-de-diario-en-ecuador-para-evitar-difusion-de-noticia\\\/#breadcrumb\",\"itemListElement\":[{\"@type\":\"ListItem\",\"position\":1,\"name\":\"Home\",\"item\":\"https:\\\/\\\/latamjournalismreview.org\\\/es\\\/\"},{\"@type\":\"ListItem\",\"position\":2,\"name\":\"Sospechan que desconocidos impidieron venta de diario en Ecuador para evitar difusi\u00f3n de noticia\"}]},{\"@type\":\"WebSite\",\"@id\":\"https:\\\/\\\/latamjournalismreview.org\\\/es\\\/#website\",\"url\":\"https:\\\/\\\/latamjournalismreview.org\\\/es\\\/\",\"name\":\"LatAm Journalism Review\",\"description\":\"Knight Center at The University of Texas\",\"publisher\":{\"@id\":\"https:\\\/\\\/latamjournalismreview.org\\\/es\\\/#organization\"},\"potentialAction\":[{\"@type\":\"SearchAction\",\"target\":{\"@type\":\"EntryPoint\",\"urlTemplate\":\"https:\\\/\\\/latamjournalismreview.org\\\/es\\\/?s={search_term_string}\"},\"query-input\":{\"@type\":\"PropertyValueSpecification\",\"valueRequired\":true,\"valueName\":\"search_term_string\"}}],\"inLanguage\":\"es\"},{\"@type\":\"Organization\",\"@id\":\"https:\\\/\\\/latamjournalismreview.org\\\/es\\\/#organization\",\"name\":\"LatAm Journalism Review\",\"url\":\"https:\\\/\\\/latamjournalismreview.org\\\/es\\\/\",\"logo\":{\"@type\":\"ImageObject\",\"inLanguage\":\"es\",\"@id\":\"https:\\\/\\\/latamjournalismreview.org\\\/es\\\/#\\\/schema\\\/logo\\\/image\\\/\",\"url\":\"https:\\\/\\\/latamjournalismreview.org\\\/wp-content\\\/uploads\\\/2020\\\/05\\\/knight-latAm-review-logo.svg\",\"contentUrl\":\"https:\\\/\\\/latamjournalismreview.org\\\/wp-content\\\/uploads\\\/2020\\\/05\\\/knight-latAm-review-logo.svg\",\"width\":\"1024\",\"height\":\"1024\",\"caption\":\"LatAm Journalism Review\"},\"image\":{\"@id\":\"https:\\\/\\\/latamjournalismreview.org\\\/es\\\/#\\\/schema\\\/logo\\\/image\\\/\"},\"sameAs\":[\"https:\\\/\\\/x.com\\\/LatAmJournalism\"]},{\"@type\":\"Person\",\"@id\":\"https:\\\/\\\/latamjournalismreview.org\\\/es\\\/#\\\/schema\\\/person\\\/eac7baa6afada0957e047be9fc15703a\",\"name\":\"Silvia Higuera\",\"description\":\"Silvia A. Higuera Fl\u00f3rez is a Colombian journalist interested in covering Latin American issues and human rights, especially the right to freedom of expression, and investigative journalism. She studied Social Communication and Journalism at Universidad Pontificia Bolivariana in Bucaramanga (Colombia), and received her Master's of Arts in Journalism from the University of Texas at Austin in 2015. She worked with the Office of the Special Rapporteur for Freedom of Expression of the Inter-American Commission on Human Rights (IACHR) under the Orlando Sierra fellowship during 2014. She also worked for the Colombian newspaper Vanguardia Liberal and wrote for different magazines about local, economic and public order issues. Her work has also appeared in The Miami Herald and El Nuevo Herald of Miami. Email: silvia.knightcenter@gmail.com Silvia A. Higuera Fl\u00f3rez es una periodista colombiana con inter\u00e9s period\u00edstico es Am\u00e9rica Latina y los derechos humanos, particularmente el derecho a la libertad de expresi\u00f3n, as\u00ed como el periodismo de investigaci\u00f3n. Estudi\u00f3 Comunicaci\u00f3n Social \u2013 Periodismo en la Universidad Pontificia Bolivariana de Bucaramanga (Colombia), y recibi\u00f3 su maestr\u00eda en Periodismo en la Universidad de Texas, en Austin en 2015. Trabaj\u00f3 para la Relator\u00eda Especial para la Libertad de Expresi\u00f3n de la Comisi\u00f3n Interamericana de Derechos Humanos (CIDH) en el marco de la beca Orlando Sierra, durante 2014. Tambi\u00e9n hizo parte del diario Vanguardia Liberal y escribi\u00f3 para otras revistas colombianas cubriendo fuentes locales, econ\u00f3micas y judiciales. Algunos de sus trabajos han aparecido en The Miami Herald y El Nuevo Herald de Miami. Silvia A. Higuera Fl\u00f3rez \u00e9 uma jornalista colombiana e seu interesse jornal\u00edstico \u00e9 a Am\u00e9rica Latina e os direitos humanos, nomeadamente o direito \u00e0 liberdade de express\u00e3o. Estudou Comunica\u00e7\u00e3o Social \u2013 Jornalismo na Universidade Pontif\u00edcia Bolivariana de Bucaramanga, na Col\u00f4mbia e completou seu mestrado em jornalismo na Universidade do Texas em Austin. Silvia trabalhou na Relatoria para a Liberdade de Express\u00e3o da CIDH pela bolsa Orlando Sierra, em 2014. Trabalhou para o jornal Vanguardia Liberal e escreveu para outras revistas colombianas cobrindo temas locais, econ\u00f4micas e judici\u00e1rias. Alguns de seus trabalhos apareceram no The Miami Herald e no El Nuevo Herald de Miami.\",\"sameAs\":[\"https:\\\/\\\/x.com\\\/shiguerita\"],\"url\":\"https:\\\/\\\/latamjournalismreview.org\\\/es\\\/articles\\\/author\\\/silvia-higuera\\\/\"}]}<\/script>\n<!-- \/ Yoast SEO Premium plugin. -->","yoast_head_json":{"title":"Sospechan que desconocidos impidieron venta de diario en Ecuador para evitar difusi\u00f3n de noticia - LatAm Journalism Review","description":"Sospechan que desconocidos impidieron venta de diario en Ecuador para evitar difusi\u00f3n de noticia Libertad de prensa. Latin American Journalism Review by The Knight Center at The University of Texas at Austin.","robots":{"index":"index","follow":"follow","max-snippet":"max-snippet:-1","max-image-preview":"max-image-preview:large","max-video-preview":"max-video-preview:-1"},"canonical":"https:\/\/latamjournalismreview.org\/es\/articles\/sospechan-que-desconocidos-impidieron-venta-de-diario-en-ecuador-para-evitar-difusion-de-noticia\/","og_locale":"es_ES","og_type":"article","og_title":"Sospechan que desconocidos impidieron venta de diario en Ecuador para evitar difusi\u00f3n de noticia","og_description":"Sospechan que desconocidos impidieron venta de diario en Ecuador para evitar difusi\u00f3n de noticia Libertad de prensa. Latin American Journalism Review by The Knight Center at The University of Texas at Austin.","og_url":"https:\/\/latamjournalismreview.org\/es\/articles\/sospechan-que-desconocidos-impidieron-venta-de-diario-en-ecuador-para-evitar-difusion-de-noticia\/","og_site_name":"LatAm Journalism Review","article_published_time":"2013-03-01T17:38:30+00:00","article_modified_time":"2021-10-14T21:46:09+00:00","author":"Silvia Higuera","twitter_card":"summary_large_image","twitter_creator":"@shiguerita","twitter_site":"@LatAmJournalism","twitter_misc":{"Written by":"Silvia Higuera","Est. reading time":"1 minuto"},"schema":{"@context":"https:\/\/schema.org","@graph":[{"@type":"Article","@id":"https:\/\/latamjournalismreview.org\/es\/articles\/sospechan-que-desconocidos-impidieron-venta-de-diario-en-ecuador-para-evitar-difusion-de-noticia\/#article","isPartOf":{"@id":"https:\/\/latamjournalismreview.org\/es\/articles\/sospechan-que-desconocidos-impidieron-venta-de-diario-en-ecuador-para-evitar-difusion-de-noticia\/"},"author":{"name":"Silvia Higuera","@id":"https:\/\/latamjournalismreview.org\/es\/#\/schema\/person\/eac7baa6afada0957e047be9fc15703a"},"headline":"Sospechan que desconocidos impidieron venta de diario en Ecuador para evitar difusi\u00f3n de noticia","datePublished":"2013-03-01T17:38:30+00:00","dateModified":"2021-10-14T21:46:09+00:00","mainEntityOfPage":{"@id":"https:\/\/latamjournalismreview.org\/es\/articles\/sospechan-que-desconocidos-impidieron-venta-de-diario-en-ecuador-para-evitar-difusion-de-noticia\/"},"wordCount":268,"publisher":{"@id":"https:\/\/latamjournalismreview.org\/es\/#organization"},"keywords":["Censura","Ecuador","Medios impresos"],"articleSection":["Libertad de prensa"],"inLanguage":"es"},{"@type":"WebPage","@id":"https:\/\/latamjournalismreview.org\/es\/articles\/sospechan-que-desconocidos-impidieron-venta-de-diario-en-ecuador-para-evitar-difusion-de-noticia\/","url":"https:\/\/latamjournalismreview.org\/es\/articles\/sospechan-que-desconocidos-impidieron-venta-de-diario-en-ecuador-para-evitar-difusion-de-noticia\/","name":"Sospechan que desconocidos impidieron venta de diario en Ecuador para evitar difusi\u00f3n de noticia - LatAm Journalism Review","isPartOf":{"@id":"https:\/\/latamjournalismreview.org\/es\/#website"},"datePublished":"2013-03-01T17:38:30+00:00","dateModified":"2021-10-14T21:46:09+00:00","description":"Sospechan que desconocidos impidieron venta de diario en Ecuador para evitar difusi\u00f3n de noticia Libertad de prensa. Latin American Journalism Review by The Knight Center at The University of Texas at Austin.","breadcrumb":{"@id":"https:\/\/latamjournalismreview.org\/es\/articles\/sospechan-que-desconocidos-impidieron-venta-de-diario-en-ecuador-para-evitar-difusion-de-noticia\/#breadcrumb"},"inLanguage":"es","potentialAction":[{"@type":"ReadAction","target":["https:\/\/latamjournalismreview.org\/es\/articles\/sospechan-que-desconocidos-impidieron-venta-de-diario-en-ecuador-para-evitar-difusion-de-noticia\/"]}]},{"@type":"BreadcrumbList","@id":"https:\/\/latamjournalismreview.org\/es\/articles\/sospechan-que-desconocidos-impidieron-venta-de-diario-en-ecuador-para-evitar-difusion-de-noticia\/#breadcrumb","itemListElement":[{"@type":"ListItem","position":1,"name":"Home","item":"https:\/\/latamjournalismreview.org\/es\/"},{"@type":"ListItem","position":2,"name":"Sospechan que desconocidos impidieron venta de diario en Ecuador para evitar difusi\u00f3n de noticia"}]},{"@type":"WebSite","@id":"https:\/\/latamjournalismreview.org\/es\/#website","url":"https:\/\/latamjournalismreview.org\/es\/","name":"LatAm Journalism Review","description":"Knight Center at The University of Texas","publisher":{"@id":"https:\/\/latamjournalismreview.org\/es\/#organization"},"potentialAction":[{"@type":"SearchAction","target":{"@type":"EntryPoint","urlTemplate":"https:\/\/latamjournalismreview.org\/es\/?s={search_term_string}"},"query-input":{"@type":"PropertyValueSpecification","valueRequired":true,"valueName":"search_term_string"}}],"inLanguage":"es"},{"@type":"Organization","@id":"https:\/\/latamjournalismreview.org\/es\/#organization","name":"LatAm Journalism Review","url":"https:\/\/latamjournalismreview.org\/es\/","logo":{"@type":"ImageObject","inLanguage":"es","@id":"https:\/\/latamjournalismreview.org\/es\/#\/schema\/logo\/image\/","url":"https:\/\/latamjournalismreview.org\/wp-content\/uploads\/2020\/05\/knight-latAm-review-logo.svg","contentUrl":"https:\/\/latamjournalismreview.org\/wp-content\/uploads\/2020\/05\/knight-latAm-review-logo.svg","width":"1024","height":"1024","caption":"LatAm Journalism Review"},"image":{"@id":"https:\/\/latamjournalismreview.org\/es\/#\/schema\/logo\/image\/"},"sameAs":["https:\/\/x.com\/LatAmJournalism"]},{"@type":"Person","@id":"https:\/\/latamjournalismreview.org\/es\/#\/schema\/person\/eac7baa6afada0957e047be9fc15703a","name":"Silvia Higuera","description":"Silvia A. Higuera Fl\u00f3rez is a Colombian journalist interested in covering Latin American issues and human rights, especially the right to freedom of expression, and investigative journalism. She studied Social Communication and Journalism at Universidad Pontificia Bolivariana in Bucaramanga (Colombia), and received her Master's of Arts in Journalism from the University of Texas at Austin in 2015. She worked with the Office of the Special Rapporteur for Freedom of Expression of the Inter-American Commission on Human Rights (IACHR) under the Orlando Sierra fellowship during 2014. She also worked for the Colombian newspaper Vanguardia Liberal and wrote for different magazines about local, economic and public order issues. Her work has also appeared in The Miami Herald and El Nuevo Herald of Miami. Email: silvia.knightcenter@gmail.com Silvia A. Higuera Fl\u00f3rez es una periodista colombiana con inter\u00e9s period\u00edstico es Am\u00e9rica Latina y los derechos humanos, particularmente el derecho a la libertad de expresi\u00f3n, as\u00ed como el periodismo de investigaci\u00f3n. Estudi\u00f3 Comunicaci\u00f3n Social \u2013 Periodismo en la Universidad Pontificia Bolivariana de Bucaramanga (Colombia), y recibi\u00f3 su maestr\u00eda en Periodismo en la Universidad de Texas, en Austin en 2015. Trabaj\u00f3 para la Relator\u00eda Especial para la Libertad de Expresi\u00f3n de la Comisi\u00f3n Interamericana de Derechos Humanos (CIDH) en el marco de la beca Orlando Sierra, durante 2014. Tambi\u00e9n hizo parte del diario Vanguardia Liberal y escribi\u00f3 para otras revistas colombianas cubriendo fuentes locales, econ\u00f3micas y judiciales. Algunos de sus trabajos han aparecido en The Miami Herald y El Nuevo Herald de Miami. Silvia A. Higuera Fl\u00f3rez \u00e9 uma jornalista colombiana e seu interesse jornal\u00edstico \u00e9 a Am\u00e9rica Latina e os direitos humanos, nomeadamente o direito \u00e0 liberdade de express\u00e3o. Estudou Comunica\u00e7\u00e3o Social \u2013 Jornalismo na Universidade Pontif\u00edcia Bolivariana de Bucaramanga, na Col\u00f4mbia e completou seu mestrado em jornalismo na Universidade do Texas em Austin. Silvia trabalhou na Relatoria para a Liberdade de Express\u00e3o da CIDH pela bolsa Orlando Sierra, em 2014. Trabalhou para o jornal Vanguardia Liberal e escreveu para outras revistas colombianas cobrindo temas locais, econ\u00f4micas e judici\u00e1rias. Alguns de seus trabalhos apareceram no The Miami Herald e no El Nuevo Herald de Miami.","sameAs":["https:\/\/x.com\/shiguerita"],"url":"https:\/\/latamjournalismreview.org\/es\/articles\/author\/silvia-higuera\/"}]}},"_links":{"self":[{"href":"https:\/\/latamjournalismreview.org\/es\/wp-json\/wp\/v2\/posts\/37532","targetHints":{"allow":["GET"]}}],"collection":[{"href":"https:\/\/latamjournalismreview.org\/es\/wp-json\/wp\/v2\/posts"}],"about":[{"href":"https:\/\/latamjournalismreview.org\/es\/wp-json\/wp\/v2\/types\/post"}],"author":[{"embeddable":true,"href":"https:\/\/latamjournalismreview.org\/es\/wp-json\/wp\/v2\/users\/13"}],"replies":[{"embeddable":true,"href":"https:\/\/latamjournalismreview.org\/es\/wp-json\/wp\/v2\/comments?post=37532"}],"version-history":[{"count":1,"href":"https:\/\/latamjournalismreview.org\/es\/wp-json\/wp\/v2\/posts\/37532\/revisions"}],"predecessor-version":[{"id":37533,"href":"https:\/\/latamjournalismreview.org\/es\/wp-json\/wp\/v2\/posts\/37532\/revisions\/37533"}],"wp:attachment":[{"href":"https:\/\/latamjournalismreview.org\/es\/wp-json\/wp\/v2\/media?parent=37532"}],"wp:term":[{"taxonomy":"category","embeddable":true,"href":"https:\/\/latamjournalismreview.org\/es\/wp-json\/wp\/v2\/categories?post=37532"},{"taxonomy":"post_tag","embeddable":true,"href":"https:\/\/latamjournalismreview.org\/es\/wp-json\/wp\/v2\/tags?post=37532"},{"taxonomy":"author","embeddable":true,"href":"https:\/\/latamjournalismreview.org\/es\/wp-json\/wp\/v2\/coauthors?post=37532"}],"curies":[{"name":"wp","href":"https:\/\/api.w.org\/{rel}","templated":true}]}}