{"id":37676,"date":"2013-04-15T14:17:12","date_gmt":"2013-04-15T19:17:12","guid":{"rendered":"https:\/\/latamjournalismreview.org\/?p=37676"},"modified":"2021-10-15T14:18:52","modified_gmt":"2021-10-15T19:18:52","slug":"matan-a-fotografo-brasileno-que-trabajaba-con-periodista-asesinado-el-mes-pasado","status":"publish","type":"post","link":"https:\/\/latamjournalismreview.org\/es\/articles\/matan-a-fotografo-brasileno-que-trabajaba-con-periodista-asesinado-el-mes-pasado\/","title":{"rendered":"Matan a fot\u00f3grafo brasile\u00f1o que trabajaba con periodista asesinado el mes pasado"},"content":{"rendered":"<p>Un\u00a0<a href=\"http:\/\/www.em.com.br\/app\/noticia\/gerais\/2013\/04\/15\/interna_gerais,371583\/fotografo-e-assassinado-a-tiros-em-coronel-fabriciano.shtml\" target=\"_blank\" rel=\"noopener\">reportero gr\u00e1fico fue ejecutado a tiros<\/a>\u00a0la noche del domingo 14 de abril en la ciudad de Coronel Fabriciano, Minas Gerais, de acuerdo con el diario Estado de Minas. Walgney Assis Carvalho, de 43 a\u00f1os, se desempe\u00f1aba como fot\u00f3grafo freelance del\u00a0<a href=\"http:\/\/www.jornalvaledoaco.com.br\/\">Jornal Vale do A\u00e7o<\/a>, el mismo medio en el que trabajaba el\u00a0<a href=\"https:\/\/knightcenter.utexas.edu\/es\/blog\/00-13204-periodista-brasileno-es-asesinado-tiros-conviertiendose-en-el-tercer-comunicador-del-p\" target=\"_blank\" rel=\"noopener\">reportero Rodrigo Neta, asesinado<\/a>\u00a0hace 37 d\u00edas en la misma regi\u00f3n de Minas. Ambos trabajaban en el cubrimiento de asuntos policiales y eran conocidos por denunciar cr\u00edmenes que involucran a la polic\u00eda. Con este caso, se eleva a cuatro el n\u00famero de periodistas brasile\u00f1os asesinados desde comienzos del 2013.<\/p>\n<p>Carvalho se encontraba en un barco pesquero que sol\u00eda frecuentar, cuando un hombre encapuchado se le acerc\u00f3 y le dispar\u00f3 a quemarropa en tres ocasiones. Seg\u00fan el sitio web del diario Vale do A\u00e7o, el\u00a0<a href=\"http:\/\/www.jornalvaledoaco.com.br\/novo_site\/ler_noticia.php?id=103964\" target=\"_blank\" rel=\"noopener\">fot\u00f3grafo falleci\u00f3 en el lugar de los hechos<\/a>.<\/p>\n<p>Testigos que presenciaron el crimen le dijeron a la polic\u00eda militar que se percataron del movimiento de un hombre que estuvo alrededor del barco durante toda la noche. Despu\u00e9s del crimen, el\u00a0<a href=\"http:\/\/noticias.terra.com.br\/brasil\/policia\/mg-policia-registra-segunda-morte-de-jornalista-no-vale-do-aco,1b24ac691fd0e310VgnVCM5000009ccceb0aRCRD.html\">sujeto sali\u00f3 del lugar y escap\u00f3 en una motocicleta<\/a>, inform\u00f3 el portal Terra.<\/p>\n<p>El diputado Durval \u00c2ngelo, presidente de la Comisi\u00f3n de Derechos Humanos de Minas Gerais, afirm\u00f3 en su cuenta de Twitter que el reportero gr\u00e1fico pudo haber sido ejecutado por tener informaci\u00f3n sobre los posibles autores del crimen de Rodrigo Neto. La\u00a0<a href=\"http:\/\/g1.globo.com\/mg\/vales-mg\/noticia\/2013\/04\/reporter-fotografico-e-assassinado-tiros-no-vale-do-aco.html\" target=\"_blank\" rel=\"noopener\">polic\u00eda a\u00fan no se ha pronunciado sobre esta hip\u00f3tesis<\/a>, inform\u00f3 G1.<\/p>\n<p>Hace una semana,\u00a0<a href=\"http:\/\/g1.globo.com\/mg\/vales-mg\/noticia\/2013\/04\/imprensa-organiza-manifestacao-pelos-30-dias-da-morte-de-rodrigo-neto.html\" target=\"_blank\" rel=\"noopener\">profesionales de la prensa y amigos de Neto exigieron que se investigara el caso<\/a>, el cual contin\u00faa sin resolverse.<\/p>\n<p><strong>Impunidad<\/strong><\/p>\n<p>Las dos muertes en poco m\u00e1s de un mes encendieron el debate sobre la impunidad en cr\u00edmenes contra periodistas en Brasil. En este sentido, el\u00a0<a href=\"http:\/\/agenciabrasil.ebc.com.br\/noticia\/2013-04-07\/brasil-e-terceiro-em-ranking-das-americas-sobre-impunidade-de-crimes-contra-jornalistas\" target=\"_blank\" rel=\"noopener\">pa\u00eds es el tercero del continente<\/a>, seg\u00fan Carlos Lauria, coordinador senior del programa de las Am\u00e9ricas del Comit\u00e9 para la Protecci\u00f3n de los Periodistas (CPJ).<\/p>\n<p>Marcelo Moreira, presidente de Abraji y representante del\u00a0Instituto Internacional para la Seguridad de la Prensa (INSI) seccional Brasil, alert\u00f3 que la falta de castigos para estos cr\u00edmenes puede alimentar la autocensura. \"Cuando se mata a un periodista, se est\u00e1 perjudicando la libertad de expresi\u00f3n. Y si estos casos se repiten y la sensaci\u00f3n de impunidad aumenta, ello genera una reacci\u00f3n negativa en los periodistas, quienes quedan con miedo de escribir porque saben que no estar\u00e1n protegidos\", dijo en una conversaci\u00f3n con el Centro Knight.<\/p>\n<p>Despu\u00e9s de la muerte de Walgney, el\u00a0<a href=\"http:\/\/www.abraji.org.br\/?id=90&amp;id_noticia=2434\" target=\"_blank\" rel=\"noopener\">profesional que reemplaz\u00f3 a Rodrigo Neto renunci\u00f3 al puesto<\/a>\u00a0en el diario Vale do A\u00e7o, seg\u00fan un reporte de Abraji.<\/p>\n<p>\"Tenemos que fortalecer la campa\u00f1a contra la impunidad. No percibimos una red de solidaridad entre los mismos periodistas brasile\u00f1os. Ya es hora que la Asociaci\u00f3n Nacional de Diarios (ANJ), Fenaj, Abraji y otras instituciones relacionadas con los medios, creen una organizaci\u00f3n para pensar en c\u00f3mo garantizar la seguridad de los periodistas\", a\u00f1adi\u00f3, citando a la INSI como ejemplo en Europa.<\/p>\n<p>En febrero, el\u00a0<a href=\"https:\/\/knightcenter.utexas.edu\/es\/blog\/00-12996-organizacion-internacional-aboga-por-ley-para-combatir-impunidad-en-crimenes-contra-pe\" target=\"_blank\" rel=\"noopener\">Instituto Internacional de Prensa<\/a>\u00a0(IPI, por sus siglas en Ingl\u00e9s) emiti\u00f3 un comunicado llamando la atenci\u00f3n sobre el problema e instando al congreso brasile\u00f1o a aprobar el\u00a0<a href=\"http:\/\/www2.camara.leg.br\/camaranoticias\/noticias\/DIREITO-E-JUSTICA\/197797-PROJETO-PERMITE-A-PF-INVESTIGAR-CRIMES-CONTRA-JORNALISTAS-NOS-ESTADOS-E-MUNICIPIOS.html\" target=\"_blank\" rel=\"noopener\">proyecto de ley que federaliza la investigaci\u00f3n de este tipo de cr\u00edmenes<\/a>. La\u00a0<a href=\"http:\/\/www.abraji.org.br\/?id=90&amp;id_noticia=2430\" target=\"_blank\" rel=\"noopener\">propuesta no es un consenso entre organizaciones defensoras de la liberta de prensa en Brasil<\/a>.<\/p>\n<p><em>Nota del editor: Esta historia fue publicada originalmente en el blog Periodismo en las Am\u00e9ricas del Centro Knight, el predecesor de LatAm Journalism Review.<\/em><\/p>\n","protected":false},"excerpt":{"rendered":"<p>Un\u00a0reportero gr\u00e1fico fue ejecutado a tiros\u00a0la noche del domingo 14 de abril en la ciudad de Coronel Fabriciano, Minas Gerais, de acuerdo con el diario Estado de Minas. Walgney Assis Carvalho, de 43 a\u00f1os, se desempe\u00f1aba como fot\u00f3grafo freelance del\u00a0Jornal Vale do A\u00e7o, el mismo medio en el que trabajaba el\u00a0reportero Rodrigo Neta, asesinado\u00a0hace 37 d\u00edas en la misma regi\u00f3n de Minas. Ambos trabajaban en el cubrimiento de asuntos policiales y eran conocidos por denunciar cr\u00edmenes que involucran a la polic\u00eda. Con este caso, se eleva a cuatro el n\u00famero de periodistas brasile\u00f1os asesinados desde comienzos del 2013.<\/p>\n","protected":false},"author":42,"featured_media":0,"comment_status":"closed","ping_status":"closed","sticky":false,"template":"","format":"standard","meta":{"inline_featured_image":false,"footnotes":""},"categories":[1222],"tags":[1506],"coauthors":[],"class_list":["post-37676","post","type-post","status-publish","format-standard","hentry","category-violencia-contra-periodistas-es","tag-fotoperiodismo-es"],"acf":[],"yoast_head":"<!-- This site is optimized with the Yoast SEO Premium plugin v22.6 (Yoast SEO v27.4) - https:\/\/yoast.com\/product\/yoast-seo-premium-wordpress\/ -->\n<title>Matan a fot\u00f3grafo brasile\u00f1o que trabajaba con periodista asesinado el mes pasado - LatAm Journalism Review<\/title>\n<meta name=\"description\" content=\"Matan a fot\u00f3grafo brasile\u00f1o que trabajaba con periodista asesinado el mes pasado Violencia contra periodistas. Latin American Journalism Review by The Knight Center at The University of Texas at Austin.\" \/>\n<meta name=\"robots\" content=\"index, follow, max-snippet:-1, max-image-preview:large, max-video-preview:-1\" \/>\n<link rel=\"canonical\" href=\"https:\/\/latamjournalismreview.org\/es\/articles\/matan-a-fotografo-brasileno-que-trabajaba-con-periodista-asesinado-el-mes-pasado\/\" \/>\n<meta property=\"og:locale\" content=\"es_ES\" \/>\n<meta property=\"og:type\" content=\"article\" \/>\n<meta property=\"og:title\" content=\"Matan a fot\u00f3grafo brasile\u00f1o que trabajaba con periodista asesinado el mes pasado\" \/>\n<meta property=\"og:description\" content=\"Matan a fot\u00f3grafo brasile\u00f1o que trabajaba con periodista asesinado el mes pasado Violencia contra periodistas. Latin American Journalism Review by The Knight Center at The University of Texas at Austin.\" \/>\n<meta property=\"og:url\" content=\"https:\/\/latamjournalismreview.org\/es\/articles\/matan-a-fotografo-brasileno-que-trabajaba-con-periodista-asesinado-el-mes-pasado\/\" \/>\n<meta property=\"og:site_name\" content=\"LatAm Journalism Review\" \/>\n<meta property=\"article:published_time\" content=\"2013-04-15T19:17:12+00:00\" \/>\n<meta property=\"article:modified_time\" content=\"2021-10-15T19:18:52+00:00\" \/>\n<meta name=\"author\" content=\"Natalia Mazotte\" \/>\n<meta name=\"twitter:card\" content=\"summary_large_image\" \/>\n<meta name=\"twitter:creator\" content=\"@LatAmJournalism\" \/>\n<meta name=\"twitter:site\" content=\"@LatAmJournalism\" \/>\n<meta name=\"twitter:label1\" content=\"Written by\" \/>\n\t<meta name=\"twitter:data1\" content=\"Natalia Mazotte\" \/>\n\t<meta name=\"twitter:label2\" content=\"Est. reading time\" \/>\n\t<meta name=\"twitter:data2\" content=\"3 minutos\" \/>\n<script type=\"application\/ld+json\" class=\"yoast-schema-graph\">{\"@context\":\"https:\\\/\\\/schema.org\",\"@graph\":[{\"@type\":\"Article\",\"@id\":\"https:\\\/\\\/latamjournalismreview.org\\\/es\\\/articles\\\/matan-a-fotografo-brasileno-que-trabajaba-con-periodista-asesinado-el-mes-pasado\\\/#article\",\"isPartOf\":{\"@id\":\"https:\\\/\\\/latamjournalismreview.org\\\/es\\\/articles\\\/matan-a-fotografo-brasileno-que-trabajaba-con-periodista-asesinado-el-mes-pasado\\\/\"},\"author\":{\"name\":\"Natalia Mazotte\",\"@id\":\"https:\\\/\\\/latamjournalismreview.org\\\/es\\\/#\\\/schema\\\/person\\\/747457e530d741a9d192f00c32c7f884\"},\"headline\":\"Matan a fot\u00f3grafo brasile\u00f1o que trabajaba con periodista asesinado el mes pasado\",\"datePublished\":\"2013-04-15T19:17:12+00:00\",\"dateModified\":\"2021-10-15T19:18:52+00:00\",\"mainEntityOfPage\":{\"@id\":\"https:\\\/\\\/latamjournalismreview.org\\\/es\\\/articles\\\/matan-a-fotografo-brasileno-que-trabajaba-con-periodista-asesinado-el-mes-pasado\\\/\"},\"wordCount\":631,\"publisher\":{\"@id\":\"https:\\\/\\\/latamjournalismreview.org\\\/es\\\/#organization\"},\"keywords\":[\"Fotoperiodismo\"],\"articleSection\":[\"Violencia contra periodistas\"],\"inLanguage\":\"es\"},{\"@type\":\"WebPage\",\"@id\":\"https:\\\/\\\/latamjournalismreview.org\\\/es\\\/articles\\\/matan-a-fotografo-brasileno-que-trabajaba-con-periodista-asesinado-el-mes-pasado\\\/\",\"url\":\"https:\\\/\\\/latamjournalismreview.org\\\/es\\\/articles\\\/matan-a-fotografo-brasileno-que-trabajaba-con-periodista-asesinado-el-mes-pasado\\\/\",\"name\":\"Matan a fot\u00f3grafo brasile\u00f1o que trabajaba con periodista asesinado el mes pasado - LatAm Journalism Review\",\"isPartOf\":{\"@id\":\"https:\\\/\\\/latamjournalismreview.org\\\/es\\\/#website\"},\"datePublished\":\"2013-04-15T19:17:12+00:00\",\"dateModified\":\"2021-10-15T19:18:52+00:00\",\"description\":\"Matan a fot\u00f3grafo brasile\u00f1o que trabajaba con periodista asesinado el mes pasado Violencia contra periodistas. Latin American Journalism Review by The Knight Center at The University of Texas at Austin.\",\"breadcrumb\":{\"@id\":\"https:\\\/\\\/latamjournalismreview.org\\\/es\\\/articles\\\/matan-a-fotografo-brasileno-que-trabajaba-con-periodista-asesinado-el-mes-pasado\\\/#breadcrumb\"},\"inLanguage\":\"es\",\"potentialAction\":[{\"@type\":\"ReadAction\",\"target\":[\"https:\\\/\\\/latamjournalismreview.org\\\/es\\\/articles\\\/matan-a-fotografo-brasileno-que-trabajaba-con-periodista-asesinado-el-mes-pasado\\\/\"]}]},{\"@type\":\"BreadcrumbList\",\"@id\":\"https:\\\/\\\/latamjournalismreview.org\\\/es\\\/articles\\\/matan-a-fotografo-brasileno-que-trabajaba-con-periodista-asesinado-el-mes-pasado\\\/#breadcrumb\",\"itemListElement\":[{\"@type\":\"ListItem\",\"position\":1,\"name\":\"Home\",\"item\":\"https:\\\/\\\/latamjournalismreview.org\\\/es\\\/\"},{\"@type\":\"ListItem\",\"position\":2,\"name\":\"Matan a fot\u00f3grafo brasile\u00f1o que trabajaba con periodista asesinado el mes pasado\"}]},{\"@type\":\"WebSite\",\"@id\":\"https:\\\/\\\/latamjournalismreview.org\\\/es\\\/#website\",\"url\":\"https:\\\/\\\/latamjournalismreview.org\\\/es\\\/\",\"name\":\"LatAm Journalism Review\",\"description\":\"Knight Center at The University of Texas\",\"publisher\":{\"@id\":\"https:\\\/\\\/latamjournalismreview.org\\\/es\\\/#organization\"},\"potentialAction\":[{\"@type\":\"SearchAction\",\"target\":{\"@type\":\"EntryPoint\",\"urlTemplate\":\"https:\\\/\\\/latamjournalismreview.org\\\/es\\\/?s={search_term_string}\"},\"query-input\":{\"@type\":\"PropertyValueSpecification\",\"valueRequired\":true,\"valueName\":\"search_term_string\"}}],\"inLanguage\":\"es\"},{\"@type\":\"Organization\",\"@id\":\"https:\\\/\\\/latamjournalismreview.org\\\/es\\\/#organization\",\"name\":\"LatAm Journalism Review\",\"url\":\"https:\\\/\\\/latamjournalismreview.org\\\/es\\\/\",\"logo\":{\"@type\":\"ImageObject\",\"inLanguage\":\"es\",\"@id\":\"https:\\\/\\\/latamjournalismreview.org\\\/es\\\/#\\\/schema\\\/logo\\\/image\\\/\",\"url\":\"https:\\\/\\\/latamjournalismreview.org\\\/wp-content\\\/uploads\\\/2020\\\/05\\\/knight-latAm-review-logo.svg\",\"contentUrl\":\"https:\\\/\\\/latamjournalismreview.org\\\/wp-content\\\/uploads\\\/2020\\\/05\\\/knight-latAm-review-logo.svg\",\"width\":\"1024\",\"height\":\"1024\",\"caption\":\"LatAm Journalism Review\"},\"image\":{\"@id\":\"https:\\\/\\\/latamjournalismreview.org\\\/es\\\/#\\\/schema\\\/logo\\\/image\\\/\"},\"sameAs\":[\"https:\\\/\\\/x.com\\\/LatAmJournalism\"]},{\"@type\":\"Person\",\"@id\":\"https:\\\/\\\/latamjournalismreview.org\\\/es\\\/#\\\/schema\\\/person\\\/747457e530d741a9d192f00c32c7f884\",\"name\":\"Natalia Mazotte\",\"url\":\"https:\\\/\\\/latamjournalismreview.org\\\/es\\\/articles\\\/author\\\/natalia-mazotte\\\/\"}]}<\/script>\n<!-- \/ Yoast SEO Premium plugin. -->","yoast_head_json":{"title":"Matan a fot\u00f3grafo brasile\u00f1o que trabajaba con periodista asesinado el mes pasado - LatAm Journalism Review","description":"Matan a fot\u00f3grafo brasile\u00f1o que trabajaba con periodista asesinado el mes pasado Violencia contra periodistas. Latin American Journalism Review by The Knight Center at The University of Texas at Austin.","robots":{"index":"index","follow":"follow","max-snippet":"max-snippet:-1","max-image-preview":"max-image-preview:large","max-video-preview":"max-video-preview:-1"},"canonical":"https:\/\/latamjournalismreview.org\/es\/articles\/matan-a-fotografo-brasileno-que-trabajaba-con-periodista-asesinado-el-mes-pasado\/","og_locale":"es_ES","og_type":"article","og_title":"Matan a fot\u00f3grafo brasile\u00f1o que trabajaba con periodista asesinado el mes pasado","og_description":"Matan a fot\u00f3grafo brasile\u00f1o que trabajaba con periodista asesinado el mes pasado Violencia contra periodistas. Latin American Journalism Review by The Knight Center at The University of Texas at Austin.","og_url":"https:\/\/latamjournalismreview.org\/es\/articles\/matan-a-fotografo-brasileno-que-trabajaba-con-periodista-asesinado-el-mes-pasado\/","og_site_name":"LatAm Journalism Review","article_published_time":"2013-04-15T19:17:12+00:00","article_modified_time":"2021-10-15T19:18:52+00:00","author":"Natalia Mazotte","twitter_card":"summary_large_image","twitter_creator":"@LatAmJournalism","twitter_site":"@LatAmJournalism","twitter_misc":{"Written by":"Natalia Mazotte","Est. reading time":"3 minutos"},"schema":{"@context":"https:\/\/schema.org","@graph":[{"@type":"Article","@id":"https:\/\/latamjournalismreview.org\/es\/articles\/matan-a-fotografo-brasileno-que-trabajaba-con-periodista-asesinado-el-mes-pasado\/#article","isPartOf":{"@id":"https:\/\/latamjournalismreview.org\/es\/articles\/matan-a-fotografo-brasileno-que-trabajaba-con-periodista-asesinado-el-mes-pasado\/"},"author":{"name":"Natalia Mazotte","@id":"https:\/\/latamjournalismreview.org\/es\/#\/schema\/person\/747457e530d741a9d192f00c32c7f884"},"headline":"Matan a fot\u00f3grafo brasile\u00f1o que trabajaba con periodista asesinado el mes pasado","datePublished":"2013-04-15T19:17:12+00:00","dateModified":"2021-10-15T19:18:52+00:00","mainEntityOfPage":{"@id":"https:\/\/latamjournalismreview.org\/es\/articles\/matan-a-fotografo-brasileno-que-trabajaba-con-periodista-asesinado-el-mes-pasado\/"},"wordCount":631,"publisher":{"@id":"https:\/\/latamjournalismreview.org\/es\/#organization"},"keywords":["Fotoperiodismo"],"articleSection":["Violencia contra periodistas"],"inLanguage":"es"},{"@type":"WebPage","@id":"https:\/\/latamjournalismreview.org\/es\/articles\/matan-a-fotografo-brasileno-que-trabajaba-con-periodista-asesinado-el-mes-pasado\/","url":"https:\/\/latamjournalismreview.org\/es\/articles\/matan-a-fotografo-brasileno-que-trabajaba-con-periodista-asesinado-el-mes-pasado\/","name":"Matan a fot\u00f3grafo brasile\u00f1o que trabajaba con periodista asesinado el mes pasado - LatAm Journalism Review","isPartOf":{"@id":"https:\/\/latamjournalismreview.org\/es\/#website"},"datePublished":"2013-04-15T19:17:12+00:00","dateModified":"2021-10-15T19:18:52+00:00","description":"Matan a fot\u00f3grafo brasile\u00f1o que trabajaba con periodista asesinado el mes pasado Violencia contra periodistas. Latin American Journalism Review by The Knight Center at The University of Texas at Austin.","breadcrumb":{"@id":"https:\/\/latamjournalismreview.org\/es\/articles\/matan-a-fotografo-brasileno-que-trabajaba-con-periodista-asesinado-el-mes-pasado\/#breadcrumb"},"inLanguage":"es","potentialAction":[{"@type":"ReadAction","target":["https:\/\/latamjournalismreview.org\/es\/articles\/matan-a-fotografo-brasileno-que-trabajaba-con-periodista-asesinado-el-mes-pasado\/"]}]},{"@type":"BreadcrumbList","@id":"https:\/\/latamjournalismreview.org\/es\/articles\/matan-a-fotografo-brasileno-que-trabajaba-con-periodista-asesinado-el-mes-pasado\/#breadcrumb","itemListElement":[{"@type":"ListItem","position":1,"name":"Home","item":"https:\/\/latamjournalismreview.org\/es\/"},{"@type":"ListItem","position":2,"name":"Matan a fot\u00f3grafo brasile\u00f1o que trabajaba con periodista asesinado el mes pasado"}]},{"@type":"WebSite","@id":"https:\/\/latamjournalismreview.org\/es\/#website","url":"https:\/\/latamjournalismreview.org\/es\/","name":"LatAm Journalism Review","description":"Knight Center at The University of Texas","publisher":{"@id":"https:\/\/latamjournalismreview.org\/es\/#organization"},"potentialAction":[{"@type":"SearchAction","target":{"@type":"EntryPoint","urlTemplate":"https:\/\/latamjournalismreview.org\/es\/?s={search_term_string}"},"query-input":{"@type":"PropertyValueSpecification","valueRequired":true,"valueName":"search_term_string"}}],"inLanguage":"es"},{"@type":"Organization","@id":"https:\/\/latamjournalismreview.org\/es\/#organization","name":"LatAm Journalism Review","url":"https:\/\/latamjournalismreview.org\/es\/","logo":{"@type":"ImageObject","inLanguage":"es","@id":"https:\/\/latamjournalismreview.org\/es\/#\/schema\/logo\/image\/","url":"https:\/\/latamjournalismreview.org\/wp-content\/uploads\/2020\/05\/knight-latAm-review-logo.svg","contentUrl":"https:\/\/latamjournalismreview.org\/wp-content\/uploads\/2020\/05\/knight-latAm-review-logo.svg","width":"1024","height":"1024","caption":"LatAm Journalism Review"},"image":{"@id":"https:\/\/latamjournalismreview.org\/es\/#\/schema\/logo\/image\/"},"sameAs":["https:\/\/x.com\/LatAmJournalism"]},{"@type":"Person","@id":"https:\/\/latamjournalismreview.org\/es\/#\/schema\/person\/747457e530d741a9d192f00c32c7f884","name":"Natalia Mazotte","url":"https:\/\/latamjournalismreview.org\/es\/articles\/author\/natalia-mazotte\/"}]}},"_links":{"self":[{"href":"https:\/\/latamjournalismreview.org\/es\/wp-json\/wp\/v2\/posts\/37676","targetHints":{"allow":["GET"]}}],"collection":[{"href":"https:\/\/latamjournalismreview.org\/es\/wp-json\/wp\/v2\/posts"}],"about":[{"href":"https:\/\/latamjournalismreview.org\/es\/wp-json\/wp\/v2\/types\/post"}],"author":[{"embeddable":true,"href":"https:\/\/latamjournalismreview.org\/es\/wp-json\/wp\/v2\/users\/42"}],"replies":[{"embeddable":true,"href":"https:\/\/latamjournalismreview.org\/es\/wp-json\/wp\/v2\/comments?post=37676"}],"version-history":[{"count":2,"href":"https:\/\/latamjournalismreview.org\/es\/wp-json\/wp\/v2\/posts\/37676\/revisions"}],"predecessor-version":[{"id":37680,"href":"https:\/\/latamjournalismreview.org\/es\/wp-json\/wp\/v2\/posts\/37676\/revisions\/37680"}],"wp:attachment":[{"href":"https:\/\/latamjournalismreview.org\/es\/wp-json\/wp\/v2\/media?parent=37676"}],"wp:term":[{"taxonomy":"category","embeddable":true,"href":"https:\/\/latamjournalismreview.org\/es\/wp-json\/wp\/v2\/categories?post=37676"},{"taxonomy":"post_tag","embeddable":true,"href":"https:\/\/latamjournalismreview.org\/es\/wp-json\/wp\/v2\/tags?post=37676"},{"taxonomy":"author","embeddable":true,"href":"https:\/\/latamjournalismreview.org\/es\/wp-json\/wp\/v2\/coauthors?post=37676"}],"curies":[{"name":"wp","href":"https:\/\/api.w.org\/{rel}","templated":true}]}}