{"id":37860,"date":"2013-05-14T14:26:04","date_gmt":"2013-05-14T19:26:04","guid":{"rendered":"https:\/\/latamjournalismreview.org\/?p=37860"},"modified":"2021-10-16T09:36:26","modified_gmt":"2021-10-16T14:36:26","slug":"sitio-del-diario-mexicano-el-manana-sufre-dos-ataques-ciberneticos","status":"publish","type":"post","link":"https:\/\/latamjournalismreview.org\/es\/articles\/sitio-del-diario-mexicano-el-manana-sufre-dos-ataques-ciberneticos\/","title":{"rendered":"Sitio del diario mexicano El Ma\u00f1ana sufre dos ataques cibern\u00e9ticos"},"content":{"rendered":"<p>Por\u00a0Alejandro Mart\u00ednez<\/p>\n<p>El diario mexicano El Ma\u00f1ana de Nuevo Laredo, uno de los m\u00e1s afectados en el pa\u00eds por ataques armados en contra de sus reporteros e instalaciones, ahora fue el blanco de dos ataques cibern\u00e9ticos el domingo 12 de mayo que interrumpieron por varios minutos el servicio de su sitio en internet, inform\u00f3 el peri\u00f3dico.<\/p>\n<p>Los ataques se registraron tras la publicaci\u00f3n de dos notas que cuestionaban el desempe\u00f1o de las autoridades municipales en el caso de una familia que fue arrastrada por el agua de un r\u00edo desembocado y muri\u00f3 ahogada,\u00a0<a href=\"http:\/\/articulo19.org\/alerta-mexico-atacan-la-pagina-de-internet-de-el-manana-de-nuevo-laredo\/\" target=\"_blank\" rel=\"noopener\">dijo el editor en jefe del sitio Daniel Rosas a la organizaci\u00f3n Art\u00edculo 19<\/a>.<\/p>\n<p>Esta no es la primera vez que sufren un ataque de este tipo. Otros han ocurrido por lo menos en seis otras ocasiones este a\u00f1o y usualmente despu\u00e9s de la publicaci\u00f3n de notas sobre el desempe\u00f1o de las autoridades locales, inform\u00f3 el diario en un comunicado de prensa.<\/p>\n<p>En respuesta, el peri\u00f3dico interpuso una denuncia penal ante la Procuradur\u00eda General de la Rep\u00fablica, dijo el director general de El Ma\u00f1ana Ramon Cant\u00fa De\u00e1ndar en el comunicado. Funcionarios de la PGR, la cual cuenta con dos investigaciones abiertas con respecto a otros ataques previos contra el peri\u00f3dico,\u00a0<a href=\"http:\/\/www.elmanana.com.mx\/notas.asp?id=331310\" target=\"_blank\" rel=\"noopener\">aseguraron que acudir\u00e1n a las instalaciones del diario<\/a>, report\u00f3 El Ma\u00f1ana.<\/p>\n<p>\u201cTomamos muy en serio este tipo de acciones, y por eso hemos decidido poner esta denuncia. No creemos en coincidencias, pues es obvio que son ataques sistem\u00e1ticos los que hemos enfrentado\u201d, dijo Cant\u00fa De\u00e1ndar.<\/p>\n<p>El diario, ubicado en la frontera con Estados Unidos y considerada la sede del peligroso grupo criminal Los Zetas,\u00a0<a href=\"https:\/\/knightcenter.utexas.edu\/es\/blog\/00-10718-en-menos-de-24-horas-tres-ataques-con-explosivos-contra-diarios-en-mexico\" target=\"_blank\" rel=\"noopener\">ha sido el blanco de tres ataques armados desde 2006<\/a>. A partir de ese a\u00f1o, y despu\u00e9s del asesinato de su director editorial en 2004, el peri\u00f3dico\u00a0<a href=\"https:\/\/knightcenter.utexas.edu\/es\/blog\/00-10098-periodico-el-manana-refrenda-autocensura-en-mexico-y-legislador-propone-multar-medios-\" target=\"_blank\" rel=\"noopener\">dejo de publicar notas sobre el narcotr\u00e1fico<\/a>.<\/p>\n<p>De 2011 a la fecha, la organizaci\u00f3n Art\u00edculo 19 ha documentado\u00a0<a href=\"http:\/\/articulo19.org\/alerta-mexico-atacan-la-pagina-de-internet-de-el-manana-de-nuevo-laredo\/\" target=\"_blank\" rel=\"noopener\">15 ataques cibern\u00e9ticos<\/a>\u00a0a medios y periodistas mexicanos.<\/p>\n<p>A continuaci\u00f3n el comunicado de prensa completo que emiti\u00f3 El Ma\u00f1ana despu\u00e9s de los ataques cibern\u00e9ticos del domingo.<\/p>\n<p class=\"rtecenter\">* * * * *<\/p>\n<p>NUEVO LAREDO, M\u00c9XICO.-\u00a0 El martes 7 de mayo, representantes legales del peri\u00f3dico El Ma\u00f1ana de Nuevo Laredo ratificaron una denuncia ante autoridades de Procuradur\u00eda General de la Rep\u00fablica, y la Fiscal\u00eda Especial para la Atenci\u00f3n de Delitos Cometidos contra la Libertad de Expresi\u00f3n por ataques cibern\u00e9ticos contra el portal informativo de este medio de comunicaci\u00f3n.<\/p>\n<p>Los ataques cibern\u00e9ticos ocurridos en al menos seis ocasiones en este a\u00f1o, han intentado saturar los servidores para que el servicio se interrumpa, o tambi\u00e9n da\u00f1ar las bases de datos de informaci\u00f3n, particularmente en notas period\u00edsticas en las que se cuestiona el desempe\u00f1o de las autoridades locales, reportaron directivos de El Ma\u00f1ana de Nuevo Laredo, quienes han tenido que invertir mayores recursos para proteger el portal y garantizar el acceso de la informaci\u00f3n a la comunidad.<\/p>\n<p>El Ma\u00f1ana de Nuevo Laredo, ubicado en la frontera entre M\u00e9xico y Estados Unidos, y su portal en internet\u00a0<a href=\"http:\/\/www.elmanana.com.mx\/\" target=\"_blank\" rel=\"noopener\">www.elmanana.com.mx<\/a>\u00a0es el medio de comunicaci\u00f3n con mayor tr\u00e1fico en Tamaulipas (en la frontera con Texas), informaci\u00f3n que puede comprobarse en buscadores independientes como Alexa.com.<\/p>\n<p>Nuevo Laredo se encuentra en una zona considerada como una de las ciudades m\u00e1s peligrosas para ejercer el periodismo. Despu\u00e9s de recibir ataques con armas de grueso calibre a sus instalaciones, el peri\u00f3dico El Ma\u00f1ana ha tenido que limitar la cobertura de su informaci\u00f3n.<\/p>\n<p>El 11 mayo de 2012, personas armadas dispararon contra las instalaciones del peri\u00f3dico, y arrojaron un objeto explosivo en una de las fachadas.<\/p>\n<p>El 10 de julio de 2012, desconocidos dispararon con un lanzagranadas contra la fachada principal del peri\u00f3dico.<\/p>\n<p>El 6 febrero de 2006, hombres armados ingresaron a las instalaciones del peri\u00f3dico y dispararon dentro de la redacci\u00f3n, adem\u00e1s de lanzar una granada de fragmentaci\u00f3n dentro de la redacci\u00f3n. Un reportero result\u00f3 severamente herido, y con da\u00f1o permanente en sus extremidades.<\/p>\n<p>La PGR tiene al menos dos averiguaciones por ataques ocurridos a las instalaciones del peri\u00f3dico, producto de los atentados f\u00edsicos contra este medio.<\/p>\n<p>El Ma\u00f1ana es un medio de mayor prestigio en la regi\u00f3n, y cuenta con 85 a\u00f1os de tradici\u00f3n period\u00edstica.<\/p>\n<p>El \u00faltimo incidente, ahora con la modalidad de ser un de ataque cibern\u00e9tico, ocurri\u00f3 este domingo 12 de mayo, cuando el servidor mostr\u00f3 ca\u00eddas del sistema que interrump\u00edan el servicio por espacio de 10 a 20 minutos, situaci\u00f3n que es an\u00f3mala, y que coincide con la publicaci\u00f3n de notas cr\u00edticas hacia el desempe\u00f1o de las autoridades locales.<\/p>\n<p>\u201cTomamos muy en serio este tipo de acciones, y por eso hemos decidido poner esta denuncia. No creemos en coincidencias, pues es obvio que son ataques sistem\u00e1ticos los que hemos enfrentado\u201d, dijo Ramon Cant\u00fa De\u00e1ndar director general de El Ma\u00f1ana.<\/p>\n<p>En la edici\u00f3n impresa de este lunes, el peri\u00f3dico publica una relaci\u00f3n de la denuncia y los ataques cibern\u00e9ticos sufridos en fechas recientes.<\/p>\n<p>\u201cHakean portal que contiene informaci\u00f3n inc\u00f3moda para las autoridades; el domingo lo sacaron de servicio en 2 ocasiones\u201d, public\u00f3 el peri\u00f3dico en su nota principal, as\u00ed como en su portal en l\u00ednea.<\/p>\n<p>El tr\u00e1fico mensual rebasa el mill\u00f3n de visitas en promedio, gracias a la confianza que le dan sus lectores en l\u00ednea adem\u00e1s de sus ediciones impresas.<\/p>\n<p>Hay portales informativos en los que pol\u00edticos y ex pol\u00edticos han invertido mucho dinero, y sin embargo, no han podido alcanzar ni la mitad del tr\u00e1fico que tiene El Ma\u00f1ana de Nuevo Laredo, un medio reconocido e independiente, a pesar de los ataques que han intentado afectarlo.<\/p>\n<p>El Ma\u00f1ana mantiene su compromiso con a la comunidad, y anunci\u00f3 que la informaci\u00f3n se difundir\u00e1 a organizaciones relacionadas con la libertad de expresi\u00f3n a nivel nacional e internacional.<\/p>\n<p>&nbsp;<\/p>\n<p>&nbsp;<\/p>\n<p><i><span style=\"font-weight: 400;\">Nota del editor: Esta historia fue publicada originalmente en el blog Periodismo en las Am\u00e9ricas del Centro Knight, el predecesor de LatAm Journalism Review.<\/span><\/i><\/p>\n","protected":false},"excerpt":{"rendered":"<p>El diario mexicano El Ma\u00f1ana de Nuevo Laredo, uno de los m\u00e1s afectados en el pa\u00eds por ataques armados en contra de sus reporteros e instalaciones, ahora fue el blanco de dos ataques cibern\u00e9ticos el domingo 12 de mayo que interrumpieron por varios minutos el servicio de su sitio en internet.<\/p>\n","protected":false},"author":17,"featured_media":0,"comment_status":"closed","ping_status":"closed","sticky":false,"template":"","format":"standard","meta":{"inline_featured_image":false,"footnotes":""},"categories":[1222],"tags":[1522,1461,1393],"coauthors":[],"class_list":["post-37860","post","type-post","status-publish","format-standard","hentry","category-violencia-contra-periodistas-es","tag-amenazas-contra-periodistas-es","tag-hostigamiento-es","tag-mexico-es"],"acf":[],"yoast_head":"<!-- This site is optimized with the Yoast SEO Premium plugin v22.6 (Yoast SEO v27.4) - https:\/\/yoast.com\/product\/yoast-seo-premium-wordpress\/ -->\n<title>Sitio del diario mexicano El Ma\u00f1ana sufre dos ataques cibern\u00e9ticos - LatAm Journalism Review<\/title>\n<meta name=\"description\" content=\"Sitio del diario mexicano El Ma\u00f1ana sufre dos ataques cibern\u00e9ticos Violencia contra periodistas. Latin American Journalism Review by The Knight Center at The University of Texas at Austin.\" \/>\n<meta name=\"robots\" content=\"index, follow, max-snippet:-1, max-image-preview:large, max-video-preview:-1\" \/>\n<link rel=\"canonical\" href=\"https:\/\/latamjournalismreview.org\/es\/articles\/sitio-del-diario-mexicano-el-manana-sufre-dos-ataques-ciberneticos\/\" \/>\n<meta property=\"og:locale\" content=\"es_ES\" \/>\n<meta property=\"og:type\" content=\"article\" \/>\n<meta property=\"og:title\" content=\"Sitio del diario mexicano El Ma\u00f1ana sufre dos ataques cibern\u00e9ticos\" \/>\n<meta property=\"og:description\" content=\"Sitio del diario mexicano El Ma\u00f1ana sufre dos ataques cibern\u00e9ticos Violencia contra periodistas. Latin American Journalism Review by The Knight Center at The University of Texas at Austin.\" \/>\n<meta property=\"og:url\" content=\"https:\/\/latamjournalismreview.org\/es\/articles\/sitio-del-diario-mexicano-el-manana-sufre-dos-ataques-ciberneticos\/\" \/>\n<meta property=\"og:site_name\" content=\"LatAm Journalism Review\" \/>\n<meta property=\"article:published_time\" content=\"2013-05-14T19:26:04+00:00\" \/>\n<meta property=\"article:modified_time\" content=\"2021-10-16T14:36:26+00:00\" \/>\n<meta name=\"author\" content=\"Guest\" \/>\n<meta name=\"twitter:card\" content=\"summary_large_image\" \/>\n<meta name=\"twitter:creator\" content=\"@LatAmJournalism\" \/>\n<meta name=\"twitter:site\" content=\"@LatAmJournalism\" \/>\n<meta name=\"twitter:label1\" content=\"Written by\" \/>\n\t<meta name=\"twitter:data1\" content=\"Guest\" \/>\n\t<meta name=\"twitter:label2\" content=\"Est. reading time\" \/>\n\t<meta name=\"twitter:data2\" content=\"5 minutos\" \/>\n<script type=\"application\/ld+json\" class=\"yoast-schema-graph\">{\"@context\":\"https:\\\/\\\/schema.org\",\"@graph\":[{\"@type\":\"Article\",\"@id\":\"https:\\\/\\\/latamjournalismreview.org\\\/es\\\/articles\\\/sitio-del-diario-mexicano-el-manana-sufre-dos-ataques-ciberneticos\\\/#article\",\"isPartOf\":{\"@id\":\"https:\\\/\\\/latamjournalismreview.org\\\/es\\\/articles\\\/sitio-del-diario-mexicano-el-manana-sufre-dos-ataques-ciberneticos\\\/\"},\"author\":{\"name\":\"Guest\",\"@id\":\"https:\\\/\\\/latamjournalismreview.org\\\/es\\\/#\\\/schema\\\/person\\\/0315202e0b3c0963a2440f1c3012c360\"},\"headline\":\"Sitio del diario mexicano El Ma\u00f1ana sufre dos ataques cibern\u00e9ticos\",\"datePublished\":\"2013-05-14T19:26:04+00:00\",\"dateModified\":\"2021-10-16T14:36:26+00:00\",\"mainEntityOfPage\":{\"@id\":\"https:\\\/\\\/latamjournalismreview.org\\\/es\\\/articles\\\/sitio-del-diario-mexicano-el-manana-sufre-dos-ataques-ciberneticos\\\/\"},\"wordCount\":1071,\"publisher\":{\"@id\":\"https:\\\/\\\/latamjournalismreview.org\\\/es\\\/#organization\"},\"keywords\":[\"Amenazas contra periodistas\",\"Hostigamiento\",\"M\u00e9xico\"],\"articleSection\":[\"Violencia contra periodistas\"],\"inLanguage\":\"es\"},{\"@type\":\"WebPage\",\"@id\":\"https:\\\/\\\/latamjournalismreview.org\\\/es\\\/articles\\\/sitio-del-diario-mexicano-el-manana-sufre-dos-ataques-ciberneticos\\\/\",\"url\":\"https:\\\/\\\/latamjournalismreview.org\\\/es\\\/articles\\\/sitio-del-diario-mexicano-el-manana-sufre-dos-ataques-ciberneticos\\\/\",\"name\":\"Sitio del diario mexicano El Ma\u00f1ana sufre dos ataques cibern\u00e9ticos - LatAm Journalism Review\",\"isPartOf\":{\"@id\":\"https:\\\/\\\/latamjournalismreview.org\\\/es\\\/#website\"},\"datePublished\":\"2013-05-14T19:26:04+00:00\",\"dateModified\":\"2021-10-16T14:36:26+00:00\",\"description\":\"Sitio del diario mexicano El Ma\u00f1ana sufre dos ataques cibern\u00e9ticos Violencia contra periodistas. Latin American Journalism Review by The Knight Center at The University of Texas at Austin.\",\"breadcrumb\":{\"@id\":\"https:\\\/\\\/latamjournalismreview.org\\\/es\\\/articles\\\/sitio-del-diario-mexicano-el-manana-sufre-dos-ataques-ciberneticos\\\/#breadcrumb\"},\"inLanguage\":\"es\",\"potentialAction\":[{\"@type\":\"ReadAction\",\"target\":[\"https:\\\/\\\/latamjournalismreview.org\\\/es\\\/articles\\\/sitio-del-diario-mexicano-el-manana-sufre-dos-ataques-ciberneticos\\\/\"]}]},{\"@type\":\"BreadcrumbList\",\"@id\":\"https:\\\/\\\/latamjournalismreview.org\\\/es\\\/articles\\\/sitio-del-diario-mexicano-el-manana-sufre-dos-ataques-ciberneticos\\\/#breadcrumb\",\"itemListElement\":[{\"@type\":\"ListItem\",\"position\":1,\"name\":\"Home\",\"item\":\"https:\\\/\\\/latamjournalismreview.org\\\/es\\\/\"},{\"@type\":\"ListItem\",\"position\":2,\"name\":\"Sitio del diario mexicano El Ma\u00f1ana sufre dos ataques cibern\u00e9ticos\"}]},{\"@type\":\"WebSite\",\"@id\":\"https:\\\/\\\/latamjournalismreview.org\\\/es\\\/#website\",\"url\":\"https:\\\/\\\/latamjournalismreview.org\\\/es\\\/\",\"name\":\"LatAm Journalism Review\",\"description\":\"Knight Center at The University of Texas\",\"publisher\":{\"@id\":\"https:\\\/\\\/latamjournalismreview.org\\\/es\\\/#organization\"},\"potentialAction\":[{\"@type\":\"SearchAction\",\"target\":{\"@type\":\"EntryPoint\",\"urlTemplate\":\"https:\\\/\\\/latamjournalismreview.org\\\/es\\\/?s={search_term_string}\"},\"query-input\":{\"@type\":\"PropertyValueSpecification\",\"valueRequired\":true,\"valueName\":\"search_term_string\"}}],\"inLanguage\":\"es\"},{\"@type\":\"Organization\",\"@id\":\"https:\\\/\\\/latamjournalismreview.org\\\/es\\\/#organization\",\"name\":\"LatAm Journalism Review\",\"url\":\"https:\\\/\\\/latamjournalismreview.org\\\/es\\\/\",\"logo\":{\"@type\":\"ImageObject\",\"inLanguage\":\"es\",\"@id\":\"https:\\\/\\\/latamjournalismreview.org\\\/es\\\/#\\\/schema\\\/logo\\\/image\\\/\",\"url\":\"https:\\\/\\\/latamjournalismreview.org\\\/wp-content\\\/uploads\\\/2020\\\/05\\\/knight-latAm-review-logo.svg\",\"contentUrl\":\"https:\\\/\\\/latamjournalismreview.org\\\/wp-content\\\/uploads\\\/2020\\\/05\\\/knight-latAm-review-logo.svg\",\"width\":\"1024\",\"height\":\"1024\",\"caption\":\"LatAm Journalism Review\"},\"image\":{\"@id\":\"https:\\\/\\\/latamjournalismreview.org\\\/es\\\/#\\\/schema\\\/logo\\\/image\\\/\"},\"sameAs\":[\"https:\\\/\\\/x.com\\\/LatAmJournalism\"]},{\"@type\":\"Person\",\"@id\":\"https:\\\/\\\/latamjournalismreview.org\\\/es\\\/#\\\/schema\\\/person\\\/0315202e0b3c0963a2440f1c3012c360\",\"name\":\"Guest\",\"url\":\"https:\\\/\\\/latamjournalismreview.org\\\/es\\\/articles\\\/author\\\/guest\\\/\"}]}<\/script>\n<!-- \/ Yoast SEO Premium plugin. -->","yoast_head_json":{"title":"Sitio del diario mexicano El Ma\u00f1ana sufre dos ataques cibern\u00e9ticos - LatAm Journalism Review","description":"Sitio del diario mexicano El Ma\u00f1ana sufre dos ataques cibern\u00e9ticos Violencia contra periodistas. Latin American Journalism Review by The Knight Center at The University of Texas at Austin.","robots":{"index":"index","follow":"follow","max-snippet":"max-snippet:-1","max-image-preview":"max-image-preview:large","max-video-preview":"max-video-preview:-1"},"canonical":"https:\/\/latamjournalismreview.org\/es\/articles\/sitio-del-diario-mexicano-el-manana-sufre-dos-ataques-ciberneticos\/","og_locale":"es_ES","og_type":"article","og_title":"Sitio del diario mexicano El Ma\u00f1ana sufre dos ataques cibern\u00e9ticos","og_description":"Sitio del diario mexicano El Ma\u00f1ana sufre dos ataques cibern\u00e9ticos Violencia contra periodistas. Latin American Journalism Review by The Knight Center at The University of Texas at Austin.","og_url":"https:\/\/latamjournalismreview.org\/es\/articles\/sitio-del-diario-mexicano-el-manana-sufre-dos-ataques-ciberneticos\/","og_site_name":"LatAm Journalism Review","article_published_time":"2013-05-14T19:26:04+00:00","article_modified_time":"2021-10-16T14:36:26+00:00","author":"Guest","twitter_card":"summary_large_image","twitter_creator":"@LatAmJournalism","twitter_site":"@LatAmJournalism","twitter_misc":{"Written by":"Guest","Est. reading time":"5 minutos"},"schema":{"@context":"https:\/\/schema.org","@graph":[{"@type":"Article","@id":"https:\/\/latamjournalismreview.org\/es\/articles\/sitio-del-diario-mexicano-el-manana-sufre-dos-ataques-ciberneticos\/#article","isPartOf":{"@id":"https:\/\/latamjournalismreview.org\/es\/articles\/sitio-del-diario-mexicano-el-manana-sufre-dos-ataques-ciberneticos\/"},"author":{"name":"Guest","@id":"https:\/\/latamjournalismreview.org\/es\/#\/schema\/person\/0315202e0b3c0963a2440f1c3012c360"},"headline":"Sitio del diario mexicano El Ma\u00f1ana sufre dos ataques cibern\u00e9ticos","datePublished":"2013-05-14T19:26:04+00:00","dateModified":"2021-10-16T14:36:26+00:00","mainEntityOfPage":{"@id":"https:\/\/latamjournalismreview.org\/es\/articles\/sitio-del-diario-mexicano-el-manana-sufre-dos-ataques-ciberneticos\/"},"wordCount":1071,"publisher":{"@id":"https:\/\/latamjournalismreview.org\/es\/#organization"},"keywords":["Amenazas contra periodistas","Hostigamiento","M\u00e9xico"],"articleSection":["Violencia contra periodistas"],"inLanguage":"es"},{"@type":"WebPage","@id":"https:\/\/latamjournalismreview.org\/es\/articles\/sitio-del-diario-mexicano-el-manana-sufre-dos-ataques-ciberneticos\/","url":"https:\/\/latamjournalismreview.org\/es\/articles\/sitio-del-diario-mexicano-el-manana-sufre-dos-ataques-ciberneticos\/","name":"Sitio del diario mexicano El Ma\u00f1ana sufre dos ataques cibern\u00e9ticos - LatAm Journalism Review","isPartOf":{"@id":"https:\/\/latamjournalismreview.org\/es\/#website"},"datePublished":"2013-05-14T19:26:04+00:00","dateModified":"2021-10-16T14:36:26+00:00","description":"Sitio del diario mexicano El Ma\u00f1ana sufre dos ataques cibern\u00e9ticos Violencia contra periodistas. Latin American Journalism Review by The Knight Center at The University of Texas at Austin.","breadcrumb":{"@id":"https:\/\/latamjournalismreview.org\/es\/articles\/sitio-del-diario-mexicano-el-manana-sufre-dos-ataques-ciberneticos\/#breadcrumb"},"inLanguage":"es","potentialAction":[{"@type":"ReadAction","target":["https:\/\/latamjournalismreview.org\/es\/articles\/sitio-del-diario-mexicano-el-manana-sufre-dos-ataques-ciberneticos\/"]}]},{"@type":"BreadcrumbList","@id":"https:\/\/latamjournalismreview.org\/es\/articles\/sitio-del-diario-mexicano-el-manana-sufre-dos-ataques-ciberneticos\/#breadcrumb","itemListElement":[{"@type":"ListItem","position":1,"name":"Home","item":"https:\/\/latamjournalismreview.org\/es\/"},{"@type":"ListItem","position":2,"name":"Sitio del diario mexicano El Ma\u00f1ana sufre dos ataques cibern\u00e9ticos"}]},{"@type":"WebSite","@id":"https:\/\/latamjournalismreview.org\/es\/#website","url":"https:\/\/latamjournalismreview.org\/es\/","name":"LatAm Journalism Review","description":"Knight Center at The University of Texas","publisher":{"@id":"https:\/\/latamjournalismreview.org\/es\/#organization"},"potentialAction":[{"@type":"SearchAction","target":{"@type":"EntryPoint","urlTemplate":"https:\/\/latamjournalismreview.org\/es\/?s={search_term_string}"},"query-input":{"@type":"PropertyValueSpecification","valueRequired":true,"valueName":"search_term_string"}}],"inLanguage":"es"},{"@type":"Organization","@id":"https:\/\/latamjournalismreview.org\/es\/#organization","name":"LatAm Journalism Review","url":"https:\/\/latamjournalismreview.org\/es\/","logo":{"@type":"ImageObject","inLanguage":"es","@id":"https:\/\/latamjournalismreview.org\/es\/#\/schema\/logo\/image\/","url":"https:\/\/latamjournalismreview.org\/wp-content\/uploads\/2020\/05\/knight-latAm-review-logo.svg","contentUrl":"https:\/\/latamjournalismreview.org\/wp-content\/uploads\/2020\/05\/knight-latAm-review-logo.svg","width":"1024","height":"1024","caption":"LatAm Journalism Review"},"image":{"@id":"https:\/\/latamjournalismreview.org\/es\/#\/schema\/logo\/image\/"},"sameAs":["https:\/\/x.com\/LatAmJournalism"]},{"@type":"Person","@id":"https:\/\/latamjournalismreview.org\/es\/#\/schema\/person\/0315202e0b3c0963a2440f1c3012c360","name":"Guest","url":"https:\/\/latamjournalismreview.org\/es\/articles\/author\/guest\/"}]}},"_links":{"self":[{"href":"https:\/\/latamjournalismreview.org\/es\/wp-json\/wp\/v2\/posts\/37860","targetHints":{"allow":["GET"]}}],"collection":[{"href":"https:\/\/latamjournalismreview.org\/es\/wp-json\/wp\/v2\/posts"}],"about":[{"href":"https:\/\/latamjournalismreview.org\/es\/wp-json\/wp\/v2\/types\/post"}],"author":[{"embeddable":true,"href":"https:\/\/latamjournalismreview.org\/es\/wp-json\/wp\/v2\/users\/17"}],"replies":[{"embeddable":true,"href":"https:\/\/latamjournalismreview.org\/es\/wp-json\/wp\/v2\/comments?post=37860"}],"version-history":[{"count":1,"href":"https:\/\/latamjournalismreview.org\/es\/wp-json\/wp\/v2\/posts\/37860\/revisions"}],"predecessor-version":[{"id":37861,"href":"https:\/\/latamjournalismreview.org\/es\/wp-json\/wp\/v2\/posts\/37860\/revisions\/37861"}],"wp:attachment":[{"href":"https:\/\/latamjournalismreview.org\/es\/wp-json\/wp\/v2\/media?parent=37860"}],"wp:term":[{"taxonomy":"category","embeddable":true,"href":"https:\/\/latamjournalismreview.org\/es\/wp-json\/wp\/v2\/categories?post=37860"},{"taxonomy":"post_tag","embeddable":true,"href":"https:\/\/latamjournalismreview.org\/es\/wp-json\/wp\/v2\/tags?post=37860"},{"taxonomy":"author","embeddable":true,"href":"https:\/\/latamjournalismreview.org\/es\/wp-json\/wp\/v2\/coauthors?post=37860"}],"curies":[{"name":"wp","href":"https:\/\/api.w.org\/{rel}","templated":true}]}}