{"id":37934,"date":"2013-04-04T09:53:20","date_gmt":"2013-04-04T14:53:20","guid":{"rendered":"https:\/\/latamjournalismreview.org\/?p=37934"},"modified":"2021-10-17T09:54:40","modified_gmt":"2021-10-17T14:54:40","slug":"ipi-insta-a-las-autoridades-haitianas-investigar-si-crimen-de-periodista-esta-relacionado-con-su-labor-profesional","status":"publish","type":"post","link":"https:\/\/latamjournalismreview.org\/es\/articles\/ipi-insta-a-las-autoridades-haitianas-investigar-si-crimen-de-periodista-esta-relacionado-con-su-labor-profesional\/","title":{"rendered":"IPI insta a las autoridades haitianas investigar si crimen de periodista esta relacionado con su labor profesional"},"content":{"rendered":"<p><em>Por Zach Dyer<br \/>\n<\/em><\/p>\n<div>El Instituto Internacional de Prensa (IPI) le solicit\u00f3 a las autoridades haitianas considerar si la\u00a0<a href=\"http:\/\/www.freemedia.at\/press-room\/public-statements\/singleview\/article\/haitian-editor-in-chief-killed-in-drive-by-shooting.html\" target=\"_blank\" rel=\"noopener\">labor profesional del periodista Georges Henri Honorat, asesinado la semana pasada, est\u00e1n relacionadas con el crimen<\/a>, citando adem\u00e1s otros casos de periodistas agredidos por su trabajo en Hait\u00ed.<\/div>\n<div><\/div>\n<div>La semana pasada, la Associated Press inform\u00f3 que\u00a0<a href=\"http:\/\/www.washingtonpost.com\/world\/the_americas\/haiti-pm-government-aide-slain-outside-home-in-drive-by-by-masked-gunmen-on-motorcycle\/2013\/03\/25\/c9cef394-9597-11e2-95ca-dd43e7ffee9c_story.html\" target=\"_blank\" rel=\"noopener\">hombres armados le propinaron varios impactos con armas de fuego a Honorat, los cuales acabaron con su vida<\/a>, el periodista se desempe\u00f1aba como editor-jefe del reconocido diario haitiano\u00a0<a href=\"http:\/\/www.haitiprogres.com\/\" target=\"_blank\" rel=\"noopener\">Haiti Progres<\/a>. Los hechos se presentaron al frente de la casa de Honorat en Puerto Pr\u00edncipe, capit\u00e1l del pa\u00eds, el 23 de marzo, inform\u00f3 la AP.<\/div>\n<div><\/div>\n<div>El peri\u00f3dico hab\u00eda estado recibiendo amenazas an\u00f3nimas v\u00eda telef\u00f3nica antes del asesinato de Honorat. La AP inform\u00f3 que un colega del fallecido periodista atribuy\u00f3 el crimen a organizaciones criminales, pero no proporcion\u00f3 detalles al respecto.<\/div>\n<div><\/div>\n<div>Honorat era tambi\u00e9n colaborador del primer ministro de la naci\u00f3n caribe\u00f1a y Secretario General del Partido Popular Nacional, que se opuso a la dictadura de Duvalier.<\/div>\n<p><em>Nota del editor: Esta historia fue publicada originalmente en el blog Periodismo en las Am\u00e9ricas del Centro Knight, el predecesor de LatAm Journalism Review.<\/em><\/p>\n","protected":false},"excerpt":{"rendered":"<p>El Instituto Internacional de Prensa (IPI) le solicit\u00f3 a las autoridades haitianas considerar si la\u00a0labor profesional del periodista Georges Henri Honorat, asesinado la semana pasada, est\u00e1n relacionadas con el crimen, citando adem\u00e1s otros casos de periodistas agredidos por su trabajo en Hait\u00ed.<\/p>\n","protected":false},"author":17,"featured_media":0,"comment_status":"closed","ping_status":"closed","sticky":false,"template":"","format":"standard","meta":{"inline_featured_image":false,"footnotes":""},"categories":[1222],"tags":[1522,1479,1460],"coauthors":[],"class_list":["post-37934","post","type-post","status-publish","format-standard","hentry","category-violencia-contra-periodistas-es","tag-amenazas-contra-periodistas-es","tag-asesinato-de-periodistas-es","tag-haiti-es"],"acf":[],"yoast_head":"<!-- This site is optimized with the Yoast SEO Premium plugin v22.6 (Yoast SEO v27.4) - https:\/\/yoast.com\/product\/yoast-seo-premium-wordpress\/ -->\n<title>IPI insta a las autoridades haitianas investigar si crimen de periodista esta relacionado con su labor profesional - LatAm Journalism Review<\/title>\n<meta name=\"description\" content=\"IPI insta a las autoridades haitianas investigar si crimen de periodista esta relacionado con su labor profesional Violencia contra periodistas. Latin American Journalism Review by The Knight Center at The University of Texas at Austin.\" \/>\n<meta name=\"robots\" content=\"index, follow, max-snippet:-1, max-image-preview:large, max-video-preview:-1\" \/>\n<link rel=\"canonical\" href=\"https:\/\/latamjournalismreview.org\/es\/articles\/ipi-insta-a-las-autoridades-haitianas-investigar-si-crimen-de-periodista-esta-relacionado-con-su-labor-profesional\/\" \/>\n<meta property=\"og:locale\" content=\"es_ES\" \/>\n<meta property=\"og:type\" content=\"article\" \/>\n<meta property=\"og:title\" content=\"IPI insta a las autoridades haitianas investigar si crimen de periodista esta relacionado con su labor profesional\" \/>\n<meta property=\"og:description\" content=\"IPI insta a las autoridades haitianas investigar si crimen de periodista esta relacionado con su labor profesional Violencia contra periodistas. Latin American Journalism Review by The Knight Center at The University of Texas at Austin.\" \/>\n<meta property=\"og:url\" content=\"https:\/\/latamjournalismreview.org\/es\/articles\/ipi-insta-a-las-autoridades-haitianas-investigar-si-crimen-de-periodista-esta-relacionado-con-su-labor-profesional\/\" \/>\n<meta property=\"og:site_name\" content=\"LatAm Journalism Review\" \/>\n<meta property=\"article:published_time\" content=\"2013-04-04T14:53:20+00:00\" \/>\n<meta property=\"article:modified_time\" content=\"2021-10-17T14:54:40+00:00\" \/>\n<meta name=\"author\" content=\"Guest\" \/>\n<meta name=\"twitter:card\" content=\"summary_large_image\" \/>\n<meta name=\"twitter:creator\" content=\"@LatAmJournalism\" \/>\n<meta name=\"twitter:site\" content=\"@LatAmJournalism\" \/>\n<meta name=\"twitter:label1\" content=\"Written by\" \/>\n\t<meta name=\"twitter:data1\" content=\"Guest\" \/>\n\t<meta name=\"twitter:label2\" content=\"Est. reading time\" \/>\n\t<meta name=\"twitter:data2\" content=\"1 minuto\" \/>\n<script type=\"application\/ld+json\" class=\"yoast-schema-graph\">{\"@context\":\"https:\\\/\\\/schema.org\",\"@graph\":[{\"@type\":\"Article\",\"@id\":\"https:\\\/\\\/latamjournalismreview.org\\\/es\\\/articles\\\/ipi-insta-a-las-autoridades-haitianas-investigar-si-crimen-de-periodista-esta-relacionado-con-su-labor-profesional\\\/#article\",\"isPartOf\":{\"@id\":\"https:\\\/\\\/latamjournalismreview.org\\\/es\\\/articles\\\/ipi-insta-a-las-autoridades-haitianas-investigar-si-crimen-de-periodista-esta-relacionado-con-su-labor-profesional\\\/\"},\"author\":{\"name\":\"Guest\",\"@id\":\"https:\\\/\\\/latamjournalismreview.org\\\/es\\\/#\\\/schema\\\/person\\\/0315202e0b3c0963a2440f1c3012c360\"},\"headline\":\"IPI insta a las autoridades haitianas investigar si crimen de periodista esta relacionado con su labor profesional\",\"datePublished\":\"2013-04-04T14:53:20+00:00\",\"dateModified\":\"2021-10-17T14:54:40+00:00\",\"mainEntityOfPage\":{\"@id\":\"https:\\\/\\\/latamjournalismreview.org\\\/es\\\/articles\\\/ipi-insta-a-las-autoridades-haitianas-investigar-si-crimen-de-periodista-esta-relacionado-con-su-labor-profesional\\\/\"},\"wordCount\":224,\"publisher\":{\"@id\":\"https:\\\/\\\/latamjournalismreview.org\\\/es\\\/#organization\"},\"keywords\":[\"Amenazas contra periodistas\",\"Asesinato de periodista\",\"Hait\u00ed\"],\"articleSection\":[\"Violencia contra periodistas\"],\"inLanguage\":\"es\"},{\"@type\":\"WebPage\",\"@id\":\"https:\\\/\\\/latamjournalismreview.org\\\/es\\\/articles\\\/ipi-insta-a-las-autoridades-haitianas-investigar-si-crimen-de-periodista-esta-relacionado-con-su-labor-profesional\\\/\",\"url\":\"https:\\\/\\\/latamjournalismreview.org\\\/es\\\/articles\\\/ipi-insta-a-las-autoridades-haitianas-investigar-si-crimen-de-periodista-esta-relacionado-con-su-labor-profesional\\\/\",\"name\":\"IPI insta a las autoridades haitianas investigar si crimen de periodista esta relacionado con su labor profesional - LatAm Journalism Review\",\"isPartOf\":{\"@id\":\"https:\\\/\\\/latamjournalismreview.org\\\/es\\\/#website\"},\"datePublished\":\"2013-04-04T14:53:20+00:00\",\"dateModified\":\"2021-10-17T14:54:40+00:00\",\"description\":\"IPI insta a las autoridades haitianas investigar si crimen de periodista esta relacionado con su labor profesional Violencia contra periodistas. Latin American Journalism Review by The Knight Center at The University of Texas at Austin.\",\"breadcrumb\":{\"@id\":\"https:\\\/\\\/latamjournalismreview.org\\\/es\\\/articles\\\/ipi-insta-a-las-autoridades-haitianas-investigar-si-crimen-de-periodista-esta-relacionado-con-su-labor-profesional\\\/#breadcrumb\"},\"inLanguage\":\"es\",\"potentialAction\":[{\"@type\":\"ReadAction\",\"target\":[\"https:\\\/\\\/latamjournalismreview.org\\\/es\\\/articles\\\/ipi-insta-a-las-autoridades-haitianas-investigar-si-crimen-de-periodista-esta-relacionado-con-su-labor-profesional\\\/\"]}]},{\"@type\":\"BreadcrumbList\",\"@id\":\"https:\\\/\\\/latamjournalismreview.org\\\/es\\\/articles\\\/ipi-insta-a-las-autoridades-haitianas-investigar-si-crimen-de-periodista-esta-relacionado-con-su-labor-profesional\\\/#breadcrumb\",\"itemListElement\":[{\"@type\":\"ListItem\",\"position\":1,\"name\":\"Home\",\"item\":\"https:\\\/\\\/latamjournalismreview.org\\\/es\\\/\"},{\"@type\":\"ListItem\",\"position\":2,\"name\":\"IPI insta a las autoridades haitianas investigar si crimen de periodista esta relacionado con su labor profesional\"}]},{\"@type\":\"WebSite\",\"@id\":\"https:\\\/\\\/latamjournalismreview.org\\\/es\\\/#website\",\"url\":\"https:\\\/\\\/latamjournalismreview.org\\\/es\\\/\",\"name\":\"LatAm Journalism Review\",\"description\":\"Knight Center at The University of Texas\",\"publisher\":{\"@id\":\"https:\\\/\\\/latamjournalismreview.org\\\/es\\\/#organization\"},\"potentialAction\":[{\"@type\":\"SearchAction\",\"target\":{\"@type\":\"EntryPoint\",\"urlTemplate\":\"https:\\\/\\\/latamjournalismreview.org\\\/es\\\/?s={search_term_string}\"},\"query-input\":{\"@type\":\"PropertyValueSpecification\",\"valueRequired\":true,\"valueName\":\"search_term_string\"}}],\"inLanguage\":\"es\"},{\"@type\":\"Organization\",\"@id\":\"https:\\\/\\\/latamjournalismreview.org\\\/es\\\/#organization\",\"name\":\"LatAm Journalism Review\",\"url\":\"https:\\\/\\\/latamjournalismreview.org\\\/es\\\/\",\"logo\":{\"@type\":\"ImageObject\",\"inLanguage\":\"es\",\"@id\":\"https:\\\/\\\/latamjournalismreview.org\\\/es\\\/#\\\/schema\\\/logo\\\/image\\\/\",\"url\":\"https:\\\/\\\/latamjournalismreview.org\\\/wp-content\\\/uploads\\\/2020\\\/05\\\/knight-latAm-review-logo.svg\",\"contentUrl\":\"https:\\\/\\\/latamjournalismreview.org\\\/wp-content\\\/uploads\\\/2020\\\/05\\\/knight-latAm-review-logo.svg\",\"width\":\"1024\",\"height\":\"1024\",\"caption\":\"LatAm Journalism Review\"},\"image\":{\"@id\":\"https:\\\/\\\/latamjournalismreview.org\\\/es\\\/#\\\/schema\\\/logo\\\/image\\\/\"},\"sameAs\":[\"https:\\\/\\\/x.com\\\/LatAmJournalism\"]},{\"@type\":\"Person\",\"@id\":\"https:\\\/\\\/latamjournalismreview.org\\\/es\\\/#\\\/schema\\\/person\\\/0315202e0b3c0963a2440f1c3012c360\",\"name\":\"Guest\",\"url\":\"https:\\\/\\\/latamjournalismreview.org\\\/es\\\/articles\\\/author\\\/guest\\\/\"}]}<\/script>\n<!-- \/ Yoast SEO Premium plugin. -->","yoast_head_json":{"title":"IPI insta a las autoridades haitianas investigar si crimen de periodista esta relacionado con su labor profesional - LatAm Journalism Review","description":"IPI insta a las autoridades haitianas investigar si crimen de periodista esta relacionado con su labor profesional Violencia contra periodistas. Latin American Journalism Review by The Knight Center at The University of Texas at Austin.","robots":{"index":"index","follow":"follow","max-snippet":"max-snippet:-1","max-image-preview":"max-image-preview:large","max-video-preview":"max-video-preview:-1"},"canonical":"https:\/\/latamjournalismreview.org\/es\/articles\/ipi-insta-a-las-autoridades-haitianas-investigar-si-crimen-de-periodista-esta-relacionado-con-su-labor-profesional\/","og_locale":"es_ES","og_type":"article","og_title":"IPI insta a las autoridades haitianas investigar si crimen de periodista esta relacionado con su labor profesional","og_description":"IPI insta a las autoridades haitianas investigar si crimen de periodista esta relacionado con su labor profesional Violencia contra periodistas. Latin American Journalism Review by The Knight Center at The University of Texas at Austin.","og_url":"https:\/\/latamjournalismreview.org\/es\/articles\/ipi-insta-a-las-autoridades-haitianas-investigar-si-crimen-de-periodista-esta-relacionado-con-su-labor-profesional\/","og_site_name":"LatAm Journalism Review","article_published_time":"2013-04-04T14:53:20+00:00","article_modified_time":"2021-10-17T14:54:40+00:00","author":"Guest","twitter_card":"summary_large_image","twitter_creator":"@LatAmJournalism","twitter_site":"@LatAmJournalism","twitter_misc":{"Written by":"Guest","Est. reading time":"1 minuto"},"schema":{"@context":"https:\/\/schema.org","@graph":[{"@type":"Article","@id":"https:\/\/latamjournalismreview.org\/es\/articles\/ipi-insta-a-las-autoridades-haitianas-investigar-si-crimen-de-periodista-esta-relacionado-con-su-labor-profesional\/#article","isPartOf":{"@id":"https:\/\/latamjournalismreview.org\/es\/articles\/ipi-insta-a-las-autoridades-haitianas-investigar-si-crimen-de-periodista-esta-relacionado-con-su-labor-profesional\/"},"author":{"name":"Guest","@id":"https:\/\/latamjournalismreview.org\/es\/#\/schema\/person\/0315202e0b3c0963a2440f1c3012c360"},"headline":"IPI insta a las autoridades haitianas investigar si crimen de periodista esta relacionado con su labor profesional","datePublished":"2013-04-04T14:53:20+00:00","dateModified":"2021-10-17T14:54:40+00:00","mainEntityOfPage":{"@id":"https:\/\/latamjournalismreview.org\/es\/articles\/ipi-insta-a-las-autoridades-haitianas-investigar-si-crimen-de-periodista-esta-relacionado-con-su-labor-profesional\/"},"wordCount":224,"publisher":{"@id":"https:\/\/latamjournalismreview.org\/es\/#organization"},"keywords":["Amenazas contra periodistas","Asesinato de periodista","Hait\u00ed"],"articleSection":["Violencia contra periodistas"],"inLanguage":"es"},{"@type":"WebPage","@id":"https:\/\/latamjournalismreview.org\/es\/articles\/ipi-insta-a-las-autoridades-haitianas-investigar-si-crimen-de-periodista-esta-relacionado-con-su-labor-profesional\/","url":"https:\/\/latamjournalismreview.org\/es\/articles\/ipi-insta-a-las-autoridades-haitianas-investigar-si-crimen-de-periodista-esta-relacionado-con-su-labor-profesional\/","name":"IPI insta a las autoridades haitianas investigar si crimen de periodista esta relacionado con su labor profesional - LatAm Journalism Review","isPartOf":{"@id":"https:\/\/latamjournalismreview.org\/es\/#website"},"datePublished":"2013-04-04T14:53:20+00:00","dateModified":"2021-10-17T14:54:40+00:00","description":"IPI insta a las autoridades haitianas investigar si crimen de periodista esta relacionado con su labor profesional Violencia contra periodistas. Latin American Journalism Review by The Knight Center at The University of Texas at Austin.","breadcrumb":{"@id":"https:\/\/latamjournalismreview.org\/es\/articles\/ipi-insta-a-las-autoridades-haitianas-investigar-si-crimen-de-periodista-esta-relacionado-con-su-labor-profesional\/#breadcrumb"},"inLanguage":"es","potentialAction":[{"@type":"ReadAction","target":["https:\/\/latamjournalismreview.org\/es\/articles\/ipi-insta-a-las-autoridades-haitianas-investigar-si-crimen-de-periodista-esta-relacionado-con-su-labor-profesional\/"]}]},{"@type":"BreadcrumbList","@id":"https:\/\/latamjournalismreview.org\/es\/articles\/ipi-insta-a-las-autoridades-haitianas-investigar-si-crimen-de-periodista-esta-relacionado-con-su-labor-profesional\/#breadcrumb","itemListElement":[{"@type":"ListItem","position":1,"name":"Home","item":"https:\/\/latamjournalismreview.org\/es\/"},{"@type":"ListItem","position":2,"name":"IPI insta a las autoridades haitianas investigar si crimen de periodista esta relacionado con su labor profesional"}]},{"@type":"WebSite","@id":"https:\/\/latamjournalismreview.org\/es\/#website","url":"https:\/\/latamjournalismreview.org\/es\/","name":"LatAm Journalism Review","description":"Knight Center at The University of Texas","publisher":{"@id":"https:\/\/latamjournalismreview.org\/es\/#organization"},"potentialAction":[{"@type":"SearchAction","target":{"@type":"EntryPoint","urlTemplate":"https:\/\/latamjournalismreview.org\/es\/?s={search_term_string}"},"query-input":{"@type":"PropertyValueSpecification","valueRequired":true,"valueName":"search_term_string"}}],"inLanguage":"es"},{"@type":"Organization","@id":"https:\/\/latamjournalismreview.org\/es\/#organization","name":"LatAm Journalism Review","url":"https:\/\/latamjournalismreview.org\/es\/","logo":{"@type":"ImageObject","inLanguage":"es","@id":"https:\/\/latamjournalismreview.org\/es\/#\/schema\/logo\/image\/","url":"https:\/\/latamjournalismreview.org\/wp-content\/uploads\/2020\/05\/knight-latAm-review-logo.svg","contentUrl":"https:\/\/latamjournalismreview.org\/wp-content\/uploads\/2020\/05\/knight-latAm-review-logo.svg","width":"1024","height":"1024","caption":"LatAm Journalism Review"},"image":{"@id":"https:\/\/latamjournalismreview.org\/es\/#\/schema\/logo\/image\/"},"sameAs":["https:\/\/x.com\/LatAmJournalism"]},{"@type":"Person","@id":"https:\/\/latamjournalismreview.org\/es\/#\/schema\/person\/0315202e0b3c0963a2440f1c3012c360","name":"Guest","url":"https:\/\/latamjournalismreview.org\/es\/articles\/author\/guest\/"}]}},"_links":{"self":[{"href":"https:\/\/latamjournalismreview.org\/es\/wp-json\/wp\/v2\/posts\/37934","targetHints":{"allow":["GET"]}}],"collection":[{"href":"https:\/\/latamjournalismreview.org\/es\/wp-json\/wp\/v2\/posts"}],"about":[{"href":"https:\/\/latamjournalismreview.org\/es\/wp-json\/wp\/v2\/types\/post"}],"author":[{"embeddable":true,"href":"https:\/\/latamjournalismreview.org\/es\/wp-json\/wp\/v2\/users\/17"}],"replies":[{"embeddable":true,"href":"https:\/\/latamjournalismreview.org\/es\/wp-json\/wp\/v2\/comments?post=37934"}],"version-history":[{"count":1,"href":"https:\/\/latamjournalismreview.org\/es\/wp-json\/wp\/v2\/posts\/37934\/revisions"}],"predecessor-version":[{"id":37937,"href":"https:\/\/latamjournalismreview.org\/es\/wp-json\/wp\/v2\/posts\/37934\/revisions\/37937"}],"wp:attachment":[{"href":"https:\/\/latamjournalismreview.org\/es\/wp-json\/wp\/v2\/media?parent=37934"}],"wp:term":[{"taxonomy":"category","embeddable":true,"href":"https:\/\/latamjournalismreview.org\/es\/wp-json\/wp\/v2\/categories?post=37934"},{"taxonomy":"post_tag","embeddable":true,"href":"https:\/\/latamjournalismreview.org\/es\/wp-json\/wp\/v2\/tags?post=37934"},{"taxonomy":"author","embeddable":true,"href":"https:\/\/latamjournalismreview.org\/es\/wp-json\/wp\/v2\/coauthors?post=37934"}],"curies":[{"name":"wp","href":"https:\/\/api.w.org\/{rel}","templated":true}]}}