{"id":38677,"date":"2013-12-16T19:44:58","date_gmt":"2013-12-17T00:44:58","guid":{"rendered":"https:\/\/latamjournalismreview.org\/?p=38677"},"modified":"2021-10-20T17:22:09","modified_gmt":"2021-10-20T22:22:09","slug":"la-mayoria-de-los-ataques-contra-periodistas-durante-protestas-en-brasil-fueron-intencionales-segun-analisis","status":"publish","type":"post","link":"https:\/\/latamjournalismreview.org\/es\/articles\/la-mayoria-de-los-ataques-contra-periodistas-durante-protestas-en-brasil-fueron-intencionales-segun-analisis\/","title":{"rendered":"La mayor\u00eda de los ataques contra periodistas durante protestas en Brasil fueron intencionales, seg\u00fan an\u00e1lisis"},"content":{"rendered":"<p>En un an\u00e1lisis publicado el 12 de diciembre, la\u00a0<a href=\"http:\/\/www.abraji.org.br\/\">Asociaci\u00f3n Brasile\u00f1a de Periodismo Investigativo<\/a> (Abraji) afirm\u00f3 que <a href=\"http:\/\/www.abraji.org.br\/?id=90&amp;id_noticia=2687\">70 de los 113 casos de agresiones contra periodistas ocurridos en Brasil durante las protestas que comenzaron en junio de este a\u00f1o fueron intencionales<\/a>; es decir, que se realizaron despu\u00e9s de que las v\u00edctimas se identificaron como profesionales de la prensa.<\/p>\n<p>Para el presidente de la organizaci\u00f3n, Marcelo Moreira, las cifras muestran un retroceso en la libertad de prensa. \"Cuando impiden que un periodista haga su trabajo, est\u00e1n impidiendo que la sociedad tenga acceso a la informaci\u00f3n, lo que se traduce a una realidad muy ruin para nuestro pa\u00eds\", afirm\u00f3.<\/p>\n<p>Las agresiones analizadas ocurrieron entre el 11 de junio y el mes de octubre. Entre los casos hubo incidentes de intimidaci\u00f3n, violencia f\u00edsica, intento de atropello, ataques de perros polic\u00edas, hurto o da\u00f1o a equipo period\u00edstico (sin incluir veh\u00edculos o edificios de medios de comunicaci\u00f3n), y encarcelaci\u00f3n.<\/p>\n<p>Abraji ha estado en contacto desde noviembre con las v\u00edctimas para verificar si las agresiones que sufrieron fueron deliberadas o no. Solo en 21 casos no fue posible localizar al periodista agredido o no hubo respuesta a la solicitud de Abraji. Uno de los reporteros localizados no supo decir si la agresi\u00f3n fue intencional o no. Restando esos 22 casos, el n\u00famero de casos analizados se redujo a 91 agresiones, de las cuales 70 (el 77%) fueron deliberadas.<\/p>\n<p>Entre estos 70 ataques, las <a href=\"https:\/\/knightcenter.utexas.edu\/pt-br\/blog\/00-14382-policiais-e-manifestantes-agridem-20-jornalistas-em-protestos-no-dia-da-independencia-\">fuerzas de seguridad fueron responsables por 55; es decir, 80% de las veces<\/a>. Las dem\u00e1s agresiones provinieron de\u00a0<a href=\"https:\/\/knightcenter.utexas.edu\/pt-br\/blog\/00-14102-protestos-no-brasil-acendem-debate-sobre-qualidade-da-cobertura-da-grande-midia\">manifestantes insatisfechos con la cobertura de los medios masivos<\/a>.\u00a0Durante las manifestaciones se escucharon frecuentemente gritos de \"abajo con la Red Globo (la empresa de medios m\u00e1s grande del pa\u00eds)\" y varios reporteros de los medios masivos fueron agredidos o insultados.<\/p>\n<p>En la ciudad de S\u00e3o Paulo, solamente durante el 13 de junio fueron registrados 14 ataques, todos por parte de la Polic\u00eda Militar. Ese d\u00eda <a href=\"https:\/\/knightcenter.utexas.edu\/pt-br\/blog\/00-14046-jornalistas-sao-agredidos-e-detidos-durante-protestos-por-reducao-de-tarifas-de-onibus\">los periodistas\u00a0Giuliana Vallone, de TV Folha, y S\u00e9rgio Silva, de Futurapress, fueron heridos con balas de goma en el rostro<\/a>. Silva perdi\u00f3 la vista en uno de sus ojos.<\/p>\n<p>Mientras tanto,<a href=\"https:\/\/knightcenter.utexas.edu\/pt-br\/blog\/00-14186-jornalistas-sao-agredidos-e-detidos-pela-policia-militar-durante-protesto-no-rio-de-ja\"> R\u00edo de Janeiro tuvo sus d\u00edas m\u00e1s violentos\u00a0<\/a>el 7 de septiembre, con tres agresiones registradas, y el 18 de octubre, cuando algunos manifestantes atacaron a tres reporteros cerca del barrio de Bangu.<\/p>\n<p><em>Nota del editor: Esta historia fue publicada originalmente en el blog Periodismo en las Am\u00e9ricas del Centro Knight, el predecesor de LatAm Journalism Review.<\/em><\/p>\n","protected":false},"excerpt":{"rendered":"<p>En un an\u00e1lisis publicado el 12 de diciembre, la\u00a0Asociaci\u00f3n Brasile\u00f1a de Periodismo Investigativo (Abraji) afirm\u00f3 que 70 de los 113 casos de agresiones contra periodistas ocurridos en Brasil durante las protestas que comenzaron en junio de este a\u00f1o fueron intencionales.<\/p>\n","protected":false},"author":42,"featured_media":0,"comment_status":"closed","ping_status":"closed","sticky":false,"template":"","format":"standard","meta":{"inline_featured_image":false,"footnotes":""},"categories":[1222],"tags":[],"coauthors":[],"class_list":["post-38677","post","type-post","status-publish","format-standard","hentry","category-violencia-contra-periodistas-es"],"acf":[],"yoast_head":"<!-- This site is optimized with the Yoast SEO Premium plugin v22.6 (Yoast SEO v27.4) - https:\/\/yoast.com\/product\/yoast-seo-premium-wordpress\/ -->\n<title>La mayor\u00eda de los ataques contra periodistas durante protestas en Brasil fueron intencionales, seg\u00fan an\u00e1lisis - LatAm Journalism Review<\/title>\n<meta name=\"description\" content=\"La mayor\u00eda de los ataques contra periodistas durante protestas en Brasil fueron intencionales, seg\u00fan an\u00e1lisis Violencia contra periodistas. Latin American Journalism Review by The Knight Center at The University of Texas at Austin.\" \/>\n<meta name=\"robots\" content=\"index, follow, max-snippet:-1, max-image-preview:large, max-video-preview:-1\" \/>\n<link rel=\"canonical\" href=\"https:\/\/latamjournalismreview.org\/es\/articles\/la-mayoria-de-los-ataques-contra-periodistas-durante-protestas-en-brasil-fueron-intencionales-segun-analisis\/\" \/>\n<meta property=\"og:locale\" content=\"es_ES\" \/>\n<meta property=\"og:type\" content=\"article\" \/>\n<meta property=\"og:title\" content=\"La mayor\u00eda de los ataques contra periodistas durante protestas en Brasil fueron intencionales, seg\u00fan an\u00e1lisis\" \/>\n<meta property=\"og:description\" content=\"La mayor\u00eda de los ataques contra periodistas durante protestas en Brasil fueron intencionales, seg\u00fan an\u00e1lisis Violencia contra periodistas. Latin American Journalism Review by The Knight Center at The University of Texas at Austin.\" \/>\n<meta property=\"og:url\" content=\"https:\/\/latamjournalismreview.org\/es\/articles\/la-mayoria-de-los-ataques-contra-periodistas-durante-protestas-en-brasil-fueron-intencionales-segun-analisis\/\" \/>\n<meta property=\"og:site_name\" content=\"LatAm Journalism Review\" \/>\n<meta property=\"article:published_time\" content=\"2013-12-17T00:44:58+00:00\" \/>\n<meta property=\"article:modified_time\" content=\"2021-10-20T22:22:09+00:00\" \/>\n<meta name=\"author\" content=\"Natalia Mazotte\" \/>\n<meta name=\"twitter:card\" content=\"summary_large_image\" \/>\n<meta name=\"twitter:creator\" content=\"@LatAmJournalism\" \/>\n<meta name=\"twitter:site\" content=\"@LatAmJournalism\" \/>\n<meta name=\"twitter:label1\" content=\"Written by\" \/>\n\t<meta name=\"twitter:data1\" content=\"Natalia Mazotte\" \/>\n\t<meta name=\"twitter:label2\" content=\"Est. reading time\" \/>\n\t<meta name=\"twitter:data2\" content=\"2 minutos\" \/>\n<script type=\"application\/ld+json\" class=\"yoast-schema-graph\">{\"@context\":\"https:\\\/\\\/schema.org\",\"@graph\":[{\"@type\":\"Article\",\"@id\":\"https:\\\/\\\/latamjournalismreview.org\\\/es\\\/articles\\\/la-mayoria-de-los-ataques-contra-periodistas-durante-protestas-en-brasil-fueron-intencionales-segun-analisis\\\/#article\",\"isPartOf\":{\"@id\":\"https:\\\/\\\/latamjournalismreview.org\\\/es\\\/articles\\\/la-mayoria-de-los-ataques-contra-periodistas-durante-protestas-en-brasil-fueron-intencionales-segun-analisis\\\/\"},\"author\":{\"name\":\"Natalia Mazotte\",\"@id\":\"https:\\\/\\\/latamjournalismreview.org\\\/es\\\/#\\\/schema\\\/person\\\/747457e530d741a9d192f00c32c7f884\"},\"headline\":\"La mayor\u00eda de los ataques contra periodistas durante protestas en Brasil fueron intencionales, seg\u00fan an\u00e1lisis\",\"datePublished\":\"2013-12-17T00:44:58+00:00\",\"dateModified\":\"2021-10-20T22:22:09+00:00\",\"mainEntityOfPage\":{\"@id\":\"https:\\\/\\\/latamjournalismreview.org\\\/es\\\/articles\\\/la-mayoria-de-los-ataques-contra-periodistas-durante-protestas-en-brasil-fueron-intencionales-segun-analisis\\\/\"},\"wordCount\":444,\"publisher\":{\"@id\":\"https:\\\/\\\/latamjournalismreview.org\\\/es\\\/#organization\"},\"articleSection\":[\"Violencia contra periodistas\"],\"inLanguage\":\"es\"},{\"@type\":\"WebPage\",\"@id\":\"https:\\\/\\\/latamjournalismreview.org\\\/es\\\/articles\\\/la-mayoria-de-los-ataques-contra-periodistas-durante-protestas-en-brasil-fueron-intencionales-segun-analisis\\\/\",\"url\":\"https:\\\/\\\/latamjournalismreview.org\\\/es\\\/articles\\\/la-mayoria-de-los-ataques-contra-periodistas-durante-protestas-en-brasil-fueron-intencionales-segun-analisis\\\/\",\"name\":\"La mayor\u00eda de los ataques contra periodistas durante protestas en Brasil fueron intencionales, seg\u00fan an\u00e1lisis - LatAm Journalism Review\",\"isPartOf\":{\"@id\":\"https:\\\/\\\/latamjournalismreview.org\\\/es\\\/#website\"},\"datePublished\":\"2013-12-17T00:44:58+00:00\",\"dateModified\":\"2021-10-20T22:22:09+00:00\",\"description\":\"La mayor\u00eda de los ataques contra periodistas durante protestas en Brasil fueron intencionales, seg\u00fan an\u00e1lisis Violencia contra periodistas. Latin American Journalism Review by The Knight Center at The University of Texas at Austin.\",\"breadcrumb\":{\"@id\":\"https:\\\/\\\/latamjournalismreview.org\\\/es\\\/articles\\\/la-mayoria-de-los-ataques-contra-periodistas-durante-protestas-en-brasil-fueron-intencionales-segun-analisis\\\/#breadcrumb\"},\"inLanguage\":\"es\",\"potentialAction\":[{\"@type\":\"ReadAction\",\"target\":[\"https:\\\/\\\/latamjournalismreview.org\\\/es\\\/articles\\\/la-mayoria-de-los-ataques-contra-periodistas-durante-protestas-en-brasil-fueron-intencionales-segun-analisis\\\/\"]}]},{\"@type\":\"BreadcrumbList\",\"@id\":\"https:\\\/\\\/latamjournalismreview.org\\\/es\\\/articles\\\/la-mayoria-de-los-ataques-contra-periodistas-durante-protestas-en-brasil-fueron-intencionales-segun-analisis\\\/#breadcrumb\",\"itemListElement\":[{\"@type\":\"ListItem\",\"position\":1,\"name\":\"Home\",\"item\":\"https:\\\/\\\/latamjournalismreview.org\\\/es\\\/\"},{\"@type\":\"ListItem\",\"position\":2,\"name\":\"La mayor\u00eda de los ataques contra periodistas durante protestas en Brasil fueron intencionales, seg\u00fan an\u00e1lisis\"}]},{\"@type\":\"WebSite\",\"@id\":\"https:\\\/\\\/latamjournalismreview.org\\\/es\\\/#website\",\"url\":\"https:\\\/\\\/latamjournalismreview.org\\\/es\\\/\",\"name\":\"LatAm Journalism Review\",\"description\":\"Knight Center at The University of Texas\",\"publisher\":{\"@id\":\"https:\\\/\\\/latamjournalismreview.org\\\/es\\\/#organization\"},\"potentialAction\":[{\"@type\":\"SearchAction\",\"target\":{\"@type\":\"EntryPoint\",\"urlTemplate\":\"https:\\\/\\\/latamjournalismreview.org\\\/es\\\/?s={search_term_string}\"},\"query-input\":{\"@type\":\"PropertyValueSpecification\",\"valueRequired\":true,\"valueName\":\"search_term_string\"}}],\"inLanguage\":\"es\"},{\"@type\":\"Organization\",\"@id\":\"https:\\\/\\\/latamjournalismreview.org\\\/es\\\/#organization\",\"name\":\"LatAm Journalism Review\",\"url\":\"https:\\\/\\\/latamjournalismreview.org\\\/es\\\/\",\"logo\":{\"@type\":\"ImageObject\",\"inLanguage\":\"es\",\"@id\":\"https:\\\/\\\/latamjournalismreview.org\\\/es\\\/#\\\/schema\\\/logo\\\/image\\\/\",\"url\":\"https:\\\/\\\/latamjournalismreview.org\\\/wp-content\\\/uploads\\\/2020\\\/05\\\/knight-latAm-review-logo.svg\",\"contentUrl\":\"https:\\\/\\\/latamjournalismreview.org\\\/wp-content\\\/uploads\\\/2020\\\/05\\\/knight-latAm-review-logo.svg\",\"width\":\"1024\",\"height\":\"1024\",\"caption\":\"LatAm Journalism Review\"},\"image\":{\"@id\":\"https:\\\/\\\/latamjournalismreview.org\\\/es\\\/#\\\/schema\\\/logo\\\/image\\\/\"},\"sameAs\":[\"https:\\\/\\\/x.com\\\/LatAmJournalism\"]},{\"@type\":\"Person\",\"@id\":\"https:\\\/\\\/latamjournalismreview.org\\\/es\\\/#\\\/schema\\\/person\\\/747457e530d741a9d192f00c32c7f884\",\"name\":\"Natalia Mazotte\",\"url\":\"https:\\\/\\\/latamjournalismreview.org\\\/es\\\/articles\\\/author\\\/natalia-mazotte\\\/\"}]}<\/script>\n<!-- \/ Yoast SEO Premium plugin. -->","yoast_head_json":{"title":"La mayor\u00eda de los ataques contra periodistas durante protestas en Brasil fueron intencionales, seg\u00fan an\u00e1lisis - LatAm Journalism Review","description":"La mayor\u00eda de los ataques contra periodistas durante protestas en Brasil fueron intencionales, seg\u00fan an\u00e1lisis Violencia contra periodistas. Latin American Journalism Review by The Knight Center at The University of Texas at Austin.","robots":{"index":"index","follow":"follow","max-snippet":"max-snippet:-1","max-image-preview":"max-image-preview:large","max-video-preview":"max-video-preview:-1"},"canonical":"https:\/\/latamjournalismreview.org\/es\/articles\/la-mayoria-de-los-ataques-contra-periodistas-durante-protestas-en-brasil-fueron-intencionales-segun-analisis\/","og_locale":"es_ES","og_type":"article","og_title":"La mayor\u00eda de los ataques contra periodistas durante protestas en Brasil fueron intencionales, seg\u00fan an\u00e1lisis","og_description":"La mayor\u00eda de los ataques contra periodistas durante protestas en Brasil fueron intencionales, seg\u00fan an\u00e1lisis Violencia contra periodistas. Latin American Journalism Review by The Knight Center at The University of Texas at Austin.","og_url":"https:\/\/latamjournalismreview.org\/es\/articles\/la-mayoria-de-los-ataques-contra-periodistas-durante-protestas-en-brasil-fueron-intencionales-segun-analisis\/","og_site_name":"LatAm Journalism Review","article_published_time":"2013-12-17T00:44:58+00:00","article_modified_time":"2021-10-20T22:22:09+00:00","author":"Natalia Mazotte","twitter_card":"summary_large_image","twitter_creator":"@LatAmJournalism","twitter_site":"@LatAmJournalism","twitter_misc":{"Written by":"Natalia Mazotte","Est. reading time":"2 minutos"},"schema":{"@context":"https:\/\/schema.org","@graph":[{"@type":"Article","@id":"https:\/\/latamjournalismreview.org\/es\/articles\/la-mayoria-de-los-ataques-contra-periodistas-durante-protestas-en-brasil-fueron-intencionales-segun-analisis\/#article","isPartOf":{"@id":"https:\/\/latamjournalismreview.org\/es\/articles\/la-mayoria-de-los-ataques-contra-periodistas-durante-protestas-en-brasil-fueron-intencionales-segun-analisis\/"},"author":{"name":"Natalia Mazotte","@id":"https:\/\/latamjournalismreview.org\/es\/#\/schema\/person\/747457e530d741a9d192f00c32c7f884"},"headline":"La mayor\u00eda de los ataques contra periodistas durante protestas en Brasil fueron intencionales, seg\u00fan an\u00e1lisis","datePublished":"2013-12-17T00:44:58+00:00","dateModified":"2021-10-20T22:22:09+00:00","mainEntityOfPage":{"@id":"https:\/\/latamjournalismreview.org\/es\/articles\/la-mayoria-de-los-ataques-contra-periodistas-durante-protestas-en-brasil-fueron-intencionales-segun-analisis\/"},"wordCount":444,"publisher":{"@id":"https:\/\/latamjournalismreview.org\/es\/#organization"},"articleSection":["Violencia contra periodistas"],"inLanguage":"es"},{"@type":"WebPage","@id":"https:\/\/latamjournalismreview.org\/es\/articles\/la-mayoria-de-los-ataques-contra-periodistas-durante-protestas-en-brasil-fueron-intencionales-segun-analisis\/","url":"https:\/\/latamjournalismreview.org\/es\/articles\/la-mayoria-de-los-ataques-contra-periodistas-durante-protestas-en-brasil-fueron-intencionales-segun-analisis\/","name":"La mayor\u00eda de los ataques contra periodistas durante protestas en Brasil fueron intencionales, seg\u00fan an\u00e1lisis - LatAm Journalism Review","isPartOf":{"@id":"https:\/\/latamjournalismreview.org\/es\/#website"},"datePublished":"2013-12-17T00:44:58+00:00","dateModified":"2021-10-20T22:22:09+00:00","description":"La mayor\u00eda de los ataques contra periodistas durante protestas en Brasil fueron intencionales, seg\u00fan an\u00e1lisis Violencia contra periodistas. Latin American Journalism Review by The Knight Center at The University of Texas at Austin.","breadcrumb":{"@id":"https:\/\/latamjournalismreview.org\/es\/articles\/la-mayoria-de-los-ataques-contra-periodistas-durante-protestas-en-brasil-fueron-intencionales-segun-analisis\/#breadcrumb"},"inLanguage":"es","potentialAction":[{"@type":"ReadAction","target":["https:\/\/latamjournalismreview.org\/es\/articles\/la-mayoria-de-los-ataques-contra-periodistas-durante-protestas-en-brasil-fueron-intencionales-segun-analisis\/"]}]},{"@type":"BreadcrumbList","@id":"https:\/\/latamjournalismreview.org\/es\/articles\/la-mayoria-de-los-ataques-contra-periodistas-durante-protestas-en-brasil-fueron-intencionales-segun-analisis\/#breadcrumb","itemListElement":[{"@type":"ListItem","position":1,"name":"Home","item":"https:\/\/latamjournalismreview.org\/es\/"},{"@type":"ListItem","position":2,"name":"La mayor\u00eda de los ataques contra periodistas durante protestas en Brasil fueron intencionales, seg\u00fan an\u00e1lisis"}]},{"@type":"WebSite","@id":"https:\/\/latamjournalismreview.org\/es\/#website","url":"https:\/\/latamjournalismreview.org\/es\/","name":"LatAm Journalism Review","description":"Knight Center at The University of Texas","publisher":{"@id":"https:\/\/latamjournalismreview.org\/es\/#organization"},"potentialAction":[{"@type":"SearchAction","target":{"@type":"EntryPoint","urlTemplate":"https:\/\/latamjournalismreview.org\/es\/?s={search_term_string}"},"query-input":{"@type":"PropertyValueSpecification","valueRequired":true,"valueName":"search_term_string"}}],"inLanguage":"es"},{"@type":"Organization","@id":"https:\/\/latamjournalismreview.org\/es\/#organization","name":"LatAm Journalism Review","url":"https:\/\/latamjournalismreview.org\/es\/","logo":{"@type":"ImageObject","inLanguage":"es","@id":"https:\/\/latamjournalismreview.org\/es\/#\/schema\/logo\/image\/","url":"https:\/\/latamjournalismreview.org\/wp-content\/uploads\/2020\/05\/knight-latAm-review-logo.svg","contentUrl":"https:\/\/latamjournalismreview.org\/wp-content\/uploads\/2020\/05\/knight-latAm-review-logo.svg","width":"1024","height":"1024","caption":"LatAm Journalism Review"},"image":{"@id":"https:\/\/latamjournalismreview.org\/es\/#\/schema\/logo\/image\/"},"sameAs":["https:\/\/x.com\/LatAmJournalism"]},{"@type":"Person","@id":"https:\/\/latamjournalismreview.org\/es\/#\/schema\/person\/747457e530d741a9d192f00c32c7f884","name":"Natalia Mazotte","url":"https:\/\/latamjournalismreview.org\/es\/articles\/author\/natalia-mazotte\/"}]}},"_links":{"self":[{"href":"https:\/\/latamjournalismreview.org\/es\/wp-json\/wp\/v2\/posts\/38677","targetHints":{"allow":["GET"]}}],"collection":[{"href":"https:\/\/latamjournalismreview.org\/es\/wp-json\/wp\/v2\/posts"}],"about":[{"href":"https:\/\/latamjournalismreview.org\/es\/wp-json\/wp\/v2\/types\/post"}],"author":[{"embeddable":true,"href":"https:\/\/latamjournalismreview.org\/es\/wp-json\/wp\/v2\/users\/42"}],"replies":[{"embeddable":true,"href":"https:\/\/latamjournalismreview.org\/es\/wp-json\/wp\/v2\/comments?post=38677"}],"version-history":[{"count":1,"href":"https:\/\/latamjournalismreview.org\/es\/wp-json\/wp\/v2\/posts\/38677\/revisions"}],"predecessor-version":[{"id":38678,"href":"https:\/\/latamjournalismreview.org\/es\/wp-json\/wp\/v2\/posts\/38677\/revisions\/38678"}],"wp:attachment":[{"href":"https:\/\/latamjournalismreview.org\/es\/wp-json\/wp\/v2\/media?parent=38677"}],"wp:term":[{"taxonomy":"category","embeddable":true,"href":"https:\/\/latamjournalismreview.org\/es\/wp-json\/wp\/v2\/categories?post=38677"},{"taxonomy":"post_tag","embeddable":true,"href":"https:\/\/latamjournalismreview.org\/es\/wp-json\/wp\/v2\/tags?post=38677"},{"taxonomy":"author","embeddable":true,"href":"https:\/\/latamjournalismreview.org\/es\/wp-json\/wp\/v2\/coauthors?post=38677"}],"curies":[{"name":"wp","href":"https:\/\/api.w.org\/{rel}","templated":true}]}}