{"id":38781,"date":"2013-10-22T17:31:46","date_gmt":"2013-10-22T22:31:46","guid":{"rendered":"https:\/\/latamjournalismreview.org\/?p=38781"},"modified":"2021-10-21T17:33:05","modified_gmt":"2021-10-21T22:33:05","slug":"la-mayor-proteccion-esta-en-informar-en-el-menor-tiempo-posible-la-nota-mas-precisa-periodista-de-el-faro","status":"publish","type":"post","link":"https:\/\/latamjournalismreview.org\/es\/articles\/la-mayor-proteccion-esta-en-informar-en-el-menor-tiempo-posible-la-nota-mas-precisa-periodista-de-el-faro\/","title":{"rendered":"\"La mayor protecci\u00f3n est\u00e1 en informar en el menor tiempo posible la nota m\u00e1s precisa\": periodista de El Faro"},"content":{"rendered":"<p><em>Por Rodrigo Gomes*<\/em><\/p>\n<p>Especialista en cubrir la violencia en Am\u00e9rica Central, Carlos Mart\u00ednez es un reportero del grupo Sala Negra, del peri\u00f3dico digital El Faro en El Salvador. El grupo se inici\u00f3 en el 2011 con el objetivo de crear un modelo regional de cobertura permanente y de inmersi\u00f3n en las c\u00e1rceles, con las pandillas, del crimen organizado y la violencia.<\/p>\n<p>Para Mart\u00ednez el diferencial del trabajo es la inmersi\u00f3n. \"M\u00e1s que hablar sobre el tema, lo importante es comprender el fen\u00f3meno que se est\u00e1 produciendo. Y esto s\u00f3lo se puede hacer cubriendo un tema durante mucho tiempo; es necesario tener el tiempo y la dedicaci\u00f3n para ir al barrio, sentarse, encender un cigarrillo\u201d.<\/p>\n<p>El pa\u00eds del reportero es considerado el segundo m\u00e1s violento del mundo, con una tasa de homicidios de 80 por cada mil habitantes, en una poblaci\u00f3n de casi ocho millones de personas.<\/p>\n<p>En su participaci\u00f3n en la Conferencia Global de Periodismo de Investigaci\u00f3n, Mart\u00ednez cont\u00f3 su experiencia sobre su trabajo period\u00edstico con las pandillas, grupos criminales responsables de un gran n\u00famero de muertes en el pa\u00eds en sus disputas por territorio.<\/p>\n<p>El periodista ha recibido los premios Fernando Ben\u00edtez en la Feria Internacional del Libro de Guadalajara en el 2008 y Ortega y Gasset en el 2011, por el reportaje \"<a href=\"http:\/\/elfaro.net\/templates\/elfaro\/especiales\/elcriminalista\/\" target=\"_blank\" rel=\"noopener\">El criminalista del pa\u00eds de las \u00faltimas cosas<\/a>\".<\/p>\n<p>En esta entrevista, el periodista comenta la situaci\u00f3n del trabajo de investigaci\u00f3n en El Salvador, la iron\u00eda de tener como presidente a un periodista y las limitaciones econ\u00f3micas del trabajador independiente.<\/p>\n<p><strong>Rodrigo Gomes: \u00bfCu\u00e1l es la situaci\u00f3n del periodismo de investigaci\u00f3n en El Salvador?<\/strong><\/p>\n<p><strong>Carlos Mart\u00ednez:<\/strong>\u00a0Centroam\u00e9rica ha logrado, m\u00e1s o menos, tener una estabilidad en cuanto a la labor period\u00edstica. No exenta de riesgos y amenazas, especialmente por parte de organizaciones criminales. El Estado no te persigue ni te encarcela por hacer tu trabajo. El problema se agrava cuando el Estado y la organizaci\u00f3n criminal son la misma cosa.<\/p>\n<p>El gobierno tambi\u00e9n te permite hacer tu trabajo. Pero al mismo tiempo, las estructuras oficiales est\u00e1n absolutamente influenciadas por las organizaciones criminales. Nuestra polic\u00eda, en El Salvador, tiene muchos infiltrados del crimen organizado, nuestro parlamento est\u00e1 contaminado por el crimen organizado. De modo que cubrir el crimen organizado implica necesariamente meterse con el estado.<\/p>\n<p><strong>RG: Pero, \u00bfqu\u00e9 hacer cuando hay intimidaci\u00f3n?<\/strong><\/p>\n<p><strong>CM:<\/strong>\u00a0Si los periodistas somos amenazados o coaccionado, contamos con el apoyo de agencias internacionales importantes. Pero creo que la mayor protecci\u00f3n est\u00e1 en informar en el menor tiempo posible la noticia m\u00e1s precisa y completa, que pueda ser publicada y comprobada.<\/p>\n<p>Es importante tener en consideraci\u00f3n el contexto de los hechos. Nosotros, los periodistas de Am\u00e9rica Central, tenemos mejores condiciones institucionales que los de M\u00e9xico. Normalmente se asocian las condiciones centroamericanas con las mexicanas. No tenemos agresiones institucionales a la libertad de prensa.<\/p>\n<p><strong>RG: \u00bfLa elecci\u00f3n de un periodista presidente hizo alguna diferencia para el ejercicio del periodismo en El Salvador?<\/strong><\/p>\n<p><strong>CM:<\/strong>\u00a0Mire, nuestro presidente siempre procura recordarnos el hecho de que \u00e9l es periodista. Institucionalmente, no ha sido un facilitador para la prensa. Y ha sido muy agresivo con los medios de comunicaci\u00f3n de oposici\u00f3n. \u00c9l nunca se sent\u00f3 a conversar con El Faro.<\/p>\n<p>\u00c9l tiene un programa al estilo del ex presidente Hugo Ch\u00e1vez, algo as\u00ed como hablando con el presidente, que es un mon\u00f3logo de varias horas. Es un espacio para atacar, para deslegitimar a sus adversarios.<\/p>\n<p>En fin, no es un presidente que dialoga y el hecho de que haya sido periodista no aporta nada a nuestra cotidianidad.<\/p>\n<p><strong>RG: \u00bfEs posible hacer periodismo independiente en El Salvador?<\/strong><\/p>\n<p><strong>CM:<\/strong>\u00a0Los medios de comunicaci\u00f3n m\u00e1s importantes, que tienen circulaci\u00f3n nacional, son propiedad de las familias que tienen lazos antiguos con el poder pol\u00edtico o con el poder econ\u00f3mico. Ellos ejercen una especie de censura interna en sus temas dependiendo de si estos afectan a los partidos que pertenecen y su ideolog\u00eda, o si afectan sus intereses publicitarios.<\/p>\n<p>Yo trabajo en un diario digital que no genera beneficios, que no tiene publicidad y es peque\u00f1o. La ventaja que tenemos es la libertad absoluta para publicar. Los \u00fanicos impedimentos para publicar los temas son que estos no hayan sido lo suficientemente confirmados, verificados y cotejados.<\/p>\n<p><strong>RG: \u00bfY ustedes tienen bastantes lectores?<\/strong><\/p>\n<p><strong>CM:\u00a0<\/strong>Un gran problema en Centroam\u00e9rica es que el Internet est\u00e1 poco distribuido. As\u00ed que nuestra capacidad de influencia es muy limitada. Cuando un asunto es muy importante alcanza, como m\u00e1ximo, a la mitad de la poblaci\u00f3n. Tenemos planeado buscar otras plataformas, como la radio y la televisi\u00f3n, con la colaboraci\u00f3n de otros medios, pero es un proceso muy complicado.<\/p>\n<p>Este es el costo de la independencia: es muy dif\u00edcil tener una gran circulaci\u00f3n y llegar a los m\u00e1s pobres del pa\u00eds.<\/p>\n<p>*Rodrigo Gomes es un estudiante de periodismo de cuarto a\u00f1o en la Universidad Anhembi Morumbi.<\/p>\n<p><em>Este art\u00edculo fue publicado originalmente en el\u00a0<a href=\"http:\/\/br.gijc2013.org\/category\/noticias\/\" target=\"_blank\" rel=\"noopener\">sitio web oficial de la Conferencia Global de Periodismo de Investigaci\u00f3n<\/a>.<\/em><\/p>\n<p><em>Nota del editor: Esta historia fue publicada originalmente en el blog Periodismo en las Am\u00e9ricas del Centro Knight, el predecesor de LatAm Journalism Review.<\/em><\/p>\n","protected":false},"excerpt":{"rendered":"<p>Especialista en cubrir la violencia en Am\u00e9rica Central, Carlos Mart\u00ednez es un reportero del grupo Sala Negra, del peri\u00f3dico digital El Faro en El Salvador. El grupo se inici\u00f3 en el 2011 con el objetivo de crear un modelo regional de cobertura permanente y de inmersi\u00f3n en las c\u00e1rceles, con las pandillas, del crimen organizado y la violencia.<\/p>\n","protected":false},"author":17,"featured_media":0,"comment_status":"closed","ping_status":"closed","sticky":false,"template":"","format":"standard","meta":{"inline_featured_image":false,"footnotes":""},"categories":[1222],"tags":[1522,1444,1518],"coauthors":[],"class_list":["post-38781","post","type-post","status-publish","format-standard","hentry","category-violencia-contra-periodistas-es","tag-amenazas-contra-periodistas-es","tag-el-salvador-es","tag-seguridad-y-proteccion-es"],"acf":[],"yoast_head":"<!-- This site is optimized with the Yoast SEO Premium plugin v22.6 (Yoast SEO v27.4) - https:\/\/yoast.com\/product\/yoast-seo-premium-wordpress\/ -->\n<title>&quot;La mayor protecci\u00f3n est\u00e1 en informar en el menor tiempo posible la nota m\u00e1s precisa&quot;: periodista de El Faro - LatAm Journalism Review<\/title>\n<meta name=\"description\" content=\"&quot;La mayor protecci\u00f3n est\u00e1 en informar en el menor tiempo posible la nota m\u00e1s precisa&quot;: periodista de El Faro Violencia contra periodistas. Latin American Journalism Review by The Knight Center at The University of Texas at Austin.\" \/>\n<meta name=\"robots\" content=\"index, follow, max-snippet:-1, max-image-preview:large, max-video-preview:-1\" \/>\n<link rel=\"canonical\" href=\"https:\/\/latamjournalismreview.org\/es\/articles\/la-mayor-proteccion-esta-en-informar-en-el-menor-tiempo-posible-la-nota-mas-precisa-periodista-de-el-faro\/\" \/>\n<meta property=\"og:locale\" content=\"es_ES\" \/>\n<meta property=\"og:type\" content=\"article\" \/>\n<meta property=\"og:title\" content=\"&quot;La mayor protecci\u00f3n est\u00e1 en informar en el menor tiempo posible la nota m\u00e1s precisa&quot;: periodista de El Faro\" \/>\n<meta property=\"og:description\" content=\"&quot;La mayor protecci\u00f3n est\u00e1 en informar en el menor tiempo posible la nota m\u00e1s precisa&quot;: periodista de El Faro Violencia contra periodistas. Latin American Journalism Review by The Knight Center at The University of Texas at Austin.\" \/>\n<meta property=\"og:url\" content=\"https:\/\/latamjournalismreview.org\/es\/articles\/la-mayor-proteccion-esta-en-informar-en-el-menor-tiempo-posible-la-nota-mas-precisa-periodista-de-el-faro\/\" \/>\n<meta property=\"og:site_name\" content=\"LatAm Journalism Review\" \/>\n<meta property=\"article:published_time\" content=\"2013-10-22T22:31:46+00:00\" \/>\n<meta property=\"article:modified_time\" content=\"2021-10-21T22:33:05+00:00\" \/>\n<meta name=\"author\" content=\"Guest\" \/>\n<meta name=\"twitter:card\" content=\"summary_large_image\" \/>\n<meta name=\"twitter:creator\" content=\"@LatAmJournalism\" \/>\n<meta name=\"twitter:site\" content=\"@LatAmJournalism\" \/>\n<meta name=\"twitter:label1\" content=\"Written by\" \/>\n\t<meta name=\"twitter:data1\" content=\"Guest\" \/>\n\t<meta name=\"twitter:label2\" content=\"Est. reading time\" \/>\n\t<meta name=\"twitter:data2\" content=\"5 minutos\" \/>\n<script type=\"application\/ld+json\" class=\"yoast-schema-graph\">{\"@context\":\"https:\\\/\\\/schema.org\",\"@graph\":[{\"@type\":\"Article\",\"@id\":\"https:\\\/\\\/latamjournalismreview.org\\\/es\\\/articles\\\/la-mayor-proteccion-esta-en-informar-en-el-menor-tiempo-posible-la-nota-mas-precisa-periodista-de-el-faro\\\/#article\",\"isPartOf\":{\"@id\":\"https:\\\/\\\/latamjournalismreview.org\\\/es\\\/articles\\\/la-mayor-proteccion-esta-en-informar-en-el-menor-tiempo-posible-la-nota-mas-precisa-periodista-de-el-faro\\\/\"},\"author\":{\"name\":\"Guest\",\"@id\":\"https:\\\/\\\/latamjournalismreview.org\\\/es\\\/#\\\/schema\\\/person\\\/0315202e0b3c0963a2440f1c3012c360\"},\"headline\":\"\\\"La mayor protecci\u00f3n est\u00e1 en informar en el menor tiempo posible la nota m\u00e1s precisa\\\": periodista de El Faro\",\"datePublished\":\"2013-10-22T22:31:46+00:00\",\"dateModified\":\"2021-10-21T22:33:05+00:00\",\"mainEntityOfPage\":{\"@id\":\"https:\\\/\\\/latamjournalismreview.org\\\/es\\\/articles\\\/la-mayor-proteccion-esta-en-informar-en-el-menor-tiempo-posible-la-nota-mas-precisa-periodista-de-el-faro\\\/\"},\"wordCount\":929,\"publisher\":{\"@id\":\"https:\\\/\\\/latamjournalismreview.org\\\/es\\\/#organization\"},\"keywords\":[\"Amenazas contra periodistas\",\"El Salvador\",\"Seguridad y protecci\u00f3n\"],\"articleSection\":[\"Violencia contra periodistas\"],\"inLanguage\":\"es\"},{\"@type\":\"WebPage\",\"@id\":\"https:\\\/\\\/latamjournalismreview.org\\\/es\\\/articles\\\/la-mayor-proteccion-esta-en-informar-en-el-menor-tiempo-posible-la-nota-mas-precisa-periodista-de-el-faro\\\/\",\"url\":\"https:\\\/\\\/latamjournalismreview.org\\\/es\\\/articles\\\/la-mayor-proteccion-esta-en-informar-en-el-menor-tiempo-posible-la-nota-mas-precisa-periodista-de-el-faro\\\/\",\"name\":\"\\\"La mayor protecci\u00f3n est\u00e1 en informar en el menor tiempo posible la nota m\u00e1s precisa\\\": periodista de El Faro - LatAm Journalism Review\",\"isPartOf\":{\"@id\":\"https:\\\/\\\/latamjournalismreview.org\\\/es\\\/#website\"},\"datePublished\":\"2013-10-22T22:31:46+00:00\",\"dateModified\":\"2021-10-21T22:33:05+00:00\",\"description\":\"\\\"La mayor protecci\u00f3n est\u00e1 en informar en el menor tiempo posible la nota m\u00e1s precisa\\\": periodista de El Faro Violencia contra periodistas. Latin American Journalism Review by The Knight Center at The University of Texas at Austin.\",\"breadcrumb\":{\"@id\":\"https:\\\/\\\/latamjournalismreview.org\\\/es\\\/articles\\\/la-mayor-proteccion-esta-en-informar-en-el-menor-tiempo-posible-la-nota-mas-precisa-periodista-de-el-faro\\\/#breadcrumb\"},\"inLanguage\":\"es\",\"potentialAction\":[{\"@type\":\"ReadAction\",\"target\":[\"https:\\\/\\\/latamjournalismreview.org\\\/es\\\/articles\\\/la-mayor-proteccion-esta-en-informar-en-el-menor-tiempo-posible-la-nota-mas-precisa-periodista-de-el-faro\\\/\"]}]},{\"@type\":\"BreadcrumbList\",\"@id\":\"https:\\\/\\\/latamjournalismreview.org\\\/es\\\/articles\\\/la-mayor-proteccion-esta-en-informar-en-el-menor-tiempo-posible-la-nota-mas-precisa-periodista-de-el-faro\\\/#breadcrumb\",\"itemListElement\":[{\"@type\":\"ListItem\",\"position\":1,\"name\":\"Home\",\"item\":\"https:\\\/\\\/latamjournalismreview.org\\\/es\\\/\"},{\"@type\":\"ListItem\",\"position\":2,\"name\":\"\\\"La mayor protecci\u00f3n est\u00e1 en informar en el menor tiempo posible la nota m\u00e1s precisa\\\": periodista de El Faro\"}]},{\"@type\":\"WebSite\",\"@id\":\"https:\\\/\\\/latamjournalismreview.org\\\/es\\\/#website\",\"url\":\"https:\\\/\\\/latamjournalismreview.org\\\/es\\\/\",\"name\":\"LatAm Journalism Review\",\"description\":\"Knight Center at The University of Texas\",\"publisher\":{\"@id\":\"https:\\\/\\\/latamjournalismreview.org\\\/es\\\/#organization\"},\"potentialAction\":[{\"@type\":\"SearchAction\",\"target\":{\"@type\":\"EntryPoint\",\"urlTemplate\":\"https:\\\/\\\/latamjournalismreview.org\\\/es\\\/?s={search_term_string}\"},\"query-input\":{\"@type\":\"PropertyValueSpecification\",\"valueRequired\":true,\"valueName\":\"search_term_string\"}}],\"inLanguage\":\"es\"},{\"@type\":\"Organization\",\"@id\":\"https:\\\/\\\/latamjournalismreview.org\\\/es\\\/#organization\",\"name\":\"LatAm Journalism Review\",\"url\":\"https:\\\/\\\/latamjournalismreview.org\\\/es\\\/\",\"logo\":{\"@type\":\"ImageObject\",\"inLanguage\":\"es\",\"@id\":\"https:\\\/\\\/latamjournalismreview.org\\\/es\\\/#\\\/schema\\\/logo\\\/image\\\/\",\"url\":\"https:\\\/\\\/latamjournalismreview.org\\\/wp-content\\\/uploads\\\/2020\\\/05\\\/knight-latAm-review-logo.svg\",\"contentUrl\":\"https:\\\/\\\/latamjournalismreview.org\\\/wp-content\\\/uploads\\\/2020\\\/05\\\/knight-latAm-review-logo.svg\",\"width\":\"1024\",\"height\":\"1024\",\"caption\":\"LatAm Journalism Review\"},\"image\":{\"@id\":\"https:\\\/\\\/latamjournalismreview.org\\\/es\\\/#\\\/schema\\\/logo\\\/image\\\/\"},\"sameAs\":[\"https:\\\/\\\/x.com\\\/LatAmJournalism\"]},{\"@type\":\"Person\",\"@id\":\"https:\\\/\\\/latamjournalismreview.org\\\/es\\\/#\\\/schema\\\/person\\\/0315202e0b3c0963a2440f1c3012c360\",\"name\":\"Guest\",\"url\":\"https:\\\/\\\/latamjournalismreview.org\\\/es\\\/articles\\\/author\\\/guest\\\/\"}]}<\/script>\n<!-- \/ Yoast SEO Premium plugin. -->","yoast_head_json":{"title":"\"La mayor protecci\u00f3n est\u00e1 en informar en el menor tiempo posible la nota m\u00e1s precisa\": periodista de El Faro - LatAm Journalism Review","description":"\"La mayor protecci\u00f3n est\u00e1 en informar en el menor tiempo posible la nota m\u00e1s precisa\": periodista de El Faro Violencia contra periodistas. Latin American Journalism Review by The Knight Center at The University of Texas at Austin.","robots":{"index":"index","follow":"follow","max-snippet":"max-snippet:-1","max-image-preview":"max-image-preview:large","max-video-preview":"max-video-preview:-1"},"canonical":"https:\/\/latamjournalismreview.org\/es\/articles\/la-mayor-proteccion-esta-en-informar-en-el-menor-tiempo-posible-la-nota-mas-precisa-periodista-de-el-faro\/","og_locale":"es_ES","og_type":"article","og_title":"\"La mayor protecci\u00f3n est\u00e1 en informar en el menor tiempo posible la nota m\u00e1s precisa\": periodista de El Faro","og_description":"\"La mayor protecci\u00f3n est\u00e1 en informar en el menor tiempo posible la nota m\u00e1s precisa\": periodista de El Faro Violencia contra periodistas. Latin American Journalism Review by The Knight Center at The University of Texas at Austin.","og_url":"https:\/\/latamjournalismreview.org\/es\/articles\/la-mayor-proteccion-esta-en-informar-en-el-menor-tiempo-posible-la-nota-mas-precisa-periodista-de-el-faro\/","og_site_name":"LatAm Journalism Review","article_published_time":"2013-10-22T22:31:46+00:00","article_modified_time":"2021-10-21T22:33:05+00:00","author":"Guest","twitter_card":"summary_large_image","twitter_creator":"@LatAmJournalism","twitter_site":"@LatAmJournalism","twitter_misc":{"Written by":"Guest","Est. reading time":"5 minutos"},"schema":{"@context":"https:\/\/schema.org","@graph":[{"@type":"Article","@id":"https:\/\/latamjournalismreview.org\/es\/articles\/la-mayor-proteccion-esta-en-informar-en-el-menor-tiempo-posible-la-nota-mas-precisa-periodista-de-el-faro\/#article","isPartOf":{"@id":"https:\/\/latamjournalismreview.org\/es\/articles\/la-mayor-proteccion-esta-en-informar-en-el-menor-tiempo-posible-la-nota-mas-precisa-periodista-de-el-faro\/"},"author":{"name":"Guest","@id":"https:\/\/latamjournalismreview.org\/es\/#\/schema\/person\/0315202e0b3c0963a2440f1c3012c360"},"headline":"\"La mayor protecci\u00f3n est\u00e1 en informar en el menor tiempo posible la nota m\u00e1s precisa\": periodista de El Faro","datePublished":"2013-10-22T22:31:46+00:00","dateModified":"2021-10-21T22:33:05+00:00","mainEntityOfPage":{"@id":"https:\/\/latamjournalismreview.org\/es\/articles\/la-mayor-proteccion-esta-en-informar-en-el-menor-tiempo-posible-la-nota-mas-precisa-periodista-de-el-faro\/"},"wordCount":929,"publisher":{"@id":"https:\/\/latamjournalismreview.org\/es\/#organization"},"keywords":["Amenazas contra periodistas","El Salvador","Seguridad y protecci\u00f3n"],"articleSection":["Violencia contra periodistas"],"inLanguage":"es"},{"@type":"WebPage","@id":"https:\/\/latamjournalismreview.org\/es\/articles\/la-mayor-proteccion-esta-en-informar-en-el-menor-tiempo-posible-la-nota-mas-precisa-periodista-de-el-faro\/","url":"https:\/\/latamjournalismreview.org\/es\/articles\/la-mayor-proteccion-esta-en-informar-en-el-menor-tiempo-posible-la-nota-mas-precisa-periodista-de-el-faro\/","name":"\"La mayor protecci\u00f3n est\u00e1 en informar en el menor tiempo posible la nota m\u00e1s precisa\": periodista de El Faro - LatAm Journalism Review","isPartOf":{"@id":"https:\/\/latamjournalismreview.org\/es\/#website"},"datePublished":"2013-10-22T22:31:46+00:00","dateModified":"2021-10-21T22:33:05+00:00","description":"\"La mayor protecci\u00f3n est\u00e1 en informar en el menor tiempo posible la nota m\u00e1s precisa\": periodista de El Faro Violencia contra periodistas. Latin American Journalism Review by The Knight Center at The University of Texas at Austin.","breadcrumb":{"@id":"https:\/\/latamjournalismreview.org\/es\/articles\/la-mayor-proteccion-esta-en-informar-en-el-menor-tiempo-posible-la-nota-mas-precisa-periodista-de-el-faro\/#breadcrumb"},"inLanguage":"es","potentialAction":[{"@type":"ReadAction","target":["https:\/\/latamjournalismreview.org\/es\/articles\/la-mayor-proteccion-esta-en-informar-en-el-menor-tiempo-posible-la-nota-mas-precisa-periodista-de-el-faro\/"]}]},{"@type":"BreadcrumbList","@id":"https:\/\/latamjournalismreview.org\/es\/articles\/la-mayor-proteccion-esta-en-informar-en-el-menor-tiempo-posible-la-nota-mas-precisa-periodista-de-el-faro\/#breadcrumb","itemListElement":[{"@type":"ListItem","position":1,"name":"Home","item":"https:\/\/latamjournalismreview.org\/es\/"},{"@type":"ListItem","position":2,"name":"\"La mayor protecci\u00f3n est\u00e1 en informar en el menor tiempo posible la nota m\u00e1s precisa\": periodista de El Faro"}]},{"@type":"WebSite","@id":"https:\/\/latamjournalismreview.org\/es\/#website","url":"https:\/\/latamjournalismreview.org\/es\/","name":"LatAm Journalism Review","description":"Knight Center at The University of Texas","publisher":{"@id":"https:\/\/latamjournalismreview.org\/es\/#organization"},"potentialAction":[{"@type":"SearchAction","target":{"@type":"EntryPoint","urlTemplate":"https:\/\/latamjournalismreview.org\/es\/?s={search_term_string}"},"query-input":{"@type":"PropertyValueSpecification","valueRequired":true,"valueName":"search_term_string"}}],"inLanguage":"es"},{"@type":"Organization","@id":"https:\/\/latamjournalismreview.org\/es\/#organization","name":"LatAm Journalism Review","url":"https:\/\/latamjournalismreview.org\/es\/","logo":{"@type":"ImageObject","inLanguage":"es","@id":"https:\/\/latamjournalismreview.org\/es\/#\/schema\/logo\/image\/","url":"https:\/\/latamjournalismreview.org\/wp-content\/uploads\/2020\/05\/knight-latAm-review-logo.svg","contentUrl":"https:\/\/latamjournalismreview.org\/wp-content\/uploads\/2020\/05\/knight-latAm-review-logo.svg","width":"1024","height":"1024","caption":"LatAm Journalism Review"},"image":{"@id":"https:\/\/latamjournalismreview.org\/es\/#\/schema\/logo\/image\/"},"sameAs":["https:\/\/x.com\/LatAmJournalism"]},{"@type":"Person","@id":"https:\/\/latamjournalismreview.org\/es\/#\/schema\/person\/0315202e0b3c0963a2440f1c3012c360","name":"Guest","url":"https:\/\/latamjournalismreview.org\/es\/articles\/author\/guest\/"}]}},"_links":{"self":[{"href":"https:\/\/latamjournalismreview.org\/es\/wp-json\/wp\/v2\/posts\/38781","targetHints":{"allow":["GET"]}}],"collection":[{"href":"https:\/\/latamjournalismreview.org\/es\/wp-json\/wp\/v2\/posts"}],"about":[{"href":"https:\/\/latamjournalismreview.org\/es\/wp-json\/wp\/v2\/types\/post"}],"author":[{"embeddable":true,"href":"https:\/\/latamjournalismreview.org\/es\/wp-json\/wp\/v2\/users\/17"}],"replies":[{"embeddable":true,"href":"https:\/\/latamjournalismreview.org\/es\/wp-json\/wp\/v2\/comments?post=38781"}],"version-history":[{"count":1,"href":"https:\/\/latamjournalismreview.org\/es\/wp-json\/wp\/v2\/posts\/38781\/revisions"}],"predecessor-version":[{"id":38783,"href":"https:\/\/latamjournalismreview.org\/es\/wp-json\/wp\/v2\/posts\/38781\/revisions\/38783"}],"wp:attachment":[{"href":"https:\/\/latamjournalismreview.org\/es\/wp-json\/wp\/v2\/media?parent=38781"}],"wp:term":[{"taxonomy":"category","embeddable":true,"href":"https:\/\/latamjournalismreview.org\/es\/wp-json\/wp\/v2\/categories?post=38781"},{"taxonomy":"post_tag","embeddable":true,"href":"https:\/\/latamjournalismreview.org\/es\/wp-json\/wp\/v2\/tags?post=38781"},{"taxonomy":"author","embeddable":true,"href":"https:\/\/latamjournalismreview.org\/es\/wp-json\/wp\/v2\/coauthors?post=38781"}],"curies":[{"name":"wp","href":"https:\/\/api.w.org\/{rel}","templated":true}]}}