{"id":3889,"date":"2019-11-20T18:36:50","date_gmt":"2019-11-20T23:36:50","guid":{"rendered":"https:\/\/live-lajr.pantheonsite.io\/?p=3889"},"modified":"2020-05-30T21:14:58","modified_gmt":"2020-05-31T02:14:58","slug":"fundacion-espanola-que-cubre-migracion-crea-comunidad-con-prensa-latinoamericana-para-cambiar-la-narrativa-de-la-migracion","status":"publish","type":"post","link":"https:\/\/latamjournalismreview.org\/es\/articles\/fundacion-espanola-que-cubre-migracion-crea-comunidad-con-prensa-latinoamericana-para-cambiar-la-narrativa-de-la-migracion\/","title":{"rendered":"Fundaci\u00f3n espa\u00f1ola que cubre migraci\u00f3n crea comunidad con prensa latinoamericana para cambiar la narrativa de la migraci\u00f3n"},"content":{"rendered":"<p>Al abordar las historias sobre migrantes en periodismo, \u201chay que dejar de hablar del camino porque eso nos est\u00e1 matando\u201d, dijo Lucila Rodr\u00edguez-Alarc\u00f3n, directora general de la fundaci\u00f3n y plataforma period\u00edstica espa\u00f1ola\u00a0<a href=\"https:\/\/porcausa.org\/quienes-somos\/\" target=\"_blank\" rel=\"noopener noreferrer\">porCausa<\/a>, al\u00a0<strong>Centro Knight<\/strong>.<\/p>\n<p>En porCausa, una plataforma period\u00edstica y de investigaci\u00f3n sobre migraci\u00f3n de Espa\u00f1a, en lugar de hablar de la migraci\u00f3n desde un enfoque de derechos humanos en sus informes period\u00edsticos, cit\u00f3 como ejemplo Rodr\u00edguez-Alarc\u00f3n, \u201chablamos de la migraci\u00f3n desde un enfoque de c\u00f3mo se produce en los pasos migratorios mucha impunidad y, por lo tanto, much\u00edsima corrupci\u00f3n\u201d. La idea, continu\u00f3, es dejar de hacernos las mismas preguntas en torno al tema.<\/p>\n<p><img loading=\"lazy\" decoding=\"async\" class=\"alignleft wp-image-3890\" src=\"https:\/\/live-lajr.pantheonsite.io\/wp-content\/uploads\/2020\/05\/Migracio\u0301n.png\" alt=\"Migracio\u0301n\" width=\"400\" height=\"400\" srcset=\"https:\/\/latamjournalismreview.org\/wp-content\/uploads\/2020\/05\/Migracio\u0301n.png 500w, https:\/\/latamjournalismreview.org\/wp-content\/uploads\/2020\/05\/Migracio\u0301n-300x300.png 300w, https:\/\/latamjournalismreview.org\/wp-content\/uploads\/2020\/05\/Migracio\u0301n-150x150.png 150w\" sizes=\"auto, (max-width: 400px) 100vw, 400px\" \/>El equipo de porCausa est\u00e1 integrado por un grupo multidisciplinario de investigadores y periodistas que se junt\u00f3 hace poco m\u00e1s de seis a\u00f1os para tocar temas sociales y de derechos humanos. Desde hace tres a\u00f1os, se especializa sobre todo en temas migratorios.<\/p>\n<p>Rodr\u00edguez-Alarc\u00f3n, quien adem\u00e1s de dirigir porCausa es ingeniera agr\u00f3noma y especialista en comunicaci\u00f3n pol\u00edtica, considera que la confluencia de varias disciplinas enriquece la investigaci\u00f3n period\u00edstica.<\/p>\n<p>En un principio, cont\u00f3 Rodr\u00edguez-Alarc\u00f3n, \u201ctuvimos el dilema de si convertirnos en un medio o servir a los medios; nuestra decisi\u00f3n fue servir a los medios. Somos como una redacci\u00f3n m\u00f3vil especializada en migraciones\u201d.<\/p>\n<p>Todo los contenidos y materiales de la p\u00e1gina web de porCausa son de libre uso, libre de descarga. \u201cDe hecho, nos los copian mucho (risas). Yo estoy muy orgullosa de eso\u201d, dijo Rodr\u00edguez-Alarc\u00f3n.<\/p>\n<p>Si bien sus contenidos period\u00edsticos son producidos para una audiencia local, Espa\u00f1a, sus investigaciones, propuestas narrativas y los espacios internacionales que convoca para debatir sobre la narrativa del periodismo de migraciones, son compartidos con periodistas y medios de Am\u00e9rica Latina como El Faro, de El Salvador; N\u00f3mada, de Guatemala; Animal Pol\u00edtico y Periodistas de a Pie, de M\u00e9xico, entre muchos otros de la regi\u00f3n.<\/p>\n<p>Asimismo, dijo Rodr\u00edguez-Alarc\u00f3n, porCausa est\u00e1 en constante colaboraci\u00f3n con la\u00a0<a href=\"https:\/\/fundaciongabo.org\/es\" target=\"_blank\" rel=\"noopener noreferrer\">Fundaci\u00f3n Gabo<\/a>. Un ejemplo de ello es que parte de los materiales y las gu\u00edas de su informe\u00a0<a href=\"https:\/\/porcausa.org\/articulo\/nuevas-narrativas-la-vida-comienza-con-la-migracion\/\" target=\"_blank\" rel=\"noopener noreferrer\">Migraciones y Nuevas Narrativas<\/a>, publicado en 2019, fueron utilizados en el taller de reportaje y noticia sobre\u00a0<a href=\"https:\/\/fundaciongabo.org\/es\/actividad\/investigar-y-contar-la-migracion-taller-de-reportaje-y-noticia-con-maria-teresa-ronderos\" target=\"_blank\" rel=\"noopener noreferrer\">c\u00f3mo contar e investigar la migraci\u00f3n\u00a0<\/a>que dict\u00f3 la reconocida periodista colombiana Mar\u00eda Teresa Ronderos. Este taller se realiz\u00f3 en la m\u00e1s reciente edici\u00f3n del importante\u00a0<a href=\"https:\/\/premioggm.org\/\" target=\"_blank\" rel=\"noopener noreferrer\">Festival Gabo<\/a>\u00a0que organiza anualmente la fundaci\u00f3n period\u00edstica del escritor colombiano Gabriel Garc\u00eda M\u00e1rquez.<\/p>\n<p>PorCausa es un \u201cbuen referente y un buen conector\u201d para el periodismo que cubre migraciones, dijo Ronderos al\u00a0<strong>Centro Knight<\/strong>. \u201cYo creo que ellos van a terminar creando la comunidad m\u00e1s fuerte de periodistas de migraci\u00f3n, ayudando a todo el mundo a conectar con todo el mundo. Se est\u00e1n convirtiendo en un buen referente para los periodistas que van a empezar o que ya cubren migraci\u00f3n\u201d, dijo Ronderos.<\/p>\n<p><strong>Fuentes de financiamiento<\/strong><\/p>\n<p>PorCausa se sostiene en gran parte de donaciones y de un sistema de membres\u00edas. Tambi\u00e9n recibe ingresos por trabajos de consultor\u00eda, servicios como apoyo t\u00e9cnico, organizaci\u00f3n de conferencias, entre otros.<\/p>\n<p>\u201cTenemos una base de donantes de m\u00e1s de 350, de cantidades muy variadas. Algunas de ellas son muy, muy grandes. Tenemos dos grandes, tenemos un gran, gran donante de mucho dinero al a\u00f1o que, vamos, es pr\u00e1cticamente el 25% de nuestro presupuesto. Es un donante \u00fanico, particular\u201d, explic\u00f3 Rodr\u00edguez-Alarc\u00f3n.<\/p>\n<div id=\"attachment_3893\" style=\"width: 310px\" class=\"wp-caption alignright\"><img loading=\"lazy\" decoding=\"async\" aria-describedby=\"caption-attachment-3893\" class=\"wp-image-3893\" src=\"https:\/\/live-lajr.pantheonsite.io\/wp-content\/uploads\/2020\/05\/Lucila-Rodri\u0301guez-Alarco\u0301n.-Foto-vi\u0301a-Twitter.jpg\" alt=\"Lucila Rodri\u0301guez-Alarco\u0301n. (Foto vi\u0301a Twitter)\" width=\"300\" height=\"300\" srcset=\"https:\/\/latamjournalismreview.org\/wp-content\/uploads\/2020\/05\/Lucila-Rodri\u0301guez-Alarco\u0301n.-Foto-vi\u0301a-Twitter.jpg 240w, https:\/\/latamjournalismreview.org\/wp-content\/uploads\/2020\/05\/Lucila-Rodri\u0301guez-Alarco\u0301n.-Foto-vi\u0301a-Twitter-150x150.jpg 150w\" sizes=\"auto, (max-width: 300px) 100vw, 300px\" \/><p id=\"caption-attachment-3893\" class=\"wp-caption-text\">Lucila Rodri\u0301guez-Alarco\u0301n. (Foto vi\u0301a Twitter).<\/p><\/div>\n<p>Una de las organizaciones que los ayud\u00f3 a arrancar, en sus inicios, fue la\u00a0<a href=\"https:\/\/www.opensocietyfoundations.org\/\" target=\"_blank\" rel=\"noopener noreferrer\">Open Society Foundations<\/a>. \u201cNo estar\u00edamos vivos sin la Open Society\u201d, cont\u00f3 Rodr\u00edguez-Alarc\u00f3n.<\/p>\n<p>Ronderos, quien en ese entonces era directora de la Open Society Foundations para el Programa de Periodismo Independiente, relat\u00f3 las razones por las cuales decidieron apoyar a porCausa.<\/p>\n<p>\u201cLo que a nosotros nos gust\u00f3 era que, primero, tienen muy en cuenta a las audiencias\u201d, dijo Ronderos. \u201cSon sumamente abiertos a las audiencias, est\u00e1n pensando mucho en a qui\u00e9n le est\u00e1n hablando y creo que en el tema migratorio es, hasta donde yo conozco, el grupo que m\u00e1s ha pensado c\u00f3mo romper los discursos que siempre se quedan en \u2018bubbles\u2019\u201d, relat\u00f3.<\/p>\n<p>En los temas migratorios, explic\u00f3 Ronderos, siempre se tiene el lado de los que son anti-migrantes y del otro lado los que son pro-migrantes, \u201cy nunca esos grupos se hablan, y ellos han tratado de desarrollar una narrativa muy original, muy linda, muy original, que transgrede eso, y que est\u00e1n tratando de pensar c\u00f3mo logramos llegar al otro lado y c\u00f3mo logramos romper ese tipo de burbujas que nos separan\u201d. Apelan al humor y a otras maneras de contar las historias, dijo la periodista colombiana, quien actualmente es directora y cofundadora del Centro Latinoamericano de Investigaci\u00f3n Period\u00edstica (CLIP).<\/p>\n<p><strong>Nuevas narrativas y migraci\u00f3n<\/strong><\/p>\n<p>Para Rodr\u00edguez-Alarc\u00f3n\u00a0el tema de las migraciones se debe naturalizar, tener abordajes m\u00e1s contra intuitivos para abrir debates que usualmente no se exploran en ese tema.<\/p>\n<p>\u201cHay que hablar de vecinos, hay que hablar de comidas, hay que hablar de m\u00fasica, hay que hablar de historia\u201d, sostuvo.<\/p>\n<p>\u201cPorque cuando t\u00fa hablas mal del migrante, le est\u00e1s excluyendo, pero cuando hablas bien de \u00e9l, tambi\u00e9n lo excluyes, porque no deja de ser un migrante, de ser diferente\u201d.<\/p>\n<p>En el informe\u00a0<a href=\"https:\/\/porcausa.org\/articulo\/nuevas-narrativas-la-vida-comienza-con-la-migracion\/\" target=\"_blank\" rel=\"noopener noreferrer\">Migraciones y Nuevas Narrativas<\/a>\u00a0que publicaron en 2019, y cuya investigaci\u00f3n les tom\u00f3 cerca de tres a\u00f1os, porCausa trabaj\u00f3 diversas aristas de c\u00f3mo abordar la migraci\u00f3n. El proyecto que result\u00f3 en el informe tuvo como objetivo repensar lo que se entiende por periodismo de migraci\u00f3n.<\/p>\n<p>\u201cLa narrativa de la que queremos huir es, por un lado, la antimigratoria y, por otro, la asistencialista. La primera se ancla en el miedo; la segunda, en la pena\u201d, dicen en su sitio web respecto al enfoque del informe. Su premisa es transformar la narrativa que existe para la cobertura sobre migraci\u00f3n, reconstruir el marco que la circunscribe.<\/p>\n<p>\u201cLa vida comienza con la migraci\u00f3n, los movimientos existen desde los or\u00edgenes de la humanidad y son procesos que no pueden evitarse por muchos muros que se construyan y controles que quieran imponerse\u201d, explican en su web.<\/p>\n<p>Asimismo, dijo Rodr\u00edguez-Alarc\u00f3n, los periodistas e investigadores deben empezar a hacerse otras preguntas, como \u201c\u00bfqui\u00e9n se est\u00e1 lucrando con las migraciones?\u201d.<\/p>\n<p>Al respecto, porCausa realiz\u00f3 en 2017 toda una investigaci\u00f3n sobre\u00a0<a href=\"https:\/\/www.porcausa.org\/industriacontrolmigratorio\/media\/porcausa_LaIndustriaDelControlMigratorio.pdf\" target=\"_blank\" rel=\"noopener noreferrer\">la industria del control migratorio<\/a>\u00a0en Espa\u00f1a. Dentro de ella, incluyeron todos los lobbies de las diferentes empresas que conforman esta industria, \u201cque en el fondo es la misma industria que la de seguridad y de defensa\u201d, relat\u00f3 Rodr\u00edguez-Alarc\u00f3n.<\/p>\n<p>Entre otros espacios de debate, la fundaci\u00f3n organiz\u00f3 por segunda vez el\u00a0<a href=\"https:\/\/porcausa.org\/articulo\/sigue-las-transmisiones-del-congreso-de-periodismo-de-migraciones\/\" target=\"_blank\" rel=\"noopener noreferrer\">Congreso Internacional de Periodismo de Migraciones<\/a>\u00a0en octubre de 2019. En este convoc\u00f3 a periodistas y medios de Am\u00e9rica Latina, y otras partes del mundo, para analizar las diferentes maneras de abordar las historias de migraci\u00f3n en el periodismo.<\/p>\n<p>Adem\u00e1s, conforman la oficina t\u00e9cnica del\u00a0<a href=\"https:\/\/www.segib.org\/agenda\/preparacion-del-iii-foro-iberoamericano-sobre-migracion-y-desarrollo-migraciones-y-desarrollo-en-el-siglo-xxi-una-agenda-iberoamericana-transformadora\/\" target=\"_blank\" rel=\"noopener noreferrer\">Foro Iberoamericano sobre Migraci\u00f3n y Desarrollo<\/a>\u00a0que organiza la Secretar\u00eda General Iberoamericana (Segib), en cuya \u00faltima edici\u00f3n introdujeron por primera vez el tema de las nuevas narrativas al debate, de acuerdo con Rodr\u00edguez-Alarc\u00f3n.<\/p>\n","protected":false},"excerpt":{"rendered":"<p>Al abordar las historias sobre migrantes en periodismo, \u201chay que dejar de hablar del camino porque eso nos est\u00e1 matando\u201d, dijo Lucila Rodr\u00edguez-Alarc\u00f3n, directora general de la fundaci\u00f3n y plataforma period\u00edstica espa\u00f1ola porCausa.<\/p>\n","protected":false},"author":4,"featured_media":0,"comment_status":"closed","ping_status":"closed","sticky":false,"template":"","format":"standard","meta":{"inline_featured_image":false,"footnotes":""},"categories":[1213],"tags":[],"coauthors":[],"class_list":["post-3889","post","type-post","status-publish","format-standard","hentry","category-colaboracion-es"],"acf":[],"yoast_head":"<!-- This site is optimized with the Yoast SEO Premium plugin v22.6 (Yoast SEO v27.4) - https:\/\/yoast.com\/product\/yoast-seo-premium-wordpress\/ -->\n<title>Fundaci\u00f3n espa\u00f1ola que cubre migraci\u00f3n crea comunidad con prensa latinoamericana para cambiar la narrativa de la migraci\u00f3n - LatAm Journalism Review<\/title>\n<meta name=\"description\" content=\"Fundaci\u00f3n espa\u00f1ola que cubre migraci\u00f3n crea comunidad con prensa latinoamericana para cambiar la narrativa de la migraci\u00f3n Colaboraci\u00f3n. Latin American Journalism Review by The Knight Center at The University of Texas at Austin.\" \/>\n<meta name=\"robots\" content=\"index, follow, max-snippet:-1, max-image-preview:large, max-video-preview:-1\" \/>\n<link rel=\"canonical\" href=\"https:\/\/latamjournalismreview.org\/es\/articles\/fundacion-espanola-que-cubre-migracion-crea-comunidad-con-prensa-latinoamericana-para-cambiar-la-narrativa-de-la-migracion\/\" \/>\n<meta property=\"og:locale\" content=\"es_ES\" \/>\n<meta property=\"og:type\" content=\"article\" \/>\n<meta property=\"og:title\" content=\"Fundaci\u00f3n espa\u00f1ola que cubre migraci\u00f3n crea comunidad con prensa latinoamericana para cambiar la narrativa de la migraci\u00f3n\" \/>\n<meta property=\"og:description\" content=\"Fundaci\u00f3n espa\u00f1ola que cubre migraci\u00f3n crea comunidad con prensa latinoamericana para cambiar la narrativa de la migraci\u00f3n Colaboraci\u00f3n. Latin American Journalism Review by The Knight Center at The University of Texas at Austin.\" \/>\n<meta property=\"og:url\" content=\"https:\/\/latamjournalismreview.org\/es\/articles\/fundacion-espanola-que-cubre-migracion-crea-comunidad-con-prensa-latinoamericana-para-cambiar-la-narrativa-de-la-migracion\/\" \/>\n<meta property=\"og:site_name\" content=\"LatAm Journalism Review\" \/>\n<meta property=\"article:published_time\" content=\"2019-11-20T23:36:50+00:00\" \/>\n<meta property=\"article:modified_time\" content=\"2020-05-31T02:14:58+00:00\" \/>\n<meta name=\"author\" content=\"Paola Nalvarte\" \/>\n<meta name=\"twitter:card\" content=\"summary_large_image\" \/>\n<meta name=\"twitter:creator\" content=\"@paolanalvarte\" \/>\n<meta name=\"twitter:site\" content=\"@LatAmJournalism\" \/>\n<meta name=\"twitter:label1\" content=\"Written by\" \/>\n\t<meta name=\"twitter:data1\" content=\"Paola Nalvarte\" \/>\n\t<meta name=\"twitter:label2\" content=\"Est. reading time\" \/>\n\t<meta name=\"twitter:data2\" content=\"6 minutos\" \/>\n<script type=\"application\/ld+json\" class=\"yoast-schema-graph\">{\"@context\":\"https:\\\/\\\/schema.org\",\"@graph\":[{\"@type\":\"Article\",\"@id\":\"https:\\\/\\\/latamjournalismreview.org\\\/es\\\/articles\\\/fundacion-espanola-que-cubre-migracion-crea-comunidad-con-prensa-latinoamericana-para-cambiar-la-narrativa-de-la-migracion\\\/#article\",\"isPartOf\":{\"@id\":\"https:\\\/\\\/latamjournalismreview.org\\\/es\\\/articles\\\/fundacion-espanola-que-cubre-migracion-crea-comunidad-con-prensa-latinoamericana-para-cambiar-la-narrativa-de-la-migracion\\\/\"},\"author\":{\"name\":\"Paola Nalvarte\",\"@id\":\"https:\\\/\\\/latamjournalismreview.org\\\/es\\\/#\\\/schema\\\/person\\\/d0b9fa850ef1b6f56bb445e52f29f63f\"},\"headline\":\"Fundaci\u00f3n espa\u00f1ola que cubre migraci\u00f3n crea comunidad con prensa latinoamericana para cambiar la narrativa de la migraci\u00f3n\",\"datePublished\":\"2019-11-20T23:36:50+00:00\",\"dateModified\":\"2020-05-31T02:14:58+00:00\",\"mainEntityOfPage\":{\"@id\":\"https:\\\/\\\/latamjournalismreview.org\\\/es\\\/articles\\\/fundacion-espanola-que-cubre-migracion-crea-comunidad-con-prensa-latinoamericana-para-cambiar-la-narrativa-de-la-migracion\\\/\"},\"wordCount\":1283,\"publisher\":{\"@id\":\"https:\\\/\\\/latamjournalismreview.org\\\/es\\\/#organization\"},\"articleSection\":[\"Colaboraci\u00f3n\"],\"inLanguage\":\"es\"},{\"@type\":\"WebPage\",\"@id\":\"https:\\\/\\\/latamjournalismreview.org\\\/es\\\/articles\\\/fundacion-espanola-que-cubre-migracion-crea-comunidad-con-prensa-latinoamericana-para-cambiar-la-narrativa-de-la-migracion\\\/\",\"url\":\"https:\\\/\\\/latamjournalismreview.org\\\/es\\\/articles\\\/fundacion-espanola-que-cubre-migracion-crea-comunidad-con-prensa-latinoamericana-para-cambiar-la-narrativa-de-la-migracion\\\/\",\"name\":\"Fundaci\u00f3n espa\u00f1ola que cubre migraci\u00f3n crea comunidad con prensa latinoamericana para cambiar la narrativa de la migraci\u00f3n - LatAm Journalism Review\",\"isPartOf\":{\"@id\":\"https:\\\/\\\/latamjournalismreview.org\\\/es\\\/#website\"},\"datePublished\":\"2019-11-20T23:36:50+00:00\",\"dateModified\":\"2020-05-31T02:14:58+00:00\",\"description\":\"Fundaci\u00f3n espa\u00f1ola que cubre migraci\u00f3n crea comunidad con prensa latinoamericana para cambiar la narrativa de la migraci\u00f3n Colaboraci\u00f3n. Latin American Journalism Review by The Knight Center at The University of Texas at Austin.\",\"breadcrumb\":{\"@id\":\"https:\\\/\\\/latamjournalismreview.org\\\/es\\\/articles\\\/fundacion-espanola-que-cubre-migracion-crea-comunidad-con-prensa-latinoamericana-para-cambiar-la-narrativa-de-la-migracion\\\/#breadcrumb\"},\"inLanguage\":\"es\",\"potentialAction\":[{\"@type\":\"ReadAction\",\"target\":[\"https:\\\/\\\/latamjournalismreview.org\\\/es\\\/articles\\\/fundacion-espanola-que-cubre-migracion-crea-comunidad-con-prensa-latinoamericana-para-cambiar-la-narrativa-de-la-migracion\\\/\"]}]},{\"@type\":\"BreadcrumbList\",\"@id\":\"https:\\\/\\\/latamjournalismreview.org\\\/es\\\/articles\\\/fundacion-espanola-que-cubre-migracion-crea-comunidad-con-prensa-latinoamericana-para-cambiar-la-narrativa-de-la-migracion\\\/#breadcrumb\",\"itemListElement\":[{\"@type\":\"ListItem\",\"position\":1,\"name\":\"Home\",\"item\":\"https:\\\/\\\/latamjournalismreview.org\\\/es\\\/\"},{\"@type\":\"ListItem\",\"position\":2,\"name\":\"Fundaci\u00f3n espa\u00f1ola que cubre migraci\u00f3n crea comunidad con prensa latinoamericana para cambiar la narrativa de la migraci\u00f3n\"}]},{\"@type\":\"WebSite\",\"@id\":\"https:\\\/\\\/latamjournalismreview.org\\\/es\\\/#website\",\"url\":\"https:\\\/\\\/latamjournalismreview.org\\\/es\\\/\",\"name\":\"LatAm Journalism Review\",\"description\":\"Knight Center at The University of Texas\",\"publisher\":{\"@id\":\"https:\\\/\\\/latamjournalismreview.org\\\/es\\\/#organization\"},\"potentialAction\":[{\"@type\":\"SearchAction\",\"target\":{\"@type\":\"EntryPoint\",\"urlTemplate\":\"https:\\\/\\\/latamjournalismreview.org\\\/es\\\/?s={search_term_string}\"},\"query-input\":{\"@type\":\"PropertyValueSpecification\",\"valueRequired\":true,\"valueName\":\"search_term_string\"}}],\"inLanguage\":\"es\"},{\"@type\":\"Organization\",\"@id\":\"https:\\\/\\\/latamjournalismreview.org\\\/es\\\/#organization\",\"name\":\"LatAm Journalism Review\",\"url\":\"https:\\\/\\\/latamjournalismreview.org\\\/es\\\/\",\"logo\":{\"@type\":\"ImageObject\",\"inLanguage\":\"es\",\"@id\":\"https:\\\/\\\/latamjournalismreview.org\\\/es\\\/#\\\/schema\\\/logo\\\/image\\\/\",\"url\":\"https:\\\/\\\/latamjournalismreview.org\\\/wp-content\\\/uploads\\\/2020\\\/05\\\/knight-latAm-review-logo.svg\",\"contentUrl\":\"https:\\\/\\\/latamjournalismreview.org\\\/wp-content\\\/uploads\\\/2020\\\/05\\\/knight-latAm-review-logo.svg\",\"width\":\"1024\",\"height\":\"1024\",\"caption\":\"LatAm Journalism Review\"},\"image\":{\"@id\":\"https:\\\/\\\/latamjournalismreview.org\\\/es\\\/#\\\/schema\\\/logo\\\/image\\\/\"},\"sameAs\":[\"https:\\\/\\\/x.com\\\/LatAmJournalism\"]},{\"@type\":\"Person\",\"@id\":\"https:\\\/\\\/latamjournalismreview.org\\\/es\\\/#\\\/schema\\\/person\\\/d0b9fa850ef1b6f56bb445e52f29f63f\",\"name\":\"Paola Nalvarte\",\"description\":\"Paola Nalvarte is a Peruvian journalist and documentary photographer living in Austin, Texas. She focuses on covering and writing about the Andes region. In Peru, Paola worked in the Lima office of the Italian news agency ANSA, on the economic news desk of the daily Expreso, and for ten years she has been working on different editorial projects doing picture editing and research for one of the oldest Spanish-language papers in the world, the Peruvian newspaper El Comercio. She also enjoyed writing for the newspaper weekly magazine Somos. Paola Nalvarte es una periodista y fot\u00f3grafa documental peruana que vive en Austin, Texas. El foco de inter\u00e9s de su cobertura noticiosa es la regi\u00f3n andina. En Per\u00fa, Paola trabaj\u00f3 en la oficina de Lima de la agencia italiana de noticias ANSA, en la secci\u00f3n de econom\u00eda del diario Expreso y por diez a\u00f1os hizo investigaci\u00f3n fotogr\u00e1fica y edici\u00f3n de fotograf\u00eda editorial en el diario decano de la prensa peruana, El Comercio. Tambi\u00e9n escribi\u00f3 para Somos, la revista semanal del mismo diario\u200b, art\u00edculos sobre medio ambiente y cultura. Paola Nalvarte \u00e9 uma jornalista peruana e fot\u00f3grafa documentarista que vive em Austin, Texas. O foco de interesse da sua cobertura jornal\u00edstica \u00e9 a regi\u00e3o andina. No Peru, Paola trabalhou no escrit\u00f3rio de Lima da ag\u00eancia de not\u00edcias italiana ANSA, na se\u00e7\u00e3o de economia do jornal Expreso e, por dez anos, fez pesquisa fotogr\u00e1fica e edi\u00e7\u00e3o de fotografia editorial para um dos jornais em espanhol mais antigos do mundo, o jornal peruano El Comercio. Ela tamb\u00e9m escreveu artigos de meio ambiente e cultura para a Somos, a revista semanal do mesmo jornal.\",\"sameAs\":[\"https:\\\/\\\/x.com\\\/paolanalvarte\"],\"url\":\"https:\\\/\\\/latamjournalismreview.org\\\/es\\\/articles\\\/author\\\/paola-nalvarte\\\/\"}]}<\/script>\n<!-- \/ Yoast SEO Premium plugin. -->","yoast_head_json":{"title":"Fundaci\u00f3n espa\u00f1ola que cubre migraci\u00f3n crea comunidad con prensa latinoamericana para cambiar la narrativa de la migraci\u00f3n - LatAm Journalism Review","description":"Fundaci\u00f3n espa\u00f1ola que cubre migraci\u00f3n crea comunidad con prensa latinoamericana para cambiar la narrativa de la migraci\u00f3n Colaboraci\u00f3n. Latin American Journalism Review by The Knight Center at The University of Texas at Austin.","robots":{"index":"index","follow":"follow","max-snippet":"max-snippet:-1","max-image-preview":"max-image-preview:large","max-video-preview":"max-video-preview:-1"},"canonical":"https:\/\/latamjournalismreview.org\/es\/articles\/fundacion-espanola-que-cubre-migracion-crea-comunidad-con-prensa-latinoamericana-para-cambiar-la-narrativa-de-la-migracion\/","og_locale":"es_ES","og_type":"article","og_title":"Fundaci\u00f3n espa\u00f1ola que cubre migraci\u00f3n crea comunidad con prensa latinoamericana para cambiar la narrativa de la migraci\u00f3n","og_description":"Fundaci\u00f3n espa\u00f1ola que cubre migraci\u00f3n crea comunidad con prensa latinoamericana para cambiar la narrativa de la migraci\u00f3n Colaboraci\u00f3n. Latin American Journalism Review by The Knight Center at The University of Texas at Austin.","og_url":"https:\/\/latamjournalismreview.org\/es\/articles\/fundacion-espanola-que-cubre-migracion-crea-comunidad-con-prensa-latinoamericana-para-cambiar-la-narrativa-de-la-migracion\/","og_site_name":"LatAm Journalism Review","article_published_time":"2019-11-20T23:36:50+00:00","article_modified_time":"2020-05-31T02:14:58+00:00","author":"Paola Nalvarte","twitter_card":"summary_large_image","twitter_creator":"@paolanalvarte","twitter_site":"@LatAmJournalism","twitter_misc":{"Written by":"Paola Nalvarte","Est. reading time":"6 minutos"},"schema":{"@context":"https:\/\/schema.org","@graph":[{"@type":"Article","@id":"https:\/\/latamjournalismreview.org\/es\/articles\/fundacion-espanola-que-cubre-migracion-crea-comunidad-con-prensa-latinoamericana-para-cambiar-la-narrativa-de-la-migracion\/#article","isPartOf":{"@id":"https:\/\/latamjournalismreview.org\/es\/articles\/fundacion-espanola-que-cubre-migracion-crea-comunidad-con-prensa-latinoamericana-para-cambiar-la-narrativa-de-la-migracion\/"},"author":{"name":"Paola Nalvarte","@id":"https:\/\/latamjournalismreview.org\/es\/#\/schema\/person\/d0b9fa850ef1b6f56bb445e52f29f63f"},"headline":"Fundaci\u00f3n espa\u00f1ola que cubre migraci\u00f3n crea comunidad con prensa latinoamericana para cambiar la narrativa de la migraci\u00f3n","datePublished":"2019-11-20T23:36:50+00:00","dateModified":"2020-05-31T02:14:58+00:00","mainEntityOfPage":{"@id":"https:\/\/latamjournalismreview.org\/es\/articles\/fundacion-espanola-que-cubre-migracion-crea-comunidad-con-prensa-latinoamericana-para-cambiar-la-narrativa-de-la-migracion\/"},"wordCount":1283,"publisher":{"@id":"https:\/\/latamjournalismreview.org\/es\/#organization"},"articleSection":["Colaboraci\u00f3n"],"inLanguage":"es"},{"@type":"WebPage","@id":"https:\/\/latamjournalismreview.org\/es\/articles\/fundacion-espanola-que-cubre-migracion-crea-comunidad-con-prensa-latinoamericana-para-cambiar-la-narrativa-de-la-migracion\/","url":"https:\/\/latamjournalismreview.org\/es\/articles\/fundacion-espanola-que-cubre-migracion-crea-comunidad-con-prensa-latinoamericana-para-cambiar-la-narrativa-de-la-migracion\/","name":"Fundaci\u00f3n espa\u00f1ola que cubre migraci\u00f3n crea comunidad con prensa latinoamericana para cambiar la narrativa de la migraci\u00f3n - LatAm Journalism Review","isPartOf":{"@id":"https:\/\/latamjournalismreview.org\/es\/#website"},"datePublished":"2019-11-20T23:36:50+00:00","dateModified":"2020-05-31T02:14:58+00:00","description":"Fundaci\u00f3n espa\u00f1ola que cubre migraci\u00f3n crea comunidad con prensa latinoamericana para cambiar la narrativa de la migraci\u00f3n Colaboraci\u00f3n. Latin American Journalism Review by The Knight Center at The University of Texas at Austin.","breadcrumb":{"@id":"https:\/\/latamjournalismreview.org\/es\/articles\/fundacion-espanola-que-cubre-migracion-crea-comunidad-con-prensa-latinoamericana-para-cambiar-la-narrativa-de-la-migracion\/#breadcrumb"},"inLanguage":"es","potentialAction":[{"@type":"ReadAction","target":["https:\/\/latamjournalismreview.org\/es\/articles\/fundacion-espanola-que-cubre-migracion-crea-comunidad-con-prensa-latinoamericana-para-cambiar-la-narrativa-de-la-migracion\/"]}]},{"@type":"BreadcrumbList","@id":"https:\/\/latamjournalismreview.org\/es\/articles\/fundacion-espanola-que-cubre-migracion-crea-comunidad-con-prensa-latinoamericana-para-cambiar-la-narrativa-de-la-migracion\/#breadcrumb","itemListElement":[{"@type":"ListItem","position":1,"name":"Home","item":"https:\/\/latamjournalismreview.org\/es\/"},{"@type":"ListItem","position":2,"name":"Fundaci\u00f3n espa\u00f1ola que cubre migraci\u00f3n crea comunidad con prensa latinoamericana para cambiar la narrativa de la migraci\u00f3n"}]},{"@type":"WebSite","@id":"https:\/\/latamjournalismreview.org\/es\/#website","url":"https:\/\/latamjournalismreview.org\/es\/","name":"LatAm Journalism Review","description":"Knight Center at The University of Texas","publisher":{"@id":"https:\/\/latamjournalismreview.org\/es\/#organization"},"potentialAction":[{"@type":"SearchAction","target":{"@type":"EntryPoint","urlTemplate":"https:\/\/latamjournalismreview.org\/es\/?s={search_term_string}"},"query-input":{"@type":"PropertyValueSpecification","valueRequired":true,"valueName":"search_term_string"}}],"inLanguage":"es"},{"@type":"Organization","@id":"https:\/\/latamjournalismreview.org\/es\/#organization","name":"LatAm Journalism Review","url":"https:\/\/latamjournalismreview.org\/es\/","logo":{"@type":"ImageObject","inLanguage":"es","@id":"https:\/\/latamjournalismreview.org\/es\/#\/schema\/logo\/image\/","url":"https:\/\/latamjournalismreview.org\/wp-content\/uploads\/2020\/05\/knight-latAm-review-logo.svg","contentUrl":"https:\/\/latamjournalismreview.org\/wp-content\/uploads\/2020\/05\/knight-latAm-review-logo.svg","width":"1024","height":"1024","caption":"LatAm Journalism Review"},"image":{"@id":"https:\/\/latamjournalismreview.org\/es\/#\/schema\/logo\/image\/"},"sameAs":["https:\/\/x.com\/LatAmJournalism"]},{"@type":"Person","@id":"https:\/\/latamjournalismreview.org\/es\/#\/schema\/person\/d0b9fa850ef1b6f56bb445e52f29f63f","name":"Paola Nalvarte","description":"Paola Nalvarte is a Peruvian journalist and documentary photographer living in Austin, Texas. She focuses on covering and writing about the Andes region. In Peru, Paola worked in the Lima office of the Italian news agency ANSA, on the economic news desk of the daily Expreso, and for ten years she has been working on different editorial projects doing picture editing and research for one of the oldest Spanish-language papers in the world, the Peruvian newspaper El Comercio. She also enjoyed writing for the newspaper weekly magazine Somos. Paola Nalvarte es una periodista y fot\u00f3grafa documental peruana que vive en Austin, Texas. El foco de inter\u00e9s de su cobertura noticiosa es la regi\u00f3n andina. En Per\u00fa, Paola trabaj\u00f3 en la oficina de Lima de la agencia italiana de noticias ANSA, en la secci\u00f3n de econom\u00eda del diario Expreso y por diez a\u00f1os hizo investigaci\u00f3n fotogr\u00e1fica y edici\u00f3n de fotograf\u00eda editorial en el diario decano de la prensa peruana, El Comercio. Tambi\u00e9n escribi\u00f3 para Somos, la revista semanal del mismo diario\u200b, art\u00edculos sobre medio ambiente y cultura. Paola Nalvarte \u00e9 uma jornalista peruana e fot\u00f3grafa documentarista que vive em Austin, Texas. O foco de interesse da sua cobertura jornal\u00edstica \u00e9 a regi\u00e3o andina. No Peru, Paola trabalhou no escrit\u00f3rio de Lima da ag\u00eancia de not\u00edcias italiana ANSA, na se\u00e7\u00e3o de economia do jornal Expreso e, por dez anos, fez pesquisa fotogr\u00e1fica e edi\u00e7\u00e3o de fotografia editorial para um dos jornais em espanhol mais antigos do mundo, o jornal peruano El Comercio. Ela tamb\u00e9m escreveu artigos de meio ambiente e cultura para a Somos, a revista semanal do mesmo jornal.","sameAs":["https:\/\/x.com\/paolanalvarte"],"url":"https:\/\/latamjournalismreview.org\/es\/articles\/author\/paola-nalvarte\/"}]}},"_links":{"self":[{"href":"https:\/\/latamjournalismreview.org\/es\/wp-json\/wp\/v2\/posts\/3889","targetHints":{"allow":["GET"]}}],"collection":[{"href":"https:\/\/latamjournalismreview.org\/es\/wp-json\/wp\/v2\/posts"}],"about":[{"href":"https:\/\/latamjournalismreview.org\/es\/wp-json\/wp\/v2\/types\/post"}],"author":[{"embeddable":true,"href":"https:\/\/latamjournalismreview.org\/es\/wp-json\/wp\/v2\/users\/4"}],"replies":[{"embeddable":true,"href":"https:\/\/latamjournalismreview.org\/es\/wp-json\/wp\/v2\/comments?post=3889"}],"version-history":[{"count":3,"href":"https:\/\/latamjournalismreview.org\/es\/wp-json\/wp\/v2\/posts\/3889\/revisions"}],"predecessor-version":[{"id":3906,"href":"https:\/\/latamjournalismreview.org\/es\/wp-json\/wp\/v2\/posts\/3889\/revisions\/3906"}],"wp:attachment":[{"href":"https:\/\/latamjournalismreview.org\/es\/wp-json\/wp\/v2\/media?parent=3889"}],"wp:term":[{"taxonomy":"category","embeddable":true,"href":"https:\/\/latamjournalismreview.org\/es\/wp-json\/wp\/v2\/categories?post=3889"},{"taxonomy":"post_tag","embeddable":true,"href":"https:\/\/latamjournalismreview.org\/es\/wp-json\/wp\/v2\/tags?post=3889"},{"taxonomy":"author","embeddable":true,"href":"https:\/\/latamjournalismreview.org\/es\/wp-json\/wp\/v2\/coauthors?post=3889"}],"curies":[{"name":"wp","href":"https:\/\/api.w.org\/{rel}","templated":true}]}}