{"id":39108,"date":"2013-10-04T16:21:41","date_gmt":"2013-10-04T21:21:41","guid":{"rendered":"https:\/\/latamjournalismreview.org\/?p=39108"},"modified":"2021-10-25T16:23:22","modified_gmt":"2021-10-25T21:23:22","slug":"prohiben-a-maestros-de-provincia-ecuatoriana-dar-declaraciones-a-medios","status":"publish","type":"post","link":"https:\/\/latamjournalismreview.org\/es\/articles\/prohiben-a-maestros-de-provincia-ecuatoriana-dar-declaraciones-a-medios\/","title":{"rendered":"Proh\u00edben a maestros de provincia ecuatoriana dar declaraciones a medios"},"content":{"rendered":"<p>Luis Chancay, presidente de la Uni\u00f3n Nacional de Educadores del Guayas, interpuso una\u00a0<a href=\"http:\/\/www.eluniverso.com\/noticias\/2013\/09\/25\/nota\/1492851\/une-pide-defensoria-levantar-prohibicion\" target=\"_blank\" rel=\"noopener\">denuncia ante la Defensor\u00eda del Pueblo el 23 de septiembre a ra\u00edz del memor\u00e1ndum del Ministerio de Educaci\u00f3n de Ecuador<\/a>: este proh\u00edbe a los rectores, directores y docentes de las entidades educativas fiscales de la Provincia del Guayas dar declaraciones a los medios de comunicaci\u00f3n sin la autorizaci\u00f3n de la Subsecretaria de dicho ministerio, seg\u00fan publicaciones de diario El Universal.<\/p>\n<p>Seg\u00fan\u00a0el diario ecuatoriano, Chancay declar\u00f3 en la denuncia que\u00a0<a href=\"http:\/\/www.eluniverso.com\/noticias\/2013\/09\/25\/nota\/1492851\/une-pide-defensoria-levantar-prohibicion\" target=\"_blank\" rel=\"noopener\">esta prohibici\u00f3n viola de manera flagrante los derechos y garant\u00edas constitucionales<\/a>\u00a0de todos los ciudadanos a la libertad de expresi\u00f3n. En el caso de los maestros, agreg\u00f3, este derecho a expresarse libremente tambi\u00e9n lo contempla la Ley Org\u00e1nica de Educaci\u00f3n Intercultural en su art\u00edculo 10.<\/p>\n<p>En entrevista a Fundamedios, el presidente de la UNE del Guayas dijo respecto al memor\u00e1ndum SEDG-2013-01159-MEM del 9 de septiembre, recibido por 11 directores distritales, que con esta medida \u201c<a href=\"http:\/\/www.fundamedios.org\/monitoreo-de-libertades\/alertas\/ministerio-prohibe-maestros-dar-declaraciones-medios\" target=\"_blank\" rel=\"noopener\">se pretende silenciar y amordazar a los maestros<\/a>\u00a0por el temor que tienen a que los docentes pongamos al descubierto la realidad por la que atraviesa el magisterio ecuatoriano\u201d.<\/p>\n<p>Sobre este punto, Chancay tambi\u00e9n declar\u00f3 a El Universal que lo que se quiere con esta prohibici\u00f3n es\u00a0<a href=\"http:\/\/www.eluniverso.com\/noticias\/2013\/09\/25\/nota\/1492851\/une-pide-defensoria-levantar-prohibicion\" target=\"_blank\" rel=\"noopener\">que los maestros no opinen<\/a>\u00a0sobre el pago de jubilaciones en bonos, ni sobre el incremento de horas sin aumento de sueldo.<\/p>\n<p>El memorandum del despacho de Augusto Espinosa, firmado por Carol Paola Segovia Muentes, Jefa Zonal de Comunicaci\u00f3n Social, dice lo siguiente: \u201cCumplo con informarles que por disposici\u00f3n de Planta Central, los\u00a0<a href=\"http:\/\/www.fundamedios.org\/monitoreo-de-libertades\/alertas\/ministerio-prohibe-maestros-dar-declaraciones-medios\" target=\"_blank\" rel=\"noopener\">rectores, directores y docentes NO deben rendir declaraciones a medios de comunicaci\u00f3n<\/a>. El Ministerio de Educaci\u00f3n, para evitar que se mal informe, tiene definido sus voceros. Por lo tanto, solicito a ustedes cumplir con esta disposici\u00f3n y en caso de requerir dar declaraciones deber\u00e1n solicitar a la Subsecretar\u00eda\u201d.<\/p>\n<p><em>Nota del editor: Esta historia fue publicada originalmente en el blog Periodismo en las Am\u00e9ricas del Centro Knight, el predecesor de LatAm Journalism Review.<\/em><\/p>\n","protected":false},"excerpt":{"rendered":"<p>Luis Chancay, presidente de la Uni\u00f3n Nacional de Educadores del Guayas, interpuso una\u00a0denuncia ante la Defensor\u00eda del Pueblo el 23 de septiembre a ra\u00edz del memor\u00e1ndum del Ministerio de Educaci\u00f3n de Ecuador: este proh\u00edbe a los rectores, directores y docentes de las entidades educativas fiscales de la Provincia del Guayas dar declaraciones a los medios de comunicaci\u00f3n sin la autorizaci\u00f3n de la Subsecretaria de dicho ministerio, seg\u00fan publicaciones de diario El Universal.<\/p>\n","protected":false},"author":4,"featured_media":0,"comment_status":"closed","ping_status":"closed","sticky":false,"template":"","format":"standard","meta":{"inline_featured_image":false,"footnotes":""},"categories":[1227],"tags":[1404,1443],"coauthors":[],"class_list":["post-39108","post","type-post","status-publish","format-standard","hentry","category-acceso-a-la-informacion-es","tag-censura-es","tag-ecuador-es"],"acf":[],"yoast_head":"<!-- This site is optimized with the Yoast SEO Premium plugin v22.6 (Yoast SEO v27.4) - https:\/\/yoast.com\/product\/yoast-seo-premium-wordpress\/ -->\n<title>Proh\u00edben a maestros de provincia ecuatoriana dar declaraciones a medios - LatAm Journalism Review<\/title>\n<meta name=\"description\" content=\"Proh\u00edben a maestros de provincia ecuatoriana dar declaraciones a medios Acceso a la Informaci\u00f3n. Latin American Journalism Review by The Knight Center at The University of Texas at Austin.\" \/>\n<meta name=\"robots\" content=\"index, follow, max-snippet:-1, max-image-preview:large, max-video-preview:-1\" \/>\n<link rel=\"canonical\" href=\"https:\/\/latamjournalismreview.org\/es\/articles\/prohiben-a-maestros-de-provincia-ecuatoriana-dar-declaraciones-a-medios\/\" \/>\n<meta property=\"og:locale\" content=\"es_ES\" \/>\n<meta property=\"og:type\" content=\"article\" \/>\n<meta property=\"og:title\" content=\"Proh\u00edben a maestros de provincia ecuatoriana dar declaraciones a medios\" \/>\n<meta property=\"og:description\" content=\"Proh\u00edben a maestros de provincia ecuatoriana dar declaraciones a medios Acceso a la Informaci\u00f3n. Latin American Journalism Review by The Knight Center at The University of Texas at Austin.\" \/>\n<meta property=\"og:url\" content=\"https:\/\/latamjournalismreview.org\/es\/articles\/prohiben-a-maestros-de-provincia-ecuatoriana-dar-declaraciones-a-medios\/\" \/>\n<meta property=\"og:site_name\" content=\"LatAm Journalism Review\" \/>\n<meta property=\"article:published_time\" content=\"2013-10-04T21:21:41+00:00\" \/>\n<meta property=\"article:modified_time\" content=\"2021-10-25T21:23:22+00:00\" \/>\n<meta name=\"author\" content=\"Paola Nalvarte\" \/>\n<meta name=\"twitter:card\" content=\"summary_large_image\" \/>\n<meta name=\"twitter:creator\" content=\"@paolanalvarte\" \/>\n<meta name=\"twitter:site\" content=\"@LatAmJournalism\" \/>\n<meta name=\"twitter:label1\" content=\"Written by\" \/>\n\t<meta name=\"twitter:data1\" content=\"Paola Nalvarte\" \/>\n\t<meta name=\"twitter:label2\" content=\"Est. reading time\" \/>\n\t<meta name=\"twitter:data2\" content=\"2 minutos\" \/>\n<script type=\"application\/ld+json\" class=\"yoast-schema-graph\">{\"@context\":\"https:\\\/\\\/schema.org\",\"@graph\":[{\"@type\":\"Article\",\"@id\":\"https:\\\/\\\/latamjournalismreview.org\\\/es\\\/articles\\\/prohiben-a-maestros-de-provincia-ecuatoriana-dar-declaraciones-a-medios\\\/#article\",\"isPartOf\":{\"@id\":\"https:\\\/\\\/latamjournalismreview.org\\\/es\\\/articles\\\/prohiben-a-maestros-de-provincia-ecuatoriana-dar-declaraciones-a-medios\\\/\"},\"author\":{\"name\":\"Paola Nalvarte\",\"@id\":\"https:\\\/\\\/latamjournalismreview.org\\\/es\\\/#\\\/schema\\\/person\\\/d0b9fa850ef1b6f56bb445e52f29f63f\"},\"headline\":\"Proh\u00edben a maestros de provincia ecuatoriana dar declaraciones a medios\",\"datePublished\":\"2013-10-04T21:21:41+00:00\",\"dateModified\":\"2021-10-25T21:23:22+00:00\",\"mainEntityOfPage\":{\"@id\":\"https:\\\/\\\/latamjournalismreview.org\\\/es\\\/articles\\\/prohiben-a-maestros-de-provincia-ecuatoriana-dar-declaraciones-a-medios\\\/\"},\"wordCount\":366,\"publisher\":{\"@id\":\"https:\\\/\\\/latamjournalismreview.org\\\/es\\\/#organization\"},\"keywords\":[\"Censura\",\"Ecuador\"],\"articleSection\":[\"Acceso a la Informaci\u00f3n\"],\"inLanguage\":\"es\"},{\"@type\":\"WebPage\",\"@id\":\"https:\\\/\\\/latamjournalismreview.org\\\/es\\\/articles\\\/prohiben-a-maestros-de-provincia-ecuatoriana-dar-declaraciones-a-medios\\\/\",\"url\":\"https:\\\/\\\/latamjournalismreview.org\\\/es\\\/articles\\\/prohiben-a-maestros-de-provincia-ecuatoriana-dar-declaraciones-a-medios\\\/\",\"name\":\"Proh\u00edben a maestros de provincia ecuatoriana dar declaraciones a medios - LatAm Journalism Review\",\"isPartOf\":{\"@id\":\"https:\\\/\\\/latamjournalismreview.org\\\/es\\\/#website\"},\"datePublished\":\"2013-10-04T21:21:41+00:00\",\"dateModified\":\"2021-10-25T21:23:22+00:00\",\"description\":\"Proh\u00edben a maestros de provincia ecuatoriana dar declaraciones a medios Acceso a la Informaci\u00f3n. Latin American Journalism Review by The Knight Center at The University of Texas at Austin.\",\"breadcrumb\":{\"@id\":\"https:\\\/\\\/latamjournalismreview.org\\\/es\\\/articles\\\/prohiben-a-maestros-de-provincia-ecuatoriana-dar-declaraciones-a-medios\\\/#breadcrumb\"},\"inLanguage\":\"es\",\"potentialAction\":[{\"@type\":\"ReadAction\",\"target\":[\"https:\\\/\\\/latamjournalismreview.org\\\/es\\\/articles\\\/prohiben-a-maestros-de-provincia-ecuatoriana-dar-declaraciones-a-medios\\\/\"]}]},{\"@type\":\"BreadcrumbList\",\"@id\":\"https:\\\/\\\/latamjournalismreview.org\\\/es\\\/articles\\\/prohiben-a-maestros-de-provincia-ecuatoriana-dar-declaraciones-a-medios\\\/#breadcrumb\",\"itemListElement\":[{\"@type\":\"ListItem\",\"position\":1,\"name\":\"Home\",\"item\":\"https:\\\/\\\/latamjournalismreview.org\\\/es\\\/\"},{\"@type\":\"ListItem\",\"position\":2,\"name\":\"Proh\u00edben a maestros de provincia ecuatoriana dar declaraciones a medios\"}]},{\"@type\":\"WebSite\",\"@id\":\"https:\\\/\\\/latamjournalismreview.org\\\/es\\\/#website\",\"url\":\"https:\\\/\\\/latamjournalismreview.org\\\/es\\\/\",\"name\":\"LatAm Journalism Review\",\"description\":\"Knight Center at The University of Texas\",\"publisher\":{\"@id\":\"https:\\\/\\\/latamjournalismreview.org\\\/es\\\/#organization\"},\"potentialAction\":[{\"@type\":\"SearchAction\",\"target\":{\"@type\":\"EntryPoint\",\"urlTemplate\":\"https:\\\/\\\/latamjournalismreview.org\\\/es\\\/?s={search_term_string}\"},\"query-input\":{\"@type\":\"PropertyValueSpecification\",\"valueRequired\":true,\"valueName\":\"search_term_string\"}}],\"inLanguage\":\"es\"},{\"@type\":\"Organization\",\"@id\":\"https:\\\/\\\/latamjournalismreview.org\\\/es\\\/#organization\",\"name\":\"LatAm Journalism Review\",\"url\":\"https:\\\/\\\/latamjournalismreview.org\\\/es\\\/\",\"logo\":{\"@type\":\"ImageObject\",\"inLanguage\":\"es\",\"@id\":\"https:\\\/\\\/latamjournalismreview.org\\\/es\\\/#\\\/schema\\\/logo\\\/image\\\/\",\"url\":\"https:\\\/\\\/latamjournalismreview.org\\\/wp-content\\\/uploads\\\/2020\\\/05\\\/knight-latAm-review-logo.svg\",\"contentUrl\":\"https:\\\/\\\/latamjournalismreview.org\\\/wp-content\\\/uploads\\\/2020\\\/05\\\/knight-latAm-review-logo.svg\",\"width\":\"1024\",\"height\":\"1024\",\"caption\":\"LatAm Journalism Review\"},\"image\":{\"@id\":\"https:\\\/\\\/latamjournalismreview.org\\\/es\\\/#\\\/schema\\\/logo\\\/image\\\/\"},\"sameAs\":[\"https:\\\/\\\/x.com\\\/LatAmJournalism\"]},{\"@type\":\"Person\",\"@id\":\"https:\\\/\\\/latamjournalismreview.org\\\/es\\\/#\\\/schema\\\/person\\\/d0b9fa850ef1b6f56bb445e52f29f63f\",\"name\":\"Paola Nalvarte\",\"description\":\"Paola Nalvarte is a Peruvian journalist and documentary photographer living in Austin, Texas. She focuses on covering and writing about the Andes region. In Peru, Paola worked in the Lima office of the Italian news agency ANSA, on the economic news desk of the daily Expreso, and for ten years she has been working on different editorial projects doing picture editing and research for one of the oldest Spanish-language papers in the world, the Peruvian newspaper El Comercio. She also enjoyed writing for the newspaper weekly magazine Somos. Paola Nalvarte es una periodista y fot\u00f3grafa documental peruana que vive en Austin, Texas. El foco de inter\u00e9s de su cobertura noticiosa es la regi\u00f3n andina. En Per\u00fa, Paola trabaj\u00f3 en la oficina de Lima de la agencia italiana de noticias ANSA, en la secci\u00f3n de econom\u00eda del diario Expreso y por diez a\u00f1os hizo investigaci\u00f3n fotogr\u00e1fica y edici\u00f3n de fotograf\u00eda editorial en el diario decano de la prensa peruana, El Comercio. Tambi\u00e9n escribi\u00f3 para Somos, la revista semanal del mismo diario\u200b, art\u00edculos sobre medio ambiente y cultura. Paola Nalvarte \u00e9 uma jornalista peruana e fot\u00f3grafa documentarista que vive em Austin, Texas. O foco de interesse da sua cobertura jornal\u00edstica \u00e9 a regi\u00e3o andina. No Peru, Paola trabalhou no escrit\u00f3rio de Lima da ag\u00eancia de not\u00edcias italiana ANSA, na se\u00e7\u00e3o de economia do jornal Expreso e, por dez anos, fez pesquisa fotogr\u00e1fica e edi\u00e7\u00e3o de fotografia editorial para um dos jornais em espanhol mais antigos do mundo, o jornal peruano El Comercio. Ela tamb\u00e9m escreveu artigos de meio ambiente e cultura para a Somos, a revista semanal do mesmo jornal.\",\"sameAs\":[\"https:\\\/\\\/x.com\\\/paolanalvarte\"],\"url\":\"https:\\\/\\\/latamjournalismreview.org\\\/es\\\/articles\\\/author\\\/paola-nalvarte\\\/\"}]}<\/script>\n<!-- \/ Yoast SEO Premium plugin. -->","yoast_head_json":{"title":"Proh\u00edben a maestros de provincia ecuatoriana dar declaraciones a medios - LatAm Journalism Review","description":"Proh\u00edben a maestros de provincia ecuatoriana dar declaraciones a medios Acceso a la Informaci\u00f3n. Latin American Journalism Review by The Knight Center at The University of Texas at Austin.","robots":{"index":"index","follow":"follow","max-snippet":"max-snippet:-1","max-image-preview":"max-image-preview:large","max-video-preview":"max-video-preview:-1"},"canonical":"https:\/\/latamjournalismreview.org\/es\/articles\/prohiben-a-maestros-de-provincia-ecuatoriana-dar-declaraciones-a-medios\/","og_locale":"es_ES","og_type":"article","og_title":"Proh\u00edben a maestros de provincia ecuatoriana dar declaraciones a medios","og_description":"Proh\u00edben a maestros de provincia ecuatoriana dar declaraciones a medios Acceso a la Informaci\u00f3n. Latin American Journalism Review by The Knight Center at The University of Texas at Austin.","og_url":"https:\/\/latamjournalismreview.org\/es\/articles\/prohiben-a-maestros-de-provincia-ecuatoriana-dar-declaraciones-a-medios\/","og_site_name":"LatAm Journalism Review","article_published_time":"2013-10-04T21:21:41+00:00","article_modified_time":"2021-10-25T21:23:22+00:00","author":"Paola Nalvarte","twitter_card":"summary_large_image","twitter_creator":"@paolanalvarte","twitter_site":"@LatAmJournalism","twitter_misc":{"Written by":"Paola Nalvarte","Est. reading time":"2 minutos"},"schema":{"@context":"https:\/\/schema.org","@graph":[{"@type":"Article","@id":"https:\/\/latamjournalismreview.org\/es\/articles\/prohiben-a-maestros-de-provincia-ecuatoriana-dar-declaraciones-a-medios\/#article","isPartOf":{"@id":"https:\/\/latamjournalismreview.org\/es\/articles\/prohiben-a-maestros-de-provincia-ecuatoriana-dar-declaraciones-a-medios\/"},"author":{"name":"Paola Nalvarte","@id":"https:\/\/latamjournalismreview.org\/es\/#\/schema\/person\/d0b9fa850ef1b6f56bb445e52f29f63f"},"headline":"Proh\u00edben a maestros de provincia ecuatoriana dar declaraciones a medios","datePublished":"2013-10-04T21:21:41+00:00","dateModified":"2021-10-25T21:23:22+00:00","mainEntityOfPage":{"@id":"https:\/\/latamjournalismreview.org\/es\/articles\/prohiben-a-maestros-de-provincia-ecuatoriana-dar-declaraciones-a-medios\/"},"wordCount":366,"publisher":{"@id":"https:\/\/latamjournalismreview.org\/es\/#organization"},"keywords":["Censura","Ecuador"],"articleSection":["Acceso a la Informaci\u00f3n"],"inLanguage":"es"},{"@type":"WebPage","@id":"https:\/\/latamjournalismreview.org\/es\/articles\/prohiben-a-maestros-de-provincia-ecuatoriana-dar-declaraciones-a-medios\/","url":"https:\/\/latamjournalismreview.org\/es\/articles\/prohiben-a-maestros-de-provincia-ecuatoriana-dar-declaraciones-a-medios\/","name":"Proh\u00edben a maestros de provincia ecuatoriana dar declaraciones a medios - LatAm Journalism Review","isPartOf":{"@id":"https:\/\/latamjournalismreview.org\/es\/#website"},"datePublished":"2013-10-04T21:21:41+00:00","dateModified":"2021-10-25T21:23:22+00:00","description":"Proh\u00edben a maestros de provincia ecuatoriana dar declaraciones a medios Acceso a la Informaci\u00f3n. Latin American Journalism Review by The Knight Center at The University of Texas at Austin.","breadcrumb":{"@id":"https:\/\/latamjournalismreview.org\/es\/articles\/prohiben-a-maestros-de-provincia-ecuatoriana-dar-declaraciones-a-medios\/#breadcrumb"},"inLanguage":"es","potentialAction":[{"@type":"ReadAction","target":["https:\/\/latamjournalismreview.org\/es\/articles\/prohiben-a-maestros-de-provincia-ecuatoriana-dar-declaraciones-a-medios\/"]}]},{"@type":"BreadcrumbList","@id":"https:\/\/latamjournalismreview.org\/es\/articles\/prohiben-a-maestros-de-provincia-ecuatoriana-dar-declaraciones-a-medios\/#breadcrumb","itemListElement":[{"@type":"ListItem","position":1,"name":"Home","item":"https:\/\/latamjournalismreview.org\/es\/"},{"@type":"ListItem","position":2,"name":"Proh\u00edben a maestros de provincia ecuatoriana dar declaraciones a medios"}]},{"@type":"WebSite","@id":"https:\/\/latamjournalismreview.org\/es\/#website","url":"https:\/\/latamjournalismreview.org\/es\/","name":"LatAm Journalism Review","description":"Knight Center at The University of Texas","publisher":{"@id":"https:\/\/latamjournalismreview.org\/es\/#organization"},"potentialAction":[{"@type":"SearchAction","target":{"@type":"EntryPoint","urlTemplate":"https:\/\/latamjournalismreview.org\/es\/?s={search_term_string}"},"query-input":{"@type":"PropertyValueSpecification","valueRequired":true,"valueName":"search_term_string"}}],"inLanguage":"es"},{"@type":"Organization","@id":"https:\/\/latamjournalismreview.org\/es\/#organization","name":"LatAm Journalism Review","url":"https:\/\/latamjournalismreview.org\/es\/","logo":{"@type":"ImageObject","inLanguage":"es","@id":"https:\/\/latamjournalismreview.org\/es\/#\/schema\/logo\/image\/","url":"https:\/\/latamjournalismreview.org\/wp-content\/uploads\/2020\/05\/knight-latAm-review-logo.svg","contentUrl":"https:\/\/latamjournalismreview.org\/wp-content\/uploads\/2020\/05\/knight-latAm-review-logo.svg","width":"1024","height":"1024","caption":"LatAm Journalism Review"},"image":{"@id":"https:\/\/latamjournalismreview.org\/es\/#\/schema\/logo\/image\/"},"sameAs":["https:\/\/x.com\/LatAmJournalism"]},{"@type":"Person","@id":"https:\/\/latamjournalismreview.org\/es\/#\/schema\/person\/d0b9fa850ef1b6f56bb445e52f29f63f","name":"Paola Nalvarte","description":"Paola Nalvarte is a Peruvian journalist and documentary photographer living in Austin, Texas. She focuses on covering and writing about the Andes region. In Peru, Paola worked in the Lima office of the Italian news agency ANSA, on the economic news desk of the daily Expreso, and for ten years she has been working on different editorial projects doing picture editing and research for one of the oldest Spanish-language papers in the world, the Peruvian newspaper El Comercio. She also enjoyed writing for the newspaper weekly magazine Somos. Paola Nalvarte es una periodista y fot\u00f3grafa documental peruana que vive en Austin, Texas. El foco de inter\u00e9s de su cobertura noticiosa es la regi\u00f3n andina. En Per\u00fa, Paola trabaj\u00f3 en la oficina de Lima de la agencia italiana de noticias ANSA, en la secci\u00f3n de econom\u00eda del diario Expreso y por diez a\u00f1os hizo investigaci\u00f3n fotogr\u00e1fica y edici\u00f3n de fotograf\u00eda editorial en el diario decano de la prensa peruana, El Comercio. Tambi\u00e9n escribi\u00f3 para Somos, la revista semanal del mismo diario\u200b, art\u00edculos sobre medio ambiente y cultura. Paola Nalvarte \u00e9 uma jornalista peruana e fot\u00f3grafa documentarista que vive em Austin, Texas. O foco de interesse da sua cobertura jornal\u00edstica \u00e9 a regi\u00e3o andina. No Peru, Paola trabalhou no escrit\u00f3rio de Lima da ag\u00eancia de not\u00edcias italiana ANSA, na se\u00e7\u00e3o de economia do jornal Expreso e, por dez anos, fez pesquisa fotogr\u00e1fica e edi\u00e7\u00e3o de fotografia editorial para um dos jornais em espanhol mais antigos do mundo, o jornal peruano El Comercio. Ela tamb\u00e9m escreveu artigos de meio ambiente e cultura para a Somos, a revista semanal do mesmo jornal.","sameAs":["https:\/\/x.com\/paolanalvarte"],"url":"https:\/\/latamjournalismreview.org\/es\/articles\/author\/paola-nalvarte\/"}]}},"_links":{"self":[{"href":"https:\/\/latamjournalismreview.org\/es\/wp-json\/wp\/v2\/posts\/39108","targetHints":{"allow":["GET"]}}],"collection":[{"href":"https:\/\/latamjournalismreview.org\/es\/wp-json\/wp\/v2\/posts"}],"about":[{"href":"https:\/\/latamjournalismreview.org\/es\/wp-json\/wp\/v2\/types\/post"}],"author":[{"embeddable":true,"href":"https:\/\/latamjournalismreview.org\/es\/wp-json\/wp\/v2\/users\/4"}],"replies":[{"embeddable":true,"href":"https:\/\/latamjournalismreview.org\/es\/wp-json\/wp\/v2\/comments?post=39108"}],"version-history":[{"count":1,"href":"https:\/\/latamjournalismreview.org\/es\/wp-json\/wp\/v2\/posts\/39108\/revisions"}],"predecessor-version":[{"id":39110,"href":"https:\/\/latamjournalismreview.org\/es\/wp-json\/wp\/v2\/posts\/39108\/revisions\/39110"}],"wp:attachment":[{"href":"https:\/\/latamjournalismreview.org\/es\/wp-json\/wp\/v2\/media?parent=39108"}],"wp:term":[{"taxonomy":"category","embeddable":true,"href":"https:\/\/latamjournalismreview.org\/es\/wp-json\/wp\/v2\/categories?post=39108"},{"taxonomy":"post_tag","embeddable":true,"href":"https:\/\/latamjournalismreview.org\/es\/wp-json\/wp\/v2\/tags?post=39108"},{"taxonomy":"author","embeddable":true,"href":"https:\/\/latamjournalismreview.org\/es\/wp-json\/wp\/v2\/coauthors?post=39108"}],"curies":[{"name":"wp","href":"https:\/\/api.w.org\/{rel}","templated":true}]}}