{"id":39143,"date":"2013-11-27T18:23:53","date_gmt":"2013-11-27T23:23:53","guid":{"rendered":"https:\/\/latamjournalismreview.org\/?p=39143"},"modified":"2021-10-25T18:09:37","modified_gmt":"2021-10-25T23:09:37","slug":"diario-espanol-el-pais-estrena-edicion-digital-en-portugues","status":"publish","type":"post","link":"https:\/\/latamjournalismreview.org\/es\/articles\/diario-espanol-el-pais-estrena-edicion-digital-en-portugues\/","title":{"rendered":"Diario espa\u00f1ol El Pa\u00eds estrena edici\u00f3n digital en portugu\u00e9s"},"content":{"rendered":"<p>El reconocido diario de lengua espa\u00f1ola El Pa\u00eds, con circulaci\u00f3n en Europa y Am\u00e9rica Latina, estren\u00f3 el 26 de noviembre su edici\u00f3n en portugu\u00e9s, iniciando as\u00ed\u00a0sus operaciones en Brasil. Se espera que la publicaci\u00f3n produzca un significativo incremento de lectores brasile\u00f1os.<\/p>\n<p>Con una <a href=\"http:\/\/www.meioemensagem.com.br\/home\/midia\/noticias\/2013\/11\/26\/El-Pais-inaugura-seu-portal-brasileiro.html\">inversi\u00f3n anual\u00a0de 2,5 millones de euros<\/a>, oficina en\u00a0S\u00e3o\u00a0Paulo y un equipo de 12 periodistas bajo la direcci\u00f3n de Luis Prados - responsable de la redacci\u00f3n de\u00a0<a href=\"http:\/\/elpais.com\/elpais\/portada_america.html?cp=2\">El Pa\u00eds\u00a0Am\u00e9ricas<\/a>\u00a0- la versi\u00f3n brasile\u00f1a cuenta con columnistas como\u00a0Lu\u00eds\u00a0In\u00e1cio\u00a0Lula da Silva,\u00a0Paulo\u00a0Coelho,\u00a0Eliane\u00a0Brum,\u00a0Lu\u00eds\u00a0Ruffato\u00a0y Juan Arias,\u00a0seg\u00fan\u00a0Meio\u00a0e\u00a0Mensagem. Su primer titular es\u00a0una <a href=\"http:\/\/brasil.elpais.com\/brasil\/2013\/11\/26\/politica\/1385435951_832236.html\">entrevista a la presidente\u00a0Dilma\u00a0Rousseff<\/a>\u00a0sobre las protestas de junio y el caso de espionaje norteamericano.<\/p>\n<p>Adem\u00e1s de sus propios reportajes, la p\u00e1gina contar\u00e1 tambi\u00e9n con los contenidos traducidos que producen\u00a0periodistas de todo el mundo y columnistas internacionales, como Mario Vargas Llosa y Rosa Montero.<\/p>\n<p>Seg\u00fan el peri\u00f3dico, <a href=\"http:\/\/elpais.com\/elpais\/2013\/11\/26\/videos\/1385461018_803124.html\" target=\"_blank\" rel=\"noopener\">Brasil es un mercado estrat\u00e9gico que ya registraba un incremento en el acceso\u00a0de usuarios al sitio<\/a> espa\u00f1ol. La edici\u00f3n brasile\u00f1a del diario complementa el proyecto especial para Am\u00e9rica Latina\u00a0que comenz\u00f3 en marzo de este a\u00f1o. \"Para ser, en efecto, el peri\u00f3dico global iberoamericano, necesit\u00e1bamos expresarnos en los dos idiomas\", explic\u00f3 Juan Luis Cebri\u00e1n, presidente del grupo de comunicaci\u00f3n Prisa, due\u00f1o del diario, en el video\u00a0publicado en el sitio.<\/p>\n<p>El ejecutivo tambi\u00e9n habl\u00f3 de la decisi\u00f3n de mantener una sola versi\u00f3n de la publicaci\u00f3n en l\u00ednea. \"Es la primera vez que haremos un peri\u00f3dico exclusivamente digital desde su inicio. No existir\u00e1 una versi\u00f3n en papel, y si existiese, que es poco probable, ser\u00eda un complemento de la digital\".<\/p>\n<p>Para Javier Moreno, director de El Pa\u00eds, \"Brasil es tambi\u00e9n un foco de inter\u00e9s important\u00edsimo para el resto del continente y\u00a0del mundo\".<\/p>\n<p>Antes de El Pa\u00eds, <a href=\"http:\/\/knightcenter.utexas.edu\/pt-br\/blog\/00-11767-jornal-americano-new-york-times-planeja-estrear-edicao-online-voltada-para-publico-bra\" target=\"_blank\" rel=\"noopener\">otros grandes medios de comunicaci\u00f3n internacionales han anunciado recientemente tener al mercado brasile\u00f1o en la mira<\/a>, como The New York Times, que planea lanzar una versi\u00f3n en portugu\u00e9s en el a\u00f1o 2014, y el Financial Times, que ya cuenta con una versi\u00f3n impresa que s\u00f3lo puede ser adquirida por Internet.<\/p>\n<p><em>Nota del editor: Esta historia fue publicada originalmente en el blog Periodismo en las Am\u00e9ricas del Centro Knight, el predecesor de LatAm Journalism Review.<\/em><\/p>\n","protected":false},"excerpt":{"rendered":"<p>El reconocido diario de lengua espa\u00f1ola El Pa\u00eds, con circulaci\u00f3n en Europa y Am\u00e9rica Latina, estren\u00f3 el 26 de noviembre su edici\u00f3n en portugu\u00e9s, iniciando as\u00ed\u00a0sus operaciones en Brasil.<\/p>\n","protected":false},"author":42,"featured_media":0,"comment_status":"closed","ping_status":"closed","sticky":false,"template":"","format":"standard","meta":{"inline_featured_image":false,"footnotes":""},"categories":[1218],"tags":[1499],"coauthors":[],"class_list":["post-39143","post","type-post","status-publish","format-standard","hentry","category-innovacion-es","tag-periodismo-digital-es"],"acf":[],"yoast_head":"<!-- This site is optimized with the Yoast SEO Premium plugin v22.6 (Yoast SEO v27.4) - https:\/\/yoast.com\/product\/yoast-seo-premium-wordpress\/ -->\n<title>Diario espa\u00f1ol El Pa\u00eds estrena edici\u00f3n digital en portugu\u00e9s - LatAm Journalism Review<\/title>\n<meta name=\"description\" content=\"Diario espa\u00f1ol El Pa\u00eds estrena edici\u00f3n digital en portugu\u00e9s Innovaci\u00f3n. Latin American Journalism Review by The Knight Center at The University of Texas at Austin.\" \/>\n<meta name=\"robots\" content=\"index, follow, max-snippet:-1, max-image-preview:large, max-video-preview:-1\" \/>\n<link rel=\"canonical\" href=\"https:\/\/latamjournalismreview.org\/es\/articles\/diario-espanol-el-pais-estrena-edicion-digital-en-portugues\/\" \/>\n<meta property=\"og:locale\" content=\"es_ES\" \/>\n<meta property=\"og:type\" content=\"article\" \/>\n<meta property=\"og:title\" content=\"Diario espa\u00f1ol El Pa\u00eds estrena edici\u00f3n digital en portugu\u00e9s\" \/>\n<meta property=\"og:description\" content=\"Diario espa\u00f1ol El Pa\u00eds estrena edici\u00f3n digital en portugu\u00e9s Innovaci\u00f3n. Latin American Journalism Review by The Knight Center at The University of Texas at Austin.\" \/>\n<meta property=\"og:url\" content=\"https:\/\/latamjournalismreview.org\/es\/articles\/diario-espanol-el-pais-estrena-edicion-digital-en-portugues\/\" \/>\n<meta property=\"og:site_name\" content=\"LatAm Journalism Review\" \/>\n<meta property=\"article:published_time\" content=\"2013-11-27T23:23:53+00:00\" \/>\n<meta property=\"article:modified_time\" content=\"2021-10-25T23:09:37+00:00\" \/>\n<meta name=\"author\" content=\"Natalia Mazotte\" \/>\n<meta name=\"twitter:card\" content=\"summary_large_image\" \/>\n<meta name=\"twitter:creator\" content=\"@LatAmJournalism\" \/>\n<meta name=\"twitter:site\" content=\"@LatAmJournalism\" \/>\n<meta name=\"twitter:label1\" content=\"Written by\" \/>\n\t<meta name=\"twitter:data1\" content=\"Natalia Mazotte\" \/>\n\t<meta name=\"twitter:label2\" content=\"Est. reading time\" \/>\n\t<meta name=\"twitter:data2\" content=\"2 minutos\" \/>\n<script type=\"application\/ld+json\" class=\"yoast-schema-graph\">{\"@context\":\"https:\\\/\\\/schema.org\",\"@graph\":[{\"@type\":\"Article\",\"@id\":\"https:\\\/\\\/latamjournalismreview.org\\\/es\\\/articles\\\/diario-espanol-el-pais-estrena-edicion-digital-en-portugues\\\/#article\",\"isPartOf\":{\"@id\":\"https:\\\/\\\/latamjournalismreview.org\\\/es\\\/articles\\\/diario-espanol-el-pais-estrena-edicion-digital-en-portugues\\\/\"},\"author\":{\"name\":\"Natalia Mazotte\",\"@id\":\"https:\\\/\\\/latamjournalismreview.org\\\/es\\\/#\\\/schema\\\/person\\\/747457e530d741a9d192f00c32c7f884\"},\"headline\":\"Diario espa\u00f1ol El Pa\u00eds estrena edici\u00f3n digital en portugu\u00e9s\",\"datePublished\":\"2013-11-27T23:23:53+00:00\",\"dateModified\":\"2021-10-25T23:09:37+00:00\",\"mainEntityOfPage\":{\"@id\":\"https:\\\/\\\/latamjournalismreview.org\\\/es\\\/articles\\\/diario-espanol-el-pais-estrena-edicion-digital-en-portugues\\\/\"},\"wordCount\":444,\"publisher\":{\"@id\":\"https:\\\/\\\/latamjournalismreview.org\\\/es\\\/#organization\"},\"keywords\":[\"Periodismo digital\"],\"articleSection\":[\"Innovaci\u00f3n\"],\"inLanguage\":\"es\"},{\"@type\":\"WebPage\",\"@id\":\"https:\\\/\\\/latamjournalismreview.org\\\/es\\\/articles\\\/diario-espanol-el-pais-estrena-edicion-digital-en-portugues\\\/\",\"url\":\"https:\\\/\\\/latamjournalismreview.org\\\/es\\\/articles\\\/diario-espanol-el-pais-estrena-edicion-digital-en-portugues\\\/\",\"name\":\"Diario espa\u00f1ol El Pa\u00eds estrena edici\u00f3n digital en portugu\u00e9s - LatAm Journalism Review\",\"isPartOf\":{\"@id\":\"https:\\\/\\\/latamjournalismreview.org\\\/es\\\/#website\"},\"datePublished\":\"2013-11-27T23:23:53+00:00\",\"dateModified\":\"2021-10-25T23:09:37+00:00\",\"description\":\"Diario espa\u00f1ol El Pa\u00eds estrena edici\u00f3n digital en portugu\u00e9s Innovaci\u00f3n. Latin American Journalism Review by The Knight Center at The University of Texas at Austin.\",\"breadcrumb\":{\"@id\":\"https:\\\/\\\/latamjournalismreview.org\\\/es\\\/articles\\\/diario-espanol-el-pais-estrena-edicion-digital-en-portugues\\\/#breadcrumb\"},\"inLanguage\":\"es\",\"potentialAction\":[{\"@type\":\"ReadAction\",\"target\":[\"https:\\\/\\\/latamjournalismreview.org\\\/es\\\/articles\\\/diario-espanol-el-pais-estrena-edicion-digital-en-portugues\\\/\"]}]},{\"@type\":\"BreadcrumbList\",\"@id\":\"https:\\\/\\\/latamjournalismreview.org\\\/es\\\/articles\\\/diario-espanol-el-pais-estrena-edicion-digital-en-portugues\\\/#breadcrumb\",\"itemListElement\":[{\"@type\":\"ListItem\",\"position\":1,\"name\":\"Home\",\"item\":\"https:\\\/\\\/latamjournalismreview.org\\\/es\\\/\"},{\"@type\":\"ListItem\",\"position\":2,\"name\":\"Diario espa\u00f1ol El Pa\u00eds estrena edici\u00f3n digital en portugu\u00e9s\"}]},{\"@type\":\"WebSite\",\"@id\":\"https:\\\/\\\/latamjournalismreview.org\\\/es\\\/#website\",\"url\":\"https:\\\/\\\/latamjournalismreview.org\\\/es\\\/\",\"name\":\"LatAm Journalism Review\",\"description\":\"Knight Center at The University of Texas\",\"publisher\":{\"@id\":\"https:\\\/\\\/latamjournalismreview.org\\\/es\\\/#organization\"},\"potentialAction\":[{\"@type\":\"SearchAction\",\"target\":{\"@type\":\"EntryPoint\",\"urlTemplate\":\"https:\\\/\\\/latamjournalismreview.org\\\/es\\\/?s={search_term_string}\"},\"query-input\":{\"@type\":\"PropertyValueSpecification\",\"valueRequired\":true,\"valueName\":\"search_term_string\"}}],\"inLanguage\":\"es\"},{\"@type\":\"Organization\",\"@id\":\"https:\\\/\\\/latamjournalismreview.org\\\/es\\\/#organization\",\"name\":\"LatAm Journalism Review\",\"url\":\"https:\\\/\\\/latamjournalismreview.org\\\/es\\\/\",\"logo\":{\"@type\":\"ImageObject\",\"inLanguage\":\"es\",\"@id\":\"https:\\\/\\\/latamjournalismreview.org\\\/es\\\/#\\\/schema\\\/logo\\\/image\\\/\",\"url\":\"https:\\\/\\\/latamjournalismreview.org\\\/wp-content\\\/uploads\\\/2020\\\/05\\\/knight-latAm-review-logo.svg\",\"contentUrl\":\"https:\\\/\\\/latamjournalismreview.org\\\/wp-content\\\/uploads\\\/2020\\\/05\\\/knight-latAm-review-logo.svg\",\"width\":\"1024\",\"height\":\"1024\",\"caption\":\"LatAm Journalism Review\"},\"image\":{\"@id\":\"https:\\\/\\\/latamjournalismreview.org\\\/es\\\/#\\\/schema\\\/logo\\\/image\\\/\"},\"sameAs\":[\"https:\\\/\\\/x.com\\\/LatAmJournalism\"]},{\"@type\":\"Person\",\"@id\":\"https:\\\/\\\/latamjournalismreview.org\\\/es\\\/#\\\/schema\\\/person\\\/747457e530d741a9d192f00c32c7f884\",\"name\":\"Natalia Mazotte\",\"url\":\"https:\\\/\\\/latamjournalismreview.org\\\/es\\\/articles\\\/author\\\/natalia-mazotte\\\/\"}]}<\/script>\n<!-- \/ Yoast SEO Premium plugin. -->","yoast_head_json":{"title":"Diario espa\u00f1ol El Pa\u00eds estrena edici\u00f3n digital en portugu\u00e9s - LatAm Journalism Review","description":"Diario espa\u00f1ol El Pa\u00eds estrena edici\u00f3n digital en portugu\u00e9s Innovaci\u00f3n. Latin American Journalism Review by The Knight Center at The University of Texas at Austin.","robots":{"index":"index","follow":"follow","max-snippet":"max-snippet:-1","max-image-preview":"max-image-preview:large","max-video-preview":"max-video-preview:-1"},"canonical":"https:\/\/latamjournalismreview.org\/es\/articles\/diario-espanol-el-pais-estrena-edicion-digital-en-portugues\/","og_locale":"es_ES","og_type":"article","og_title":"Diario espa\u00f1ol El Pa\u00eds estrena edici\u00f3n digital en portugu\u00e9s","og_description":"Diario espa\u00f1ol El Pa\u00eds estrena edici\u00f3n digital en portugu\u00e9s Innovaci\u00f3n. Latin American Journalism Review by The Knight Center at The University of Texas at Austin.","og_url":"https:\/\/latamjournalismreview.org\/es\/articles\/diario-espanol-el-pais-estrena-edicion-digital-en-portugues\/","og_site_name":"LatAm Journalism Review","article_published_time":"2013-11-27T23:23:53+00:00","article_modified_time":"2021-10-25T23:09:37+00:00","author":"Natalia Mazotte","twitter_card":"summary_large_image","twitter_creator":"@LatAmJournalism","twitter_site":"@LatAmJournalism","twitter_misc":{"Written by":"Natalia Mazotte","Est. reading time":"2 minutos"},"schema":{"@context":"https:\/\/schema.org","@graph":[{"@type":"Article","@id":"https:\/\/latamjournalismreview.org\/es\/articles\/diario-espanol-el-pais-estrena-edicion-digital-en-portugues\/#article","isPartOf":{"@id":"https:\/\/latamjournalismreview.org\/es\/articles\/diario-espanol-el-pais-estrena-edicion-digital-en-portugues\/"},"author":{"name":"Natalia Mazotte","@id":"https:\/\/latamjournalismreview.org\/es\/#\/schema\/person\/747457e530d741a9d192f00c32c7f884"},"headline":"Diario espa\u00f1ol El Pa\u00eds estrena edici\u00f3n digital en portugu\u00e9s","datePublished":"2013-11-27T23:23:53+00:00","dateModified":"2021-10-25T23:09:37+00:00","mainEntityOfPage":{"@id":"https:\/\/latamjournalismreview.org\/es\/articles\/diario-espanol-el-pais-estrena-edicion-digital-en-portugues\/"},"wordCount":444,"publisher":{"@id":"https:\/\/latamjournalismreview.org\/es\/#organization"},"keywords":["Periodismo digital"],"articleSection":["Innovaci\u00f3n"],"inLanguage":"es"},{"@type":"WebPage","@id":"https:\/\/latamjournalismreview.org\/es\/articles\/diario-espanol-el-pais-estrena-edicion-digital-en-portugues\/","url":"https:\/\/latamjournalismreview.org\/es\/articles\/diario-espanol-el-pais-estrena-edicion-digital-en-portugues\/","name":"Diario espa\u00f1ol El Pa\u00eds estrena edici\u00f3n digital en portugu\u00e9s - LatAm Journalism Review","isPartOf":{"@id":"https:\/\/latamjournalismreview.org\/es\/#website"},"datePublished":"2013-11-27T23:23:53+00:00","dateModified":"2021-10-25T23:09:37+00:00","description":"Diario espa\u00f1ol El Pa\u00eds estrena edici\u00f3n digital en portugu\u00e9s Innovaci\u00f3n. Latin American Journalism Review by The Knight Center at The University of Texas at Austin.","breadcrumb":{"@id":"https:\/\/latamjournalismreview.org\/es\/articles\/diario-espanol-el-pais-estrena-edicion-digital-en-portugues\/#breadcrumb"},"inLanguage":"es","potentialAction":[{"@type":"ReadAction","target":["https:\/\/latamjournalismreview.org\/es\/articles\/diario-espanol-el-pais-estrena-edicion-digital-en-portugues\/"]}]},{"@type":"BreadcrumbList","@id":"https:\/\/latamjournalismreview.org\/es\/articles\/diario-espanol-el-pais-estrena-edicion-digital-en-portugues\/#breadcrumb","itemListElement":[{"@type":"ListItem","position":1,"name":"Home","item":"https:\/\/latamjournalismreview.org\/es\/"},{"@type":"ListItem","position":2,"name":"Diario espa\u00f1ol El Pa\u00eds estrena edici\u00f3n digital en portugu\u00e9s"}]},{"@type":"WebSite","@id":"https:\/\/latamjournalismreview.org\/es\/#website","url":"https:\/\/latamjournalismreview.org\/es\/","name":"LatAm Journalism Review","description":"Knight Center at The University of Texas","publisher":{"@id":"https:\/\/latamjournalismreview.org\/es\/#organization"},"potentialAction":[{"@type":"SearchAction","target":{"@type":"EntryPoint","urlTemplate":"https:\/\/latamjournalismreview.org\/es\/?s={search_term_string}"},"query-input":{"@type":"PropertyValueSpecification","valueRequired":true,"valueName":"search_term_string"}}],"inLanguage":"es"},{"@type":"Organization","@id":"https:\/\/latamjournalismreview.org\/es\/#organization","name":"LatAm Journalism Review","url":"https:\/\/latamjournalismreview.org\/es\/","logo":{"@type":"ImageObject","inLanguage":"es","@id":"https:\/\/latamjournalismreview.org\/es\/#\/schema\/logo\/image\/","url":"https:\/\/latamjournalismreview.org\/wp-content\/uploads\/2020\/05\/knight-latAm-review-logo.svg","contentUrl":"https:\/\/latamjournalismreview.org\/wp-content\/uploads\/2020\/05\/knight-latAm-review-logo.svg","width":"1024","height":"1024","caption":"LatAm Journalism Review"},"image":{"@id":"https:\/\/latamjournalismreview.org\/es\/#\/schema\/logo\/image\/"},"sameAs":["https:\/\/x.com\/LatAmJournalism"]},{"@type":"Person","@id":"https:\/\/latamjournalismreview.org\/es\/#\/schema\/person\/747457e530d741a9d192f00c32c7f884","name":"Natalia Mazotte","url":"https:\/\/latamjournalismreview.org\/es\/articles\/author\/natalia-mazotte\/"}]}},"_links":{"self":[{"href":"https:\/\/latamjournalismreview.org\/es\/wp-json\/wp\/v2\/posts\/39143","targetHints":{"allow":["GET"]}}],"collection":[{"href":"https:\/\/latamjournalismreview.org\/es\/wp-json\/wp\/v2\/posts"}],"about":[{"href":"https:\/\/latamjournalismreview.org\/es\/wp-json\/wp\/v2\/types\/post"}],"author":[{"embeddable":true,"href":"https:\/\/latamjournalismreview.org\/es\/wp-json\/wp\/v2\/users\/42"}],"replies":[{"embeddable":true,"href":"https:\/\/latamjournalismreview.org\/es\/wp-json\/wp\/v2\/comments?post=39143"}],"version-history":[{"count":2,"href":"https:\/\/latamjournalismreview.org\/es\/wp-json\/wp\/v2\/posts\/39143\/revisions"}],"predecessor-version":[{"id":39147,"href":"https:\/\/latamjournalismreview.org\/es\/wp-json\/wp\/v2\/posts\/39143\/revisions\/39147"}],"wp:attachment":[{"href":"https:\/\/latamjournalismreview.org\/es\/wp-json\/wp\/v2\/media?parent=39143"}],"wp:term":[{"taxonomy":"category","embeddable":true,"href":"https:\/\/latamjournalismreview.org\/es\/wp-json\/wp\/v2\/categories?post=39143"},{"taxonomy":"post_tag","embeddable":true,"href":"https:\/\/latamjournalismreview.org\/es\/wp-json\/wp\/v2\/tags?post=39143"},{"taxonomy":"author","embeddable":true,"href":"https:\/\/latamjournalismreview.org\/es\/wp-json\/wp\/v2\/coauthors?post=39143"}],"curies":[{"name":"wp","href":"https:\/\/api.w.org\/{rel}","templated":true}]}}