{"id":39200,"date":"2013-11-21T21:43:28","date_gmt":"2013-11-22T02:43:28","guid":{"rendered":"https:\/\/latamjournalismreview.org\/?p=39200"},"modified":"2021-10-25T18:52:50","modified_gmt":"2021-10-25T23:52:50","slug":"1era-edicion-del-premio-gabriel-garcia-marquez-reconoce-a-periodistas-en-mexico-nicaragua-brasil-y-colombia","status":"publish","type":"post","link":"https:\/\/latamjournalismreview.org\/es\/articles\/1era-edicion-del-premio-gabriel-garcia-marquez-reconoce-a-periodistas-en-mexico-nicaragua-brasil-y-colombia\/","title":{"rendered":"1era edici\u00f3n del Premio Gabriel Garc\u00eda M\u00e1rquez reconoce a periodistas en M\u00e9xico, Nicaragua, Brasil y Colombia"},"content":{"rendered":"<p><em>Por Alejandro Mart\u00ednez<\/em><\/p>\n<p>Tras haber recibido 1,379 postulaciones de Am\u00e9rica Latina y la Pen\u00ednsula Ib\u00e9rica, el Premio Gabriel Garc\u00eda M\u00e1rquez de Periodismo <a href=\"http:\/\/www.fnpi.org\/premioggm\/2013\/11\/ganadores-del-premio-gabriel-garcia-marquez-de-periodismo\/\" target=\"_blank\" rel=\"noopener\">anunci\u00f3 el mi\u00e9rcoles los ganadores de su primera edici\u00f3n<\/a>. Ellos son los periodistas Alejandro Almaz\u00e1n, Esteban Felix, Lucio Castro y Olga Luc\u00eda Lozano.<\/p>\n<p>Almaz\u00e1n gan\u00f3 en la categor\u00eda de cr\u00f3nica y reportaje por su nota en la revista Gatopardo \u201c<a href=\"http:\/\/www.gatopardo.com\/ReportajesGP.php?R=185\" target=\"_blank\" rel=\"noopener\">Carta desde la Laguna<\/a>\u201d, la cual reconstruye los conflictos desde 2005 entre el cartel de Sinaloa y Los Zetas por control de la zona metropolitana norte\u00f1a conocida como La Laguna.<\/p>\n<p>Felix recibi\u00f3 el premio a la mejor imagen period\u00edstica por su serie fotogr\u00e1fica \u201c<a href=\"http:\/\/vimeo.com\/57969434\" target=\"_blank\" rel=\"noopener\">Az\u00facar Amargo<\/a>\u201d, la cual documenta las muertes en Chichigalpa, Nicaragua a causa de una misteriosa epidemia que ha matado a m\u00e1s de 24 mil personas en El Salvador y Nicaragua desde el a\u00f1o 2000.<\/p>\n<p>Castro fue reconocido en la categor\u00eda de cobertura noticiosa por sus \u201c<a href=\"https:\/\/www.youtube.com\/watch?v=cViE1fZ3tzA\" target=\"_blank\" rel=\"noopener\">Mem\u00f3rias<\/a><a href=\"https:\/\/www.youtube.com\/watch?v=cViE1fZ3tzA\" target=\"_blank\" rel=\"noopener\"> do Chumbo \u2013 O futebol nos tempos do <\/a><a href=\"https:\/\/www.youtube.com\/watch?v=cViE1fZ3tzA\" target=\"_blank\" rel=\"noopener\">Condor<\/a>\u201d (<a href=\"https:\/\/www.youtube.com\/watch?v=cCb_UjiskbA\" target=\"_blank\" rel=\"noopener\">Haga click aqu\u00ed<\/a> para ver la segunda parte y <a href=\"https:\/\/www.youtube.com\/watch?v=jsoL-tQQuX4\" target=\"_blank\" rel=\"noopener\">aqu\u00ed<\/a> para la tercera parte del reportaje). La investigaci\u00f3n trata a fondo el uso del futbol como herramienta de propaganda por parte de las dictaduras militares del continente entre las d\u00e9cadas de los sesenta y ochenta.<\/p>\n<p>Finalmente, Lozano fue galardonada en la categor\u00eda de innovaci\u00f3n por el <a href=\"http:\/\/www.proyectorosa.com\/\" target=\"_blank\" rel=\"noopener\">Proyecto Rosa<\/a> del medio La Silla Vac\u00eda. El Proyecto Rosa detalla a profundidad, a trav\u00e9s de varias plataformas y lenguajes, la aplicaci\u00f3n de la ley de v\u00edctimas en Colombia.<\/p>\n<p>Los ganadores y los finalistas en cada categor\u00eda recibieron un premio de 15,000 y 2,500 dolares, respectivamente.<\/p>\n<p>Tambi\u00e9n como parte de las premiaciones, <a href=\"http:\/\/www.fnpi.org\/premioggm\/2013\/11\/giannina-segnini-gana-el-reconocimiento-a-la-excelencia-del-premio-gabriel-garcia-marquez-de-periodismo\/\" target=\"_blank\" rel=\"noopener\">la periodista investigativa Giannina Segnini recibi\u00f3 un reconocimiento especial a la excelencia<\/a>. Segnini es la editora de la unidad de investigaci\u00f3n del diario costarricense La Naci\u00f3n y fue premiada por sus aportes al periodismo de investigaci\u00f3n y el avance de la profesi\u00f3n a trav\u00e9s del uso de nuevas tecnolog\u00edas.<\/p>\n<p><a href=\"http:\/\/www.fnpi.org\/premioggm\/\" target=\"_blank\" rel=\"noopener\">El Premio Gabriel Garc\u00eda M\u00e1rquez de Periodismo<\/a>, inspirado en la visi\u00f3n period\u00edstica del afamado autor y el reciente nombramiento de Medell\u00edn como <a href=\"http:\/\/www.huffingtonpost.com\/2013\/03\/02\/medellin-named-innovative-city-of-the-year_n_2794425.html\">la ciudad m\u00e1s innovadora del mundo<\/a> por parte del Wall Street Journal, fue creado para reconocer a los mejores trabajos period\u00edsticos en espa\u00f1ol y portugu\u00e9s en el continente americano y la pen\u00ednsula ib\u00e9rica. Seg\u00fan la Fundaci\u00f3n Gabriel Garc\u00eda M\u00e1rquez para el Nuevo Periodismo Iberoamericano, organizadora del evento, el premio <a href=\"http:\/\/www.fnpi.org\/premioggm\/2013\/07\/lo-que-hay-que-saber-del-premio-gabriel-garcia-marquez-de-periodismo\/\">tiene \u201cel objetivo de ofrecer el m\u00e1s importante galard\u00f3n para incentivar la b\u00fasqueda de la excelencia, la innovaci\u00f3n y la coherencia \u00e9tica<\/a>\u201d.<\/p>\n<p>Los festejos del premio tambi\u00e9n incluyen otras actividades para el p\u00fablico en general como conferencias, talleres y exposiciones que se llevar\u00e1n a cabo hasta el 22 de noviembre. <a href=\"http:\/\/www.fnpi.org\/premioggm\/\" target=\"_blank\" rel=\"noopener\">Haga click aqu\u00ed<\/a> para seguir en directo todos los coloquios que se est\u00e1n presentando por internet.<\/p>\n<p>Vea abajo entrevistas con los cuatro ganadores:<\/p>\n<p><iframe loading=\"lazy\" src=\"https:\/\/player.vimeo.com\/video\/79648507\" width=\"580\" height=\"326\" frameborder=\"0\" allowfullscreen=\"allowfullscreen\" data-mce-fragment=\"1\"><\/iframe><\/p>\n<p><a href=\"http:\/\/vimeo.com\/79648507\">Alejandro Almazan - GANADOR<\/a> from <a href=\"http:\/\/vimeo.com\/fnpi\">FNPI<\/a> on <a href=\"https:\/\/vimeo.com\">Vimeo<\/a>.<\/p>\n<p>&nbsp;<\/p>\n<p><iframe loading=\"lazy\" src=\"https:\/\/player.vimeo.com\/video\/79648506\" width=\"580\" height=\"326\" frameborder=\"0\" allowfullscreen=\"allowfullscreen\" data-mce-fragment=\"1\"><\/iframe><\/p>\n<p><a href=\"http:\/\/vimeo.com\/79648506\">Leon Esteban Felix - GANADOR<\/a> from <a href=\"http:\/\/vimeo.com\/fnpi\">FNPI<\/a> on <a href=\"https:\/\/vimeo.com\">Vimeo<\/a>.<\/p>\n<p>&nbsp;<\/p>\n<p><iframe loading=\"lazy\" src=\"https:\/\/player.vimeo.com\/video\/79648504\" width=\"580\" height=\"326\" frameborder=\"0\" allowfullscreen=\"allowfullscreen\" data-mce-fragment=\"1\"><\/iframe><\/p>\n<p><a href=\"http:\/\/vimeo.com\/79648504\">Lucio Castro - GANADOR<\/a> from <a href=\"http:\/\/vimeo.com\/fnpi\">FNPI<\/a> on <a href=\"https:\/\/vimeo.com\">Vimeo<\/a>.<\/p>\n<p>&nbsp;<\/p>\n<p><iframe loading=\"lazy\" src=\"https:\/\/player.vimeo.com\/video\/79648733\" width=\"580\" height=\"326\" frameborder=\"0\" allowfullscreen=\"allowfullscreen\" data-mce-fragment=\"1\"><\/iframe><\/p>\n<p><a href=\"http:\/\/vimeo.com\/79648733\">Proyecto Rosa - GANADOR<\/a> from <a href=\"http:\/\/vimeo.com\/fnpi\">FNPI<\/a> on <a href=\"https:\/\/vimeo.com\">Vimeo<\/a>.<\/p>\n<p><em>Nota del editor: Esta historia fue publicada originalmente en el blog Periodismo en las Am\u00e9ricas del Centro Knight, el predecesor de LatAm Journalism Review.<\/em><\/p>\n","protected":false},"excerpt":{"rendered":"<p>Tras haber recibido 1,379 postulaciones de Am\u00e9rica Latina y la Pen\u00ednsula Ib\u00e9rica, el Premio Gabriel Garc\u00eda M\u00e1rquez de Periodismo anunci\u00f3 el mi\u00e9rcoles los ganadores de su primera edici\u00f3n. Ellos son los periodistas Alejandro Almaz\u00e1n, Esteban Felix, Lucio Castro y Olga Luc\u00eda Lozano.<\/p>\n","protected":false},"author":22,"featured_media":0,"comment_status":"closed","ping_status":"closed","sticky":false,"template":"","format":"standard","meta":{"inline_featured_image":false,"footnotes":""},"categories":[1354],"tags":[1428],"coauthors":[],"class_list":["post-39200","post","type-post","status-publish","format-standard","hentry","category-premios-y-oportunidades-es","tag-premios-es"],"acf":[],"yoast_head":"<!-- This site is optimized with the Yoast SEO Premium plugin v22.6 (Yoast SEO v27.4) - https:\/\/yoast.com\/product\/yoast-seo-premium-wordpress\/ -->\n<title>1era edici\u00f3n del Premio Gabriel Garc\u00eda M\u00e1rquez reconoce a periodistas en M\u00e9xico, Nicaragua, Brasil y Colombia - LatAm Journalism Review<\/title>\n<meta name=\"description\" content=\"1era edici\u00f3n del Premio Gabriel Garc\u00eda M\u00e1rquez reconoce a periodistas en M\u00e9xico, Nicaragua, Brasil y Colombia Premios y oportunidades. Latin American Journalism Review by The Knight Center at The University of Texas at Austin.\" \/>\n<meta name=\"robots\" content=\"index, follow, max-snippet:-1, max-image-preview:large, max-video-preview:-1\" \/>\n<link rel=\"canonical\" href=\"https:\/\/latamjournalismreview.org\/es\/articles\/1era-edicion-del-premio-gabriel-garcia-marquez-reconoce-a-periodistas-en-mexico-nicaragua-brasil-y-colombia\/\" \/>\n<meta property=\"og:locale\" content=\"es_ES\" \/>\n<meta property=\"og:type\" content=\"article\" \/>\n<meta property=\"og:title\" content=\"1era edici\u00f3n del Premio Gabriel Garc\u00eda M\u00e1rquez reconoce a periodistas en M\u00e9xico, Nicaragua, Brasil y Colombia\" \/>\n<meta property=\"og:description\" content=\"1era edici\u00f3n del Premio Gabriel Garc\u00eda M\u00e1rquez reconoce a periodistas en M\u00e9xico, Nicaragua, Brasil y Colombia Premios y oportunidades. Latin American Journalism Review by The Knight Center at The University of Texas at Austin.\" \/>\n<meta property=\"og:url\" content=\"https:\/\/latamjournalismreview.org\/es\/articles\/1era-edicion-del-premio-gabriel-garcia-marquez-reconoce-a-periodistas-en-mexico-nicaragua-brasil-y-colombia\/\" \/>\n<meta property=\"og:site_name\" content=\"LatAm Journalism Review\" \/>\n<meta property=\"article:published_time\" content=\"2013-11-22T02:43:28+00:00\" \/>\n<meta property=\"article:modified_time\" content=\"2021-10-25T23:52:50+00:00\" \/>\n<meta name=\"author\" content=\"Knight Center\" \/>\n<meta name=\"twitter:card\" content=\"summary_large_image\" \/>\n<meta name=\"twitter:creator\" content=\"@LatAmJournalism\" \/>\n<meta name=\"twitter:site\" content=\"@LatAmJournalism\" \/>\n<meta name=\"twitter:label1\" content=\"Written by\" \/>\n\t<meta name=\"twitter:data1\" content=\"Knight Center\" \/>\n\t<meta name=\"twitter:label2\" content=\"Est. reading time\" \/>\n\t<meta name=\"twitter:data2\" content=\"3 minutos\" \/>\n<script type=\"application\/ld+json\" class=\"yoast-schema-graph\">{\"@context\":\"https:\\\/\\\/schema.org\",\"@graph\":[{\"@type\":\"Article\",\"@id\":\"https:\\\/\\\/latamjournalismreview.org\\\/es\\\/articles\\\/1era-edicion-del-premio-gabriel-garcia-marquez-reconoce-a-periodistas-en-mexico-nicaragua-brasil-y-colombia\\\/#article\",\"isPartOf\":{\"@id\":\"https:\\\/\\\/latamjournalismreview.org\\\/es\\\/articles\\\/1era-edicion-del-premio-gabriel-garcia-marquez-reconoce-a-periodistas-en-mexico-nicaragua-brasil-y-colombia\\\/\"},\"author\":{\"name\":\"Knight Center\",\"@id\":\"https:\\\/\\\/latamjournalismreview.org\\\/es\\\/#\\\/schema\\\/person\\\/6c325fd0fef0cd167424c683e6577e19\"},\"headline\":\"1era edici\u00f3n del Premio Gabriel Garc\u00eda M\u00e1rquez reconoce a periodistas en M\u00e9xico, Nicaragua, Brasil y Colombia\",\"datePublished\":\"2013-11-22T02:43:28+00:00\",\"dateModified\":\"2021-10-25T23:52:50+00:00\",\"mainEntityOfPage\":{\"@id\":\"https:\\\/\\\/latamjournalismreview.org\\\/es\\\/articles\\\/1era-edicion-del-premio-gabriel-garcia-marquez-reconoce-a-periodistas-en-mexico-nicaragua-brasil-y-colombia\\\/\"},\"wordCount\":593,\"publisher\":{\"@id\":\"https:\\\/\\\/latamjournalismreview.org\\\/es\\\/#organization\"},\"keywords\":[\"Premios\"],\"articleSection\":[\"Premios y oportunidades\"],\"inLanguage\":\"es\"},{\"@type\":\"WebPage\",\"@id\":\"https:\\\/\\\/latamjournalismreview.org\\\/es\\\/articles\\\/1era-edicion-del-premio-gabriel-garcia-marquez-reconoce-a-periodistas-en-mexico-nicaragua-brasil-y-colombia\\\/\",\"url\":\"https:\\\/\\\/latamjournalismreview.org\\\/es\\\/articles\\\/1era-edicion-del-premio-gabriel-garcia-marquez-reconoce-a-periodistas-en-mexico-nicaragua-brasil-y-colombia\\\/\",\"name\":\"1era edici\u00f3n del Premio Gabriel Garc\u00eda M\u00e1rquez reconoce a periodistas en M\u00e9xico, Nicaragua, Brasil y Colombia - LatAm Journalism Review\",\"isPartOf\":{\"@id\":\"https:\\\/\\\/latamjournalismreview.org\\\/es\\\/#website\"},\"datePublished\":\"2013-11-22T02:43:28+00:00\",\"dateModified\":\"2021-10-25T23:52:50+00:00\",\"description\":\"1era edici\u00f3n del Premio Gabriel Garc\u00eda M\u00e1rquez reconoce a periodistas en M\u00e9xico, Nicaragua, Brasil y Colombia Premios y oportunidades. Latin American Journalism Review by The Knight Center at The University of Texas at Austin.\",\"breadcrumb\":{\"@id\":\"https:\\\/\\\/latamjournalismreview.org\\\/es\\\/articles\\\/1era-edicion-del-premio-gabriel-garcia-marquez-reconoce-a-periodistas-en-mexico-nicaragua-brasil-y-colombia\\\/#breadcrumb\"},\"inLanguage\":\"es\",\"potentialAction\":[{\"@type\":\"ReadAction\",\"target\":[\"https:\\\/\\\/latamjournalismreview.org\\\/es\\\/articles\\\/1era-edicion-del-premio-gabriel-garcia-marquez-reconoce-a-periodistas-en-mexico-nicaragua-brasil-y-colombia\\\/\"]}]},{\"@type\":\"BreadcrumbList\",\"@id\":\"https:\\\/\\\/latamjournalismreview.org\\\/es\\\/articles\\\/1era-edicion-del-premio-gabriel-garcia-marquez-reconoce-a-periodistas-en-mexico-nicaragua-brasil-y-colombia\\\/#breadcrumb\",\"itemListElement\":[{\"@type\":\"ListItem\",\"position\":1,\"name\":\"Home\",\"item\":\"https:\\\/\\\/latamjournalismreview.org\\\/es\\\/\"},{\"@type\":\"ListItem\",\"position\":2,\"name\":\"1era edici\u00f3n del Premio Gabriel Garc\u00eda M\u00e1rquez reconoce a periodistas en M\u00e9xico, Nicaragua, Brasil y Colombia\"}]},{\"@type\":\"WebSite\",\"@id\":\"https:\\\/\\\/latamjournalismreview.org\\\/es\\\/#website\",\"url\":\"https:\\\/\\\/latamjournalismreview.org\\\/es\\\/\",\"name\":\"LatAm Journalism Review\",\"description\":\"Knight Center at The University of Texas\",\"publisher\":{\"@id\":\"https:\\\/\\\/latamjournalismreview.org\\\/es\\\/#organization\"},\"potentialAction\":[{\"@type\":\"SearchAction\",\"target\":{\"@type\":\"EntryPoint\",\"urlTemplate\":\"https:\\\/\\\/latamjournalismreview.org\\\/es\\\/?s={search_term_string}\"},\"query-input\":{\"@type\":\"PropertyValueSpecification\",\"valueRequired\":true,\"valueName\":\"search_term_string\"}}],\"inLanguage\":\"es\"},{\"@type\":\"Organization\",\"@id\":\"https:\\\/\\\/latamjournalismreview.org\\\/es\\\/#organization\",\"name\":\"LatAm Journalism Review\",\"url\":\"https:\\\/\\\/latamjournalismreview.org\\\/es\\\/\",\"logo\":{\"@type\":\"ImageObject\",\"inLanguage\":\"es\",\"@id\":\"https:\\\/\\\/latamjournalismreview.org\\\/es\\\/#\\\/schema\\\/logo\\\/image\\\/\",\"url\":\"https:\\\/\\\/latamjournalismreview.org\\\/wp-content\\\/uploads\\\/2020\\\/05\\\/knight-latAm-review-logo.svg\",\"contentUrl\":\"https:\\\/\\\/latamjournalismreview.org\\\/wp-content\\\/uploads\\\/2020\\\/05\\\/knight-latAm-review-logo.svg\",\"width\":\"1024\",\"height\":\"1024\",\"caption\":\"LatAm Journalism Review\"},\"image\":{\"@id\":\"https:\\\/\\\/latamjournalismreview.org\\\/es\\\/#\\\/schema\\\/logo\\\/image\\\/\"},\"sameAs\":[\"https:\\\/\\\/x.com\\\/LatAmJournalism\"]},{\"@type\":\"Person\",\"@id\":\"https:\\\/\\\/latamjournalismreview.org\\\/es\\\/#\\\/schema\\\/person\\\/6c325fd0fef0cd167424c683e6577e19\",\"name\":\"Knight Center\",\"url\":\"https:\\\/\\\/latamjournalismreview.org\\\/es\\\/articles\\\/author\\\/knight-center\\\/\"}]}<\/script>\n<!-- \/ Yoast SEO Premium plugin. -->","yoast_head_json":{"title":"1era edici\u00f3n del Premio Gabriel Garc\u00eda M\u00e1rquez reconoce a periodistas en M\u00e9xico, Nicaragua, Brasil y Colombia - LatAm Journalism Review","description":"1era edici\u00f3n del Premio Gabriel Garc\u00eda M\u00e1rquez reconoce a periodistas en M\u00e9xico, Nicaragua, Brasil y Colombia Premios y oportunidades. Latin American Journalism Review by The Knight Center at The University of Texas at Austin.","robots":{"index":"index","follow":"follow","max-snippet":"max-snippet:-1","max-image-preview":"max-image-preview:large","max-video-preview":"max-video-preview:-1"},"canonical":"https:\/\/latamjournalismreview.org\/es\/articles\/1era-edicion-del-premio-gabriel-garcia-marquez-reconoce-a-periodistas-en-mexico-nicaragua-brasil-y-colombia\/","og_locale":"es_ES","og_type":"article","og_title":"1era edici\u00f3n del Premio Gabriel Garc\u00eda M\u00e1rquez reconoce a periodistas en M\u00e9xico, Nicaragua, Brasil y Colombia","og_description":"1era edici\u00f3n del Premio Gabriel Garc\u00eda M\u00e1rquez reconoce a periodistas en M\u00e9xico, Nicaragua, Brasil y Colombia Premios y oportunidades. Latin American Journalism Review by The Knight Center at The University of Texas at Austin.","og_url":"https:\/\/latamjournalismreview.org\/es\/articles\/1era-edicion-del-premio-gabriel-garcia-marquez-reconoce-a-periodistas-en-mexico-nicaragua-brasil-y-colombia\/","og_site_name":"LatAm Journalism Review","article_published_time":"2013-11-22T02:43:28+00:00","article_modified_time":"2021-10-25T23:52:50+00:00","author":"Knight Center","twitter_card":"summary_large_image","twitter_creator":"@LatAmJournalism","twitter_site":"@LatAmJournalism","twitter_misc":{"Written by":"Knight Center","Est. reading time":"3 minutos"},"schema":{"@context":"https:\/\/schema.org","@graph":[{"@type":"Article","@id":"https:\/\/latamjournalismreview.org\/es\/articles\/1era-edicion-del-premio-gabriel-garcia-marquez-reconoce-a-periodistas-en-mexico-nicaragua-brasil-y-colombia\/#article","isPartOf":{"@id":"https:\/\/latamjournalismreview.org\/es\/articles\/1era-edicion-del-premio-gabriel-garcia-marquez-reconoce-a-periodistas-en-mexico-nicaragua-brasil-y-colombia\/"},"author":{"name":"Knight Center","@id":"https:\/\/latamjournalismreview.org\/es\/#\/schema\/person\/6c325fd0fef0cd167424c683e6577e19"},"headline":"1era edici\u00f3n del Premio Gabriel Garc\u00eda M\u00e1rquez reconoce a periodistas en M\u00e9xico, Nicaragua, Brasil y Colombia","datePublished":"2013-11-22T02:43:28+00:00","dateModified":"2021-10-25T23:52:50+00:00","mainEntityOfPage":{"@id":"https:\/\/latamjournalismreview.org\/es\/articles\/1era-edicion-del-premio-gabriel-garcia-marquez-reconoce-a-periodistas-en-mexico-nicaragua-brasil-y-colombia\/"},"wordCount":593,"publisher":{"@id":"https:\/\/latamjournalismreview.org\/es\/#organization"},"keywords":["Premios"],"articleSection":["Premios y oportunidades"],"inLanguage":"es"},{"@type":"WebPage","@id":"https:\/\/latamjournalismreview.org\/es\/articles\/1era-edicion-del-premio-gabriel-garcia-marquez-reconoce-a-periodistas-en-mexico-nicaragua-brasil-y-colombia\/","url":"https:\/\/latamjournalismreview.org\/es\/articles\/1era-edicion-del-premio-gabriel-garcia-marquez-reconoce-a-periodistas-en-mexico-nicaragua-brasil-y-colombia\/","name":"1era edici\u00f3n del Premio Gabriel Garc\u00eda M\u00e1rquez reconoce a periodistas en M\u00e9xico, Nicaragua, Brasil y Colombia - LatAm Journalism Review","isPartOf":{"@id":"https:\/\/latamjournalismreview.org\/es\/#website"},"datePublished":"2013-11-22T02:43:28+00:00","dateModified":"2021-10-25T23:52:50+00:00","description":"1era edici\u00f3n del Premio Gabriel Garc\u00eda M\u00e1rquez reconoce a periodistas en M\u00e9xico, Nicaragua, Brasil y Colombia Premios y oportunidades. Latin American Journalism Review by The Knight Center at The University of Texas at Austin.","breadcrumb":{"@id":"https:\/\/latamjournalismreview.org\/es\/articles\/1era-edicion-del-premio-gabriel-garcia-marquez-reconoce-a-periodistas-en-mexico-nicaragua-brasil-y-colombia\/#breadcrumb"},"inLanguage":"es","potentialAction":[{"@type":"ReadAction","target":["https:\/\/latamjournalismreview.org\/es\/articles\/1era-edicion-del-premio-gabriel-garcia-marquez-reconoce-a-periodistas-en-mexico-nicaragua-brasil-y-colombia\/"]}]},{"@type":"BreadcrumbList","@id":"https:\/\/latamjournalismreview.org\/es\/articles\/1era-edicion-del-premio-gabriel-garcia-marquez-reconoce-a-periodistas-en-mexico-nicaragua-brasil-y-colombia\/#breadcrumb","itemListElement":[{"@type":"ListItem","position":1,"name":"Home","item":"https:\/\/latamjournalismreview.org\/es\/"},{"@type":"ListItem","position":2,"name":"1era edici\u00f3n del Premio Gabriel Garc\u00eda M\u00e1rquez reconoce a periodistas en M\u00e9xico, Nicaragua, Brasil y Colombia"}]},{"@type":"WebSite","@id":"https:\/\/latamjournalismreview.org\/es\/#website","url":"https:\/\/latamjournalismreview.org\/es\/","name":"LatAm Journalism Review","description":"Knight Center at The University of Texas","publisher":{"@id":"https:\/\/latamjournalismreview.org\/es\/#organization"},"potentialAction":[{"@type":"SearchAction","target":{"@type":"EntryPoint","urlTemplate":"https:\/\/latamjournalismreview.org\/es\/?s={search_term_string}"},"query-input":{"@type":"PropertyValueSpecification","valueRequired":true,"valueName":"search_term_string"}}],"inLanguage":"es"},{"@type":"Organization","@id":"https:\/\/latamjournalismreview.org\/es\/#organization","name":"LatAm Journalism Review","url":"https:\/\/latamjournalismreview.org\/es\/","logo":{"@type":"ImageObject","inLanguage":"es","@id":"https:\/\/latamjournalismreview.org\/es\/#\/schema\/logo\/image\/","url":"https:\/\/latamjournalismreview.org\/wp-content\/uploads\/2020\/05\/knight-latAm-review-logo.svg","contentUrl":"https:\/\/latamjournalismreview.org\/wp-content\/uploads\/2020\/05\/knight-latAm-review-logo.svg","width":"1024","height":"1024","caption":"LatAm Journalism Review"},"image":{"@id":"https:\/\/latamjournalismreview.org\/es\/#\/schema\/logo\/image\/"},"sameAs":["https:\/\/x.com\/LatAmJournalism"]},{"@type":"Person","@id":"https:\/\/latamjournalismreview.org\/es\/#\/schema\/person\/6c325fd0fef0cd167424c683e6577e19","name":"Knight Center","url":"https:\/\/latamjournalismreview.org\/es\/articles\/author\/knight-center\/"}]}},"_links":{"self":[{"href":"https:\/\/latamjournalismreview.org\/es\/wp-json\/wp\/v2\/posts\/39200","targetHints":{"allow":["GET"]}}],"collection":[{"href":"https:\/\/latamjournalismreview.org\/es\/wp-json\/wp\/v2\/posts"}],"about":[{"href":"https:\/\/latamjournalismreview.org\/es\/wp-json\/wp\/v2\/types\/post"}],"author":[{"embeddable":true,"href":"https:\/\/latamjournalismreview.org\/es\/wp-json\/wp\/v2\/users\/22"}],"replies":[{"embeddable":true,"href":"https:\/\/latamjournalismreview.org\/es\/wp-json\/wp\/v2\/comments?post=39200"}],"version-history":[{"count":2,"href":"https:\/\/latamjournalismreview.org\/es\/wp-json\/wp\/v2\/posts\/39200\/revisions"}],"predecessor-version":[{"id":39202,"href":"https:\/\/latamjournalismreview.org\/es\/wp-json\/wp\/v2\/posts\/39200\/revisions\/39202"}],"wp:attachment":[{"href":"https:\/\/latamjournalismreview.org\/es\/wp-json\/wp\/v2\/media?parent=39200"}],"wp:term":[{"taxonomy":"category","embeddable":true,"href":"https:\/\/latamjournalismreview.org\/es\/wp-json\/wp\/v2\/categories?post=39200"},{"taxonomy":"post_tag","embeddable":true,"href":"https:\/\/latamjournalismreview.org\/es\/wp-json\/wp\/v2\/tags?post=39200"},{"taxonomy":"author","embeddable":true,"href":"https:\/\/latamjournalismreview.org\/es\/wp-json\/wp\/v2\/coauthors?post=39200"}],"curies":[{"name":"wp","href":"https:\/\/api.w.org\/{rel}","templated":true}]}}