{"id":39634,"date":"2021-10-27T11:32:13","date_gmt":"2021-10-27T16:32:13","guid":{"rendered":"https:\/\/latamjournalismreview.org\/?p=39634"},"modified":"2021-10-28T17:11:29","modified_gmt":"2021-10-28T22:11:29","slug":"caricaturista-nicaraguense-pedro-x-molina-recibe-reconocimiento-a-la-excelencia-de-los-premio-gabo-2021","status":"publish","type":"post","link":"https:\/\/latamjournalismreview.org\/es\/articles\/caricaturista-nicaraguense-pedro-x-molina-recibe-reconocimiento-a-la-excelencia-de-los-premio-gabo-2021\/","title":{"rendered":"Caricaturista nicarag\u00fcense Pedro X. Molina recibe \u2018Reconocimiento a la Excelencia\u2019 de los Premio Gabo 2021"},"content":{"rendered":"<p>\u201cEl humor, en principio, es siempre subversivo\u201d, dice Pedro X. Molina, caricaturista pol\u00edtico del sitio period\u00edstico Confidencial, de Nicaragua. \u00c9l considera que los caricaturistas de Am\u00e9rica Latina tienen \u201cuna opini\u00f3n pol\u00edtica m\u00e1s contundente que dar\u201d.<\/p>\n<p>Molina sali\u00f3 al exilio el 8 de diciembre de 2018. Vive en el estado de Nueva York, lejos del bullicio de la \u2018gran manzana\u2019, pero tambi\u00e9n lejos de su natal Nicaragua, como much\u00edsimos de sus colegas que se vieron forzados a dejar la patria.<\/p>\n<div id=\"attachment_39666\" style=\"width: 442px\" class=\"wp-caption alignright\"><img loading=\"lazy\" decoding=\"async\" aria-describedby=\"caption-attachment-39666\" class=\"wp-image-39666 \" src=\"https:\/\/latamjournalismreview.org\/wp-content\/uploads\/2021\/10\/Featured-PedroXMolina.png\" alt=\"Caricaturista Pedro X. Molina, Nicaragua\" width=\"432\" height=\"290\" srcset=\"https:\/\/latamjournalismreview.org\/wp-content\/uploads\/2021\/10\/Featured-PedroXMolina.png 507w, https:\/\/latamjournalismreview.org\/wp-content\/uploads\/2021\/10\/Featured-PedroXMolina-300x201.png 300w, https:\/\/latamjournalismreview.org\/wp-content\/uploads\/2021\/10\/Featured-PedroXMolina-350x234.png 350w\" sizes=\"auto, (max-width: 432px) 100vw, 432px\" \/><p id=\"caption-attachment-39666\" class=\"wp-caption-text\">Caricaturista pol\u00edtico nicarag\u00fcense Pedro X. Molina. (Cortes\u00eda)<\/p><\/div>\n<p>Hace pocos d\u00edas, y en el marco del Festival Gabo, uno de los festivales de periodismo m\u00e1s importantes de Am\u00e9rica Latina, Molina recibi\u00f3 el \u2018Reconocimiento a la Excelencia de los Premios Gabo 2021\u2019. Por ser un \u201cextraordinario ejemplo de combinaci\u00f3n entre la mordacidad y la belleza, con un sentido muy veraz y profundo de los grandes problemas de su pa\u00eds\u201d,\u00a0<a href=\"https:\/\/premioggm.org\/noticias\/2021\/10\/pedro-x-molina-gana-el-reconocimiento-a-la-excelencia-del-premio-gabo-2021\/\" target=\"_blank\" rel=\"noopener\">se\u00f1al\u00f3 el Consejo Rector de la Fundaci\u00f3n Gabo<\/a>.<\/p>\n<p>Los sujetos de sus incisivas caricaturas son a menudo los l\u00edderes de su pa\u00eds de origen, el presidente Daniel Ortega y su esposa, la vicepresidenta Rosario Murillo. Sin embargo, los jefes de Estado de Am\u00e9rica Latina y el resto del mundo tampoco escapan a su pluma. Se enfoca en temas como la pobreza, la violencia armada y la corrupci\u00f3n pol\u00edtica. Tambi\u00e9n ha hecho dibujos conmovedores de los que\u00a0<a href=\"https:\/\/twitter.com\/pxmolina\/status\/1448145578324635649?s=20\" target=\"_blank\" rel=\"noopener\">perdieron la vida en las manifestaciones<\/a> de 2018 en Nicaragua.<\/p>\n<p>Muchos periodistas independientes de Nicaragua, al igual que Molina, siguen reportando sobre su pa\u00eds desde fuera. Desde las\u00a0<a href=\"https:\/\/www.laprensa.com.ni\/2021\/04\/23\/politica\/2813593-las-grandes-marchas-que-agobiaron-al-regimen-de-ortega-en-2018-y-demostraron-el-descontento-del-pueblo\" target=\"_blank\" rel=\"noopener\">multitudinarias marchas que empezaron en abril de 2018<\/a>, como consecuencia de una irregular propuesta de reforma al sistema de pensiones, el presidente nicarag\u00fcense Daniel Ortega instal\u00f3 en el pa\u00eds un r\u00e9gimen de autoritarismo extremo y empez\u00f3 a <a href=\"https:\/\/latamjournalismreview.org\/es\/articles\/investigaciones-penales-contra-periodistas-la-nueva-estrategia-de-nicaragua-para-perseguir-a-la-prensa\/\" target=\"_blank\" rel=\"noopener\">perseguir, reprimir y encarcelar a todas las voces cr\u00edticas<\/a> con su gobierno.<\/p>\n<p>Seg\u00fan dijo Molina a\u00a0<strong>LatAm Journalism Review (LJR)<\/strong>, son m\u00e1s de 100 los periodistas independientes que han salido de Nicaragua desde 2018. \u201cEn\u00a0realidad, cien periodistas independientes fuera de Nicaragua es una cifra importante\u201d.<\/p>\n<p>Entre las varias <a href=\"https:\/\/www.bbc.com\/mundo\/noticias-america-latina-54703913\" target=\"_blank\" rel=\"noopener\">medidas<\/a>, que atentan contra la libertad de prensa, dictadas en los \u00faltimos a\u00f1os por Ortega, se incluye el Decreto Presidencial 17-2021, publicado el pasado agosto. El art\u00edculo 24 del decreto se\u00f1ala que todo premio o condecoraci\u00f3n internacional a alg\u00fan ciudadano de Nicaragua debe ser autorizado por el gobierno, a trav\u00e9s del Ministerio de Relaciones Exteriores, \u201c<a href=\"http:\/\/www.pgr.gob.ni\/PDF\/2021\/GACETA\/AGOSTO\/GACETA_05_08_2021.pdf\" target=\"_blank\" rel=\"noopener\">a fin de que [se] otorgue en t\u00e9rminos de reciprocidad el correspondiente benepl\u00e1cito<\/a>\u201d.<\/p>\n<p>\u201cMe alegra de sobremanera que ninguna de las instituciones, organismos o gobiernos alrededor del mundo hayan tomado en serio esa ridiculez\u201d, dijo Molina.<\/p>\n<p>Ortega y su gobierno \u201cten\u00edan la idea de que con eso iban a evitar que las voces que est\u00e1n hablando sobre Nicaragua, de lo que est\u00e1 pasando all\u00e1 adentro, pudiesen tener m\u00e1s alcance fuera, porque al evitar que les dieran premios, los reconocieran o cualquier cosa, ellos podr\u00edan quiz\u00e1s tratar de imponer su narrativa mentirosa de lo que ha venido pasando desde 2018\u201d, sostuvo Molina.<\/p>\n<p>Molina es <a href=\"https:\/\/premioggm.org\/noticias\/2021\/10\/pedro-x-molina-gana-el-reconocimiento-a-la-excelencia-del-premio-gabo-2021\/\" target=\"_blank\" rel=\"noopener\">el primer caricaturista<\/a> en recibir este reconocimiento de los Premios Gabo, desde que se abri\u00f3 la categor\u00eda en 2013, y el segundo ilustrador en recibir un premio institucional de la Fundaci\u00f3n Gabo, indic\u00f3 la organizaci\u00f3n.<\/p>\n<div id=\"attachment_39675\" style=\"width: 2570px\" class=\"wp-caption aligncenter\"><img loading=\"lazy\" decoding=\"async\" aria-describedby=\"caption-attachment-39675\" class=\"wp-image-39675 size-full\" src=\"https:\/\/latamjournalismreview.org\/wp-content\/uploads\/2021\/10\/Ortega2021-scaled.jpg\" alt=\"Caricatura de Pedro X. Molina\" width=\"2560\" height=\"1978\" srcset=\"https:\/\/latamjournalismreview.org\/wp-content\/uploads\/2021\/10\/Ortega2021-scaled.jpg 2560w, https:\/\/latamjournalismreview.org\/wp-content\/uploads\/2021\/10\/Ortega2021-300x232.jpg 300w, https:\/\/latamjournalismreview.org\/wp-content\/uploads\/2021\/10\/Ortega2021-1024x791.jpg 1024w, https:\/\/latamjournalismreview.org\/wp-content\/uploads\/2021\/10\/Ortega2021-768x593.jpg 768w, https:\/\/latamjournalismreview.org\/wp-content\/uploads\/2021\/10\/Ortega2021-1536x1187.jpg 1536w, https:\/\/latamjournalismreview.org\/wp-content\/uploads\/2021\/10\/Ortega2021-2048x1583.jpg 2048w\" sizes=\"auto, (max-width: 2560px) 100vw, 2560px\" \/><p id=\"caption-attachment-39675\" class=\"wp-caption-text\">Caricatura del presidente de Nicaragua, Daniel Ortega, por Pedro X. Molina. (Cortes\u00eda)<\/p><\/div>\n<p>La primera impresi\u00f3n de Molina al enterarse del reconocimiento fue de sorpresa.<\/p>\n<p>\u201cHonestamente, yo no me lo esperaba\u201d, confes\u00f3 Molina. Dijo, adem\u00e1s, sentir un gran honor a nivel personal y tambi\u00e9n por el reconocimiento de la caricatura period\u00edstica como g\u00e9nero del periodismo.<\/p>\n<p>\u201cQue se reconozca el valor que tiene, que se reivindique, me parece importante\u201d, dijo Molina, al considerar la dif\u00edcil situaci\u00f3n que atraviesa el periodismo independiente en Nicaragua.<\/p>\n<p>Es un reconocimiento \u201ca este periodismo de resistencia que estamos haciendo\u201d, enfatiz\u00f3.<\/p>\n<p>Molina colabora para el sitio estadounidense de caricatura pol\u00edtica, <a href=\"https:\/\/counterpoint.substack.com\/p\/pedro-molinas-best-of-2020\" target=\"_blank\" rel=\"noopener\">Counterpoint<\/a>, adem\u00e1s de seguir trabajando para Confidencial.<\/p>\n<p>El fundador de Confidencial, el periodista Carlos Fernando Chamorro, quien tambi\u00e9n se ha visto forzado a salir de Nicaragua, <a href=\"https:\/\/www.confidencial.com.ni\/nacion\/policia-allana-casa-de-carlos-fernando-chamorro-director-de-confidencial\/\" target=\"_blank\" rel=\"noopener\">dos veces<\/a> por su seguridad, dijo en Twitter que este reconocimiento a Molina \u201cenaltece el periodismo de Confidencial <a href=\"https:\/\/twitter.com\/cefeche\/status\/1451158610231312397?s=20\" target=\"_blank\" rel=\"noopener\">y alienta a la prensa que resiste ante las dictaduras<\/a> en Nicaragua, Cuba y Venezuela\u201d.<\/p>\n<p>Chamorro dijo a\u00a0<strong>LJR<\/strong> que Molina trabaja como caricaturista de Confidencial desde 2014, donde publica una caricatura diaria y una historieta semanal, adem\u00e1s de retratos e ilustraciones especiales y colaboraciones animadas para programas de s\u00e1tira pol\u00edtica en televisi\u00f3n.<\/p>\n<p>\u201cPxmolina ha sido, durante dos d\u00e9cadas, el periodista m\u00e1s efectivo de Nicaragua para develar las contradicciones y los abusos del poder pol\u00edtico, econ\u00f3mico y religioso\u201d, dijo Chamorro. \u201cSu capacidad como dibujante, artista y caricaturista, para traducir, sugerir e interpretar lo que otros no logramos ver, en pocos trazos de dibujo, en pocas palabras, y a veces sin ninguna palabra, resume la efectividad de su trabajo\u201d.<\/p>\n<p>En diciembre de 2018, un\u00a0<a href=\"https:\/\/latamjournalismreview.org\/es\/articles\/denuncio-al-dictador-daniel-ortega-dice-el-editor-carlos-chamorro-luego-que-la-policia-allano-su-redaccion-en-nicaragua\/\" target=\"_blank\" rel=\"noopener\">allanamiento policial ech\u00f3 a los periodistas de Confidencial<\/a>\u00a0de su sala de redacci\u00f3n,\u00a0<a href=\"https:\/\/latamjournalismreview.org\/es\/news\/ortega-ejecuta-ultimo-acto-de-confiscacion-a-confidencial-en-nicaragua\/\" target=\"_blank\" rel=\"noopener\">confiscando el inmueble<\/a>. Un <a href=\"https:\/\/latamjournalismreview.org\/es\/articles\/policia-nicaraguense-allana-la-redaccion-de-confidencial-por-segunda-vez-y-se-lleva-a-camarografo-que-permanece-desaparecido\/\" target=\"_blank\" rel=\"noopener\">operativo policial similar volvi\u00f3 a darse en mayo de 2021<\/a>, en la sede provisional donde funcionaba la redacci\u00f3n desde 2019.<\/p>\n<p>\u201c<a href=\"https:\/\/elpais.com\/internacional\/2021-05-20\/el-gobierno-de-ortega-vuelve-a-atacar-y-detener-periodistas-en-nicaragua.html?utm_medium=Social&amp;utm_source=Twitter&amp;ssm=TW_CM_AME#Echobox=1621535070\" target=\"_blank\" rel=\"noopener\">No nos van a callar<\/a>, pueden robarse otras c\u00e1maras de televisi\u00f3n, otros accesorios, pueden ocupar un recinto donde nosotros hab\u00edamos hecho algunas producciones, pero vamos a seguir informando, no van a callar a nuestros periodistas\u201d, dijo Chamorro v\u00eda Twitter tras el segundo allanamiento, public\u00f3 el diario El Pa\u00eds.<\/p>\n<p>En la opini\u00f3n de Molina, la comunidad internacional no ha estado a la altura de las circunstancias desde que los nicarag\u00fcenses salieron a las calles, en abril de 2018, \u201cponiendo garganta y pecho\u201d para defender la democracia del pa\u00eds. Y esta situaci\u00f3n, dijo, es una \u201cvoz de alerta\u201d para toda la regi\u00f3n.<\/p>\n<p>\u201cUna de las advertencias que yo estaba haciendo\u00a0\u2013y no solo yo, much\u00edsimos periodistas independientes\u2013 desde 2018, es que si se dejaba que Ortega hiciera lo que est\u00e1 haciendo hasta ahora con impunidad, se estaba alentando a que todos los autoritarios que hab\u00edan estado con la cabeza baja hasta entonces en Centroam\u00e9rica, comenzaran a replicar su comportamiento, porque iban a ver que no hab\u00eda consecuencias qu\u00e9 pagar\u201d, dijo Molina. La misma situaci\u00f3n se est\u00e1 viviendo ahora en Honduras, El Salvador e incluso Guatemala, expres\u00f3.<\/p>\n","protected":false},"excerpt":{"rendered":"<p>Hace pocos d\u00edas, y en el marco del Festival Gabo, uno de los festivales de periodismo m\u00e1s importantes de Am\u00e9rica Latina, el caricaturista nicarag\u00fcense Pedro X. Molina recibi\u00f3 el \u2018Reconocimiento a la Excelencia de los Premios Gabo 2021\u2019.<\/p>\n","protected":false},"author":4,"featured_media":39666,"comment_status":"closed","ping_status":"closed","sticky":false,"template":"","format":"standard","meta":{"inline_featured_image":false,"footnotes":""},"categories":[1354],"tags":[1497],"coauthors":[],"class_list":["post-39634","post","type-post","status-publish","format-standard","has-post-thumbnail","hentry","category-premios-y-oportunidades-es","tag-nicaragua-es"],"acf":[],"yoast_head":"<!-- This site is optimized with the Yoast SEO Premium plugin v22.6 (Yoast SEO v27.4) - https:\/\/yoast.com\/product\/yoast-seo-premium-wordpress\/ -->\n<title>Caricaturista nicarag\u00fcense Pedro X. Molina recibe \u2018Reconocimiento a la Excelencia\u2019 de los Premio Gabo 2021 - LatAm Journalism Review<\/title>\n<meta name=\"description\" content=\"Caricaturista nicarag\u00fcense Pedro X. Molina recibe \u2018Reconocimiento a la Excelencia\u2019 de los Premio Gabo 2021 Premios y oportunidades. Latin American Journalism Review by The Knight Center at The University of Texas at Austin.\" \/>\n<meta name=\"robots\" content=\"index, follow, max-snippet:-1, max-image-preview:large, max-video-preview:-1\" \/>\n<link rel=\"canonical\" href=\"https:\/\/latamjournalismreview.org\/es\/articles\/caricaturista-nicaraguense-pedro-x-molina-recibe-reconocimiento-a-la-excelencia-de-los-premio-gabo-2021\/\" \/>\n<meta property=\"og:locale\" content=\"es_ES\" \/>\n<meta property=\"og:type\" content=\"article\" \/>\n<meta property=\"og:title\" content=\"Caricaturista nicarag\u00fcense Pedro X. Molina recibe \u2018Reconocimiento a la Excelencia\u2019 de los Premio Gabo 2021\" \/>\n<meta property=\"og:description\" content=\"Caricaturista nicarag\u00fcense Pedro X. Molina recibe \u2018Reconocimiento a la Excelencia\u2019 de los Premio Gabo 2021 Premios y oportunidades. Latin American Journalism Review by The Knight Center at The University of Texas at Austin.\" \/>\n<meta property=\"og:url\" content=\"https:\/\/latamjournalismreview.org\/es\/articles\/caricaturista-nicaraguense-pedro-x-molina-recibe-reconocimiento-a-la-excelencia-de-los-premio-gabo-2021\/\" \/>\n<meta property=\"og:site_name\" content=\"LatAm Journalism Review\" \/>\n<meta property=\"article:published_time\" content=\"2021-10-27T16:32:13+00:00\" \/>\n<meta property=\"article:modified_time\" content=\"2021-10-28T22:11:29+00:00\" \/>\n<meta property=\"og:image\" content=\"https:\/\/latamjournalismreview.org\/wp-content\/uploads\/2021\/10\/Featured-PedroXMolina.png\" \/>\n\t<meta property=\"og:image:width\" content=\"507\" \/>\n\t<meta property=\"og:image:height\" content=\"340\" \/>\n\t<meta property=\"og:image:type\" content=\"image\/png\" \/>\n<meta name=\"author\" content=\"Paola Nalvarte\" \/>\n<meta name=\"twitter:card\" content=\"summary_large_image\" \/>\n<meta name=\"twitter:creator\" content=\"@paolanalvarte\" \/>\n<meta name=\"twitter:site\" content=\"@LatAmJournalism\" \/>\n<meta name=\"twitter:label1\" content=\"Written by\" \/>\n\t<meta name=\"twitter:data1\" content=\"Paola Nalvarte\" \/>\n\t<meta name=\"twitter:label2\" content=\"Est. reading time\" \/>\n\t<meta name=\"twitter:data2\" content=\"6 minutos\" \/>\n<script type=\"application\/ld+json\" class=\"yoast-schema-graph\">{\"@context\":\"https:\\\/\\\/schema.org\",\"@graph\":[{\"@type\":\"Article\",\"@id\":\"https:\\\/\\\/latamjournalismreview.org\\\/es\\\/articles\\\/caricaturista-nicaraguense-pedro-x-molina-recibe-reconocimiento-a-la-excelencia-de-los-premio-gabo-2021\\\/#article\",\"isPartOf\":{\"@id\":\"https:\\\/\\\/latamjournalismreview.org\\\/es\\\/articles\\\/caricaturista-nicaraguense-pedro-x-molina-recibe-reconocimiento-a-la-excelencia-de-los-premio-gabo-2021\\\/\"},\"author\":{\"name\":\"Paola Nalvarte\",\"@id\":\"https:\\\/\\\/latamjournalismreview.org\\\/es\\\/#\\\/schema\\\/person\\\/d0b9fa850ef1b6f56bb445e52f29f63f\"},\"headline\":\"Caricaturista nicarag\u00fcense Pedro X. Molina recibe \u2018Reconocimiento a la Excelencia\u2019 de los Premio Gabo 2021\",\"datePublished\":\"2021-10-27T16:32:13+00:00\",\"dateModified\":\"2021-10-28T22:11:29+00:00\",\"mainEntityOfPage\":{\"@id\":\"https:\\\/\\\/latamjournalismreview.org\\\/es\\\/articles\\\/caricaturista-nicaraguense-pedro-x-molina-recibe-reconocimiento-a-la-excelencia-de-los-premio-gabo-2021\\\/\"},\"wordCount\":1115,\"publisher\":{\"@id\":\"https:\\\/\\\/latamjournalismreview.org\\\/es\\\/#organization\"},\"image\":{\"@id\":\"https:\\\/\\\/latamjournalismreview.org\\\/es\\\/articles\\\/caricaturista-nicaraguense-pedro-x-molina-recibe-reconocimiento-a-la-excelencia-de-los-premio-gabo-2021\\\/#primaryimage\"},\"thumbnailUrl\":\"https:\\\/\\\/latamjournalismreview.org\\\/wp-content\\\/uploads\\\/2021\\\/10\\\/Featured-PedroXMolina.png\",\"keywords\":[\"Nicaragua\"],\"articleSection\":[\"Premios y oportunidades\"],\"inLanguage\":\"es\"},{\"@type\":\"WebPage\",\"@id\":\"https:\\\/\\\/latamjournalismreview.org\\\/es\\\/articles\\\/caricaturista-nicaraguense-pedro-x-molina-recibe-reconocimiento-a-la-excelencia-de-los-premio-gabo-2021\\\/\",\"url\":\"https:\\\/\\\/latamjournalismreview.org\\\/es\\\/articles\\\/caricaturista-nicaraguense-pedro-x-molina-recibe-reconocimiento-a-la-excelencia-de-los-premio-gabo-2021\\\/\",\"name\":\"Caricaturista nicarag\u00fcense Pedro X. Molina recibe \u2018Reconocimiento a la Excelencia\u2019 de los Premio Gabo 2021 - LatAm Journalism Review\",\"isPartOf\":{\"@id\":\"https:\\\/\\\/latamjournalismreview.org\\\/es\\\/#website\"},\"primaryImageOfPage\":{\"@id\":\"https:\\\/\\\/latamjournalismreview.org\\\/es\\\/articles\\\/caricaturista-nicaraguense-pedro-x-molina-recibe-reconocimiento-a-la-excelencia-de-los-premio-gabo-2021\\\/#primaryimage\"},\"image\":{\"@id\":\"https:\\\/\\\/latamjournalismreview.org\\\/es\\\/articles\\\/caricaturista-nicaraguense-pedro-x-molina-recibe-reconocimiento-a-la-excelencia-de-los-premio-gabo-2021\\\/#primaryimage\"},\"thumbnailUrl\":\"https:\\\/\\\/latamjournalismreview.org\\\/wp-content\\\/uploads\\\/2021\\\/10\\\/Featured-PedroXMolina.png\",\"datePublished\":\"2021-10-27T16:32:13+00:00\",\"dateModified\":\"2021-10-28T22:11:29+00:00\",\"description\":\"Caricaturista nicarag\u00fcense Pedro X. Molina recibe \u2018Reconocimiento a la Excelencia\u2019 de los Premio Gabo 2021 Premios y oportunidades. Latin American Journalism Review by The Knight Center at The University of Texas at Austin.\",\"breadcrumb\":{\"@id\":\"https:\\\/\\\/latamjournalismreview.org\\\/es\\\/articles\\\/caricaturista-nicaraguense-pedro-x-molina-recibe-reconocimiento-a-la-excelencia-de-los-premio-gabo-2021\\\/#breadcrumb\"},\"inLanguage\":\"es\",\"potentialAction\":[{\"@type\":\"ReadAction\",\"target\":[\"https:\\\/\\\/latamjournalismreview.org\\\/es\\\/articles\\\/caricaturista-nicaraguense-pedro-x-molina-recibe-reconocimiento-a-la-excelencia-de-los-premio-gabo-2021\\\/\"]}]},{\"@type\":\"ImageObject\",\"inLanguage\":\"es\",\"@id\":\"https:\\\/\\\/latamjournalismreview.org\\\/es\\\/articles\\\/caricaturista-nicaraguense-pedro-x-molina-recibe-reconocimiento-a-la-excelencia-de-los-premio-gabo-2021\\\/#primaryimage\",\"url\":\"https:\\\/\\\/latamjournalismreview.org\\\/wp-content\\\/uploads\\\/2021\\\/10\\\/Featured-PedroXMolina.png\",\"contentUrl\":\"https:\\\/\\\/latamjournalismreview.org\\\/wp-content\\\/uploads\\\/2021\\\/10\\\/Featured-PedroXMolina.png\",\"width\":507,\"height\":340,\"caption\":\"Caricaturista Pedro X. Molina, Nicaragua\"},{\"@type\":\"BreadcrumbList\",\"@id\":\"https:\\\/\\\/latamjournalismreview.org\\\/es\\\/articles\\\/caricaturista-nicaraguense-pedro-x-molina-recibe-reconocimiento-a-la-excelencia-de-los-premio-gabo-2021\\\/#breadcrumb\",\"itemListElement\":[{\"@type\":\"ListItem\",\"position\":1,\"name\":\"Home\",\"item\":\"https:\\\/\\\/latamjournalismreview.org\\\/es\\\/\"},{\"@type\":\"ListItem\",\"position\":2,\"name\":\"Caricaturista nicarag\u00fcense Pedro X. Molina recibe \u2018Reconocimiento a la Excelencia\u2019 de los Premio Gabo 2021\"}]},{\"@type\":\"WebSite\",\"@id\":\"https:\\\/\\\/latamjournalismreview.org\\\/es\\\/#website\",\"url\":\"https:\\\/\\\/latamjournalismreview.org\\\/es\\\/\",\"name\":\"LatAm Journalism Review\",\"description\":\"Knight Center at The University of Texas\",\"publisher\":{\"@id\":\"https:\\\/\\\/latamjournalismreview.org\\\/es\\\/#organization\"},\"potentialAction\":[{\"@type\":\"SearchAction\",\"target\":{\"@type\":\"EntryPoint\",\"urlTemplate\":\"https:\\\/\\\/latamjournalismreview.org\\\/es\\\/?s={search_term_string}\"},\"query-input\":{\"@type\":\"PropertyValueSpecification\",\"valueRequired\":true,\"valueName\":\"search_term_string\"}}],\"inLanguage\":\"es\"},{\"@type\":\"Organization\",\"@id\":\"https:\\\/\\\/latamjournalismreview.org\\\/es\\\/#organization\",\"name\":\"LatAm Journalism Review\",\"url\":\"https:\\\/\\\/latamjournalismreview.org\\\/es\\\/\",\"logo\":{\"@type\":\"ImageObject\",\"inLanguage\":\"es\",\"@id\":\"https:\\\/\\\/latamjournalismreview.org\\\/es\\\/#\\\/schema\\\/logo\\\/image\\\/\",\"url\":\"https:\\\/\\\/latamjournalismreview.org\\\/wp-content\\\/uploads\\\/2020\\\/05\\\/knight-latAm-review-logo.svg\",\"contentUrl\":\"https:\\\/\\\/latamjournalismreview.org\\\/wp-content\\\/uploads\\\/2020\\\/05\\\/knight-latAm-review-logo.svg\",\"width\":\"1024\",\"height\":\"1024\",\"caption\":\"LatAm Journalism Review\"},\"image\":{\"@id\":\"https:\\\/\\\/latamjournalismreview.org\\\/es\\\/#\\\/schema\\\/logo\\\/image\\\/\"},\"sameAs\":[\"https:\\\/\\\/x.com\\\/LatAmJournalism\"]},{\"@type\":\"Person\",\"@id\":\"https:\\\/\\\/latamjournalismreview.org\\\/es\\\/#\\\/schema\\\/person\\\/d0b9fa850ef1b6f56bb445e52f29f63f\",\"name\":\"Paola Nalvarte\",\"description\":\"Paola Nalvarte is a Peruvian journalist and documentary photographer living in Austin, Texas. She focuses on covering and writing about the Andes region. In Peru, Paola worked in the Lima office of the Italian news agency ANSA, on the economic news desk of the daily Expreso, and for ten years she has been working on different editorial projects doing picture editing and research for one of the oldest Spanish-language papers in the world, the Peruvian newspaper El Comercio. She also enjoyed writing for the newspaper weekly magazine Somos. Paola Nalvarte es una periodista y fot\u00f3grafa documental peruana que vive en Austin, Texas. El foco de inter\u00e9s de su cobertura noticiosa es la regi\u00f3n andina. En Per\u00fa, Paola trabaj\u00f3 en la oficina de Lima de la agencia italiana de noticias ANSA, en la secci\u00f3n de econom\u00eda del diario Expreso y por diez a\u00f1os hizo investigaci\u00f3n fotogr\u00e1fica y edici\u00f3n de fotograf\u00eda editorial en el diario decano de la prensa peruana, El Comercio. Tambi\u00e9n escribi\u00f3 para Somos, la revista semanal del mismo diario\u200b, art\u00edculos sobre medio ambiente y cultura. Paola Nalvarte \u00e9 uma jornalista peruana e fot\u00f3grafa documentarista que vive em Austin, Texas. O foco de interesse da sua cobertura jornal\u00edstica \u00e9 a regi\u00e3o andina. No Peru, Paola trabalhou no escrit\u00f3rio de Lima da ag\u00eancia de not\u00edcias italiana ANSA, na se\u00e7\u00e3o de economia do jornal Expreso e, por dez anos, fez pesquisa fotogr\u00e1fica e edi\u00e7\u00e3o de fotografia editorial para um dos jornais em espanhol mais antigos do mundo, o jornal peruano El Comercio. Ela tamb\u00e9m escreveu artigos de meio ambiente e cultura para a Somos, a revista semanal do mesmo jornal.\",\"sameAs\":[\"https:\\\/\\\/x.com\\\/paolanalvarte\"],\"url\":\"https:\\\/\\\/latamjournalismreview.org\\\/es\\\/articles\\\/author\\\/paola-nalvarte\\\/\"}]}<\/script>\n<!-- \/ Yoast SEO Premium plugin. -->","yoast_head_json":{"title":"Caricaturista nicarag\u00fcense Pedro X. Molina recibe \u2018Reconocimiento a la Excelencia\u2019 de los Premio Gabo 2021 - LatAm Journalism Review","description":"Caricaturista nicarag\u00fcense Pedro X. Molina recibe \u2018Reconocimiento a la Excelencia\u2019 de los Premio Gabo 2021 Premios y oportunidades. Latin American Journalism Review by The Knight Center at The University of Texas at Austin.","robots":{"index":"index","follow":"follow","max-snippet":"max-snippet:-1","max-image-preview":"max-image-preview:large","max-video-preview":"max-video-preview:-1"},"canonical":"https:\/\/latamjournalismreview.org\/es\/articles\/caricaturista-nicaraguense-pedro-x-molina-recibe-reconocimiento-a-la-excelencia-de-los-premio-gabo-2021\/","og_locale":"es_ES","og_type":"article","og_title":"Caricaturista nicarag\u00fcense Pedro X. Molina recibe \u2018Reconocimiento a la Excelencia\u2019 de los Premio Gabo 2021","og_description":"Caricaturista nicarag\u00fcense Pedro X. Molina recibe \u2018Reconocimiento a la Excelencia\u2019 de los Premio Gabo 2021 Premios y oportunidades. Latin American Journalism Review by The Knight Center at The University of Texas at Austin.","og_url":"https:\/\/latamjournalismreview.org\/es\/articles\/caricaturista-nicaraguense-pedro-x-molina-recibe-reconocimiento-a-la-excelencia-de-los-premio-gabo-2021\/","og_site_name":"LatAm Journalism Review","article_published_time":"2021-10-27T16:32:13+00:00","article_modified_time":"2021-10-28T22:11:29+00:00","og_image":[{"width":507,"height":340,"url":"https:\/\/latamjournalismreview.org\/wp-content\/uploads\/2021\/10\/Featured-PedroXMolina.png","type":"image\/png"}],"author":"Paola Nalvarte","twitter_card":"summary_large_image","twitter_creator":"@paolanalvarte","twitter_site":"@LatAmJournalism","twitter_misc":{"Written by":"Paola Nalvarte","Est. reading time":"6 minutos"},"schema":{"@context":"https:\/\/schema.org","@graph":[{"@type":"Article","@id":"https:\/\/latamjournalismreview.org\/es\/articles\/caricaturista-nicaraguense-pedro-x-molina-recibe-reconocimiento-a-la-excelencia-de-los-premio-gabo-2021\/#article","isPartOf":{"@id":"https:\/\/latamjournalismreview.org\/es\/articles\/caricaturista-nicaraguense-pedro-x-molina-recibe-reconocimiento-a-la-excelencia-de-los-premio-gabo-2021\/"},"author":{"name":"Paola Nalvarte","@id":"https:\/\/latamjournalismreview.org\/es\/#\/schema\/person\/d0b9fa850ef1b6f56bb445e52f29f63f"},"headline":"Caricaturista nicarag\u00fcense Pedro X. Molina recibe \u2018Reconocimiento a la Excelencia\u2019 de los Premio Gabo 2021","datePublished":"2021-10-27T16:32:13+00:00","dateModified":"2021-10-28T22:11:29+00:00","mainEntityOfPage":{"@id":"https:\/\/latamjournalismreview.org\/es\/articles\/caricaturista-nicaraguense-pedro-x-molina-recibe-reconocimiento-a-la-excelencia-de-los-premio-gabo-2021\/"},"wordCount":1115,"publisher":{"@id":"https:\/\/latamjournalismreview.org\/es\/#organization"},"image":{"@id":"https:\/\/latamjournalismreview.org\/es\/articles\/caricaturista-nicaraguense-pedro-x-molina-recibe-reconocimiento-a-la-excelencia-de-los-premio-gabo-2021\/#primaryimage"},"thumbnailUrl":"https:\/\/latamjournalismreview.org\/wp-content\/uploads\/2021\/10\/Featured-PedroXMolina.png","keywords":["Nicaragua"],"articleSection":["Premios y oportunidades"],"inLanguage":"es"},{"@type":"WebPage","@id":"https:\/\/latamjournalismreview.org\/es\/articles\/caricaturista-nicaraguense-pedro-x-molina-recibe-reconocimiento-a-la-excelencia-de-los-premio-gabo-2021\/","url":"https:\/\/latamjournalismreview.org\/es\/articles\/caricaturista-nicaraguense-pedro-x-molina-recibe-reconocimiento-a-la-excelencia-de-los-premio-gabo-2021\/","name":"Caricaturista nicarag\u00fcense Pedro X. Molina recibe \u2018Reconocimiento a la Excelencia\u2019 de los Premio Gabo 2021 - LatAm Journalism Review","isPartOf":{"@id":"https:\/\/latamjournalismreview.org\/es\/#website"},"primaryImageOfPage":{"@id":"https:\/\/latamjournalismreview.org\/es\/articles\/caricaturista-nicaraguense-pedro-x-molina-recibe-reconocimiento-a-la-excelencia-de-los-premio-gabo-2021\/#primaryimage"},"image":{"@id":"https:\/\/latamjournalismreview.org\/es\/articles\/caricaturista-nicaraguense-pedro-x-molina-recibe-reconocimiento-a-la-excelencia-de-los-premio-gabo-2021\/#primaryimage"},"thumbnailUrl":"https:\/\/latamjournalismreview.org\/wp-content\/uploads\/2021\/10\/Featured-PedroXMolina.png","datePublished":"2021-10-27T16:32:13+00:00","dateModified":"2021-10-28T22:11:29+00:00","description":"Caricaturista nicarag\u00fcense Pedro X. Molina recibe \u2018Reconocimiento a la Excelencia\u2019 de los Premio Gabo 2021 Premios y oportunidades. Latin American Journalism Review by The Knight Center at The University of Texas at Austin.","breadcrumb":{"@id":"https:\/\/latamjournalismreview.org\/es\/articles\/caricaturista-nicaraguense-pedro-x-molina-recibe-reconocimiento-a-la-excelencia-de-los-premio-gabo-2021\/#breadcrumb"},"inLanguage":"es","potentialAction":[{"@type":"ReadAction","target":["https:\/\/latamjournalismreview.org\/es\/articles\/caricaturista-nicaraguense-pedro-x-molina-recibe-reconocimiento-a-la-excelencia-de-los-premio-gabo-2021\/"]}]},{"@type":"ImageObject","inLanguage":"es","@id":"https:\/\/latamjournalismreview.org\/es\/articles\/caricaturista-nicaraguense-pedro-x-molina-recibe-reconocimiento-a-la-excelencia-de-los-premio-gabo-2021\/#primaryimage","url":"https:\/\/latamjournalismreview.org\/wp-content\/uploads\/2021\/10\/Featured-PedroXMolina.png","contentUrl":"https:\/\/latamjournalismreview.org\/wp-content\/uploads\/2021\/10\/Featured-PedroXMolina.png","width":507,"height":340,"caption":"Caricaturista Pedro X. Molina, Nicaragua"},{"@type":"BreadcrumbList","@id":"https:\/\/latamjournalismreview.org\/es\/articles\/caricaturista-nicaraguense-pedro-x-molina-recibe-reconocimiento-a-la-excelencia-de-los-premio-gabo-2021\/#breadcrumb","itemListElement":[{"@type":"ListItem","position":1,"name":"Home","item":"https:\/\/latamjournalismreview.org\/es\/"},{"@type":"ListItem","position":2,"name":"Caricaturista nicarag\u00fcense Pedro X. Molina recibe \u2018Reconocimiento a la Excelencia\u2019 de los Premio Gabo 2021"}]},{"@type":"WebSite","@id":"https:\/\/latamjournalismreview.org\/es\/#website","url":"https:\/\/latamjournalismreview.org\/es\/","name":"LatAm Journalism Review","description":"Knight Center at The University of Texas","publisher":{"@id":"https:\/\/latamjournalismreview.org\/es\/#organization"},"potentialAction":[{"@type":"SearchAction","target":{"@type":"EntryPoint","urlTemplate":"https:\/\/latamjournalismreview.org\/es\/?s={search_term_string}"},"query-input":{"@type":"PropertyValueSpecification","valueRequired":true,"valueName":"search_term_string"}}],"inLanguage":"es"},{"@type":"Organization","@id":"https:\/\/latamjournalismreview.org\/es\/#organization","name":"LatAm Journalism Review","url":"https:\/\/latamjournalismreview.org\/es\/","logo":{"@type":"ImageObject","inLanguage":"es","@id":"https:\/\/latamjournalismreview.org\/es\/#\/schema\/logo\/image\/","url":"https:\/\/latamjournalismreview.org\/wp-content\/uploads\/2020\/05\/knight-latAm-review-logo.svg","contentUrl":"https:\/\/latamjournalismreview.org\/wp-content\/uploads\/2020\/05\/knight-latAm-review-logo.svg","width":"1024","height":"1024","caption":"LatAm Journalism Review"},"image":{"@id":"https:\/\/latamjournalismreview.org\/es\/#\/schema\/logo\/image\/"},"sameAs":["https:\/\/x.com\/LatAmJournalism"]},{"@type":"Person","@id":"https:\/\/latamjournalismreview.org\/es\/#\/schema\/person\/d0b9fa850ef1b6f56bb445e52f29f63f","name":"Paola Nalvarte","description":"Paola Nalvarte is a Peruvian journalist and documentary photographer living in Austin, Texas. She focuses on covering and writing about the Andes region. In Peru, Paola worked in the Lima office of the Italian news agency ANSA, on the economic news desk of the daily Expreso, and for ten years she has been working on different editorial projects doing picture editing and research for one of the oldest Spanish-language papers in the world, the Peruvian newspaper El Comercio. She also enjoyed writing for the newspaper weekly magazine Somos. Paola Nalvarte es una periodista y fot\u00f3grafa documental peruana que vive en Austin, Texas. El foco de inter\u00e9s de su cobertura noticiosa es la regi\u00f3n andina. En Per\u00fa, Paola trabaj\u00f3 en la oficina de Lima de la agencia italiana de noticias ANSA, en la secci\u00f3n de econom\u00eda del diario Expreso y por diez a\u00f1os hizo investigaci\u00f3n fotogr\u00e1fica y edici\u00f3n de fotograf\u00eda editorial en el diario decano de la prensa peruana, El Comercio. Tambi\u00e9n escribi\u00f3 para Somos, la revista semanal del mismo diario\u200b, art\u00edculos sobre medio ambiente y cultura. Paola Nalvarte \u00e9 uma jornalista peruana e fot\u00f3grafa documentarista que vive em Austin, Texas. O foco de interesse da sua cobertura jornal\u00edstica \u00e9 a regi\u00e3o andina. No Peru, Paola trabalhou no escrit\u00f3rio de Lima da ag\u00eancia de not\u00edcias italiana ANSA, na se\u00e7\u00e3o de economia do jornal Expreso e, por dez anos, fez pesquisa fotogr\u00e1fica e edi\u00e7\u00e3o de fotografia editorial para um dos jornais em espanhol mais antigos do mundo, o jornal peruano El Comercio. Ela tamb\u00e9m escreveu artigos de meio ambiente e cultura para a Somos, a revista semanal do mesmo jornal.","sameAs":["https:\/\/x.com\/paolanalvarte"],"url":"https:\/\/latamjournalismreview.org\/es\/articles\/author\/paola-nalvarte\/"}]}},"_links":{"self":[{"href":"https:\/\/latamjournalismreview.org\/es\/wp-json\/wp\/v2\/posts\/39634","targetHints":{"allow":["GET"]}}],"collection":[{"href":"https:\/\/latamjournalismreview.org\/es\/wp-json\/wp\/v2\/posts"}],"about":[{"href":"https:\/\/latamjournalismreview.org\/es\/wp-json\/wp\/v2\/types\/post"}],"author":[{"embeddable":true,"href":"https:\/\/latamjournalismreview.org\/es\/wp-json\/wp\/v2\/users\/4"}],"replies":[{"embeddable":true,"href":"https:\/\/latamjournalismreview.org\/es\/wp-json\/wp\/v2\/comments?post=39634"}],"version-history":[{"count":10,"href":"https:\/\/latamjournalismreview.org\/es\/wp-json\/wp\/v2\/posts\/39634\/revisions"}],"predecessor-version":[{"id":39829,"href":"https:\/\/latamjournalismreview.org\/es\/wp-json\/wp\/v2\/posts\/39634\/revisions\/39829"}],"wp:featuredmedia":[{"embeddable":true,"href":"https:\/\/latamjournalismreview.org\/es\/wp-json\/wp\/v2\/media\/39666"}],"wp:attachment":[{"href":"https:\/\/latamjournalismreview.org\/es\/wp-json\/wp\/v2\/media?parent=39634"}],"wp:term":[{"taxonomy":"category","embeddable":true,"href":"https:\/\/latamjournalismreview.org\/es\/wp-json\/wp\/v2\/categories?post=39634"},{"taxonomy":"post_tag","embeddable":true,"href":"https:\/\/latamjournalismreview.org\/es\/wp-json\/wp\/v2\/tags?post=39634"},{"taxonomy":"author","embeddable":true,"href":"https:\/\/latamjournalismreview.org\/es\/wp-json\/wp\/v2\/coauthors?post=39634"}],"curies":[{"name":"wp","href":"https:\/\/api.w.org\/{rel}","templated":true}]}}