{"id":39946,"date":"2014-02-27T20:31:56","date_gmt":"2014-02-28T01:31:56","guid":{"rendered":"https:\/\/latamjournalismreview.org\/?p=39946"},"modified":"2021-10-29T20:33:40","modified_gmt":"2021-10-30T01:33:40","slug":"20-anos-tras-las-guerras-periodistas-ven-en-archivos-oportunidad-para-entender-los-conflictos-en-centroamerica","status":"publish","type":"post","link":"https:\/\/latamjournalismreview.org\/es\/articles\/20-anos-tras-las-guerras-periodistas-ven-en-archivos-oportunidad-para-entender-los-conflictos-en-centroamerica\/","title":{"rendered":"20 a\u00f1os tras las guerras, periodistas ven en archivos oportunidad para entender los conflictos en Centroam\u00e9rica"},"content":{"rendered":"<p><em>Por Alex Wilkins*<\/em><\/p>\n<p>Un panel de periodistas se reuni\u00f3 el 21 de febrero en la\u00a0<a href=\"http:\/\/www.utexas.edu\/cola\/insts\/llilas\/events\/conferences\/2014-Lozano-Long.php\">Conferencia Lozano Long 2014 en la Universidad de Texas en Austin<\/a>\u00a0(UT) para reflexionar sobre su cobertura de las revoluciones centroamericanas de los setentas a los noventas. La discusi\u00f3n destac\u00f3 testimonios de los periodistas y marc\u00f3 la importancia de un nuevo esfuerzo por parte de\u00a0<a href=\"http:\/\/www.utexas.edu\/cola\/insts\/llilas\/features\/_features\/llilasbenson.php\">Estudios y Colecciones Latinoamericanos LLILAS Benson<\/a>\u00a0para crear la colecci\u00f3n mas grande de archivos dedicados a las guerras que sacudieron a Nicaragua, Guatemala y El Salvador.<\/p>\n<p>La discusi\u00f3n fue moderada por el fundador y director del\u00a0<a href=\"https:\/\/knightcenter.utexas.edu\/aboutus\">Centro Knight para Periodismo en las Americas<\/a>, Rosental Alves y cont\u00f3 con seis oradores que vivieron y cubrieron las guerras, incluyendo Robert Rivard, director del\u00a0<a href=\"http:\/\/therivardreport.com\/\">Rivard Report<\/a>; Jean-Marie Simon, miembro de la\u00a0<a href=\"http:\/\/www.ghrc-usa.org\/\">Comisi\u00f3n de Derechos Humanos de Guatemala<\/a>;\u00a0<a href=\"http:\/\/journalism.utexas.edu\/faculty\/mercedes-de-uriarte\">Mercedes de Uriarte,<\/a>\u00a0profesora de periodismo en UT:\u00a0<a href=\"http:\/\/www.npr.org\/people\/1936301\/john-burnett\">John Burnett,<\/a>\u00a0corresponsal para la Radio P\u00fablica Nacional (NPR) en Estados Unidos;\u00a0<a href=\"http:\/\/www.donnadecesare.com\/\">Donna DeCesare<\/a>, profesora de periodismo en UT y\u00a0<a href=\"http:\/\/elsalvadorcouldbelikethat.com\/joe-frazier.htm\">Joseph B. Frazier<\/a>, ex corresponsal del Associated Press.<\/p>\n<p>\u201cTen\u00edas que ser joven y un poco est\u00fapido para hacerlo\u201d, dijo Rivard cuando habl\u00f3 de cubrir las guerras. Tras su experiencia en Centroam\u00e9rica sigui\u00f3 cubriendo las luchas civiles que siguieron a las revoluciones y tambi\u00e9n ha trabajado para<a href=\"https:\/\/knightcenter.utexas.edu\/editor-speaks-his-search-justice-crime-against-reporter\">\u00a0obtener justicia para un periodista asesinado en M\u00e9xico<\/a>\u00a0a trav\u00e9s de su libro \u201cTrail of Feathers\u201d.<\/p>\n<p>Un tema recurrente en la discusi\u00f3n fue la diferencia entre c\u00f3mo se mostraban los conflictos en Estados Unidos y c\u00f3mo se viv\u00eda la realidad en Centroam\u00e9rica.<\/p>\n<p>\u201cNadie ten\u00eda inter\u00e9s en la historia despu\u00e9s de la guerra. Mi editor quer\u00eda que yo fuera a Bosnia\u201d, dijo DeCesare, quien contin\u00faa cubriendo los cambios en la violencia en Centroam\u00e9rica.\u00a0<a href=\"https:\/\/knightcenter.utexas.edu\/blog\/00-13770-acclaimed-war-photographer%E2%80%99s-new-book-chronicles-her-coverage-civil-wars-gang-violence\">DeCesare dijo en su reciente libro \u201cUnsettled\u201d que ve una conexi\u00f3n<\/a>\u00a0bastante grande entre la violencia de las guerras y el reciente aumento de la violencia por parte de las pandillas en la regi\u00f3n.<\/p>\n<p>Excluyendo a la Biblioteca del Congreso, LLILAS Benson ahora tiene la colecci\u00f3n latinoamericana m\u00e1s grande del pa\u00eds, incluyendo el\u00a0<a href=\"https:\/\/ahpn.lib.utexas.edu\/\">Archivo Digital del Archivo Hist\u00f3rico de la Polic\u00eda Nacional de Guatemala,<\/a>\u00a0que fue adquirido recientemente.<\/p>\n<p>Ahora estos archivos ayudan a llenar varios huecos informativos que quedaron de la \u00e9poca.<\/p>\n<p>\u201cEl periodismo diario que producimos es una versi\u00f3n bastante incompleta de la historia. Hicimos lo mejor que pudimos, pero estoy feliz que esfuerzos como estos finalmente intentan corregirlo\u201d, dijo Burnett.<\/p>\n<p><sup><em>*Alex Wilkins\u00a0es un estudiante en la clase \"Periodismo en Latinoam\u00e9rica\" en la Universidad de\u00a0Texas.<\/em><\/sup><\/p>\n<p><em>Nota del editor: Esta historia fue publicada originalmente en el blog Periodismo en las Am\u00e9ricas del Centro Knight, el predecesor de LatAm Journalism Review.<\/em><\/p>\n","protected":false},"excerpt":{"rendered":"<p>Un panel de periodistas se reuni\u00f3 el 21 de febrero en la\u00a0Conferencia Lozano Long 2014 en la Universidad de Texas en Austin\u00a0(UT) para reflexionar sobre su cobertura de las revoluciones centroamericanas de los setentas a los noventas. La discusi\u00f3n destac\u00f3 testimonios de los periodistas y marc\u00f3 la importancia de un nuevo esfuerzo por parte de\u00a0Estudios y Colecciones Latinoamericanos LLILAS Benson\u00a0para crear la colecci\u00f3n mas grande de archivos dedicados a las guerras que sacudieron a Nicaragua, Guatemala y El Salvador.<\/p>\n","protected":false},"author":17,"featured_media":0,"comment_status":"closed","ping_status":"closed","sticky":false,"template":"","format":"standard","meta":{"inline_featured_image":false,"footnotes":""},"categories":[1227],"tags":[1422],"coauthors":[],"class_list":["post-39946","post","type-post","status-publish","format-standard","hentry","category-acceso-a-la-informacion-es","tag-acceso-a-la-informacion-es"],"acf":[],"yoast_head":"<!-- This site is optimized with the Yoast SEO Premium plugin v22.6 (Yoast SEO v27.4) - https:\/\/yoast.com\/product\/yoast-seo-premium-wordpress\/ -->\n<title>20 a\u00f1os tras las guerras, periodistas ven en archivos oportunidad para entender los conflictos en Centroam\u00e9rica - LatAm Journalism Review<\/title>\n<meta name=\"description\" content=\"20 a\u00f1os tras las guerras, periodistas ven en archivos oportunidad para entender los conflictos en Centroam\u00e9rica Acceso a la Informaci\u00f3n. Latin American Journalism Review by The Knight Center at The University of Texas at Austin.\" \/>\n<meta name=\"robots\" content=\"index, follow, max-snippet:-1, max-image-preview:large, max-video-preview:-1\" \/>\n<link rel=\"canonical\" href=\"https:\/\/latamjournalismreview.org\/es\/articles\/20-anos-tras-las-guerras-periodistas-ven-en-archivos-oportunidad-para-entender-los-conflictos-en-centroamerica\/\" \/>\n<meta property=\"og:locale\" content=\"es_ES\" \/>\n<meta property=\"og:type\" content=\"article\" \/>\n<meta property=\"og:title\" content=\"20 a\u00f1os tras las guerras, periodistas ven en archivos oportunidad para entender los conflictos en Centroam\u00e9rica\" \/>\n<meta property=\"og:description\" content=\"20 a\u00f1os tras las guerras, periodistas ven en archivos oportunidad para entender los conflictos en Centroam\u00e9rica Acceso a la Informaci\u00f3n. Latin American Journalism Review by The Knight Center at The University of Texas at Austin.\" \/>\n<meta property=\"og:url\" content=\"https:\/\/latamjournalismreview.org\/es\/articles\/20-anos-tras-las-guerras-periodistas-ven-en-archivos-oportunidad-para-entender-los-conflictos-en-centroamerica\/\" \/>\n<meta property=\"og:site_name\" content=\"LatAm Journalism Review\" \/>\n<meta property=\"article:published_time\" content=\"2014-02-28T01:31:56+00:00\" \/>\n<meta property=\"article:modified_time\" content=\"2021-10-30T01:33:40+00:00\" \/>\n<meta name=\"author\" content=\"Guest\" \/>\n<meta name=\"twitter:card\" content=\"summary_large_image\" \/>\n<meta name=\"twitter:creator\" content=\"@LatAmJournalism\" \/>\n<meta name=\"twitter:site\" content=\"@LatAmJournalism\" \/>\n<meta name=\"twitter:label1\" content=\"Written by\" \/>\n\t<meta name=\"twitter:data1\" content=\"Guest\" \/>\n\t<meta name=\"twitter:label2\" content=\"Est. reading time\" \/>\n\t<meta name=\"twitter:data2\" content=\"2 minutos\" \/>\n<script type=\"application\/ld+json\" class=\"yoast-schema-graph\">{\"@context\":\"https:\\\/\\\/schema.org\",\"@graph\":[{\"@type\":\"Article\",\"@id\":\"https:\\\/\\\/latamjournalismreview.org\\\/es\\\/articles\\\/20-anos-tras-las-guerras-periodistas-ven-en-archivos-oportunidad-para-entender-los-conflictos-en-centroamerica\\\/#article\",\"isPartOf\":{\"@id\":\"https:\\\/\\\/latamjournalismreview.org\\\/es\\\/articles\\\/20-anos-tras-las-guerras-periodistas-ven-en-archivos-oportunidad-para-entender-los-conflictos-en-centroamerica\\\/\"},\"author\":{\"name\":\"Guest\",\"@id\":\"https:\\\/\\\/latamjournalismreview.org\\\/es\\\/#\\\/schema\\\/person\\\/0315202e0b3c0963a2440f1c3012c360\"},\"headline\":\"20 a\u00f1os tras las guerras, periodistas ven en archivos oportunidad para entender los conflictos en Centroam\u00e9rica\",\"datePublished\":\"2014-02-28T01:31:56+00:00\",\"dateModified\":\"2021-10-30T01:33:40+00:00\",\"mainEntityOfPage\":{\"@id\":\"https:\\\/\\\/latamjournalismreview.org\\\/es\\\/articles\\\/20-anos-tras-las-guerras-periodistas-ven-en-archivos-oportunidad-para-entender-los-conflictos-en-centroamerica\\\/\"},\"wordCount\":479,\"publisher\":{\"@id\":\"https:\\\/\\\/latamjournalismreview.org\\\/es\\\/#organization\"},\"keywords\":[\"Acceso a la informaci\u00f3n\"],\"articleSection\":[\"Acceso a la Informaci\u00f3n\"],\"inLanguage\":\"es\"},{\"@type\":\"WebPage\",\"@id\":\"https:\\\/\\\/latamjournalismreview.org\\\/es\\\/articles\\\/20-anos-tras-las-guerras-periodistas-ven-en-archivos-oportunidad-para-entender-los-conflictos-en-centroamerica\\\/\",\"url\":\"https:\\\/\\\/latamjournalismreview.org\\\/es\\\/articles\\\/20-anos-tras-las-guerras-periodistas-ven-en-archivos-oportunidad-para-entender-los-conflictos-en-centroamerica\\\/\",\"name\":\"20 a\u00f1os tras las guerras, periodistas ven en archivos oportunidad para entender los conflictos en Centroam\u00e9rica - LatAm Journalism Review\",\"isPartOf\":{\"@id\":\"https:\\\/\\\/latamjournalismreview.org\\\/es\\\/#website\"},\"datePublished\":\"2014-02-28T01:31:56+00:00\",\"dateModified\":\"2021-10-30T01:33:40+00:00\",\"description\":\"20 a\u00f1os tras las guerras, periodistas ven en archivos oportunidad para entender los conflictos en Centroam\u00e9rica Acceso a la Informaci\u00f3n. Latin American Journalism Review by The Knight Center at The University of Texas at Austin.\",\"breadcrumb\":{\"@id\":\"https:\\\/\\\/latamjournalismreview.org\\\/es\\\/articles\\\/20-anos-tras-las-guerras-periodistas-ven-en-archivos-oportunidad-para-entender-los-conflictos-en-centroamerica\\\/#breadcrumb\"},\"inLanguage\":\"es\",\"potentialAction\":[{\"@type\":\"ReadAction\",\"target\":[\"https:\\\/\\\/latamjournalismreview.org\\\/es\\\/articles\\\/20-anos-tras-las-guerras-periodistas-ven-en-archivos-oportunidad-para-entender-los-conflictos-en-centroamerica\\\/\"]}]},{\"@type\":\"BreadcrumbList\",\"@id\":\"https:\\\/\\\/latamjournalismreview.org\\\/es\\\/articles\\\/20-anos-tras-las-guerras-periodistas-ven-en-archivos-oportunidad-para-entender-los-conflictos-en-centroamerica\\\/#breadcrumb\",\"itemListElement\":[{\"@type\":\"ListItem\",\"position\":1,\"name\":\"Home\",\"item\":\"https:\\\/\\\/latamjournalismreview.org\\\/es\\\/\"},{\"@type\":\"ListItem\",\"position\":2,\"name\":\"20 a\u00f1os tras las guerras, periodistas ven en archivos oportunidad para entender los conflictos en Centroam\u00e9rica\"}]},{\"@type\":\"WebSite\",\"@id\":\"https:\\\/\\\/latamjournalismreview.org\\\/es\\\/#website\",\"url\":\"https:\\\/\\\/latamjournalismreview.org\\\/es\\\/\",\"name\":\"LatAm Journalism Review\",\"description\":\"Knight Center at The University of Texas\",\"publisher\":{\"@id\":\"https:\\\/\\\/latamjournalismreview.org\\\/es\\\/#organization\"},\"potentialAction\":[{\"@type\":\"SearchAction\",\"target\":{\"@type\":\"EntryPoint\",\"urlTemplate\":\"https:\\\/\\\/latamjournalismreview.org\\\/es\\\/?s={search_term_string}\"},\"query-input\":{\"@type\":\"PropertyValueSpecification\",\"valueRequired\":true,\"valueName\":\"search_term_string\"}}],\"inLanguage\":\"es\"},{\"@type\":\"Organization\",\"@id\":\"https:\\\/\\\/latamjournalismreview.org\\\/es\\\/#organization\",\"name\":\"LatAm Journalism Review\",\"url\":\"https:\\\/\\\/latamjournalismreview.org\\\/es\\\/\",\"logo\":{\"@type\":\"ImageObject\",\"inLanguage\":\"es\",\"@id\":\"https:\\\/\\\/latamjournalismreview.org\\\/es\\\/#\\\/schema\\\/logo\\\/image\\\/\",\"url\":\"https:\\\/\\\/latamjournalismreview.org\\\/wp-content\\\/uploads\\\/2020\\\/05\\\/knight-latAm-review-logo.svg\",\"contentUrl\":\"https:\\\/\\\/latamjournalismreview.org\\\/wp-content\\\/uploads\\\/2020\\\/05\\\/knight-latAm-review-logo.svg\",\"width\":\"1024\",\"height\":\"1024\",\"caption\":\"LatAm Journalism Review\"},\"image\":{\"@id\":\"https:\\\/\\\/latamjournalismreview.org\\\/es\\\/#\\\/schema\\\/logo\\\/image\\\/\"},\"sameAs\":[\"https:\\\/\\\/x.com\\\/LatAmJournalism\"]},{\"@type\":\"Person\",\"@id\":\"https:\\\/\\\/latamjournalismreview.org\\\/es\\\/#\\\/schema\\\/person\\\/0315202e0b3c0963a2440f1c3012c360\",\"name\":\"Guest\",\"url\":\"https:\\\/\\\/latamjournalismreview.org\\\/es\\\/articles\\\/author\\\/guest\\\/\"}]}<\/script>\n<!-- \/ Yoast SEO Premium plugin. -->","yoast_head_json":{"title":"20 a\u00f1os tras las guerras, periodistas ven en archivos oportunidad para entender los conflictos en Centroam\u00e9rica - LatAm Journalism Review","description":"20 a\u00f1os tras las guerras, periodistas ven en archivos oportunidad para entender los conflictos en Centroam\u00e9rica Acceso a la Informaci\u00f3n. Latin American Journalism Review by The Knight Center at The University of Texas at Austin.","robots":{"index":"index","follow":"follow","max-snippet":"max-snippet:-1","max-image-preview":"max-image-preview:large","max-video-preview":"max-video-preview:-1"},"canonical":"https:\/\/latamjournalismreview.org\/es\/articles\/20-anos-tras-las-guerras-periodistas-ven-en-archivos-oportunidad-para-entender-los-conflictos-en-centroamerica\/","og_locale":"es_ES","og_type":"article","og_title":"20 a\u00f1os tras las guerras, periodistas ven en archivos oportunidad para entender los conflictos en Centroam\u00e9rica","og_description":"20 a\u00f1os tras las guerras, periodistas ven en archivos oportunidad para entender los conflictos en Centroam\u00e9rica Acceso a la Informaci\u00f3n. Latin American Journalism Review by The Knight Center at The University of Texas at Austin.","og_url":"https:\/\/latamjournalismreview.org\/es\/articles\/20-anos-tras-las-guerras-periodistas-ven-en-archivos-oportunidad-para-entender-los-conflictos-en-centroamerica\/","og_site_name":"LatAm Journalism Review","article_published_time":"2014-02-28T01:31:56+00:00","article_modified_time":"2021-10-30T01:33:40+00:00","author":"Guest","twitter_card":"summary_large_image","twitter_creator":"@LatAmJournalism","twitter_site":"@LatAmJournalism","twitter_misc":{"Written by":"Guest","Est. reading time":"2 minutos"},"schema":{"@context":"https:\/\/schema.org","@graph":[{"@type":"Article","@id":"https:\/\/latamjournalismreview.org\/es\/articles\/20-anos-tras-las-guerras-periodistas-ven-en-archivos-oportunidad-para-entender-los-conflictos-en-centroamerica\/#article","isPartOf":{"@id":"https:\/\/latamjournalismreview.org\/es\/articles\/20-anos-tras-las-guerras-periodistas-ven-en-archivos-oportunidad-para-entender-los-conflictos-en-centroamerica\/"},"author":{"name":"Guest","@id":"https:\/\/latamjournalismreview.org\/es\/#\/schema\/person\/0315202e0b3c0963a2440f1c3012c360"},"headline":"20 a\u00f1os tras las guerras, periodistas ven en archivos oportunidad para entender los conflictos en Centroam\u00e9rica","datePublished":"2014-02-28T01:31:56+00:00","dateModified":"2021-10-30T01:33:40+00:00","mainEntityOfPage":{"@id":"https:\/\/latamjournalismreview.org\/es\/articles\/20-anos-tras-las-guerras-periodistas-ven-en-archivos-oportunidad-para-entender-los-conflictos-en-centroamerica\/"},"wordCount":479,"publisher":{"@id":"https:\/\/latamjournalismreview.org\/es\/#organization"},"keywords":["Acceso a la informaci\u00f3n"],"articleSection":["Acceso a la Informaci\u00f3n"],"inLanguage":"es"},{"@type":"WebPage","@id":"https:\/\/latamjournalismreview.org\/es\/articles\/20-anos-tras-las-guerras-periodistas-ven-en-archivos-oportunidad-para-entender-los-conflictos-en-centroamerica\/","url":"https:\/\/latamjournalismreview.org\/es\/articles\/20-anos-tras-las-guerras-periodistas-ven-en-archivos-oportunidad-para-entender-los-conflictos-en-centroamerica\/","name":"20 a\u00f1os tras las guerras, periodistas ven en archivos oportunidad para entender los conflictos en Centroam\u00e9rica - LatAm Journalism Review","isPartOf":{"@id":"https:\/\/latamjournalismreview.org\/es\/#website"},"datePublished":"2014-02-28T01:31:56+00:00","dateModified":"2021-10-30T01:33:40+00:00","description":"20 a\u00f1os tras las guerras, periodistas ven en archivos oportunidad para entender los conflictos en Centroam\u00e9rica Acceso a la Informaci\u00f3n. Latin American Journalism Review by The Knight Center at The University of Texas at Austin.","breadcrumb":{"@id":"https:\/\/latamjournalismreview.org\/es\/articles\/20-anos-tras-las-guerras-periodistas-ven-en-archivos-oportunidad-para-entender-los-conflictos-en-centroamerica\/#breadcrumb"},"inLanguage":"es","potentialAction":[{"@type":"ReadAction","target":["https:\/\/latamjournalismreview.org\/es\/articles\/20-anos-tras-las-guerras-periodistas-ven-en-archivos-oportunidad-para-entender-los-conflictos-en-centroamerica\/"]}]},{"@type":"BreadcrumbList","@id":"https:\/\/latamjournalismreview.org\/es\/articles\/20-anos-tras-las-guerras-periodistas-ven-en-archivos-oportunidad-para-entender-los-conflictos-en-centroamerica\/#breadcrumb","itemListElement":[{"@type":"ListItem","position":1,"name":"Home","item":"https:\/\/latamjournalismreview.org\/es\/"},{"@type":"ListItem","position":2,"name":"20 a\u00f1os tras las guerras, periodistas ven en archivos oportunidad para entender los conflictos en Centroam\u00e9rica"}]},{"@type":"WebSite","@id":"https:\/\/latamjournalismreview.org\/es\/#website","url":"https:\/\/latamjournalismreview.org\/es\/","name":"LatAm Journalism Review","description":"Knight Center at The University of Texas","publisher":{"@id":"https:\/\/latamjournalismreview.org\/es\/#organization"},"potentialAction":[{"@type":"SearchAction","target":{"@type":"EntryPoint","urlTemplate":"https:\/\/latamjournalismreview.org\/es\/?s={search_term_string}"},"query-input":{"@type":"PropertyValueSpecification","valueRequired":true,"valueName":"search_term_string"}}],"inLanguage":"es"},{"@type":"Organization","@id":"https:\/\/latamjournalismreview.org\/es\/#organization","name":"LatAm Journalism Review","url":"https:\/\/latamjournalismreview.org\/es\/","logo":{"@type":"ImageObject","inLanguage":"es","@id":"https:\/\/latamjournalismreview.org\/es\/#\/schema\/logo\/image\/","url":"https:\/\/latamjournalismreview.org\/wp-content\/uploads\/2020\/05\/knight-latAm-review-logo.svg","contentUrl":"https:\/\/latamjournalismreview.org\/wp-content\/uploads\/2020\/05\/knight-latAm-review-logo.svg","width":"1024","height":"1024","caption":"LatAm Journalism Review"},"image":{"@id":"https:\/\/latamjournalismreview.org\/es\/#\/schema\/logo\/image\/"},"sameAs":["https:\/\/x.com\/LatAmJournalism"]},{"@type":"Person","@id":"https:\/\/latamjournalismreview.org\/es\/#\/schema\/person\/0315202e0b3c0963a2440f1c3012c360","name":"Guest","url":"https:\/\/latamjournalismreview.org\/es\/articles\/author\/guest\/"}]}},"_links":{"self":[{"href":"https:\/\/latamjournalismreview.org\/es\/wp-json\/wp\/v2\/posts\/39946","targetHints":{"allow":["GET"]}}],"collection":[{"href":"https:\/\/latamjournalismreview.org\/es\/wp-json\/wp\/v2\/posts"}],"about":[{"href":"https:\/\/latamjournalismreview.org\/es\/wp-json\/wp\/v2\/types\/post"}],"author":[{"embeddable":true,"href":"https:\/\/latamjournalismreview.org\/es\/wp-json\/wp\/v2\/users\/17"}],"replies":[{"embeddable":true,"href":"https:\/\/latamjournalismreview.org\/es\/wp-json\/wp\/v2\/comments?post=39946"}],"version-history":[{"count":1,"href":"https:\/\/latamjournalismreview.org\/es\/wp-json\/wp\/v2\/posts\/39946\/revisions"}],"predecessor-version":[{"id":39949,"href":"https:\/\/latamjournalismreview.org\/es\/wp-json\/wp\/v2\/posts\/39946\/revisions\/39949"}],"wp:attachment":[{"href":"https:\/\/latamjournalismreview.org\/es\/wp-json\/wp\/v2\/media?parent=39946"}],"wp:term":[{"taxonomy":"category","embeddable":true,"href":"https:\/\/latamjournalismreview.org\/es\/wp-json\/wp\/v2\/categories?post=39946"},{"taxonomy":"post_tag","embeddable":true,"href":"https:\/\/latamjournalismreview.org\/es\/wp-json\/wp\/v2\/tags?post=39946"},{"taxonomy":"author","embeddable":true,"href":"https:\/\/latamjournalismreview.org\/es\/wp-json\/wp\/v2\/coauthors?post=39946"}],"curies":[{"name":"wp","href":"https:\/\/api.w.org\/{rel}","templated":true}]}}