{"id":40335,"date":"2014-02-10T20:48:41","date_gmt":"2014-02-11T01:48:41","guid":{"rendered":"https:\/\/latamjournalismreview.org\/?p=40335"},"modified":"2021-11-03T20:49:54","modified_gmt":"2021-11-04T01:49:54","slug":"le-declaran-muerte-cerebral-al-camarografo-brasileno-herido-con-una-bengala-durante-una-protesta-en-brasil","status":"publish","type":"post","link":"https:\/\/latamjournalismreview.org\/es\/articles\/le-declaran-muerte-cerebral-al-camarografo-brasileno-herido-con-una-bengala-durante-una-protesta-en-brasil\/","title":{"rendered":"Le declaran muerte cerebral al camar\u00f3grafo brasile\u00f1o herido con una bengala durante una protesta en Brasil"},"content":{"rendered":"<p>El camar\u00f3grafo brasile\u00f1o de Badeirantes TV, Santiago Il\u00eddio Andrade, 49,\u00a0<a href=\"https:\/\/d.docs.live.net\/3374b5cb7e1b0afb\/ferido%20por%20um%20explosivo%20durante%20uma%20manifesta%C3%A7%C3%A3o%20no%20Rio%20de%20Janeiro\">fue herido la semana pasada por una bengala durante una protesta en Rio de Janeiro<\/a>. Le\u00a0<a href=\"http:\/\/noticias.uol.com.br\/cotidiano\/ultimas-noticias\/2014\/02\/10\/morre-cinegrafista-da-band-atingido-por-explosivo-em-protesto-no-rio.htm\">declararon muerte cerebra<\/a>l el lunes a la ma\u00f1ana por el Departamento Municipal de Salud, seg\u00fan el medio Uol.<\/p>\n<p>Andrade fue herido en la cabeza mientras cubr\u00eda un choque entre la polic\u00eda y manifestantes\u00a0 que protestaban en contra del aumento de precios de los pasajes de autob\u00fas.<\/p>\n<p><a href=\"http:\/\/exame.abril.com.br\/brasil\/noticias\/rj-tatuador-que-entregou-rojao-se-apresenta-a-policia\">Un estudiante de universidad que apareci\u00f3 en la televisi\u00f3n d\u00e1ndole el explosivo con el cual Andrade fue herido a otra persona fue arrestado<\/a>\u00a0el s\u00e1bado 8 de febrero. El estudiante, F\u00e1bio Raposo, fue arrestado con cargos de intento de asesinato usando un explosivo improvisado, y fue puesto en arresto preventivo, seg\u00fan el medio Exame. Raposo neg\u00f3 conocer la identidad de la persona responsable por prender la bengala, pero dijo que cooperar\u00eda con la polic\u00eda en identificarlos.<\/p>\n<p>La\u00a0<a href=\"http:\/\/www.abraji.org.br\/?id=90&amp;id_noticia=2727\">Asociaci\u00f3n de Periodismo Investigativo Brasile\u00f1o<\/a>\u00a0(Abraji), la\u00a0<a href=\"http:\/\/anj.org.br\/sala-de-imprensa\/noticias\/anj-condena-ataque-a-cinegrafista-no-rio-de-janeiro\/view\">Asociaci\u00f3n Nacional de Diarios<\/a>\u00a0(ANJ), la\u00a0<a href=\"http:\/\/www.fenaj.org.br\/materia.php?id=4045\">Federaci\u00f3n Nacional de Diarios<\/a>\u00a0(Fenaj) y otras organizaciones period\u00edsticas han publicado notas condenando los ataques y pidiendo una investigaci\u00f3n sobre el incidente.<\/p>\n<p>Este es el primer caso fatal de periodistas heridos durante protestas callejeras en Brasil. El 25 de enero,\u00a0<a href=\"http:\/\/terramagazine.terra.com.br\/bobfernandes\/blog\/2014\/02\/10\/presidente-da-fenaj-diz-que-morte-de-cinegrafista-e-%E2%80%9Cgrave-atentado-contra-a-liberdade-de-opiniao-no-brasil%E2%80%9D\/\">dos periodistas fueron asaltados durante protestas en S\u00e3o Paulo<\/a>: Sebasti\u00e3o Moreira de la agencia de noticias EFE fue asaltado por la polic\u00eda, y el periodista independiente, Paulo Alexandre, fue detenido por oficiales de la polic\u00eda de la ciudad.<\/p>\n<p>Desde el principio de las protestas en contra de los aumentos de precios de pasajes de autob\u00fas en junio del a\u00f1o pasado,\u00a0<a href=\"http:\/\/www.abraji.org.br\/?id=90&amp;id_noticia=2720\">ha habido m\u00e1s de 100 asaltos en contra de periodistas<\/a>. Seg\u00fan un informe publicado por Abraji,\u00a0<a href=\"https:\/\/knightcenter.utexas.edu\/pt-br\/blog\/00-14885-maioria-das-agressoes-contra-jornalistas-durante-protestos-no-brasil-foi-intencional-d\">71 de 114 casos de asalto (desde el fin de 2013) durante las protestas fueron premeditados<\/a>; o sea que las v\u00edctimas fueron atacadas despu\u00e9s de haber sido identificados como periodistas. De los 71 episodios premeditados<a href=\"https:\/\/knightcenter.utexas.edu\/pt-br\/blog\/00-14382-policiais-e-manifestantes-agridem-20-jornalistas-em-protestos-no-dia-da-independencia-\">, 56 de esos vinieron por parte de oficiales de polic\u00eda, casi un 80 por ciento de los ataques.<\/a>\u00a0El resto de los ataques fueron por\u00a0<a href=\"https:\/\/knightcenter.utexas.edu\/pt-br\/blog\/00-14102-protestos-no-brasil-acendem-debate-sobre-qualidade-da-cobertura-da-grande-midia\">manifestantes que no estaban de acuerdo con la manera en la que los medios grandes cubr\u00edan las demostraciones<\/a>.<\/p>\n<p><em>Nota del editor: Esta historia fue publicada originalmente en el blog Periodismo en las Am\u00e9ricas del Centro Knight, el predecesor de LatAm Journalism Review.<\/em><\/p>\n","protected":false},"excerpt":{"rendered":"<p>El camar\u00f3grafo brasile\u00f1o de Badeirantes TV, Santiago Il\u00eddio Andrade, 49,\u00a0fue herido la semana pasada por una bengala durante una protesta en Rio de Janeiro. Le\u00a0declararon muerte cerebral el lunes a la ma\u00f1ana por el Departamento Municipal de Salud, seg\u00fan el medio Uol.<\/p>\n","protected":false},"author":42,"featured_media":0,"comment_status":"closed","ping_status":"closed","sticky":false,"template":"","format":"standard","meta":{"inline_featured_image":false,"footnotes":""},"categories":[1222],"tags":[1479],"coauthors":[],"class_list":["post-40335","post","type-post","status-publish","format-standard","hentry","category-violencia-contra-periodistas-es","tag-asesinato-de-periodistas-es"],"acf":[],"yoast_head":"<!-- This site is optimized with the Yoast SEO Premium plugin v22.6 (Yoast SEO v27.4) - https:\/\/yoast.com\/product\/yoast-seo-premium-wordpress\/ -->\n<title>Le declaran muerte cerebral al camar\u00f3grafo brasile\u00f1o herido con una bengala durante una protesta en Brasil - LatAm Journalism Review<\/title>\n<meta name=\"description\" content=\"Le declaran muerte cerebral al camar\u00f3grafo brasile\u00f1o herido con una bengala durante una protesta en Brasil Violencia contra periodistas. Latin American Journalism Review by The Knight Center at The University of Texas at Austin.\" \/>\n<meta name=\"robots\" content=\"index, follow, max-snippet:-1, max-image-preview:large, max-video-preview:-1\" \/>\n<link rel=\"canonical\" href=\"https:\/\/latamjournalismreview.org\/es\/articles\/le-declaran-muerte-cerebral-al-camarografo-brasileno-herido-con-una-bengala-durante-una-protesta-en-brasil\/\" \/>\n<meta property=\"og:locale\" content=\"es_ES\" \/>\n<meta property=\"og:type\" content=\"article\" \/>\n<meta property=\"og:title\" content=\"Le declaran muerte cerebral al camar\u00f3grafo brasile\u00f1o herido con una bengala durante una protesta en Brasil\" \/>\n<meta property=\"og:description\" content=\"Le declaran muerte cerebral al camar\u00f3grafo brasile\u00f1o herido con una bengala durante una protesta en Brasil Violencia contra periodistas. Latin American Journalism Review by The Knight Center at The University of Texas at Austin.\" \/>\n<meta property=\"og:url\" content=\"https:\/\/latamjournalismreview.org\/es\/articles\/le-declaran-muerte-cerebral-al-camarografo-brasileno-herido-con-una-bengala-durante-una-protesta-en-brasil\/\" \/>\n<meta property=\"og:site_name\" content=\"LatAm Journalism Review\" \/>\n<meta property=\"article:published_time\" content=\"2014-02-11T01:48:41+00:00\" \/>\n<meta property=\"article:modified_time\" content=\"2021-11-04T01:49:54+00:00\" \/>\n<meta name=\"author\" content=\"Natalia Mazotte\" \/>\n<meta name=\"twitter:card\" content=\"summary_large_image\" \/>\n<meta name=\"twitter:creator\" content=\"@LatAmJournalism\" \/>\n<meta name=\"twitter:site\" content=\"@LatAmJournalism\" \/>\n<meta name=\"twitter:label1\" content=\"Written by\" \/>\n\t<meta name=\"twitter:data1\" content=\"Natalia Mazotte\" \/>\n\t<meta name=\"twitter:label2\" content=\"Est. reading time\" \/>\n\t<meta name=\"twitter:data2\" content=\"2 minutos\" \/>\n<script type=\"application\/ld+json\" class=\"yoast-schema-graph\">{\"@context\":\"https:\\\/\\\/schema.org\",\"@graph\":[{\"@type\":\"Article\",\"@id\":\"https:\\\/\\\/latamjournalismreview.org\\\/es\\\/articles\\\/le-declaran-muerte-cerebral-al-camarografo-brasileno-herido-con-una-bengala-durante-una-protesta-en-brasil\\\/#article\",\"isPartOf\":{\"@id\":\"https:\\\/\\\/latamjournalismreview.org\\\/es\\\/articles\\\/le-declaran-muerte-cerebral-al-camarografo-brasileno-herido-con-una-bengala-durante-una-protesta-en-brasil\\\/\"},\"author\":{\"name\":\"Natalia Mazotte\",\"@id\":\"https:\\\/\\\/latamjournalismreview.org\\\/es\\\/#\\\/schema\\\/person\\\/747457e530d741a9d192f00c32c7f884\"},\"headline\":\"Le declaran muerte cerebral al camar\u00f3grafo brasile\u00f1o herido con una bengala durante una protesta en Brasil\",\"datePublished\":\"2014-02-11T01:48:41+00:00\",\"dateModified\":\"2021-11-04T01:49:54+00:00\",\"mainEntityOfPage\":{\"@id\":\"https:\\\/\\\/latamjournalismreview.org\\\/es\\\/articles\\\/le-declaran-muerte-cerebral-al-camarografo-brasileno-herido-con-una-bengala-durante-una-protesta-en-brasil\\\/\"},\"wordCount\":422,\"publisher\":{\"@id\":\"https:\\\/\\\/latamjournalismreview.org\\\/es\\\/#organization\"},\"keywords\":[\"Asesinato de periodista\"],\"articleSection\":[\"Violencia contra periodistas\"],\"inLanguage\":\"es\"},{\"@type\":\"WebPage\",\"@id\":\"https:\\\/\\\/latamjournalismreview.org\\\/es\\\/articles\\\/le-declaran-muerte-cerebral-al-camarografo-brasileno-herido-con-una-bengala-durante-una-protesta-en-brasil\\\/\",\"url\":\"https:\\\/\\\/latamjournalismreview.org\\\/es\\\/articles\\\/le-declaran-muerte-cerebral-al-camarografo-brasileno-herido-con-una-bengala-durante-una-protesta-en-brasil\\\/\",\"name\":\"Le declaran muerte cerebral al camar\u00f3grafo brasile\u00f1o herido con una bengala durante una protesta en Brasil - LatAm Journalism Review\",\"isPartOf\":{\"@id\":\"https:\\\/\\\/latamjournalismreview.org\\\/es\\\/#website\"},\"datePublished\":\"2014-02-11T01:48:41+00:00\",\"dateModified\":\"2021-11-04T01:49:54+00:00\",\"description\":\"Le declaran muerte cerebral al camar\u00f3grafo brasile\u00f1o herido con una bengala durante una protesta en Brasil Violencia contra periodistas. Latin American Journalism Review by The Knight Center at The University of Texas at Austin.\",\"breadcrumb\":{\"@id\":\"https:\\\/\\\/latamjournalismreview.org\\\/es\\\/articles\\\/le-declaran-muerte-cerebral-al-camarografo-brasileno-herido-con-una-bengala-durante-una-protesta-en-brasil\\\/#breadcrumb\"},\"inLanguage\":\"es\",\"potentialAction\":[{\"@type\":\"ReadAction\",\"target\":[\"https:\\\/\\\/latamjournalismreview.org\\\/es\\\/articles\\\/le-declaran-muerte-cerebral-al-camarografo-brasileno-herido-con-una-bengala-durante-una-protesta-en-brasil\\\/\"]}]},{\"@type\":\"BreadcrumbList\",\"@id\":\"https:\\\/\\\/latamjournalismreview.org\\\/es\\\/articles\\\/le-declaran-muerte-cerebral-al-camarografo-brasileno-herido-con-una-bengala-durante-una-protesta-en-brasil\\\/#breadcrumb\",\"itemListElement\":[{\"@type\":\"ListItem\",\"position\":1,\"name\":\"Home\",\"item\":\"https:\\\/\\\/latamjournalismreview.org\\\/es\\\/\"},{\"@type\":\"ListItem\",\"position\":2,\"name\":\"Le declaran muerte cerebral al camar\u00f3grafo brasile\u00f1o herido con una bengala durante una protesta en Brasil\"}]},{\"@type\":\"WebSite\",\"@id\":\"https:\\\/\\\/latamjournalismreview.org\\\/es\\\/#website\",\"url\":\"https:\\\/\\\/latamjournalismreview.org\\\/es\\\/\",\"name\":\"LatAm Journalism Review\",\"description\":\"Knight Center at The University of Texas\",\"publisher\":{\"@id\":\"https:\\\/\\\/latamjournalismreview.org\\\/es\\\/#organization\"},\"potentialAction\":[{\"@type\":\"SearchAction\",\"target\":{\"@type\":\"EntryPoint\",\"urlTemplate\":\"https:\\\/\\\/latamjournalismreview.org\\\/es\\\/?s={search_term_string}\"},\"query-input\":{\"@type\":\"PropertyValueSpecification\",\"valueRequired\":true,\"valueName\":\"search_term_string\"}}],\"inLanguage\":\"es\"},{\"@type\":\"Organization\",\"@id\":\"https:\\\/\\\/latamjournalismreview.org\\\/es\\\/#organization\",\"name\":\"LatAm Journalism Review\",\"url\":\"https:\\\/\\\/latamjournalismreview.org\\\/es\\\/\",\"logo\":{\"@type\":\"ImageObject\",\"inLanguage\":\"es\",\"@id\":\"https:\\\/\\\/latamjournalismreview.org\\\/es\\\/#\\\/schema\\\/logo\\\/image\\\/\",\"url\":\"https:\\\/\\\/latamjournalismreview.org\\\/wp-content\\\/uploads\\\/2020\\\/05\\\/knight-latAm-review-logo.svg\",\"contentUrl\":\"https:\\\/\\\/latamjournalismreview.org\\\/wp-content\\\/uploads\\\/2020\\\/05\\\/knight-latAm-review-logo.svg\",\"width\":\"1024\",\"height\":\"1024\",\"caption\":\"LatAm Journalism Review\"},\"image\":{\"@id\":\"https:\\\/\\\/latamjournalismreview.org\\\/es\\\/#\\\/schema\\\/logo\\\/image\\\/\"},\"sameAs\":[\"https:\\\/\\\/x.com\\\/LatAmJournalism\"]},{\"@type\":\"Person\",\"@id\":\"https:\\\/\\\/latamjournalismreview.org\\\/es\\\/#\\\/schema\\\/person\\\/747457e530d741a9d192f00c32c7f884\",\"name\":\"Natalia Mazotte\",\"url\":\"https:\\\/\\\/latamjournalismreview.org\\\/es\\\/articles\\\/author\\\/natalia-mazotte\\\/\"}]}<\/script>\n<!-- \/ Yoast SEO Premium plugin. -->","yoast_head_json":{"title":"Le declaran muerte cerebral al camar\u00f3grafo brasile\u00f1o herido con una bengala durante una protesta en Brasil - LatAm Journalism Review","description":"Le declaran muerte cerebral al camar\u00f3grafo brasile\u00f1o herido con una bengala durante una protesta en Brasil Violencia contra periodistas. Latin American Journalism Review by The Knight Center at The University of Texas at Austin.","robots":{"index":"index","follow":"follow","max-snippet":"max-snippet:-1","max-image-preview":"max-image-preview:large","max-video-preview":"max-video-preview:-1"},"canonical":"https:\/\/latamjournalismreview.org\/es\/articles\/le-declaran-muerte-cerebral-al-camarografo-brasileno-herido-con-una-bengala-durante-una-protesta-en-brasil\/","og_locale":"es_ES","og_type":"article","og_title":"Le declaran muerte cerebral al camar\u00f3grafo brasile\u00f1o herido con una bengala durante una protesta en Brasil","og_description":"Le declaran muerte cerebral al camar\u00f3grafo brasile\u00f1o herido con una bengala durante una protesta en Brasil Violencia contra periodistas. Latin American Journalism Review by The Knight Center at The University of Texas at Austin.","og_url":"https:\/\/latamjournalismreview.org\/es\/articles\/le-declaran-muerte-cerebral-al-camarografo-brasileno-herido-con-una-bengala-durante-una-protesta-en-brasil\/","og_site_name":"LatAm Journalism Review","article_published_time":"2014-02-11T01:48:41+00:00","article_modified_time":"2021-11-04T01:49:54+00:00","author":"Natalia Mazotte","twitter_card":"summary_large_image","twitter_creator":"@LatAmJournalism","twitter_site":"@LatAmJournalism","twitter_misc":{"Written by":"Natalia Mazotte","Est. reading time":"2 minutos"},"schema":{"@context":"https:\/\/schema.org","@graph":[{"@type":"Article","@id":"https:\/\/latamjournalismreview.org\/es\/articles\/le-declaran-muerte-cerebral-al-camarografo-brasileno-herido-con-una-bengala-durante-una-protesta-en-brasil\/#article","isPartOf":{"@id":"https:\/\/latamjournalismreview.org\/es\/articles\/le-declaran-muerte-cerebral-al-camarografo-brasileno-herido-con-una-bengala-durante-una-protesta-en-brasil\/"},"author":{"name":"Natalia Mazotte","@id":"https:\/\/latamjournalismreview.org\/es\/#\/schema\/person\/747457e530d741a9d192f00c32c7f884"},"headline":"Le declaran muerte cerebral al camar\u00f3grafo brasile\u00f1o herido con una bengala durante una protesta en Brasil","datePublished":"2014-02-11T01:48:41+00:00","dateModified":"2021-11-04T01:49:54+00:00","mainEntityOfPage":{"@id":"https:\/\/latamjournalismreview.org\/es\/articles\/le-declaran-muerte-cerebral-al-camarografo-brasileno-herido-con-una-bengala-durante-una-protesta-en-brasil\/"},"wordCount":422,"publisher":{"@id":"https:\/\/latamjournalismreview.org\/es\/#organization"},"keywords":["Asesinato de periodista"],"articleSection":["Violencia contra periodistas"],"inLanguage":"es"},{"@type":"WebPage","@id":"https:\/\/latamjournalismreview.org\/es\/articles\/le-declaran-muerte-cerebral-al-camarografo-brasileno-herido-con-una-bengala-durante-una-protesta-en-brasil\/","url":"https:\/\/latamjournalismreview.org\/es\/articles\/le-declaran-muerte-cerebral-al-camarografo-brasileno-herido-con-una-bengala-durante-una-protesta-en-brasil\/","name":"Le declaran muerte cerebral al camar\u00f3grafo brasile\u00f1o herido con una bengala durante una protesta en Brasil - LatAm Journalism Review","isPartOf":{"@id":"https:\/\/latamjournalismreview.org\/es\/#website"},"datePublished":"2014-02-11T01:48:41+00:00","dateModified":"2021-11-04T01:49:54+00:00","description":"Le declaran muerte cerebral al camar\u00f3grafo brasile\u00f1o herido con una bengala durante una protesta en Brasil Violencia contra periodistas. Latin American Journalism Review by The Knight Center at The University of Texas at Austin.","breadcrumb":{"@id":"https:\/\/latamjournalismreview.org\/es\/articles\/le-declaran-muerte-cerebral-al-camarografo-brasileno-herido-con-una-bengala-durante-una-protesta-en-brasil\/#breadcrumb"},"inLanguage":"es","potentialAction":[{"@type":"ReadAction","target":["https:\/\/latamjournalismreview.org\/es\/articles\/le-declaran-muerte-cerebral-al-camarografo-brasileno-herido-con-una-bengala-durante-una-protesta-en-brasil\/"]}]},{"@type":"BreadcrumbList","@id":"https:\/\/latamjournalismreview.org\/es\/articles\/le-declaran-muerte-cerebral-al-camarografo-brasileno-herido-con-una-bengala-durante-una-protesta-en-brasil\/#breadcrumb","itemListElement":[{"@type":"ListItem","position":1,"name":"Home","item":"https:\/\/latamjournalismreview.org\/es\/"},{"@type":"ListItem","position":2,"name":"Le declaran muerte cerebral al camar\u00f3grafo brasile\u00f1o herido con una bengala durante una protesta en Brasil"}]},{"@type":"WebSite","@id":"https:\/\/latamjournalismreview.org\/es\/#website","url":"https:\/\/latamjournalismreview.org\/es\/","name":"LatAm Journalism Review","description":"Knight Center at The University of Texas","publisher":{"@id":"https:\/\/latamjournalismreview.org\/es\/#organization"},"potentialAction":[{"@type":"SearchAction","target":{"@type":"EntryPoint","urlTemplate":"https:\/\/latamjournalismreview.org\/es\/?s={search_term_string}"},"query-input":{"@type":"PropertyValueSpecification","valueRequired":true,"valueName":"search_term_string"}}],"inLanguage":"es"},{"@type":"Organization","@id":"https:\/\/latamjournalismreview.org\/es\/#organization","name":"LatAm Journalism Review","url":"https:\/\/latamjournalismreview.org\/es\/","logo":{"@type":"ImageObject","inLanguage":"es","@id":"https:\/\/latamjournalismreview.org\/es\/#\/schema\/logo\/image\/","url":"https:\/\/latamjournalismreview.org\/wp-content\/uploads\/2020\/05\/knight-latAm-review-logo.svg","contentUrl":"https:\/\/latamjournalismreview.org\/wp-content\/uploads\/2020\/05\/knight-latAm-review-logo.svg","width":"1024","height":"1024","caption":"LatAm Journalism Review"},"image":{"@id":"https:\/\/latamjournalismreview.org\/es\/#\/schema\/logo\/image\/"},"sameAs":["https:\/\/x.com\/LatAmJournalism"]},{"@type":"Person","@id":"https:\/\/latamjournalismreview.org\/es\/#\/schema\/person\/747457e530d741a9d192f00c32c7f884","name":"Natalia Mazotte","url":"https:\/\/latamjournalismreview.org\/es\/articles\/author\/natalia-mazotte\/"}]}},"_links":{"self":[{"href":"https:\/\/latamjournalismreview.org\/es\/wp-json\/wp\/v2\/posts\/40335","targetHints":{"allow":["GET"]}}],"collection":[{"href":"https:\/\/latamjournalismreview.org\/es\/wp-json\/wp\/v2\/posts"}],"about":[{"href":"https:\/\/latamjournalismreview.org\/es\/wp-json\/wp\/v2\/types\/post"}],"author":[{"embeddable":true,"href":"https:\/\/latamjournalismreview.org\/es\/wp-json\/wp\/v2\/users\/42"}],"replies":[{"embeddable":true,"href":"https:\/\/latamjournalismreview.org\/es\/wp-json\/wp\/v2\/comments?post=40335"}],"version-history":[{"count":1,"href":"https:\/\/latamjournalismreview.org\/es\/wp-json\/wp\/v2\/posts\/40335\/revisions"}],"predecessor-version":[{"id":40337,"href":"https:\/\/latamjournalismreview.org\/es\/wp-json\/wp\/v2\/posts\/40335\/revisions\/40337"}],"wp:attachment":[{"href":"https:\/\/latamjournalismreview.org\/es\/wp-json\/wp\/v2\/media?parent=40335"}],"wp:term":[{"taxonomy":"category","embeddable":true,"href":"https:\/\/latamjournalismreview.org\/es\/wp-json\/wp\/v2\/categories?post=40335"},{"taxonomy":"post_tag","embeddable":true,"href":"https:\/\/latamjournalismreview.org\/es\/wp-json\/wp\/v2\/tags?post=40335"},{"taxonomy":"author","embeddable":true,"href":"https:\/\/latamjournalismreview.org\/es\/wp-json\/wp\/v2\/coauthors?post=40335"}],"curies":[{"name":"wp","href":"https:\/\/api.w.org\/{rel}","templated":true}]}}