{"id":40477,"date":"2014-05-27T14:07:19","date_gmt":"2014-05-27T19:07:19","guid":{"rendered":"https:\/\/latamjournalismreview.org\/?p=40477"},"modified":"2021-11-05T14:09:48","modified_gmt":"2021-11-05T19:09:48","slug":"periodista-investigativo-de-trinidad-y-tobago-deja-el-pais-tras-ser-amenazado-de-muerte","status":"publish","type":"post","link":"https:\/\/latamjournalismreview.org\/es\/articles\/periodista-investigativo-de-trinidad-y-tobago-deja-el-pais-tras-ser-amenazado-de-muerte\/","title":{"rendered":"Periodista investigativo de Trinidad y Tobago deja el pa\u00eds tras ser amenazado de muerte"},"content":{"rendered":"<p>El periodista del equipo de investigaci\u00f3n del canal caribe\u00f1o CCN TV6,\u00a0<a href=\"http:\/\/www.freemedia.at\/special-pages\/newssview\/article\/journalist-flees-trinidad-and-tobago-after-threats.html\" target=\"_blank\" rel=\"noopener\">Mark Bassant se vio forzado a dejar Trinidad y Tobago la semana pasada luego de ser amenazado de muerte<\/a>, denunci\u00f3 el Instituto de Prensa Internacional (IPI).<\/p>\n<p>Tras recibir varias amenazas de muerte, Bassant recurri\u00f3 al Ministerio de Seguridad Nacional en donde pudo reportarlas directamente a un alto oficial de Inteligencia. Despu\u00e9s, en un\u00a0<a href=\"http:\/\/www.trinidadexpress.com\/videos\/Death-Threat-260198221.html\" target=\"_blank\" rel=\"noopener\">v\u00eddeo<\/a>\u00a0publicado recientemente desde su exilio, el periodista explica que ese mismo oficial lo alert\u00f3 de que se hab\u00eda pagado 20 mil d\u00f3lares por su cabeza y que deb\u00eda tomar todas las precauciones del caso, incluyendo tener seguridad las 24 horas del d\u00eda.<\/p>\n<p>Al parecer, la investigaci\u00f3n que segu\u00eda el periodista sobre la diputada\u00a0<a href=\"http:\/\/www.economist.com\/blogs\/americasview\/2014\/05\/assassination-trinidad-and-tobago\" target=\"_blank\" rel=\"noopener\">Dana Seetahal, asesinada el 3 de mayo<\/a>, habr\u00eda sido la\u00a0<a href=\"http:\/\/www.newsday.co.tt\/news\/0,195290.html\" target=\"_blank\" rel=\"noopener\">causa de las amenazas<\/a>. Seg\u00fan el portal web de la revista The Economist, Seetahal era una gran defensora de la reforma de la justicia criminal en el pa\u00eds, ya que\u00a0<a href=\"http:\/\/www.economist.com\/blogs\/americasview\/2014\/05\/assassination-trinidad-and-tobago\" target=\"_blank\" rel=\"noopener\">el pa\u00eds caribe\u00f1o cuenta con uno de los m\u00e1s altos \u00edndices de asesinatos en la regi\u00f3n<\/a>, y con un sistema de justicia post colonial que tarda un promedio de 10 a\u00f1os para lograr un veredicto.<\/p>\n<p>\u201cCambio constantemente de locaci\u00f3n para asegurar mi paz mental\u201d, dijo Bassant en el mencionado v\u00eddeo. \u201cMe molesta que los periodistas que trabajan en nombre de las personas sufran este tipo de amenazas\u201d, resalt\u00f3.<\/p>\n<p><a href=\"http:\/\/www.freemedia.at\/special-pages\/newssview\/article\/journalist-flees-trinidad-and-tobago-after-threats.html\" target=\"_blank\" rel=\"noopener\">IPI exhort\u00f3 a las autoridades de Trinidad y Tobago a tomar medidas inmediatas<\/a>\u00a0para asegurar que Bassant y otros periodistas puedan cubrir noticias relevantes para el pa\u00eds, sin miedo a represalias por ejercer su labor. \u201cCondenamos estas amenazas contra el Sr. Bassant, que revelan el peligro que corren los periodistas de Trinidad y Tobago, en donde este tipo de acosos son inusuales\u201d, enfatiz\u00f3 la instituci\u00f3n.<\/p>\n<p>A su vez, el Instituto de Transparencia de Trinidad y Tobago (TTTI por sus siglas en ingl\u00e9s), mostr\u00f3 su \u201cgrave preocupaci\u00f3n\u201d por las amenazas de muerte recibidas por Bassant, por representar\u00a0<a href=\"http:\/\/www.trinidadexpress.com\/news\/Alarm-over-death-threat-260717971.html\" target=\"_blank\" rel=\"noopener\">un ataque a la libertad de prensa, el cual, subray\u00f3, debe ser condenado de la manera m\u00e1s dr\u00e1stica<\/a>.<\/p>\n<p>Por su parte, Wesley Gibbings, secretario de la Asociaci\u00f3n de Trabajadores de Medios del Caribe (ACM por sus siglas en ingl\u00e9s), dijo que esperan que la seguridad nacional le d\u00e9 la prioridad necesaria a la resoluci\u00f3n de este caso, y que se encuentre con prontitud a los culpables. Tambi\u00e9n\u00a0<a href=\"http:\/\/www.freemedia.at\/special-pages\/newssview\/article\/journalist-flees-trinidad-and-tobago-after-threats.html\" target=\"_blank\" rel=\"noopener\">hizo un llamado a todos los sectores de la sociedad civil para que defiendan la libertad de prensa<\/a>\u00a0y reconozca el valor del trabajo de los periodistas de todo el Caribe.<\/p>\n<p><em>Nota del editor: Esta historia fue publicada originalmente en el blog Periodismo en las Am\u00e9ricas del Centro Knight, el predecesor de LatAm Journalism Review.<\/em><\/p>\n","protected":false},"excerpt":{"rendered":"<p>El periodista del equipo de investigaci\u00f3n del canal caribe\u00f1o CCN TV6,\u00a0Mark Bassant se vio forzado a dejar Trinidad y Tobago la semana pasada luego de ser amenazado de muerte, denunci\u00f3 el Instituto de Prensa Internacional (IPI).<\/p>\n","protected":false},"author":4,"featured_media":0,"comment_status":"closed","ping_status":"closed","sticky":false,"template":"","format":"standard","meta":{"inline_featured_image":false,"footnotes":""},"categories":[1220],"tags":[1522,1449],"coauthors":[],"class_list":["post-40477","post","type-post","status-publish","format-standard","hentry","category-libertad-de-prensa-es","tag-amenazas-contra-periodistas-es","tag-exilio-es"],"acf":[],"yoast_head":"<!-- This site is optimized with the Yoast SEO Premium plugin v22.6 (Yoast SEO v27.4) - https:\/\/yoast.com\/product\/yoast-seo-premium-wordpress\/ -->\n<title>Periodista investigativo de Trinidad y Tobago deja el pa\u00eds tras ser amenazado de muerte - LatAm Journalism Review<\/title>\n<meta name=\"description\" content=\"Periodista investigativo de Trinidad y Tobago deja el pa\u00eds tras ser amenazado de muerte Libertad de prensa. Latin American Journalism Review by The Knight Center at The University of Texas at Austin.\" \/>\n<meta name=\"robots\" content=\"index, follow, max-snippet:-1, max-image-preview:large, max-video-preview:-1\" \/>\n<link rel=\"canonical\" href=\"https:\/\/latamjournalismreview.org\/es\/articles\/periodista-investigativo-de-trinidad-y-tobago-deja-el-pais-tras-ser-amenazado-de-muerte\/\" \/>\n<meta property=\"og:locale\" content=\"es_ES\" \/>\n<meta property=\"og:type\" content=\"article\" \/>\n<meta property=\"og:title\" content=\"Periodista investigativo de Trinidad y Tobago deja el pa\u00eds tras ser amenazado de muerte\" \/>\n<meta property=\"og:description\" content=\"Periodista investigativo de Trinidad y Tobago deja el pa\u00eds tras ser amenazado de muerte Libertad de prensa. Latin American Journalism Review by The Knight Center at The University of Texas at Austin.\" \/>\n<meta property=\"og:url\" content=\"https:\/\/latamjournalismreview.org\/es\/articles\/periodista-investigativo-de-trinidad-y-tobago-deja-el-pais-tras-ser-amenazado-de-muerte\/\" \/>\n<meta property=\"og:site_name\" content=\"LatAm Journalism Review\" \/>\n<meta property=\"article:published_time\" content=\"2014-05-27T19:07:19+00:00\" \/>\n<meta property=\"article:modified_time\" content=\"2021-11-05T19:09:48+00:00\" \/>\n<meta name=\"author\" content=\"Paola Nalvarte\" \/>\n<meta name=\"twitter:card\" content=\"summary_large_image\" \/>\n<meta name=\"twitter:creator\" content=\"@paolanalvarte\" \/>\n<meta name=\"twitter:site\" content=\"@LatAmJournalism\" \/>\n<meta name=\"twitter:label1\" content=\"Written by\" \/>\n\t<meta name=\"twitter:data1\" content=\"Paola Nalvarte\" \/>\n\t<meta name=\"twitter:label2\" content=\"Est. reading time\" \/>\n\t<meta name=\"twitter:data2\" content=\"2 minutos\" \/>\n<script type=\"application\/ld+json\" class=\"yoast-schema-graph\">{\"@context\":\"https:\\\/\\\/schema.org\",\"@graph\":[{\"@type\":\"Article\",\"@id\":\"https:\\\/\\\/latamjournalismreview.org\\\/es\\\/articles\\\/periodista-investigativo-de-trinidad-y-tobago-deja-el-pais-tras-ser-amenazado-de-muerte\\\/#article\",\"isPartOf\":{\"@id\":\"https:\\\/\\\/latamjournalismreview.org\\\/es\\\/articles\\\/periodista-investigativo-de-trinidad-y-tobago-deja-el-pais-tras-ser-amenazado-de-muerte\\\/\"},\"author\":{\"name\":\"Paola Nalvarte\",\"@id\":\"https:\\\/\\\/latamjournalismreview.org\\\/es\\\/#\\\/schema\\\/person\\\/d0b9fa850ef1b6f56bb445e52f29f63f\"},\"headline\":\"Periodista investigativo de Trinidad y Tobago deja el pa\u00eds tras ser amenazado de muerte\",\"datePublished\":\"2014-05-27T19:07:19+00:00\",\"dateModified\":\"2021-11-05T19:09:48+00:00\",\"mainEntityOfPage\":{\"@id\":\"https:\\\/\\\/latamjournalismreview.org\\\/es\\\/articles\\\/periodista-investigativo-de-trinidad-y-tobago-deja-el-pais-tras-ser-amenazado-de-muerte\\\/\"},\"wordCount\":486,\"publisher\":{\"@id\":\"https:\\\/\\\/latamjournalismreview.org\\\/es\\\/#organization\"},\"keywords\":[\"Amenazas contra periodistas\",\"Exilio\"],\"articleSection\":[\"Libertad de prensa\"],\"inLanguage\":\"es\"},{\"@type\":\"WebPage\",\"@id\":\"https:\\\/\\\/latamjournalismreview.org\\\/es\\\/articles\\\/periodista-investigativo-de-trinidad-y-tobago-deja-el-pais-tras-ser-amenazado-de-muerte\\\/\",\"url\":\"https:\\\/\\\/latamjournalismreview.org\\\/es\\\/articles\\\/periodista-investigativo-de-trinidad-y-tobago-deja-el-pais-tras-ser-amenazado-de-muerte\\\/\",\"name\":\"Periodista investigativo de Trinidad y Tobago deja el pa\u00eds tras ser amenazado de muerte - LatAm Journalism Review\",\"isPartOf\":{\"@id\":\"https:\\\/\\\/latamjournalismreview.org\\\/es\\\/#website\"},\"datePublished\":\"2014-05-27T19:07:19+00:00\",\"dateModified\":\"2021-11-05T19:09:48+00:00\",\"description\":\"Periodista investigativo de Trinidad y Tobago deja el pa\u00eds tras ser amenazado de muerte Libertad de prensa. Latin American Journalism Review by The Knight Center at The University of Texas at Austin.\",\"breadcrumb\":{\"@id\":\"https:\\\/\\\/latamjournalismreview.org\\\/es\\\/articles\\\/periodista-investigativo-de-trinidad-y-tobago-deja-el-pais-tras-ser-amenazado-de-muerte\\\/#breadcrumb\"},\"inLanguage\":\"es\",\"potentialAction\":[{\"@type\":\"ReadAction\",\"target\":[\"https:\\\/\\\/latamjournalismreview.org\\\/es\\\/articles\\\/periodista-investigativo-de-trinidad-y-tobago-deja-el-pais-tras-ser-amenazado-de-muerte\\\/\"]}]},{\"@type\":\"BreadcrumbList\",\"@id\":\"https:\\\/\\\/latamjournalismreview.org\\\/es\\\/articles\\\/periodista-investigativo-de-trinidad-y-tobago-deja-el-pais-tras-ser-amenazado-de-muerte\\\/#breadcrumb\",\"itemListElement\":[{\"@type\":\"ListItem\",\"position\":1,\"name\":\"Home\",\"item\":\"https:\\\/\\\/latamjournalismreview.org\\\/es\\\/\"},{\"@type\":\"ListItem\",\"position\":2,\"name\":\"Periodista investigativo de Trinidad y Tobago deja el pa\u00eds tras ser amenazado de muerte\"}]},{\"@type\":\"WebSite\",\"@id\":\"https:\\\/\\\/latamjournalismreview.org\\\/es\\\/#website\",\"url\":\"https:\\\/\\\/latamjournalismreview.org\\\/es\\\/\",\"name\":\"LatAm Journalism Review\",\"description\":\"Knight Center at The University of Texas\",\"publisher\":{\"@id\":\"https:\\\/\\\/latamjournalismreview.org\\\/es\\\/#organization\"},\"potentialAction\":[{\"@type\":\"SearchAction\",\"target\":{\"@type\":\"EntryPoint\",\"urlTemplate\":\"https:\\\/\\\/latamjournalismreview.org\\\/es\\\/?s={search_term_string}\"},\"query-input\":{\"@type\":\"PropertyValueSpecification\",\"valueRequired\":true,\"valueName\":\"search_term_string\"}}],\"inLanguage\":\"es\"},{\"@type\":\"Organization\",\"@id\":\"https:\\\/\\\/latamjournalismreview.org\\\/es\\\/#organization\",\"name\":\"LatAm Journalism Review\",\"url\":\"https:\\\/\\\/latamjournalismreview.org\\\/es\\\/\",\"logo\":{\"@type\":\"ImageObject\",\"inLanguage\":\"es\",\"@id\":\"https:\\\/\\\/latamjournalismreview.org\\\/es\\\/#\\\/schema\\\/logo\\\/image\\\/\",\"url\":\"https:\\\/\\\/latamjournalismreview.org\\\/wp-content\\\/uploads\\\/2020\\\/05\\\/knight-latAm-review-logo.svg\",\"contentUrl\":\"https:\\\/\\\/latamjournalismreview.org\\\/wp-content\\\/uploads\\\/2020\\\/05\\\/knight-latAm-review-logo.svg\",\"width\":\"1024\",\"height\":\"1024\",\"caption\":\"LatAm Journalism Review\"},\"image\":{\"@id\":\"https:\\\/\\\/latamjournalismreview.org\\\/es\\\/#\\\/schema\\\/logo\\\/image\\\/\"},\"sameAs\":[\"https:\\\/\\\/x.com\\\/LatAmJournalism\"]},{\"@type\":\"Person\",\"@id\":\"https:\\\/\\\/latamjournalismreview.org\\\/es\\\/#\\\/schema\\\/person\\\/d0b9fa850ef1b6f56bb445e52f29f63f\",\"name\":\"Paola Nalvarte\",\"description\":\"Paola Nalvarte is a Peruvian journalist and documentary photographer living in Austin, Texas. She focuses on covering and writing about the Andes region. In Peru, Paola worked in the Lima office of the Italian news agency ANSA, on the economic news desk of the daily Expreso, and for ten years she has been working on different editorial projects doing picture editing and research for one of the oldest Spanish-language papers in the world, the Peruvian newspaper El Comercio. She also enjoyed writing for the newspaper weekly magazine Somos. Paola Nalvarte es una periodista y fot\u00f3grafa documental peruana que vive en Austin, Texas. El foco de inter\u00e9s de su cobertura noticiosa es la regi\u00f3n andina. En Per\u00fa, Paola trabaj\u00f3 en la oficina de Lima de la agencia italiana de noticias ANSA, en la secci\u00f3n de econom\u00eda del diario Expreso y por diez a\u00f1os hizo investigaci\u00f3n fotogr\u00e1fica y edici\u00f3n de fotograf\u00eda editorial en el diario decano de la prensa peruana, El Comercio. Tambi\u00e9n escribi\u00f3 para Somos, la revista semanal del mismo diario\u200b, art\u00edculos sobre medio ambiente y cultura. Paola Nalvarte \u00e9 uma jornalista peruana e fot\u00f3grafa documentarista que vive em Austin, Texas. O foco de interesse da sua cobertura jornal\u00edstica \u00e9 a regi\u00e3o andina. No Peru, Paola trabalhou no escrit\u00f3rio de Lima da ag\u00eancia de not\u00edcias italiana ANSA, na se\u00e7\u00e3o de economia do jornal Expreso e, por dez anos, fez pesquisa fotogr\u00e1fica e edi\u00e7\u00e3o de fotografia editorial para um dos jornais em espanhol mais antigos do mundo, o jornal peruano El Comercio. Ela tamb\u00e9m escreveu artigos de meio ambiente e cultura para a Somos, a revista semanal do mesmo jornal.\",\"sameAs\":[\"https:\\\/\\\/x.com\\\/paolanalvarte\"],\"url\":\"https:\\\/\\\/latamjournalismreview.org\\\/es\\\/articles\\\/author\\\/paola-nalvarte\\\/\"}]}<\/script>\n<!-- \/ Yoast SEO Premium plugin. -->","yoast_head_json":{"title":"Periodista investigativo de Trinidad y Tobago deja el pa\u00eds tras ser amenazado de muerte - LatAm Journalism Review","description":"Periodista investigativo de Trinidad y Tobago deja el pa\u00eds tras ser amenazado de muerte Libertad de prensa. Latin American Journalism Review by The Knight Center at The University of Texas at Austin.","robots":{"index":"index","follow":"follow","max-snippet":"max-snippet:-1","max-image-preview":"max-image-preview:large","max-video-preview":"max-video-preview:-1"},"canonical":"https:\/\/latamjournalismreview.org\/es\/articles\/periodista-investigativo-de-trinidad-y-tobago-deja-el-pais-tras-ser-amenazado-de-muerte\/","og_locale":"es_ES","og_type":"article","og_title":"Periodista investigativo de Trinidad y Tobago deja el pa\u00eds tras ser amenazado de muerte","og_description":"Periodista investigativo de Trinidad y Tobago deja el pa\u00eds tras ser amenazado de muerte Libertad de prensa. Latin American Journalism Review by The Knight Center at The University of Texas at Austin.","og_url":"https:\/\/latamjournalismreview.org\/es\/articles\/periodista-investigativo-de-trinidad-y-tobago-deja-el-pais-tras-ser-amenazado-de-muerte\/","og_site_name":"LatAm Journalism Review","article_published_time":"2014-05-27T19:07:19+00:00","article_modified_time":"2021-11-05T19:09:48+00:00","author":"Paola Nalvarte","twitter_card":"summary_large_image","twitter_creator":"@paolanalvarte","twitter_site":"@LatAmJournalism","twitter_misc":{"Written by":"Paola Nalvarte","Est. reading time":"2 minutos"},"schema":{"@context":"https:\/\/schema.org","@graph":[{"@type":"Article","@id":"https:\/\/latamjournalismreview.org\/es\/articles\/periodista-investigativo-de-trinidad-y-tobago-deja-el-pais-tras-ser-amenazado-de-muerte\/#article","isPartOf":{"@id":"https:\/\/latamjournalismreview.org\/es\/articles\/periodista-investigativo-de-trinidad-y-tobago-deja-el-pais-tras-ser-amenazado-de-muerte\/"},"author":{"name":"Paola Nalvarte","@id":"https:\/\/latamjournalismreview.org\/es\/#\/schema\/person\/d0b9fa850ef1b6f56bb445e52f29f63f"},"headline":"Periodista investigativo de Trinidad y Tobago deja el pa\u00eds tras ser amenazado de muerte","datePublished":"2014-05-27T19:07:19+00:00","dateModified":"2021-11-05T19:09:48+00:00","mainEntityOfPage":{"@id":"https:\/\/latamjournalismreview.org\/es\/articles\/periodista-investigativo-de-trinidad-y-tobago-deja-el-pais-tras-ser-amenazado-de-muerte\/"},"wordCount":486,"publisher":{"@id":"https:\/\/latamjournalismreview.org\/es\/#organization"},"keywords":["Amenazas contra periodistas","Exilio"],"articleSection":["Libertad de prensa"],"inLanguage":"es"},{"@type":"WebPage","@id":"https:\/\/latamjournalismreview.org\/es\/articles\/periodista-investigativo-de-trinidad-y-tobago-deja-el-pais-tras-ser-amenazado-de-muerte\/","url":"https:\/\/latamjournalismreview.org\/es\/articles\/periodista-investigativo-de-trinidad-y-tobago-deja-el-pais-tras-ser-amenazado-de-muerte\/","name":"Periodista investigativo de Trinidad y Tobago deja el pa\u00eds tras ser amenazado de muerte - LatAm Journalism Review","isPartOf":{"@id":"https:\/\/latamjournalismreview.org\/es\/#website"},"datePublished":"2014-05-27T19:07:19+00:00","dateModified":"2021-11-05T19:09:48+00:00","description":"Periodista investigativo de Trinidad y Tobago deja el pa\u00eds tras ser amenazado de muerte Libertad de prensa. Latin American Journalism Review by The Knight Center at The University of Texas at Austin.","breadcrumb":{"@id":"https:\/\/latamjournalismreview.org\/es\/articles\/periodista-investigativo-de-trinidad-y-tobago-deja-el-pais-tras-ser-amenazado-de-muerte\/#breadcrumb"},"inLanguage":"es","potentialAction":[{"@type":"ReadAction","target":["https:\/\/latamjournalismreview.org\/es\/articles\/periodista-investigativo-de-trinidad-y-tobago-deja-el-pais-tras-ser-amenazado-de-muerte\/"]}]},{"@type":"BreadcrumbList","@id":"https:\/\/latamjournalismreview.org\/es\/articles\/periodista-investigativo-de-trinidad-y-tobago-deja-el-pais-tras-ser-amenazado-de-muerte\/#breadcrumb","itemListElement":[{"@type":"ListItem","position":1,"name":"Home","item":"https:\/\/latamjournalismreview.org\/es\/"},{"@type":"ListItem","position":2,"name":"Periodista investigativo de Trinidad y Tobago deja el pa\u00eds tras ser amenazado de muerte"}]},{"@type":"WebSite","@id":"https:\/\/latamjournalismreview.org\/es\/#website","url":"https:\/\/latamjournalismreview.org\/es\/","name":"LatAm Journalism Review","description":"Knight Center at The University of Texas","publisher":{"@id":"https:\/\/latamjournalismreview.org\/es\/#organization"},"potentialAction":[{"@type":"SearchAction","target":{"@type":"EntryPoint","urlTemplate":"https:\/\/latamjournalismreview.org\/es\/?s={search_term_string}"},"query-input":{"@type":"PropertyValueSpecification","valueRequired":true,"valueName":"search_term_string"}}],"inLanguage":"es"},{"@type":"Organization","@id":"https:\/\/latamjournalismreview.org\/es\/#organization","name":"LatAm Journalism Review","url":"https:\/\/latamjournalismreview.org\/es\/","logo":{"@type":"ImageObject","inLanguage":"es","@id":"https:\/\/latamjournalismreview.org\/es\/#\/schema\/logo\/image\/","url":"https:\/\/latamjournalismreview.org\/wp-content\/uploads\/2020\/05\/knight-latAm-review-logo.svg","contentUrl":"https:\/\/latamjournalismreview.org\/wp-content\/uploads\/2020\/05\/knight-latAm-review-logo.svg","width":"1024","height":"1024","caption":"LatAm Journalism Review"},"image":{"@id":"https:\/\/latamjournalismreview.org\/es\/#\/schema\/logo\/image\/"},"sameAs":["https:\/\/x.com\/LatAmJournalism"]},{"@type":"Person","@id":"https:\/\/latamjournalismreview.org\/es\/#\/schema\/person\/d0b9fa850ef1b6f56bb445e52f29f63f","name":"Paola Nalvarte","description":"Paola Nalvarte is a Peruvian journalist and documentary photographer living in Austin, Texas. She focuses on covering and writing about the Andes region. In Peru, Paola worked in the Lima office of the Italian news agency ANSA, on the economic news desk of the daily Expreso, and for ten years she has been working on different editorial projects doing picture editing and research for one of the oldest Spanish-language papers in the world, the Peruvian newspaper El Comercio. She also enjoyed writing for the newspaper weekly magazine Somos. Paola Nalvarte es una periodista y fot\u00f3grafa documental peruana que vive en Austin, Texas. El foco de inter\u00e9s de su cobertura noticiosa es la regi\u00f3n andina. En Per\u00fa, Paola trabaj\u00f3 en la oficina de Lima de la agencia italiana de noticias ANSA, en la secci\u00f3n de econom\u00eda del diario Expreso y por diez a\u00f1os hizo investigaci\u00f3n fotogr\u00e1fica y edici\u00f3n de fotograf\u00eda editorial en el diario decano de la prensa peruana, El Comercio. Tambi\u00e9n escribi\u00f3 para Somos, la revista semanal del mismo diario\u200b, art\u00edculos sobre medio ambiente y cultura. Paola Nalvarte \u00e9 uma jornalista peruana e fot\u00f3grafa documentarista que vive em Austin, Texas. O foco de interesse da sua cobertura jornal\u00edstica \u00e9 a regi\u00e3o andina. No Peru, Paola trabalhou no escrit\u00f3rio de Lima da ag\u00eancia de not\u00edcias italiana ANSA, na se\u00e7\u00e3o de economia do jornal Expreso e, por dez anos, fez pesquisa fotogr\u00e1fica e edi\u00e7\u00e3o de fotografia editorial para um dos jornais em espanhol mais antigos do mundo, o jornal peruano El Comercio. Ela tamb\u00e9m escreveu artigos de meio ambiente e cultura para a Somos, a revista semanal do mesmo jornal.","sameAs":["https:\/\/x.com\/paolanalvarte"],"url":"https:\/\/latamjournalismreview.org\/es\/articles\/author\/paola-nalvarte\/"}]}},"_links":{"self":[{"href":"https:\/\/latamjournalismreview.org\/es\/wp-json\/wp\/v2\/posts\/40477","targetHints":{"allow":["GET"]}}],"collection":[{"href":"https:\/\/latamjournalismreview.org\/es\/wp-json\/wp\/v2\/posts"}],"about":[{"href":"https:\/\/latamjournalismreview.org\/es\/wp-json\/wp\/v2\/types\/post"}],"author":[{"embeddable":true,"href":"https:\/\/latamjournalismreview.org\/es\/wp-json\/wp\/v2\/users\/4"}],"replies":[{"embeddable":true,"href":"https:\/\/latamjournalismreview.org\/es\/wp-json\/wp\/v2\/comments?post=40477"}],"version-history":[{"count":1,"href":"https:\/\/latamjournalismreview.org\/es\/wp-json\/wp\/v2\/posts\/40477\/revisions"}],"predecessor-version":[{"id":40478,"href":"https:\/\/latamjournalismreview.org\/es\/wp-json\/wp\/v2\/posts\/40477\/revisions\/40478"}],"wp:attachment":[{"href":"https:\/\/latamjournalismreview.org\/es\/wp-json\/wp\/v2\/media?parent=40477"}],"wp:term":[{"taxonomy":"category","embeddable":true,"href":"https:\/\/latamjournalismreview.org\/es\/wp-json\/wp\/v2\/categories?post=40477"},{"taxonomy":"post_tag","embeddable":true,"href":"https:\/\/latamjournalismreview.org\/es\/wp-json\/wp\/v2\/tags?post=40477"},{"taxonomy":"author","embeddable":true,"href":"https:\/\/latamjournalismreview.org\/es\/wp-json\/wp\/v2\/coauthors?post=40477"}],"curies":[{"name":"wp","href":"https:\/\/api.w.org\/{rel}","templated":true}]}}