{"id":40586,"date":"2014-05-07T20:11:46","date_gmt":"2014-05-08T01:11:46","guid":{"rendered":"https:\/\/latamjournalismreview.org\/?p=40586"},"modified":"2021-11-05T20:14:03","modified_gmt":"2021-11-06T01:14:03","slug":"falta-de-difusion-de-imagen-critica-de-presidente-ilustra-clima-de-autocensura-en-ecuador","status":"publish","type":"post","link":"https:\/\/latamjournalismreview.org\/es\/articles\/falta-de-difusion-de-imagen-critica-de-presidente-ilustra-clima-de-autocensura-en-ecuador\/","title":{"rendered":"Falta de difusi\u00f3n de imagen cr\u00edtica de presidente ilustra clima de autocensura en Ecuador"},"content":{"rendered":"<p><em>Por Alejandro Mart\u00ednez<\/em><\/p>\n<p>Los medios ecuatorianos se abstuvieron de difundir durante el D\u00eda Mundial de la Libertad de Prensa, celebrado el 3 de mayo,\u00a0<a href=\"http:\/\/www.wan-ifra.org\/articles\/2014\/04\/27\/three-images-for-3-may\" target=\"_blank\" rel=\"noopener\">una ilustraci\u00f3n creada por la Asociaci\u00f3n Mundial de Peri\u00f3dicos y Editores de Noticias (WAN-IFRA)<\/a>\u00a0que critica al presidente Rafael Correa por las presiones de su gobierno contra la prensa del pa\u00eds.<\/p>\n<p>Para periodistas\u00a0del Ecuador, la omisi\u00f3n es un reflejo de la autocensura a la que se someten cada vez m\u00e1s los medios y periodistas del pa\u00eds para evitar multas y confrontaciones legales con el gobierno, el cual cuenta con m\u00e1s herramientas represivas contra la prensa cr\u00edtica desde la aprobaci\u00f3n de la controversial Ley de Comunicaci\u00f3n el a\u00f1o pasado.<\/p>\n<p>En los d\u00edas antes del D\u00eda Mundial de Libertad de Prensa, WAN-IFRA public\u00f3\u00a0<a href=\"http:\/\/www.wan-ifra.org\/articles\/2014\/04\/27\/three-images-for-3-may\">una serie de im\u00e1genes de alto impacto<\/a>\u00a0para medios impresos y digitales para destacar y criticar los desaf\u00edos que enfrentan los periodistas en tres pa\u00edses en particular: Ecuador, Etiop\u00eda y China. La ilustraci\u00f3n sobre Ecuador muestra al presidente Correa dando un discurso detr\u00e1s de un podio del que desciende una prensa y oprime a tres periodistas.<\/p>\n<p>Seg\u00fan Diego Cornejo, director ejecutivo de la Asociaci\u00f3n Ecuatoriana de Editores de Peri\u00f3dicos (AEDEP), varios diarios del pa\u00eds recibieron las im\u00e1genes de WAN-IFRA, pero solo publicaron las im\u00e1genes alusivas a China y Etiop\u00eda.<\/p>\n<p>\u201cEn efecto, los diarios de Ecuador que publicaron los avisos de WAN-IFRA \u00fanicamente publicaron los referidos a\u00a0 China y de Etiop\u00eda. No se public\u00f3 en papel ni en las webs el aviso de Correa\u201d, dijo al\u00a0<strong>Centro Knight para el Periodismo en las Am\u00e9ricas<\/strong>.<\/p>\n<p>Una editora ecuatoriana que trabaja dentro de uno de los diarios m\u00e1s importantes del pa\u00eds \u2013 y que prefiri\u00f3 no revelar su identidad para evitar generarle problemas con el gobierno a su publicaci\u00f3n \u2013 explic\u00f3 que la decisi\u00f3n de su diario y muchos otros de no usar la imagen es una consecuencia del miedo de enfrentar multas y problemas legales.<\/p>\n<p>\u201cEs obviamente una se\u00f1al del temor que existe por parte de los medios y de los periodistas en utilizar cualquier imagen que pudiera ser tomada como una cr\u00edtica directa al gobierno. Es una muestra de la autocensura impuesta por la Ley de Comunicaci\u00f3n, que ir\u00f3nicamente condena la censura pero solo de palabra pues la creaci\u00f3n de instancias de juzgamiento especiales para medios y periodistas provoca autocensura\u201d, dijo la periodista.<\/p>\n<p>\u201cEsta ley nos impone una mordaza, rodeada de t\u00e9rminos y conceptos legalistas aprobados por un Legislativo completamente sumiso a la voluntad del presidente Rafael Correa, pero mordaza sin duda alguna\u201d.<\/p>\n<p>Para el\u00a0secretario general de\u00a0WAN-IFRA\u00a0Larry\u00a0Kilman, la ausencia de una discusi\u00f3n\u00a0en los medios\u00a0o las redes sociales en torno a la imagen y\u00a0<a href=\"http:\/\/www.wan-ifra.org\/es\/node\/51512\" target=\"_blank\" rel=\"noopener\">su cr\u00edtica de la situaci\u00f3n que atraviesa la prensa en el pa\u00eds<\/a>\u00a0es reveladora del control que las autoridades\u00a0han logrado imponer sobre el debate p\u00fablico.<\/p>\n<p>El gobierno ecuatoriano \"impone su posici\u00f3n y establece la agenda definiendo cuales son los temas de inter\u00e9s p\u00fablico y cuando se debaten. Est\u00e1 llevando acabo una estrategia que marginaliza a todas las voces independientes del poder del estado \u201d, dijo Kilman.<\/p>\n<p>Mientras que la campa\u00f1a de\u00a0WAN-IFRA\u00a0destac\u00f3 los\u00a0encarcalamientos\u00a0de periodistas en China y Etiop\u00eda, de Ecuador mencion\u00f3\u00a0<a href=\"https:\/\/knightcenter.utexas.edu\/es\/blog\/organizaciones-de-defensa-de-la-libertad-de-expresion-piden-presidente-de-ecuador-retirar-quere\" target=\"_blank\" rel=\"noopener\">las demandas multi-millonarias contra medios por difamaci\u00f3n<\/a>, la\u00a0<a href=\"https:\/\/knightcenter.utexas.edu\/es\/blog\/00-13930-periodistas-ecuatorianos-victimas-de-polarizacion-ciudadana\" target=\"_blank\" rel=\"noopener\">estigmatizaci\u00f3n regular de periodistas<\/a>\u00a0en el programa de televisi\u00f3n de Correa, y la\u00a0<a href=\"https:\/\/knightcenter.utexas.edu\/es\/blog\/00-14066-8-puntos-para-entender-la-controversial-ley-de-comunicacion-en-ecuador\" target=\"_blank\" rel=\"noopener\">Ley Org\u00e1nica de Comunicaci\u00f3n<\/a>, la cual la organizaci\u00f3n llam\u00f3 \u201cuna de las leyes de medios m\u00e1s restrictivas del continente\u201d.<\/p>\n<p>Este a\u00f1o\u00a0<a href=\"https:\/\/knightcenter.utexas.edu\/blog\/00-15036-cartoonist-first-media-worker-targeted-under-ecuador%E2%80%99s-controversial-communications-la\">el caricaturista Xavier Bonilla fue el primero en ser multado bajo la ley<\/a>. La Superintendencia de Informaci\u00f3n y Comunicaci\u00f3n de Ecuador le orden\u00f3 rectificar una caricatura que la entidad acus\u00f3 de tergiversar la verdad y emiti\u00f3 una multa al peri\u00f3dico El Universo \u2013 donde se public\u00f3 la imagen \u2013 del 2 por ciento del promedio de la facturaci\u00f3n del diario en su ultimo trimestre.<\/p>\n<p>En marzo,\u00a0<a href=\"https:\/\/knightcenter.utexas.edu\/es\/blog\/00-15364-multan-diario-ecuatoriano-acusado-de-no-obedecer-orden-de-rectificacion\" target=\"_blank\" rel=\"noopener\">Diario Extra tambi\u00e9n recibi\u00f3 una multa<\/a>\u00a0por un valor del 10 por ciento de sus ingresos generados en tres meses por supuestamente no haber seguido una orden de rectificar dos de sus titulares.<\/p>\n<p>Varias organizaciones internacionales,\u00a0<a href=\"https:\/\/knightcenter.utexas.edu\/es\/blog\/00-15532-persiste-la-impunidad-en-las-americas-con-18-periodistas-asesinados-en-2013-segun-repo\" target=\"_blank\" rel=\"noopener\">incluyendo recientemente a la Comisi\u00f3n Interamericana de Derechos Humanos<\/a>, han expresado su preocupaci\u00f3n por la situaci\u00f3n de la prensa en Ecuador.<\/p>\n<p>En los d\u00edas antes del D\u00eda Mundial de Libertad de Prensa, WAN-IFRA tambi\u00e9n llam\u00f3 a la liberaci\u00f3n de los periodistas encarcelados a trav\u00e9s de su campa\u00f1a\u00a0<a href=\"http:\/\/www.wan-ifra.org\/microsites\/30-days-for-freedom\">\u201c30 Dias por la Libertad\u201d<\/a>. En las Am\u00e9ricas destac\u00f3 el caso de la periodista cubana\u00a0<a href=\"http:\/\/www.wan-ifra.org\/articles\/2014\/04\/25\/juliet-michelena-diaz-cuba-jailed-since-april-2014\">Juliet Michelena Diaz<\/a>\u00a0quien fue\u00a0<a href=\"https:\/\/knightcenter.utexas.edu\/blog\/00-15487-rsf-calls-cuba-free-jailed-journalist-and-remove-terrorism-charges\">detenida en abril despu\u00e9s de reportar sobre el uso excesivo de fuerza<\/a>\u00a0de la polic\u00eda en las calles de Cuba.<\/p>\n<p><em>Nota del editor: Esta historia fue publicada originalmente en el blog Periodismo en las Am\u00e9ricas del Centro Knight, el predecesor de LatAm Journalism Review.<\/em><\/p>\n","protected":false},"excerpt":{"rendered":"<p>Los medios ecuatorianos se abstuvieron de difundir durante el D\u00eda Mundial de la Libertad de Prensa, celebrado el 3 de mayo,\u00a0una ilustraci\u00f3n creada por la Asociaci\u00f3n Mundial de Peri\u00f3dicos y Editores de Noticias (WAN-IFRA)\u00a0que critica al presidente Rafael Correa por las presiones de su gobierno contra la prensa del pa\u00eds.<\/p>\n","protected":false},"author":17,"featured_media":0,"comment_status":"closed","ping_status":"closed","sticky":false,"template":"","format":"standard","meta":{"inline_featured_image":false,"footnotes":""},"categories":[1227],"tags":[1404,1443],"coauthors":[],"class_list":["post-40586","post","type-post","status-publish","format-standard","hentry","category-acceso-a-la-informacion-es","tag-censura-es","tag-ecuador-es"],"acf":[],"yoast_head":"<!-- This site is optimized with the Yoast SEO Premium plugin v22.6 (Yoast SEO v27.4) - https:\/\/yoast.com\/product\/yoast-seo-premium-wordpress\/ -->\n<title>Falta de difusi\u00f3n de imagen cr\u00edtica de presidente ilustra clima de autocensura en Ecuador - LatAm Journalism Review<\/title>\n<meta name=\"description\" content=\"Falta de difusi\u00f3n de imagen cr\u00edtica de presidente ilustra clima de autocensura en Ecuador Acceso a la Informaci\u00f3n. Latin American Journalism Review by The Knight Center at The University of Texas at Austin.\" \/>\n<meta name=\"robots\" content=\"index, follow, max-snippet:-1, max-image-preview:large, max-video-preview:-1\" \/>\n<link rel=\"canonical\" href=\"https:\/\/latamjournalismreview.org\/es\/articles\/falta-de-difusion-de-imagen-critica-de-presidente-ilustra-clima-de-autocensura-en-ecuador\/\" \/>\n<meta property=\"og:locale\" content=\"es_ES\" \/>\n<meta property=\"og:type\" content=\"article\" \/>\n<meta property=\"og:title\" content=\"Falta de difusi\u00f3n de imagen cr\u00edtica de presidente ilustra clima de autocensura en Ecuador\" \/>\n<meta property=\"og:description\" content=\"Falta de difusi\u00f3n de imagen cr\u00edtica de presidente ilustra clima de autocensura en Ecuador Acceso a la Informaci\u00f3n. Latin American Journalism Review by The Knight Center at The University of Texas at Austin.\" \/>\n<meta property=\"og:url\" content=\"https:\/\/latamjournalismreview.org\/es\/articles\/falta-de-difusion-de-imagen-critica-de-presidente-ilustra-clima-de-autocensura-en-ecuador\/\" \/>\n<meta property=\"og:site_name\" content=\"LatAm Journalism Review\" \/>\n<meta property=\"article:published_time\" content=\"2014-05-08T01:11:46+00:00\" \/>\n<meta property=\"article:modified_time\" content=\"2021-11-06T01:14:03+00:00\" \/>\n<meta name=\"author\" content=\"Guest\" \/>\n<meta name=\"twitter:card\" content=\"summary_large_image\" \/>\n<meta name=\"twitter:creator\" content=\"@LatAmJournalism\" \/>\n<meta name=\"twitter:site\" content=\"@LatAmJournalism\" \/>\n<meta name=\"twitter:label1\" content=\"Written by\" \/>\n\t<meta name=\"twitter:data1\" content=\"Guest\" \/>\n\t<meta name=\"twitter:label2\" content=\"Est. reading time\" \/>\n\t<meta name=\"twitter:data2\" content=\"4 minutos\" \/>\n<script type=\"application\/ld+json\" class=\"yoast-schema-graph\">{\"@context\":\"https:\\\/\\\/schema.org\",\"@graph\":[{\"@type\":\"Article\",\"@id\":\"https:\\\/\\\/latamjournalismreview.org\\\/es\\\/articles\\\/falta-de-difusion-de-imagen-critica-de-presidente-ilustra-clima-de-autocensura-en-ecuador\\\/#article\",\"isPartOf\":{\"@id\":\"https:\\\/\\\/latamjournalismreview.org\\\/es\\\/articles\\\/falta-de-difusion-de-imagen-critica-de-presidente-ilustra-clima-de-autocensura-en-ecuador\\\/\"},\"author\":{\"name\":\"Guest\",\"@id\":\"https:\\\/\\\/latamjournalismreview.org\\\/es\\\/#\\\/schema\\\/person\\\/0315202e0b3c0963a2440f1c3012c360\"},\"headline\":\"Falta de difusi\u00f3n de imagen cr\u00edtica de presidente ilustra clima de autocensura en Ecuador\",\"datePublished\":\"2014-05-08T01:11:46+00:00\",\"dateModified\":\"2021-11-06T01:14:03+00:00\",\"mainEntityOfPage\":{\"@id\":\"https:\\\/\\\/latamjournalismreview.org\\\/es\\\/articles\\\/falta-de-difusion-de-imagen-critica-de-presidente-ilustra-clima-de-autocensura-en-ecuador\\\/\"},\"wordCount\":868,\"publisher\":{\"@id\":\"https:\\\/\\\/latamjournalismreview.org\\\/es\\\/#organization\"},\"keywords\":[\"Censura\",\"Ecuador\"],\"articleSection\":[\"Acceso a la Informaci\u00f3n\"],\"inLanguage\":\"es\"},{\"@type\":\"WebPage\",\"@id\":\"https:\\\/\\\/latamjournalismreview.org\\\/es\\\/articles\\\/falta-de-difusion-de-imagen-critica-de-presidente-ilustra-clima-de-autocensura-en-ecuador\\\/\",\"url\":\"https:\\\/\\\/latamjournalismreview.org\\\/es\\\/articles\\\/falta-de-difusion-de-imagen-critica-de-presidente-ilustra-clima-de-autocensura-en-ecuador\\\/\",\"name\":\"Falta de difusi\u00f3n de imagen cr\u00edtica de presidente ilustra clima de autocensura en Ecuador - LatAm Journalism Review\",\"isPartOf\":{\"@id\":\"https:\\\/\\\/latamjournalismreview.org\\\/es\\\/#website\"},\"datePublished\":\"2014-05-08T01:11:46+00:00\",\"dateModified\":\"2021-11-06T01:14:03+00:00\",\"description\":\"Falta de difusi\u00f3n de imagen cr\u00edtica de presidente ilustra clima de autocensura en Ecuador Acceso a la Informaci\u00f3n. Latin American Journalism Review by The Knight Center at The University of Texas at Austin.\",\"breadcrumb\":{\"@id\":\"https:\\\/\\\/latamjournalismreview.org\\\/es\\\/articles\\\/falta-de-difusion-de-imagen-critica-de-presidente-ilustra-clima-de-autocensura-en-ecuador\\\/#breadcrumb\"},\"inLanguage\":\"es\",\"potentialAction\":[{\"@type\":\"ReadAction\",\"target\":[\"https:\\\/\\\/latamjournalismreview.org\\\/es\\\/articles\\\/falta-de-difusion-de-imagen-critica-de-presidente-ilustra-clima-de-autocensura-en-ecuador\\\/\"]}]},{\"@type\":\"BreadcrumbList\",\"@id\":\"https:\\\/\\\/latamjournalismreview.org\\\/es\\\/articles\\\/falta-de-difusion-de-imagen-critica-de-presidente-ilustra-clima-de-autocensura-en-ecuador\\\/#breadcrumb\",\"itemListElement\":[{\"@type\":\"ListItem\",\"position\":1,\"name\":\"Home\",\"item\":\"https:\\\/\\\/latamjournalismreview.org\\\/es\\\/\"},{\"@type\":\"ListItem\",\"position\":2,\"name\":\"Falta de difusi\u00f3n de imagen cr\u00edtica de presidente ilustra clima de autocensura en Ecuador\"}]},{\"@type\":\"WebSite\",\"@id\":\"https:\\\/\\\/latamjournalismreview.org\\\/es\\\/#website\",\"url\":\"https:\\\/\\\/latamjournalismreview.org\\\/es\\\/\",\"name\":\"LatAm Journalism Review\",\"description\":\"Knight Center at The University of Texas\",\"publisher\":{\"@id\":\"https:\\\/\\\/latamjournalismreview.org\\\/es\\\/#organization\"},\"potentialAction\":[{\"@type\":\"SearchAction\",\"target\":{\"@type\":\"EntryPoint\",\"urlTemplate\":\"https:\\\/\\\/latamjournalismreview.org\\\/es\\\/?s={search_term_string}\"},\"query-input\":{\"@type\":\"PropertyValueSpecification\",\"valueRequired\":true,\"valueName\":\"search_term_string\"}}],\"inLanguage\":\"es\"},{\"@type\":\"Organization\",\"@id\":\"https:\\\/\\\/latamjournalismreview.org\\\/es\\\/#organization\",\"name\":\"LatAm Journalism Review\",\"url\":\"https:\\\/\\\/latamjournalismreview.org\\\/es\\\/\",\"logo\":{\"@type\":\"ImageObject\",\"inLanguage\":\"es\",\"@id\":\"https:\\\/\\\/latamjournalismreview.org\\\/es\\\/#\\\/schema\\\/logo\\\/image\\\/\",\"url\":\"https:\\\/\\\/latamjournalismreview.org\\\/wp-content\\\/uploads\\\/2020\\\/05\\\/knight-latAm-review-logo.svg\",\"contentUrl\":\"https:\\\/\\\/latamjournalismreview.org\\\/wp-content\\\/uploads\\\/2020\\\/05\\\/knight-latAm-review-logo.svg\",\"width\":\"1024\",\"height\":\"1024\",\"caption\":\"LatAm Journalism Review\"},\"image\":{\"@id\":\"https:\\\/\\\/latamjournalismreview.org\\\/es\\\/#\\\/schema\\\/logo\\\/image\\\/\"},\"sameAs\":[\"https:\\\/\\\/x.com\\\/LatAmJournalism\"]},{\"@type\":\"Person\",\"@id\":\"https:\\\/\\\/latamjournalismreview.org\\\/es\\\/#\\\/schema\\\/person\\\/0315202e0b3c0963a2440f1c3012c360\",\"name\":\"Guest\",\"url\":\"https:\\\/\\\/latamjournalismreview.org\\\/es\\\/articles\\\/author\\\/guest\\\/\"}]}<\/script>\n<!-- \/ Yoast SEO Premium plugin. -->","yoast_head_json":{"title":"Falta de difusi\u00f3n de imagen cr\u00edtica de presidente ilustra clima de autocensura en Ecuador - LatAm Journalism Review","description":"Falta de difusi\u00f3n de imagen cr\u00edtica de presidente ilustra clima de autocensura en Ecuador Acceso a la Informaci\u00f3n. Latin American Journalism Review by The Knight Center at The University of Texas at Austin.","robots":{"index":"index","follow":"follow","max-snippet":"max-snippet:-1","max-image-preview":"max-image-preview:large","max-video-preview":"max-video-preview:-1"},"canonical":"https:\/\/latamjournalismreview.org\/es\/articles\/falta-de-difusion-de-imagen-critica-de-presidente-ilustra-clima-de-autocensura-en-ecuador\/","og_locale":"es_ES","og_type":"article","og_title":"Falta de difusi\u00f3n de imagen cr\u00edtica de presidente ilustra clima de autocensura en Ecuador","og_description":"Falta de difusi\u00f3n de imagen cr\u00edtica de presidente ilustra clima de autocensura en Ecuador Acceso a la Informaci\u00f3n. Latin American Journalism Review by The Knight Center at The University of Texas at Austin.","og_url":"https:\/\/latamjournalismreview.org\/es\/articles\/falta-de-difusion-de-imagen-critica-de-presidente-ilustra-clima-de-autocensura-en-ecuador\/","og_site_name":"LatAm Journalism Review","article_published_time":"2014-05-08T01:11:46+00:00","article_modified_time":"2021-11-06T01:14:03+00:00","author":"Guest","twitter_card":"summary_large_image","twitter_creator":"@LatAmJournalism","twitter_site":"@LatAmJournalism","twitter_misc":{"Written by":"Guest","Est. reading time":"4 minutos"},"schema":{"@context":"https:\/\/schema.org","@graph":[{"@type":"Article","@id":"https:\/\/latamjournalismreview.org\/es\/articles\/falta-de-difusion-de-imagen-critica-de-presidente-ilustra-clima-de-autocensura-en-ecuador\/#article","isPartOf":{"@id":"https:\/\/latamjournalismreview.org\/es\/articles\/falta-de-difusion-de-imagen-critica-de-presidente-ilustra-clima-de-autocensura-en-ecuador\/"},"author":{"name":"Guest","@id":"https:\/\/latamjournalismreview.org\/es\/#\/schema\/person\/0315202e0b3c0963a2440f1c3012c360"},"headline":"Falta de difusi\u00f3n de imagen cr\u00edtica de presidente ilustra clima de autocensura en Ecuador","datePublished":"2014-05-08T01:11:46+00:00","dateModified":"2021-11-06T01:14:03+00:00","mainEntityOfPage":{"@id":"https:\/\/latamjournalismreview.org\/es\/articles\/falta-de-difusion-de-imagen-critica-de-presidente-ilustra-clima-de-autocensura-en-ecuador\/"},"wordCount":868,"publisher":{"@id":"https:\/\/latamjournalismreview.org\/es\/#organization"},"keywords":["Censura","Ecuador"],"articleSection":["Acceso a la Informaci\u00f3n"],"inLanguage":"es"},{"@type":"WebPage","@id":"https:\/\/latamjournalismreview.org\/es\/articles\/falta-de-difusion-de-imagen-critica-de-presidente-ilustra-clima-de-autocensura-en-ecuador\/","url":"https:\/\/latamjournalismreview.org\/es\/articles\/falta-de-difusion-de-imagen-critica-de-presidente-ilustra-clima-de-autocensura-en-ecuador\/","name":"Falta de difusi\u00f3n de imagen cr\u00edtica de presidente ilustra clima de autocensura en Ecuador - LatAm Journalism Review","isPartOf":{"@id":"https:\/\/latamjournalismreview.org\/es\/#website"},"datePublished":"2014-05-08T01:11:46+00:00","dateModified":"2021-11-06T01:14:03+00:00","description":"Falta de difusi\u00f3n de imagen cr\u00edtica de presidente ilustra clima de autocensura en Ecuador Acceso a la Informaci\u00f3n. Latin American Journalism Review by The Knight Center at The University of Texas at Austin.","breadcrumb":{"@id":"https:\/\/latamjournalismreview.org\/es\/articles\/falta-de-difusion-de-imagen-critica-de-presidente-ilustra-clima-de-autocensura-en-ecuador\/#breadcrumb"},"inLanguage":"es","potentialAction":[{"@type":"ReadAction","target":["https:\/\/latamjournalismreview.org\/es\/articles\/falta-de-difusion-de-imagen-critica-de-presidente-ilustra-clima-de-autocensura-en-ecuador\/"]}]},{"@type":"BreadcrumbList","@id":"https:\/\/latamjournalismreview.org\/es\/articles\/falta-de-difusion-de-imagen-critica-de-presidente-ilustra-clima-de-autocensura-en-ecuador\/#breadcrumb","itemListElement":[{"@type":"ListItem","position":1,"name":"Home","item":"https:\/\/latamjournalismreview.org\/es\/"},{"@type":"ListItem","position":2,"name":"Falta de difusi\u00f3n de imagen cr\u00edtica de presidente ilustra clima de autocensura en Ecuador"}]},{"@type":"WebSite","@id":"https:\/\/latamjournalismreview.org\/es\/#website","url":"https:\/\/latamjournalismreview.org\/es\/","name":"LatAm Journalism Review","description":"Knight Center at The University of Texas","publisher":{"@id":"https:\/\/latamjournalismreview.org\/es\/#organization"},"potentialAction":[{"@type":"SearchAction","target":{"@type":"EntryPoint","urlTemplate":"https:\/\/latamjournalismreview.org\/es\/?s={search_term_string}"},"query-input":{"@type":"PropertyValueSpecification","valueRequired":true,"valueName":"search_term_string"}}],"inLanguage":"es"},{"@type":"Organization","@id":"https:\/\/latamjournalismreview.org\/es\/#organization","name":"LatAm Journalism Review","url":"https:\/\/latamjournalismreview.org\/es\/","logo":{"@type":"ImageObject","inLanguage":"es","@id":"https:\/\/latamjournalismreview.org\/es\/#\/schema\/logo\/image\/","url":"https:\/\/latamjournalismreview.org\/wp-content\/uploads\/2020\/05\/knight-latAm-review-logo.svg","contentUrl":"https:\/\/latamjournalismreview.org\/wp-content\/uploads\/2020\/05\/knight-latAm-review-logo.svg","width":"1024","height":"1024","caption":"LatAm Journalism Review"},"image":{"@id":"https:\/\/latamjournalismreview.org\/es\/#\/schema\/logo\/image\/"},"sameAs":["https:\/\/x.com\/LatAmJournalism"]},{"@type":"Person","@id":"https:\/\/latamjournalismreview.org\/es\/#\/schema\/person\/0315202e0b3c0963a2440f1c3012c360","name":"Guest","url":"https:\/\/latamjournalismreview.org\/es\/articles\/author\/guest\/"}]}},"_links":{"self":[{"href":"https:\/\/latamjournalismreview.org\/es\/wp-json\/wp\/v2\/posts\/40586","targetHints":{"allow":["GET"]}}],"collection":[{"href":"https:\/\/latamjournalismreview.org\/es\/wp-json\/wp\/v2\/posts"}],"about":[{"href":"https:\/\/latamjournalismreview.org\/es\/wp-json\/wp\/v2\/types\/post"}],"author":[{"embeddable":true,"href":"https:\/\/latamjournalismreview.org\/es\/wp-json\/wp\/v2\/users\/17"}],"replies":[{"embeddable":true,"href":"https:\/\/latamjournalismreview.org\/es\/wp-json\/wp\/v2\/comments?post=40586"}],"version-history":[{"count":1,"href":"https:\/\/latamjournalismreview.org\/es\/wp-json\/wp\/v2\/posts\/40586\/revisions"}],"predecessor-version":[{"id":40588,"href":"https:\/\/latamjournalismreview.org\/es\/wp-json\/wp\/v2\/posts\/40586\/revisions\/40588"}],"wp:attachment":[{"href":"https:\/\/latamjournalismreview.org\/es\/wp-json\/wp\/v2\/media?parent=40586"}],"wp:term":[{"taxonomy":"category","embeddable":true,"href":"https:\/\/latamjournalismreview.org\/es\/wp-json\/wp\/v2\/categories?post=40586"},{"taxonomy":"post_tag","embeddable":true,"href":"https:\/\/latamjournalismreview.org\/es\/wp-json\/wp\/v2\/tags?post=40586"},{"taxonomy":"author","embeddable":true,"href":"https:\/\/latamjournalismreview.org\/es\/wp-json\/wp\/v2\/coauthors?post=40586"}],"curies":[{"name":"wp","href":"https:\/\/api.w.org\/{rel}","templated":true}]}}