{"id":4108,"date":"2019-09-06T16:47:23","date_gmt":"2019-09-06T21:47:23","guid":{"rendered":"https:\/\/live-lajr.pantheonsite.io\/?p=4108"},"modified":"2020-06-17T17:41:14","modified_gmt":"2020-06-17T22:41:14","slug":"periodistas-salvadorenos-advierten-sobre-falta-de-acceso-a-fuentes-oficiales-y-poca-tolerancia-a-la-critica-del-nuevo-gobierno","status":"publish","type":"post","link":"https:\/\/latamjournalismreview.org\/es\/articles\/periodistas-salvadorenos-advierten-sobre-falta-de-acceso-a-fuentes-oficiales-y-poca-tolerancia-a-la-critica-del-nuevo-gobierno\/","title":{"rendered":"Periodistas salvadore\u00f1os advierten sobre falta de acceso a fuentes oficiales y poca tolerancia a la cr\u00edtica del nuevo gobierno"},"content":{"rendered":"<p>Desde que Nayib Bukele asumi\u00f3 la Presidencia de El Salvador el 1 de junio de 2019, periodistas del pa\u00eds se\u00f1alan que las instituciones y funcionarios p\u00fablicos son fuentes cada vez menos accesibles y que las redes sociales se han convertido en el medio predilecto del nuevo gobierno para comunicar asuntos oficiales o rebatir cualquier cr\u00edtica o comentario.<\/p>\n<div style=\"width: 275px; font-size: 80%; text-align: left; float: right; padding-left: 10px; padding-right: 10px;\"><img loading=\"lazy\" decoding=\"async\" class=\"alignnone\" style=\"width: 275px;\" src=\"https:\/\/upload.wikimedia.org\/wikipedia\/commons\/7\/76\/Nayib_Bukele_-_2019_%2848342383356%29_%28cropped%29.jpg\" alt=\"Salvadoran President Nayib Bukele (Photo: U.S. Department of State from United States [Public domain])\" width=\"1312\" height=\"1969\" \/> Presidente de El Salvador, Nayib Bukele. (Foto: Departamento de Estado de Estados Unidos. [Public domain]).<\/div>\n<p>De acuerdo con Jos\u00e9 Luis Sanz, director del sitio period\u00edstico investigativo salvadore\u00f1o El Faro, Bukele no ha concedido ninguna entrevista a los medios nacionales desde que asumi\u00f3 la presidencia, pero s\u00ed hace un uso constante de las redes sociales para expresar sus opiniones personales y decisiones de gobierno.<\/p>\n<p>El presidente \u201ccontin\u00faa consolidando la idea, la apariencia de que no necesita a los medios de comunicaci\u00f3n para comunicarse, y que sobre todo su modelo de rendici\u00f3n de cuentas, y la supuesta transparencia que [este] supone, se basa en estar constantemente opinando o haciendo anuncios a trav\u00e9s de redes sociales\u201d, dijo Sanz al <strong>Centro Knight<\/strong>.<\/p>\n<p>Desde el entorno m\u00e1s cercano del presidente, agreg\u00f3 Sanz, se legitima la idea de que \u201cesta es la nueva forma en la que se expresa el pueblo, y las nuevas formas de comunicaci\u00f3n. El pueblo ya no necesita los medios para expresarse\u201d.<\/p>\n<p>Para el periodista C\u00e9sar Fagoaga, jefe de redacci\u00f3n del sitio period\u00edstico Revista Factum, en estos tres meses de gobierno el Presidente \u201cse ha mostrado muy al\u00e9rgico a la cr\u00edtica\u201d, no solo con periodistas sino con cualquier persona que exprese alg\u00fan desacuerdo con su gobierno.<\/p>\n<p>La narrativa oficial es \u201clos que est\u00e9n contra m\u00ed, est\u00e1n contra el pueblo\u201d, afirm\u00f3 Fagoaga. \u201cEsto comenz\u00f3 durante la campa\u00f1a [de Bukele] con los partidos pol\u00edticos, lo cual fue muy sencillo porque los partidos pol\u00edticos tradicionales perdieron toda su legitimidad a partir de hechos de corrupci\u00f3n de sobra conocidos. Despu\u00e9s atac\u00f3 al Congreso, luego al sistema judicial, luego atac\u00f3 a los medios de comunicaci\u00f3n de una forma mucho m\u00e1s abierta. Esta din\u00e1mica se ha mantenido\u201d, sentenci\u00f3 el periodista.<\/p>\n<p>Aun cuando el gobierno est\u00e9 en sus primeros meses, el Relator Especial para la Libertad de Expresi\u00f3n de la Comisi\u00f3n Interamericana de Derechos Humanos (CIDH), Edison Lanza, destac\u00f3 la importancia de la preocupaci\u00f3n sobre el acoso digital contra la prensa que comparten las organizaciones, periodistas y medios salvadore\u00f1os con los cuales se reuni\u00f3 informalmente en su \u00faltima visita al pa\u00eds a fines de julio.<\/p>\n<p>Lanza mencion\u00f3 al <strong>Centro Knight<\/strong> los recientes ataques a mujeres periodistas, \u201cbasados en estereotipos y obviamente en la discriminaci\u00f3n estructural que hay contra las mujeres, no por investigar sino por el hecho de ser mujer\u201d.<\/p>\n<p>Cuando se trata de mujeres periodistas, los insultos en redes sociales contra ellas escalan e incluyen violencia sexual en l\u00ednea, explic\u00f3 Fagoaga.<\/p>\n<p>El 28 de junio la periodista de Focos TV\u00a0Karen Fern\u00e1ndez\u00a0coment\u00f3 en una <a href=\"https:\/\/www.youtube.com\/watch?v=WhgZYwrqvdM\" target=\"_blank\" rel=\"noopener noreferrer\">entrevista matutina<\/a> junto a otras panelistas sobre el plan de seguridad de Bukele para combatir el pandillaje. Fern\u00e1ndez dijo que no hab\u00eda evidencia de que las medidas represivas que planteaba este gobierno, al igual que los anteriores, incrementen los niveles de seguridad p\u00fablica, sino todo lo contrario.<\/p>\n<p>Bukele comparti\u00f3 y coment\u00f3 el <a href=\"https:\/\/twitter.com\/Republica33TV\/status\/1144658553367605249?s=20\" target=\"_blank\" rel=\"noopener noreferrer\">tuit del programa<\/a> relacionado a esa entrevista, y a partir de ello sus seguidores en redes sociales empezaron una <a href=\"https:\/\/twitter.com\/KarenAlessaF\/status\/1150416348205465606?s=20\" target=\"_blank\" rel=\"noopener noreferrer\">serie de ataques mis\u00f3ginos y violencia sexual en l\u00ednea<\/a> contra Fern\u00e1ndez, cuestionando su legitimidad como periodista, denunci\u00f3 la periodista desde su cuenta de Twitter.<\/p>\n<p>Ese mismo mes, el 30 de junio, Mariana Belloso, editora de econom\u00eda del diario La Prensa Gr\u00e1fica, cit\u00f3 a Bukele en un <a href=\"https:\/\/twitter.com\/Beiioso\/status\/1145483132235386880?s=20\" target=\"_blank\" rel=\"noopener noreferrer\">tuit<\/a>, sobre su pedido a la poblaci\u00f3n de dejar de pagar dinero de extorsi\u00f3n a las pandillas, e hizo una invitaci\u00f3n a seguir la conferencia de prensa del presidente sobre el tema.<\/p>\n<p>Ese mismo d\u00eda, el Presidente <a href=\"https:\/\/twitter.com\/Beiioso\/status\/1146023949349920768?s=20\" target=\"_blank\" rel=\"noopener noreferrer\">comparti\u00f3 el tuit<\/a> de Belloso y coment\u00f3 respecto a lo dicho por la periodista que \u201cuna verdad a medias es peor que mil mentiras\u201d, reclam\u00e1ndole a la periodista el haber puesto la informaci\u00f3n incompleta.<\/p>\n<p>El Presidente \u201cdijo que lamentaba que haya periodistas en contra del gobierno que desean que el plan de seguridad fracase\u201d, dijo Belloso al <strong>Centro Knight<\/strong>. \u201cEn seguida empec\u00e9 a recibir tuits de que ojal\u00e1 me violaran a m\u00ed y a mis hijas, a ver si as\u00ed segu\u00eda defendiendo a los pandilleros. Los insultos y amenazas hacia las mujeres siempre van por el lado sexual, y estos ataques continuaron por mes y medio\u201d, a\u00f1adi\u00f3 la periodista.<\/p>\n<p>La cuenta de Belloso fue reportada y bloqueada unos d\u00edas. De acuerdo con la periodista, este tipo de reacciones est\u00e1 fomentando la autocensura de muchos de sus colegas en redes sociales por miedo a las represalias.<\/p>\n<p>\u201cHicieron un <em>collage<\/em> de Karen y yo diciendo que \u00e9ramos defensoras de pandilleros. Eso es algo muy peligroso en este pa\u00eds en donde hay grupos de exterminio que asesinan a pandilleros y a sus familias y allegados\u201d, coment\u00f3 Belloso.<\/p>\n<p>Sobre estos incidentes, Sanz de El Faro coment\u00f3 que \u201cestos ataques muy agresivos a opiniones disidentes\u201d est\u00e1n legitim\u00e1ndose desde el entorno cercano del presidente.<\/p>\n<p>La Asociaci\u00f3n de Periodistas de El Salvador (APES) mostr\u00f3 su apoyo a <a href=\"http:\/\/apes.org.sv\/alertas\/periodista-de-focos-tv-recibe-acoso-digital\/\" target=\"_blank\" rel=\"noopener noreferrer\">Fern\u00e1ndez<\/a> y <a href=\"https:\/\/www.elsalvador.com\/eldiariodehoy\/apes-condena-acoso-a-periodistas-por-sus-opiniones-en-twitter\/617815\/2019\/\" target=\"_blank\" rel=\"noopener noreferrer\">Belloso<\/a>, conden\u00f3 los ataques y exigi\u00f3 a las autoridades y a los usuarios digitales respetar la libertad de expresi\u00f3n.<\/p>\n<p>Cuando Bukele a\u00fan era candidato a la presidencia, en enero de 2019, la Revista Factum public\u00f3 un <a href=\"https:\/\/www.revistafactum.com\/contratos-campana-bukele\/?fbclid=IwAR3W9R3-s6HmSky1p1k01OCHGvt6bLyeqlyTc_3HS5MUdmgR2Cj2Vpo0fyw\" target=\"_blank\" rel=\"noopener noreferrer\">reportaje sobre una supuesta red de corrupci\u00f3n<\/a> en la alcald\u00eda de San Salvador cuando \u00e9l era alcalde.<\/p>\n<p>Unos meses despu\u00e9s, ya como presidente electo, Bukele se dirigi\u00f3 a los salvadore\u00f1os por primera vez v\u00eda <a href=\"https:\/\/www.youtube.com\/watch?v=g9SNkFxu0io&amp;feature=youtu.be\" target=\"_blank\" rel=\"noopener noreferrer\">Facebook Live<\/a>. En esa transmisi\u00f3n, el presidente atac\u00f3 a varios medios period\u00edsticos e intent\u00f3 desprestigiar a H\u00e9ctor Silva, director de Revista Factum, de haber participado en actos de corrupci\u00f3n con un gobierno anterior.<\/p>\n<p>Luego de esas declaraciones, Revista Factum <a href=\"https:\/\/twitter.com\/RevistaFactum\/status\/1124022877467099136?s=20\" target=\"_blank\" rel=\"noopener noreferrer\">desminti\u00f3<\/a> en su sitio web y en redes sociales las acusaciones de corrupci\u00f3n que Bukele formul\u00f3 en contra de la revista y de su director.<\/p>\n<p>La organizaci\u00f3n de derechos humanos Reporteros Sin Fronteras (RSF) conden\u00f3 las expresiones de Bukele contra la prensa, particularmente contra Revista Factum, cuyos periodistas cuentan con <a href=\"http:\/\/www.oas.org\/es\/cidh\/decisiones\/pdf\/2017\/43-17MC678-17-ES.pdf\" target=\"_blank\" rel=\"noopener noreferrer\">medidas cautelares<\/a> de la Comisi\u00f3n Interamericana de Derechos Humanos (CIDH) desde 2017. \u201cEl nuevo gobierno de El Salvador tiene la responsabilidad de garantizar la protecci\u00f3n de los periodistas, y <a href=\"https:\/\/rsf.org\/es\/noticias\/el-salvador-rsf-denuncia-reiterados-ataques-contra-periodistas-de-la-revista-factum\" target=\"_blank\" rel=\"noopener noreferrer\">no debe bajo ninguna circunstancia estigmatizar la profesi\u00f3n<\/a>\u201d, se\u00f1al\u00f3 Emmanuel Colombi\u00e9, responsable de la oficina de Am\u00e9rica Latina de RSF.<\/p>\n<p>\u201cLa libertad de expresi\u00f3n es un derecho fundamental y universal, <a href=\"https:\/\/www.youtube.com\/watch?v=g9SNkFxu0io&amp;feature=youtu.be\" target=\"_blank\" rel=\"noopener noreferrer\">no es solo para periodistas o plumas pagadas<\/a>, sino para todos, y esa palabra \u2018todos\u2019 incluye al Presidente de la Rep\u00fablica\u201d, dijo Bukele en esa transmisi\u00f3n.<\/p>\n<p>Sobre estas declaraciones, Fagoaga de Revista Factum dijo en una anterior entrevista del <strong>Centro Knight,<\/strong> en mayo de 2019, que los que siguen \u201cvan a ser cinco a\u00f1os bastante dif\u00edciles\u201d. \u201cLo diferente ahora es toda esta m\u00e1quina propagand\u00edstica, publicitaria, a trav\u00e9s de redes para desprestigiar, para atacarnos de una forma compulsiva que se est\u00e1 generando. Y tambi\u00e9n para que se quede en la poblaci\u00f3n esta idea de que todo lo que nosotros hacemos es para encontrarle \u2018el pelo en la sopa\u2019, como \u00e9l [Bukele] dice. Lo que intenta hacer es una censura velada y sus nuevos funcionarios est\u00e1n llevando la misma t\u00f3nica\u201d, subray\u00f3.<\/p>\n<p>Los periodistas entrevistados se\u00f1alaron las actuales dificultades para lograr una declaraci\u00f3n o entrevista con un funcionario del gobierno. Igualmente en el caso del acceso a la informaci\u00f3n p\u00fablica. A\u00fan contando con la Ley de Acceso a la Informaci\u00f3n P\u00fablica como herramienta, est\u00e1n experimentando tiempos de espera mucho m\u00e1s largos que antes para conseguir o acceder a la informaci\u00f3n.<\/p>\n<p>\u201cHay una monopolizaci\u00f3n de las comunicaciones de una forma nunca antes vista, al menos en lo que tengo yo de ser periodista que son ya bastantes a\u00f1os\u201d, dijo Fagoaga. Adem\u00e1s, se\u00f1al\u00f3 que en anteriores gobiernos, a pesar de procurar tambi\u00e9n tener un discurso \u00fanico, hab\u00eda bastante independencia en las instituciones.<\/p>\n<p>\u201cLos funcionarios no contestan luego de conferencias p\u00fablicas cuando los periodistas los abordan con preguntas de inter\u00e9s p\u00fablico\u201d, mencion\u00f3 Belloso. Y cuando solicitan informaci\u00f3n p\u00fablica a trav\u00e9s de la ley, les dicen que \u201cla informaci\u00f3n solicitada es inexistente o reservada, pero m\u00e1s frecuentemente dicen que es inexistente. En los procesos de solicitud ahora los plazos de respuesta son bien largos, y si quieres apelar hay otro plazo largo\u201d, sostuvo la periodista.<\/p>\n<p>Sanz explic\u00f3 que \u201clo que ocurre es que est\u00e1 habiendo tantos cambios en la estructura del Ejecutivo que los reacomodos est\u00e1n dificultando mucho el trabajo\u201d. \u201cAdem\u00e1s, hay un proceso claro de concentraci\u00f3n de las decisiones en torno de Casa Presidencial, cualquier solicitud de entrevista con un funcionario se remite ahora por norma a la secretaria de prensa de la presidencia, a una sola persona\u201d.<\/p>\n<p><em>El Centro Knight intent\u00f3 contactar a la presidencia y a Bukele a trav\u00e9s de la redes sociales, pero no obtuvo respuesta antes del cierre de esta nota.<\/em><\/p>\n","protected":false},"excerpt":{"rendered":"<p>Desde que Nayib Bukele asumi\u00f3 la Presidencia de El Salvador el 1 de junio de 2019, periodistas del pa\u00eds se\u00f1alan que las instituciones y funcionarios p\u00fablicos son fuentes cada vez menos accesibles<\/p>\n","protected":false},"author":4,"featured_media":1134,"comment_status":"closed","ping_status":"closed","sticky":false,"template":"","format":"standard","meta":{"inline_featured_image":false,"footnotes":""},"categories":[1227],"tags":[1478,1444],"coauthors":[],"class_list":["post-4108","post","type-post","status-publish","format-standard","has-post-thumbnail","hentry","category-acceso-a-la-informacion-es","tag-agresiones-contra-periodistas-es","tag-el-salvador-es"],"acf":[],"yoast_head":"<!-- This site is optimized with the Yoast SEO Premium plugin v22.6 (Yoast SEO v27.4) - https:\/\/yoast.com\/product\/yoast-seo-premium-wordpress\/ -->\n<title>Periodistas salvadore\u00f1os advierten sobre falta de acceso a fuentes oficiales y poca tolerancia a la cr\u00edtica del nuevo gobierno - LatAm Journalism Review<\/title>\n<meta name=\"description\" content=\"Periodistas salvadore\u00f1os advierten sobre falta de acceso a fuentes oficiales y poca tolerancia a la cr\u00edtica del nuevo gobierno Acceso a la Informaci\u00f3n. Latin American Journalism Review by The Knight Center at The University of Texas at Austin.\" \/>\n<meta name=\"robots\" content=\"index, follow, max-snippet:-1, max-image-preview:large, max-video-preview:-1\" \/>\n<link rel=\"canonical\" href=\"https:\/\/latamjournalismreview.org\/es\/articles\/periodistas-salvadorenos-advierten-sobre-falta-de-acceso-a-fuentes-oficiales-y-poca-tolerancia-a-la-critica-del-nuevo-gobierno\/\" \/>\n<meta property=\"og:locale\" content=\"es_ES\" \/>\n<meta property=\"og:type\" content=\"article\" \/>\n<meta property=\"og:title\" content=\"Periodistas salvadore\u00f1os advierten sobre falta de acceso a fuentes oficiales y poca tolerancia a la cr\u00edtica del nuevo gobierno\" \/>\n<meta property=\"og:description\" content=\"Periodistas salvadore\u00f1os advierten sobre falta de acceso a fuentes oficiales y poca tolerancia a la cr\u00edtica del nuevo gobierno Acceso a la Informaci\u00f3n. Latin American Journalism Review by The Knight Center at The University of Texas at Austin.\" \/>\n<meta property=\"og:url\" content=\"https:\/\/latamjournalismreview.org\/es\/articles\/periodistas-salvadorenos-advierten-sobre-falta-de-acceso-a-fuentes-oficiales-y-poca-tolerancia-a-la-critica-del-nuevo-gobierno\/\" \/>\n<meta property=\"og:site_name\" content=\"LatAm Journalism Review\" \/>\n<meta property=\"article:published_time\" content=\"2019-09-06T21:47:23+00:00\" \/>\n<meta property=\"article:modified_time\" content=\"2020-06-17T22:41:14+00:00\" \/>\n<meta property=\"og:image\" content=\"https:\/\/latamjournalismreview.org\/wp-content\/uploads\/2020\/05\/49807727931_0a8e6542d8_o-e1591134723636.jpg\" \/>\n\t<meta property=\"og:image:width\" content=\"507\" \/>\n\t<meta property=\"og:image:height\" content=\"338\" \/>\n\t<meta property=\"og:image:type\" content=\"image\/jpeg\" \/>\n<meta name=\"author\" content=\"Paola Nalvarte\" \/>\n<meta name=\"twitter:card\" content=\"summary_large_image\" \/>\n<meta name=\"twitter:creator\" content=\"@paolanalvarte\" \/>\n<meta name=\"twitter:site\" content=\"@LatAmJournalism\" \/>\n<meta name=\"twitter:label1\" content=\"Written by\" \/>\n\t<meta name=\"twitter:data1\" content=\"Paola Nalvarte\" \/>\n\t<meta name=\"twitter:label2\" content=\"Est. reading time\" \/>\n\t<meta name=\"twitter:data2\" content=\"8 minutos\" \/>\n<script type=\"application\/ld+json\" class=\"yoast-schema-graph\">{\"@context\":\"https:\\\/\\\/schema.org\",\"@graph\":[{\"@type\":\"Article\",\"@id\":\"https:\\\/\\\/latamjournalismreview.org\\\/es\\\/articles\\\/periodistas-salvadorenos-advierten-sobre-falta-de-acceso-a-fuentes-oficiales-y-poca-tolerancia-a-la-critica-del-nuevo-gobierno\\\/#article\",\"isPartOf\":{\"@id\":\"https:\\\/\\\/latamjournalismreview.org\\\/es\\\/articles\\\/periodistas-salvadorenos-advierten-sobre-falta-de-acceso-a-fuentes-oficiales-y-poca-tolerancia-a-la-critica-del-nuevo-gobierno\\\/\"},\"author\":{\"name\":\"Paola Nalvarte\",\"@id\":\"https:\\\/\\\/latamjournalismreview.org\\\/es\\\/#\\\/schema\\\/person\\\/d0b9fa850ef1b6f56bb445e52f29f63f\"},\"headline\":\"Periodistas salvadore\u00f1os advierten sobre falta de acceso a fuentes oficiales y poca tolerancia a la cr\u00edtica del nuevo gobierno\",\"datePublished\":\"2019-09-06T21:47:23+00:00\",\"dateModified\":\"2020-06-17T22:41:14+00:00\",\"mainEntityOfPage\":{\"@id\":\"https:\\\/\\\/latamjournalismreview.org\\\/es\\\/articles\\\/periodistas-salvadorenos-advierten-sobre-falta-de-acceso-a-fuentes-oficiales-y-poca-tolerancia-a-la-critica-del-nuevo-gobierno\\\/\"},\"wordCount\":1597,\"publisher\":{\"@id\":\"https:\\\/\\\/latamjournalismreview.org\\\/es\\\/#organization\"},\"image\":{\"@id\":\"https:\\\/\\\/latamjournalismreview.org\\\/es\\\/articles\\\/periodistas-salvadorenos-advierten-sobre-falta-de-acceso-a-fuentes-oficiales-y-poca-tolerancia-a-la-critica-del-nuevo-gobierno\\\/#primaryimage\"},\"thumbnailUrl\":\"https:\\\/\\\/latamjournalismreview.org\\\/wp-content\\\/uploads\\\/2020\\\/05\\\/49807727931_0a8e6542d8_o-e1591134723636.jpg\",\"keywords\":[\"Agresiones contra periodistas\",\"El Salvador\"],\"articleSection\":[\"Acceso a la Informaci\u00f3n\"],\"inLanguage\":\"es\"},{\"@type\":\"WebPage\",\"@id\":\"https:\\\/\\\/latamjournalismreview.org\\\/es\\\/articles\\\/periodistas-salvadorenos-advierten-sobre-falta-de-acceso-a-fuentes-oficiales-y-poca-tolerancia-a-la-critica-del-nuevo-gobierno\\\/\",\"url\":\"https:\\\/\\\/latamjournalismreview.org\\\/es\\\/articles\\\/periodistas-salvadorenos-advierten-sobre-falta-de-acceso-a-fuentes-oficiales-y-poca-tolerancia-a-la-critica-del-nuevo-gobierno\\\/\",\"name\":\"Periodistas salvadore\u00f1os advierten sobre falta de acceso a fuentes oficiales y poca tolerancia a la cr\u00edtica del nuevo gobierno - LatAm Journalism Review\",\"isPartOf\":{\"@id\":\"https:\\\/\\\/latamjournalismreview.org\\\/es\\\/#website\"},\"primaryImageOfPage\":{\"@id\":\"https:\\\/\\\/latamjournalismreview.org\\\/es\\\/articles\\\/periodistas-salvadorenos-advierten-sobre-falta-de-acceso-a-fuentes-oficiales-y-poca-tolerancia-a-la-critica-del-nuevo-gobierno\\\/#primaryimage\"},\"image\":{\"@id\":\"https:\\\/\\\/latamjournalismreview.org\\\/es\\\/articles\\\/periodistas-salvadorenos-advierten-sobre-falta-de-acceso-a-fuentes-oficiales-y-poca-tolerancia-a-la-critica-del-nuevo-gobierno\\\/#primaryimage\"},\"thumbnailUrl\":\"https:\\\/\\\/latamjournalismreview.org\\\/wp-content\\\/uploads\\\/2020\\\/05\\\/49807727931_0a8e6542d8_o-e1591134723636.jpg\",\"datePublished\":\"2019-09-06T21:47:23+00:00\",\"dateModified\":\"2020-06-17T22:41:14+00:00\",\"description\":\"Periodistas salvadore\u00f1os advierten sobre falta de acceso a fuentes oficiales y poca tolerancia a la cr\u00edtica del nuevo gobierno Acceso a la Informaci\u00f3n. Latin American Journalism Review by The Knight Center at The University of Texas at Austin.\",\"breadcrumb\":{\"@id\":\"https:\\\/\\\/latamjournalismreview.org\\\/es\\\/articles\\\/periodistas-salvadorenos-advierten-sobre-falta-de-acceso-a-fuentes-oficiales-y-poca-tolerancia-a-la-critica-del-nuevo-gobierno\\\/#breadcrumb\"},\"inLanguage\":\"es\",\"potentialAction\":[{\"@type\":\"ReadAction\",\"target\":[\"https:\\\/\\\/latamjournalismreview.org\\\/es\\\/articles\\\/periodistas-salvadorenos-advierten-sobre-falta-de-acceso-a-fuentes-oficiales-y-poca-tolerancia-a-la-critica-del-nuevo-gobierno\\\/\"]}]},{\"@type\":\"ImageObject\",\"inLanguage\":\"es\",\"@id\":\"https:\\\/\\\/latamjournalismreview.org\\\/es\\\/articles\\\/periodistas-salvadorenos-advierten-sobre-falta-de-acceso-a-fuentes-oficiales-y-poca-tolerancia-a-la-critica-del-nuevo-gobierno\\\/#primaryimage\",\"url\":\"https:\\\/\\\/latamjournalismreview.org\\\/wp-content\\\/uploads\\\/2020\\\/05\\\/49807727931_0a8e6542d8_o-e1591134723636.jpg\",\"contentUrl\":\"https:\\\/\\\/latamjournalismreview.org\\\/wp-content\\\/uploads\\\/2020\\\/05\\\/49807727931_0a8e6542d8_o-e1591134723636.jpg\",\"width\":507,\"height\":338,\"caption\":\"Presidente de El Salvador, Nayib Bukele. Foto: Carlos Barrera\\\/El Faro. (Cortes\u00eda.)\"},{\"@type\":\"BreadcrumbList\",\"@id\":\"https:\\\/\\\/latamjournalismreview.org\\\/es\\\/articles\\\/periodistas-salvadorenos-advierten-sobre-falta-de-acceso-a-fuentes-oficiales-y-poca-tolerancia-a-la-critica-del-nuevo-gobierno\\\/#breadcrumb\",\"itemListElement\":[{\"@type\":\"ListItem\",\"position\":1,\"name\":\"Home\",\"item\":\"https:\\\/\\\/latamjournalismreview.org\\\/es\\\/\"},{\"@type\":\"ListItem\",\"position\":2,\"name\":\"Periodistas salvadore\u00f1os advierten sobre falta de acceso a fuentes oficiales y poca tolerancia a la cr\u00edtica del nuevo gobierno\"}]},{\"@type\":\"WebSite\",\"@id\":\"https:\\\/\\\/latamjournalismreview.org\\\/es\\\/#website\",\"url\":\"https:\\\/\\\/latamjournalismreview.org\\\/es\\\/\",\"name\":\"LatAm Journalism Review\",\"description\":\"Knight Center at The University of Texas\",\"publisher\":{\"@id\":\"https:\\\/\\\/latamjournalismreview.org\\\/es\\\/#organization\"},\"potentialAction\":[{\"@type\":\"SearchAction\",\"target\":{\"@type\":\"EntryPoint\",\"urlTemplate\":\"https:\\\/\\\/latamjournalismreview.org\\\/es\\\/?s={search_term_string}\"},\"query-input\":{\"@type\":\"PropertyValueSpecification\",\"valueRequired\":true,\"valueName\":\"search_term_string\"}}],\"inLanguage\":\"es\"},{\"@type\":\"Organization\",\"@id\":\"https:\\\/\\\/latamjournalismreview.org\\\/es\\\/#organization\",\"name\":\"LatAm Journalism Review\",\"url\":\"https:\\\/\\\/latamjournalismreview.org\\\/es\\\/\",\"logo\":{\"@type\":\"ImageObject\",\"inLanguage\":\"es\",\"@id\":\"https:\\\/\\\/latamjournalismreview.org\\\/es\\\/#\\\/schema\\\/logo\\\/image\\\/\",\"url\":\"https:\\\/\\\/latamjournalismreview.org\\\/wp-content\\\/uploads\\\/2020\\\/05\\\/knight-latAm-review-logo.svg\",\"contentUrl\":\"https:\\\/\\\/latamjournalismreview.org\\\/wp-content\\\/uploads\\\/2020\\\/05\\\/knight-latAm-review-logo.svg\",\"width\":\"1024\",\"height\":\"1024\",\"caption\":\"LatAm Journalism Review\"},\"image\":{\"@id\":\"https:\\\/\\\/latamjournalismreview.org\\\/es\\\/#\\\/schema\\\/logo\\\/image\\\/\"},\"sameAs\":[\"https:\\\/\\\/x.com\\\/LatAmJournalism\"]},{\"@type\":\"Person\",\"@id\":\"https:\\\/\\\/latamjournalismreview.org\\\/es\\\/#\\\/schema\\\/person\\\/d0b9fa850ef1b6f56bb445e52f29f63f\",\"name\":\"Paola Nalvarte\",\"description\":\"Paola Nalvarte is a Peruvian journalist and documentary photographer living in Austin, Texas. She focuses on covering and writing about the Andes region. In Peru, Paola worked in the Lima office of the Italian news agency ANSA, on the economic news desk of the daily Expreso, and for ten years she has been working on different editorial projects doing picture editing and research for one of the oldest Spanish-language papers in the world, the Peruvian newspaper El Comercio. She also enjoyed writing for the newspaper weekly magazine Somos. Paola Nalvarte es una periodista y fot\u00f3grafa documental peruana que vive en Austin, Texas. El foco de inter\u00e9s de su cobertura noticiosa es la regi\u00f3n andina. En Per\u00fa, Paola trabaj\u00f3 en la oficina de Lima de la agencia italiana de noticias ANSA, en la secci\u00f3n de econom\u00eda del diario Expreso y por diez a\u00f1os hizo investigaci\u00f3n fotogr\u00e1fica y edici\u00f3n de fotograf\u00eda editorial en el diario decano de la prensa peruana, El Comercio. Tambi\u00e9n escribi\u00f3 para Somos, la revista semanal del mismo diario\u200b, art\u00edculos sobre medio ambiente y cultura. Paola Nalvarte \u00e9 uma jornalista peruana e fot\u00f3grafa documentarista que vive em Austin, Texas. O foco de interesse da sua cobertura jornal\u00edstica \u00e9 a regi\u00e3o andina. No Peru, Paola trabalhou no escrit\u00f3rio de Lima da ag\u00eancia de not\u00edcias italiana ANSA, na se\u00e7\u00e3o de economia do jornal Expreso e, por dez anos, fez pesquisa fotogr\u00e1fica e edi\u00e7\u00e3o de fotografia editorial para um dos jornais em espanhol mais antigos do mundo, o jornal peruano El Comercio. Ela tamb\u00e9m escreveu artigos de meio ambiente e cultura para a Somos, a revista semanal do mesmo jornal.\",\"sameAs\":[\"https:\\\/\\\/x.com\\\/paolanalvarte\"],\"url\":\"https:\\\/\\\/latamjournalismreview.org\\\/es\\\/articles\\\/author\\\/paola-nalvarte\\\/\"}]}<\/script>\n<!-- \/ Yoast SEO Premium plugin. -->","yoast_head_json":{"title":"Periodistas salvadore\u00f1os advierten sobre falta de acceso a fuentes oficiales y poca tolerancia a la cr\u00edtica del nuevo gobierno - LatAm Journalism Review","description":"Periodistas salvadore\u00f1os advierten sobre falta de acceso a fuentes oficiales y poca tolerancia a la cr\u00edtica del nuevo gobierno Acceso a la Informaci\u00f3n. Latin American Journalism Review by The Knight Center at The University of Texas at Austin.","robots":{"index":"index","follow":"follow","max-snippet":"max-snippet:-1","max-image-preview":"max-image-preview:large","max-video-preview":"max-video-preview:-1"},"canonical":"https:\/\/latamjournalismreview.org\/es\/articles\/periodistas-salvadorenos-advierten-sobre-falta-de-acceso-a-fuentes-oficiales-y-poca-tolerancia-a-la-critica-del-nuevo-gobierno\/","og_locale":"es_ES","og_type":"article","og_title":"Periodistas salvadore\u00f1os advierten sobre falta de acceso a fuentes oficiales y poca tolerancia a la cr\u00edtica del nuevo gobierno","og_description":"Periodistas salvadore\u00f1os advierten sobre falta de acceso a fuentes oficiales y poca tolerancia a la cr\u00edtica del nuevo gobierno Acceso a la Informaci\u00f3n. Latin American Journalism Review by The Knight Center at The University of Texas at Austin.","og_url":"https:\/\/latamjournalismreview.org\/es\/articles\/periodistas-salvadorenos-advierten-sobre-falta-de-acceso-a-fuentes-oficiales-y-poca-tolerancia-a-la-critica-del-nuevo-gobierno\/","og_site_name":"LatAm Journalism Review","article_published_time":"2019-09-06T21:47:23+00:00","article_modified_time":"2020-06-17T22:41:14+00:00","og_image":[{"width":507,"height":338,"url":"https:\/\/latamjournalismreview.org\/wp-content\/uploads\/2020\/05\/49807727931_0a8e6542d8_o-e1591134723636.jpg","type":"image\/jpeg"}],"author":"Paola Nalvarte","twitter_card":"summary_large_image","twitter_creator":"@paolanalvarte","twitter_site":"@LatAmJournalism","twitter_misc":{"Written by":"Paola Nalvarte","Est. reading time":"8 minutos"},"schema":{"@context":"https:\/\/schema.org","@graph":[{"@type":"Article","@id":"https:\/\/latamjournalismreview.org\/es\/articles\/periodistas-salvadorenos-advierten-sobre-falta-de-acceso-a-fuentes-oficiales-y-poca-tolerancia-a-la-critica-del-nuevo-gobierno\/#article","isPartOf":{"@id":"https:\/\/latamjournalismreview.org\/es\/articles\/periodistas-salvadorenos-advierten-sobre-falta-de-acceso-a-fuentes-oficiales-y-poca-tolerancia-a-la-critica-del-nuevo-gobierno\/"},"author":{"name":"Paola Nalvarte","@id":"https:\/\/latamjournalismreview.org\/es\/#\/schema\/person\/d0b9fa850ef1b6f56bb445e52f29f63f"},"headline":"Periodistas salvadore\u00f1os advierten sobre falta de acceso a fuentes oficiales y poca tolerancia a la cr\u00edtica del nuevo gobierno","datePublished":"2019-09-06T21:47:23+00:00","dateModified":"2020-06-17T22:41:14+00:00","mainEntityOfPage":{"@id":"https:\/\/latamjournalismreview.org\/es\/articles\/periodistas-salvadorenos-advierten-sobre-falta-de-acceso-a-fuentes-oficiales-y-poca-tolerancia-a-la-critica-del-nuevo-gobierno\/"},"wordCount":1597,"publisher":{"@id":"https:\/\/latamjournalismreview.org\/es\/#organization"},"image":{"@id":"https:\/\/latamjournalismreview.org\/es\/articles\/periodistas-salvadorenos-advierten-sobre-falta-de-acceso-a-fuentes-oficiales-y-poca-tolerancia-a-la-critica-del-nuevo-gobierno\/#primaryimage"},"thumbnailUrl":"https:\/\/latamjournalismreview.org\/wp-content\/uploads\/2020\/05\/49807727931_0a8e6542d8_o-e1591134723636.jpg","keywords":["Agresiones contra periodistas","El Salvador"],"articleSection":["Acceso a la Informaci\u00f3n"],"inLanguage":"es"},{"@type":"WebPage","@id":"https:\/\/latamjournalismreview.org\/es\/articles\/periodistas-salvadorenos-advierten-sobre-falta-de-acceso-a-fuentes-oficiales-y-poca-tolerancia-a-la-critica-del-nuevo-gobierno\/","url":"https:\/\/latamjournalismreview.org\/es\/articles\/periodistas-salvadorenos-advierten-sobre-falta-de-acceso-a-fuentes-oficiales-y-poca-tolerancia-a-la-critica-del-nuevo-gobierno\/","name":"Periodistas salvadore\u00f1os advierten sobre falta de acceso a fuentes oficiales y poca tolerancia a la cr\u00edtica del nuevo gobierno - LatAm Journalism Review","isPartOf":{"@id":"https:\/\/latamjournalismreview.org\/es\/#website"},"primaryImageOfPage":{"@id":"https:\/\/latamjournalismreview.org\/es\/articles\/periodistas-salvadorenos-advierten-sobre-falta-de-acceso-a-fuentes-oficiales-y-poca-tolerancia-a-la-critica-del-nuevo-gobierno\/#primaryimage"},"image":{"@id":"https:\/\/latamjournalismreview.org\/es\/articles\/periodistas-salvadorenos-advierten-sobre-falta-de-acceso-a-fuentes-oficiales-y-poca-tolerancia-a-la-critica-del-nuevo-gobierno\/#primaryimage"},"thumbnailUrl":"https:\/\/latamjournalismreview.org\/wp-content\/uploads\/2020\/05\/49807727931_0a8e6542d8_o-e1591134723636.jpg","datePublished":"2019-09-06T21:47:23+00:00","dateModified":"2020-06-17T22:41:14+00:00","description":"Periodistas salvadore\u00f1os advierten sobre falta de acceso a fuentes oficiales y poca tolerancia a la cr\u00edtica del nuevo gobierno Acceso a la Informaci\u00f3n. Latin American Journalism Review by The Knight Center at The University of Texas at Austin.","breadcrumb":{"@id":"https:\/\/latamjournalismreview.org\/es\/articles\/periodistas-salvadorenos-advierten-sobre-falta-de-acceso-a-fuentes-oficiales-y-poca-tolerancia-a-la-critica-del-nuevo-gobierno\/#breadcrumb"},"inLanguage":"es","potentialAction":[{"@type":"ReadAction","target":["https:\/\/latamjournalismreview.org\/es\/articles\/periodistas-salvadorenos-advierten-sobre-falta-de-acceso-a-fuentes-oficiales-y-poca-tolerancia-a-la-critica-del-nuevo-gobierno\/"]}]},{"@type":"ImageObject","inLanguage":"es","@id":"https:\/\/latamjournalismreview.org\/es\/articles\/periodistas-salvadorenos-advierten-sobre-falta-de-acceso-a-fuentes-oficiales-y-poca-tolerancia-a-la-critica-del-nuevo-gobierno\/#primaryimage","url":"https:\/\/latamjournalismreview.org\/wp-content\/uploads\/2020\/05\/49807727931_0a8e6542d8_o-e1591134723636.jpg","contentUrl":"https:\/\/latamjournalismreview.org\/wp-content\/uploads\/2020\/05\/49807727931_0a8e6542d8_o-e1591134723636.jpg","width":507,"height":338,"caption":"Presidente de El Salvador, Nayib Bukele. Foto: Carlos Barrera\/El Faro. (Cortes\u00eda.)"},{"@type":"BreadcrumbList","@id":"https:\/\/latamjournalismreview.org\/es\/articles\/periodistas-salvadorenos-advierten-sobre-falta-de-acceso-a-fuentes-oficiales-y-poca-tolerancia-a-la-critica-del-nuevo-gobierno\/#breadcrumb","itemListElement":[{"@type":"ListItem","position":1,"name":"Home","item":"https:\/\/latamjournalismreview.org\/es\/"},{"@type":"ListItem","position":2,"name":"Periodistas salvadore\u00f1os advierten sobre falta de acceso a fuentes oficiales y poca tolerancia a la cr\u00edtica del nuevo gobierno"}]},{"@type":"WebSite","@id":"https:\/\/latamjournalismreview.org\/es\/#website","url":"https:\/\/latamjournalismreview.org\/es\/","name":"LatAm Journalism Review","description":"Knight Center at The University of Texas","publisher":{"@id":"https:\/\/latamjournalismreview.org\/es\/#organization"},"potentialAction":[{"@type":"SearchAction","target":{"@type":"EntryPoint","urlTemplate":"https:\/\/latamjournalismreview.org\/es\/?s={search_term_string}"},"query-input":{"@type":"PropertyValueSpecification","valueRequired":true,"valueName":"search_term_string"}}],"inLanguage":"es"},{"@type":"Organization","@id":"https:\/\/latamjournalismreview.org\/es\/#organization","name":"LatAm Journalism Review","url":"https:\/\/latamjournalismreview.org\/es\/","logo":{"@type":"ImageObject","inLanguage":"es","@id":"https:\/\/latamjournalismreview.org\/es\/#\/schema\/logo\/image\/","url":"https:\/\/latamjournalismreview.org\/wp-content\/uploads\/2020\/05\/knight-latAm-review-logo.svg","contentUrl":"https:\/\/latamjournalismreview.org\/wp-content\/uploads\/2020\/05\/knight-latAm-review-logo.svg","width":"1024","height":"1024","caption":"LatAm Journalism Review"},"image":{"@id":"https:\/\/latamjournalismreview.org\/es\/#\/schema\/logo\/image\/"},"sameAs":["https:\/\/x.com\/LatAmJournalism"]},{"@type":"Person","@id":"https:\/\/latamjournalismreview.org\/es\/#\/schema\/person\/d0b9fa850ef1b6f56bb445e52f29f63f","name":"Paola Nalvarte","description":"Paola Nalvarte is a Peruvian journalist and documentary photographer living in Austin, Texas. She focuses on covering and writing about the Andes region. In Peru, Paola worked in the Lima office of the Italian news agency ANSA, on the economic news desk of the daily Expreso, and for ten years she has been working on different editorial projects doing picture editing and research for one of the oldest Spanish-language papers in the world, the Peruvian newspaper El Comercio. She also enjoyed writing for the newspaper weekly magazine Somos. Paola Nalvarte es una periodista y fot\u00f3grafa documental peruana que vive en Austin, Texas. El foco de inter\u00e9s de su cobertura noticiosa es la regi\u00f3n andina. En Per\u00fa, Paola trabaj\u00f3 en la oficina de Lima de la agencia italiana de noticias ANSA, en la secci\u00f3n de econom\u00eda del diario Expreso y por diez a\u00f1os hizo investigaci\u00f3n fotogr\u00e1fica y edici\u00f3n de fotograf\u00eda editorial en el diario decano de la prensa peruana, El Comercio. Tambi\u00e9n escribi\u00f3 para Somos, la revista semanal del mismo diario\u200b, art\u00edculos sobre medio ambiente y cultura. Paola Nalvarte \u00e9 uma jornalista peruana e fot\u00f3grafa documentarista que vive em Austin, Texas. O foco de interesse da sua cobertura jornal\u00edstica \u00e9 a regi\u00e3o andina. No Peru, Paola trabalhou no escrit\u00f3rio de Lima da ag\u00eancia de not\u00edcias italiana ANSA, na se\u00e7\u00e3o de economia do jornal Expreso e, por dez anos, fez pesquisa fotogr\u00e1fica e edi\u00e7\u00e3o de fotografia editorial para um dos jornais em espanhol mais antigos do mundo, o jornal peruano El Comercio. Ela tamb\u00e9m escreveu artigos de meio ambiente e cultura para a Somos, a revista semanal do mesmo jornal.","sameAs":["https:\/\/x.com\/paolanalvarte"],"url":"https:\/\/latamjournalismreview.org\/es\/articles\/author\/paola-nalvarte\/"}]}},"_links":{"self":[{"href":"https:\/\/latamjournalismreview.org\/es\/wp-json\/wp\/v2\/posts\/4108","targetHints":{"allow":["GET"]}}],"collection":[{"href":"https:\/\/latamjournalismreview.org\/es\/wp-json\/wp\/v2\/posts"}],"about":[{"href":"https:\/\/latamjournalismreview.org\/es\/wp-json\/wp\/v2\/types\/post"}],"author":[{"embeddable":true,"href":"https:\/\/latamjournalismreview.org\/es\/wp-json\/wp\/v2\/users\/4"}],"replies":[{"embeddable":true,"href":"https:\/\/latamjournalismreview.org\/es\/wp-json\/wp\/v2\/comments?post=4108"}],"version-history":[{"count":2,"href":"https:\/\/latamjournalismreview.org\/es\/wp-json\/wp\/v2\/posts\/4108\/revisions"}],"predecessor-version":[{"id":7343,"href":"https:\/\/latamjournalismreview.org\/es\/wp-json\/wp\/v2\/posts\/4108\/revisions\/7343"}],"wp:featuredmedia":[{"embeddable":true,"href":"https:\/\/latamjournalismreview.org\/es\/wp-json\/wp\/v2\/media\/1134"}],"wp:attachment":[{"href":"https:\/\/latamjournalismreview.org\/es\/wp-json\/wp\/v2\/media?parent=4108"}],"wp:term":[{"taxonomy":"category","embeddable":true,"href":"https:\/\/latamjournalismreview.org\/es\/wp-json\/wp\/v2\/categories?post=4108"},{"taxonomy":"post_tag","embeddable":true,"href":"https:\/\/latamjournalismreview.org\/es\/wp-json\/wp\/v2\/tags?post=4108"},{"taxonomy":"author","embeddable":true,"href":"https:\/\/latamjournalismreview.org\/es\/wp-json\/wp\/v2\/coauthors?post=4108"}],"curies":[{"name":"wp","href":"https:\/\/api.w.org\/{rel}","templated":true}]}}