{"id":41140,"date":"2015-08-25T14:21:42","date_gmt":"2015-08-25T19:21:42","guid":{"rendered":"https:\/\/latamjournalismreview.org\/?p=41140"},"modified":"2021-11-10T14:23:00","modified_gmt":"2021-11-10T19:23:00","slug":"hombre-es-sentenciado-a-casi-30-anos-de-carcel-por-los-asesinatos-de-dos-periodistas-brasilenos-ocurridos-en-2013","status":"publish","type":"post","link":"https:\/\/latamjournalismreview.org\/es\/articles\/hombre-es-sentenciado-a-casi-30-anos-de-carcel-por-los-asesinatos-de-dos-periodistas-brasilenos-ocurridos-en-2013\/","title":{"rendered":"Hombre es sentenciado a casi 30 a\u00f1os de c\u00e1rcel por los asesinatos de dos periodistas brasile\u00f1os ocurridos en 2013"},"content":{"rendered":"<p>Los tribunales brasile\u00f1os condenaron a un hombre a casi 30 a\u00f1os de prisi\u00f3n por los asesinatos de dos periodistas ocurridos en 2013\u00a0en el estado de Minas\u00a0Gerais. No obstante la sentencia, organizaciones defensoras de la prensa instaron a las autoridades a buscar a los autores intelectuales de los cr\u00edmenes.<\/p>\n<p>El 19 de agosto, Alessandro Neves Augusto fue condenado a 14 a\u00f1os y tres meses de prisi\u00f3n por el asesinato de Walgney Assis Carvalho ocurrido el 14 de abril de 2013. Apenas\u00a0<a href=\"https:\/\/knightcenter.utexas.edu\/es\/blog\/00-16150-brasileno-es-condenado-12-anos-de-prision-por-asesinato-de-periodista-en-2013\" target=\"_blank\" rel=\"noopener\">dos meses atr\u00e1s<\/a>, Augusto recibi\u00f3 una condena de 12 a\u00f1os de prisi\u00f3n por el asesinato de un colega de Carvalho, Rodrigo Neto.<\/p>\n<p>Los fiscales dijeron que Carvalho fue asesinado porque Augusto, quien se hab\u00eda hecho pasar falsamente como oficial de polic\u00eda y ten\u00eda acceso a las estaciones de polic\u00eda en la regi\u00f3n, tem\u00eda que el periodista revelara qui\u00e9n hab\u00eda matado a Neto,\u00a0<a href=\"http:\/\/g1.globo.com\/mg\/vales-mg\/noticia\/2015\/08\/acusado-de-matar-fotografo-em-fabriciano-e-condenado-14-anos.html\" target=\"_blank\" rel=\"noopener\">seg\u00fan G1<\/a>. Las autoridades dijeron que Carvalho hab\u00eda dicho a varias personas que conoc\u00eda qui\u00e9n estaba detr\u00e1s del crimen.<\/p>\n<p>Dos\u00a0<a href=\"https:\/\/knightcenter.utexas.edu\/es\/blog\/00-13204-periodista-brasileno-es-asesinado-tiros-conviertiendose-en-el-tercer-comunicador-del-p\" target=\"_blank\" rel=\"noopener\">hombres en una motocicleta le dispararon a Neto<\/a>, locutor de radio para Radio Vanguarda y reportero de\u00a0<em>Vale do A\u00e7o<\/em>, en Ipatinga, Minas Gerais, el 8 de marzo de 2013. Carvalho, reportero gr\u00e1fico, que tambi\u00e9n trabaj\u00f3 para\u00a0<em>Vale do A\u00e7o<\/em>,\u00a0<a href=\"https:\/\/knightcenter.utexas.edu\/es\/blog\/00-13536-fotografo-que-trabajaba-cubriendo-asuntos-policiales-es-asesinado-tiros-en-brasil-este\" target=\"_blank\" rel=\"noopener\">fue baleado fatalmente<\/a>\u00a0un mes despu\u00e9s en Coronel Fabriciano, Minas Gerais.<\/p>\n<p>La sentencia en contra de Augusto es una de las siete que se han dado respecto de asesinatos de periodistas en Brasil en los \u00faltimos dos a\u00f1os, seg\u00fan el Comit\u00e9 para la Protecci\u00f3n de los Periodistas (CPJ por sus siglas en ingl\u00e9s). En general, Brasil ocupa el puesto once en el\u00a0<a href=\"https:\/\/cpj.org\/es\/2014\/04\/eludir-los-asesinatos-3.php\" target=\"_blank\" rel=\"noopener\">\u00cdndice Global de Impunidad Global del CPJ<\/a>.<\/p>\n<p>\u201cSi bien este es un signo alentador, en este caso la cadena de responsabilidad finaliz\u00f3 con el autor material. Instamos a las autoridades brasile\u00f1as a identificar y procesar al autor intelectual con el prop\u00f3sito de poner fin al ciclo de violencia mortal contra la prensa local\u201d,\u00a0<a href=\"https:\/\/cpj.org\/2015\/08\/cpj-welcomes-conviction-in-2013-murder-of-brazilia.php\" target=\"_blank\" rel=\"noopener\">afirm\u00f3 Carlos Laur\u00eda<\/a>, coordinador senior del programa de\u00a0las Am\u00e9ricas del CPJ.<\/p>\n<p>Desde 2011, al menos 16 periodistas han sido asesinados en Brasil por causas relacionadas con su trabajo,\u00a0<a href=\"https:\/\/cpj.org\/2015\/08\/cpj-welcomes-conviction-in-2013-murder-of-brazilia.php\" target=\"_blank\" rel=\"noopener\">seg\u00fan el CPJ<\/a>.<\/p>\n<p><em>Nota del editor: Esta historia fue publicada originalmente en el blog Periodismo en las Am\u00e9ricas del Centro Knight, el predecesor de LatAm Journalism Review.<\/em><\/p>\n","protected":false},"excerpt":{"rendered":"<p>Los tribunales brasile\u00f1os condenaron a un hombre a casi 30 a\u00f1os de prisi\u00f3n por los asesinatos de dos periodistas ocurridos en 2013\u00a0en el estado de Minas\u00a0Gerais. No obstante la sentencia, organizaciones defensoras de la prensa instaron a las autoridades a buscar a los autores intelectuales de los cr\u00edmenes.<\/p>\n","protected":false},"author":3,"featured_media":0,"comment_status":"closed","ping_status":"closed","sticky":false,"template":"","format":"standard","meta":{"inline_featured_image":false,"footnotes":""},"categories":[1222],"tags":[1479,1440],"coauthors":[],"class_list":["post-41140","post","type-post","status-publish","format-standard","hentry","category-violencia-contra-periodistas-es","tag-asesinato-de-periodistas-es","tag-detenciones-es"],"acf":[],"yoast_head":"<!-- This site is optimized with the Yoast SEO Premium plugin v22.6 (Yoast SEO v27.4) - https:\/\/yoast.com\/product\/yoast-seo-premium-wordpress\/ -->\n<title>Hombre es sentenciado a casi 30 a\u00f1os de c\u00e1rcel por los asesinatos de dos periodistas brasile\u00f1os ocurridos en 2013 - LatAm Journalism Review<\/title>\n<meta name=\"description\" content=\"Hombre es sentenciado a casi 30 a\u00f1os de c\u00e1rcel por los asesinatos de dos periodistas brasile\u00f1os ocurridos en 2013 Violencia contra periodistas. Latin American Journalism Review by The Knight Center at The University of Texas at Austin.\" \/>\n<meta name=\"robots\" content=\"index, follow, max-snippet:-1, max-image-preview:large, max-video-preview:-1\" \/>\n<link rel=\"canonical\" href=\"https:\/\/latamjournalismreview.org\/es\/articles\/hombre-es-sentenciado-a-casi-30-anos-de-carcel-por-los-asesinatos-de-dos-periodistas-brasilenos-ocurridos-en-2013\/\" \/>\n<meta property=\"og:locale\" content=\"es_ES\" \/>\n<meta property=\"og:type\" content=\"article\" \/>\n<meta property=\"og:title\" content=\"Hombre es sentenciado a casi 30 a\u00f1os de c\u00e1rcel por los asesinatos de dos periodistas brasile\u00f1os ocurridos en 2013\" \/>\n<meta property=\"og:description\" content=\"Hombre es sentenciado a casi 30 a\u00f1os de c\u00e1rcel por los asesinatos de dos periodistas brasile\u00f1os ocurridos en 2013 Violencia contra periodistas. Latin American Journalism Review by The Knight Center at The University of Texas at Austin.\" \/>\n<meta property=\"og:url\" content=\"https:\/\/latamjournalismreview.org\/es\/articles\/hombre-es-sentenciado-a-casi-30-anos-de-carcel-por-los-asesinatos-de-dos-periodistas-brasilenos-ocurridos-en-2013\/\" \/>\n<meta property=\"og:site_name\" content=\"LatAm Journalism Review\" \/>\n<meta property=\"article:published_time\" content=\"2015-08-25T19:21:42+00:00\" \/>\n<meta property=\"article:modified_time\" content=\"2021-11-10T19:23:00+00:00\" \/>\n<meta name=\"author\" content=\"Teresa Mioli\" \/>\n<meta name=\"twitter:card\" content=\"summary_large_image\" \/>\n<meta name=\"twitter:creator\" content=\"@TeresaMioli\" \/>\n<meta name=\"twitter:site\" content=\"@LatAmJournalism\" \/>\n<meta name=\"twitter:label1\" content=\"Written by\" \/>\n\t<meta name=\"twitter:data1\" content=\"Teresa Mioli\" \/>\n\t<meta name=\"twitter:label2\" content=\"Est. reading time\" \/>\n\t<meta name=\"twitter:data2\" content=\"2 minutos\" \/>\n<script type=\"application\/ld+json\" class=\"yoast-schema-graph\">{\"@context\":\"https:\\\/\\\/schema.org\",\"@graph\":[{\"@type\":\"Article\",\"@id\":\"https:\\\/\\\/latamjournalismreview.org\\\/es\\\/articles\\\/hombre-es-sentenciado-a-casi-30-anos-de-carcel-por-los-asesinatos-de-dos-periodistas-brasilenos-ocurridos-en-2013\\\/#article\",\"isPartOf\":{\"@id\":\"https:\\\/\\\/latamjournalismreview.org\\\/es\\\/articles\\\/hombre-es-sentenciado-a-casi-30-anos-de-carcel-por-los-asesinatos-de-dos-periodistas-brasilenos-ocurridos-en-2013\\\/\"},\"author\":{\"name\":\"Teresa Mioli\",\"@id\":\"https:\\\/\\\/latamjournalismreview.org\\\/es\\\/#\\\/schema\\\/person\\\/b83a4912f05c8178389e917d8d51de03\"},\"headline\":\"Hombre es sentenciado a casi 30 a\u00f1os de c\u00e1rcel por los asesinatos de dos periodistas brasile\u00f1os ocurridos en 2013\",\"datePublished\":\"2015-08-25T19:21:42+00:00\",\"dateModified\":\"2021-11-10T19:23:00+00:00\",\"mainEntityOfPage\":{\"@id\":\"https:\\\/\\\/latamjournalismreview.org\\\/es\\\/articles\\\/hombre-es-sentenciado-a-casi-30-anos-de-carcel-por-los-asesinatos-de-dos-periodistas-brasilenos-ocurridos-en-2013\\\/\"},\"wordCount\":421,\"publisher\":{\"@id\":\"https:\\\/\\\/latamjournalismreview.org\\\/es\\\/#organization\"},\"keywords\":[\"Asesinato de periodista\",\"Detenciones\"],\"articleSection\":[\"Violencia contra periodistas\"],\"inLanguage\":\"es\"},{\"@type\":\"WebPage\",\"@id\":\"https:\\\/\\\/latamjournalismreview.org\\\/es\\\/articles\\\/hombre-es-sentenciado-a-casi-30-anos-de-carcel-por-los-asesinatos-de-dos-periodistas-brasilenos-ocurridos-en-2013\\\/\",\"url\":\"https:\\\/\\\/latamjournalismreview.org\\\/es\\\/articles\\\/hombre-es-sentenciado-a-casi-30-anos-de-carcel-por-los-asesinatos-de-dos-periodistas-brasilenos-ocurridos-en-2013\\\/\",\"name\":\"Hombre es sentenciado a casi 30 a\u00f1os de c\u00e1rcel por los asesinatos de dos periodistas brasile\u00f1os ocurridos en 2013 - LatAm Journalism Review\",\"isPartOf\":{\"@id\":\"https:\\\/\\\/latamjournalismreview.org\\\/es\\\/#website\"},\"datePublished\":\"2015-08-25T19:21:42+00:00\",\"dateModified\":\"2021-11-10T19:23:00+00:00\",\"description\":\"Hombre es sentenciado a casi 30 a\u00f1os de c\u00e1rcel por los asesinatos de dos periodistas brasile\u00f1os ocurridos en 2013 Violencia contra periodistas. Latin American Journalism Review by The Knight Center at The University of Texas at Austin.\",\"breadcrumb\":{\"@id\":\"https:\\\/\\\/latamjournalismreview.org\\\/es\\\/articles\\\/hombre-es-sentenciado-a-casi-30-anos-de-carcel-por-los-asesinatos-de-dos-periodistas-brasilenos-ocurridos-en-2013\\\/#breadcrumb\"},\"inLanguage\":\"es\",\"potentialAction\":[{\"@type\":\"ReadAction\",\"target\":[\"https:\\\/\\\/latamjournalismreview.org\\\/es\\\/articles\\\/hombre-es-sentenciado-a-casi-30-anos-de-carcel-por-los-asesinatos-de-dos-periodistas-brasilenos-ocurridos-en-2013\\\/\"]}]},{\"@type\":\"BreadcrumbList\",\"@id\":\"https:\\\/\\\/latamjournalismreview.org\\\/es\\\/articles\\\/hombre-es-sentenciado-a-casi-30-anos-de-carcel-por-los-asesinatos-de-dos-periodistas-brasilenos-ocurridos-en-2013\\\/#breadcrumb\",\"itemListElement\":[{\"@type\":\"ListItem\",\"position\":1,\"name\":\"Home\",\"item\":\"https:\\\/\\\/latamjournalismreview.org\\\/es\\\/\"},{\"@type\":\"ListItem\",\"position\":2,\"name\":\"Hombre es sentenciado a casi 30 a\u00f1os de c\u00e1rcel por los asesinatos de dos periodistas brasile\u00f1os ocurridos en 2013\"}]},{\"@type\":\"WebSite\",\"@id\":\"https:\\\/\\\/latamjournalismreview.org\\\/es\\\/#website\",\"url\":\"https:\\\/\\\/latamjournalismreview.org\\\/es\\\/\",\"name\":\"LatAm Journalism Review\",\"description\":\"Knight Center at The University of Texas\",\"publisher\":{\"@id\":\"https:\\\/\\\/latamjournalismreview.org\\\/es\\\/#organization\"},\"potentialAction\":[{\"@type\":\"SearchAction\",\"target\":{\"@type\":\"EntryPoint\",\"urlTemplate\":\"https:\\\/\\\/latamjournalismreview.org\\\/es\\\/?s={search_term_string}\"},\"query-input\":{\"@type\":\"PropertyValueSpecification\",\"valueRequired\":true,\"valueName\":\"search_term_string\"}}],\"inLanguage\":\"es\"},{\"@type\":\"Organization\",\"@id\":\"https:\\\/\\\/latamjournalismreview.org\\\/es\\\/#organization\",\"name\":\"LatAm Journalism Review\",\"url\":\"https:\\\/\\\/latamjournalismreview.org\\\/es\\\/\",\"logo\":{\"@type\":\"ImageObject\",\"inLanguage\":\"es\",\"@id\":\"https:\\\/\\\/latamjournalismreview.org\\\/es\\\/#\\\/schema\\\/logo\\\/image\\\/\",\"url\":\"https:\\\/\\\/latamjournalismreview.org\\\/wp-content\\\/uploads\\\/2020\\\/05\\\/knight-latAm-review-logo.svg\",\"contentUrl\":\"https:\\\/\\\/latamjournalismreview.org\\\/wp-content\\\/uploads\\\/2020\\\/05\\\/knight-latAm-review-logo.svg\",\"width\":\"1024\",\"height\":\"1024\",\"caption\":\"LatAm Journalism Review\"},\"image\":{\"@id\":\"https:\\\/\\\/latamjournalismreview.org\\\/es\\\/#\\\/schema\\\/logo\\\/image\\\/\"},\"sameAs\":[\"https:\\\/\\\/x.com\\\/LatAmJournalism\"]},{\"@type\":\"Person\",\"@id\":\"https:\\\/\\\/latamjournalismreview.org\\\/es\\\/#\\\/schema\\\/person\\\/b83a4912f05c8178389e917d8d51de03\",\"name\":\"Teresa Mioli\",\"description\":\"Teresa Mioli is the editorial manager for the Knight Center for Journalism in the Americas. She is interested in press freedom, democratization, and investigative journalism in Latin America and is dedicated to increasing awareness about the importance of independent news media to the health of democracies. She produces journalistic work with the aim of helping people to make informed decisions about their lives and societies and wants to make sure other journalists are able to do the same. She has Bachelors' degrees in Journalism and Plan II Honors (Liberal Arts) and a Master's degree in Latin American Studies, all from the University of Texas at Austin. She started her journalistic career at The Beaumont Enterprise in Southeast Texas where she last worked as a breaking news reporter. ______ Teresa Mioli es la directora editorial del Centro Knight para el Periodismo en las Am\u00e9ricas. Es una periodista con inter\u00e9s en la libertad de prensa, la democratizaci\u00f3n y el periodismo investigativo en Am\u00e9rica Latina y est\u00e1 dedicada a crear mayor consciencia sobre la importancia de los medios noticiosos independientes para la salud de las democracias. El objetivo de su trabajo period\u00edstico es ayudar las personas para que tomen decisiones informadas sobre sus vidas y sus sociedades, y busca que otros periodistas tengan la posibilidad de hacer lo mismo. Teresa tiene una licenciatura en Periodismo y Artes liberales (Plan II Honors), y una maestr\u00eda en Estudios Latinoamericanos, todos de la Universidad de Texas en Austin. Empez\u00f3 su carrera en periodismo en The Beaumont Enterprise al sureste de Texas, en donde recientemente trabaj\u00f3 como reportera de noticias de \u00faltima hora. Anteriormente ella fue la editora de LatAm Journalism Review del Centro Knight. ______ Teresa Mioli \u00e9 gerente editorial do Centro Knight para o Jornalismo nas Am\u00e9ricas. Ela se interessa por liberdade de imprensa, democratiza\u00e7\u00e3o e jornalismo investigativo na Am\u00e9rica Latina e se dedica a aumentar a conscientiza\u00e7\u00e3o sobre a import\u00e2ncia da m\u00eddia independente para a sa\u00fade das democracias. Ela produz trabalhos jornal\u00edsticos com o objetivo de ajudar as pessoas a tomarem decis\u00f5es informadas sobre suas vidas e sociedades e deseja garantir que outros jornalistas possam fazer o mesmo. Ela tem bacharelado em jornalismo e artes liberais e um mestrado em Estudos Latino-Americanos, todos pela Universidade do Texas em Austin. Ela come\u00e7ou sua carreira jornal\u00edstica na The Beaumont Enterprise no sudeste do Texas, onde trabalhou pela \u00faltima vez como rep\u00f3rter de not\u00edcias de \u00faltima hora.\",\"sameAs\":[\"https:\\\/\\\/x.com\\\/TeresaMioli\"],\"url\":\"https:\\\/\\\/latamjournalismreview.org\\\/es\\\/articles\\\/author\\\/teresa-mioli\\\/\"}]}<\/script>\n<!-- \/ Yoast SEO Premium plugin. -->","yoast_head_json":{"title":"Hombre es sentenciado a casi 30 a\u00f1os de c\u00e1rcel por los asesinatos de dos periodistas brasile\u00f1os ocurridos en 2013 - LatAm Journalism Review","description":"Hombre es sentenciado a casi 30 a\u00f1os de c\u00e1rcel por los asesinatos de dos periodistas brasile\u00f1os ocurridos en 2013 Violencia contra periodistas. Latin American Journalism Review by The Knight Center at The University of Texas at Austin.","robots":{"index":"index","follow":"follow","max-snippet":"max-snippet:-1","max-image-preview":"max-image-preview:large","max-video-preview":"max-video-preview:-1"},"canonical":"https:\/\/latamjournalismreview.org\/es\/articles\/hombre-es-sentenciado-a-casi-30-anos-de-carcel-por-los-asesinatos-de-dos-periodistas-brasilenos-ocurridos-en-2013\/","og_locale":"es_ES","og_type":"article","og_title":"Hombre es sentenciado a casi 30 a\u00f1os de c\u00e1rcel por los asesinatos de dos periodistas brasile\u00f1os ocurridos en 2013","og_description":"Hombre es sentenciado a casi 30 a\u00f1os de c\u00e1rcel por los asesinatos de dos periodistas brasile\u00f1os ocurridos en 2013 Violencia contra periodistas. Latin American Journalism Review by The Knight Center at The University of Texas at Austin.","og_url":"https:\/\/latamjournalismreview.org\/es\/articles\/hombre-es-sentenciado-a-casi-30-anos-de-carcel-por-los-asesinatos-de-dos-periodistas-brasilenos-ocurridos-en-2013\/","og_site_name":"LatAm Journalism Review","article_published_time":"2015-08-25T19:21:42+00:00","article_modified_time":"2021-11-10T19:23:00+00:00","author":"Teresa Mioli","twitter_card":"summary_large_image","twitter_creator":"@TeresaMioli","twitter_site":"@LatAmJournalism","twitter_misc":{"Written by":"Teresa Mioli","Est. reading time":"2 minutos"},"schema":{"@context":"https:\/\/schema.org","@graph":[{"@type":"Article","@id":"https:\/\/latamjournalismreview.org\/es\/articles\/hombre-es-sentenciado-a-casi-30-anos-de-carcel-por-los-asesinatos-de-dos-periodistas-brasilenos-ocurridos-en-2013\/#article","isPartOf":{"@id":"https:\/\/latamjournalismreview.org\/es\/articles\/hombre-es-sentenciado-a-casi-30-anos-de-carcel-por-los-asesinatos-de-dos-periodistas-brasilenos-ocurridos-en-2013\/"},"author":{"name":"Teresa Mioli","@id":"https:\/\/latamjournalismreview.org\/es\/#\/schema\/person\/b83a4912f05c8178389e917d8d51de03"},"headline":"Hombre es sentenciado a casi 30 a\u00f1os de c\u00e1rcel por los asesinatos de dos periodistas brasile\u00f1os ocurridos en 2013","datePublished":"2015-08-25T19:21:42+00:00","dateModified":"2021-11-10T19:23:00+00:00","mainEntityOfPage":{"@id":"https:\/\/latamjournalismreview.org\/es\/articles\/hombre-es-sentenciado-a-casi-30-anos-de-carcel-por-los-asesinatos-de-dos-periodistas-brasilenos-ocurridos-en-2013\/"},"wordCount":421,"publisher":{"@id":"https:\/\/latamjournalismreview.org\/es\/#organization"},"keywords":["Asesinato de periodista","Detenciones"],"articleSection":["Violencia contra periodistas"],"inLanguage":"es"},{"@type":"WebPage","@id":"https:\/\/latamjournalismreview.org\/es\/articles\/hombre-es-sentenciado-a-casi-30-anos-de-carcel-por-los-asesinatos-de-dos-periodistas-brasilenos-ocurridos-en-2013\/","url":"https:\/\/latamjournalismreview.org\/es\/articles\/hombre-es-sentenciado-a-casi-30-anos-de-carcel-por-los-asesinatos-de-dos-periodistas-brasilenos-ocurridos-en-2013\/","name":"Hombre es sentenciado a casi 30 a\u00f1os de c\u00e1rcel por los asesinatos de dos periodistas brasile\u00f1os ocurridos en 2013 - LatAm Journalism Review","isPartOf":{"@id":"https:\/\/latamjournalismreview.org\/es\/#website"},"datePublished":"2015-08-25T19:21:42+00:00","dateModified":"2021-11-10T19:23:00+00:00","description":"Hombre es sentenciado a casi 30 a\u00f1os de c\u00e1rcel por los asesinatos de dos periodistas brasile\u00f1os ocurridos en 2013 Violencia contra periodistas. Latin American Journalism Review by The Knight Center at The University of Texas at Austin.","breadcrumb":{"@id":"https:\/\/latamjournalismreview.org\/es\/articles\/hombre-es-sentenciado-a-casi-30-anos-de-carcel-por-los-asesinatos-de-dos-periodistas-brasilenos-ocurridos-en-2013\/#breadcrumb"},"inLanguage":"es","potentialAction":[{"@type":"ReadAction","target":["https:\/\/latamjournalismreview.org\/es\/articles\/hombre-es-sentenciado-a-casi-30-anos-de-carcel-por-los-asesinatos-de-dos-periodistas-brasilenos-ocurridos-en-2013\/"]}]},{"@type":"BreadcrumbList","@id":"https:\/\/latamjournalismreview.org\/es\/articles\/hombre-es-sentenciado-a-casi-30-anos-de-carcel-por-los-asesinatos-de-dos-periodistas-brasilenos-ocurridos-en-2013\/#breadcrumb","itemListElement":[{"@type":"ListItem","position":1,"name":"Home","item":"https:\/\/latamjournalismreview.org\/es\/"},{"@type":"ListItem","position":2,"name":"Hombre es sentenciado a casi 30 a\u00f1os de c\u00e1rcel por los asesinatos de dos periodistas brasile\u00f1os ocurridos en 2013"}]},{"@type":"WebSite","@id":"https:\/\/latamjournalismreview.org\/es\/#website","url":"https:\/\/latamjournalismreview.org\/es\/","name":"LatAm Journalism Review","description":"Knight Center at The University of Texas","publisher":{"@id":"https:\/\/latamjournalismreview.org\/es\/#organization"},"potentialAction":[{"@type":"SearchAction","target":{"@type":"EntryPoint","urlTemplate":"https:\/\/latamjournalismreview.org\/es\/?s={search_term_string}"},"query-input":{"@type":"PropertyValueSpecification","valueRequired":true,"valueName":"search_term_string"}}],"inLanguage":"es"},{"@type":"Organization","@id":"https:\/\/latamjournalismreview.org\/es\/#organization","name":"LatAm Journalism Review","url":"https:\/\/latamjournalismreview.org\/es\/","logo":{"@type":"ImageObject","inLanguage":"es","@id":"https:\/\/latamjournalismreview.org\/es\/#\/schema\/logo\/image\/","url":"https:\/\/latamjournalismreview.org\/wp-content\/uploads\/2020\/05\/knight-latAm-review-logo.svg","contentUrl":"https:\/\/latamjournalismreview.org\/wp-content\/uploads\/2020\/05\/knight-latAm-review-logo.svg","width":"1024","height":"1024","caption":"LatAm Journalism Review"},"image":{"@id":"https:\/\/latamjournalismreview.org\/es\/#\/schema\/logo\/image\/"},"sameAs":["https:\/\/x.com\/LatAmJournalism"]},{"@type":"Person","@id":"https:\/\/latamjournalismreview.org\/es\/#\/schema\/person\/b83a4912f05c8178389e917d8d51de03","name":"Teresa Mioli","description":"Teresa Mioli is the editorial manager for the Knight Center for Journalism in the Americas. She is interested in press freedom, democratization, and investigative journalism in Latin America and is dedicated to increasing awareness about the importance of independent news media to the health of democracies. She produces journalistic work with the aim of helping people to make informed decisions about their lives and societies and wants to make sure other journalists are able to do the same. She has Bachelors' degrees in Journalism and Plan II Honors (Liberal Arts) and a Master's degree in Latin American Studies, all from the University of Texas at Austin. She started her journalistic career at The Beaumont Enterprise in Southeast Texas where she last worked as a breaking news reporter. ______ Teresa Mioli es la directora editorial del Centro Knight para el Periodismo en las Am\u00e9ricas. Es una periodista con inter\u00e9s en la libertad de prensa, la democratizaci\u00f3n y el periodismo investigativo en Am\u00e9rica Latina y est\u00e1 dedicada a crear mayor consciencia sobre la importancia de los medios noticiosos independientes para la salud de las democracias. El objetivo de su trabajo period\u00edstico es ayudar las personas para que tomen decisiones informadas sobre sus vidas y sus sociedades, y busca que otros periodistas tengan la posibilidad de hacer lo mismo. Teresa tiene una licenciatura en Periodismo y Artes liberales (Plan II Honors), y una maestr\u00eda en Estudios Latinoamericanos, todos de la Universidad de Texas en Austin. Empez\u00f3 su carrera en periodismo en The Beaumont Enterprise al sureste de Texas, en donde recientemente trabaj\u00f3 como reportera de noticias de \u00faltima hora. Anteriormente ella fue la editora de LatAm Journalism Review del Centro Knight. ______ Teresa Mioli \u00e9 gerente editorial do Centro Knight para o Jornalismo nas Am\u00e9ricas. Ela se interessa por liberdade de imprensa, democratiza\u00e7\u00e3o e jornalismo investigativo na Am\u00e9rica Latina e se dedica a aumentar a conscientiza\u00e7\u00e3o sobre a import\u00e2ncia da m\u00eddia independente para a sa\u00fade das democracias. Ela produz trabalhos jornal\u00edsticos com o objetivo de ajudar as pessoas a tomarem decis\u00f5es informadas sobre suas vidas e sociedades e deseja garantir que outros jornalistas possam fazer o mesmo. Ela tem bacharelado em jornalismo e artes liberais e um mestrado em Estudos Latino-Americanos, todos pela Universidade do Texas em Austin. Ela come\u00e7ou sua carreira jornal\u00edstica na The Beaumont Enterprise no sudeste do Texas, onde trabalhou pela \u00faltima vez como rep\u00f3rter de not\u00edcias de \u00faltima hora.","sameAs":["https:\/\/x.com\/TeresaMioli"],"url":"https:\/\/latamjournalismreview.org\/es\/articles\/author\/teresa-mioli\/"}]}},"_links":{"self":[{"href":"https:\/\/latamjournalismreview.org\/es\/wp-json\/wp\/v2\/posts\/41140","targetHints":{"allow":["GET"]}}],"collection":[{"href":"https:\/\/latamjournalismreview.org\/es\/wp-json\/wp\/v2\/posts"}],"about":[{"href":"https:\/\/latamjournalismreview.org\/es\/wp-json\/wp\/v2\/types\/post"}],"author":[{"embeddable":true,"href":"https:\/\/latamjournalismreview.org\/es\/wp-json\/wp\/v2\/users\/3"}],"replies":[{"embeddable":true,"href":"https:\/\/latamjournalismreview.org\/es\/wp-json\/wp\/v2\/comments?post=41140"}],"version-history":[{"count":1,"href":"https:\/\/latamjournalismreview.org\/es\/wp-json\/wp\/v2\/posts\/41140\/revisions"}],"predecessor-version":[{"id":41142,"href":"https:\/\/latamjournalismreview.org\/es\/wp-json\/wp\/v2\/posts\/41140\/revisions\/41142"}],"wp:attachment":[{"href":"https:\/\/latamjournalismreview.org\/es\/wp-json\/wp\/v2\/media?parent=41140"}],"wp:term":[{"taxonomy":"category","embeddable":true,"href":"https:\/\/latamjournalismreview.org\/es\/wp-json\/wp\/v2\/categories?post=41140"},{"taxonomy":"post_tag","embeddable":true,"href":"https:\/\/latamjournalismreview.org\/es\/wp-json\/wp\/v2\/tags?post=41140"},{"taxonomy":"author","embeddable":true,"href":"https:\/\/latamjournalismreview.org\/es\/wp-json\/wp\/v2\/coauthors?post=41140"}],"curies":[{"name":"wp","href":"https:\/\/api.w.org\/{rel}","templated":true}]}}