{"id":4147,"date":"2019-09-04T17:51:42","date_gmt":"2019-09-04T22:51:42","guid":{"rendered":"https:\/\/live-lajr.pantheonsite.io\/?p=4147"},"modified":"2020-06-17T17:52:16","modified_gmt":"2020-06-17T22:52:16","slug":"nace-red-palta-para-vigilar-el-uso-del-dinero-publico-y-de-las-politicas-publicas-en-america-latina","status":"publish","type":"post","link":"https:\/\/latamjournalismreview.org\/es\/articles\/nace-red-palta-para-vigilar-el-uso-del-dinero-publico-y-de-las-politicas-publicas-en-america-latina\/","title":{"rendered":"Nace Red PALTA para vigilar el uso del dinero p\u00fablico y de las pol\u00edticas p\u00fablicas en Am\u00e9rica Latina"},"content":{"rendered":"<p>La leche adem\u00e1s de ser un producto esencial de la canasta familiar de la gran mayor\u00eda de la poblaci\u00f3n de Am\u00e9rica Latina, tambi\u00e9n es un producto que hace parte de muchos programas de ayuda social dirigidos a la poblaci\u00f3n m\u00e1s vulnerable en pa\u00edses como Colombia, El Salvador, Guatemala y Per\u00fa.<\/p>\n<p>Sin embargo, la contrataci\u00f3n de las personas encargadas de llevarla a estas poblaciones as\u00ed como el proceso mismo de entrega tiene irregularidades, conflictos de inter\u00e9s e incluso casos de corrupci\u00f3n, seg\u00fan lo report\u00f3 la primera serie de investigaciones publicada por la m\u00e1s reciente iniciativa de periodismo colaborativo que surge en Am\u00e9rica Latina llamada <a href=\"https:\/\/www.redpalta.org\/\" target=\"_blank\" rel=\"noopener noreferrer\">Red PALTA<\/a>.<\/p>\n<div style=\"width: 580px; font-size: 80%; text-align: left; float: right; padding-left: 10px; padding-right: 10px;\"><\/div>\n<div>\n<div>\n<div style=\"width: 455px\" class=\"wp-caption alignright\"><a href=\"https:\/\/knightcenter.utexas.edu\/es\/blog\/00-21184-nace-red-palta-para-vigilar-el-uso-del-dinero-publico-y-de-las-politicas-publicas-en-a\" target=\"_blank\" rel=\"noopener noreferrer\"><img loading=\"lazy\" decoding=\"async\" src=\"https:\/\/live.staticflickr.com\/65535\/48678588538_fe360a4d57_o.jpg\" alt=\"Encuentro\u00a0de la Red PALTA en Lima donde decidieron el tema de su primera investigaci\u00f3n. (Foto: cortes\u00eda).\" width=\"445\" height=\"377\" \/><\/a><p class=\"wp-caption-text\">Encuentro\u00a0de la Red PALTA en Lima donde decidieron el tema de su primera investigaci\u00f3n. (Foto: cortes\u00eda).<\/p><\/div>\n<p>La Red de Periodistas de Am\u00e9rica Latina para la Transparencia y la Anticorrupci\u00f3n (PALTA) tienen por objetivo ser un \u201cespacio de colaboraci\u00f3n e investigaci\u00f3n transfronteriza\u201d cuyos integrantes \u201cfiscalizan los usos del dinero p\u00fablico, identifican patrones de malas pr\u00e1cticas en los gobiernos y usan la tecnolog\u00eda para analizar datos masivos y revelar casos de corrupci\u00f3n nacional e internacional\u201d, seg\u00fan puede leerse en su p\u00e1gina.<\/p>\n<\/div>\n<\/div>\n<p>Una combinaci\u00f3n de peri\u00f3dicos, sitios digitales y organizaciones no gubernamentales conforman la Red PALTA. Esta incluye a <a href=\"https:\/\/www.lanacion.com.ar\/\" target=\"_blank\" rel=\"noopener noreferrer\">La Naci\u00f3n<\/a> de Argentina, <a href=\"https:\/\/ladiaria.com.uy\/\" target=\"_blank\" rel=\"noopener noreferrer\">la diaria<\/a> de Uruguay, <a href=\"https:\/\/elfaro.net\/\" target=\"_blank\" rel=\"noopener noreferrer\">El Faro<\/a> de El Salvador, <a href=\"https:\/\/ojo-publico.com\/\" target=\"_blank\" rel=\"noopener noreferrer\">Ojo P\u00fablico<\/a> de Per\u00fa, <a href=\"http:\/\/ojoconmipisto.com\/\" target=\"_blank\" rel=\"noopener noreferrer\">Ojo con mi pisto<\/a> de Guatemala, <a href=\"https:\/\/www.datasketch.co\/\" target=\"_blank\" rel=\"noopener noreferrer\">Datasketch<\/a> de Colombia y la ONG <a href=\"https:\/\/www.projectpoder.org\/es\/\" target=\"_blank\" rel=\"noopener noreferrer\">Poder<\/a> de M\u00e9xico.<\/p>\n<p>Aunque la red qued\u00f3 oficialmente formada con esta primera investigaci\u00f3n, estos medios y organizaciones ya funcionaban a manera de \u201cred informal\u201d a trav\u00e9s de otros proyectos colaborativos. Sin embargo, compart\u00edan un inter\u00e9s de institucionalizar ese trabajo, seg\u00fan explic\u00f3 al <strong>Centro Knight<\/strong> Nelly Luna, editora general de Ojo P\u00fablico e integrante de la Red.<\/p>\n<p>\u201cLo que la red precisamente est\u00e1 tratando de hacer en los pr\u00f3ximos meses es definir un poco c\u00f3mo estos medios y organizaciones que formamos parte avanzan a esa institucionalizaci\u00f3n de la investigaci\u00f3n transfronteriza en Am\u00e9rica Latina desde un perfil, creo que diferente, que tiene que ver en c\u00f3mo usamos la tecnolog\u00eda para rastrear e investigar el dinero p\u00fablico [...], y si existen patrones regionales de malas pr\u00e1cticas, corrupci\u00f3n o enfoques de pol\u00edticas p\u00fablicas que pueden estar afectando derechos ciudadanos\u201d, dijo Luna.<\/p>\n<p>La mayor\u00eda de los integrantes hacen parte de las primeras generaciones de la <a href=\"https:\/\/altec.lat\/\" target=\"_blank\" rel=\"noopener noreferrer\">Alianza Latinoamericana para la Tecnolog\u00eda C\u00edvica<\/a> (ALTEC) y mediante constantes encuentros fueron notando similitudes en sus intereses y desaf\u00edos, as\u00ed como generando una confianza mutua, explic\u00f3 Luc\u00eda Pardo, gerente de productos de la diaria e integrante de la Red, al <strong>Centro Knight<\/strong>.<\/p>\n<p>\u201c[La Red nace con] una intenci\u00f3n por aportar luz en todo lo que tiene que ver con los distintos procesos y manejo de los dineros p\u00fablicos y [para] generar una conexi\u00f3n entre el uso de esos procesos y la pol\u00edtica p\u00fablica desde una lectura y perspectiva de derechos humanos\u201d, dijo Pardo.<\/p>\n<p>Con este objetivo claro, el equipo se contact\u00f3 con representantes de <a href=\"https:\/\/www.open-contracting.org\/\" target=\"_blank\" rel=\"noopener noreferrer\">Open Contracting Partnership<\/a> (OCP) y de <a href=\"https:\/\/latin-america.hivos.org\/\" target=\"_blank\" rel=\"noopener noreferrer\">Hivos<\/a> \u2013 dos organizaciones cercanas a quienes hacen parte de la ahora Red PALTA, seg\u00fan Pardo. Hivos y OCP apoyaron financieramente para que representantes de los siete medios y organizaciones se encontraran en Lima, Per\u00fa, el pasado mes de marzo.<\/p>\n<div style=\"width: 300px; font-size: 80%; text-align: left; float: left; padding-left: 10px; padding-right: 10px;\"><a href=\"https:\/\/www.redpalta.org\/\" target=\"_blank\" rel=\"noopener noreferrer\"><img decoding=\"async\" style=\"width: 300px;\" src=\"https:\/\/live.staticflickr.com\/65535\/48678626703_6d33d73724_o.png\" \/><\/a> Logo de la Red PALTA. (Captura de pantalla).<\/div>\n<p>Fue en Lima donde naci\u00f3 la idea de \u201c<a href=\"https:\/\/www.redpalta.org\/la-leche-prometida\/\" target=\"_blank\" rel=\"noopener noreferrer\">La leche prometida<\/a>\u201d, la primera serie de investigaciones que le sigue el rastro a las \u201ccontrataciones estatales de productos l\u00e1cteos en Am\u00e9rica Latina\u201d, seg\u00fan su p\u00e1gina. Hivos y OCP entreg\u00f3 el 50% de los recursos que se necesitaron para la realizaci\u00f3n de las investigaciones; el restante fue puesto por cada medio.<\/p>\n<p><span style=\"font-size: 1em;\">\u201cUna de las cosas que pone en evidencia esta primera investigaci\u00f3n es que la corrupci\u00f3n o las malas pr\u00e1cticas en el manejo, o el conflicto de inter\u00e9s en los pol\u00edticos s\u00ed afecta directamente al ciudadano, y al ciudadano m\u00e1s vulnerable\u201d, dijo Luna. \u201cLo que nos muestra es que la corrupci\u00f3n y las malas pr\u00e1cticas institucionales s\u00ed est\u00e1n vulnerando algunos derechos fundamentales de las poblaciones m\u00e1s pobres como puede ser el derecho a tener una alimentaci\u00f3n justa y equitativa\u201d.<\/span><\/p>\n<p>En El Salvador, por ejemplo, la investigaci\u00f3n mostr\u00f3 que <a href=\"https:\/\/elfaro.net\/es\/201908\/el_salvador\/23575\/El-Vaso-de-Leche-medio-vac\u00edo-de-los-gobiernos-del-FMLN.htm\" target=\"_blank\" rel=\"noopener noreferrer\">la leche, destinada para las escuelas p\u00fablicas, no estaba llegando a la totalidad<\/a> de instituciones. Y en el caso de la escuelas que s\u00ed recib\u00edan la leche, lo hac\u00edan en polvo, sin considerar que muchas instituciones de estas no tienen acceso a agua potable, seg\u00fan el reportaje.<\/p>\n<p>En Per\u00fa y Guatemala por su parte la investigaci\u00f3n mostr\u00f3 presuntos conflictos de inter\u00e9s y millonarios contratos en el suministro de este producto. Mientras que en el caso de Uruguay el tema ten\u00eda una perspectiva m\u00e1s econ\u00f3mica, por ejemplo, la investigaci\u00f3n se\u00f1ala que el Estado ha fallado en otorgar ayudas a emprendimientos agr\u00edcolas familiares a pesar de que la ley lo permite.<\/p>\n<p><span style=\"font-size: 1em;\">Como suele pasar en trabajos de periodismo colaborativo, la Red trabaj\u00f3 con coordinaciones editoriales y t\u00e9cnicas elegidos entre los miembros de cada medio. Seg\u00fan Pardo, este rol podr\u00e1 ir variando de acuerdo al tema a ser investigado as\u00ed como a las fortalezas de cada medio.<\/span><\/p>\n<p><span style=\"font-size: 1em;\">\u201cTambi\u00e9n porque todos tienen perfiles diferenciales\u201d, agreg\u00f3 Luna. \u201cHay medios que tienen un peso muy fuerte en la parte period\u00edstica investigativa y narrativa, otras organizaciones tienen un componente tecnol\u00f3gico mucho m\u00e1s fuerte que sostienen la infraestructura de lo que podr\u00eda convertirse la red en adelante. Y parte de esa definici\u00f3n de funciones es tambi\u00e9n reconocer cu\u00e1les son estos perfiles diferenciales de cada una de las organizaciones para no duplicar esfuerzos y m\u00e1s bien potenciar a\u00fan m\u00e1s las caracter\u00edsticas de cada quien\u201d.<\/span><\/p>\n<p>Aunque para esta primera serie cada medio present\u00f3 una investigaci\u00f3n individual, durante los meses de reporter\u00eda cada uno de los miembros de PALTA deb\u00edan ir alimentando una base de datos que eventualmente les permitir\u00eda descubrir patrones en la regi\u00f3n.<\/p>\n<p><span style=\"font-size: 1em;\">\u201cVer si existe un patr\u00f3n de compras, un patr\u00f3n o un esquema de malas pr\u00e1cticas en el proceso, o en la afectaci\u00f3n de derechos finales a las personas\u201d, dijo Luna quien agreg\u00f3 que en esta primera serie no se pudo encontrar tantos patrones, entre otras razones, porque en Am\u00e9rica Latina \u201chay un serio problema respecto al recojo de datos\u201d.<\/span><\/p>\n<p><span style=\"font-size: 1em;\">\u201cNo hay un solo ente nacional en todos los pa\u00edses que sistematice por ejemplo todas las contrataciones p\u00fablicas. Algunos pa\u00edses lo tienen, otros no. Otros lo tienen a nivel federal o municipal. Y adicionalmente esta sistematizaci\u00f3n de datos que tienen los gobiernos no siempre son valores en los que se pueden confiar\u201d, agreg\u00f3 Luna.<\/span><\/p>\n<p><span style=\"font-size: 1em;\">\u201cLa posibilidad de encontrar puntos comunes para seguir profundizando sin duda es un desaf\u00edo\u201d, dijo Pardo. Por eso, en las pr\u00f3ximas investigaciones trabajar\u00e1n en encontrar esos puntos comunes o patrones que permita a los trabajos mostrar una mirada latinoamericana, y no exclusivamente una mirada focalizada en cada pa\u00eds.<\/span><\/p>\n<p><span style=\"font-size: 1em;\">No obstante ese desaf\u00edo, la evaluaci\u00f3n de esta primera experiencia y entrega de investigaciones ha sido positiva.<\/span><\/p>\n<div style=\"width: 400px; font-size: 80%; text-align: left; float: right; padding-left: 10px; padding-right: 10px;\"><a target=\"_blank\" rel=\"noopener noreferrer\"><img decoding=\"async\" style=\"width: 400px;\" src=\"https:\/\/live.staticflickr.com\/65535\/48678591573_35310461f7_o.jpg\" \/><\/a> Equipo de la Red PALTA recientemente en Quito, Ecuador. (Foto: cortes\u00eda).<\/div>\n<p>\u201cEl principal impacto sobre la leche es que s\u00ed pone en debate un tema que es muy dif\u00edcil sacarlo, ponerlo en la agenda en un contexto de alta politizaci\u00f3n con los casos de corrupci\u00f3n que est\u00e1 viviendo Am\u00e9rica Latina\u201d, dijo Luna. \u201c[Esta investigaci\u00f3n] hace voltear la mirada a estos otros temas que nos revelan micro-corrupci\u00f3n u otro tipo de corrupci\u00f3n menos sofisticada, como la de Odebrecht por ejemplo, pero que el periodismo tiene que volver a ver porque tienen un impacto a veces mucho m\u00e1s directo incluso a la vida diaria de personas de las que dependen directamente\u201d.<\/p>\n<p>Adem\u00e1s de la importancia de traer estos temas al debate, a la Red PALTA tambi\u00e9n le gustar\u00eda que sus investigaciones pudieran servir como punto de informaci\u00f3n para un posible cambio de pol\u00edticas p\u00fablicas.<\/p>\n<p>\u201cEntender cu\u00e1l es el rol del periodismo a la hora de poder aportar esta informaci\u00f3n\u201d, dijo Pardo. \u201cQue pueda ser, por qu\u00e9 no, un insumo m\u00e1s tanto para las organizaciones de la sociedad civil, como para distintos actores que quieran incidir en pol\u00edticas p\u00fablicas que puedan contar con estas investigaciones como parte de las herramientas para promover esos cambios\u201d.<\/p>\n<p>Aunque no pueden dar mucha informaci\u00f3n sobre la pr\u00f3xima entrega en la que ya est\u00e1n trabajando, la Red s\u00ed se mantendr\u00e1 firme en su objetivo de fiscalizar el dinero p\u00fablico y \u201cc\u00f3mo la corrupci\u00f3n, las malas pr\u00e1cticas, la falta de institucionalidad o la ineficiencia a veces s\u00ed terminan afectando derechos humanos elementales\u201d, explic\u00f3 Luna.<\/p>\n","protected":false},"excerpt":{"rendered":"<p>La leche adem\u00e1s de ser un producto esencial de la canasta familiar de la gran mayor\u00eda de la poblaci\u00f3n de Am\u00e9rica Latina, tambi\u00e9n es un producto que hace parte de muchos programas de ayuda social dirigidos a la poblaci\u00f3n m\u00e1s vulnerable <\/p>\n","protected":false},"author":13,"featured_media":3371,"comment_status":"closed","ping_status":"closed","sticky":false,"template":"","format":"standard","meta":{"inline_featured_image":false,"footnotes":""},"categories":[1213],"tags":[1436,1523],"coauthors":[],"class_list":["post-4147","post","type-post","status-publish","format-standard","has-post-thumbnail","hentry","category-colaboracion-es","tag-colaboracion-es","tag-periodismo-transfronterizo-es"],"acf":[],"yoast_head":"<!-- This site is optimized with the Yoast SEO Premium plugin v22.6 (Yoast SEO v27.4) - https:\/\/yoast.com\/product\/yoast-seo-premium-wordpress\/ -->\n<title>Nace Red PALTA para vigilar el uso del dinero p\u00fablico y de las pol\u00edticas p\u00fablicas en Am\u00e9rica Latina - LatAm Journalism Review<\/title>\n<meta name=\"description\" content=\"Nace Red PALTA para vigilar el uso del dinero p\u00fablico y de las pol\u00edticas p\u00fablicas en Am\u00e9rica Latina Colaboraci\u00f3n. Latin American Journalism Review by The Knight Center at The University of Texas at Austin.\" \/>\n<meta name=\"robots\" content=\"index, follow, max-snippet:-1, max-image-preview:large, max-video-preview:-1\" \/>\n<link rel=\"canonical\" href=\"https:\/\/latamjournalismreview.org\/es\/articles\/nace-red-palta-para-vigilar-el-uso-del-dinero-publico-y-de-las-politicas-publicas-en-america-latina\/\" \/>\n<meta property=\"og:locale\" content=\"es_ES\" \/>\n<meta property=\"og:type\" content=\"article\" \/>\n<meta property=\"og:title\" content=\"Nace Red PALTA para vigilar el uso del dinero p\u00fablico y de las pol\u00edticas p\u00fablicas en Am\u00e9rica Latina\" \/>\n<meta property=\"og:description\" content=\"Nace Red PALTA para vigilar el uso del dinero p\u00fablico y de las pol\u00edticas p\u00fablicas en Am\u00e9rica Latina Colaboraci\u00f3n. Latin American Journalism Review by The Knight Center at The University of Texas at Austin.\" \/>\n<meta property=\"og:url\" content=\"https:\/\/latamjournalismreview.org\/es\/articles\/nace-red-palta-para-vigilar-el-uso-del-dinero-publico-y-de-las-politicas-publicas-en-america-latina\/\" \/>\n<meta property=\"og:site_name\" content=\"LatAm Journalism Review\" \/>\n<meta property=\"article:published_time\" content=\"2019-09-04T22:51:42+00:00\" \/>\n<meta property=\"article:modified_time\" content=\"2020-06-17T22:52:16+00:00\" \/>\n<meta property=\"og:image\" content=\"http:\/\/latamjournalismreview.org\/wp-content\/uploads\/2020\/05\/Online-Learning-Featured-Image.png\" \/>\n\t<meta property=\"og:image:width\" content=\"507\" \/>\n\t<meta property=\"og:image:height\" content=\"340\" \/>\n\t<meta property=\"og:image:type\" content=\"image\/png\" \/>\n<meta name=\"author\" content=\"Silvia Higuera\" \/>\n<meta name=\"twitter:card\" content=\"summary_large_image\" \/>\n<meta name=\"twitter:creator\" content=\"@shiguerita\" \/>\n<meta name=\"twitter:site\" content=\"@LatAmJournalism\" \/>\n<meta name=\"twitter:label1\" content=\"Written by\" \/>\n\t<meta name=\"twitter:data1\" content=\"Silvia Higuera\" \/>\n\t<meta name=\"twitter:label2\" content=\"Est. reading time\" \/>\n\t<meta name=\"twitter:data2\" content=\"8 minutos\" \/>\n<script type=\"application\/ld+json\" class=\"yoast-schema-graph\">{\"@context\":\"https:\\\/\\\/schema.org\",\"@graph\":[{\"@type\":\"Article\",\"@id\":\"https:\\\/\\\/latamjournalismreview.org\\\/es\\\/articles\\\/nace-red-palta-para-vigilar-el-uso-del-dinero-publico-y-de-las-politicas-publicas-en-america-latina\\\/#article\",\"isPartOf\":{\"@id\":\"https:\\\/\\\/latamjournalismreview.org\\\/es\\\/articles\\\/nace-red-palta-para-vigilar-el-uso-del-dinero-publico-y-de-las-politicas-publicas-en-america-latina\\\/\"},\"author\":{\"name\":\"Silvia Higuera\",\"@id\":\"https:\\\/\\\/latamjournalismreview.org\\\/es\\\/#\\\/schema\\\/person\\\/eac7baa6afada0957e047be9fc15703a\"},\"headline\":\"Nace Red PALTA para vigilar el uso del dinero p\u00fablico y de las pol\u00edticas p\u00fablicas en Am\u00e9rica Latina\",\"datePublished\":\"2019-09-04T22:51:42+00:00\",\"dateModified\":\"2020-06-17T22:52:16+00:00\",\"mainEntityOfPage\":{\"@id\":\"https:\\\/\\\/latamjournalismreview.org\\\/es\\\/articles\\\/nace-red-palta-para-vigilar-el-uso-del-dinero-publico-y-de-las-politicas-publicas-en-america-latina\\\/\"},\"wordCount\":1567,\"publisher\":{\"@id\":\"https:\\\/\\\/latamjournalismreview.org\\\/es\\\/#organization\"},\"image\":{\"@id\":\"https:\\\/\\\/latamjournalismreview.org\\\/es\\\/articles\\\/nace-red-palta-para-vigilar-el-uso-del-dinero-publico-y-de-las-politicas-publicas-en-america-latina\\\/#primaryimage\"},\"thumbnailUrl\":\"https:\\\/\\\/latamjournalismreview.org\\\/wp-content\\\/uploads\\\/2020\\\/05\\\/Online-Learning-Featured-Image.png\",\"keywords\":[\"Colaboraci\u00f3n\",\"Periodismo transfronterizo\"],\"articleSection\":[\"Colaboraci\u00f3n\"],\"inLanguage\":\"es\"},{\"@type\":\"WebPage\",\"@id\":\"https:\\\/\\\/latamjournalismreview.org\\\/es\\\/articles\\\/nace-red-palta-para-vigilar-el-uso-del-dinero-publico-y-de-las-politicas-publicas-en-america-latina\\\/\",\"url\":\"https:\\\/\\\/latamjournalismreview.org\\\/es\\\/articles\\\/nace-red-palta-para-vigilar-el-uso-del-dinero-publico-y-de-las-politicas-publicas-en-america-latina\\\/\",\"name\":\"Nace Red PALTA para vigilar el uso del dinero p\u00fablico y de las pol\u00edticas p\u00fablicas en Am\u00e9rica Latina - LatAm Journalism Review\",\"isPartOf\":{\"@id\":\"https:\\\/\\\/latamjournalismreview.org\\\/es\\\/#website\"},\"primaryImageOfPage\":{\"@id\":\"https:\\\/\\\/latamjournalismreview.org\\\/es\\\/articles\\\/nace-red-palta-para-vigilar-el-uso-del-dinero-publico-y-de-las-politicas-publicas-en-america-latina\\\/#primaryimage\"},\"image\":{\"@id\":\"https:\\\/\\\/latamjournalismreview.org\\\/es\\\/articles\\\/nace-red-palta-para-vigilar-el-uso-del-dinero-publico-y-de-las-politicas-publicas-en-america-latina\\\/#primaryimage\"},\"thumbnailUrl\":\"https:\\\/\\\/latamjournalismreview.org\\\/wp-content\\\/uploads\\\/2020\\\/05\\\/Online-Learning-Featured-Image.png\",\"datePublished\":\"2019-09-04T22:51:42+00:00\",\"dateModified\":\"2020-06-17T22:52:16+00:00\",\"description\":\"Nace Red PALTA para vigilar el uso del dinero p\u00fablico y de las pol\u00edticas p\u00fablicas en Am\u00e9rica Latina Colaboraci\u00f3n. Latin American Journalism Review by The Knight Center at The University of Texas at Austin.\",\"breadcrumb\":{\"@id\":\"https:\\\/\\\/latamjournalismreview.org\\\/es\\\/articles\\\/nace-red-palta-para-vigilar-el-uso-del-dinero-publico-y-de-las-politicas-publicas-en-america-latina\\\/#breadcrumb\"},\"inLanguage\":\"es\",\"potentialAction\":[{\"@type\":\"ReadAction\",\"target\":[\"https:\\\/\\\/latamjournalismreview.org\\\/es\\\/articles\\\/nace-red-palta-para-vigilar-el-uso-del-dinero-publico-y-de-las-politicas-publicas-en-america-latina\\\/\"]}]},{\"@type\":\"ImageObject\",\"inLanguage\":\"es\",\"@id\":\"https:\\\/\\\/latamjournalismreview.org\\\/es\\\/articles\\\/nace-red-palta-para-vigilar-el-uso-del-dinero-publico-y-de-las-politicas-publicas-en-america-latina\\\/#primaryimage\",\"url\":\"https:\\\/\\\/latamjournalismreview.org\\\/wp-content\\\/uploads\\\/2020\\\/05\\\/Online-Learning-Featured-Image.png\",\"contentUrl\":\"https:\\\/\\\/latamjournalismreview.org\\\/wp-content\\\/uploads\\\/2020\\\/05\\\/Online-Learning-Featured-Image.png\",\"width\":507,\"height\":340,\"caption\":\"Online Learning Featured Image\"},{\"@type\":\"BreadcrumbList\",\"@id\":\"https:\\\/\\\/latamjournalismreview.org\\\/es\\\/articles\\\/nace-red-palta-para-vigilar-el-uso-del-dinero-publico-y-de-las-politicas-publicas-en-america-latina\\\/#breadcrumb\",\"itemListElement\":[{\"@type\":\"ListItem\",\"position\":1,\"name\":\"Home\",\"item\":\"https:\\\/\\\/latamjournalismreview.org\\\/es\\\/\"},{\"@type\":\"ListItem\",\"position\":2,\"name\":\"Nace Red PALTA para vigilar el uso del dinero p\u00fablico y de las pol\u00edticas p\u00fablicas en Am\u00e9rica Latina\"}]},{\"@type\":\"WebSite\",\"@id\":\"https:\\\/\\\/latamjournalismreview.org\\\/es\\\/#website\",\"url\":\"https:\\\/\\\/latamjournalismreview.org\\\/es\\\/\",\"name\":\"LatAm Journalism Review\",\"description\":\"Knight Center at The University of Texas\",\"publisher\":{\"@id\":\"https:\\\/\\\/latamjournalismreview.org\\\/es\\\/#organization\"},\"potentialAction\":[{\"@type\":\"SearchAction\",\"target\":{\"@type\":\"EntryPoint\",\"urlTemplate\":\"https:\\\/\\\/latamjournalismreview.org\\\/es\\\/?s={search_term_string}\"},\"query-input\":{\"@type\":\"PropertyValueSpecification\",\"valueRequired\":true,\"valueName\":\"search_term_string\"}}],\"inLanguage\":\"es\"},{\"@type\":\"Organization\",\"@id\":\"https:\\\/\\\/latamjournalismreview.org\\\/es\\\/#organization\",\"name\":\"LatAm Journalism Review\",\"url\":\"https:\\\/\\\/latamjournalismreview.org\\\/es\\\/\",\"logo\":{\"@type\":\"ImageObject\",\"inLanguage\":\"es\",\"@id\":\"https:\\\/\\\/latamjournalismreview.org\\\/es\\\/#\\\/schema\\\/logo\\\/image\\\/\",\"url\":\"https:\\\/\\\/latamjournalismreview.org\\\/wp-content\\\/uploads\\\/2020\\\/05\\\/knight-latAm-review-logo.svg\",\"contentUrl\":\"https:\\\/\\\/latamjournalismreview.org\\\/wp-content\\\/uploads\\\/2020\\\/05\\\/knight-latAm-review-logo.svg\",\"width\":\"1024\",\"height\":\"1024\",\"caption\":\"LatAm Journalism Review\"},\"image\":{\"@id\":\"https:\\\/\\\/latamjournalismreview.org\\\/es\\\/#\\\/schema\\\/logo\\\/image\\\/\"},\"sameAs\":[\"https:\\\/\\\/x.com\\\/LatAmJournalism\"]},{\"@type\":\"Person\",\"@id\":\"https:\\\/\\\/latamjournalismreview.org\\\/es\\\/#\\\/schema\\\/person\\\/eac7baa6afada0957e047be9fc15703a\",\"name\":\"Silvia Higuera\",\"description\":\"Silvia A. Higuera Fl\u00f3rez is a Colombian journalist interested in covering Latin American issues and human rights, especially the right to freedom of expression, and investigative journalism. She studied Social Communication and Journalism at Universidad Pontificia Bolivariana in Bucaramanga (Colombia), and received her Master's of Arts in Journalism from the University of Texas at Austin in 2015. She worked with the Office of the Special Rapporteur for Freedom of Expression of the Inter-American Commission on Human Rights (IACHR) under the Orlando Sierra fellowship during 2014. She also worked for the Colombian newspaper Vanguardia Liberal and wrote for different magazines about local, economic and public order issues. Her work has also appeared in The Miami Herald and El Nuevo Herald of Miami. Email: silvia.knightcenter@gmail.com Silvia A. Higuera Fl\u00f3rez es una periodista colombiana con inter\u00e9s period\u00edstico es Am\u00e9rica Latina y los derechos humanos, particularmente el derecho a la libertad de expresi\u00f3n, as\u00ed como el periodismo de investigaci\u00f3n. Estudi\u00f3 Comunicaci\u00f3n Social \u2013 Periodismo en la Universidad Pontificia Bolivariana de Bucaramanga (Colombia), y recibi\u00f3 su maestr\u00eda en Periodismo en la Universidad de Texas, en Austin en 2015. Trabaj\u00f3 para la Relator\u00eda Especial para la Libertad de Expresi\u00f3n de la Comisi\u00f3n Interamericana de Derechos Humanos (CIDH) en el marco de la beca Orlando Sierra, durante 2014. Tambi\u00e9n hizo parte del diario Vanguardia Liberal y escribi\u00f3 para otras revistas colombianas cubriendo fuentes locales, econ\u00f3micas y judiciales. Algunos de sus trabajos han aparecido en The Miami Herald y El Nuevo Herald de Miami. Silvia A. Higuera Fl\u00f3rez \u00e9 uma jornalista colombiana e seu interesse jornal\u00edstico \u00e9 a Am\u00e9rica Latina e os direitos humanos, nomeadamente o direito \u00e0 liberdade de express\u00e3o. Estudou Comunica\u00e7\u00e3o Social \u2013 Jornalismo na Universidade Pontif\u00edcia Bolivariana de Bucaramanga, na Col\u00f4mbia e completou seu mestrado em jornalismo na Universidade do Texas em Austin. Silvia trabalhou na Relatoria para a Liberdade de Express\u00e3o da CIDH pela bolsa Orlando Sierra, em 2014. Trabalhou para o jornal Vanguardia Liberal e escreveu para outras revistas colombianas cobrindo temas locais, econ\u00f4micas e judici\u00e1rias. Alguns de seus trabalhos apareceram no The Miami Herald e no El Nuevo Herald de Miami.\",\"sameAs\":[\"https:\\\/\\\/x.com\\\/shiguerita\"],\"url\":\"https:\\\/\\\/latamjournalismreview.org\\\/es\\\/articles\\\/author\\\/silvia-higuera\\\/\"}]}<\/script>\n<!-- \/ Yoast SEO Premium plugin. -->","yoast_head_json":{"title":"Nace Red PALTA para vigilar el uso del dinero p\u00fablico y de las pol\u00edticas p\u00fablicas en Am\u00e9rica Latina - LatAm Journalism Review","description":"Nace Red PALTA para vigilar el uso del dinero p\u00fablico y de las pol\u00edticas p\u00fablicas en Am\u00e9rica Latina Colaboraci\u00f3n. Latin American Journalism Review by The Knight Center at The University of Texas at Austin.","robots":{"index":"index","follow":"follow","max-snippet":"max-snippet:-1","max-image-preview":"max-image-preview:large","max-video-preview":"max-video-preview:-1"},"canonical":"https:\/\/latamjournalismreview.org\/es\/articles\/nace-red-palta-para-vigilar-el-uso-del-dinero-publico-y-de-las-politicas-publicas-en-america-latina\/","og_locale":"es_ES","og_type":"article","og_title":"Nace Red PALTA para vigilar el uso del dinero p\u00fablico y de las pol\u00edticas p\u00fablicas en Am\u00e9rica Latina","og_description":"Nace Red PALTA para vigilar el uso del dinero p\u00fablico y de las pol\u00edticas p\u00fablicas en Am\u00e9rica Latina Colaboraci\u00f3n. Latin American Journalism Review by The Knight Center at The University of Texas at Austin.","og_url":"https:\/\/latamjournalismreview.org\/es\/articles\/nace-red-palta-para-vigilar-el-uso-del-dinero-publico-y-de-las-politicas-publicas-en-america-latina\/","og_site_name":"LatAm Journalism Review","article_published_time":"2019-09-04T22:51:42+00:00","article_modified_time":"2020-06-17T22:52:16+00:00","og_image":[{"width":507,"height":340,"url":"http:\/\/latamjournalismreview.org\/wp-content\/uploads\/2020\/05\/Online-Learning-Featured-Image.png","type":"image\/png"}],"author":"Silvia Higuera","twitter_card":"summary_large_image","twitter_creator":"@shiguerita","twitter_site":"@LatAmJournalism","twitter_misc":{"Written by":"Silvia Higuera","Est. reading time":"8 minutos"},"schema":{"@context":"https:\/\/schema.org","@graph":[{"@type":"Article","@id":"https:\/\/latamjournalismreview.org\/es\/articles\/nace-red-palta-para-vigilar-el-uso-del-dinero-publico-y-de-las-politicas-publicas-en-america-latina\/#article","isPartOf":{"@id":"https:\/\/latamjournalismreview.org\/es\/articles\/nace-red-palta-para-vigilar-el-uso-del-dinero-publico-y-de-las-politicas-publicas-en-america-latina\/"},"author":{"name":"Silvia Higuera","@id":"https:\/\/latamjournalismreview.org\/es\/#\/schema\/person\/eac7baa6afada0957e047be9fc15703a"},"headline":"Nace Red PALTA para vigilar el uso del dinero p\u00fablico y de las pol\u00edticas p\u00fablicas en Am\u00e9rica Latina","datePublished":"2019-09-04T22:51:42+00:00","dateModified":"2020-06-17T22:52:16+00:00","mainEntityOfPage":{"@id":"https:\/\/latamjournalismreview.org\/es\/articles\/nace-red-palta-para-vigilar-el-uso-del-dinero-publico-y-de-las-politicas-publicas-en-america-latina\/"},"wordCount":1567,"publisher":{"@id":"https:\/\/latamjournalismreview.org\/es\/#organization"},"image":{"@id":"https:\/\/latamjournalismreview.org\/es\/articles\/nace-red-palta-para-vigilar-el-uso-del-dinero-publico-y-de-las-politicas-publicas-en-america-latina\/#primaryimage"},"thumbnailUrl":"https:\/\/latamjournalismreview.org\/wp-content\/uploads\/2020\/05\/Online-Learning-Featured-Image.png","keywords":["Colaboraci\u00f3n","Periodismo transfronterizo"],"articleSection":["Colaboraci\u00f3n"],"inLanguage":"es"},{"@type":"WebPage","@id":"https:\/\/latamjournalismreview.org\/es\/articles\/nace-red-palta-para-vigilar-el-uso-del-dinero-publico-y-de-las-politicas-publicas-en-america-latina\/","url":"https:\/\/latamjournalismreview.org\/es\/articles\/nace-red-palta-para-vigilar-el-uso-del-dinero-publico-y-de-las-politicas-publicas-en-america-latina\/","name":"Nace Red PALTA para vigilar el uso del dinero p\u00fablico y de las pol\u00edticas p\u00fablicas en Am\u00e9rica Latina - LatAm Journalism Review","isPartOf":{"@id":"https:\/\/latamjournalismreview.org\/es\/#website"},"primaryImageOfPage":{"@id":"https:\/\/latamjournalismreview.org\/es\/articles\/nace-red-palta-para-vigilar-el-uso-del-dinero-publico-y-de-las-politicas-publicas-en-america-latina\/#primaryimage"},"image":{"@id":"https:\/\/latamjournalismreview.org\/es\/articles\/nace-red-palta-para-vigilar-el-uso-del-dinero-publico-y-de-las-politicas-publicas-en-america-latina\/#primaryimage"},"thumbnailUrl":"https:\/\/latamjournalismreview.org\/wp-content\/uploads\/2020\/05\/Online-Learning-Featured-Image.png","datePublished":"2019-09-04T22:51:42+00:00","dateModified":"2020-06-17T22:52:16+00:00","description":"Nace Red PALTA para vigilar el uso del dinero p\u00fablico y de las pol\u00edticas p\u00fablicas en Am\u00e9rica Latina Colaboraci\u00f3n. Latin American Journalism Review by The Knight Center at The University of Texas at Austin.","breadcrumb":{"@id":"https:\/\/latamjournalismreview.org\/es\/articles\/nace-red-palta-para-vigilar-el-uso-del-dinero-publico-y-de-las-politicas-publicas-en-america-latina\/#breadcrumb"},"inLanguage":"es","potentialAction":[{"@type":"ReadAction","target":["https:\/\/latamjournalismreview.org\/es\/articles\/nace-red-palta-para-vigilar-el-uso-del-dinero-publico-y-de-las-politicas-publicas-en-america-latina\/"]}]},{"@type":"ImageObject","inLanguage":"es","@id":"https:\/\/latamjournalismreview.org\/es\/articles\/nace-red-palta-para-vigilar-el-uso-del-dinero-publico-y-de-las-politicas-publicas-en-america-latina\/#primaryimage","url":"https:\/\/latamjournalismreview.org\/wp-content\/uploads\/2020\/05\/Online-Learning-Featured-Image.png","contentUrl":"https:\/\/latamjournalismreview.org\/wp-content\/uploads\/2020\/05\/Online-Learning-Featured-Image.png","width":507,"height":340,"caption":"Online Learning Featured Image"},{"@type":"BreadcrumbList","@id":"https:\/\/latamjournalismreview.org\/es\/articles\/nace-red-palta-para-vigilar-el-uso-del-dinero-publico-y-de-las-politicas-publicas-en-america-latina\/#breadcrumb","itemListElement":[{"@type":"ListItem","position":1,"name":"Home","item":"https:\/\/latamjournalismreview.org\/es\/"},{"@type":"ListItem","position":2,"name":"Nace Red PALTA para vigilar el uso del dinero p\u00fablico y de las pol\u00edticas p\u00fablicas en Am\u00e9rica Latina"}]},{"@type":"WebSite","@id":"https:\/\/latamjournalismreview.org\/es\/#website","url":"https:\/\/latamjournalismreview.org\/es\/","name":"LatAm Journalism Review","description":"Knight Center at The University of Texas","publisher":{"@id":"https:\/\/latamjournalismreview.org\/es\/#organization"},"potentialAction":[{"@type":"SearchAction","target":{"@type":"EntryPoint","urlTemplate":"https:\/\/latamjournalismreview.org\/es\/?s={search_term_string}"},"query-input":{"@type":"PropertyValueSpecification","valueRequired":true,"valueName":"search_term_string"}}],"inLanguage":"es"},{"@type":"Organization","@id":"https:\/\/latamjournalismreview.org\/es\/#organization","name":"LatAm Journalism Review","url":"https:\/\/latamjournalismreview.org\/es\/","logo":{"@type":"ImageObject","inLanguage":"es","@id":"https:\/\/latamjournalismreview.org\/es\/#\/schema\/logo\/image\/","url":"https:\/\/latamjournalismreview.org\/wp-content\/uploads\/2020\/05\/knight-latAm-review-logo.svg","contentUrl":"https:\/\/latamjournalismreview.org\/wp-content\/uploads\/2020\/05\/knight-latAm-review-logo.svg","width":"1024","height":"1024","caption":"LatAm Journalism Review"},"image":{"@id":"https:\/\/latamjournalismreview.org\/es\/#\/schema\/logo\/image\/"},"sameAs":["https:\/\/x.com\/LatAmJournalism"]},{"@type":"Person","@id":"https:\/\/latamjournalismreview.org\/es\/#\/schema\/person\/eac7baa6afada0957e047be9fc15703a","name":"Silvia Higuera","description":"Silvia A. Higuera Fl\u00f3rez is a Colombian journalist interested in covering Latin American issues and human rights, especially the right to freedom of expression, and investigative journalism. She studied Social Communication and Journalism at Universidad Pontificia Bolivariana in Bucaramanga (Colombia), and received her Master's of Arts in Journalism from the University of Texas at Austin in 2015. She worked with the Office of the Special Rapporteur for Freedom of Expression of the Inter-American Commission on Human Rights (IACHR) under the Orlando Sierra fellowship during 2014. She also worked for the Colombian newspaper Vanguardia Liberal and wrote for different magazines about local, economic and public order issues. Her work has also appeared in The Miami Herald and El Nuevo Herald of Miami. Email: silvia.knightcenter@gmail.com Silvia A. Higuera Fl\u00f3rez es una periodista colombiana con inter\u00e9s period\u00edstico es Am\u00e9rica Latina y los derechos humanos, particularmente el derecho a la libertad de expresi\u00f3n, as\u00ed como el periodismo de investigaci\u00f3n. Estudi\u00f3 Comunicaci\u00f3n Social \u2013 Periodismo en la Universidad Pontificia Bolivariana de Bucaramanga (Colombia), y recibi\u00f3 su maestr\u00eda en Periodismo en la Universidad de Texas, en Austin en 2015. Trabaj\u00f3 para la Relator\u00eda Especial para la Libertad de Expresi\u00f3n de la Comisi\u00f3n Interamericana de Derechos Humanos (CIDH) en el marco de la beca Orlando Sierra, durante 2014. Tambi\u00e9n hizo parte del diario Vanguardia Liberal y escribi\u00f3 para otras revistas colombianas cubriendo fuentes locales, econ\u00f3micas y judiciales. Algunos de sus trabajos han aparecido en The Miami Herald y El Nuevo Herald de Miami. Silvia A. Higuera Fl\u00f3rez \u00e9 uma jornalista colombiana e seu interesse jornal\u00edstico \u00e9 a Am\u00e9rica Latina e os direitos humanos, nomeadamente o direito \u00e0 liberdade de express\u00e3o. Estudou Comunica\u00e7\u00e3o Social \u2013 Jornalismo na Universidade Pontif\u00edcia Bolivariana de Bucaramanga, na Col\u00f4mbia e completou seu mestrado em jornalismo na Universidade do Texas em Austin. Silvia trabalhou na Relatoria para a Liberdade de Express\u00e3o da CIDH pela bolsa Orlando Sierra, em 2014. Trabalhou para o jornal Vanguardia Liberal e escreveu para outras revistas colombianas cobrindo temas locais, econ\u00f4micas e judici\u00e1rias. Alguns de seus trabalhos apareceram no The Miami Herald e no El Nuevo Herald de Miami.","sameAs":["https:\/\/x.com\/shiguerita"],"url":"https:\/\/latamjournalismreview.org\/es\/articles\/author\/silvia-higuera\/"}]}},"_links":{"self":[{"href":"https:\/\/latamjournalismreview.org\/es\/wp-json\/wp\/v2\/posts\/4147","targetHints":{"allow":["GET"]}}],"collection":[{"href":"https:\/\/latamjournalismreview.org\/es\/wp-json\/wp\/v2\/posts"}],"about":[{"href":"https:\/\/latamjournalismreview.org\/es\/wp-json\/wp\/v2\/types\/post"}],"author":[{"embeddable":true,"href":"https:\/\/latamjournalismreview.org\/es\/wp-json\/wp\/v2\/users\/13"}],"replies":[{"embeddable":true,"href":"https:\/\/latamjournalismreview.org\/es\/wp-json\/wp\/v2\/comments?post=4147"}],"version-history":[{"count":3,"href":"https:\/\/latamjournalismreview.org\/es\/wp-json\/wp\/v2\/posts\/4147\/revisions"}],"predecessor-version":[{"id":7354,"href":"https:\/\/latamjournalismreview.org\/es\/wp-json\/wp\/v2\/posts\/4147\/revisions\/7354"}],"wp:featuredmedia":[{"embeddable":true,"href":"https:\/\/latamjournalismreview.org\/es\/wp-json\/wp\/v2\/media\/3371"}],"wp:attachment":[{"href":"https:\/\/latamjournalismreview.org\/es\/wp-json\/wp\/v2\/media?parent=4147"}],"wp:term":[{"taxonomy":"category","embeddable":true,"href":"https:\/\/latamjournalismreview.org\/es\/wp-json\/wp\/v2\/categories?post=4147"},{"taxonomy":"post_tag","embeddable":true,"href":"https:\/\/latamjournalismreview.org\/es\/wp-json\/wp\/v2\/tags?post=4147"},{"taxonomy":"author","embeddable":true,"href":"https:\/\/latamjournalismreview.org\/es\/wp-json\/wp\/v2\/coauthors?post=4147"}],"curies":[{"name":"wp","href":"https:\/\/api.w.org\/{rel}","templated":true}]}}