{"id":41584,"date":"2015-10-27T15:48:36","date_gmt":"2015-10-27T20:48:36","guid":{"rendered":"https:\/\/latamjournalismreview.org\/?p=41584"},"modified":"2021-11-15T15:51:54","modified_gmt":"2021-11-15T20:51:54","slug":"exigiendo-justicia-paraguayos-conmemoran-primer-aniversario-de-muerte-de-periodista","status":"publish","type":"post","link":"https:\/\/latamjournalismreview.org\/es\/articles\/exigiendo-justicia-paraguayos-conmemoran-primer-aniversario-de-muerte-de-periodista\/","title":{"rendered":"Exigiendo justicia paraguayos conmemoran primer aniversario de muerte de periodista"},"content":{"rendered":"<p>Una\u00a0<a href=\"http:\/\/www.abc.com.py\/especiales\/fin-de-semana\/el-dia-que-mataron-a-pablo-1417750.html\" target=\"_blank\" rel=\"noopener\">placa blanca cerca de la Villa Ygatim\u00ed, aproximadamente a 41 kil\u00f3metros de la frontera entre Paraguay y Brasil, conmemora<\/a>\u00a0a un periodista y a su asistente que hace un a\u00f1o fueron asesinados mientras conduc\u00edan por una carretera vecinal de la zona.<\/p>\n<p>\u201cQuienes tuvimos el privilegio de conocerles, supimos que fueron unas personas muy especiales, m\u00e1rtires de la verdad y acallados por la mafia. Siempre estaban dispuestos a ayudar a los dem\u00e1s, que nos dejaron muchas lecciones buenas. El vac\u00edo que nos dejaron est\u00e1 lleno de bendiciones y sus ejemplos nos guiar\u00e1n siempre por el camino del bien. Sus recuerdos quedar\u00e1n para siempre en nuestros corazones\u201d.<\/p>\n<p>El periodista Pablo Medina y su asistente Antonia Almada, de 19 a\u00f1os,<a href=\"https:\/\/knightcenter.utexas.edu\/es\/blog\/00-15807-ya-son-tres-los-periodistas-asesinados-en-paraguay-en-2014\" target=\"_blank\" rel=\"noopener\">\u00a0fueron asesinados el 16 de octubre de 2014<\/a>\u00a0cuando regresaban de la comunidad ind\u00edgena Ko\u2019\u00ea Por\u00e3 a las afueras de Curuguaty, Paraguay.<\/p>\n<p>Sus colegas evocaron el primer aniversario de la muerte de Medina y Almada en l\u00ednea y en persona, pidiendo una investigaci\u00f3n del crimen y un enjuiciamiento de los autores, adem\u00e1s de protecci\u00f3n para los periodistas que trabajan en terreno.<\/p>\n<p>Periodistas de todo el mundo se\u00a0<a href=\"https:\/\/www.facebook.com\/Fopep?fref=ts\" target=\"_blank\" rel=\"noopener\">tomaron fotos y grabaron videos<\/a>\u00a0para pedir el\u00a0fin de\u00a0la impunidad de los asesinatos de periodistas en Paraguay. Los\u00a0<em>hashtags<\/em>\u00a0<a href=\"https:\/\/twitter.com\/hashtag\/UnA%C3%B1oSinPablo?src=hash\" target=\"_blank\" rel=\"noopener\">#UnA\u00f1oSinPablo<\/a>\u00a0y\u00a0<a href=\"https:\/\/twitter.com\/hashtag\/justiciaparapablo?src=hash\" target=\"_blank\" rel=\"noopener\">#JusticiaParaPablo<\/a>\u00a0se tomaron las redes sociales.\u200b<\/p>\n<p><em>ABC Color<\/em>, el peri\u00f3dico donde trabajaba Medina, public\u00f3 varias historias sobre el estado de la investigaci\u00f3n de la muerte de su colega y del\u00a0<a href=\"http:\/\/www.abc.com.py\/edicion-impresa\/politica\/sistema-mafioso-esta-intacto-en-canindeyu-1418407.html\" target=\"_blank\" rel=\"noopener\">persistente dominio del tr\u00e1fico de drogas en Canindey\u00fa<\/a>. El peri\u00f3dico tambi\u00e9n invit\u00f3 a estudiantes a sus oficinas para ver una\u00a0<a href=\"http:\/\/www.abc.com.py\/edicion-impresa\/politica\/fotos-de-pablo-atraen-a-jovenes-1418243.html\" target=\"_blank\" rel=\"noopener\">exposici\u00f3n de las fotograf\u00edas de Medina<\/a>.<\/p>\n<p>Trabajadores de los medios en Ciudad del Este\u00a0<a href=\"http:\/\/www.abc.com.py\/edicion-impresa\/politica\/homenaje-a-pablo-medina-en-el-este-1418070.html\" target=\"_blank\" rel=\"noopener\">honraron a Medina con una manifestaci\u00f3n con carteles y velas<\/a>\u00a0en frente de las oficinas del peri\u00f3dico\u00a0<em>Vanguardia<\/em>.<\/p>\n<p>Familiares y amigos se reunieron en la plaza\u00a0<a href=\"http:\/\/www.abc.com.py\/edicion-impresa\/politica\/viuda-del-periodista-asesinado-exige-al-gobierno-se-haga-justicia-1418026.html\" target=\"_blank\" rel=\"noopener\">\u201c34 Curuguate\u00f1os\u201d\u00a0en Curuguaty<\/a>\u00a0para una misa y rememoraci\u00f3n de Medina. M\u00e1s tarde, concejales de esa ciudad\u00a0<a href=\"http:\/\/www.abc.com.py\/nacionales\/plaza-llevara-el-nombre-de-pablo-1418539.html\" target=\"_blank\" rel=\"noopener\">aprobaron una moci\u00f3n<\/a>\u00a0para que una plaza en el barrio Industrial lleve el nombre del periodista.<\/p>\n<p>Sus colegas plantaron \u00e1rboles en Asunci\u00f3n para simbolizar \u201c<a href=\"https:\/\/www.facebook.com\/media\/set\/?set=a.1188596327821236.1073741829.194659127214966&amp;type=3\" target=\"_blank\" rel=\"noopener\">la vida y el legado del comunicador\u00a0<\/a>asesinado a causa de sus publicaciones en que desnudaba la impunidad de los grupos mafiosos dedicados al tr\u00e1fico de drogas en el departamento de Canindey\u00fa\u201d, seg\u00fan public\u00f3 el Foro de Periodistas Paraguayos (Fopep) en su p\u00e1gina de Facebook.<\/p>\n<p>Los periodistas se reunieron para recordar a Medina y Almada en el seminario\u00a0<a href=\"http:\/\/sindicatodeperiodistas.org\/sa\/seminario-por-la-libertad-de-expresion-y-contra-la-narcopolitica\/\" target=\"_blank\" rel=\"noopener\">\u201cLa libertad de expresi\u00f3n en Paraguay y la amenaza de la narcopol\u00edtica\u201d<\/a>\u00a0organizado por el Fopep y por el Sindicato de Periodistas del Paraguay (SPP). All\u00ed hablaron de la \u201c<a href=\"http:\/\/ea.com.py\/v2\/periodistas-reclaman-investigacion-permanente-de-la-narcopolitica\/\" target=\"_blank\" rel=\"noopener\">necesidad de crear una comisi\u00f3n de seguimiento<\/a>\u00a0de la creciente presencia de la narcopol\u00edtica en el poder p\u00fablico del pa\u00eds\u201d, inform\u00f3 E\u2019a<\/p>\n<p>Un d\u00eda despu\u00e9s, el secretario general del SPP, Santiago Ortiz, \u201c<a href=\"http:\/\/ea.com.py\/v2\/exigen-a-autoridades-y-empresas-que-brinden-seguridad-a-periodistas\/\" target=\"_blank\" rel=\"noopener\">exigi\u00f3 a las autoridades y a las empresas<\/a>\u00a0period\u00edsticas que brinden las medidas de seguridad necesarias para los periodistas que trabajan en zonas de riesgo o investigan actividades vinculadas al crimen organizado\u201d, seg\u00fan E\u2019a.<\/p>\n<p>El portal de noticias dijo que el Ministerio del Interior no justific\u00f3 el retiro de la custodia policial de Medina, y que la empresa de Medina,\u00a0<em>ABC Color<\/em>, \u201cno cumpli\u00f3 con el seguro de vida estipulado en el contrato colectivo para los comunicadores que realizan sus labores en zonas de riesgo a pesar de los reiterados urgimientos del SPP\u201d.<\/p>\n<p>Incluyendo a Medina, cuatro periodistas fueron asesinados en Paraguay en 2014. El Comit\u00e9 para la Protecci\u00f3n de los Periodistas (CPJ por sus siglas en ingl\u00e9s) ubic\u00f3\u00a0<a href=\"https:\/\/knightcenter.utexas.edu\/es\/blog\/00-15886-paraguay-brasil-y-mexico-entre-los-paises-con-mas-muertes-de-periodistas-en-2014\" target=\"_blank\" rel=\"noopener\">al pa\u00eds entre los 20 pa\u00edses m\u00e1s mort\u00edferos para los periodistas<\/a>\u00a0de ese a\u00f1o. El periodista radial\u00a0<a href=\"https:\/\/knightcenter.utexas.edu\/es\/blog\/00-15611-asesinan-tiros-periodista-radial-en-paraguay\" target=\"_blank\" rel=\"noopener\">Fausto Gabriel Alcaraz<\/a>\u00a0fue asesinado en mayo en Pedro Juan Caballero, municipio al norte de Curuguaty, tambi\u00e9n en la frontera con Brasil. El locutor de radio\u00a0<a href=\"https:\/\/knightcenter.utexas.edu\/blog\/00-15669-another-paraguayan-journalist-killed-near-brazilian-border\" target=\"_blank\" rel=\"noopener\">\u00c9dgar Pantale\u00f3n Fern\u00e1ndez Fleitas<\/a>\u00a0fue baleado mortalmente en las cercan\u00edas de Concepci\u00f3n el 9 de junio.<\/p>\n<p>Medina era corresponsal regional para\u00a0<em>ABC Color<\/em>, el diario m\u00e1s grande del pa\u00eds, y hab\u00eda recibido repetidas amenazas por su cobertura sobre la producci\u00f3n de marihuana y el tr\u00e1fico de drogas. Un a\u00f1o antes de su asesinato,\u00a0<a href=\"http:\/\/www.abc.com.py\/especiales\/fin-de-semana\/el-dia-que-mataron-a-pablo-1417750.html\" target=\"_blank\" rel=\"noopener\">\u00e9l y su familia se mudaron a Asunci\u00f3n durante dos meses por causa de las amenazas<\/a>, inform\u00f3\u00a0<em>ABC Color<\/em>.<\/p>\n<p>Tambi\u00e9n hab\u00eda estado bajo protecci\u00f3n policial, pero\u00a0<a href=\"http:\/\/es.rsf.org\/paraguay-asesinan-en-una-emboscada-a-un-20-10-2014,47126.html\" target=\"_blank\" rel=\"noopener\">\u00e9sta fue retirada en 2013<\/a>, seg\u00fan Reporteros Sin Fronteras (RSF).\u00a0<a href=\"http:\/\/www.abc.com.py\/especiales\/fin-de-semana\/el-dia-que-mataron-a-pablo-1417750.html\" target=\"_blank\" rel=\"noopener\">Dos semanas antes de ser asesinado<\/a>, hab\u00eda llamado a un colega para preguntarle c\u00f3mo hab\u00eda obtenido protecci\u00f3n policial porque estaba preocupado despu\u00e9s de darse cuenta que un grupo de hombres hab\u00eda llegado a su municipio y estaba siguiendo a su hija, seg\u00fan\u00a0<em>ABC Color<\/em>.<\/p>\n<p>El hermano de Medina, el tambi\u00e9n\u00a0<a href=\"http:\/\/www.abc.com.py\/nacionales\/a-11-anos-del-asesinato-de-salvador-medina-352163.html\" target=\"_blank\" rel=\"noopener\">periodista Salvador Medina, fue asesinado en 2001<\/a>\u00a0en la misma regi\u00f3n noreste de Canindey\u00fa, reconocida por ser controlada por traficantes de droga.<\/p>\n<p>En marzo de 2015, las autoridades paraguayas\u00a0<a href=\"https:\/\/knightcenter.utexas.edu\/es\/blog\/00-15999-paraguay-pide-brasil-extradicion-de-presunto-asesino-de-periodista\" target=\"_blank\" rel=\"noopener\">enviaron una petici\u00f3n formal a Brasil pidiendo la extradici\u00f3n del paraguayo Vilmar Acosta Marques<\/a>, el ex alcalde de Ypejh\u00fa en el departamento Canendiy\u00fa, vinculado al asesinato de Pablo Medina.<\/p>\n<p>La atenci\u00f3n se enfoc\u00f3 r\u00e1pidamente sobre Acosta Marques despu\u00e9s del asesinato de Medina. Seg\u00fan inform\u00f3\u00a0<em>ABC Color<\/em>,\u00a0<a href=\"http:\/\/www.abc.com.py\/edicion-impresa\/politica\/publicaciones-de-pablo-sobre-trafico-y-homicidios-lo-llevaron-a-la-muerte-1345984.html\" target=\"_blank\" rel=\"noopener\">el periodista hab\u00eda vinculado a Marques con el tr\u00e1fico de drogas y con algunos homicidios<\/a>. Acosta Marques huy\u00f3.\u00a0<a href=\"https:\/\/knightcenter.utexas.edu\/es\/blog\/00-15999-paraguay-pide-brasil-extradicion-de-presunto-asesino-de-periodista\" target=\"_blank\" rel=\"noopener\">La polic\u00eda y la fiscal\u00eda han se\u00f1alado a Acosta Marqu\u00e9s como el autor intelectual<\/a>\u00a0del crimen, y han acusado a los miembros de su familia Wilson Acosta Marques y Flavio Acosta Riveros como los autores materiales.<\/p>\n<p>Las autoridades brasile\u00f1as\u00a0<a href=\"https:\/\/knightcenter.utexas.edu\/es\/blog\/00-15999-paraguay-pide-brasil-extradicion-de-presunto-asesino-de-periodista\" target=\"_blank\" rel=\"noopener\">capturaron a Acosta Marques el pasado marzo<\/a>, y ahora enfrenta cargos por el asesinato de Medina as\u00ed como por tr\u00e1fico de drogas. Su extradici\u00f3n se ha estancado porque afirma que es un ciudadano brasile\u00f1o.<\/p>\n<p>La familia de Medina\u00a0<a href=\"http:\/\/ea.com.py\/v2\/familiares-de-pablo-medina-estan-disconformes-con-actuacion-oficial\/\" target=\"_blank\" rel=\"noopener\">ha expresado su descontento<\/a>\u00a0ante el hecho de que los autores del crimen siguen libres, seg\u00fan E\u2019a.<\/p>\n<p><em>Nota del editor: Esta historia fue publicada originalmente en el blog Periodismo en las Am\u00e9ricas del Centro Knight, el predecesor de LatAm Journalism Review.<\/em><\/p>\n","protected":false},"excerpt":{"rendered":"<p>Una\u00a0placa blanca cerca de la Villa Ygatim\u00ed, aproximadamente a 41 kil\u00f3metros de la frontera entre Paraguay y Brasil, conmemora\u00a0a un periodista y a su asistente que hace un a\u00f1o fueron asesinados mientras conduc\u00edan por una carretera vecinal de la zona.<\/p>\n","protected":false},"author":3,"featured_media":0,"comment_status":"closed","ping_status":"closed","sticky":false,"template":"","format":"standard","meta":{"inline_featured_image":false,"footnotes":""},"categories":[1222],"tags":[1479,1501],"coauthors":[],"class_list":["post-41584","post","type-post","status-publish","format-standard","hentry","category-violencia-contra-periodistas-es","tag-asesinato-de-periodistas-es","tag-paraguay-es"],"acf":[],"yoast_head":"<!-- This site is optimized with the Yoast SEO Premium plugin v22.6 (Yoast SEO v27.4) - https:\/\/yoast.com\/product\/yoast-seo-premium-wordpress\/ -->\n<title>Exigiendo justicia paraguayos conmemoran primer aniversario de muerte de periodista - LatAm Journalism Review<\/title>\n<meta name=\"description\" content=\"Exigiendo justicia paraguayos conmemoran primer aniversario de muerte de periodista Violencia contra periodistas. Latin American Journalism Review by The Knight Center at The University of Texas at Austin.\" \/>\n<meta name=\"robots\" content=\"index, follow, max-snippet:-1, max-image-preview:large, max-video-preview:-1\" \/>\n<link rel=\"canonical\" href=\"https:\/\/latamjournalismreview.org\/es\/articles\/exigiendo-justicia-paraguayos-conmemoran-primer-aniversario-de-muerte-de-periodista\/\" \/>\n<meta property=\"og:locale\" content=\"es_ES\" \/>\n<meta property=\"og:type\" content=\"article\" \/>\n<meta property=\"og:title\" content=\"Exigiendo justicia paraguayos conmemoran primer aniversario de muerte de periodista\" \/>\n<meta property=\"og:description\" content=\"Exigiendo justicia paraguayos conmemoran primer aniversario de muerte de periodista Violencia contra periodistas. Latin American Journalism Review by The Knight Center at The University of Texas at Austin.\" \/>\n<meta property=\"og:url\" content=\"https:\/\/latamjournalismreview.org\/es\/articles\/exigiendo-justicia-paraguayos-conmemoran-primer-aniversario-de-muerte-de-periodista\/\" \/>\n<meta property=\"og:site_name\" content=\"LatAm Journalism Review\" \/>\n<meta property=\"article:published_time\" content=\"2015-10-27T20:48:36+00:00\" \/>\n<meta property=\"article:modified_time\" content=\"2021-11-15T20:51:54+00:00\" \/>\n<meta name=\"author\" content=\"Teresa Mioli\" \/>\n<meta name=\"twitter:card\" content=\"summary_large_image\" \/>\n<meta name=\"twitter:creator\" content=\"@TeresaMioli\" \/>\n<meta name=\"twitter:site\" content=\"@LatAmJournalism\" \/>\n<meta name=\"twitter:label1\" content=\"Written by\" \/>\n\t<meta name=\"twitter:data1\" content=\"Teresa Mioli\" \/>\n\t<meta name=\"twitter:label2\" content=\"Est. reading time\" \/>\n\t<meta name=\"twitter:data2\" content=\"5 minutos\" \/>\n<script type=\"application\/ld+json\" class=\"yoast-schema-graph\">{\"@context\":\"https:\\\/\\\/schema.org\",\"@graph\":[{\"@type\":\"Article\",\"@id\":\"https:\\\/\\\/latamjournalismreview.org\\\/es\\\/articles\\\/exigiendo-justicia-paraguayos-conmemoran-primer-aniversario-de-muerte-de-periodista\\\/#article\",\"isPartOf\":{\"@id\":\"https:\\\/\\\/latamjournalismreview.org\\\/es\\\/articles\\\/exigiendo-justicia-paraguayos-conmemoran-primer-aniversario-de-muerte-de-periodista\\\/\"},\"author\":{\"name\":\"Teresa Mioli\",\"@id\":\"https:\\\/\\\/latamjournalismreview.org\\\/es\\\/#\\\/schema\\\/person\\\/b83a4912f05c8178389e917d8d51de03\"},\"headline\":\"Exigiendo justicia paraguayos conmemoran primer aniversario de muerte de periodista\",\"datePublished\":\"2015-10-27T20:48:36+00:00\",\"dateModified\":\"2021-11-15T20:51:54+00:00\",\"mainEntityOfPage\":{\"@id\":\"https:\\\/\\\/latamjournalismreview.org\\\/es\\\/articles\\\/exigiendo-justicia-paraguayos-conmemoran-primer-aniversario-de-muerte-de-periodista\\\/\"},\"wordCount\":1064,\"publisher\":{\"@id\":\"https:\\\/\\\/latamjournalismreview.org\\\/es\\\/#organization\"},\"keywords\":[\"Asesinato de periodista\",\"Paraguay\"],\"articleSection\":[\"Violencia contra periodistas\"],\"inLanguage\":\"es\"},{\"@type\":\"WebPage\",\"@id\":\"https:\\\/\\\/latamjournalismreview.org\\\/es\\\/articles\\\/exigiendo-justicia-paraguayos-conmemoran-primer-aniversario-de-muerte-de-periodista\\\/\",\"url\":\"https:\\\/\\\/latamjournalismreview.org\\\/es\\\/articles\\\/exigiendo-justicia-paraguayos-conmemoran-primer-aniversario-de-muerte-de-periodista\\\/\",\"name\":\"Exigiendo justicia paraguayos conmemoran primer aniversario de muerte de periodista - LatAm Journalism Review\",\"isPartOf\":{\"@id\":\"https:\\\/\\\/latamjournalismreview.org\\\/es\\\/#website\"},\"datePublished\":\"2015-10-27T20:48:36+00:00\",\"dateModified\":\"2021-11-15T20:51:54+00:00\",\"description\":\"Exigiendo justicia paraguayos conmemoran primer aniversario de muerte de periodista Violencia contra periodistas. Latin American Journalism Review by The Knight Center at The University of Texas at Austin.\",\"breadcrumb\":{\"@id\":\"https:\\\/\\\/latamjournalismreview.org\\\/es\\\/articles\\\/exigiendo-justicia-paraguayos-conmemoran-primer-aniversario-de-muerte-de-periodista\\\/#breadcrumb\"},\"inLanguage\":\"es\",\"potentialAction\":[{\"@type\":\"ReadAction\",\"target\":[\"https:\\\/\\\/latamjournalismreview.org\\\/es\\\/articles\\\/exigiendo-justicia-paraguayos-conmemoran-primer-aniversario-de-muerte-de-periodista\\\/\"]}]},{\"@type\":\"BreadcrumbList\",\"@id\":\"https:\\\/\\\/latamjournalismreview.org\\\/es\\\/articles\\\/exigiendo-justicia-paraguayos-conmemoran-primer-aniversario-de-muerte-de-periodista\\\/#breadcrumb\",\"itemListElement\":[{\"@type\":\"ListItem\",\"position\":1,\"name\":\"Home\",\"item\":\"https:\\\/\\\/latamjournalismreview.org\\\/es\\\/\"},{\"@type\":\"ListItem\",\"position\":2,\"name\":\"Exigiendo justicia paraguayos conmemoran primer aniversario de muerte de periodista\"}]},{\"@type\":\"WebSite\",\"@id\":\"https:\\\/\\\/latamjournalismreview.org\\\/es\\\/#website\",\"url\":\"https:\\\/\\\/latamjournalismreview.org\\\/es\\\/\",\"name\":\"LatAm Journalism Review\",\"description\":\"Knight Center at The University of Texas\",\"publisher\":{\"@id\":\"https:\\\/\\\/latamjournalismreview.org\\\/es\\\/#organization\"},\"potentialAction\":[{\"@type\":\"SearchAction\",\"target\":{\"@type\":\"EntryPoint\",\"urlTemplate\":\"https:\\\/\\\/latamjournalismreview.org\\\/es\\\/?s={search_term_string}\"},\"query-input\":{\"@type\":\"PropertyValueSpecification\",\"valueRequired\":true,\"valueName\":\"search_term_string\"}}],\"inLanguage\":\"es\"},{\"@type\":\"Organization\",\"@id\":\"https:\\\/\\\/latamjournalismreview.org\\\/es\\\/#organization\",\"name\":\"LatAm Journalism Review\",\"url\":\"https:\\\/\\\/latamjournalismreview.org\\\/es\\\/\",\"logo\":{\"@type\":\"ImageObject\",\"inLanguage\":\"es\",\"@id\":\"https:\\\/\\\/latamjournalismreview.org\\\/es\\\/#\\\/schema\\\/logo\\\/image\\\/\",\"url\":\"https:\\\/\\\/latamjournalismreview.org\\\/wp-content\\\/uploads\\\/2020\\\/05\\\/knight-latAm-review-logo.svg\",\"contentUrl\":\"https:\\\/\\\/latamjournalismreview.org\\\/wp-content\\\/uploads\\\/2020\\\/05\\\/knight-latAm-review-logo.svg\",\"width\":\"1024\",\"height\":\"1024\",\"caption\":\"LatAm Journalism Review\"},\"image\":{\"@id\":\"https:\\\/\\\/latamjournalismreview.org\\\/es\\\/#\\\/schema\\\/logo\\\/image\\\/\"},\"sameAs\":[\"https:\\\/\\\/x.com\\\/LatAmJournalism\"]},{\"@type\":\"Person\",\"@id\":\"https:\\\/\\\/latamjournalismreview.org\\\/es\\\/#\\\/schema\\\/person\\\/b83a4912f05c8178389e917d8d51de03\",\"name\":\"Teresa Mioli\",\"description\":\"Teresa Mioli is the editorial manager for the Knight Center for Journalism in the Americas. She is interested in press freedom, democratization, and investigative journalism in Latin America and is dedicated to increasing awareness about the importance of independent news media to the health of democracies. She produces journalistic work with the aim of helping people to make informed decisions about their lives and societies and wants to make sure other journalists are able to do the same. She has Bachelors' degrees in Journalism and Plan II Honors (Liberal Arts) and a Master's degree in Latin American Studies, all from the University of Texas at Austin. She started her journalistic career at The Beaumont Enterprise in Southeast Texas where she last worked as a breaking news reporter. ______ Teresa Mioli es la directora editorial del Centro Knight para el Periodismo en las Am\u00e9ricas. Es una periodista con inter\u00e9s en la libertad de prensa, la democratizaci\u00f3n y el periodismo investigativo en Am\u00e9rica Latina y est\u00e1 dedicada a crear mayor consciencia sobre la importancia de los medios noticiosos independientes para la salud de las democracias. El objetivo de su trabajo period\u00edstico es ayudar las personas para que tomen decisiones informadas sobre sus vidas y sus sociedades, y busca que otros periodistas tengan la posibilidad de hacer lo mismo. Teresa tiene una licenciatura en Periodismo y Artes liberales (Plan II Honors), y una maestr\u00eda en Estudios Latinoamericanos, todos de la Universidad de Texas en Austin. Empez\u00f3 su carrera en periodismo en The Beaumont Enterprise al sureste de Texas, en donde recientemente trabaj\u00f3 como reportera de noticias de \u00faltima hora. Anteriormente ella fue la editora de LatAm Journalism Review del Centro Knight. ______ Teresa Mioli \u00e9 gerente editorial do Centro Knight para o Jornalismo nas Am\u00e9ricas. Ela se interessa por liberdade de imprensa, democratiza\u00e7\u00e3o e jornalismo investigativo na Am\u00e9rica Latina e se dedica a aumentar a conscientiza\u00e7\u00e3o sobre a import\u00e2ncia da m\u00eddia independente para a sa\u00fade das democracias. Ela produz trabalhos jornal\u00edsticos com o objetivo de ajudar as pessoas a tomarem decis\u00f5es informadas sobre suas vidas e sociedades e deseja garantir que outros jornalistas possam fazer o mesmo. Ela tem bacharelado em jornalismo e artes liberais e um mestrado em Estudos Latino-Americanos, todos pela Universidade do Texas em Austin. Ela come\u00e7ou sua carreira jornal\u00edstica na The Beaumont Enterprise no sudeste do Texas, onde trabalhou pela \u00faltima vez como rep\u00f3rter de not\u00edcias de \u00faltima hora.\",\"sameAs\":[\"https:\\\/\\\/x.com\\\/TeresaMioli\"],\"url\":\"https:\\\/\\\/latamjournalismreview.org\\\/es\\\/articles\\\/author\\\/teresa-mioli\\\/\"}]}<\/script>\n<!-- \/ Yoast SEO Premium plugin. -->","yoast_head_json":{"title":"Exigiendo justicia paraguayos conmemoran primer aniversario de muerte de periodista - LatAm Journalism Review","description":"Exigiendo justicia paraguayos conmemoran primer aniversario de muerte de periodista Violencia contra periodistas. Latin American Journalism Review by The Knight Center at The University of Texas at Austin.","robots":{"index":"index","follow":"follow","max-snippet":"max-snippet:-1","max-image-preview":"max-image-preview:large","max-video-preview":"max-video-preview:-1"},"canonical":"https:\/\/latamjournalismreview.org\/es\/articles\/exigiendo-justicia-paraguayos-conmemoran-primer-aniversario-de-muerte-de-periodista\/","og_locale":"es_ES","og_type":"article","og_title":"Exigiendo justicia paraguayos conmemoran primer aniversario de muerte de periodista","og_description":"Exigiendo justicia paraguayos conmemoran primer aniversario de muerte de periodista Violencia contra periodistas. Latin American Journalism Review by The Knight Center at The University of Texas at Austin.","og_url":"https:\/\/latamjournalismreview.org\/es\/articles\/exigiendo-justicia-paraguayos-conmemoran-primer-aniversario-de-muerte-de-periodista\/","og_site_name":"LatAm Journalism Review","article_published_time":"2015-10-27T20:48:36+00:00","article_modified_time":"2021-11-15T20:51:54+00:00","author":"Teresa Mioli","twitter_card":"summary_large_image","twitter_creator":"@TeresaMioli","twitter_site":"@LatAmJournalism","twitter_misc":{"Written by":"Teresa Mioli","Est. reading time":"5 minutos"},"schema":{"@context":"https:\/\/schema.org","@graph":[{"@type":"Article","@id":"https:\/\/latamjournalismreview.org\/es\/articles\/exigiendo-justicia-paraguayos-conmemoran-primer-aniversario-de-muerte-de-periodista\/#article","isPartOf":{"@id":"https:\/\/latamjournalismreview.org\/es\/articles\/exigiendo-justicia-paraguayos-conmemoran-primer-aniversario-de-muerte-de-periodista\/"},"author":{"name":"Teresa Mioli","@id":"https:\/\/latamjournalismreview.org\/es\/#\/schema\/person\/b83a4912f05c8178389e917d8d51de03"},"headline":"Exigiendo justicia paraguayos conmemoran primer aniversario de muerte de periodista","datePublished":"2015-10-27T20:48:36+00:00","dateModified":"2021-11-15T20:51:54+00:00","mainEntityOfPage":{"@id":"https:\/\/latamjournalismreview.org\/es\/articles\/exigiendo-justicia-paraguayos-conmemoran-primer-aniversario-de-muerte-de-periodista\/"},"wordCount":1064,"publisher":{"@id":"https:\/\/latamjournalismreview.org\/es\/#organization"},"keywords":["Asesinato de periodista","Paraguay"],"articleSection":["Violencia contra periodistas"],"inLanguage":"es"},{"@type":"WebPage","@id":"https:\/\/latamjournalismreview.org\/es\/articles\/exigiendo-justicia-paraguayos-conmemoran-primer-aniversario-de-muerte-de-periodista\/","url":"https:\/\/latamjournalismreview.org\/es\/articles\/exigiendo-justicia-paraguayos-conmemoran-primer-aniversario-de-muerte-de-periodista\/","name":"Exigiendo justicia paraguayos conmemoran primer aniversario de muerte de periodista - LatAm Journalism Review","isPartOf":{"@id":"https:\/\/latamjournalismreview.org\/es\/#website"},"datePublished":"2015-10-27T20:48:36+00:00","dateModified":"2021-11-15T20:51:54+00:00","description":"Exigiendo justicia paraguayos conmemoran primer aniversario de muerte de periodista Violencia contra periodistas. Latin American Journalism Review by The Knight Center at The University of Texas at Austin.","breadcrumb":{"@id":"https:\/\/latamjournalismreview.org\/es\/articles\/exigiendo-justicia-paraguayos-conmemoran-primer-aniversario-de-muerte-de-periodista\/#breadcrumb"},"inLanguage":"es","potentialAction":[{"@type":"ReadAction","target":["https:\/\/latamjournalismreview.org\/es\/articles\/exigiendo-justicia-paraguayos-conmemoran-primer-aniversario-de-muerte-de-periodista\/"]}]},{"@type":"BreadcrumbList","@id":"https:\/\/latamjournalismreview.org\/es\/articles\/exigiendo-justicia-paraguayos-conmemoran-primer-aniversario-de-muerte-de-periodista\/#breadcrumb","itemListElement":[{"@type":"ListItem","position":1,"name":"Home","item":"https:\/\/latamjournalismreview.org\/es\/"},{"@type":"ListItem","position":2,"name":"Exigiendo justicia paraguayos conmemoran primer aniversario de muerte de periodista"}]},{"@type":"WebSite","@id":"https:\/\/latamjournalismreview.org\/es\/#website","url":"https:\/\/latamjournalismreview.org\/es\/","name":"LatAm Journalism Review","description":"Knight Center at The University of Texas","publisher":{"@id":"https:\/\/latamjournalismreview.org\/es\/#organization"},"potentialAction":[{"@type":"SearchAction","target":{"@type":"EntryPoint","urlTemplate":"https:\/\/latamjournalismreview.org\/es\/?s={search_term_string}"},"query-input":{"@type":"PropertyValueSpecification","valueRequired":true,"valueName":"search_term_string"}}],"inLanguage":"es"},{"@type":"Organization","@id":"https:\/\/latamjournalismreview.org\/es\/#organization","name":"LatAm Journalism Review","url":"https:\/\/latamjournalismreview.org\/es\/","logo":{"@type":"ImageObject","inLanguage":"es","@id":"https:\/\/latamjournalismreview.org\/es\/#\/schema\/logo\/image\/","url":"https:\/\/latamjournalismreview.org\/wp-content\/uploads\/2020\/05\/knight-latAm-review-logo.svg","contentUrl":"https:\/\/latamjournalismreview.org\/wp-content\/uploads\/2020\/05\/knight-latAm-review-logo.svg","width":"1024","height":"1024","caption":"LatAm Journalism Review"},"image":{"@id":"https:\/\/latamjournalismreview.org\/es\/#\/schema\/logo\/image\/"},"sameAs":["https:\/\/x.com\/LatAmJournalism"]},{"@type":"Person","@id":"https:\/\/latamjournalismreview.org\/es\/#\/schema\/person\/b83a4912f05c8178389e917d8d51de03","name":"Teresa Mioli","description":"Teresa Mioli is the editorial manager for the Knight Center for Journalism in the Americas. She is interested in press freedom, democratization, and investigative journalism in Latin America and is dedicated to increasing awareness about the importance of independent news media to the health of democracies. She produces journalistic work with the aim of helping people to make informed decisions about their lives and societies and wants to make sure other journalists are able to do the same. She has Bachelors' degrees in Journalism and Plan II Honors (Liberal Arts) and a Master's degree in Latin American Studies, all from the University of Texas at Austin. She started her journalistic career at The Beaumont Enterprise in Southeast Texas where she last worked as a breaking news reporter. ______ Teresa Mioli es la directora editorial del Centro Knight para el Periodismo en las Am\u00e9ricas. Es una periodista con inter\u00e9s en la libertad de prensa, la democratizaci\u00f3n y el periodismo investigativo en Am\u00e9rica Latina y est\u00e1 dedicada a crear mayor consciencia sobre la importancia de los medios noticiosos independientes para la salud de las democracias. El objetivo de su trabajo period\u00edstico es ayudar las personas para que tomen decisiones informadas sobre sus vidas y sus sociedades, y busca que otros periodistas tengan la posibilidad de hacer lo mismo. Teresa tiene una licenciatura en Periodismo y Artes liberales (Plan II Honors), y una maestr\u00eda en Estudios Latinoamericanos, todos de la Universidad de Texas en Austin. Empez\u00f3 su carrera en periodismo en The Beaumont Enterprise al sureste de Texas, en donde recientemente trabaj\u00f3 como reportera de noticias de \u00faltima hora. Anteriormente ella fue la editora de LatAm Journalism Review del Centro Knight. ______ Teresa Mioli \u00e9 gerente editorial do Centro Knight para o Jornalismo nas Am\u00e9ricas. Ela se interessa por liberdade de imprensa, democratiza\u00e7\u00e3o e jornalismo investigativo na Am\u00e9rica Latina e se dedica a aumentar a conscientiza\u00e7\u00e3o sobre a import\u00e2ncia da m\u00eddia independente para a sa\u00fade das democracias. Ela produz trabalhos jornal\u00edsticos com o objetivo de ajudar as pessoas a tomarem decis\u00f5es informadas sobre suas vidas e sociedades e deseja garantir que outros jornalistas possam fazer o mesmo. Ela tem bacharelado em jornalismo e artes liberais e um mestrado em Estudos Latino-Americanos, todos pela Universidade do Texas em Austin. Ela come\u00e7ou sua carreira jornal\u00edstica na The Beaumont Enterprise no sudeste do Texas, onde trabalhou pela \u00faltima vez como rep\u00f3rter de not\u00edcias de \u00faltima hora.","sameAs":["https:\/\/x.com\/TeresaMioli"],"url":"https:\/\/latamjournalismreview.org\/es\/articles\/author\/teresa-mioli\/"}]}},"_links":{"self":[{"href":"https:\/\/latamjournalismreview.org\/es\/wp-json\/wp\/v2\/posts\/41584","targetHints":{"allow":["GET"]}}],"collection":[{"href":"https:\/\/latamjournalismreview.org\/es\/wp-json\/wp\/v2\/posts"}],"about":[{"href":"https:\/\/latamjournalismreview.org\/es\/wp-json\/wp\/v2\/types\/post"}],"author":[{"embeddable":true,"href":"https:\/\/latamjournalismreview.org\/es\/wp-json\/wp\/v2\/users\/3"}],"replies":[{"embeddable":true,"href":"https:\/\/latamjournalismreview.org\/es\/wp-json\/wp\/v2\/comments?post=41584"}],"version-history":[{"count":1,"href":"https:\/\/latamjournalismreview.org\/es\/wp-json\/wp\/v2\/posts\/41584\/revisions"}],"predecessor-version":[{"id":41586,"href":"https:\/\/latamjournalismreview.org\/es\/wp-json\/wp\/v2\/posts\/41584\/revisions\/41586"}],"wp:attachment":[{"href":"https:\/\/latamjournalismreview.org\/es\/wp-json\/wp\/v2\/media?parent=41584"}],"wp:term":[{"taxonomy":"category","embeddable":true,"href":"https:\/\/latamjournalismreview.org\/es\/wp-json\/wp\/v2\/categories?post=41584"},{"taxonomy":"post_tag","embeddable":true,"href":"https:\/\/latamjournalismreview.org\/es\/wp-json\/wp\/v2\/tags?post=41584"},{"taxonomy":"author","embeddable":true,"href":"https:\/\/latamjournalismreview.org\/es\/wp-json\/wp\/v2\/coauthors?post=41584"}],"curies":[{"name":"wp","href":"https:\/\/api.w.org\/{rel}","templated":true}]}}