{"id":41649,"date":"2014-04-02T17:40:09","date_gmt":"2014-04-02T22:40:09","guid":{"rendered":"https:\/\/latamjournalismreview.org\/?p=41649"},"modified":"2021-11-16T09:54:07","modified_gmt":"2021-11-16T14:54:07","slug":"condenan-a-tres-hombres-por-asesinato-de-periodista-hondureno-en-2012","status":"publish","type":"post","link":"https:\/\/latamjournalismreview.org\/es\/articles\/condenan-a-tres-hombres-por-asesinato-de-periodista-hondureno-en-2012\/","title":{"rendered":"Condenan a tres hombres por asesinato de periodista hondure\u00f1o en 2012"},"content":{"rendered":"<p><em>Por\u00a0Ellie Holmes*<\/em><\/p>\n<p>Una corte criminal en Honduras\u00a0<a href=\"https:\/\/en.rsf.org\/honduras-three-men-convicted-of-kidnapping-28-03-2014,46054.html\" target=\"_blank\" rel=\"noopener\">conden\u00f3 a tres hombres acusados de asesinar al periodista hondure\u00f1o\u00a0Alfredo Villatoro\u00a0en 2012<\/a>, inform\u00f3\u00a0Reporteros\u00a0Sin Fronteras.<\/p>\n<p>Villatoro, un periodista en la estaci\u00f3n de radio HRN, fue hallado muerto con dos disparos en la cabeza el 15 de mayo de 2012, seis d\u00edas despu\u00e9s de que fue secuestrado cuando regresaba a casa. El crimen ocurri\u00f3 en medio de<a href=\"http:\/\/www.bbc.com\/news\/world-latin-america-18083550\" target=\"_blank\" rel=\"noopener\">\u00a0una serie de ataques violentos contra la prensa hondure\u00f1a que incluyeron el asesinato del periodista y activista\u00a0por los derechos de los homosexuales Erick\u00a0Mart\u00ednez<\/a>, seg\u00fan la\u00a0BBC.<\/p>\n<p>El 25 de marzo, una corte de Tegucigalpa conden\u00f3 a\u00a0Marvin Alonso G\u00f3mez, Osman Fernando y Edgar Francisco Orsorio Argujo\u00a0por el crimen. Los tres fueron detenidos hace 22 meses como parte de un operativo policiaco que RSF describi\u00f3 como\u00a0<a href=\"https:\/\/en.rsf.org\/honduras-unprecedented-wave-of-arrests-in-29-05-2012,42685.html\" target=\"_blank\" rel=\"noopener\">\u201cuna ola sin precedentes\u201d\u00a0de arrestos<\/a>\u00a0despu\u00e9s de la muerte de Villatoro.<\/p>\n<p>Los hombres recibir\u00e1n su sentencia el 25 de abril. Enfrentan hasta 40 a\u00f1os en prisi\u00f3n.<\/p>\n<p>Para lograr la condena, los fiscales presentaron evidencia como pruebas de ADN y registros que mostraban que la familia de Villatoro recibi\u00f3 llamadas exigiendo un rescate para liberar al periodista.<\/p>\n<p>\u201cReporteros sin Fronteras celebra esta decisi\u00f3n legal \u2013espera la sentencia con impaciencia\u2013 y la seriedad de la investigaci\u00f3n emprendida por el Fiscal Especial contra el Crimen Organizado, lo que interpreta como una alentadora voluntad de las autoridades hondure\u00f1as de restablecer la justicia\u201d, se\u00f1al\u00f3 Camille Soulier, responsable del Despacho Am\u00e9ricas de la organizaci\u00f3n.<\/p>\n<p>Villatoro es uno entre m\u00e1s de 40 periodistas\u00a0asesinados en la \u00faltima d\u00e9cada.<\/p>\n<p><sub>*Ellie Holmes es una estudiante en la clase\u00a0\"Periodismo en Latinoam\u00e9rica\" en la Universidad de Texas en Austin.<\/sub><\/p>\n<p><em>Nota del editor: Esta historia fue publicada originalmente en el blog Periodismo en las Am\u00e9ricas del Centro Knight, el predecesor de LatAm Journalism Review.<\/em><\/p>\n","protected":false},"excerpt":{"rendered":"<p>Una corte criminal en Honduras\u00a0conden\u00f3 a tres hombres acusados de asesinar al periodista hondure\u00f1o\u00a0Alfredo Villatoro\u00a0en 2012, inform\u00f3\u00a0Reporteros\u00a0Sin Fronteras.<\/p>\n","protected":false},"author":17,"featured_media":0,"comment_status":"closed","ping_status":"closed","sticky":false,"template":"","format":"standard","meta":{"inline_featured_image":false,"footnotes":""},"categories":[1222],"tags":[1479,1440,1462],"coauthors":[],"class_list":["post-41649","post","type-post","status-publish","format-standard","hentry","category-violencia-contra-periodistas-es","tag-asesinato-de-periodistas-es","tag-detenciones-es","tag-honduras-es"],"acf":[],"yoast_head":"<!-- This site is optimized with the Yoast SEO Premium plugin v22.6 (Yoast SEO v27.4) - https:\/\/yoast.com\/product\/yoast-seo-premium-wordpress\/ -->\n<title>Condenan a tres hombres por asesinato de periodista hondure\u00f1o en 2012 - LatAm Journalism Review<\/title>\n<meta name=\"description\" content=\"Condenan a tres hombres por asesinato de periodista hondure\u00f1o en 2012 Violencia contra periodistas. Latin American Journalism Review by The Knight Center at The University of Texas at Austin.\" \/>\n<meta name=\"robots\" content=\"index, follow, max-snippet:-1, max-image-preview:large, max-video-preview:-1\" \/>\n<link rel=\"canonical\" href=\"https:\/\/latamjournalismreview.org\/es\/articles\/condenan-a-tres-hombres-por-asesinato-de-periodista-hondureno-en-2012\/\" \/>\n<meta property=\"og:locale\" content=\"es_ES\" \/>\n<meta property=\"og:type\" content=\"article\" \/>\n<meta property=\"og:title\" content=\"Condenan a tres hombres por asesinato de periodista hondure\u00f1o en 2012\" \/>\n<meta property=\"og:description\" content=\"Condenan a tres hombres por asesinato de periodista hondure\u00f1o en 2012 Violencia contra periodistas. Latin American Journalism Review by The Knight Center at The University of Texas at Austin.\" \/>\n<meta property=\"og:url\" content=\"https:\/\/latamjournalismreview.org\/es\/articles\/condenan-a-tres-hombres-por-asesinato-de-periodista-hondureno-en-2012\/\" \/>\n<meta property=\"og:site_name\" content=\"LatAm Journalism Review\" \/>\n<meta property=\"article:published_time\" content=\"2014-04-02T22:40:09+00:00\" \/>\n<meta property=\"article:modified_time\" content=\"2021-11-16T14:54:07+00:00\" \/>\n<meta name=\"author\" content=\"Guest\" \/>\n<meta name=\"twitter:card\" content=\"summary_large_image\" \/>\n<meta name=\"twitter:creator\" content=\"@LatAmJournalism\" \/>\n<meta name=\"twitter:site\" content=\"@LatAmJournalism\" \/>\n<meta name=\"twitter:label1\" content=\"Written by\" \/>\n\t<meta name=\"twitter:data1\" content=\"Guest\" \/>\n\t<meta name=\"twitter:label2\" content=\"Est. reading time\" \/>\n\t<meta name=\"twitter:data2\" content=\"2 minutos\" \/>\n<script type=\"application\/ld+json\" class=\"yoast-schema-graph\">{\"@context\":\"https:\\\/\\\/schema.org\",\"@graph\":[{\"@type\":\"Article\",\"@id\":\"https:\\\/\\\/latamjournalismreview.org\\\/es\\\/articles\\\/condenan-a-tres-hombres-por-asesinato-de-periodista-hondureno-en-2012\\\/#article\",\"isPartOf\":{\"@id\":\"https:\\\/\\\/latamjournalismreview.org\\\/es\\\/articles\\\/condenan-a-tres-hombres-por-asesinato-de-periodista-hondureno-en-2012\\\/\"},\"author\":{\"name\":\"Guest\",\"@id\":\"https:\\\/\\\/latamjournalismreview.org\\\/es\\\/#\\\/schema\\\/person\\\/0315202e0b3c0963a2440f1c3012c360\"},\"headline\":\"Condenan a tres hombres por asesinato de periodista hondure\u00f1o en 2012\",\"datePublished\":\"2014-04-02T22:40:09+00:00\",\"dateModified\":\"2021-11-16T14:54:07+00:00\",\"mainEntityOfPage\":{\"@id\":\"https:\\\/\\\/latamjournalismreview.org\\\/es\\\/articles\\\/condenan-a-tres-hombres-por-asesinato-de-periodista-hondureno-en-2012\\\/\"},\"wordCount\":324,\"publisher\":{\"@id\":\"https:\\\/\\\/latamjournalismreview.org\\\/es\\\/#organization\"},\"keywords\":[\"Asesinato de periodista\",\"Detenciones\",\"Honduras\"],\"articleSection\":[\"Violencia contra periodistas\"],\"inLanguage\":\"es\"},{\"@type\":\"WebPage\",\"@id\":\"https:\\\/\\\/latamjournalismreview.org\\\/es\\\/articles\\\/condenan-a-tres-hombres-por-asesinato-de-periodista-hondureno-en-2012\\\/\",\"url\":\"https:\\\/\\\/latamjournalismreview.org\\\/es\\\/articles\\\/condenan-a-tres-hombres-por-asesinato-de-periodista-hondureno-en-2012\\\/\",\"name\":\"Condenan a tres hombres por asesinato de periodista hondure\u00f1o en 2012 - LatAm Journalism Review\",\"isPartOf\":{\"@id\":\"https:\\\/\\\/latamjournalismreview.org\\\/es\\\/#website\"},\"datePublished\":\"2014-04-02T22:40:09+00:00\",\"dateModified\":\"2021-11-16T14:54:07+00:00\",\"description\":\"Condenan a tres hombres por asesinato de periodista hondure\u00f1o en 2012 Violencia contra periodistas. Latin American Journalism Review by The Knight Center at The University of Texas at Austin.\",\"breadcrumb\":{\"@id\":\"https:\\\/\\\/latamjournalismreview.org\\\/es\\\/articles\\\/condenan-a-tres-hombres-por-asesinato-de-periodista-hondureno-en-2012\\\/#breadcrumb\"},\"inLanguage\":\"es\",\"potentialAction\":[{\"@type\":\"ReadAction\",\"target\":[\"https:\\\/\\\/latamjournalismreview.org\\\/es\\\/articles\\\/condenan-a-tres-hombres-por-asesinato-de-periodista-hondureno-en-2012\\\/\"]}]},{\"@type\":\"BreadcrumbList\",\"@id\":\"https:\\\/\\\/latamjournalismreview.org\\\/es\\\/articles\\\/condenan-a-tres-hombres-por-asesinato-de-periodista-hondureno-en-2012\\\/#breadcrumb\",\"itemListElement\":[{\"@type\":\"ListItem\",\"position\":1,\"name\":\"Home\",\"item\":\"https:\\\/\\\/latamjournalismreview.org\\\/es\\\/\"},{\"@type\":\"ListItem\",\"position\":2,\"name\":\"Condenan a tres hombres por asesinato de periodista hondure\u00f1o en 2012\"}]},{\"@type\":\"WebSite\",\"@id\":\"https:\\\/\\\/latamjournalismreview.org\\\/es\\\/#website\",\"url\":\"https:\\\/\\\/latamjournalismreview.org\\\/es\\\/\",\"name\":\"LatAm Journalism Review\",\"description\":\"Knight Center at The University of Texas\",\"publisher\":{\"@id\":\"https:\\\/\\\/latamjournalismreview.org\\\/es\\\/#organization\"},\"potentialAction\":[{\"@type\":\"SearchAction\",\"target\":{\"@type\":\"EntryPoint\",\"urlTemplate\":\"https:\\\/\\\/latamjournalismreview.org\\\/es\\\/?s={search_term_string}\"},\"query-input\":{\"@type\":\"PropertyValueSpecification\",\"valueRequired\":true,\"valueName\":\"search_term_string\"}}],\"inLanguage\":\"es\"},{\"@type\":\"Organization\",\"@id\":\"https:\\\/\\\/latamjournalismreview.org\\\/es\\\/#organization\",\"name\":\"LatAm Journalism Review\",\"url\":\"https:\\\/\\\/latamjournalismreview.org\\\/es\\\/\",\"logo\":{\"@type\":\"ImageObject\",\"inLanguage\":\"es\",\"@id\":\"https:\\\/\\\/latamjournalismreview.org\\\/es\\\/#\\\/schema\\\/logo\\\/image\\\/\",\"url\":\"https:\\\/\\\/latamjournalismreview.org\\\/wp-content\\\/uploads\\\/2020\\\/05\\\/knight-latAm-review-logo.svg\",\"contentUrl\":\"https:\\\/\\\/latamjournalismreview.org\\\/wp-content\\\/uploads\\\/2020\\\/05\\\/knight-latAm-review-logo.svg\",\"width\":\"1024\",\"height\":\"1024\",\"caption\":\"LatAm Journalism Review\"},\"image\":{\"@id\":\"https:\\\/\\\/latamjournalismreview.org\\\/es\\\/#\\\/schema\\\/logo\\\/image\\\/\"},\"sameAs\":[\"https:\\\/\\\/x.com\\\/LatAmJournalism\"]},{\"@type\":\"Person\",\"@id\":\"https:\\\/\\\/latamjournalismreview.org\\\/es\\\/#\\\/schema\\\/person\\\/0315202e0b3c0963a2440f1c3012c360\",\"name\":\"Guest\",\"url\":\"https:\\\/\\\/latamjournalismreview.org\\\/es\\\/articles\\\/author\\\/guest\\\/\"}]}<\/script>\n<!-- \/ Yoast SEO Premium plugin. -->","yoast_head_json":{"title":"Condenan a tres hombres por asesinato de periodista hondure\u00f1o en 2012 - LatAm Journalism Review","description":"Condenan a tres hombres por asesinato de periodista hondure\u00f1o en 2012 Violencia contra periodistas. Latin American Journalism Review by The Knight Center at The University of Texas at Austin.","robots":{"index":"index","follow":"follow","max-snippet":"max-snippet:-1","max-image-preview":"max-image-preview:large","max-video-preview":"max-video-preview:-1"},"canonical":"https:\/\/latamjournalismreview.org\/es\/articles\/condenan-a-tres-hombres-por-asesinato-de-periodista-hondureno-en-2012\/","og_locale":"es_ES","og_type":"article","og_title":"Condenan a tres hombres por asesinato de periodista hondure\u00f1o en 2012","og_description":"Condenan a tres hombres por asesinato de periodista hondure\u00f1o en 2012 Violencia contra periodistas. Latin American Journalism Review by The Knight Center at The University of Texas at Austin.","og_url":"https:\/\/latamjournalismreview.org\/es\/articles\/condenan-a-tres-hombres-por-asesinato-de-periodista-hondureno-en-2012\/","og_site_name":"LatAm Journalism Review","article_published_time":"2014-04-02T22:40:09+00:00","article_modified_time":"2021-11-16T14:54:07+00:00","author":"Guest","twitter_card":"summary_large_image","twitter_creator":"@LatAmJournalism","twitter_site":"@LatAmJournalism","twitter_misc":{"Written by":"Guest","Est. reading time":"2 minutos"},"schema":{"@context":"https:\/\/schema.org","@graph":[{"@type":"Article","@id":"https:\/\/latamjournalismreview.org\/es\/articles\/condenan-a-tres-hombres-por-asesinato-de-periodista-hondureno-en-2012\/#article","isPartOf":{"@id":"https:\/\/latamjournalismreview.org\/es\/articles\/condenan-a-tres-hombres-por-asesinato-de-periodista-hondureno-en-2012\/"},"author":{"name":"Guest","@id":"https:\/\/latamjournalismreview.org\/es\/#\/schema\/person\/0315202e0b3c0963a2440f1c3012c360"},"headline":"Condenan a tres hombres por asesinato de periodista hondure\u00f1o en 2012","datePublished":"2014-04-02T22:40:09+00:00","dateModified":"2021-11-16T14:54:07+00:00","mainEntityOfPage":{"@id":"https:\/\/latamjournalismreview.org\/es\/articles\/condenan-a-tres-hombres-por-asesinato-de-periodista-hondureno-en-2012\/"},"wordCount":324,"publisher":{"@id":"https:\/\/latamjournalismreview.org\/es\/#organization"},"keywords":["Asesinato de periodista","Detenciones","Honduras"],"articleSection":["Violencia contra periodistas"],"inLanguage":"es"},{"@type":"WebPage","@id":"https:\/\/latamjournalismreview.org\/es\/articles\/condenan-a-tres-hombres-por-asesinato-de-periodista-hondureno-en-2012\/","url":"https:\/\/latamjournalismreview.org\/es\/articles\/condenan-a-tres-hombres-por-asesinato-de-periodista-hondureno-en-2012\/","name":"Condenan a tres hombres por asesinato de periodista hondure\u00f1o en 2012 - LatAm Journalism Review","isPartOf":{"@id":"https:\/\/latamjournalismreview.org\/es\/#website"},"datePublished":"2014-04-02T22:40:09+00:00","dateModified":"2021-11-16T14:54:07+00:00","description":"Condenan a tres hombres por asesinato de periodista hondure\u00f1o en 2012 Violencia contra periodistas. Latin American Journalism Review by The Knight Center at The University of Texas at Austin.","breadcrumb":{"@id":"https:\/\/latamjournalismreview.org\/es\/articles\/condenan-a-tres-hombres-por-asesinato-de-periodista-hondureno-en-2012\/#breadcrumb"},"inLanguage":"es","potentialAction":[{"@type":"ReadAction","target":["https:\/\/latamjournalismreview.org\/es\/articles\/condenan-a-tres-hombres-por-asesinato-de-periodista-hondureno-en-2012\/"]}]},{"@type":"BreadcrumbList","@id":"https:\/\/latamjournalismreview.org\/es\/articles\/condenan-a-tres-hombres-por-asesinato-de-periodista-hondureno-en-2012\/#breadcrumb","itemListElement":[{"@type":"ListItem","position":1,"name":"Home","item":"https:\/\/latamjournalismreview.org\/es\/"},{"@type":"ListItem","position":2,"name":"Condenan a tres hombres por asesinato de periodista hondure\u00f1o en 2012"}]},{"@type":"WebSite","@id":"https:\/\/latamjournalismreview.org\/es\/#website","url":"https:\/\/latamjournalismreview.org\/es\/","name":"LatAm Journalism Review","description":"Knight Center at The University of Texas","publisher":{"@id":"https:\/\/latamjournalismreview.org\/es\/#organization"},"potentialAction":[{"@type":"SearchAction","target":{"@type":"EntryPoint","urlTemplate":"https:\/\/latamjournalismreview.org\/es\/?s={search_term_string}"},"query-input":{"@type":"PropertyValueSpecification","valueRequired":true,"valueName":"search_term_string"}}],"inLanguage":"es"},{"@type":"Organization","@id":"https:\/\/latamjournalismreview.org\/es\/#organization","name":"LatAm Journalism Review","url":"https:\/\/latamjournalismreview.org\/es\/","logo":{"@type":"ImageObject","inLanguage":"es","@id":"https:\/\/latamjournalismreview.org\/es\/#\/schema\/logo\/image\/","url":"https:\/\/latamjournalismreview.org\/wp-content\/uploads\/2020\/05\/knight-latAm-review-logo.svg","contentUrl":"https:\/\/latamjournalismreview.org\/wp-content\/uploads\/2020\/05\/knight-latAm-review-logo.svg","width":"1024","height":"1024","caption":"LatAm Journalism Review"},"image":{"@id":"https:\/\/latamjournalismreview.org\/es\/#\/schema\/logo\/image\/"},"sameAs":["https:\/\/x.com\/LatAmJournalism"]},{"@type":"Person","@id":"https:\/\/latamjournalismreview.org\/es\/#\/schema\/person\/0315202e0b3c0963a2440f1c3012c360","name":"Guest","url":"https:\/\/latamjournalismreview.org\/es\/articles\/author\/guest\/"}]}},"_links":{"self":[{"href":"https:\/\/latamjournalismreview.org\/es\/wp-json\/wp\/v2\/posts\/41649","targetHints":{"allow":["GET"]}}],"collection":[{"href":"https:\/\/latamjournalismreview.org\/es\/wp-json\/wp\/v2\/posts"}],"about":[{"href":"https:\/\/latamjournalismreview.org\/es\/wp-json\/wp\/v2\/types\/post"}],"author":[{"embeddable":true,"href":"https:\/\/latamjournalismreview.org\/es\/wp-json\/wp\/v2\/users\/17"}],"replies":[{"embeddable":true,"href":"https:\/\/latamjournalismreview.org\/es\/wp-json\/wp\/v2\/comments?post=41649"}],"version-history":[{"count":2,"href":"https:\/\/latamjournalismreview.org\/es\/wp-json\/wp\/v2\/posts\/41649\/revisions"}],"predecessor-version":[{"id":41651,"href":"https:\/\/latamjournalismreview.org\/es\/wp-json\/wp\/v2\/posts\/41649\/revisions\/41651"}],"wp:attachment":[{"href":"https:\/\/latamjournalismreview.org\/es\/wp-json\/wp\/v2\/media?parent=41649"}],"wp:term":[{"taxonomy":"category","embeddable":true,"href":"https:\/\/latamjournalismreview.org\/es\/wp-json\/wp\/v2\/categories?post=41649"},{"taxonomy":"post_tag","embeddable":true,"href":"https:\/\/latamjournalismreview.org\/es\/wp-json\/wp\/v2\/tags?post=41649"},{"taxonomy":"author","embeddable":true,"href":"https:\/\/latamjournalismreview.org\/es\/wp-json\/wp\/v2\/coauthors?post=41649"}],"curies":[{"name":"wp","href":"https:\/\/api.w.org\/{rel}","templated":true}]}}