{"id":41795,"date":"2014-03-24T13:22:12","date_gmt":"2014-03-24T18:22:12","guid":{"rendered":"https:\/\/latamjournalismreview.org\/?p=41795"},"modified":"2021-11-16T13:50:20","modified_gmt":"2021-11-16T18:50:20","slug":"periodistas-venezolanos-protestan-por-agresiones-de-la-guardia-nacional-y-detencion-de-colegas","status":"publish","type":"post","link":"https:\/\/latamjournalismreview.org\/es\/articles\/periodistas-venezolanos-protestan-por-agresiones-de-la-guardia-nacional-y-detencion-de-colegas\/","title":{"rendered":"Periodistas venezolanos protestan por agresiones de la Guardia Nacional y detenci\u00f3n de colegas"},"content":{"rendered":"<p><em>Por Samantha Badgen<\/em><\/p>\n<p>Periodistas venezolanos de distintos medios se encontraron el domingo 23 de marzo en la Plaza Madariaga en Caracas para responder al llamado del Sindicato Nacional de Trabajadores de Prensa (SNTP) <a href=\"http:\/\/www.eluniversal.com\/nacional-y-politica\/protestas-en-venezuela\/140323\/periodistas-protestan-contra-la-represion-en-el-paraiso\">para repudiar la \u201crepresi\u00f3n en contra de los trabajadores de la prensa\u201d por parte de la Guardia Nacional<\/a>.<\/p>\n<p>Seg\u00fan el diario El Universal, los manifestantes entregaron un comunicado al Comandante General de la Guardia Nacional, Noguera Pietri, y representantes del SNTP se reunieron con \u00e9l en la comandancia de la Guardia Nacional, para denunciar las agresiones contra periodistas -- entre ellas<a href=\"http:\/\/www.eluniversal.com\/nacional-y-politica\/protestas-en-venezuela\/140323\/en-libertad-el-periodista-israel-ruiz\" target=\"_blank\" rel=\"noopener\"> la detenci\u00f3n en Altos Mirandinos del periodista Israel Ruiz<\/a>. Luego de que Pietri se reuniese con el SNTP, se anunci\u00f3 que Ruiz fue liberado sin cargo alguno.<\/p>\n<p>La reuni\u00f3n con Pietri\u00a0 se produjo luego de que Mildred Manrique, periodista del diario 2001, <a href=\"http:\/\/ipys.org.ve\/alerta\/caracas-funcionarios-de-la-gnb-detuvieron-a-periodista-allanaron-su-residencia-y-presuntamente-la-acusaron-por-tener-equipo-de-proteccion-para-cobertura-de-protestas\/\">fuera arrestada por la Guardia Nacional tras el allanamiento de su casa el s\u00e1bado 22 de marzo<\/a>.<\/p>\n<p>Ese d\u00eda, seg\u00fan el Instituto de Prensa y Sociedad de Venezuela (IPYS), oficiales entraron al edificio en el sector Altamira de Caracas donde vive Manrique y allanaron varios departamentos donde presuntamente se encontraban personas que hab\u00edan arrojado objetos a las autoridades. Luz Mely Reyes, director del diario 2001, le dijo a IPYS que los oficiales ingresaron a la residencia de Manrique y la detuvieron tras se\u00f1arla como \u201cterrorista\u201d por tener en su posesi\u00f3n un casco, una m\u00e1scara anti-gas y un chaleco anti-balas, equipamiento que la periodista usa para cubrir las protestas.<\/p>\n<p>Los oficiales confiscaron el equipo y otras pertenencias, <a href=\"http:\/\/internacional.elpais.com\/internacional\/2014\/03\/23\/actualidad\/1395544255_601513.html\">entre ellas tres computadoras<\/a>. Seg\u00fan el diario El Pa\u00eds, el General de Brigada Manuel Fern\u00e1ndez Quevedo asegur\u00f3 que tambi\u00e9n hab\u00edan encontrado bombas molotov, m\u00e1scaras antig\u00e1s y propaganda contra el gobierno en la residencia de Manrique.<\/p>\n<p>Seg\u00fan IPYS, Manrique se encontraba detenida en Fuerte Tiuna, un complejo militar, donde era posible que se le imputasen cargos. Luego de ser interrogada, <a href=\"http:\/\/www.ultimasnoticias.com.ve\/noticias\/actualidad\/sucesos\/periodista-mildred-manrique-fue-liberada.aspx\">Manrique fue liberada el sabado 22 de marzo a la noche.\u00a0<\/a><\/p>\n<p><a href=\"http:\/\/ipys.org.ve\/alerta\/caracas-cuerpos-de-seguridad-del-estado-amenazaron-a-reportera-de-diario-de-circulacion-nacional\/\">Manrique ya hab\u00eda sido agredida por funcionarios de la Guardia Nacional anteriormente mientras cubr\u00eda manifestaciones<\/a>. En dos ocasiones, oficiales le apuntaron con sus armas y amenazaron con dispararle si tomaba fotos de las protestas, a\u00fan llevando puesto su carnet de prensa, se\u00f1al\u00f3 IPYS.<\/p>\n<p>Organizaciones period\u00edsticas ponen el n\u00famero de agresiones contra periodistas por encima de 65 desde que las manifestaciones en contra de la inseguridad y la escasez de bienes empezaron en Venezuela el 12 de febrero.<\/p>\n<p><em>Nota del editor: Esta historia fue publicada originalmente en el blog Periodismo en las Am\u00e9ricas del Centro Knight, el predecesor de LatAm Journalism Review.<\/em><\/p>\n","protected":false},"excerpt":{"rendered":"<p>Periodistas venezolanos de distintos medios se encontraron el domingo 23 de marzo en la Plaza Madariaga en Caracas para responder al llamado del Sindicato Nacional de Trabajadores de Prensa (SNTP) para repudiar la \u201crepresi\u00f3n en contra de los trabajadores de la prensa\u201d por parte de la Guardia Nacional.<\/p>\n","protected":false},"author":22,"featured_media":0,"comment_status":"closed","ping_status":"closed","sticky":false,"template":"","format":"standard","meta":{"inline_featured_image":false,"footnotes":""},"categories":[1222],"tags":[1440,1405],"coauthors":[],"class_list":["post-41795","post","type-post","status-publish","format-standard","hentry","category-violencia-contra-periodistas-es","tag-detenciones-es","tag-venezuela-es-2"],"acf":[],"yoast_head":"<!-- This site is optimized with the Yoast SEO Premium plugin v22.6 (Yoast SEO v27.4) - https:\/\/yoast.com\/product\/yoast-seo-premium-wordpress\/ -->\n<title>Periodistas venezolanos protestan por agresiones de la Guardia Nacional y detenci\u00f3n de colegas - LatAm Journalism Review<\/title>\n<meta name=\"description\" content=\"Periodistas venezolanos protestan por agresiones de la Guardia Nacional y detenci\u00f3n de colegas Violencia contra periodistas. Latin American Journalism Review by The Knight Center at The University of Texas at Austin.\" \/>\n<meta name=\"robots\" content=\"index, follow, max-snippet:-1, max-image-preview:large, max-video-preview:-1\" \/>\n<link rel=\"canonical\" href=\"https:\/\/latamjournalismreview.org\/es\/articles\/periodistas-venezolanos-protestan-por-agresiones-de-la-guardia-nacional-y-detencion-de-colegas\/\" \/>\n<meta property=\"og:locale\" content=\"es_ES\" \/>\n<meta property=\"og:type\" content=\"article\" \/>\n<meta property=\"og:title\" content=\"Periodistas venezolanos protestan por agresiones de la Guardia Nacional y detenci\u00f3n de colegas\" \/>\n<meta property=\"og:description\" content=\"Periodistas venezolanos protestan por agresiones de la Guardia Nacional y detenci\u00f3n de colegas Violencia contra periodistas. Latin American Journalism Review by The Knight Center at The University of Texas at Austin.\" \/>\n<meta property=\"og:url\" content=\"https:\/\/latamjournalismreview.org\/es\/articles\/periodistas-venezolanos-protestan-por-agresiones-de-la-guardia-nacional-y-detencion-de-colegas\/\" \/>\n<meta property=\"og:site_name\" content=\"LatAm Journalism Review\" \/>\n<meta property=\"article:published_time\" content=\"2014-03-24T18:22:12+00:00\" \/>\n<meta property=\"article:modified_time\" content=\"2021-11-16T18:50:20+00:00\" \/>\n<meta name=\"author\" content=\"Knight Center\" \/>\n<meta name=\"twitter:card\" content=\"summary_large_image\" \/>\n<meta name=\"twitter:creator\" content=\"@LatAmJournalism\" \/>\n<meta name=\"twitter:site\" content=\"@LatAmJournalism\" \/>\n<meta name=\"twitter:label1\" content=\"Written by\" \/>\n\t<meta name=\"twitter:data1\" content=\"Knight Center\" \/>\n\t<meta name=\"twitter:label2\" content=\"Est. reading time\" \/>\n\t<meta name=\"twitter:data2\" content=\"2 minutos\" \/>\n<script type=\"application\/ld+json\" class=\"yoast-schema-graph\">{\"@context\":\"https:\\\/\\\/schema.org\",\"@graph\":[{\"@type\":\"Article\",\"@id\":\"https:\\\/\\\/latamjournalismreview.org\\\/es\\\/articles\\\/periodistas-venezolanos-protestan-por-agresiones-de-la-guardia-nacional-y-detencion-de-colegas\\\/#article\",\"isPartOf\":{\"@id\":\"https:\\\/\\\/latamjournalismreview.org\\\/es\\\/articles\\\/periodistas-venezolanos-protestan-por-agresiones-de-la-guardia-nacional-y-detencion-de-colegas\\\/\"},\"author\":{\"name\":\"Knight Center\",\"@id\":\"https:\\\/\\\/latamjournalismreview.org\\\/es\\\/#\\\/schema\\\/person\\\/6c325fd0fef0cd167424c683e6577e19\"},\"headline\":\"Periodistas venezolanos protestan por agresiones de la Guardia Nacional y detenci\u00f3n de colegas\",\"datePublished\":\"2014-03-24T18:22:12+00:00\",\"dateModified\":\"2021-11-16T18:50:20+00:00\",\"mainEntityOfPage\":{\"@id\":\"https:\\\/\\\/latamjournalismreview.org\\\/es\\\/articles\\\/periodistas-venezolanos-protestan-por-agresiones-de-la-guardia-nacional-y-detencion-de-colegas\\\/\"},\"wordCount\":456,\"publisher\":{\"@id\":\"https:\\\/\\\/latamjournalismreview.org\\\/es\\\/#organization\"},\"keywords\":[\"Detenciones\",\"Venezuela\"],\"articleSection\":[\"Violencia contra periodistas\"],\"inLanguage\":\"es\"},{\"@type\":\"WebPage\",\"@id\":\"https:\\\/\\\/latamjournalismreview.org\\\/es\\\/articles\\\/periodistas-venezolanos-protestan-por-agresiones-de-la-guardia-nacional-y-detencion-de-colegas\\\/\",\"url\":\"https:\\\/\\\/latamjournalismreview.org\\\/es\\\/articles\\\/periodistas-venezolanos-protestan-por-agresiones-de-la-guardia-nacional-y-detencion-de-colegas\\\/\",\"name\":\"Periodistas venezolanos protestan por agresiones de la Guardia Nacional y detenci\u00f3n de colegas - LatAm Journalism Review\",\"isPartOf\":{\"@id\":\"https:\\\/\\\/latamjournalismreview.org\\\/es\\\/#website\"},\"datePublished\":\"2014-03-24T18:22:12+00:00\",\"dateModified\":\"2021-11-16T18:50:20+00:00\",\"description\":\"Periodistas venezolanos protestan por agresiones de la Guardia Nacional y detenci\u00f3n de colegas Violencia contra periodistas. Latin American Journalism Review by The Knight Center at The University of Texas at Austin.\",\"breadcrumb\":{\"@id\":\"https:\\\/\\\/latamjournalismreview.org\\\/es\\\/articles\\\/periodistas-venezolanos-protestan-por-agresiones-de-la-guardia-nacional-y-detencion-de-colegas\\\/#breadcrumb\"},\"inLanguage\":\"es\",\"potentialAction\":[{\"@type\":\"ReadAction\",\"target\":[\"https:\\\/\\\/latamjournalismreview.org\\\/es\\\/articles\\\/periodistas-venezolanos-protestan-por-agresiones-de-la-guardia-nacional-y-detencion-de-colegas\\\/\"]}]},{\"@type\":\"BreadcrumbList\",\"@id\":\"https:\\\/\\\/latamjournalismreview.org\\\/es\\\/articles\\\/periodistas-venezolanos-protestan-por-agresiones-de-la-guardia-nacional-y-detencion-de-colegas\\\/#breadcrumb\",\"itemListElement\":[{\"@type\":\"ListItem\",\"position\":1,\"name\":\"Home\",\"item\":\"https:\\\/\\\/latamjournalismreview.org\\\/es\\\/\"},{\"@type\":\"ListItem\",\"position\":2,\"name\":\"Periodistas venezolanos protestan por agresiones de la Guardia Nacional y detenci\u00f3n de colegas\"}]},{\"@type\":\"WebSite\",\"@id\":\"https:\\\/\\\/latamjournalismreview.org\\\/es\\\/#website\",\"url\":\"https:\\\/\\\/latamjournalismreview.org\\\/es\\\/\",\"name\":\"LatAm Journalism Review\",\"description\":\"Knight Center at The University of Texas\",\"publisher\":{\"@id\":\"https:\\\/\\\/latamjournalismreview.org\\\/es\\\/#organization\"},\"potentialAction\":[{\"@type\":\"SearchAction\",\"target\":{\"@type\":\"EntryPoint\",\"urlTemplate\":\"https:\\\/\\\/latamjournalismreview.org\\\/es\\\/?s={search_term_string}\"},\"query-input\":{\"@type\":\"PropertyValueSpecification\",\"valueRequired\":true,\"valueName\":\"search_term_string\"}}],\"inLanguage\":\"es\"},{\"@type\":\"Organization\",\"@id\":\"https:\\\/\\\/latamjournalismreview.org\\\/es\\\/#organization\",\"name\":\"LatAm Journalism Review\",\"url\":\"https:\\\/\\\/latamjournalismreview.org\\\/es\\\/\",\"logo\":{\"@type\":\"ImageObject\",\"inLanguage\":\"es\",\"@id\":\"https:\\\/\\\/latamjournalismreview.org\\\/es\\\/#\\\/schema\\\/logo\\\/image\\\/\",\"url\":\"https:\\\/\\\/latamjournalismreview.org\\\/wp-content\\\/uploads\\\/2020\\\/05\\\/knight-latAm-review-logo.svg\",\"contentUrl\":\"https:\\\/\\\/latamjournalismreview.org\\\/wp-content\\\/uploads\\\/2020\\\/05\\\/knight-latAm-review-logo.svg\",\"width\":\"1024\",\"height\":\"1024\",\"caption\":\"LatAm Journalism Review\"},\"image\":{\"@id\":\"https:\\\/\\\/latamjournalismreview.org\\\/es\\\/#\\\/schema\\\/logo\\\/image\\\/\"},\"sameAs\":[\"https:\\\/\\\/x.com\\\/LatAmJournalism\"]},{\"@type\":\"Person\",\"@id\":\"https:\\\/\\\/latamjournalismreview.org\\\/es\\\/#\\\/schema\\\/person\\\/6c325fd0fef0cd167424c683e6577e19\",\"name\":\"Knight Center\",\"url\":\"https:\\\/\\\/latamjournalismreview.org\\\/es\\\/articles\\\/author\\\/knight-center\\\/\"}]}<\/script>\n<!-- \/ Yoast SEO Premium plugin. -->","yoast_head_json":{"title":"Periodistas venezolanos protestan por agresiones de la Guardia Nacional y detenci\u00f3n de colegas - LatAm Journalism Review","description":"Periodistas venezolanos protestan por agresiones de la Guardia Nacional y detenci\u00f3n de colegas Violencia contra periodistas. Latin American Journalism Review by The Knight Center at The University of Texas at Austin.","robots":{"index":"index","follow":"follow","max-snippet":"max-snippet:-1","max-image-preview":"max-image-preview:large","max-video-preview":"max-video-preview:-1"},"canonical":"https:\/\/latamjournalismreview.org\/es\/articles\/periodistas-venezolanos-protestan-por-agresiones-de-la-guardia-nacional-y-detencion-de-colegas\/","og_locale":"es_ES","og_type":"article","og_title":"Periodistas venezolanos protestan por agresiones de la Guardia Nacional y detenci\u00f3n de colegas","og_description":"Periodistas venezolanos protestan por agresiones de la Guardia Nacional y detenci\u00f3n de colegas Violencia contra periodistas. Latin American Journalism Review by The Knight Center at The University of Texas at Austin.","og_url":"https:\/\/latamjournalismreview.org\/es\/articles\/periodistas-venezolanos-protestan-por-agresiones-de-la-guardia-nacional-y-detencion-de-colegas\/","og_site_name":"LatAm Journalism Review","article_published_time":"2014-03-24T18:22:12+00:00","article_modified_time":"2021-11-16T18:50:20+00:00","author":"Knight Center","twitter_card":"summary_large_image","twitter_creator":"@LatAmJournalism","twitter_site":"@LatAmJournalism","twitter_misc":{"Written by":"Knight Center","Est. reading time":"2 minutos"},"schema":{"@context":"https:\/\/schema.org","@graph":[{"@type":"Article","@id":"https:\/\/latamjournalismreview.org\/es\/articles\/periodistas-venezolanos-protestan-por-agresiones-de-la-guardia-nacional-y-detencion-de-colegas\/#article","isPartOf":{"@id":"https:\/\/latamjournalismreview.org\/es\/articles\/periodistas-venezolanos-protestan-por-agresiones-de-la-guardia-nacional-y-detencion-de-colegas\/"},"author":{"name":"Knight Center","@id":"https:\/\/latamjournalismreview.org\/es\/#\/schema\/person\/6c325fd0fef0cd167424c683e6577e19"},"headline":"Periodistas venezolanos protestan por agresiones de la Guardia Nacional y detenci\u00f3n de colegas","datePublished":"2014-03-24T18:22:12+00:00","dateModified":"2021-11-16T18:50:20+00:00","mainEntityOfPage":{"@id":"https:\/\/latamjournalismreview.org\/es\/articles\/periodistas-venezolanos-protestan-por-agresiones-de-la-guardia-nacional-y-detencion-de-colegas\/"},"wordCount":456,"publisher":{"@id":"https:\/\/latamjournalismreview.org\/es\/#organization"},"keywords":["Detenciones","Venezuela"],"articleSection":["Violencia contra periodistas"],"inLanguage":"es"},{"@type":"WebPage","@id":"https:\/\/latamjournalismreview.org\/es\/articles\/periodistas-venezolanos-protestan-por-agresiones-de-la-guardia-nacional-y-detencion-de-colegas\/","url":"https:\/\/latamjournalismreview.org\/es\/articles\/periodistas-venezolanos-protestan-por-agresiones-de-la-guardia-nacional-y-detencion-de-colegas\/","name":"Periodistas venezolanos protestan por agresiones de la Guardia Nacional y detenci\u00f3n de colegas - LatAm Journalism Review","isPartOf":{"@id":"https:\/\/latamjournalismreview.org\/es\/#website"},"datePublished":"2014-03-24T18:22:12+00:00","dateModified":"2021-11-16T18:50:20+00:00","description":"Periodistas venezolanos protestan por agresiones de la Guardia Nacional y detenci\u00f3n de colegas Violencia contra periodistas. Latin American Journalism Review by The Knight Center at The University of Texas at Austin.","breadcrumb":{"@id":"https:\/\/latamjournalismreview.org\/es\/articles\/periodistas-venezolanos-protestan-por-agresiones-de-la-guardia-nacional-y-detencion-de-colegas\/#breadcrumb"},"inLanguage":"es","potentialAction":[{"@type":"ReadAction","target":["https:\/\/latamjournalismreview.org\/es\/articles\/periodistas-venezolanos-protestan-por-agresiones-de-la-guardia-nacional-y-detencion-de-colegas\/"]}]},{"@type":"BreadcrumbList","@id":"https:\/\/latamjournalismreview.org\/es\/articles\/periodistas-venezolanos-protestan-por-agresiones-de-la-guardia-nacional-y-detencion-de-colegas\/#breadcrumb","itemListElement":[{"@type":"ListItem","position":1,"name":"Home","item":"https:\/\/latamjournalismreview.org\/es\/"},{"@type":"ListItem","position":2,"name":"Periodistas venezolanos protestan por agresiones de la Guardia Nacional y detenci\u00f3n de colegas"}]},{"@type":"WebSite","@id":"https:\/\/latamjournalismreview.org\/es\/#website","url":"https:\/\/latamjournalismreview.org\/es\/","name":"LatAm Journalism Review","description":"Knight Center at The University of Texas","publisher":{"@id":"https:\/\/latamjournalismreview.org\/es\/#organization"},"potentialAction":[{"@type":"SearchAction","target":{"@type":"EntryPoint","urlTemplate":"https:\/\/latamjournalismreview.org\/es\/?s={search_term_string}"},"query-input":{"@type":"PropertyValueSpecification","valueRequired":true,"valueName":"search_term_string"}}],"inLanguage":"es"},{"@type":"Organization","@id":"https:\/\/latamjournalismreview.org\/es\/#organization","name":"LatAm Journalism Review","url":"https:\/\/latamjournalismreview.org\/es\/","logo":{"@type":"ImageObject","inLanguage":"es","@id":"https:\/\/latamjournalismreview.org\/es\/#\/schema\/logo\/image\/","url":"https:\/\/latamjournalismreview.org\/wp-content\/uploads\/2020\/05\/knight-latAm-review-logo.svg","contentUrl":"https:\/\/latamjournalismreview.org\/wp-content\/uploads\/2020\/05\/knight-latAm-review-logo.svg","width":"1024","height":"1024","caption":"LatAm Journalism Review"},"image":{"@id":"https:\/\/latamjournalismreview.org\/es\/#\/schema\/logo\/image\/"},"sameAs":["https:\/\/x.com\/LatAmJournalism"]},{"@type":"Person","@id":"https:\/\/latamjournalismreview.org\/es\/#\/schema\/person\/6c325fd0fef0cd167424c683e6577e19","name":"Knight Center","url":"https:\/\/latamjournalismreview.org\/es\/articles\/author\/knight-center\/"}]}},"_links":{"self":[{"href":"https:\/\/latamjournalismreview.org\/es\/wp-json\/wp\/v2\/posts\/41795","targetHints":{"allow":["GET"]}}],"collection":[{"href":"https:\/\/latamjournalismreview.org\/es\/wp-json\/wp\/v2\/posts"}],"about":[{"href":"https:\/\/latamjournalismreview.org\/es\/wp-json\/wp\/v2\/types\/post"}],"author":[{"embeddable":true,"href":"https:\/\/latamjournalismreview.org\/es\/wp-json\/wp\/v2\/users\/22"}],"replies":[{"embeddable":true,"href":"https:\/\/latamjournalismreview.org\/es\/wp-json\/wp\/v2\/comments?post=41795"}],"version-history":[{"count":2,"href":"https:\/\/latamjournalismreview.org\/es\/wp-json\/wp\/v2\/posts\/41795\/revisions"}],"predecessor-version":[{"id":41797,"href":"https:\/\/latamjournalismreview.org\/es\/wp-json\/wp\/v2\/posts\/41795\/revisions\/41797"}],"wp:attachment":[{"href":"https:\/\/latamjournalismreview.org\/es\/wp-json\/wp\/v2\/media?parent=41795"}],"wp:term":[{"taxonomy":"category","embeddable":true,"href":"https:\/\/latamjournalismreview.org\/es\/wp-json\/wp\/v2\/categories?post=41795"},{"taxonomy":"post_tag","embeddable":true,"href":"https:\/\/latamjournalismreview.org\/es\/wp-json\/wp\/v2\/tags?post=41795"},{"taxonomy":"author","embeddable":true,"href":"https:\/\/latamjournalismreview.org\/es\/wp-json\/wp\/v2\/coauthors?post=41795"}],"curies":[{"name":"wp","href":"https:\/\/api.w.org\/{rel}","templated":true}]}}