{"id":42287,"date":"2013-08-19T09:37:05","date_gmt":"2013-08-19T14:37:05","guid":{"rendered":"https:\/\/latamjournalismreview.org\/?p=42287"},"modified":"2021-11-18T09:38:41","modified_gmt":"2021-11-18T14:38:41","slug":"empleados-de-la-nacion-de-chile-piden-frenar-cierre-del-diario-y-proponen-legislar-sobre-un-periodico-publico","status":"publish","type":"post","link":"https:\/\/latamjournalismreview.org\/es\/articles\/empleados-de-la-nacion-de-chile-piden-frenar-cierre-del-diario-y-proponen-legislar-sobre-un-periodico-publico\/","title":{"rendered":"Empleados de La Naci\u00f3n de Chile piden frenar cierre del diario y proponen legislar sobre un peri\u00f3dico p\u00fablico"},"content":{"rendered":"<p><em>Por Ingrid Bachmann<\/em><\/p>\n<p>Pese al rechazo de los trabajadores \u2014que han\u00a0<a href=\"http:\/\/www.eldinamo.cl\/2012\/09\/24\/cierre-del-diario-la-nacion-trabajadores-presentan-recurso-de-proteccion-en-la-justicia\/\" target=\"_blank\" rel=\"noopener\">llegado hasta la justicia para revertir la decisi\u00f3n<\/a>\u2014 todo parece indicar que el gobierno chileno terminar\u00e1 por\u00a0<a href=\"https:\/\/knightcenter.utexas.edu\/es\/blog\/00-11333-diario-estatal-la-nacion-de-chile-anuncia-cierre-definitivo\" target=\"_blank\" rel=\"noopener\">deshacerse de lo que queda del diario\u00a0<\/a><a href=\"http:\/\/www.lanacion.cl\/\" target=\"_blank\" rel=\"noopener\">La Naci\u00f3n<\/a>, que es 69% propiedad del Estado.<\/p>\n<p>Si bien la junta de accionistas del peri\u00f3dico\u00a0<a href=\"http:\/\/www.biobiochile.cl\/2013\/08\/14\/postergan-venta-de-la-nacion-y-aprueban-traspaso-al-ministerio-del-interior.shtml\">posterg\u00f3 la contrataci\u00f3n de una empresa que se encargue de la enajenaci\u00f3n de los bienes del diario<\/a>\u00a0\u2014incluidas sus oficinas en un edificio al frente de La Moneda, la sede del gobierno\u2014 la decisi\u00f3n de vender y efectivamente cerrar el medio sigue en pie, explic\u00f3 Radio B\u00edoB\u00edo.<\/p>\n<p>Fundada en 1917, La Naci\u00f3n es\u00a0<a href=\"https:\/\/knightcenter.utexas.edu\/es\/blog\/00-11517-cierra-diario-de-chile-la-nacion-tras-95-anos-de-vida-dejara-117-sin-empleo\" target=\"_blank\" rel=\"noopener\">exclusivamente digital desde diciembre de 2010<\/a>, cuando las autoridades cancelaron la edici\u00f3n impresa alegando problemas econ\u00f3micos.<\/p>\n<p>El\u00a0<a href=\"http:\/\/lanaciondetodos.wordpress.com\/\" target=\"_blank\" rel=\"noopener\">sindicato del \u00e1rea period\u00edstica de La Naci\u00f3n<\/a>\u00a0urgi\u00f3 en un comunicado a detener el proceso de venta y pidi\u00f3 al presidente Sebasti\u00e1n Pi\u00f1era y a la junta de accionistas que escuchen la propuesta de continuidad para el medio. \u201cNo concebimos que un diario de 96 a\u00f1os, testigo de la historia del pa\u00eds, sea tratado igual que un escritorio, una silla, un computador o un edificio y sea vendido al mejor postor\u201d, dice\u00a0<a href=\"http:\/\/www.elmostrador.cl\/noticias\/pais\/2013\/08\/13\/periodistas-piden-frenar-enajenacion-de-la-nacion-y-proponen-legislar-un-proyecto-que-cree-un-diario-publico\/\" target=\"_blank\" rel=\"noopener\">el comunicado, citado por El Mostrador.<\/a><\/p>\n<p>Seg\u00fan los empleados de La Naci\u00f3n,\u00a0<a href=\"http:\/\/www.elmostrador.cl\/noticias\/pais\/2013\/08\/13\/periodistas-piden-frenar-enajenacion-de-la-nacion-y-proponen-legislar-un-proyecto-que-cree-un-diario-publico\/\" target=\"_blank\" rel=\"noopener\">\u00e9ste es un diario sustentable y viable, y que incluso podr\u00eda autofinanciarse<\/a>. Actualmente, el gobierno \u201cno tiene razones para deshacerse del diario (\u2026) y vender solo acent\u00faa la concentraci\u00f3n de medios\u201d, dijo Nancy Arancibia, la presidenta del sindicato. La prensa chilena est\u00e1 dominada por dos grandes grupos que controlan la mayor\u00eda de los peri\u00f3dicos nacionales y locales.<\/p>\n<p>M\u00e1s all\u00e1 de argumentos econ\u00f3micos y pol\u00edticos, el debate sobre el futuro de La Naci\u00f3n\u00a0<a href=\"http:\/\/www.elmostrador.cl\/noticias\/pais\/2013\/08\/13\/periodistas-piden-frenar-enajenacion-de-la-nacion-y-proponen-legislar-un-proyecto-que-cree-un-diario-publico\/\" target=\"_blank\" rel=\"noopener\">ha obviado la discusi\u00f3n sobre el rol y la necesidad de un peri\u00f3dico p\u00fablico<\/a>. A diferencia del caso de la red de televisi\u00f3n estatal \u2014<a href=\"http:\/\/www.tvn.cl\/\" target=\"_blank\" rel=\"noopener\">Televisi\u00f3n Nacional (TVN)<\/a>, hasta hace poco, l\u00edder de sinton\u00eda en el pa\u00eds\u2014 no existe norma que garantice la pluralidad de los medios impresos o la importancia de contar con un peri\u00f3dico de servicio p\u00fablico. TVN, en cambio, es un canal estatal pero aut\u00f3nomo, que no recibe financiamiento p\u00fablico y que\u00a0<a href=\"http:\/\/www.tvn.cl\/corporativo\/documentos\/Ley19132.pdf\" target=\"_blank\" rel=\"noopener\">por ley debe autofinanciarse<\/a>, en un af\u00e1n por asegurar la independencia, imparcialidad y representatividad de su programaci\u00f3n.<\/p>\n<p>En ese sentido, la propuesta de financiamiento mixto del sindicato de La Naci\u00f3n plantea que sin recursos estatales para un presupuesto base, el peri\u00f3dico no podr\u00eda conservar su sentido p\u00fablico ni su independencia, pero que hoy el Estado tiene una oportunidad \u00fanica para regular su funcionamiento y asegurar un medio plural y transparente como lo es el canal estatal.<\/p>\n<p><em>Nota del editor: Esta historia fue publicada originalmente en el blog Periodismo en las Am\u00e9ricas del Centro Knight, el predecesor de LatAm Journalism Review.<\/em><\/p>\n","protected":false},"excerpt":{"rendered":"<p>Pese al rechazo de los trabajadores \u2014que han\u00a0llegado hasta la justicia para revertir la decisi\u00f3n\u2014 todo parece indicar que el gobierno chileno terminar\u00e1 por\u00a0deshacerse de lo que queda del diario\u00a0La Naci\u00f3n, que es 69% propiedad del Estado.<\/p>\n","protected":false},"author":17,"featured_media":0,"comment_status":"closed","ping_status":"closed","sticky":false,"template":"","format":"standard","meta":{"inline_featured_image":false,"footnotes":""},"categories":[1669],"tags":[1434,1491],"coauthors":[],"class_list":["post-42287","post","type-post","status-publish","format-standard","hentry","category-mercado-laboral","tag-chile-es","tag-cierre-de-medios-es"],"acf":[],"yoast_head":"<!-- This site is optimized with the Yoast SEO Premium plugin v22.6 (Yoast SEO v27.4) - https:\/\/yoast.com\/product\/yoast-seo-premium-wordpress\/ -->\n<title>Empleados de La Naci\u00f3n de Chile piden frenar cierre del diario y proponen legislar sobre un peri\u00f3dico p\u00fablico - LatAm Journalism Review<\/title>\n<meta name=\"description\" content=\"Empleados de La Naci\u00f3n de Chile piden frenar cierre del diario y proponen legislar sobre un peri\u00f3dico p\u00fablico Mercado laboral. Latin American Journalism Review by The Knight Center at The University of Texas at Austin.\" \/>\n<meta name=\"robots\" content=\"index, follow, max-snippet:-1, max-image-preview:large, max-video-preview:-1\" \/>\n<link rel=\"canonical\" href=\"https:\/\/latamjournalismreview.org\/es\/articles\/empleados-de-la-nacion-de-chile-piden-frenar-cierre-del-diario-y-proponen-legislar-sobre-un-periodico-publico\/\" \/>\n<meta property=\"og:locale\" content=\"es_ES\" \/>\n<meta property=\"og:type\" content=\"article\" \/>\n<meta property=\"og:title\" content=\"Empleados de La Naci\u00f3n de Chile piden frenar cierre del diario y proponen legislar sobre un peri\u00f3dico p\u00fablico\" \/>\n<meta property=\"og:description\" content=\"Empleados de La Naci\u00f3n de Chile piden frenar cierre del diario y proponen legislar sobre un peri\u00f3dico p\u00fablico Mercado laboral. Latin American Journalism Review by The Knight Center at The University of Texas at Austin.\" \/>\n<meta property=\"og:url\" content=\"https:\/\/latamjournalismreview.org\/es\/articles\/empleados-de-la-nacion-de-chile-piden-frenar-cierre-del-diario-y-proponen-legislar-sobre-un-periodico-publico\/\" \/>\n<meta property=\"og:site_name\" content=\"LatAm Journalism Review\" \/>\n<meta property=\"article:published_time\" content=\"2013-08-19T14:37:05+00:00\" \/>\n<meta property=\"article:modified_time\" content=\"2021-11-18T14:38:41+00:00\" \/>\n<meta name=\"author\" content=\"Guest\" \/>\n<meta name=\"twitter:card\" content=\"summary_large_image\" \/>\n<meta name=\"twitter:creator\" content=\"@LatAmJournalism\" \/>\n<meta name=\"twitter:site\" content=\"@LatAmJournalism\" \/>\n<meta name=\"twitter:label1\" content=\"Written by\" \/>\n\t<meta name=\"twitter:data1\" content=\"Guest\" \/>\n\t<meta name=\"twitter:label2\" content=\"Est. reading time\" \/>\n\t<meta name=\"twitter:data2\" content=\"2 minutos\" \/>\n<script type=\"application\/ld+json\" class=\"yoast-schema-graph\">{\"@context\":\"https:\\\/\\\/schema.org\",\"@graph\":[{\"@type\":\"Article\",\"@id\":\"https:\\\/\\\/latamjournalismreview.org\\\/es\\\/articles\\\/empleados-de-la-nacion-de-chile-piden-frenar-cierre-del-diario-y-proponen-legislar-sobre-un-periodico-publico\\\/#article\",\"isPartOf\":{\"@id\":\"https:\\\/\\\/latamjournalismreview.org\\\/es\\\/articles\\\/empleados-de-la-nacion-de-chile-piden-frenar-cierre-del-diario-y-proponen-legislar-sobre-un-periodico-publico\\\/\"},\"author\":{\"name\":\"Guest\",\"@id\":\"https:\\\/\\\/latamjournalismreview.org\\\/es\\\/#\\\/schema\\\/person\\\/0315202e0b3c0963a2440f1c3012c360\"},\"headline\":\"Empleados de La Naci\u00f3n de Chile piden frenar cierre del diario y proponen legislar sobre un peri\u00f3dico p\u00fablico\",\"datePublished\":\"2013-08-19T14:37:05+00:00\",\"dateModified\":\"2021-11-18T14:38:41+00:00\",\"mainEntityOfPage\":{\"@id\":\"https:\\\/\\\/latamjournalismreview.org\\\/es\\\/articles\\\/empleados-de-la-nacion-de-chile-piden-frenar-cierre-del-diario-y-proponen-legislar-sobre-un-periodico-publico\\\/\"},\"wordCount\":514,\"publisher\":{\"@id\":\"https:\\\/\\\/latamjournalismreview.org\\\/es\\\/#organization\"},\"keywords\":[\"Chile\",\"Cierre de medios\"],\"articleSection\":[\"Mercado laboral\"],\"inLanguage\":\"es\"},{\"@type\":\"WebPage\",\"@id\":\"https:\\\/\\\/latamjournalismreview.org\\\/es\\\/articles\\\/empleados-de-la-nacion-de-chile-piden-frenar-cierre-del-diario-y-proponen-legislar-sobre-un-periodico-publico\\\/\",\"url\":\"https:\\\/\\\/latamjournalismreview.org\\\/es\\\/articles\\\/empleados-de-la-nacion-de-chile-piden-frenar-cierre-del-diario-y-proponen-legislar-sobre-un-periodico-publico\\\/\",\"name\":\"Empleados de La Naci\u00f3n de Chile piden frenar cierre del diario y proponen legislar sobre un peri\u00f3dico p\u00fablico - LatAm Journalism Review\",\"isPartOf\":{\"@id\":\"https:\\\/\\\/latamjournalismreview.org\\\/es\\\/#website\"},\"datePublished\":\"2013-08-19T14:37:05+00:00\",\"dateModified\":\"2021-11-18T14:38:41+00:00\",\"description\":\"Empleados de La Naci\u00f3n de Chile piden frenar cierre del diario y proponen legislar sobre un peri\u00f3dico p\u00fablico Mercado laboral. Latin American Journalism Review by The Knight Center at The University of Texas at Austin.\",\"breadcrumb\":{\"@id\":\"https:\\\/\\\/latamjournalismreview.org\\\/es\\\/articles\\\/empleados-de-la-nacion-de-chile-piden-frenar-cierre-del-diario-y-proponen-legislar-sobre-un-periodico-publico\\\/#breadcrumb\"},\"inLanguage\":\"es\",\"potentialAction\":[{\"@type\":\"ReadAction\",\"target\":[\"https:\\\/\\\/latamjournalismreview.org\\\/es\\\/articles\\\/empleados-de-la-nacion-de-chile-piden-frenar-cierre-del-diario-y-proponen-legislar-sobre-un-periodico-publico\\\/\"]}]},{\"@type\":\"BreadcrumbList\",\"@id\":\"https:\\\/\\\/latamjournalismreview.org\\\/es\\\/articles\\\/empleados-de-la-nacion-de-chile-piden-frenar-cierre-del-diario-y-proponen-legislar-sobre-un-periodico-publico\\\/#breadcrumb\",\"itemListElement\":[{\"@type\":\"ListItem\",\"position\":1,\"name\":\"Home\",\"item\":\"https:\\\/\\\/latamjournalismreview.org\\\/es\\\/\"},{\"@type\":\"ListItem\",\"position\":2,\"name\":\"Empleados de La Naci\u00f3n de Chile piden frenar cierre del diario y proponen legislar sobre un peri\u00f3dico p\u00fablico\"}]},{\"@type\":\"WebSite\",\"@id\":\"https:\\\/\\\/latamjournalismreview.org\\\/es\\\/#website\",\"url\":\"https:\\\/\\\/latamjournalismreview.org\\\/es\\\/\",\"name\":\"LatAm Journalism Review\",\"description\":\"Knight Center at The University of Texas\",\"publisher\":{\"@id\":\"https:\\\/\\\/latamjournalismreview.org\\\/es\\\/#organization\"},\"potentialAction\":[{\"@type\":\"SearchAction\",\"target\":{\"@type\":\"EntryPoint\",\"urlTemplate\":\"https:\\\/\\\/latamjournalismreview.org\\\/es\\\/?s={search_term_string}\"},\"query-input\":{\"@type\":\"PropertyValueSpecification\",\"valueRequired\":true,\"valueName\":\"search_term_string\"}}],\"inLanguage\":\"es\"},{\"@type\":\"Organization\",\"@id\":\"https:\\\/\\\/latamjournalismreview.org\\\/es\\\/#organization\",\"name\":\"LatAm Journalism Review\",\"url\":\"https:\\\/\\\/latamjournalismreview.org\\\/es\\\/\",\"logo\":{\"@type\":\"ImageObject\",\"inLanguage\":\"es\",\"@id\":\"https:\\\/\\\/latamjournalismreview.org\\\/es\\\/#\\\/schema\\\/logo\\\/image\\\/\",\"url\":\"https:\\\/\\\/latamjournalismreview.org\\\/wp-content\\\/uploads\\\/2020\\\/05\\\/knight-latAm-review-logo.svg\",\"contentUrl\":\"https:\\\/\\\/latamjournalismreview.org\\\/wp-content\\\/uploads\\\/2020\\\/05\\\/knight-latAm-review-logo.svg\",\"width\":\"1024\",\"height\":\"1024\",\"caption\":\"LatAm Journalism Review\"},\"image\":{\"@id\":\"https:\\\/\\\/latamjournalismreview.org\\\/es\\\/#\\\/schema\\\/logo\\\/image\\\/\"},\"sameAs\":[\"https:\\\/\\\/x.com\\\/LatAmJournalism\"]},{\"@type\":\"Person\",\"@id\":\"https:\\\/\\\/latamjournalismreview.org\\\/es\\\/#\\\/schema\\\/person\\\/0315202e0b3c0963a2440f1c3012c360\",\"name\":\"Guest\",\"url\":\"https:\\\/\\\/latamjournalismreview.org\\\/es\\\/articles\\\/author\\\/guest\\\/\"}]}<\/script>\n<!-- \/ Yoast SEO Premium plugin. -->","yoast_head_json":{"title":"Empleados de La Naci\u00f3n de Chile piden frenar cierre del diario y proponen legislar sobre un peri\u00f3dico p\u00fablico - LatAm Journalism Review","description":"Empleados de La Naci\u00f3n de Chile piden frenar cierre del diario y proponen legislar sobre un peri\u00f3dico p\u00fablico Mercado laboral. Latin American Journalism Review by The Knight Center at The University of Texas at Austin.","robots":{"index":"index","follow":"follow","max-snippet":"max-snippet:-1","max-image-preview":"max-image-preview:large","max-video-preview":"max-video-preview:-1"},"canonical":"https:\/\/latamjournalismreview.org\/es\/articles\/empleados-de-la-nacion-de-chile-piden-frenar-cierre-del-diario-y-proponen-legislar-sobre-un-periodico-publico\/","og_locale":"es_ES","og_type":"article","og_title":"Empleados de La Naci\u00f3n de Chile piden frenar cierre del diario y proponen legislar sobre un peri\u00f3dico p\u00fablico","og_description":"Empleados de La Naci\u00f3n de Chile piden frenar cierre del diario y proponen legislar sobre un peri\u00f3dico p\u00fablico Mercado laboral. Latin American Journalism Review by The Knight Center at The University of Texas at Austin.","og_url":"https:\/\/latamjournalismreview.org\/es\/articles\/empleados-de-la-nacion-de-chile-piden-frenar-cierre-del-diario-y-proponen-legislar-sobre-un-periodico-publico\/","og_site_name":"LatAm Journalism Review","article_published_time":"2013-08-19T14:37:05+00:00","article_modified_time":"2021-11-18T14:38:41+00:00","author":"Guest","twitter_card":"summary_large_image","twitter_creator":"@LatAmJournalism","twitter_site":"@LatAmJournalism","twitter_misc":{"Written by":"Guest","Est. reading time":"2 minutos"},"schema":{"@context":"https:\/\/schema.org","@graph":[{"@type":"Article","@id":"https:\/\/latamjournalismreview.org\/es\/articles\/empleados-de-la-nacion-de-chile-piden-frenar-cierre-del-diario-y-proponen-legislar-sobre-un-periodico-publico\/#article","isPartOf":{"@id":"https:\/\/latamjournalismreview.org\/es\/articles\/empleados-de-la-nacion-de-chile-piden-frenar-cierre-del-diario-y-proponen-legislar-sobre-un-periodico-publico\/"},"author":{"name":"Guest","@id":"https:\/\/latamjournalismreview.org\/es\/#\/schema\/person\/0315202e0b3c0963a2440f1c3012c360"},"headline":"Empleados de La Naci\u00f3n de Chile piden frenar cierre del diario y proponen legislar sobre un peri\u00f3dico p\u00fablico","datePublished":"2013-08-19T14:37:05+00:00","dateModified":"2021-11-18T14:38:41+00:00","mainEntityOfPage":{"@id":"https:\/\/latamjournalismreview.org\/es\/articles\/empleados-de-la-nacion-de-chile-piden-frenar-cierre-del-diario-y-proponen-legislar-sobre-un-periodico-publico\/"},"wordCount":514,"publisher":{"@id":"https:\/\/latamjournalismreview.org\/es\/#organization"},"keywords":["Chile","Cierre de medios"],"articleSection":["Mercado laboral"],"inLanguage":"es"},{"@type":"WebPage","@id":"https:\/\/latamjournalismreview.org\/es\/articles\/empleados-de-la-nacion-de-chile-piden-frenar-cierre-del-diario-y-proponen-legislar-sobre-un-periodico-publico\/","url":"https:\/\/latamjournalismreview.org\/es\/articles\/empleados-de-la-nacion-de-chile-piden-frenar-cierre-del-diario-y-proponen-legislar-sobre-un-periodico-publico\/","name":"Empleados de La Naci\u00f3n de Chile piden frenar cierre del diario y proponen legislar sobre un peri\u00f3dico p\u00fablico - LatAm Journalism Review","isPartOf":{"@id":"https:\/\/latamjournalismreview.org\/es\/#website"},"datePublished":"2013-08-19T14:37:05+00:00","dateModified":"2021-11-18T14:38:41+00:00","description":"Empleados de La Naci\u00f3n de Chile piden frenar cierre del diario y proponen legislar sobre un peri\u00f3dico p\u00fablico Mercado laboral. Latin American Journalism Review by The Knight Center at The University of Texas at Austin.","breadcrumb":{"@id":"https:\/\/latamjournalismreview.org\/es\/articles\/empleados-de-la-nacion-de-chile-piden-frenar-cierre-del-diario-y-proponen-legislar-sobre-un-periodico-publico\/#breadcrumb"},"inLanguage":"es","potentialAction":[{"@type":"ReadAction","target":["https:\/\/latamjournalismreview.org\/es\/articles\/empleados-de-la-nacion-de-chile-piden-frenar-cierre-del-diario-y-proponen-legislar-sobre-un-periodico-publico\/"]}]},{"@type":"BreadcrumbList","@id":"https:\/\/latamjournalismreview.org\/es\/articles\/empleados-de-la-nacion-de-chile-piden-frenar-cierre-del-diario-y-proponen-legislar-sobre-un-periodico-publico\/#breadcrumb","itemListElement":[{"@type":"ListItem","position":1,"name":"Home","item":"https:\/\/latamjournalismreview.org\/es\/"},{"@type":"ListItem","position":2,"name":"Empleados de La Naci\u00f3n de Chile piden frenar cierre del diario y proponen legislar sobre un peri\u00f3dico p\u00fablico"}]},{"@type":"WebSite","@id":"https:\/\/latamjournalismreview.org\/es\/#website","url":"https:\/\/latamjournalismreview.org\/es\/","name":"LatAm Journalism Review","description":"Knight Center at The University of Texas","publisher":{"@id":"https:\/\/latamjournalismreview.org\/es\/#organization"},"potentialAction":[{"@type":"SearchAction","target":{"@type":"EntryPoint","urlTemplate":"https:\/\/latamjournalismreview.org\/es\/?s={search_term_string}"},"query-input":{"@type":"PropertyValueSpecification","valueRequired":true,"valueName":"search_term_string"}}],"inLanguage":"es"},{"@type":"Organization","@id":"https:\/\/latamjournalismreview.org\/es\/#organization","name":"LatAm Journalism Review","url":"https:\/\/latamjournalismreview.org\/es\/","logo":{"@type":"ImageObject","inLanguage":"es","@id":"https:\/\/latamjournalismreview.org\/es\/#\/schema\/logo\/image\/","url":"https:\/\/latamjournalismreview.org\/wp-content\/uploads\/2020\/05\/knight-latAm-review-logo.svg","contentUrl":"https:\/\/latamjournalismreview.org\/wp-content\/uploads\/2020\/05\/knight-latAm-review-logo.svg","width":"1024","height":"1024","caption":"LatAm Journalism Review"},"image":{"@id":"https:\/\/latamjournalismreview.org\/es\/#\/schema\/logo\/image\/"},"sameAs":["https:\/\/x.com\/LatAmJournalism"]},{"@type":"Person","@id":"https:\/\/latamjournalismreview.org\/es\/#\/schema\/person\/0315202e0b3c0963a2440f1c3012c360","name":"Guest","url":"https:\/\/latamjournalismreview.org\/es\/articles\/author\/guest\/"}]}},"_links":{"self":[{"href":"https:\/\/latamjournalismreview.org\/es\/wp-json\/wp\/v2\/posts\/42287","targetHints":{"allow":["GET"]}}],"collection":[{"href":"https:\/\/latamjournalismreview.org\/es\/wp-json\/wp\/v2\/posts"}],"about":[{"href":"https:\/\/latamjournalismreview.org\/es\/wp-json\/wp\/v2\/types\/post"}],"author":[{"embeddable":true,"href":"https:\/\/latamjournalismreview.org\/es\/wp-json\/wp\/v2\/users\/17"}],"replies":[{"embeddable":true,"href":"https:\/\/latamjournalismreview.org\/es\/wp-json\/wp\/v2\/comments?post=42287"}],"version-history":[{"count":1,"href":"https:\/\/latamjournalismreview.org\/es\/wp-json\/wp\/v2\/posts\/42287\/revisions"}],"predecessor-version":[{"id":42289,"href":"https:\/\/latamjournalismreview.org\/es\/wp-json\/wp\/v2\/posts\/42287\/revisions\/42289"}],"wp:attachment":[{"href":"https:\/\/latamjournalismreview.org\/es\/wp-json\/wp\/v2\/media?parent=42287"}],"wp:term":[{"taxonomy":"category","embeddable":true,"href":"https:\/\/latamjournalismreview.org\/es\/wp-json\/wp\/v2\/categories?post=42287"},{"taxonomy":"post_tag","embeddable":true,"href":"https:\/\/latamjournalismreview.org\/es\/wp-json\/wp\/v2\/tags?post=42287"},{"taxonomy":"author","embeddable":true,"href":"https:\/\/latamjournalismreview.org\/es\/wp-json\/wp\/v2\/coauthors?post=42287"}],"curies":[{"name":"wp","href":"https:\/\/api.w.org\/{rel}","templated":true}]}}