{"id":42341,"date":"2013-08-09T10:34:38","date_gmt":"2013-08-09T15:34:38","guid":{"rendered":"https:\/\/latamjournalismreview.org\/?p=42341"},"modified":"2021-11-18T10:35:39","modified_gmt":"2021-11-18T15:35:39","slug":"agencia-publica-lanza-proyecto-de-financiamiento-colectivo-para-reportajes-independientes-en-brasil","status":"publish","type":"post","link":"https:\/\/latamjournalismreview.org\/es\/articles\/agencia-publica-lanza-proyecto-de-financiamiento-colectivo-para-reportajes-independientes-en-brasil\/","title":{"rendered":"Agencia P\u00fablica lanza proyecto de financiamiento colectivo para reportajes independientes en Brasil"},"content":{"rendered":"<p>Por Isabela Fraga<\/p>\n<p><span id=\"result_box\" lang=\"es\"><span title=\"A ag\u00eancia de jornalismo investigativo P\u00fablica lan\u00e7ou nesta quinta-feira, 8 de agosto, seu primeiro projeto de financiamento coletivo para reportagens jornal\u00edsticas independentes.\">La agencia de investigaci\u00f3n period\u00edstica P\u00fablica puso en marcha el jueves 8 de agosto, su\u00a0<\/span><\/span><a href=\"http:\/\/www.apublica.org\/2013\/08\/publica-lanca-financiamento-coletivo-para-ampliar-microbolsas\/\">primer\u00a0<\/a><a href=\"http:\/\/www.apublica.org\/2013\/08\/publica-lanca-financiamento-coletivo-para-ampliar-microbolsas\/\">proyecto de financiamiento colectivo para reportajes period\u00edsticos independientes<\/a><span id=\"result_box\" lang=\"es\"><span title=\"A ag\u00eancia de jornalismo investigativo P\u00fablica lan\u00e7ou nesta quinta-feira, 8 de agosto, seu primeiro projeto de financiamento coletivo para reportagens jornal\u00edsticas independentes.\">.\u00a0<\/span><span title=\"Com o projeto lan\u00e7ado no site Catarse, a ideia \u00e9 arrecadar o suficiente para pagar 10 bolsas de R$ 6 mil para jornalistas de todo o Brasil apurarem e realizarem pautas pr\u00f3prias, que ser\u00e3o escolhidas pelos pr\u00f3prios doadores do projeto.\">En el sitio del\u00a0<\/span><\/span><a href=\"http:\/\/catarse.me\/pt\/reportagempublica\">proyecto lanzado en el sitio Catarse<\/a><span id=\"result_box\" lang=\"es\"><span title=\"Com o projeto lan\u00e7ado no site Catarse, a ideia \u00e9 arrecadar o suficiente para pagar 10 bolsas de R$ 6 mil para jornalistas de todo o Brasil apurarem e realizarem pautas pr\u00f3prias, que ser\u00e3o escolhidas pelos pr\u00f3prios doadores do projeto.\">, la idea es recaudar lo suficiente para pagar 10 becas de 6.000 reales\u00a0<\/span><\/span>(m\u00e1s de 2.640 d\u00f3lares)<span id=\"result_box\" lang=\"es\"><span title=\"Com o projeto lan\u00e7ado no site Catarse, a ideia \u00e9 arrecadar o suficiente para pagar 10 bolsas de R$ 6 mil para jornalistas de todo o Brasil apurarem e realizarem pautas pr\u00f3prias, que ser\u00e3o escolhidas pelos pr\u00f3prios doadores do projeto.\">\u00a0para que los periodistas de todo Brasil determinen y lleven a cabo sus propias investigaciones, las cuales ser\u00e1n elegidas por los donantes del proyecto.<\/span><\/span><\/p>\n<p><span title=\"O projeto Reportagem P\u00fablica recebe doa\u00e7\u00f5es at\u00e9 20 de setembro e \u00e9 inspirado por duas edi\u00e7\u00f5es do concurso Microbolsas, nas quais a P\u00fablica distribuiu R$ 32 mil para rep\u00f3rteres realizarem pautas independentes.\">El proyecto\u00a0<\/span>Reportagem P\u00fablica (r<span id=\"result_box\" lang=\"es\"><span title=\"O projeto Reportagem P\u00fablica recebe doa\u00e7\u00f5es at\u00e9 20 de setembro e \u00e9 inspirado por duas edi\u00e7\u00f5es do concurso Microbolsas, nas quais a P\u00fablica distribuiu R$ 32 mil para rep\u00f3rteres realizarem pautas independentes.\">eportajes del dominio p\u00fablico) recibe donaciones hasta el 20 de septiembre y e<\/span><\/span><a href=\"http:\/\/www.apublica.org\/2013\/07\/jovens-negros-na-mira-de-grupos-de-exterminio-na-bahia\/\"><img decoding=\"async\" src=\"https:\/\/s3.amazonaws.com\/catarse_dev\/uploads\/project\/uploaded_image\/2550\/project_thumb_small_LOGOCATARSE.jpg\" alt=\"\" \/><\/a><span id=\"result_box\" lang=\"es\"><span title=\"O projeto Reportagem P\u00fablica recebe doa\u00e7\u00f5es at\u00e9 20 de setembro e \u00e9 inspirado por duas edi\u00e7\u00f5es do concurso Microbolsas, nas quais a P\u00fablica distribuiu R$ 32 mil para rep\u00f3rteres realizarem pautas independentes.\">st\u00e1 inspirado en dos ediciones previas de la competencia Microbolsas, en las cuales P\u00fablica distribuy\u00f3 32.000 reales (14.000 d\u00f3lares) para que los periodistas llevaran a cabo investigaciones independientes.\u00a0<\/span><span title=\"Um dos resultados foi a reportagem sobre grupos de exterm\u00ednio de jovens negros na Bahia, publicada em julho deste ano.\">Uno de los resultados fue el\u00a0<\/span><\/span><a href=\"http:\/\/www.apublica.org\/2013\/07\/jovens-negros-na-mira-de-grupos-de-exterminio-na-bahia\/\">reportaje sobre grupos de exterminio de j\u00f3venes negros en Bahia<\/a><span id=\"result_box\" lang=\"es\"><span title=\"Um dos resultados foi a reportagem sobre grupos de exterm\u00ednio de jovens negros na Bahia, publicada em julho deste ano.\">, publicado en julio de este a\u00f1o.\u00a0<\/span><span title=\"Em entrevista ao Centro Knight, Marina Amaral, uma das diretoras da P\u00fablica, j\u00e1 havia adiantado a ideia de lan\u00e7ar o projeto de crowdfunding.\">En una entrevista con el\u00a0<strong>Centro Knight<\/strong>, Marina Amaral, directora de P\u00fablica, ya hab\u00eda adelantado la idea de poner en marcha\u00a0<\/span><\/span><a href=\"https:\/\/knightcenter.utexas.edu\/pt-br\/comment\/reply\/12948\">un proyecto de crowdfunding<\/a><span id=\"result_box\" lang=\"es\"><span title=\"Em entrevista ao Centro Knight, Marina Amaral, uma das diretoras da P\u00fablica, j\u00e1 havia adiantado a ideia de lan\u00e7ar o projeto de crowdfunding.\">.<\/span><\/span><\/p>\n<p><span id=\"result_box\" lang=\"es\"><span title=\"A diferen\u00e7a \u00e9 que, pela primeira vez no Brasil, quem escolher\u00e1 as pautas a serem desenvolvidas com o dinheiro da &quot;vaquinha&quot; ser\u00e1 o pr\u00f3prio p\u00fablico.\">La diferencia es que, por primera vez en Brasil, quienes elegir\u00e1n las directrices del proyecto que se realizar\u00e1 con el dinero de la \"vaquita\" ser\u00e1 el el propio p\u00fablico.\u00a0<\/span><span title=\"Quer dizer: todos os que fizerem doa\u00e7\u00f5es ao projeto far\u00e3o parte do Conselho Editorial, que poder\u00e1 votar entre as pautas inscritas pelos jornalistas\">Es decir: todo el que done al proyecto ser\u00e1 parte del Consejo Editorial, que podr\u00e1 votar entre los proyectos presentados por los periodistas.<\/span><\/span><\/p>\n<p><span title=\"\u201cEste \u00e9 um momento fant\u00e1stico para o jornalismo.\">\"Este es un momento fant\u00e1stico para el periodismo.\u00a0<\/span><span title=\"Embora haja uma crise nos ve\u00edculos impressos, h\u00e1 muitos bons rep\u00f3rteres em busca de possibilidades nessa nova era.\">A pesar de que hay una crisis en la prensa escrita, hay muchos buenos periodistas en busca de posibilidades en esta nueva era.\u00a0<\/span><span title=\"Est\u00e1 na hora de inovar\u201d, afirma Natalia Viana, uma das diretoras da P\u00fablica, no release do projeto.\">Es hora de innovar\", dice Natalia Viana, directora de P\u00fablica, sobre el lanzamiento del proyecto.<\/span><\/p>\n<p><span id=\"result_box\" lang=\"es\"><span title=\"Pelo site Catarse, a P\u00fablica pretende arrecadar R$ 47.500.\">A trav\u00e9s del sitio Catarse, el p\u00fablico tiene como objetivo recaudar 47.500 reales\u00a0<\/span><\/span>(casi 21.000 d\u00f3lares)<span id=\"result_box\" lang=\"es\"><span title=\"Pelo site Catarse, a P\u00fablica pretende arrecadar R$ 47.500.\">.\u00a0<\/span><span title=\"O restante do dinheiro vir\u00e1 de um match funding com a Funda\u00e7\u00e3o Omidyar, que doar\u00e1 um real para cada real doado via financiamento coletivo.\">El resto del dinero vendr\u00e1 de una financiaci\u00f3n complementaria con la\u00a0<\/span><\/span><a href=\"http:\/\/redir.esp.br\/c\/?14309.43.0.0.1.0.9.0.0.10.423.0.0.450.1.d50a2\" target=\"_blank\" rel=\"noopener\"><span style=\"color: #0066cc;\">Fundaci\u00f3n Omidyar<\/span><\/a><span id=\"result_box\" lang=\"es\"><span title=\"O restante do dinheiro vir\u00e1 de um match funding com a Funda\u00e7\u00e3o Omidyar, que doar\u00e1 um real para cada real doado via financiamento coletivo.\">, que donar\u00e1 un d\u00f3lar por cada d\u00f3lar donado a trav\u00e9s del financiamiento colectivo.\u00a0<\/span><span title=\"Segundo a ag\u00eancia, o total de R$ 95 mil arrecadado servir\u00e1 para pagar as 10 bolsas de R$ 6 mil, remunera\u00e7\u00f5es do chefe de reportagem, do editor e do checador de reportagens, e para a taxa cobrada pelo Catarse.\">Seg\u00fan la agencia, el total recaudado de 95.000 reales (casi 42.000 d\u00f3lares) ser\u00e1 utilizado para pagar 10 becas de 6.000 reales, la remuneraci\u00f3n del jefe de los reporteros, el editor y corrector de los reportajes, y la tasa cobrada por Catarse.\u00a0<\/span><span title=\"O valor de cada remunera\u00e7\u00e3o est\u00e1 detalhado no site do projeto.\">El valor de la compensaci\u00f3n se detalla en el sitio del proyecto.<\/span><\/span><\/p>\n<p><span title=\"Os jornalistas interessados em inscrever pautas no Reportagem P\u00fablica podem preencher um formul\u00e1rio com suas ideias.\">Los periodistas interesados \u200b\u200ben inscribir proyectos en\u00a0<\/span>Reportagem P\u00fablica<span id=\"result_box\" lang=\"es\"><span title=\"Os jornalistas interessados em inscrever pautas no Reportagem P\u00fablica podem preencher um formul\u00e1rio com suas ideias.\">\u00a0pueden llenar\u00a0<\/span><\/span><a href=\"https:\/\/docs.google.com\/forms\/d\/1futmHxjy_VnIfkQgrHoPTp6sIsCP7xxwSw9DH2KH_Xo\/viewform\">un formulario\u00a0<\/a><span id=\"result_box\" lang=\"es\"><span title=\"Os jornalistas interessados em inscrever pautas no Reportagem P\u00fablica podem preencher um formul\u00e1rio com suas ideias.\">con sus ideas.\u00a0<\/span><span title=\"Ao final do tempo de arrecada\u00e7\u00e3o, a P\u00fablica lan\u00e7ar\u00e1 um site com as pautas inscritas, onde os doadores (o Conselho Editorial) poder\u00e3o escolher as que ser\u00e3o realizadas.\">Al final de la \u00e9poca de recolecci\u00f3n, P\u00fablica pondr\u00e1 en marcha un sitio web con los proyectos inscritos, donde los donantes (Comit\u00e9 Editorial) podr\u00e1n escoger cu\u00e1les se deben de realizar.<\/p>\n<p><em>Nota del editor: Esta historia fue publicada originalmente en el blog Periodismo en las Am\u00e9ricas del Centro Knight, el predecesor de LatAm Journalism Review.<\/em><br \/>\n<\/span><\/span><\/p>\n","protected":false},"excerpt":{"rendered":"<p>La agencia de investigaci\u00f3n period\u00edstica P\u00fablica puso en marcha el jueves 8 de agosto, su\u00a0primer\u00a0proyecto de financiamiento colectivo para reportajes period\u00edsticos independientes.\u00a0En el sitio del\u00a0proyecto lanzado en el sitio Catarse, la idea es recaudar lo suficiente para pagar 10 becas de 6.000 reales\u00a0(m\u00e1s de 2.640 d\u00f3lares)\u00a0para que los periodistas de todo Brasil determinen y lleven a cabo sus propias investigaciones, las cuales ser\u00e1n elegidas por los donantes del proyecto.<\/p>\n","protected":false},"author":17,"featured_media":0,"comment_status":"closed","ping_status":"closed","sticky":false,"template":"","format":"standard","meta":{"inline_featured_image":false,"footnotes":""},"categories":[1213],"tags":[1436,1499],"coauthors":[],"class_list":["post-42341","post","type-post","status-publish","format-standard","hentry","category-colaboracion-es","tag-colaboracion-es","tag-periodismo-digital-es"],"acf":[],"yoast_head":"<!-- This site is optimized with the Yoast SEO Premium plugin v22.6 (Yoast SEO v27.4) - https:\/\/yoast.com\/product\/yoast-seo-premium-wordpress\/ -->\n<title>Agencia P\u00fablica lanza proyecto de financiamiento colectivo para reportajes independientes en Brasil - LatAm Journalism Review<\/title>\n<meta name=\"description\" content=\"Agencia P\u00fablica lanza proyecto de financiamiento colectivo para reportajes independientes en Brasil Colaboraci\u00f3n. Latin American Journalism Review by The Knight Center at The University of Texas at Austin.\" \/>\n<meta name=\"robots\" content=\"index, follow, max-snippet:-1, max-image-preview:large, max-video-preview:-1\" \/>\n<link rel=\"canonical\" href=\"https:\/\/latamjournalismreview.org\/es\/articles\/agencia-publica-lanza-proyecto-de-financiamiento-colectivo-para-reportajes-independientes-en-brasil\/\" \/>\n<meta property=\"og:locale\" content=\"es_ES\" \/>\n<meta property=\"og:type\" content=\"article\" \/>\n<meta property=\"og:title\" content=\"Agencia P\u00fablica lanza proyecto de financiamiento colectivo para reportajes independientes en Brasil\" \/>\n<meta property=\"og:description\" content=\"Agencia P\u00fablica lanza proyecto de financiamiento colectivo para reportajes independientes en Brasil Colaboraci\u00f3n. Latin American Journalism Review by The Knight Center at The University of Texas at Austin.\" \/>\n<meta property=\"og:url\" content=\"https:\/\/latamjournalismreview.org\/es\/articles\/agencia-publica-lanza-proyecto-de-financiamiento-colectivo-para-reportajes-independientes-en-brasil\/\" \/>\n<meta property=\"og:site_name\" content=\"LatAm Journalism Review\" \/>\n<meta property=\"article:published_time\" content=\"2013-08-09T15:34:38+00:00\" \/>\n<meta property=\"article:modified_time\" content=\"2021-11-18T15:35:39+00:00\" \/>\n<meta property=\"og:image\" content=\"https:\/\/s3.amazonaws.com\/catarse_dev\/uploads\/project\/uploaded_image\/2550\/project_thumb_small_LOGOCATARSE.jpg\" \/>\n<meta name=\"author\" content=\"Guest\" \/>\n<meta name=\"twitter:card\" content=\"summary_large_image\" \/>\n<meta name=\"twitter:creator\" content=\"@LatAmJournalism\" \/>\n<meta name=\"twitter:site\" content=\"@LatAmJournalism\" \/>\n<meta name=\"twitter:label1\" content=\"Written by\" \/>\n\t<meta name=\"twitter:data1\" content=\"Guest\" \/>\n\t<meta name=\"twitter:label2\" content=\"Est. reading time\" \/>\n\t<meta name=\"twitter:data2\" content=\"2 minutos\" \/>\n<script type=\"application\/ld+json\" class=\"yoast-schema-graph\">{\"@context\":\"https:\\\/\\\/schema.org\",\"@graph\":[{\"@type\":\"Article\",\"@id\":\"https:\\\/\\\/latamjournalismreview.org\\\/es\\\/articles\\\/agencia-publica-lanza-proyecto-de-financiamiento-colectivo-para-reportajes-independientes-en-brasil\\\/#article\",\"isPartOf\":{\"@id\":\"https:\\\/\\\/latamjournalismreview.org\\\/es\\\/articles\\\/agencia-publica-lanza-proyecto-de-financiamiento-colectivo-para-reportajes-independientes-en-brasil\\\/\"},\"author\":{\"name\":\"Guest\",\"@id\":\"https:\\\/\\\/latamjournalismreview.org\\\/es\\\/#\\\/schema\\\/person\\\/0315202e0b3c0963a2440f1c3012c360\"},\"headline\":\"Agencia P\u00fablica lanza proyecto de financiamiento colectivo para reportajes independientes en Brasil\",\"datePublished\":\"2013-08-09T15:34:38+00:00\",\"dateModified\":\"2021-11-18T15:35:39+00:00\",\"mainEntityOfPage\":{\"@id\":\"https:\\\/\\\/latamjournalismreview.org\\\/es\\\/articles\\\/agencia-publica-lanza-proyecto-de-financiamiento-colectivo-para-reportajes-independientes-en-brasil\\\/\"},\"wordCount\":471,\"publisher\":{\"@id\":\"https:\\\/\\\/latamjournalismreview.org\\\/es\\\/#organization\"},\"image\":{\"@id\":\"https:\\\/\\\/latamjournalismreview.org\\\/es\\\/articles\\\/agencia-publica-lanza-proyecto-de-financiamiento-colectivo-para-reportajes-independientes-en-brasil\\\/#primaryimage\"},\"thumbnailUrl\":\"https:\\\/\\\/s3.amazonaws.com\\\/catarse_dev\\\/uploads\\\/project\\\/uploaded_image\\\/2550\\\/project_thumb_small_LOGOCATARSE.jpg\",\"keywords\":[\"Colaboraci\u00f3n\",\"Periodismo digital\"],\"articleSection\":[\"Colaboraci\u00f3n\"],\"inLanguage\":\"es\"},{\"@type\":\"WebPage\",\"@id\":\"https:\\\/\\\/latamjournalismreview.org\\\/es\\\/articles\\\/agencia-publica-lanza-proyecto-de-financiamiento-colectivo-para-reportajes-independientes-en-brasil\\\/\",\"url\":\"https:\\\/\\\/latamjournalismreview.org\\\/es\\\/articles\\\/agencia-publica-lanza-proyecto-de-financiamiento-colectivo-para-reportajes-independientes-en-brasil\\\/\",\"name\":\"Agencia P\u00fablica lanza proyecto de financiamiento colectivo para reportajes independientes en Brasil - LatAm Journalism Review\",\"isPartOf\":{\"@id\":\"https:\\\/\\\/latamjournalismreview.org\\\/es\\\/#website\"},\"primaryImageOfPage\":{\"@id\":\"https:\\\/\\\/latamjournalismreview.org\\\/es\\\/articles\\\/agencia-publica-lanza-proyecto-de-financiamiento-colectivo-para-reportajes-independientes-en-brasil\\\/#primaryimage\"},\"image\":{\"@id\":\"https:\\\/\\\/latamjournalismreview.org\\\/es\\\/articles\\\/agencia-publica-lanza-proyecto-de-financiamiento-colectivo-para-reportajes-independientes-en-brasil\\\/#primaryimage\"},\"thumbnailUrl\":\"https:\\\/\\\/s3.amazonaws.com\\\/catarse_dev\\\/uploads\\\/project\\\/uploaded_image\\\/2550\\\/project_thumb_small_LOGOCATARSE.jpg\",\"datePublished\":\"2013-08-09T15:34:38+00:00\",\"dateModified\":\"2021-11-18T15:35:39+00:00\",\"description\":\"Agencia P\u00fablica lanza proyecto de financiamiento colectivo para reportajes independientes en Brasil Colaboraci\u00f3n. Latin American Journalism Review by The Knight Center at The University of Texas at Austin.\",\"breadcrumb\":{\"@id\":\"https:\\\/\\\/latamjournalismreview.org\\\/es\\\/articles\\\/agencia-publica-lanza-proyecto-de-financiamiento-colectivo-para-reportajes-independientes-en-brasil\\\/#breadcrumb\"},\"inLanguage\":\"es\",\"potentialAction\":[{\"@type\":\"ReadAction\",\"target\":[\"https:\\\/\\\/latamjournalismreview.org\\\/es\\\/articles\\\/agencia-publica-lanza-proyecto-de-financiamiento-colectivo-para-reportajes-independientes-en-brasil\\\/\"]}]},{\"@type\":\"ImageObject\",\"inLanguage\":\"es\",\"@id\":\"https:\\\/\\\/latamjournalismreview.org\\\/es\\\/articles\\\/agencia-publica-lanza-proyecto-de-financiamiento-colectivo-para-reportajes-independientes-en-brasil\\\/#primaryimage\",\"url\":\"https:\\\/\\\/s3.amazonaws.com\\\/catarse_dev\\\/uploads\\\/project\\\/uploaded_image\\\/2550\\\/project_thumb_small_LOGOCATARSE.jpg\",\"contentUrl\":\"https:\\\/\\\/s3.amazonaws.com\\\/catarse_dev\\\/uploads\\\/project\\\/uploaded_image\\\/2550\\\/project_thumb_small_LOGOCATARSE.jpg\"},{\"@type\":\"BreadcrumbList\",\"@id\":\"https:\\\/\\\/latamjournalismreview.org\\\/es\\\/articles\\\/agencia-publica-lanza-proyecto-de-financiamiento-colectivo-para-reportajes-independientes-en-brasil\\\/#breadcrumb\",\"itemListElement\":[{\"@type\":\"ListItem\",\"position\":1,\"name\":\"Home\",\"item\":\"https:\\\/\\\/latamjournalismreview.org\\\/es\\\/\"},{\"@type\":\"ListItem\",\"position\":2,\"name\":\"Agencia P\u00fablica lanza proyecto de financiamiento colectivo para reportajes independientes en Brasil\"}]},{\"@type\":\"WebSite\",\"@id\":\"https:\\\/\\\/latamjournalismreview.org\\\/es\\\/#website\",\"url\":\"https:\\\/\\\/latamjournalismreview.org\\\/es\\\/\",\"name\":\"LatAm Journalism Review\",\"description\":\"Knight Center at The University of Texas\",\"publisher\":{\"@id\":\"https:\\\/\\\/latamjournalismreview.org\\\/es\\\/#organization\"},\"potentialAction\":[{\"@type\":\"SearchAction\",\"target\":{\"@type\":\"EntryPoint\",\"urlTemplate\":\"https:\\\/\\\/latamjournalismreview.org\\\/es\\\/?s={search_term_string}\"},\"query-input\":{\"@type\":\"PropertyValueSpecification\",\"valueRequired\":true,\"valueName\":\"search_term_string\"}}],\"inLanguage\":\"es\"},{\"@type\":\"Organization\",\"@id\":\"https:\\\/\\\/latamjournalismreview.org\\\/es\\\/#organization\",\"name\":\"LatAm Journalism Review\",\"url\":\"https:\\\/\\\/latamjournalismreview.org\\\/es\\\/\",\"logo\":{\"@type\":\"ImageObject\",\"inLanguage\":\"es\",\"@id\":\"https:\\\/\\\/latamjournalismreview.org\\\/es\\\/#\\\/schema\\\/logo\\\/image\\\/\",\"url\":\"https:\\\/\\\/latamjournalismreview.org\\\/wp-content\\\/uploads\\\/2020\\\/05\\\/knight-latAm-review-logo.svg\",\"contentUrl\":\"https:\\\/\\\/latamjournalismreview.org\\\/wp-content\\\/uploads\\\/2020\\\/05\\\/knight-latAm-review-logo.svg\",\"width\":\"1024\",\"height\":\"1024\",\"caption\":\"LatAm Journalism Review\"},\"image\":{\"@id\":\"https:\\\/\\\/latamjournalismreview.org\\\/es\\\/#\\\/schema\\\/logo\\\/image\\\/\"},\"sameAs\":[\"https:\\\/\\\/x.com\\\/LatAmJournalism\"]},{\"@type\":\"Person\",\"@id\":\"https:\\\/\\\/latamjournalismreview.org\\\/es\\\/#\\\/schema\\\/person\\\/0315202e0b3c0963a2440f1c3012c360\",\"name\":\"Guest\",\"url\":\"https:\\\/\\\/latamjournalismreview.org\\\/es\\\/articles\\\/author\\\/guest\\\/\"}]}<\/script>\n<!-- \/ Yoast SEO Premium plugin. -->","yoast_head_json":{"title":"Agencia P\u00fablica lanza proyecto de financiamiento colectivo para reportajes independientes en Brasil - LatAm Journalism Review","description":"Agencia P\u00fablica lanza proyecto de financiamiento colectivo para reportajes independientes en Brasil Colaboraci\u00f3n. Latin American Journalism Review by The Knight Center at The University of Texas at Austin.","robots":{"index":"index","follow":"follow","max-snippet":"max-snippet:-1","max-image-preview":"max-image-preview:large","max-video-preview":"max-video-preview:-1"},"canonical":"https:\/\/latamjournalismreview.org\/es\/articles\/agencia-publica-lanza-proyecto-de-financiamiento-colectivo-para-reportajes-independientes-en-brasil\/","og_locale":"es_ES","og_type":"article","og_title":"Agencia P\u00fablica lanza proyecto de financiamiento colectivo para reportajes independientes en Brasil","og_description":"Agencia P\u00fablica lanza proyecto de financiamiento colectivo para reportajes independientes en Brasil Colaboraci\u00f3n. Latin American Journalism Review by The Knight Center at The University of Texas at Austin.","og_url":"https:\/\/latamjournalismreview.org\/es\/articles\/agencia-publica-lanza-proyecto-de-financiamiento-colectivo-para-reportajes-independientes-en-brasil\/","og_site_name":"LatAm Journalism Review","article_published_time":"2013-08-09T15:34:38+00:00","article_modified_time":"2021-11-18T15:35:39+00:00","og_image":[{"url":"https:\/\/s3.amazonaws.com\/catarse_dev\/uploads\/project\/uploaded_image\/2550\/project_thumb_small_LOGOCATARSE.jpg","type":"","width":"","height":""}],"author":"Guest","twitter_card":"summary_large_image","twitter_creator":"@LatAmJournalism","twitter_site":"@LatAmJournalism","twitter_misc":{"Written by":"Guest","Est. reading time":"2 minutos"},"schema":{"@context":"https:\/\/schema.org","@graph":[{"@type":"Article","@id":"https:\/\/latamjournalismreview.org\/es\/articles\/agencia-publica-lanza-proyecto-de-financiamiento-colectivo-para-reportajes-independientes-en-brasil\/#article","isPartOf":{"@id":"https:\/\/latamjournalismreview.org\/es\/articles\/agencia-publica-lanza-proyecto-de-financiamiento-colectivo-para-reportajes-independientes-en-brasil\/"},"author":{"name":"Guest","@id":"https:\/\/latamjournalismreview.org\/es\/#\/schema\/person\/0315202e0b3c0963a2440f1c3012c360"},"headline":"Agencia P\u00fablica lanza proyecto de financiamiento colectivo para reportajes independientes en Brasil","datePublished":"2013-08-09T15:34:38+00:00","dateModified":"2021-11-18T15:35:39+00:00","mainEntityOfPage":{"@id":"https:\/\/latamjournalismreview.org\/es\/articles\/agencia-publica-lanza-proyecto-de-financiamiento-colectivo-para-reportajes-independientes-en-brasil\/"},"wordCount":471,"publisher":{"@id":"https:\/\/latamjournalismreview.org\/es\/#organization"},"image":{"@id":"https:\/\/latamjournalismreview.org\/es\/articles\/agencia-publica-lanza-proyecto-de-financiamiento-colectivo-para-reportajes-independientes-en-brasil\/#primaryimage"},"thumbnailUrl":"https:\/\/s3.amazonaws.com\/catarse_dev\/uploads\/project\/uploaded_image\/2550\/project_thumb_small_LOGOCATARSE.jpg","keywords":["Colaboraci\u00f3n","Periodismo digital"],"articleSection":["Colaboraci\u00f3n"],"inLanguage":"es"},{"@type":"WebPage","@id":"https:\/\/latamjournalismreview.org\/es\/articles\/agencia-publica-lanza-proyecto-de-financiamiento-colectivo-para-reportajes-independientes-en-brasil\/","url":"https:\/\/latamjournalismreview.org\/es\/articles\/agencia-publica-lanza-proyecto-de-financiamiento-colectivo-para-reportajes-independientes-en-brasil\/","name":"Agencia P\u00fablica lanza proyecto de financiamiento colectivo para reportajes independientes en Brasil - LatAm Journalism Review","isPartOf":{"@id":"https:\/\/latamjournalismreview.org\/es\/#website"},"primaryImageOfPage":{"@id":"https:\/\/latamjournalismreview.org\/es\/articles\/agencia-publica-lanza-proyecto-de-financiamiento-colectivo-para-reportajes-independientes-en-brasil\/#primaryimage"},"image":{"@id":"https:\/\/latamjournalismreview.org\/es\/articles\/agencia-publica-lanza-proyecto-de-financiamiento-colectivo-para-reportajes-independientes-en-brasil\/#primaryimage"},"thumbnailUrl":"https:\/\/s3.amazonaws.com\/catarse_dev\/uploads\/project\/uploaded_image\/2550\/project_thumb_small_LOGOCATARSE.jpg","datePublished":"2013-08-09T15:34:38+00:00","dateModified":"2021-11-18T15:35:39+00:00","description":"Agencia P\u00fablica lanza proyecto de financiamiento colectivo para reportajes independientes en Brasil Colaboraci\u00f3n. Latin American Journalism Review by The Knight Center at The University of Texas at Austin.","breadcrumb":{"@id":"https:\/\/latamjournalismreview.org\/es\/articles\/agencia-publica-lanza-proyecto-de-financiamiento-colectivo-para-reportajes-independientes-en-brasil\/#breadcrumb"},"inLanguage":"es","potentialAction":[{"@type":"ReadAction","target":["https:\/\/latamjournalismreview.org\/es\/articles\/agencia-publica-lanza-proyecto-de-financiamiento-colectivo-para-reportajes-independientes-en-brasil\/"]}]},{"@type":"ImageObject","inLanguage":"es","@id":"https:\/\/latamjournalismreview.org\/es\/articles\/agencia-publica-lanza-proyecto-de-financiamiento-colectivo-para-reportajes-independientes-en-brasil\/#primaryimage","url":"https:\/\/s3.amazonaws.com\/catarse_dev\/uploads\/project\/uploaded_image\/2550\/project_thumb_small_LOGOCATARSE.jpg","contentUrl":"https:\/\/s3.amazonaws.com\/catarse_dev\/uploads\/project\/uploaded_image\/2550\/project_thumb_small_LOGOCATARSE.jpg"},{"@type":"BreadcrumbList","@id":"https:\/\/latamjournalismreview.org\/es\/articles\/agencia-publica-lanza-proyecto-de-financiamiento-colectivo-para-reportajes-independientes-en-brasil\/#breadcrumb","itemListElement":[{"@type":"ListItem","position":1,"name":"Home","item":"https:\/\/latamjournalismreview.org\/es\/"},{"@type":"ListItem","position":2,"name":"Agencia P\u00fablica lanza proyecto de financiamiento colectivo para reportajes independientes en Brasil"}]},{"@type":"WebSite","@id":"https:\/\/latamjournalismreview.org\/es\/#website","url":"https:\/\/latamjournalismreview.org\/es\/","name":"LatAm Journalism Review","description":"Knight Center at The University of Texas","publisher":{"@id":"https:\/\/latamjournalismreview.org\/es\/#organization"},"potentialAction":[{"@type":"SearchAction","target":{"@type":"EntryPoint","urlTemplate":"https:\/\/latamjournalismreview.org\/es\/?s={search_term_string}"},"query-input":{"@type":"PropertyValueSpecification","valueRequired":true,"valueName":"search_term_string"}}],"inLanguage":"es"},{"@type":"Organization","@id":"https:\/\/latamjournalismreview.org\/es\/#organization","name":"LatAm Journalism Review","url":"https:\/\/latamjournalismreview.org\/es\/","logo":{"@type":"ImageObject","inLanguage":"es","@id":"https:\/\/latamjournalismreview.org\/es\/#\/schema\/logo\/image\/","url":"https:\/\/latamjournalismreview.org\/wp-content\/uploads\/2020\/05\/knight-latAm-review-logo.svg","contentUrl":"https:\/\/latamjournalismreview.org\/wp-content\/uploads\/2020\/05\/knight-latAm-review-logo.svg","width":"1024","height":"1024","caption":"LatAm Journalism Review"},"image":{"@id":"https:\/\/latamjournalismreview.org\/es\/#\/schema\/logo\/image\/"},"sameAs":["https:\/\/x.com\/LatAmJournalism"]},{"@type":"Person","@id":"https:\/\/latamjournalismreview.org\/es\/#\/schema\/person\/0315202e0b3c0963a2440f1c3012c360","name":"Guest","url":"https:\/\/latamjournalismreview.org\/es\/articles\/author\/guest\/"}]}},"_links":{"self":[{"href":"https:\/\/latamjournalismreview.org\/es\/wp-json\/wp\/v2\/posts\/42341","targetHints":{"allow":["GET"]}}],"collection":[{"href":"https:\/\/latamjournalismreview.org\/es\/wp-json\/wp\/v2\/posts"}],"about":[{"href":"https:\/\/latamjournalismreview.org\/es\/wp-json\/wp\/v2\/types\/post"}],"author":[{"embeddable":true,"href":"https:\/\/latamjournalismreview.org\/es\/wp-json\/wp\/v2\/users\/17"}],"replies":[{"embeddable":true,"href":"https:\/\/latamjournalismreview.org\/es\/wp-json\/wp\/v2\/comments?post=42341"}],"version-history":[{"count":1,"href":"https:\/\/latamjournalismreview.org\/es\/wp-json\/wp\/v2\/posts\/42341\/revisions"}],"predecessor-version":[{"id":42342,"href":"https:\/\/latamjournalismreview.org\/es\/wp-json\/wp\/v2\/posts\/42341\/revisions\/42342"}],"wp:attachment":[{"href":"https:\/\/latamjournalismreview.org\/es\/wp-json\/wp\/v2\/media?parent=42341"}],"wp:term":[{"taxonomy":"category","embeddable":true,"href":"https:\/\/latamjournalismreview.org\/es\/wp-json\/wp\/v2\/categories?post=42341"},{"taxonomy":"post_tag","embeddable":true,"href":"https:\/\/latamjournalismreview.org\/es\/wp-json\/wp\/v2\/tags?post=42341"},{"taxonomy":"author","embeddable":true,"href":"https:\/\/latamjournalismreview.org\/es\/wp-json\/wp\/v2\/coauthors?post=42341"}],"curies":[{"name":"wp","href":"https:\/\/api.w.org\/{rel}","templated":true}]}}