{"id":42375,"date":"2014-03-06T14:37:55","date_gmt":"2014-03-06T19:37:55","guid":{"rendered":"https:\/\/latamjournalismreview.org\/?p=42375"},"modified":"2021-11-18T10:54:26","modified_gmt":"2021-11-18T15:54:26","slug":"presidente-colombiano-firma-ley-de-transparencia","status":"publish","type":"post","link":"https:\/\/latamjournalismreview.org\/es\/articles\/presidente-colombiano-firma-ley-de-transparencia\/","title":{"rendered":"Presidente colombiano firma ley de transparencia"},"content":{"rendered":"<p><em>Por Alejandro Mart\u00ednez<\/em><\/p>\n<p>El presidente de Colombia Juan Manuel Santos <a href=\"http:\/\/flip.org.co\/content\/presidente-santos-firma-ley-de-transparencia\" target=\"_blank\" rel=\"noopener\">firm\u00f3 hoy 6 de marzo la primera Ley de Transparencia y Acceso a la Informaci\u00f3n P\u00fablica<\/a> del pa\u00eds, inform\u00f3 la Fundaci\u00f3n para la Libertad de Prensa (FLIP).<\/p>\n<p>La ley <a href=\"http:\/\/www.elheraldo.co\/local\/presidente-sanciono-la-ley-de-transparencia-y-acceso-la-informacion-publica-145255\" target=\"_blank\" rel=\"noopener\">entrar\u00e1 en vigor en seis meses para las entidades p\u00fablicas del orden nacional y en un a\u00f1o para las entidades territoriales<\/a>, report\u00f3 El Heraldo.<\/p>\n<p>Seg\u00fan la FLIP, la ley requerir\u00e1 a las entidades gubernamentales y a cualquier persona que cumpla funciones p\u00fablicas que responda a solicitudes de informaci\u00f3n. Tambi\u00e9n establece contenidos m\u00ednimos de informaci\u00f3n que deben ser publicados y requiere que las entidades gubernamentales presenten pruebas y argumentos para justificar cuando la informaci\u00f3n sea reservada.<\/p>\n<p>La FLIP llam\u00f3 la ley una victoria para la sociedad civil, la cual promovi\u00f3 la creaci\u00f3n y aprobaci\u00f3n de la legislaci\u00f3n a trav\u00e9s de la alianza <a href=\"http:\/\/masinformacionmasderechos.co\/\" target=\"_blank\" rel=\"noopener\">M\u00e1s Informaci\u00f3n M\u00e1s Derechos<\/a>.<\/p>\n<p>Por su parte, Santos llam\u00f3 a la ley \u201cun paso m\u00e1s en la lucha\u201d contra la corrupci\u00f3n, seg\u00fan El Heraldo.<\/p>\n<p>En los \u00faltimos a\u00f1os varios pa\u00edses en Am\u00e9rica Latina \u2013 como <a href=\"https:\/\/knightcenter.utexas.edu\/es\/blog\/00-14752-el-secretismo-estatal-es-el-principal-obstaculo-para-acceder-la-informacion-publica-en\" target=\"_blank\" rel=\"noopener\">Brasil<\/a>, <a href=\"https:\/\/knightcenter.utexas.edu\/es\/blog\/00-14745-ley-de-transparencia-chilena-es-gran-herramienta-para-periodistas-mientras-en-uruguay-\" target=\"_blank\" rel=\"noopener\">Chile<\/a> y <a href=\"https:\/\/knightcenter.utexas.edu\/es\/blog\/00-14744-las-leyes-de-transparencia-presentan-retos-profesionales-e-institucionales-en-mexico-g\" target=\"_blank\" rel=\"noopener\">M\u00e9xico<\/a> \u2013 han aprobado leyes de transparencia o empezado a preparar iniciativas para mejorar el acceso a la informaci\u00f3n p\u00fablica.<\/p>\n<p>El tema del acceso a la informaci\u00f3n en el continente fue el foco del <a href=\"https:\/\/knightcenter.utexas.edu\/es\/austinforum\/af2013\" target=\"_blank\" rel=\"noopener\">ultimo Foro de Austin<\/a>, organizado por el <strong>Centro Knight para el Periodismo en las Am\u00e9ricas<\/strong> y llevado a cabo en noviembre del a\u00f1o pasado en la Universidad de Texas en Austin. Durante el evento se discutieron <a href=\"https:\/\/knightcenter.utexas.edu\/es\/blog\/00-14761-11%C2%BA-foro-de-austin-cultura-del-secreto-y-falta-de-capacitacion-son-las-mayores-trabas-\" target=\"_blank\" rel=\"noopener\">los diferentes niveles de transparencia que existen en los pa\u00edses del continente americano<\/a> y los obst\u00e1culos al acceso a la informaci\u00f3n.<\/p>\n<p>Durante el Foro, Miriam Forero, representante de la organizaci\u00f3n Consejo de Redacci\u00f3n (CdR), explic\u00f3 que la ley colombiana ser\u00eda la primera en materia de transparencia en el pa\u00eds y, aunque cuenta con muchos beneficios, tambi\u00e9n crea ciertas excepciones que est\u00e1 por verse cu\u00e1nto obstaculizar\u00e1n el acceso a la informaci\u00f3n p\u00fablica. Por ejemplo, la ley establece\u00a0un amplio rango de categor\u00edas de informaci\u00f3n clasificada, en cuyo caso las solicitudes ser\u00edan rechazadas, dijo Forero.<\/p>\n<p>Forero tambi\u00e9n habl\u00f3 de la base de datos de CdR <a href=\"http:\/\/www.consejoderedaccion.org\/investigacion-periodistica\/base-de-datos-zoom-online\">Zoom Online<\/a>, un esfuerzo por aumentar la transparencia en Colombia que ha recogido m\u00e1s de dos millones de documentos obtenidos a trav\u00e9s de solicitudes de informaci\u00f3n p\u00fablica, que pueden ser de utilidad para otros periodistas.<\/p>\n<p><em>Nota del editor: Esta historia fue publicada originalmente en el blog Periodismo en las Am\u00e9ricas del Centro Knight, el predecesor de LatAm Journalism Review.<\/em><\/p>\n","protected":false},"excerpt":{"rendered":"<p>El presidente de Colombia Juan Manuel Santos firm\u00f3 hoy 6 de marzo la primera Ley de Transparencia y Acceso a la Informaci\u00f3n P\u00fablica del pa\u00eds, inform\u00f3 la Fundaci\u00f3n para la Libertad de Prensa (FLIP).<\/p>\n","protected":false},"author":22,"featured_media":0,"comment_status":"closed","ping_status":"closed","sticky":false,"template":"","format":"standard","meta":{"inline_featured_image":false,"footnotes":""},"categories":[1227],"tags":[1422,1395],"coauthors":[],"class_list":["post-42375","post","type-post","status-publish","format-standard","hentry","category-acceso-a-la-informacion-es","tag-acceso-a-la-informacion-es","tag-colombia-es-2"],"acf":[],"yoast_head":"<!-- This site is optimized with the Yoast SEO Premium plugin v22.6 (Yoast SEO v27.4) - https:\/\/yoast.com\/product\/yoast-seo-premium-wordpress\/ -->\n<title>Presidente colombiano firma ley de transparencia - LatAm Journalism Review<\/title>\n<meta name=\"description\" content=\"Presidente colombiano firma ley de transparencia Acceso a la Informaci\u00f3n. Latin American Journalism Review by The Knight Center at The University of Texas at Austin.\" \/>\n<meta name=\"robots\" content=\"index, follow, max-snippet:-1, max-image-preview:large, max-video-preview:-1\" \/>\n<link rel=\"canonical\" href=\"https:\/\/latamjournalismreview.org\/es\/articles\/presidente-colombiano-firma-ley-de-transparencia\/\" \/>\n<meta property=\"og:locale\" content=\"es_ES\" \/>\n<meta property=\"og:type\" content=\"article\" \/>\n<meta property=\"og:title\" content=\"Presidente colombiano firma ley de transparencia\" \/>\n<meta property=\"og:description\" content=\"Presidente colombiano firma ley de transparencia Acceso a la Informaci\u00f3n. Latin American Journalism Review by The Knight Center at The University of Texas at Austin.\" \/>\n<meta property=\"og:url\" content=\"https:\/\/latamjournalismreview.org\/es\/articles\/presidente-colombiano-firma-ley-de-transparencia\/\" \/>\n<meta property=\"og:site_name\" content=\"LatAm Journalism Review\" \/>\n<meta property=\"article:published_time\" content=\"2014-03-06T19:37:55+00:00\" \/>\n<meta property=\"article:modified_time\" content=\"2021-11-18T15:54:26+00:00\" \/>\n<meta name=\"author\" content=\"Knight Center\" \/>\n<meta name=\"twitter:card\" content=\"summary_large_image\" \/>\n<meta name=\"twitter:creator\" content=\"@LatAmJournalism\" \/>\n<meta name=\"twitter:site\" content=\"@LatAmJournalism\" \/>\n<meta name=\"twitter:label1\" content=\"Written by\" \/>\n\t<meta name=\"twitter:data1\" content=\"Knight Center\" \/>\n\t<meta name=\"twitter:label2\" content=\"Est. reading time\" \/>\n\t<meta name=\"twitter:data2\" content=\"2 minutos\" \/>\n<script type=\"application\/ld+json\" class=\"yoast-schema-graph\">{\"@context\":\"https:\\\/\\\/schema.org\",\"@graph\":[{\"@type\":\"Article\",\"@id\":\"https:\\\/\\\/latamjournalismreview.org\\\/es\\\/articles\\\/presidente-colombiano-firma-ley-de-transparencia\\\/#article\",\"isPartOf\":{\"@id\":\"https:\\\/\\\/latamjournalismreview.org\\\/es\\\/articles\\\/presidente-colombiano-firma-ley-de-transparencia\\\/\"},\"author\":{\"name\":\"Knight Center\",\"@id\":\"https:\\\/\\\/latamjournalismreview.org\\\/es\\\/#\\\/schema\\\/person\\\/6c325fd0fef0cd167424c683e6577e19\"},\"headline\":\"Presidente colombiano firma ley de transparencia\",\"datePublished\":\"2014-03-06T19:37:55+00:00\",\"dateModified\":\"2021-11-18T15:54:26+00:00\",\"mainEntityOfPage\":{\"@id\":\"https:\\\/\\\/latamjournalismreview.org\\\/es\\\/articles\\\/presidente-colombiano-firma-ley-de-transparencia\\\/\"},\"wordCount\":467,\"publisher\":{\"@id\":\"https:\\\/\\\/latamjournalismreview.org\\\/es\\\/#organization\"},\"keywords\":[\"Acceso a la informaci\u00f3n\",\"Colombia\"],\"articleSection\":[\"Acceso a la Informaci\u00f3n\"],\"inLanguage\":\"es\"},{\"@type\":\"WebPage\",\"@id\":\"https:\\\/\\\/latamjournalismreview.org\\\/es\\\/articles\\\/presidente-colombiano-firma-ley-de-transparencia\\\/\",\"url\":\"https:\\\/\\\/latamjournalismreview.org\\\/es\\\/articles\\\/presidente-colombiano-firma-ley-de-transparencia\\\/\",\"name\":\"Presidente colombiano firma ley de transparencia - LatAm Journalism Review\",\"isPartOf\":{\"@id\":\"https:\\\/\\\/latamjournalismreview.org\\\/es\\\/#website\"},\"datePublished\":\"2014-03-06T19:37:55+00:00\",\"dateModified\":\"2021-11-18T15:54:26+00:00\",\"description\":\"Presidente colombiano firma ley de transparencia Acceso a la Informaci\u00f3n. Latin American Journalism Review by The Knight Center at The University of Texas at Austin.\",\"breadcrumb\":{\"@id\":\"https:\\\/\\\/latamjournalismreview.org\\\/es\\\/articles\\\/presidente-colombiano-firma-ley-de-transparencia\\\/#breadcrumb\"},\"inLanguage\":\"es\",\"potentialAction\":[{\"@type\":\"ReadAction\",\"target\":[\"https:\\\/\\\/latamjournalismreview.org\\\/es\\\/articles\\\/presidente-colombiano-firma-ley-de-transparencia\\\/\"]}]},{\"@type\":\"BreadcrumbList\",\"@id\":\"https:\\\/\\\/latamjournalismreview.org\\\/es\\\/articles\\\/presidente-colombiano-firma-ley-de-transparencia\\\/#breadcrumb\",\"itemListElement\":[{\"@type\":\"ListItem\",\"position\":1,\"name\":\"Home\",\"item\":\"https:\\\/\\\/latamjournalismreview.org\\\/es\\\/\"},{\"@type\":\"ListItem\",\"position\":2,\"name\":\"Presidente colombiano firma ley de transparencia\"}]},{\"@type\":\"WebSite\",\"@id\":\"https:\\\/\\\/latamjournalismreview.org\\\/es\\\/#website\",\"url\":\"https:\\\/\\\/latamjournalismreview.org\\\/es\\\/\",\"name\":\"LatAm Journalism Review\",\"description\":\"Knight Center at The University of Texas\",\"publisher\":{\"@id\":\"https:\\\/\\\/latamjournalismreview.org\\\/es\\\/#organization\"},\"potentialAction\":[{\"@type\":\"SearchAction\",\"target\":{\"@type\":\"EntryPoint\",\"urlTemplate\":\"https:\\\/\\\/latamjournalismreview.org\\\/es\\\/?s={search_term_string}\"},\"query-input\":{\"@type\":\"PropertyValueSpecification\",\"valueRequired\":true,\"valueName\":\"search_term_string\"}}],\"inLanguage\":\"es\"},{\"@type\":\"Organization\",\"@id\":\"https:\\\/\\\/latamjournalismreview.org\\\/es\\\/#organization\",\"name\":\"LatAm Journalism Review\",\"url\":\"https:\\\/\\\/latamjournalismreview.org\\\/es\\\/\",\"logo\":{\"@type\":\"ImageObject\",\"inLanguage\":\"es\",\"@id\":\"https:\\\/\\\/latamjournalismreview.org\\\/es\\\/#\\\/schema\\\/logo\\\/image\\\/\",\"url\":\"https:\\\/\\\/latamjournalismreview.org\\\/wp-content\\\/uploads\\\/2020\\\/05\\\/knight-latAm-review-logo.svg\",\"contentUrl\":\"https:\\\/\\\/latamjournalismreview.org\\\/wp-content\\\/uploads\\\/2020\\\/05\\\/knight-latAm-review-logo.svg\",\"width\":\"1024\",\"height\":\"1024\",\"caption\":\"LatAm Journalism Review\"},\"image\":{\"@id\":\"https:\\\/\\\/latamjournalismreview.org\\\/es\\\/#\\\/schema\\\/logo\\\/image\\\/\"},\"sameAs\":[\"https:\\\/\\\/x.com\\\/LatAmJournalism\"]},{\"@type\":\"Person\",\"@id\":\"https:\\\/\\\/latamjournalismreview.org\\\/es\\\/#\\\/schema\\\/person\\\/6c325fd0fef0cd167424c683e6577e19\",\"name\":\"Knight Center\",\"url\":\"https:\\\/\\\/latamjournalismreview.org\\\/es\\\/articles\\\/author\\\/knight-center\\\/\"}]}<\/script>\n<!-- \/ Yoast SEO Premium plugin. -->","yoast_head_json":{"title":"Presidente colombiano firma ley de transparencia - LatAm Journalism Review","description":"Presidente colombiano firma ley de transparencia Acceso a la Informaci\u00f3n. Latin American Journalism Review by The Knight Center at The University of Texas at Austin.","robots":{"index":"index","follow":"follow","max-snippet":"max-snippet:-1","max-image-preview":"max-image-preview:large","max-video-preview":"max-video-preview:-1"},"canonical":"https:\/\/latamjournalismreview.org\/es\/articles\/presidente-colombiano-firma-ley-de-transparencia\/","og_locale":"es_ES","og_type":"article","og_title":"Presidente colombiano firma ley de transparencia","og_description":"Presidente colombiano firma ley de transparencia Acceso a la Informaci\u00f3n. Latin American Journalism Review by The Knight Center at The University of Texas at Austin.","og_url":"https:\/\/latamjournalismreview.org\/es\/articles\/presidente-colombiano-firma-ley-de-transparencia\/","og_site_name":"LatAm Journalism Review","article_published_time":"2014-03-06T19:37:55+00:00","article_modified_time":"2021-11-18T15:54:26+00:00","author":"Knight Center","twitter_card":"summary_large_image","twitter_creator":"@LatAmJournalism","twitter_site":"@LatAmJournalism","twitter_misc":{"Written by":"Knight Center","Est. reading time":"2 minutos"},"schema":{"@context":"https:\/\/schema.org","@graph":[{"@type":"Article","@id":"https:\/\/latamjournalismreview.org\/es\/articles\/presidente-colombiano-firma-ley-de-transparencia\/#article","isPartOf":{"@id":"https:\/\/latamjournalismreview.org\/es\/articles\/presidente-colombiano-firma-ley-de-transparencia\/"},"author":{"name":"Knight Center","@id":"https:\/\/latamjournalismreview.org\/es\/#\/schema\/person\/6c325fd0fef0cd167424c683e6577e19"},"headline":"Presidente colombiano firma ley de transparencia","datePublished":"2014-03-06T19:37:55+00:00","dateModified":"2021-11-18T15:54:26+00:00","mainEntityOfPage":{"@id":"https:\/\/latamjournalismreview.org\/es\/articles\/presidente-colombiano-firma-ley-de-transparencia\/"},"wordCount":467,"publisher":{"@id":"https:\/\/latamjournalismreview.org\/es\/#organization"},"keywords":["Acceso a la informaci\u00f3n","Colombia"],"articleSection":["Acceso a la Informaci\u00f3n"],"inLanguage":"es"},{"@type":"WebPage","@id":"https:\/\/latamjournalismreview.org\/es\/articles\/presidente-colombiano-firma-ley-de-transparencia\/","url":"https:\/\/latamjournalismreview.org\/es\/articles\/presidente-colombiano-firma-ley-de-transparencia\/","name":"Presidente colombiano firma ley de transparencia - LatAm Journalism Review","isPartOf":{"@id":"https:\/\/latamjournalismreview.org\/es\/#website"},"datePublished":"2014-03-06T19:37:55+00:00","dateModified":"2021-11-18T15:54:26+00:00","description":"Presidente colombiano firma ley de transparencia Acceso a la Informaci\u00f3n. Latin American Journalism Review by The Knight Center at The University of Texas at Austin.","breadcrumb":{"@id":"https:\/\/latamjournalismreview.org\/es\/articles\/presidente-colombiano-firma-ley-de-transparencia\/#breadcrumb"},"inLanguage":"es","potentialAction":[{"@type":"ReadAction","target":["https:\/\/latamjournalismreview.org\/es\/articles\/presidente-colombiano-firma-ley-de-transparencia\/"]}]},{"@type":"BreadcrumbList","@id":"https:\/\/latamjournalismreview.org\/es\/articles\/presidente-colombiano-firma-ley-de-transparencia\/#breadcrumb","itemListElement":[{"@type":"ListItem","position":1,"name":"Home","item":"https:\/\/latamjournalismreview.org\/es\/"},{"@type":"ListItem","position":2,"name":"Presidente colombiano firma ley de transparencia"}]},{"@type":"WebSite","@id":"https:\/\/latamjournalismreview.org\/es\/#website","url":"https:\/\/latamjournalismreview.org\/es\/","name":"LatAm Journalism Review","description":"Knight Center at The University of Texas","publisher":{"@id":"https:\/\/latamjournalismreview.org\/es\/#organization"},"potentialAction":[{"@type":"SearchAction","target":{"@type":"EntryPoint","urlTemplate":"https:\/\/latamjournalismreview.org\/es\/?s={search_term_string}"},"query-input":{"@type":"PropertyValueSpecification","valueRequired":true,"valueName":"search_term_string"}}],"inLanguage":"es"},{"@type":"Organization","@id":"https:\/\/latamjournalismreview.org\/es\/#organization","name":"LatAm Journalism Review","url":"https:\/\/latamjournalismreview.org\/es\/","logo":{"@type":"ImageObject","inLanguage":"es","@id":"https:\/\/latamjournalismreview.org\/es\/#\/schema\/logo\/image\/","url":"https:\/\/latamjournalismreview.org\/wp-content\/uploads\/2020\/05\/knight-latAm-review-logo.svg","contentUrl":"https:\/\/latamjournalismreview.org\/wp-content\/uploads\/2020\/05\/knight-latAm-review-logo.svg","width":"1024","height":"1024","caption":"LatAm Journalism Review"},"image":{"@id":"https:\/\/latamjournalismreview.org\/es\/#\/schema\/logo\/image\/"},"sameAs":["https:\/\/x.com\/LatAmJournalism"]},{"@type":"Person","@id":"https:\/\/latamjournalismreview.org\/es\/#\/schema\/person\/6c325fd0fef0cd167424c683e6577e19","name":"Knight Center","url":"https:\/\/latamjournalismreview.org\/es\/articles\/author\/knight-center\/"}]}},"_links":{"self":[{"href":"https:\/\/latamjournalismreview.org\/es\/wp-json\/wp\/v2\/posts\/42375","targetHints":{"allow":["GET"]}}],"collection":[{"href":"https:\/\/latamjournalismreview.org\/es\/wp-json\/wp\/v2\/posts"}],"about":[{"href":"https:\/\/latamjournalismreview.org\/es\/wp-json\/wp\/v2\/types\/post"}],"author":[{"embeddable":true,"href":"https:\/\/latamjournalismreview.org\/es\/wp-json\/wp\/v2\/users\/22"}],"replies":[{"embeddable":true,"href":"https:\/\/latamjournalismreview.org\/es\/wp-json\/wp\/v2\/comments?post=42375"}],"version-history":[{"count":2,"href":"https:\/\/latamjournalismreview.org\/es\/wp-json\/wp\/v2\/posts\/42375\/revisions"}],"predecessor-version":[{"id":42381,"href":"https:\/\/latamjournalismreview.org\/es\/wp-json\/wp\/v2\/posts\/42375\/revisions\/42381"}],"wp:attachment":[{"href":"https:\/\/latamjournalismreview.org\/es\/wp-json\/wp\/v2\/media?parent=42375"}],"wp:term":[{"taxonomy":"category","embeddable":true,"href":"https:\/\/latamjournalismreview.org\/es\/wp-json\/wp\/v2\/categories?post=42375"},{"taxonomy":"post_tag","embeddable":true,"href":"https:\/\/latamjournalismreview.org\/es\/wp-json\/wp\/v2\/tags?post=42375"},{"taxonomy":"author","embeddable":true,"href":"https:\/\/latamjournalismreview.org\/es\/wp-json\/wp\/v2\/coauthors?post=42375"}],"curies":[{"name":"wp","href":"https:\/\/api.w.org\/{rel}","templated":true}]}}