{"id":42412,"date":"2014-03-04T16:07:32","date_gmt":"2014-03-04T21:07:32","guid":{"rendered":"https:\/\/latamjournalismreview.org\/?p=42412"},"modified":"2021-11-18T14:24:53","modified_gmt":"2021-11-18T19:24:53","slug":"procuraduria-colombiana-abre-investigacion-contra-canal-publico-por-cobertura-de-destitucion-de-alcalde-de-bogota","status":"publish","type":"post","link":"https:\/\/latamjournalismreview.org\/es\/articles\/procuraduria-colombiana-abre-investigacion-contra-canal-publico-por-cobertura-de-destitucion-de-alcalde-de-bogota\/","title":{"rendered":"Procuradur\u00eda colombiana abre investigaci\u00f3n contra canal p\u00fablico por cobertura de destituci\u00f3n de alcalde de Bogot\u00e1"},"content":{"rendered":"<p><em>Por Alejandro Mart\u00ednez<\/em><\/p>\n<p>La Procuradur\u00eda General de la Naci\u00f3n de Colombia <a href=\"http:\/\/canalcapital.gov.co\/todos-los-programas\/145-informativa\/noticias-destacados\/14187-comunicado-a-la-opinion-publica\" target=\"_blank\" rel=\"noopener\">ha abierto una investigaci\u00f3n<\/a> en contra de del canal p\u00fablico de Bogot\u00e1, <a href=\"http:\/\/canalcapital.gov.co\/\" target=\"_blank\" rel=\"noopener\">Canal Capital<\/a>, relacionada a su cobertura de las movilizaciones que convoc\u00f3 el Alcalde Mayor de la ciudad Gustavo Petro Urrego, anunci\u00f3 el medio.<\/p>\n<p>La investigaci\u00f3n ocurre despu\u00e9s de que el poderoso procurador general del pa\u00eds, <a href=\"http:\/\/www.semana.com\/nacion\/articulo\/el-poder-del-procurador\/332821-3%E2%80%8B\" target=\"_blank\" rel=\"noopener\">Alejandro Ord\u00f3\u00f1ez<\/a>, orden\u00f3 en diciembre la destituci\u00f3n de Petro Urrego \u2013 al igual que su deshabilitaci\u00f3n por 15 a\u00f1os \u2013 por <a href=\"http:\/\/www.semana.com\/nacion\/articulo\/gustavo-petro-fue-destituido-por-la-procuraduria\/367687-3\" target=\"_blank\" rel=\"noopener\">supuestas fallas administrativas serias al hacer cambios en el sistema de recolecci\u00f3n de basura de Bogot\u00e1<\/a> el a\u00f1o pasado. Petro Urrego ha acusado a Ord\u00f3\u00f1ez de emitir la orden <a href=\"http:\/\/www.bbc.co.uk\/mundo\/noticias\/2013\/12\/131216_colombia_procurador_alejandro_ordonez_aw.shtml\" target=\"_blank\" rel=\"noopener\">con motivaciones pol\u00edticas <\/a>y <a href=\"http:\/\/www.elespectador.com\/noticias\/bogota\/petro-convoca-movilizacion-permanente-tras-ratificacion-articulo-468308\" target=\"_blank\" rel=\"noopener\">convoc\u00f3 a\u00a0 movilizaciones p\u00fablicas<\/a> para protestar su destituci\u00f3n.<\/p>\n<p>En una notificaci\u00f3n enviada a mediados de febrero y <a href=\"http:\/\/canalcapital.gov.co\/todos-los-programas\/145-informativa\/noticias-destacados\/14187-comunicado-a-la-opinion-publica\" target=\"_blank\" rel=\"noopener\">republicada por Canal Capital<\/a>, la Procuradur\u00eda le notific\u00f3 al medio la orden de indagaci\u00f3n en su contra por \u201cpresuntas irregularidades por parte de Canal Capital al realizar transmisiones imparciales \u2018en contra de la procuradur\u00eda\u2019 y motivando a realizar movilizaciones utilizando indebidamente los recursos p\u00fablicos para tal fin\u201d.<\/p>\n<p>La Procuradur\u00eda pidi\u00f3 al canal registros de la programaci\u00f3n que estaba originalmente agendada para las horas y los d\u00edas cuando Petro Urrego comunic\u00f3 la sanci\u00f3n en su contra y cuando ocurrieron las movilizaciones, al igual que copias de las transmisiones que finalmente se difundieron.<\/p>\n<p>En otra notificaci\u00f3n dirigida al director del canal Hollman Morris, la Secretar\u00eda Com\u00fan de Asuntos Disciplinarios de la Personer\u00eda de Bogot\u00e1 tambi\u00e9n solicit\u00f3 el n\u00famero de cubrimientos y copias de los videos realizados por Canal Capital sobre las movilizaciones ciudadanas que siguieron a la destituci\u00f3n Petro Urrego para evaluar medidas disciplinarias contra el medio.<\/p>\n<p>Ord\u00f3\u00f1ez orden\u00f3 la destituci\u00f3n de Petro Urrego en diciembre del a\u00f1o pasado. En enero una corte de segunda instancia ratific\u00f3 la orden; sin embargo, <a href=\"http:\/\/www.elespectador.com\/noticias\/judicial\/tribunal-administrativo-suspende-provisionalmente-desti-articulo-468519\" target=\"_blank\" rel=\"noopener\">se encuentra temporalmente suspendida<\/a>. Petro Urrego <a href=\"http:\/\/m.semana.com\/nacion\/articulo\/petro-la-denuncia-ante-comision-interamericana-de-derechos-humanos\/367850-3\" target=\"_blank\" rel=\"noopener\">ha demandado al Estado colombiano ante la Corte Interamericana de Derechos Humanos<\/a> por lo que llam\u00f3 una persecuci\u00f3n pol\u00edtica en su contra.<\/p>\n<p>Canal Capital ha sido dirigido por Morris desde el 2012, <a href=\"https:\/\/knightcenter.utexas.edu\/es\/blog\/premiado-periodista-hollman-morris-habla-con-el-centro-knight-sobre-su-peligrosa-decision-de-vo\" target=\"_blank\" rel=\"noopener\">a\u00f1o en el que Petro Urrego lo invit\u00f3 a tomar cargo del medio<\/a>. Morris, un reconocido periodista que recibi\u00f3 la Beca Nieman de la Universidad de Harvard en 2010, regres\u00f3 a Colombia para tomar el puesto tras haber salido del pa\u00eds por casi un a\u00f1o <a href=\"https:\/\/knightcenter.utexas.edu\/es\/blog\/beca-nieman-se-convierte-en-un-salvavidas-para-el-periodista-colombiano-hollman-morris\" target=\"_blank\" rel=\"noopener\">tras recibir amenazas por parte del gobierno del ex presidente \u00c1lvaro Uribe y grupos paramilitares<\/a>.<\/p>\n<div>En su\u00a0comunicado,\u00a0Canal Capital dijo que notific\u00f3 a organizaciones internacionales como la Relator\u00eda Especial para la Libertad de Expresi\u00f3n de la Organizaci\u00f3n de los Estados Americanos, el Relator Especial para la Libertad de Expresi\u00f3n de las Naciones Unidas y Reporteros Sin Fronteras sobre la investigaci\u00f3n.<\/div>\n<div><\/div>\n<p>Canal Capital tambi\u00e9n\u00a0cit\u00f3 a la Fundaci\u00f3n para la Libertad de Prensa (FLIP) en Colombia, la cual critic\u00f3 la acci\u00f3n en contra del canal y dijo\u00a0que no es la competencia de la Procuradur\u00eda investigar contenidos period\u00edsticos.<\/p>\n<p>\u201cSi el motivo de la acci\u00f3n es presunta imparcialidad, dirimir este conflicto corresponde a la jurisdicci\u00f3n Constitucional. De igual forma, en el caso de la Procuradur\u00eda se debe recordar que al adelantar investigaciones sobre contenidos relacionados con s\u00ed misma, estar\u00eda actuando como juez y parte\u201d, dijo la FLIP a Canal Capital.<\/p>\n<p>El canal pidi\u00f3 que cualquier investigaci\u00f3n respete la libertad de expresi\u00f3n y el derecho a la informaci\u00f3n, y asegur\u00f3 que continuar\u00e1 con su cobertura de las movilizaciones.<\/p>\n<p>\u201cCanal Capital seguir\u00e1 cubriendo period\u00edsticamente lo que ata\u00f1e a las movilizaciones, pronunciamientos que tengan que ver con la pretendida destituci\u00f3n del Alcalde Mayor de Bogot\u00e1, como el acontecer de la ciudad, sabiendo que nuestro deber es informar, y para ello emplearemos todos los recursos que est\u00e9n a nuestro alcance para mantener a una sociedad bien informada\u201d, afirm\u00f3 en su\u00a0comunicado.<\/p>\n<p><em>Nota del editor: Esta historia fue publicada originalmente en el blog Periodismo en las Am\u00e9ricas del Centro Knight, el predecesor de LatAm Journalism Review.<\/em><\/p>\n","protected":false},"excerpt":{"rendered":"<p>La Procuradur\u00eda General de la Naci\u00f3n de Colombia ha abierto una investigaci\u00f3n en contra de del canal p\u00fablico de Bogot\u00e1, Canal Capital, relacionada a su cobertura de las movilizaciones que convoc\u00f3 el Alcalde Mayor de la ciudad Gustavo Petro Urrego, anunci\u00f3 el medio.<\/p>\n","protected":false},"author":22,"featured_media":0,"comment_status":"closed","ping_status":"closed","sticky":false,"template":"","format":"standard","meta":{"inline_featured_image":false,"footnotes":""},"categories":[1220],"tags":[1395],"coauthors":[],"class_list":["post-42412","post","type-post","status-publish","format-standard","hentry","category-libertad-de-prensa-es","tag-colombia-es-2"],"acf":[],"yoast_head":"<!-- This site is optimized with the Yoast SEO Premium plugin v22.6 (Yoast SEO v27.4) - https:\/\/yoast.com\/product\/yoast-seo-premium-wordpress\/ -->\n<title>Procuradur\u00eda colombiana abre investigaci\u00f3n contra canal p\u00fablico por cobertura de destituci\u00f3n de alcalde de Bogot\u00e1 - LatAm Journalism Review<\/title>\n<meta name=\"description\" content=\"Procuradur\u00eda colombiana abre investigaci\u00f3n contra canal p\u00fablico por cobertura de destituci\u00f3n de alcalde de Bogot\u00e1 Libertad de prensa. Latin American Journalism Review by The Knight Center at The University of Texas at Austin.\" \/>\n<meta name=\"robots\" content=\"index, follow, max-snippet:-1, max-image-preview:large, max-video-preview:-1\" \/>\n<link rel=\"canonical\" href=\"https:\/\/latamjournalismreview.org\/es\/articles\/procuraduria-colombiana-abre-investigacion-contra-canal-publico-por-cobertura-de-destitucion-de-alcalde-de-bogota\/\" \/>\n<meta property=\"og:locale\" content=\"es_ES\" \/>\n<meta property=\"og:type\" content=\"article\" \/>\n<meta property=\"og:title\" content=\"Procuradur\u00eda colombiana abre investigaci\u00f3n contra canal p\u00fablico por cobertura de destituci\u00f3n de alcalde de Bogot\u00e1\" \/>\n<meta property=\"og:description\" content=\"Procuradur\u00eda colombiana abre investigaci\u00f3n contra canal p\u00fablico por cobertura de destituci\u00f3n de alcalde de Bogot\u00e1 Libertad de prensa. Latin American Journalism Review by The Knight Center at The University of Texas at Austin.\" \/>\n<meta property=\"og:url\" content=\"https:\/\/latamjournalismreview.org\/es\/articles\/procuraduria-colombiana-abre-investigacion-contra-canal-publico-por-cobertura-de-destitucion-de-alcalde-de-bogota\/\" \/>\n<meta property=\"og:site_name\" content=\"LatAm Journalism Review\" \/>\n<meta property=\"article:published_time\" content=\"2014-03-04T21:07:32+00:00\" \/>\n<meta property=\"article:modified_time\" content=\"2021-11-18T19:24:53+00:00\" \/>\n<meta name=\"author\" content=\"Knight Center\" \/>\n<meta name=\"twitter:card\" content=\"summary_large_image\" \/>\n<meta name=\"twitter:creator\" content=\"@LatAmJournalism\" \/>\n<meta name=\"twitter:site\" content=\"@LatAmJournalism\" \/>\n<meta name=\"twitter:label1\" content=\"Written by\" \/>\n\t<meta name=\"twitter:data1\" content=\"Knight Center\" \/>\n\t<meta name=\"twitter:label2\" content=\"Est. reading time\" \/>\n\t<meta name=\"twitter:data2\" content=\"4 minutos\" \/>\n<script type=\"application\/ld+json\" class=\"yoast-schema-graph\">{\"@context\":\"https:\\\/\\\/schema.org\",\"@graph\":[{\"@type\":\"Article\",\"@id\":\"https:\\\/\\\/latamjournalismreview.org\\\/es\\\/articles\\\/procuraduria-colombiana-abre-investigacion-contra-canal-publico-por-cobertura-de-destitucion-de-alcalde-de-bogota\\\/#article\",\"isPartOf\":{\"@id\":\"https:\\\/\\\/latamjournalismreview.org\\\/es\\\/articles\\\/procuraduria-colombiana-abre-investigacion-contra-canal-publico-por-cobertura-de-destitucion-de-alcalde-de-bogota\\\/\"},\"author\":{\"name\":\"Knight Center\",\"@id\":\"https:\\\/\\\/latamjournalismreview.org\\\/es\\\/#\\\/schema\\\/person\\\/6c325fd0fef0cd167424c683e6577e19\"},\"headline\":\"Procuradur\u00eda colombiana abre investigaci\u00f3n contra canal p\u00fablico por cobertura de destituci\u00f3n de alcalde de Bogot\u00e1\",\"datePublished\":\"2014-03-04T21:07:32+00:00\",\"dateModified\":\"2021-11-18T19:24:53+00:00\",\"mainEntityOfPage\":{\"@id\":\"https:\\\/\\\/latamjournalismreview.org\\\/es\\\/articles\\\/procuraduria-colombiana-abre-investigacion-contra-canal-publico-por-cobertura-de-destitucion-de-alcalde-de-bogota\\\/\"},\"wordCount\":719,\"publisher\":{\"@id\":\"https:\\\/\\\/latamjournalismreview.org\\\/es\\\/#organization\"},\"keywords\":[\"Colombia\"],\"articleSection\":[\"Libertad de prensa\"],\"inLanguage\":\"es\"},{\"@type\":\"WebPage\",\"@id\":\"https:\\\/\\\/latamjournalismreview.org\\\/es\\\/articles\\\/procuraduria-colombiana-abre-investigacion-contra-canal-publico-por-cobertura-de-destitucion-de-alcalde-de-bogota\\\/\",\"url\":\"https:\\\/\\\/latamjournalismreview.org\\\/es\\\/articles\\\/procuraduria-colombiana-abre-investigacion-contra-canal-publico-por-cobertura-de-destitucion-de-alcalde-de-bogota\\\/\",\"name\":\"Procuradur\u00eda colombiana abre investigaci\u00f3n contra canal p\u00fablico por cobertura de destituci\u00f3n de alcalde de Bogot\u00e1 - LatAm Journalism Review\",\"isPartOf\":{\"@id\":\"https:\\\/\\\/latamjournalismreview.org\\\/es\\\/#website\"},\"datePublished\":\"2014-03-04T21:07:32+00:00\",\"dateModified\":\"2021-11-18T19:24:53+00:00\",\"description\":\"Procuradur\u00eda colombiana abre investigaci\u00f3n contra canal p\u00fablico por cobertura de destituci\u00f3n de alcalde de Bogot\u00e1 Libertad de prensa. Latin American Journalism Review by The Knight Center at The University of Texas at Austin.\",\"breadcrumb\":{\"@id\":\"https:\\\/\\\/latamjournalismreview.org\\\/es\\\/articles\\\/procuraduria-colombiana-abre-investigacion-contra-canal-publico-por-cobertura-de-destitucion-de-alcalde-de-bogota\\\/#breadcrumb\"},\"inLanguage\":\"es\",\"potentialAction\":[{\"@type\":\"ReadAction\",\"target\":[\"https:\\\/\\\/latamjournalismreview.org\\\/es\\\/articles\\\/procuraduria-colombiana-abre-investigacion-contra-canal-publico-por-cobertura-de-destitucion-de-alcalde-de-bogota\\\/\"]}]},{\"@type\":\"BreadcrumbList\",\"@id\":\"https:\\\/\\\/latamjournalismreview.org\\\/es\\\/articles\\\/procuraduria-colombiana-abre-investigacion-contra-canal-publico-por-cobertura-de-destitucion-de-alcalde-de-bogota\\\/#breadcrumb\",\"itemListElement\":[{\"@type\":\"ListItem\",\"position\":1,\"name\":\"Home\",\"item\":\"https:\\\/\\\/latamjournalismreview.org\\\/es\\\/\"},{\"@type\":\"ListItem\",\"position\":2,\"name\":\"Procuradur\u00eda colombiana abre investigaci\u00f3n contra canal p\u00fablico por cobertura de destituci\u00f3n de alcalde de Bogot\u00e1\"}]},{\"@type\":\"WebSite\",\"@id\":\"https:\\\/\\\/latamjournalismreview.org\\\/es\\\/#website\",\"url\":\"https:\\\/\\\/latamjournalismreview.org\\\/es\\\/\",\"name\":\"LatAm Journalism Review\",\"description\":\"Knight Center at The University of Texas\",\"publisher\":{\"@id\":\"https:\\\/\\\/latamjournalismreview.org\\\/es\\\/#organization\"},\"potentialAction\":[{\"@type\":\"SearchAction\",\"target\":{\"@type\":\"EntryPoint\",\"urlTemplate\":\"https:\\\/\\\/latamjournalismreview.org\\\/es\\\/?s={search_term_string}\"},\"query-input\":{\"@type\":\"PropertyValueSpecification\",\"valueRequired\":true,\"valueName\":\"search_term_string\"}}],\"inLanguage\":\"es\"},{\"@type\":\"Organization\",\"@id\":\"https:\\\/\\\/latamjournalismreview.org\\\/es\\\/#organization\",\"name\":\"LatAm Journalism Review\",\"url\":\"https:\\\/\\\/latamjournalismreview.org\\\/es\\\/\",\"logo\":{\"@type\":\"ImageObject\",\"inLanguage\":\"es\",\"@id\":\"https:\\\/\\\/latamjournalismreview.org\\\/es\\\/#\\\/schema\\\/logo\\\/image\\\/\",\"url\":\"https:\\\/\\\/latamjournalismreview.org\\\/wp-content\\\/uploads\\\/2020\\\/05\\\/knight-latAm-review-logo.svg\",\"contentUrl\":\"https:\\\/\\\/latamjournalismreview.org\\\/wp-content\\\/uploads\\\/2020\\\/05\\\/knight-latAm-review-logo.svg\",\"width\":\"1024\",\"height\":\"1024\",\"caption\":\"LatAm Journalism Review\"},\"image\":{\"@id\":\"https:\\\/\\\/latamjournalismreview.org\\\/es\\\/#\\\/schema\\\/logo\\\/image\\\/\"},\"sameAs\":[\"https:\\\/\\\/x.com\\\/LatAmJournalism\"]},{\"@type\":\"Person\",\"@id\":\"https:\\\/\\\/latamjournalismreview.org\\\/es\\\/#\\\/schema\\\/person\\\/6c325fd0fef0cd167424c683e6577e19\",\"name\":\"Knight Center\",\"url\":\"https:\\\/\\\/latamjournalismreview.org\\\/es\\\/articles\\\/author\\\/knight-center\\\/\"}]}<\/script>\n<!-- \/ Yoast SEO Premium plugin. -->","yoast_head_json":{"title":"Procuradur\u00eda colombiana abre investigaci\u00f3n contra canal p\u00fablico por cobertura de destituci\u00f3n de alcalde de Bogot\u00e1 - LatAm Journalism Review","description":"Procuradur\u00eda colombiana abre investigaci\u00f3n contra canal p\u00fablico por cobertura de destituci\u00f3n de alcalde de Bogot\u00e1 Libertad de prensa. Latin American Journalism Review by The Knight Center at The University of Texas at Austin.","robots":{"index":"index","follow":"follow","max-snippet":"max-snippet:-1","max-image-preview":"max-image-preview:large","max-video-preview":"max-video-preview:-1"},"canonical":"https:\/\/latamjournalismreview.org\/es\/articles\/procuraduria-colombiana-abre-investigacion-contra-canal-publico-por-cobertura-de-destitucion-de-alcalde-de-bogota\/","og_locale":"es_ES","og_type":"article","og_title":"Procuradur\u00eda colombiana abre investigaci\u00f3n contra canal p\u00fablico por cobertura de destituci\u00f3n de alcalde de Bogot\u00e1","og_description":"Procuradur\u00eda colombiana abre investigaci\u00f3n contra canal p\u00fablico por cobertura de destituci\u00f3n de alcalde de Bogot\u00e1 Libertad de prensa. Latin American Journalism Review by The Knight Center at The University of Texas at Austin.","og_url":"https:\/\/latamjournalismreview.org\/es\/articles\/procuraduria-colombiana-abre-investigacion-contra-canal-publico-por-cobertura-de-destitucion-de-alcalde-de-bogota\/","og_site_name":"LatAm Journalism Review","article_published_time":"2014-03-04T21:07:32+00:00","article_modified_time":"2021-11-18T19:24:53+00:00","author":"Knight Center","twitter_card":"summary_large_image","twitter_creator":"@LatAmJournalism","twitter_site":"@LatAmJournalism","twitter_misc":{"Written by":"Knight Center","Est. reading time":"4 minutos"},"schema":{"@context":"https:\/\/schema.org","@graph":[{"@type":"Article","@id":"https:\/\/latamjournalismreview.org\/es\/articles\/procuraduria-colombiana-abre-investigacion-contra-canal-publico-por-cobertura-de-destitucion-de-alcalde-de-bogota\/#article","isPartOf":{"@id":"https:\/\/latamjournalismreview.org\/es\/articles\/procuraduria-colombiana-abre-investigacion-contra-canal-publico-por-cobertura-de-destitucion-de-alcalde-de-bogota\/"},"author":{"name":"Knight Center","@id":"https:\/\/latamjournalismreview.org\/es\/#\/schema\/person\/6c325fd0fef0cd167424c683e6577e19"},"headline":"Procuradur\u00eda colombiana abre investigaci\u00f3n contra canal p\u00fablico por cobertura de destituci\u00f3n de alcalde de Bogot\u00e1","datePublished":"2014-03-04T21:07:32+00:00","dateModified":"2021-11-18T19:24:53+00:00","mainEntityOfPage":{"@id":"https:\/\/latamjournalismreview.org\/es\/articles\/procuraduria-colombiana-abre-investigacion-contra-canal-publico-por-cobertura-de-destitucion-de-alcalde-de-bogota\/"},"wordCount":719,"publisher":{"@id":"https:\/\/latamjournalismreview.org\/es\/#organization"},"keywords":["Colombia"],"articleSection":["Libertad de prensa"],"inLanguage":"es"},{"@type":"WebPage","@id":"https:\/\/latamjournalismreview.org\/es\/articles\/procuraduria-colombiana-abre-investigacion-contra-canal-publico-por-cobertura-de-destitucion-de-alcalde-de-bogota\/","url":"https:\/\/latamjournalismreview.org\/es\/articles\/procuraduria-colombiana-abre-investigacion-contra-canal-publico-por-cobertura-de-destitucion-de-alcalde-de-bogota\/","name":"Procuradur\u00eda colombiana abre investigaci\u00f3n contra canal p\u00fablico por cobertura de destituci\u00f3n de alcalde de Bogot\u00e1 - LatAm Journalism Review","isPartOf":{"@id":"https:\/\/latamjournalismreview.org\/es\/#website"},"datePublished":"2014-03-04T21:07:32+00:00","dateModified":"2021-11-18T19:24:53+00:00","description":"Procuradur\u00eda colombiana abre investigaci\u00f3n contra canal p\u00fablico por cobertura de destituci\u00f3n de alcalde de Bogot\u00e1 Libertad de prensa. Latin American Journalism Review by The Knight Center at The University of Texas at Austin.","breadcrumb":{"@id":"https:\/\/latamjournalismreview.org\/es\/articles\/procuraduria-colombiana-abre-investigacion-contra-canal-publico-por-cobertura-de-destitucion-de-alcalde-de-bogota\/#breadcrumb"},"inLanguage":"es","potentialAction":[{"@type":"ReadAction","target":["https:\/\/latamjournalismreview.org\/es\/articles\/procuraduria-colombiana-abre-investigacion-contra-canal-publico-por-cobertura-de-destitucion-de-alcalde-de-bogota\/"]}]},{"@type":"BreadcrumbList","@id":"https:\/\/latamjournalismreview.org\/es\/articles\/procuraduria-colombiana-abre-investigacion-contra-canal-publico-por-cobertura-de-destitucion-de-alcalde-de-bogota\/#breadcrumb","itemListElement":[{"@type":"ListItem","position":1,"name":"Home","item":"https:\/\/latamjournalismreview.org\/es\/"},{"@type":"ListItem","position":2,"name":"Procuradur\u00eda colombiana abre investigaci\u00f3n contra canal p\u00fablico por cobertura de destituci\u00f3n de alcalde de Bogot\u00e1"}]},{"@type":"WebSite","@id":"https:\/\/latamjournalismreview.org\/es\/#website","url":"https:\/\/latamjournalismreview.org\/es\/","name":"LatAm Journalism Review","description":"Knight Center at The University of Texas","publisher":{"@id":"https:\/\/latamjournalismreview.org\/es\/#organization"},"potentialAction":[{"@type":"SearchAction","target":{"@type":"EntryPoint","urlTemplate":"https:\/\/latamjournalismreview.org\/es\/?s={search_term_string}"},"query-input":{"@type":"PropertyValueSpecification","valueRequired":true,"valueName":"search_term_string"}}],"inLanguage":"es"},{"@type":"Organization","@id":"https:\/\/latamjournalismreview.org\/es\/#organization","name":"LatAm Journalism Review","url":"https:\/\/latamjournalismreview.org\/es\/","logo":{"@type":"ImageObject","inLanguage":"es","@id":"https:\/\/latamjournalismreview.org\/es\/#\/schema\/logo\/image\/","url":"https:\/\/latamjournalismreview.org\/wp-content\/uploads\/2020\/05\/knight-latAm-review-logo.svg","contentUrl":"https:\/\/latamjournalismreview.org\/wp-content\/uploads\/2020\/05\/knight-latAm-review-logo.svg","width":"1024","height":"1024","caption":"LatAm Journalism Review"},"image":{"@id":"https:\/\/latamjournalismreview.org\/es\/#\/schema\/logo\/image\/"},"sameAs":["https:\/\/x.com\/LatAmJournalism"]},{"@type":"Person","@id":"https:\/\/latamjournalismreview.org\/es\/#\/schema\/person\/6c325fd0fef0cd167424c683e6577e19","name":"Knight Center","url":"https:\/\/latamjournalismreview.org\/es\/articles\/author\/knight-center\/"}]}},"_links":{"self":[{"href":"https:\/\/latamjournalismreview.org\/es\/wp-json\/wp\/v2\/posts\/42412","targetHints":{"allow":["GET"]}}],"collection":[{"href":"https:\/\/latamjournalismreview.org\/es\/wp-json\/wp\/v2\/posts"}],"about":[{"href":"https:\/\/latamjournalismreview.org\/es\/wp-json\/wp\/v2\/types\/post"}],"author":[{"embeddable":true,"href":"https:\/\/latamjournalismreview.org\/es\/wp-json\/wp\/v2\/users\/22"}],"replies":[{"embeddable":true,"href":"https:\/\/latamjournalismreview.org\/es\/wp-json\/wp\/v2\/comments?post=42412"}],"version-history":[{"count":1,"href":"https:\/\/latamjournalismreview.org\/es\/wp-json\/wp\/v2\/posts\/42412\/revisions"}],"predecessor-version":[{"id":42413,"href":"https:\/\/latamjournalismreview.org\/es\/wp-json\/wp\/v2\/posts\/42412\/revisions\/42413"}],"wp:attachment":[{"href":"https:\/\/latamjournalismreview.org\/es\/wp-json\/wp\/v2\/media?parent=42412"}],"wp:term":[{"taxonomy":"category","embeddable":true,"href":"https:\/\/latamjournalismreview.org\/es\/wp-json\/wp\/v2\/categories?post=42412"},{"taxonomy":"post_tag","embeddable":true,"href":"https:\/\/latamjournalismreview.org\/es\/wp-json\/wp\/v2\/tags?post=42412"},{"taxonomy":"author","embeddable":true,"href":"https:\/\/latamjournalismreview.org\/es\/wp-json\/wp\/v2\/coauthors?post=42412"}],"curies":[{"name":"wp","href":"https:\/\/api.w.org\/{rel}","templated":true}]}}