{"id":43037,"date":"2016-03-22T10:46:37","date_gmt":"2016-03-22T15:46:37","guid":{"rendered":"https:\/\/latamjournalismreview.org\/?p=43037"},"modified":"2021-11-24T10:47:32","modified_gmt":"2021-11-24T15:47:32","slug":"actualizacion-despues-de-15-anos-segundo-exparamilitar-condenado-por-crimenes-contra-la-periodista-colombiana-jineth-bedoya","status":"publish","type":"post","link":"https:\/\/latamjournalismreview.org\/es\/articles\/actualizacion-despues-de-15-anos-segundo-exparamilitar-condenado-por-crimenes-contra-la-periodista-colombiana-jineth-bedoya\/","title":{"rendered":"ACTUALIZACI\u00d3N: Despu\u00e9s de 15 a\u00f1os, segundo exparamilitar condenado por cr\u00edmenes contra la periodista colombiana Jineth Bedoya"},"content":{"rendered":"<p><strong>Actualizaci\u00f3n (marzo 21 de 2016):<\/strong>\u00a0Un exparamilitar colombiano acusado del secuestro, tortura y violaci\u00f3n de la periodista Jineth Bedoya Lima, ocurrido en mayo de 2000,\u00a0<a href=\"http:\/\/www.eltiempo.com\/politica\/justicia\/condenan-a-28-anos-de-carcel-a-expara-por-ataque-a-jineth-bedoya\/16540527\" target=\"_blank\" rel=\"noopener\">fue condenado a 28 a\u00f1os de prisi\u00f3n<\/a>.<\/p>\n<p>Mario Jaimes Mej\u00eda, alias \u2018El Panadero\u2019, quien acept\u00f3 los cargos en su contra el 2 de febrero, recibi\u00f3 la sentencia este 18 de marzo.<\/p>\n<p>\u00c9sta se trata de la segunda sentencia en el caso de Bedoya.<\/p>\n<p>El 25 de febrero, Alejandro C\u00e1rdenas Orozco, alias \u2018JJ\u2019,\u00a0<a href=\"https:\/\/knightcenter.utexas.edu\/es\/blog\/00-16745-primera-sentencia-en-caso-de-secuestro-y-tortura-de-la-periodista-colombiana-jineth-be\" target=\"_blank\" rel=\"noopener\">fue condenado a 11 a\u00f1os y cinco meses de prisi\u00f3n<\/a>\u00a0por su su papel en el secuestro y la tortura de la periodista.<\/p>\n<p>\u201c<a href=\"https:\/\/cpj.org\/2016\/03\/in-colombia-second-attacker-sentenced-in-jineth-be.php#more\" target=\"_blank\" rel=\"noopener\">Despu\u00e9s de una batalla de 15 a\u00f1os contra la impunidad<\/a>, esta segunda sentencia es otro significativo paso adelante en la lucha de Jineth Bedoya Lima por por justicia\u201d, dijo Carlos Laur\u00eda, coordinador s\u00e9nior del programa de las Am\u00e9ricas del Comit\u00e9 para la Protecci\u00f3n de los Periodistas, de acuerdo con un comunicado de prensa de la organizaci\u00f3n. \u201cHacemos un llamado a las autoridades para que contin\u00faen en su b\u00fasqueda de justicia al condenar a todos los responsables\u201d.<\/p>\n<p><strong>Nota original (febrero 2 de 2016):<\/strong>\u00a0Tras 15 a\u00f1os del secuestro, tortura y abuso sexual de la periodista colombiana\u00a0<a href=\"https:\/\/twitter.com\/jbedoyalima\" target=\"_blank\" rel=\"noopener\">Jineth Bedoya Lima<\/a>\u00a0por primera vez uno de los acusados, Mario Jaimes Mej\u00eda alias \u2018El Panadero\u2019, acept\u00f3 los cargos que le imputaba la Fiscal\u00eda General de la Naci\u00f3n en una audiencia que tuvo lugar este 2 de febrero, informaron varios medios locales y la propia periodista.<\/p>\n<p>\u201cTras 15 a\u00f1os logr\u00e9 que el primero de mis victimarios reconociera mi secuestr\u00f3, tortura y violaci\u00f3n. No es su victoria! Es de las v\u00edctimas!!!\u00a0<em>[sic]<\/em>\u201d,escribi\u00f3 Bedoya en\u00a0<a href=\"https:\/\/twitter.com\/jbedoyalima\" target=\"_blank\" rel=\"noopener\">su cuenta de Twitter<\/a>.<\/p>\n<p>Desde hace un a\u00f1o, Jaimes Mej\u00eda, un\u00a0exjefe de la organizaci\u00f3n paramilitar Autodefensas Unidas de Colombia, hab\u00eda\u00a0<a href=\"http:\/\/flip.org.co\/es\/content\/una-victoria-para-jineth-bedoya-y-las-mujeres-v%C3%ADctimas-alias-%E2%80%98el-panadero%E2%80%99-acept%C3%B3-acusaci%C3%B3n\" target=\"_blank\" rel=\"noopener\">sido llamado a juicio por la Fiscal\u00eda<\/a>, pero el proceso no hab\u00eda avanzado debido a \u201caplazamientos injustificados\u201d, seg\u00fan la Fundaci\u00f3n para la Libertad de Prensa (FLIP).<\/p>\n<p>Sin embargo, en esta oportunidad Jaimes Mej\u00eda\u00a0<a href=\"http:\/\/www.semana.com\/nacion\/articulo\/jineth-bedoya-atacante-el-panadero-le-pidio-perdon\/459004\" target=\"_blank\" rel=\"noopener\">no solo acept\u00f3 los cargos sino que le pidi\u00f3 perd\u00f3n a la periodista<\/a>, inform\u00f3 la revista\u00a0<em>Semana<\/em>.<\/p>\n<p>El 25 de mayo de 2000,\u00a0<a href=\"https:\/\/knightcenter.utexas.edu\/es\/blog\/00-11407-agresion-y-abuso-sexual-periodista-colombiana-son-declarados-delitos-de-lesa-humanidad\" target=\"_blank\" rel=\"noopener\">Bedoya Lima fue secuestrada a la entrada de la c\u00e1rcel La Modelo de Bogot\u00e1<\/a>\u00a0a donde hab\u00eda llegado para realizar una entrevista. De acuerdo con la Fiscal\u00eda,\u00a0<a href=\"http:\/\/www.eltiempo.com\/politica\/justicia\/juicio-contra-el-panadero-caso-jineth-bedoya\/16498119\" target=\"_blank\" rel=\"noopener\">alias 'El Panadero' habr\u00eda participado en la reuni\u00f3n en donde se plane\u00f3 el secuestro de la periodista<\/a>. Dicha reuni\u00f3n tuvo lugar en esta c\u00e1rcel y fue organizada por los desaparecidos jefes paramilitares Jos\u00e9 Miguel Arroyabe Ruiz y \u00c1ngel Custodio Gait\u00e1n, inform\u00f3 el diario\u00a0<em>El Tiempo<\/em>.<\/p>\n<p>Incluso fue el mismo\u00a0Jaimes Mej\u00eda\u00a0<a href=\"http:\/\/www.elespectador.com\/noticias\/judicial\/alias-el-panadero-acepto-cargos-secuestro-y-tortura-de-articulo-614248\" target=\"_blank\" rel=\"noopener\">quien la contact\u00f3 para realizar la entrevista en el centro carcelario<\/a>, inform\u00f3 el diario\u00a0<em>El Espectador<\/em>.<\/p>\n<p>Para el momento de los hechos, Bedoya Lima realizaba una\u00a0<a href=\"http:\/\/www.elespectador.com\/noticias\/judicial\/alias-el-panadero-acepto-cargos-secuestro-y-tortura-de-articulo-614248\" target=\"_blank\" rel=\"noopener\">investigaci\u00f3n sobre la muerte de 26 internos en la c\u00e1rcel La Modelo de Bogot\u00e1 y su relaci\u00f3n con el tr\u00e1fico de armas<\/a>\u00a0dentro del centro penitencial. Un\u00a0<a href=\"http:\/\/www.elespectador.com\/noticias\/investigacion\/andanzas-judiciales-del-panadero-articulo-578095\" target=\"_blank\" rel=\"noopener\">negocio que manejaban los paramilitares recluidos en el lugar<\/a>, public\u00f3\u00a0<em>El Espectador<\/em>.<\/p>\n<p>No obstante, en la entrada de la c\u00e1rcel la\u00a0<a href=\"https:\/\/knightcenter.utexas.edu\/es\/blog\/00-11407-agresion-y-abuso-sexual-periodista-colombiana-son-declarados-delitos-de-lesa-humanidad\" target=\"_blank\" rel=\"noopener\">reportera\u00a0<\/a><a href=\"https:\/\/knightcenter.utexas.edu\/es\/blog\/00-11407-agresion-y-abuso-sexual-periodista-colombiana-son-declarados-delitos-de-lesa-humanidad\" target=\"_blank\" rel=\"noopener\">fue interceptada y secuestrada durante 16 horas, golpeada, amenazada de muerte y abusada\u00a0sexualmente<\/a>. Luego de estos\u00a0vej\u00e1menes\u00a0fue abandonada cerca de la ciudad de\u00a0Villavicencio, departamento del Meta (regi\u00f3n central de Colombia).<\/p>\n<p>En la audiencia del 2 de febrero, alias \u2018El Panadero\u2019 reconoci\u00f3 que estos hechos buscaban \u201ccallar\u201d a la periodistas por las denuncias que ven\u00eda haciendo sobre corrupci\u00f3n en las c\u00e1rceles, inform\u00f3\u00a0<em>El Espectador<\/em>.<\/p>\n<p>En septiembre de 2012,\u00a0<a href=\"https:\/\/knightcenter.utexas.edu\/es\/blog\/00-11407-agresion-y-abuso-sexual-periodista-colombiana-son-declarados-delitos-de-lesa-humanidad\" target=\"_blank\" rel=\"noopener\">los delitos de los que fue v\u00edctima Bedoya Lima fueron declarados como cr\u00edmenes de lesa humanidad<\/a>\u00a0enmarcados en un contexto de violencia sistem\u00e1tica contra la prensa en Colombia. En su momento la Fiscal\u00eda reconoci\u00f3 que \u201clos ataques a los periodistas fueron recurrentes como m\u00e9todo de guerra con el fin de acallar la voz de quienes se atrevieron a exponer ante la opini\u00f3n p\u00fablica los desafueros y violaciones del paramilitarismo\u201d.<\/p>\n<p>Precisamente por tratarse de cr\u00edmenes de lesa humanidad, tanto la Fiscal\u00eda como el abogado de la periodista y director ejecutivo de la FLIP, Pedro Vaca,\u00a0<a href=\"http:\/\/www.eltiempo.com\/politica\/justicia\/juicio-contra-el-panadero-caso-jineth-bedoya\/16498119\" target=\"_blank\" rel=\"noopener\">solicitaron que se dicte\u00a0la pena m\u00e1xima<\/a>\u00a0y que no haya reducci\u00f3n de condena.<\/p>\n<p>\u201cSolo nos resta pedirle al juez que tiene este proceso que obre en justicia\u201d, dijo por su parte Bedoya\u00a0en un mensaje a trav\u00e9s de Periscope. \u201cQue entienda que el reconocimiento por parte de un criminal, que durante 15 a\u00f1os neg\u00f3 la verdad y que hoy decide aceptarla, no merece una rebaja de penas,\u00a0<a href=\"https:\/\/www.periscope.tv\/w\/1OwxWZOLWwjJQ?hootPostID=375bd72ea800aa8f947f418368f23e89\" target=\"_blank\" rel=\"noopener\">merece que la justicia tenga una respuesta efectiva y tenga una respuesta dura frente a los cr\u00edmenes de lesa humanidad<\/a>\u00a0como lo es la violencia sexual\u201d.<\/p>\n<p>En este mensaje de casi cinco minutos,\u00a0Bedoya\u00a0tambi\u00e9n agradeci\u00f3 el apoyo que ha recibido en su \u201clucha\u201d de m\u00e1s de 15 a\u00f1os, pero especialmente agradeci\u00f3 a las otras \u201csobrevivientes\u201d que tambi\u00e9n han contado su historia. Sin embargo, fue enf\u00e1tica en declarar que la verdad sobre su caso todav\u00eda no se conoce y por eso invit\u00f3 a la comunidad a seguir luchando por \u00e9sta.<\/p>\n<p>\u201cEste es el camino. Seguir buscando la verdad. La verdad es lo \u00fanico que puede restablecer los derechos en nuestro pa\u00eds, la verdad es lo \u00fanico que nos puede llevar realmente a sanar. Y este es un momento hist\u00f3rico de Colombia\u201d.<\/p>\n<p>Por\u00a0<a href=\"http:\/\/www.semana.com\/nacion\/articulo\/jineth-bedoya-atacante-el-panadero-le-pidio-perdon\/459004\" target=\"_blank\" rel=\"noopener\">su crimen todav\u00eda hay procesos abiertos<\/a>\u00a0en contra de los\u00a0exparamilitares\u00a0Alejandro C\u00e1rdenas Orozco, alias \u2018JJ\u2019, y\u00a0Jes\u00fas Emiro Pereira Rivero, report\u00f3 Semana.<\/p>\n<p>En junio de 2015,\u00a0<a href=\"https:\/\/knightcenter.utexas.edu\/es\/blog\/00-16112-protestan-por-liberacion-de-paramilitar-acusado-de-secuestrar-la-periodista-colombiana\" target=\"_blank\" rel=\"noopener\">C\u00e1rdenas Orozco recobr\u00f3 su libertad luego de que un juez determinara que no hab\u00eda evidencias para continuar con la investigaci\u00f3n en su contra<\/a>. Tras la indignaci\u00f3n que esta decisi\u00f3n gener\u00f3, el Fiscal General del pa\u00eds orden\u00f3 su recaptura.<\/p>\n<p>Por falta de justicia en su caso,\u00a0<a href=\"https:\/\/knightcenter.utexas.edu\/es\/blog\/periodista-agredida-sexualmente-demanda-por-falta-de-justicia-colombia-ante-comision-interameri\" target=\"_blank\" rel=\"noopener\">Bedoya Lima demand\u00f3\u00a0al Estado colombiano ante la\u00a0Comisi\u00f3n\u00a0Interamericana de Derechos Humanos<\/a>\u00a0(CIDH) en 2011. En 2014, fue publicado el\u00a0<a href=\"http:\/\/www.oas.org\/es\/cidh\/decisiones\/2014\/COAD779-11ES.pdf\" target=\"_blank\" rel=\"noopener\">informe de\u00a0<\/a><a href=\"http:\/\/www.oas.org\/es\/cidh\/decisiones\/2014\/COAD779-11ES.pdf\" target=\"_blank\" rel=\"noopener\">admisiblidad<\/a>.<\/p>\n<p><em>Nota del editor: Esta historia fue publicada originalmente en el blog Periodismo en las Am\u00e9ricas del Centro Knight, el predecesor de LatAm Journalism Review.<\/em><\/p>\n","protected":false},"excerpt":{"rendered":"<p>Actualizaci\u00f3n (marzo 21 de 2016):\u00a0Un exparamilitar colombiano acusado del secuestro, tortura y violaci\u00f3n de la periodista Jineth Bedoya Lima, ocurrido en mayo de 2000,\u00a0fue condenado a 28 a\u00f1os de prisi\u00f3n.<\/p>\n<p>Mario Jaimes Mej\u00eda, alias \u2018El Panadero\u2019, quien acept\u00f3 los cargos en su contra el 2 de febrero, recibi\u00f3 la sentencia este 18 de marzo.<\/p>\n","protected":false},"author":13,"featured_media":0,"comment_status":"closed","ping_status":"closed","sticky":false,"template":"","format":"standard","meta":{"inline_featured_image":false,"footnotes":""},"categories":[1222],"tags":[1395],"coauthors":[],"class_list":["post-43037","post","type-post","status-publish","format-standard","hentry","category-violencia-contra-periodistas-es","tag-colombia-es-2"],"acf":[],"yoast_head":"<!-- This site is optimized with the Yoast SEO Premium plugin v22.6 (Yoast SEO v27.4) - https:\/\/yoast.com\/product\/yoast-seo-premium-wordpress\/ -->\n<title>ACTUALIZACI\u00d3N: Despu\u00e9s de 15 a\u00f1os, segundo exparamilitar condenado por cr\u00edmenes contra la periodista colombiana Jineth Bedoya - LatAm Journalism Review<\/title>\n<meta name=\"description\" content=\"ACTUALIZACI\u00d3N: Despu\u00e9s de 15 a\u00f1os, segundo exparamilitar condenado por cr\u00edmenes contra la periodista colombiana Jineth Bedoya Violencia contra periodistas. Latin American Journalism Review by The Knight Center at The University of Texas at Austin.\" \/>\n<meta name=\"robots\" content=\"index, follow, max-snippet:-1, max-image-preview:large, max-video-preview:-1\" \/>\n<link rel=\"canonical\" href=\"https:\/\/latamjournalismreview.org\/es\/articles\/actualizacion-despues-de-15-anos-segundo-exparamilitar-condenado-por-crimenes-contra-la-periodista-colombiana-jineth-bedoya\/\" \/>\n<meta property=\"og:locale\" content=\"es_ES\" \/>\n<meta property=\"og:type\" content=\"article\" \/>\n<meta property=\"og:title\" content=\"ACTUALIZACI\u00d3N: Despu\u00e9s de 15 a\u00f1os, segundo exparamilitar condenado por cr\u00edmenes contra la periodista colombiana Jineth Bedoya\" \/>\n<meta property=\"og:description\" content=\"ACTUALIZACI\u00d3N: Despu\u00e9s de 15 a\u00f1os, segundo exparamilitar condenado por cr\u00edmenes contra la periodista colombiana Jineth Bedoya Violencia contra periodistas. Latin American Journalism Review by The Knight Center at The University of Texas at Austin.\" \/>\n<meta property=\"og:url\" content=\"https:\/\/latamjournalismreview.org\/es\/articles\/actualizacion-despues-de-15-anos-segundo-exparamilitar-condenado-por-crimenes-contra-la-periodista-colombiana-jineth-bedoya\/\" \/>\n<meta property=\"og:site_name\" content=\"LatAm Journalism Review\" \/>\n<meta property=\"article:published_time\" content=\"2016-03-22T15:46:37+00:00\" \/>\n<meta property=\"article:modified_time\" content=\"2021-11-24T15:47:32+00:00\" \/>\n<meta name=\"author\" content=\"Silvia Higuera\" \/>\n<meta name=\"twitter:card\" content=\"summary_large_image\" \/>\n<meta name=\"twitter:creator\" content=\"@shiguerita\" \/>\n<meta name=\"twitter:site\" content=\"@LatAmJournalism\" \/>\n<meta name=\"twitter:label1\" content=\"Written by\" \/>\n\t<meta name=\"twitter:data1\" content=\"Silvia Higuera\" \/>\n\t<meta name=\"twitter:label2\" content=\"Est. reading time\" \/>\n\t<meta name=\"twitter:data2\" content=\"5 minutos\" \/>\n<script type=\"application\/ld+json\" class=\"yoast-schema-graph\">{\"@context\":\"https:\\\/\\\/schema.org\",\"@graph\":[{\"@type\":\"Article\",\"@id\":\"https:\\\/\\\/latamjournalismreview.org\\\/es\\\/articles\\\/actualizacion-despues-de-15-anos-segundo-exparamilitar-condenado-por-crimenes-contra-la-periodista-colombiana-jineth-bedoya\\\/#article\",\"isPartOf\":{\"@id\":\"https:\\\/\\\/latamjournalismreview.org\\\/es\\\/articles\\\/actualizacion-despues-de-15-anos-segundo-exparamilitar-condenado-por-crimenes-contra-la-periodista-colombiana-jineth-bedoya\\\/\"},\"author\":{\"name\":\"Silvia Higuera\",\"@id\":\"https:\\\/\\\/latamjournalismreview.org\\\/es\\\/#\\\/schema\\\/person\\\/eac7baa6afada0957e047be9fc15703a\"},\"headline\":\"ACTUALIZACI\u00d3N: Despu\u00e9s de 15 a\u00f1os, segundo exparamilitar condenado por cr\u00edmenes contra la periodista colombiana Jineth Bedoya\",\"datePublished\":\"2016-03-22T15:46:37+00:00\",\"dateModified\":\"2021-11-24T15:47:32+00:00\",\"mainEntityOfPage\":{\"@id\":\"https:\\\/\\\/latamjournalismreview.org\\\/es\\\/articles\\\/actualizacion-despues-de-15-anos-segundo-exparamilitar-condenado-por-crimenes-contra-la-periodista-colombiana-jineth-bedoya\\\/\"},\"wordCount\":1063,\"publisher\":{\"@id\":\"https:\\\/\\\/latamjournalismreview.org\\\/es\\\/#organization\"},\"keywords\":[\"Colombia\"],\"articleSection\":[\"Violencia contra periodistas\"],\"inLanguage\":\"es\"},{\"@type\":\"WebPage\",\"@id\":\"https:\\\/\\\/latamjournalismreview.org\\\/es\\\/articles\\\/actualizacion-despues-de-15-anos-segundo-exparamilitar-condenado-por-crimenes-contra-la-periodista-colombiana-jineth-bedoya\\\/\",\"url\":\"https:\\\/\\\/latamjournalismreview.org\\\/es\\\/articles\\\/actualizacion-despues-de-15-anos-segundo-exparamilitar-condenado-por-crimenes-contra-la-periodista-colombiana-jineth-bedoya\\\/\",\"name\":\"ACTUALIZACI\u00d3N: Despu\u00e9s de 15 a\u00f1os, segundo exparamilitar condenado por cr\u00edmenes contra la periodista colombiana Jineth Bedoya - LatAm Journalism Review\",\"isPartOf\":{\"@id\":\"https:\\\/\\\/latamjournalismreview.org\\\/es\\\/#website\"},\"datePublished\":\"2016-03-22T15:46:37+00:00\",\"dateModified\":\"2021-11-24T15:47:32+00:00\",\"description\":\"ACTUALIZACI\u00d3N: Despu\u00e9s de 15 a\u00f1os, segundo exparamilitar condenado por cr\u00edmenes contra la periodista colombiana Jineth Bedoya Violencia contra periodistas. Latin American Journalism Review by The Knight Center at The University of Texas at Austin.\",\"breadcrumb\":{\"@id\":\"https:\\\/\\\/latamjournalismreview.org\\\/es\\\/articles\\\/actualizacion-despues-de-15-anos-segundo-exparamilitar-condenado-por-crimenes-contra-la-periodista-colombiana-jineth-bedoya\\\/#breadcrumb\"},\"inLanguage\":\"es\",\"potentialAction\":[{\"@type\":\"ReadAction\",\"target\":[\"https:\\\/\\\/latamjournalismreview.org\\\/es\\\/articles\\\/actualizacion-despues-de-15-anos-segundo-exparamilitar-condenado-por-crimenes-contra-la-periodista-colombiana-jineth-bedoya\\\/\"]}]},{\"@type\":\"BreadcrumbList\",\"@id\":\"https:\\\/\\\/latamjournalismreview.org\\\/es\\\/articles\\\/actualizacion-despues-de-15-anos-segundo-exparamilitar-condenado-por-crimenes-contra-la-periodista-colombiana-jineth-bedoya\\\/#breadcrumb\",\"itemListElement\":[{\"@type\":\"ListItem\",\"position\":1,\"name\":\"Home\",\"item\":\"https:\\\/\\\/latamjournalismreview.org\\\/es\\\/\"},{\"@type\":\"ListItem\",\"position\":2,\"name\":\"ACTUALIZACI\u00d3N: Despu\u00e9s de 15 a\u00f1os, segundo exparamilitar condenado por cr\u00edmenes contra la periodista colombiana Jineth Bedoya\"}]},{\"@type\":\"WebSite\",\"@id\":\"https:\\\/\\\/latamjournalismreview.org\\\/es\\\/#website\",\"url\":\"https:\\\/\\\/latamjournalismreview.org\\\/es\\\/\",\"name\":\"LatAm Journalism Review\",\"description\":\"Knight Center at The University of Texas\",\"publisher\":{\"@id\":\"https:\\\/\\\/latamjournalismreview.org\\\/es\\\/#organization\"},\"potentialAction\":[{\"@type\":\"SearchAction\",\"target\":{\"@type\":\"EntryPoint\",\"urlTemplate\":\"https:\\\/\\\/latamjournalismreview.org\\\/es\\\/?s={search_term_string}\"},\"query-input\":{\"@type\":\"PropertyValueSpecification\",\"valueRequired\":true,\"valueName\":\"search_term_string\"}}],\"inLanguage\":\"es\"},{\"@type\":\"Organization\",\"@id\":\"https:\\\/\\\/latamjournalismreview.org\\\/es\\\/#organization\",\"name\":\"LatAm Journalism Review\",\"url\":\"https:\\\/\\\/latamjournalismreview.org\\\/es\\\/\",\"logo\":{\"@type\":\"ImageObject\",\"inLanguage\":\"es\",\"@id\":\"https:\\\/\\\/latamjournalismreview.org\\\/es\\\/#\\\/schema\\\/logo\\\/image\\\/\",\"url\":\"https:\\\/\\\/latamjournalismreview.org\\\/wp-content\\\/uploads\\\/2020\\\/05\\\/knight-latAm-review-logo.svg\",\"contentUrl\":\"https:\\\/\\\/latamjournalismreview.org\\\/wp-content\\\/uploads\\\/2020\\\/05\\\/knight-latAm-review-logo.svg\",\"width\":\"1024\",\"height\":\"1024\",\"caption\":\"LatAm Journalism Review\"},\"image\":{\"@id\":\"https:\\\/\\\/latamjournalismreview.org\\\/es\\\/#\\\/schema\\\/logo\\\/image\\\/\"},\"sameAs\":[\"https:\\\/\\\/x.com\\\/LatAmJournalism\"]},{\"@type\":\"Person\",\"@id\":\"https:\\\/\\\/latamjournalismreview.org\\\/es\\\/#\\\/schema\\\/person\\\/eac7baa6afada0957e047be9fc15703a\",\"name\":\"Silvia Higuera\",\"description\":\"Silvia A. Higuera Fl\u00f3rez is a Colombian journalist interested in covering Latin American issues and human rights, especially the right to freedom of expression, and investigative journalism. She studied Social Communication and Journalism at Universidad Pontificia Bolivariana in Bucaramanga (Colombia), and received her Master's of Arts in Journalism from the University of Texas at Austin in 2015. She worked with the Office of the Special Rapporteur for Freedom of Expression of the Inter-American Commission on Human Rights (IACHR) under the Orlando Sierra fellowship during 2014. She also worked for the Colombian newspaper Vanguardia Liberal and wrote for different magazines about local, economic and public order issues. Her work has also appeared in The Miami Herald and El Nuevo Herald of Miami. Email: silvia.knightcenter@gmail.com Silvia A. Higuera Fl\u00f3rez es una periodista colombiana con inter\u00e9s period\u00edstico es Am\u00e9rica Latina y los derechos humanos, particularmente el derecho a la libertad de expresi\u00f3n, as\u00ed como el periodismo de investigaci\u00f3n. Estudi\u00f3 Comunicaci\u00f3n Social \u2013 Periodismo en la Universidad Pontificia Bolivariana de Bucaramanga (Colombia), y recibi\u00f3 su maestr\u00eda en Periodismo en la Universidad de Texas, en Austin en 2015. Trabaj\u00f3 para la Relator\u00eda Especial para la Libertad de Expresi\u00f3n de la Comisi\u00f3n Interamericana de Derechos Humanos (CIDH) en el marco de la beca Orlando Sierra, durante 2014. Tambi\u00e9n hizo parte del diario Vanguardia Liberal y escribi\u00f3 para otras revistas colombianas cubriendo fuentes locales, econ\u00f3micas y judiciales. Algunos de sus trabajos han aparecido en The Miami Herald y El Nuevo Herald de Miami. Silvia A. Higuera Fl\u00f3rez \u00e9 uma jornalista colombiana e seu interesse jornal\u00edstico \u00e9 a Am\u00e9rica Latina e os direitos humanos, nomeadamente o direito \u00e0 liberdade de express\u00e3o. Estudou Comunica\u00e7\u00e3o Social \u2013 Jornalismo na Universidade Pontif\u00edcia Bolivariana de Bucaramanga, na Col\u00f4mbia e completou seu mestrado em jornalismo na Universidade do Texas em Austin. Silvia trabalhou na Relatoria para a Liberdade de Express\u00e3o da CIDH pela bolsa Orlando Sierra, em 2014. Trabalhou para o jornal Vanguardia Liberal e escreveu para outras revistas colombianas cobrindo temas locais, econ\u00f4micas e judici\u00e1rias. Alguns de seus trabalhos apareceram no The Miami Herald e no El Nuevo Herald de Miami.\",\"sameAs\":[\"https:\\\/\\\/x.com\\\/shiguerita\"],\"url\":\"https:\\\/\\\/latamjournalismreview.org\\\/es\\\/articles\\\/author\\\/silvia-higuera\\\/\"}]}<\/script>\n<!-- \/ Yoast SEO Premium plugin. -->","yoast_head_json":{"title":"ACTUALIZACI\u00d3N: Despu\u00e9s de 15 a\u00f1os, segundo exparamilitar condenado por cr\u00edmenes contra la periodista colombiana Jineth Bedoya - LatAm Journalism Review","description":"ACTUALIZACI\u00d3N: Despu\u00e9s de 15 a\u00f1os, segundo exparamilitar condenado por cr\u00edmenes contra la periodista colombiana Jineth Bedoya Violencia contra periodistas. Latin American Journalism Review by The Knight Center at The University of Texas at Austin.","robots":{"index":"index","follow":"follow","max-snippet":"max-snippet:-1","max-image-preview":"max-image-preview:large","max-video-preview":"max-video-preview:-1"},"canonical":"https:\/\/latamjournalismreview.org\/es\/articles\/actualizacion-despues-de-15-anos-segundo-exparamilitar-condenado-por-crimenes-contra-la-periodista-colombiana-jineth-bedoya\/","og_locale":"es_ES","og_type":"article","og_title":"ACTUALIZACI\u00d3N: Despu\u00e9s de 15 a\u00f1os, segundo exparamilitar condenado por cr\u00edmenes contra la periodista colombiana Jineth Bedoya","og_description":"ACTUALIZACI\u00d3N: Despu\u00e9s de 15 a\u00f1os, segundo exparamilitar condenado por cr\u00edmenes contra la periodista colombiana Jineth Bedoya Violencia contra periodistas. Latin American Journalism Review by The Knight Center at The University of Texas at Austin.","og_url":"https:\/\/latamjournalismreview.org\/es\/articles\/actualizacion-despues-de-15-anos-segundo-exparamilitar-condenado-por-crimenes-contra-la-periodista-colombiana-jineth-bedoya\/","og_site_name":"LatAm Journalism Review","article_published_time":"2016-03-22T15:46:37+00:00","article_modified_time":"2021-11-24T15:47:32+00:00","author":"Silvia Higuera","twitter_card":"summary_large_image","twitter_creator":"@shiguerita","twitter_site":"@LatAmJournalism","twitter_misc":{"Written by":"Silvia Higuera","Est. reading time":"5 minutos"},"schema":{"@context":"https:\/\/schema.org","@graph":[{"@type":"Article","@id":"https:\/\/latamjournalismreview.org\/es\/articles\/actualizacion-despues-de-15-anos-segundo-exparamilitar-condenado-por-crimenes-contra-la-periodista-colombiana-jineth-bedoya\/#article","isPartOf":{"@id":"https:\/\/latamjournalismreview.org\/es\/articles\/actualizacion-despues-de-15-anos-segundo-exparamilitar-condenado-por-crimenes-contra-la-periodista-colombiana-jineth-bedoya\/"},"author":{"name":"Silvia Higuera","@id":"https:\/\/latamjournalismreview.org\/es\/#\/schema\/person\/eac7baa6afada0957e047be9fc15703a"},"headline":"ACTUALIZACI\u00d3N: Despu\u00e9s de 15 a\u00f1os, segundo exparamilitar condenado por cr\u00edmenes contra la periodista colombiana Jineth Bedoya","datePublished":"2016-03-22T15:46:37+00:00","dateModified":"2021-11-24T15:47:32+00:00","mainEntityOfPage":{"@id":"https:\/\/latamjournalismreview.org\/es\/articles\/actualizacion-despues-de-15-anos-segundo-exparamilitar-condenado-por-crimenes-contra-la-periodista-colombiana-jineth-bedoya\/"},"wordCount":1063,"publisher":{"@id":"https:\/\/latamjournalismreview.org\/es\/#organization"},"keywords":["Colombia"],"articleSection":["Violencia contra periodistas"],"inLanguage":"es"},{"@type":"WebPage","@id":"https:\/\/latamjournalismreview.org\/es\/articles\/actualizacion-despues-de-15-anos-segundo-exparamilitar-condenado-por-crimenes-contra-la-periodista-colombiana-jineth-bedoya\/","url":"https:\/\/latamjournalismreview.org\/es\/articles\/actualizacion-despues-de-15-anos-segundo-exparamilitar-condenado-por-crimenes-contra-la-periodista-colombiana-jineth-bedoya\/","name":"ACTUALIZACI\u00d3N: Despu\u00e9s de 15 a\u00f1os, segundo exparamilitar condenado por cr\u00edmenes contra la periodista colombiana Jineth Bedoya - LatAm Journalism Review","isPartOf":{"@id":"https:\/\/latamjournalismreview.org\/es\/#website"},"datePublished":"2016-03-22T15:46:37+00:00","dateModified":"2021-11-24T15:47:32+00:00","description":"ACTUALIZACI\u00d3N: Despu\u00e9s de 15 a\u00f1os, segundo exparamilitar condenado por cr\u00edmenes contra la periodista colombiana Jineth Bedoya Violencia contra periodistas. Latin American Journalism Review by The Knight Center at The University of Texas at Austin.","breadcrumb":{"@id":"https:\/\/latamjournalismreview.org\/es\/articles\/actualizacion-despues-de-15-anos-segundo-exparamilitar-condenado-por-crimenes-contra-la-periodista-colombiana-jineth-bedoya\/#breadcrumb"},"inLanguage":"es","potentialAction":[{"@type":"ReadAction","target":["https:\/\/latamjournalismreview.org\/es\/articles\/actualizacion-despues-de-15-anos-segundo-exparamilitar-condenado-por-crimenes-contra-la-periodista-colombiana-jineth-bedoya\/"]}]},{"@type":"BreadcrumbList","@id":"https:\/\/latamjournalismreview.org\/es\/articles\/actualizacion-despues-de-15-anos-segundo-exparamilitar-condenado-por-crimenes-contra-la-periodista-colombiana-jineth-bedoya\/#breadcrumb","itemListElement":[{"@type":"ListItem","position":1,"name":"Home","item":"https:\/\/latamjournalismreview.org\/es\/"},{"@type":"ListItem","position":2,"name":"ACTUALIZACI\u00d3N: Despu\u00e9s de 15 a\u00f1os, segundo exparamilitar condenado por cr\u00edmenes contra la periodista colombiana Jineth Bedoya"}]},{"@type":"WebSite","@id":"https:\/\/latamjournalismreview.org\/es\/#website","url":"https:\/\/latamjournalismreview.org\/es\/","name":"LatAm Journalism Review","description":"Knight Center at The University of Texas","publisher":{"@id":"https:\/\/latamjournalismreview.org\/es\/#organization"},"potentialAction":[{"@type":"SearchAction","target":{"@type":"EntryPoint","urlTemplate":"https:\/\/latamjournalismreview.org\/es\/?s={search_term_string}"},"query-input":{"@type":"PropertyValueSpecification","valueRequired":true,"valueName":"search_term_string"}}],"inLanguage":"es"},{"@type":"Organization","@id":"https:\/\/latamjournalismreview.org\/es\/#organization","name":"LatAm Journalism Review","url":"https:\/\/latamjournalismreview.org\/es\/","logo":{"@type":"ImageObject","inLanguage":"es","@id":"https:\/\/latamjournalismreview.org\/es\/#\/schema\/logo\/image\/","url":"https:\/\/latamjournalismreview.org\/wp-content\/uploads\/2020\/05\/knight-latAm-review-logo.svg","contentUrl":"https:\/\/latamjournalismreview.org\/wp-content\/uploads\/2020\/05\/knight-latAm-review-logo.svg","width":"1024","height":"1024","caption":"LatAm Journalism Review"},"image":{"@id":"https:\/\/latamjournalismreview.org\/es\/#\/schema\/logo\/image\/"},"sameAs":["https:\/\/x.com\/LatAmJournalism"]},{"@type":"Person","@id":"https:\/\/latamjournalismreview.org\/es\/#\/schema\/person\/eac7baa6afada0957e047be9fc15703a","name":"Silvia Higuera","description":"Silvia A. Higuera Fl\u00f3rez is a Colombian journalist interested in covering Latin American issues and human rights, especially the right to freedom of expression, and investigative journalism. She studied Social Communication and Journalism at Universidad Pontificia Bolivariana in Bucaramanga (Colombia), and received her Master's of Arts in Journalism from the University of Texas at Austin in 2015. She worked with the Office of the Special Rapporteur for Freedom of Expression of the Inter-American Commission on Human Rights (IACHR) under the Orlando Sierra fellowship during 2014. She also worked for the Colombian newspaper Vanguardia Liberal and wrote for different magazines about local, economic and public order issues. Her work has also appeared in The Miami Herald and El Nuevo Herald of Miami. Email: silvia.knightcenter@gmail.com Silvia A. Higuera Fl\u00f3rez es una periodista colombiana con inter\u00e9s period\u00edstico es Am\u00e9rica Latina y los derechos humanos, particularmente el derecho a la libertad de expresi\u00f3n, as\u00ed como el periodismo de investigaci\u00f3n. Estudi\u00f3 Comunicaci\u00f3n Social \u2013 Periodismo en la Universidad Pontificia Bolivariana de Bucaramanga (Colombia), y recibi\u00f3 su maestr\u00eda en Periodismo en la Universidad de Texas, en Austin en 2015. Trabaj\u00f3 para la Relator\u00eda Especial para la Libertad de Expresi\u00f3n de la Comisi\u00f3n Interamericana de Derechos Humanos (CIDH) en el marco de la beca Orlando Sierra, durante 2014. Tambi\u00e9n hizo parte del diario Vanguardia Liberal y escribi\u00f3 para otras revistas colombianas cubriendo fuentes locales, econ\u00f3micas y judiciales. Algunos de sus trabajos han aparecido en The Miami Herald y El Nuevo Herald de Miami. Silvia A. Higuera Fl\u00f3rez \u00e9 uma jornalista colombiana e seu interesse jornal\u00edstico \u00e9 a Am\u00e9rica Latina e os direitos humanos, nomeadamente o direito \u00e0 liberdade de express\u00e3o. Estudou Comunica\u00e7\u00e3o Social \u2013 Jornalismo na Universidade Pontif\u00edcia Bolivariana de Bucaramanga, na Col\u00f4mbia e completou seu mestrado em jornalismo na Universidade do Texas em Austin. Silvia trabalhou na Relatoria para a Liberdade de Express\u00e3o da CIDH pela bolsa Orlando Sierra, em 2014. Trabalhou para o jornal Vanguardia Liberal e escreveu para outras revistas colombianas cobrindo temas locais, econ\u00f4micas e judici\u00e1rias. Alguns de seus trabalhos apareceram no The Miami Herald e no El Nuevo Herald de Miami.","sameAs":["https:\/\/x.com\/shiguerita"],"url":"https:\/\/latamjournalismreview.org\/es\/articles\/author\/silvia-higuera\/"}]}},"_links":{"self":[{"href":"https:\/\/latamjournalismreview.org\/es\/wp-json\/wp\/v2\/posts\/43037","targetHints":{"allow":["GET"]}}],"collection":[{"href":"https:\/\/latamjournalismreview.org\/es\/wp-json\/wp\/v2\/posts"}],"about":[{"href":"https:\/\/latamjournalismreview.org\/es\/wp-json\/wp\/v2\/types\/post"}],"author":[{"embeddable":true,"href":"https:\/\/latamjournalismreview.org\/es\/wp-json\/wp\/v2\/users\/13"}],"replies":[{"embeddable":true,"href":"https:\/\/latamjournalismreview.org\/es\/wp-json\/wp\/v2\/comments?post=43037"}],"version-history":[{"count":1,"href":"https:\/\/latamjournalismreview.org\/es\/wp-json\/wp\/v2\/posts\/43037\/revisions"}],"predecessor-version":[{"id":43039,"href":"https:\/\/latamjournalismreview.org\/es\/wp-json\/wp\/v2\/posts\/43037\/revisions\/43039"}],"wp:attachment":[{"href":"https:\/\/latamjournalismreview.org\/es\/wp-json\/wp\/v2\/media?parent=43037"}],"wp:term":[{"taxonomy":"category","embeddable":true,"href":"https:\/\/latamjournalismreview.org\/es\/wp-json\/wp\/v2\/categories?post=43037"},{"taxonomy":"post_tag","embeddable":true,"href":"https:\/\/latamjournalismreview.org\/es\/wp-json\/wp\/v2\/tags?post=43037"},{"taxonomy":"author","embeddable":true,"href":"https:\/\/latamjournalismreview.org\/es\/wp-json\/wp\/v2\/coauthors?post=43037"}],"curies":[{"name":"wp","href":"https:\/\/api.w.org\/{rel}","templated":true}]}}